{"id":155378,"date":"2024-11-15T13:58:06","date_gmt":"2024-11-15T13:58:06","guid":{"rendered":"https:\/\/raed.academy\/?p=155378"},"modified":"2024-11-15T13:58:06","modified_gmt":"2024-11-15T13:58:06","slug":"el-garrofer-un-arbre-amb-molt-de-futur","status":"publish","type":"post","link":"https:\/\/raed.academy\/ca\/el-garrofer-un-arbre-amb-molt-de-futur\/","title":{"rendered":"El garrofer, un arbre amb molt de futur"},"content":{"rendered":"<div id=\"attachment_155283\" style=\"width: 534px\" class=\"wp-caption aligncenter\"><img loading=\"lazy\" decoding=\"async\" aria-describedby=\"caption-attachment-155283\" class=\"wp-image-155283 \" src=\"https:\/\/raed.academy\/wp-content\/uploads\/2024\/11\/Josep-Maria-Franquet.webp\" alt=\"Dr. Josep Maria Franquet\" width=\"524\" height=\"314\" srcset=\"https:\/\/raed.academy\/wp-content\/uploads\/2024\/11\/Josep-Maria-Franquet.webp 600w, https:\/\/raed.academy\/wp-content\/uploads\/2024\/11\/Josep-Maria-Franquet-440x264.webp 440w\" sizes=\"(max-width: 524px) 100vw, 524px\" \/><p id=\"caption-attachment-155283\" class=\"wp-caption-text\">Dr. Josep Maria Franquet<\/p><\/div>\n<p><img loading=\"lazy\" decoding=\"async\" class=\"alignright wp-image-155293\" src=\"https:\/\/raed.academy\/wp-content\/uploads\/2024\/11\/portada-El-algarrobo-por-Josep-Maria-Franquet.webp\" alt=\"\" width=\"334\" height=\"472\" \/><a href=\"https:\/\/raed.academy\/ca\/academics\/dr-josep-maria-franquet-bernis\/\" target=\"_blank\" rel=\"noopener\"><em><strong>Josep Maria Franquet<\/strong><\/em><\/a>, professor de la<strong> Universitat Nacional d&#8217;Educaci\u00f3 a Dist\u00e0ncia<\/strong> i de la <strong>Universitat Internacional de Catalunya<\/strong> i acad\u00e8mic de n\u00famero de la <strong>Reial Acad\u00e8mia Europea de Doctors-Barcelona 1914<\/strong> (RAED) s&#8217;ha proclamat guanyador de la 53a edici\u00f3 del <strong>Premi del Llibre Agrari<\/strong> per la seva obra <strong>&#8220;El algarrobo&#8221;<\/strong>, on compendia l&#8217;an\u00e0lisi del sector de la garrofa des d&#8217;una perspectiva hist\u00f2rica i t\u00e8cnica, b\u00e0sicament relacionada amb temes econ\u00f2mics i comercials, bot\u00e0nics, ecol\u00f2gics, de tecnologia del cultiu, de la industrialitzaci\u00f3 i de les aplicacions aliment\u00e0ries del fruit, a m\u00e9s dels reptes i perspectives de futur del garrofer espanyol dins un m\u00f3n globalitzat.<\/p>\n<p>&#8220;El algarrobo&#8221; (Onada), que ha escrit juntament amb el tamb\u00e9 expert <strong>Joan Tous<\/strong>, s&#8217;inicia amb uns antecedents sobre l&#8217;origen, la distribuci\u00f3 i la domesticaci\u00f3 de l&#8217;esp\u00e8cie, en qu\u00e8 es recull la hist\u00f2ria del cultiu i de la producci\u00f3 de garrofa i els seus derivats al llarg de les diferents civilitzacions que han colonitzat les zones del Llevant peninsular, les illes Balears i el sud-est d&#8217;Espanya. A aix\u00f2 s&#8217;hi afegeixen diferents aspectes: els de tipus econ\u00f2mic i de mercat, industrial i tecnol\u00f2gic.<\/p>\n<p>El jurat destaca que l&#8217;obra, centrada en el cultiu d&#8217;aquest arbre a Catalunya, recull la import\u00e0ncia econ\u00f2mica i hist\u00f2rica (ja des de l&#8217;edat mitjana) del garrofer, un arbre que s&#8217;adapta perfectament al clima mediterrani, que suporta for\u00e7a b\u00e9 la sequera i les fortes ventoleres i que \u00e9s molt resistent a les plagues i malalties. La garrofa t\u00e9 molt de poder energ\u00e8tic, ja que \u00e9s alta en prote\u00efnes, i els seus derivats, la farina i l&#8217;oli, serveixen per produir xocolata i altres aliments, c\u00e0psules de medicaments, espessidors i cosm\u00e8tics. Igualment, es fan servir per alimentar el bestiar. El jurat tamb\u00e9 ha incidit que \u00e9s el primer llibre d&#8217;aquest \u00e0mbit publicat a Espanya.<\/p>\n<p>Franquet \u00e9s autor d&#8217;una quarantena de llibres o monografies en mat\u00e8ria d&#8217;agricultura, construcci\u00f3, hidr\u00e0ulica, planificaci\u00f3 territorial, climatologia, piscicultura, topografia, matem\u00e0tiques i economia, entre d&#8217;altres, aix\u00ed com nombrosos articles i notes t\u00e8cniques. \u00c9s autor de nombrosos poemes i obres d&#8217;altres g\u00e8neres literaris, tant en espanyol com en catal\u00e0. Entre aquestes creacions destaquen el llibre <strong>&#8220;L&#8217;immortal i altres poemes&#8221;<\/strong>, el conte infantil <strong>&#8220;La nana de Sara&#8221;<\/strong> o l&#8217;obra costumista <strong>&#8220;Trenta-tres jotes tortosines&#8221;<\/strong>. Altres obres destacades s\u00f3n <strong>&#8220;Descobreix els sentits&#8221;<\/strong>, <strong>&#8220;\u00c0lbum familiar&#8221;<\/strong> o <strong>&#8220;Ramon l&#8217;immortal&#8221;<\/strong>. Al costat de <strong>Juan Mingorance<\/strong> va publicar el poemari <strong>&#8220;Sonetos a d\u00fao&#8221;<\/strong>.<\/p>\n<div id=\"attachment_155290\" style=\"width: 610px\" class=\"wp-caption aligncenter\"><img loading=\"lazy\" decoding=\"async\" aria-describedby=\"caption-attachment-155290\" class=\"wp-image-155290 size-full\" src=\"https:\/\/raed.academy\/wp-content\/uploads\/2024\/11\/arbol-algarrobo-no-atrib-pixabay.com-dst.webp\" alt=\"\u00c1rbol algarrobo\" width=\"600\" height=\"360\" srcset=\"https:\/\/raed.academy\/wp-content\/uploads\/2024\/11\/arbol-algarrobo-no-atrib-pixabay.com-dst.webp 600w, https:\/\/raed.academy\/wp-content\/uploads\/2024\/11\/arbol-algarrobo-no-atrib-pixabay.com-dst-440x264.webp 440w\" sizes=\"(max-width: 600px) 100vw, 600px\" \/><p id=\"caption-attachment-155290\" class=\"wp-caption-text\">Garrofer. Imatge de <a href=\"https:\/\/pixabay.com\/es\/users\/dimitrisvetsikas1969-1857980\/?utm_source=link-attribution&amp;utm_medium=referral&amp;utm_campaign=image&amp;utm_content=5801406\">Dimitris Vetsikas<\/a> a <a href=\"https:\/\/pixabay.com\/es\/\/?utm_source=link-attribution&amp;utm_medium=referral&amp;utm_campaign=image&amp;utm_content=5801406\">Pixabay<\/a><\/p><\/div>\n","protected":false},"excerpt":{"rendered":"<p>Josep Maria Franquet proclamat guanyador de la 53a edici\u00f3 del Premi del Llibre Agrari per la seva obra &#8220;El garrofer&#8221;, on compendia l&#8217;an\u00e0lisi del sector de la garrofa des d&#8217;una perspectiva hist\u00f2rica i t\u00e8cnica<\/p>\n","protected":false},"author":12,"featured_media":155291,"comment_status":"closed","ping_status":"closed","sticky":false,"template":"","format":"standard","meta":{"_et_pb_use_builder":"","_et_pb_old_content":"","_et_gb_content_width":"","footnotes":""},"categories":[237,332,233,242,404,310,168],"tags":[],"class_list":["post-155378","post","type-post","status-publish","format-standard","has-post-thumbnail","hentry","category-alimentacio-i-nutricio","category-biologia-ca","category-economiques-i-empresarials","category-categ-historia","category-historia-nacional-ca","category-medi-ambient","category-premis-distincions-i-nomenaments","et-has-post-format-content","et_post_format-et-post-format-standard"],"yoast_head":"<!-- This site is optimized with the Yoast SEO plugin v27.4 - https:\/\/yoast.com\/product\/yoast-seo-wordpress\/ -->\n<title>El garrofer, un arbre amb molt de futur - Reial Acad\u00e8mia Europea de Doctors<\/title>\n<meta name=\"description\" content=\"Josep Maria Franquet proclamat guanyador de la 53a edici\u00f3 del Premi del Llibre Agrari per la seva obra &quot;El garrofer&quot;, on compendia l&#039;an\u00e0lisi del sector de la garrofa\" \/>\n<meta name=\"robots\" content=\"index, follow, max-snippet:-1, max-image-preview:large, max-video-preview:-1\" \/>\n<link rel=\"canonical\" href=\"https:\/\/raed.academy\/ca\/el-garrofer-un-arbre-amb-molt-de-futur\/\" \/>\n<meta property=\"og:locale\" content=\"ca_ES\" \/>\n<meta property=\"og:type\" content=\"article\" \/>\n<meta property=\"og:title\" content=\"El garrofer, un arbre amb molt de futur - Reial Acad\u00e8mia Europea de Doctors\" \/>\n<meta property=\"og:description\" content=\"Josep Maria Franquet proclamat guanyador de la 53a edici\u00f3 del Premi del Llibre Agrari per la seva obra &quot;El garrofer&quot;, on compendia l&#039;an\u00e0lisi del sector de la garrofa\" \/>\n<meta property=\"og:url\" content=\"https:\/\/raed.academy\/ca\/el-garrofer-un-arbre-amb-molt-de-futur\/\" \/>\n<meta property=\"og:site_name\" content=\"Reial Acad\u00e8mia Europea de Doctors\" \/>\n<meta property=\"article:publisher\" content=\"http:\/\/fb.me\/raed.academy\" \/>\n<meta property=\"article:published_time\" content=\"2024-11-15T13:58:06+00:00\" \/>\n<meta property=\"og:image\" content=\"https:\/\/raed.academy\/wp-content\/uploads\/2024\/11\/arbol-algarrobo-no-atrib-pixabay.com-dst.webp\" \/>\n\t<meta property=\"og:image:width\" content=\"600\" \/>\n\t<meta property=\"og:image:height\" content=\"360\" \/>\n\t<meta property=\"og:image:type\" content=\"image\/webp\" \/>\n<meta name=\"author\" content=\"RAED\" \/>\n<meta name=\"twitter:card\" content=\"summary_large_image\" \/>\n<meta name=\"twitter:creator\" content=\"@raedacademy\" \/>\n<meta name=\"twitter:site\" content=\"@raedacademy\" \/>\n<meta name=\"twitter:label1\" content=\"Written by\" \/>\n\t<meta name=\"twitter:data1\" content=\"RAED\" \/>\n\t<meta name=\"twitter:label2\" content=\"Est. reading time\" \/>\n\t<meta name=\"twitter:data2\" content=\"3 minutes\" \/>\n<script type=\"application\/ld+json\" class=\"yoast-schema-graph\">{\"@context\":\"https:\\\/\\\/schema.org\",\"@graph\":[{\"@type\":\"Article\",\"@id\":\"https:\\\/\\\/raed.academy\\\/ca\\\/el-garrofer-un-arbre-amb-molt-de-futur\\\/#article\",\"isPartOf\":{\"@id\":\"https:\\\/\\\/raed.academy\\\/ca\\\/el-garrofer-un-arbre-amb-molt-de-futur\\\/\"},\"author\":{\"name\":\"RAED\",\"@id\":\"https:\\\/\\\/raed.academy\\\/ca\\\/#\\\/schema\\\/person\\\/5a755da80d1d979fd66ba745c8702927\"},\"headline\":\"El garrofer, un arbre amb molt de futur\",\"datePublished\":\"2024-11-15T13:58:06+00:00\",\"mainEntityOfPage\":{\"@id\":\"https:\\\/\\\/raed.academy\\\/ca\\\/el-garrofer-un-arbre-amb-molt-de-futur\\\/\"},\"wordCount\":474,\"publisher\":{\"@id\":\"https:\\\/\\\/raed.academy\\\/ca\\\/#organization\"},\"image\":{\"@id\":\"https:\\\/\\\/raed.academy\\\/ca\\\/el-garrofer-un-arbre-amb-molt-de-futur\\\/#primaryimage\"},\"thumbnailUrl\":\"https:\\\/\\\/raed.academy\\\/wp-content\\\/uploads\\\/2024\\\/11\\\/arbol-algarrobo-no-atrib-pixabay.com-dst.webp\",\"articleSection\":[\"Alimentaci\u00f3 i nutrici\u00f3\",\"Biologia\",\"Econ\u00f2miques i Empresarials\",\"Hist\u00f2ria\",\"Hist\u00f2ria nacional\",\"Medi ambient\",\"Premis, distincions i nomenaments\"],\"inLanguage\":\"ca-ES\"},{\"@type\":\"WebPage\",\"@id\":\"https:\\\/\\\/raed.academy\\\/ca\\\/el-garrofer-un-arbre-amb-molt-de-futur\\\/\",\"url\":\"https:\\\/\\\/raed.academy\\\/ca\\\/el-garrofer-un-arbre-amb-molt-de-futur\\\/\",\"name\":\"El garrofer, un arbre amb molt de futur - Reial Acad\u00e8mia Europea de Doctors\",\"isPartOf\":{\"@id\":\"https:\\\/\\\/raed.academy\\\/ca\\\/#website\"},\"primaryImageOfPage\":{\"@id\":\"https:\\\/\\\/raed.academy\\\/ca\\\/el-garrofer-un-arbre-amb-molt-de-futur\\\/#primaryimage\"},\"image\":{\"@id\":\"https:\\\/\\\/raed.academy\\\/ca\\\/el-garrofer-un-arbre-amb-molt-de-futur\\\/#primaryimage\"},\"thumbnailUrl\":\"https:\\\/\\\/raed.academy\\\/wp-content\\\/uploads\\\/2024\\\/11\\\/arbol-algarrobo-no-atrib-pixabay.com-dst.webp\",\"datePublished\":\"2024-11-15T13:58:06+00:00\",\"description\":\"Josep Maria Franquet proclamat guanyador de la 53a edici\u00f3 del Premi del Llibre Agrari per la seva obra \\\"El garrofer\\\", on compendia l'an\u00e0lisi del sector de la garrofa\",\"breadcrumb\":{\"@id\":\"https:\\\/\\\/raed.academy\\\/ca\\\/el-garrofer-un-arbre-amb-molt-de-futur\\\/#breadcrumb\"},\"inLanguage\":\"ca-ES\",\"potentialAction\":[{\"@type\":\"ReadAction\",\"target\":[\"https:\\\/\\\/raed.academy\\\/ca\\\/el-garrofer-un-arbre-amb-molt-de-futur\\\/\"]}]},{\"@type\":\"ImageObject\",\"inLanguage\":\"ca-ES\",\"@id\":\"https:\\\/\\\/raed.academy\\\/ca\\\/el-garrofer-un-arbre-amb-molt-de-futur\\\/#primaryimage\",\"url\":\"https:\\\/\\\/raed.academy\\\/wp-content\\\/uploads\\\/2024\\\/11\\\/arbol-algarrobo-no-atrib-pixabay.com-dst.webp\",\"contentUrl\":\"https:\\\/\\\/raed.academy\\\/wp-content\\\/uploads\\\/2024\\\/11\\\/arbol-algarrobo-no-atrib-pixabay.com-dst.webp\",\"width\":600,\"height\":360},{\"@type\":\"BreadcrumbList\",\"@id\":\"https:\\\/\\\/raed.academy\\\/ca\\\/el-garrofer-un-arbre-amb-molt-de-futur\\\/#breadcrumb\",\"itemListElement\":[{\"@type\":\"ListItem\",\"position\":1,\"name\":\"Inicio\",\"item\":\"https:\\\/\\\/raed.academy\\\/ca\\\/\"},{\"@type\":\"ListItem\",\"position\":2,\"name\":\"El garrofer, un arbre amb molt de futur\"}]},{\"@type\":\"WebSite\",\"@id\":\"https:\\\/\\\/raed.academy\\\/ca\\\/#website\",\"url\":\"https:\\\/\\\/raed.academy\\\/ca\\\/\",\"name\":\"Reial Acad\u00e8mia Europea de Doctors\",\"description\":\"Corporaci\u00f3n de derecho p\u00fablico de car\u00e1cter cient\u00edfico, t\u00e9cnico y art\u00edstico, que tiene por objeto la investigaci\u00f3n, el estudio, el fomento y la extensi\u00f3n del conocimiento en su sentido m\u00e1s amplio\",\"publisher\":{\"@id\":\"https:\\\/\\\/raed.academy\\\/ca\\\/#organization\"},\"potentialAction\":[{\"@type\":\"SearchAction\",\"target\":{\"@type\":\"EntryPoint\",\"urlTemplate\":\"https:\\\/\\\/raed.academy\\\/ca\\\/?s={search_term_string}\"},\"query-input\":{\"@type\":\"PropertyValueSpecification\",\"valueRequired\":true,\"valueName\":\"search_term_string\"}}],\"inLanguage\":\"ca-ES\"},{\"@type\":\"Organization\",\"@id\":\"https:\\\/\\\/raed.academy\\\/ca\\\/#organization\",\"name\":\"Real Academia Europea de Doctores\",\"url\":\"https:\\\/\\\/raed.academy\\\/ca\\\/\",\"logo\":{\"@type\":\"ImageObject\",\"inLanguage\":\"ca-ES\",\"@id\":\"https:\\\/\\\/raed.academy\\\/ca\\\/#\\\/schema\\\/logo\\\/image\\\/\",\"url\":\"https:\\\/\\\/raed.academy\\\/wp-content\\\/uploads\\\/2017\\\/01\\\/cropped-logo_raed.png\",\"contentUrl\":\"https:\\\/\\\/raed.academy\\\/wp-content\\\/uploads\\\/2017\\\/01\\\/cropped-logo_raed.png\",\"width\":512,\"height\":512,\"caption\":\"Real Academia Europea de Doctores\"},\"image\":{\"@id\":\"https:\\\/\\\/raed.academy\\\/ca\\\/#\\\/schema\\\/logo\\\/image\\\/\"},\"sameAs\":[\"http:\\\/\\\/fb.me\\\/raed.academy\",\"https:\\\/\\\/x.com\\\/raedacademy\",\"https:\\\/\\\/www.instagram.com\\\/raed.academy\\\/\",\"https:\\\/\\\/www.youtube.com\\\/channel\\\/UCUYQwW2KrdirNWihxMDObwg\"]},{\"@type\":\"Person\",\"@id\":\"https:\\\/\\\/raed.academy\\\/ca\\\/#\\\/schema\\\/person\\\/5a755da80d1d979fd66ba745c8702927\",\"name\":\"RAED\",\"image\":{\"@type\":\"ImageObject\",\"inLanguage\":\"ca-ES\",\"@id\":\"https:\\\/\\\/secure.gravatar.com\\\/avatar\\\/19fdfdc0d67fb9c45714b703a2ac82251c4fcea3637f002ac3c9b74c0183583c?s=96&d=mm&r=g\",\"url\":\"https:\\\/\\\/secure.gravatar.com\\\/avatar\\\/19fdfdc0d67fb9c45714b703a2ac82251c4fcea3637f002ac3c9b74c0183583c?s=96&d=mm&r=g\",\"contentUrl\":\"https:\\\/\\\/secure.gravatar.com\\\/avatar\\\/19fdfdc0d67fb9c45714b703a2ac82251c4fcea3637f002ac3c9b74c0183583c?s=96&d=mm&r=g\",\"caption\":\"RAED\"}}]}<\/script>\n<!-- \/ Yoast SEO plugin. -->","yoast_head_json":{"title":"El garrofer, un arbre amb molt de futur - Reial Acad\u00e8mia Europea de Doctors","description":"Josep Maria Franquet proclamat guanyador de la 53a edici\u00f3 del Premi del Llibre Agrari per la seva obra \"El garrofer\", on compendia l'an\u00e0lisi del sector de la garrofa","robots":{"index":"index","follow":"follow","max-snippet":"max-snippet:-1","max-image-preview":"max-image-preview:large","max-video-preview":"max-video-preview:-1"},"canonical":"https:\/\/raed.academy\/ca\/el-garrofer-un-arbre-amb-molt-de-futur\/","og_locale":"ca_ES","og_type":"article","og_title":"El garrofer, un arbre amb molt de futur - Reial Acad\u00e8mia Europea de Doctors","og_description":"Josep Maria Franquet proclamat guanyador de la 53a edici\u00f3 del Premi del Llibre Agrari per la seva obra \"El garrofer\", on compendia l'an\u00e0lisi del sector de la garrofa","og_url":"https:\/\/raed.academy\/ca\/el-garrofer-un-arbre-amb-molt-de-futur\/","og_site_name":"Reial Acad\u00e8mia Europea de Doctors","article_publisher":"http:\/\/fb.me\/raed.academy","article_published_time":"2024-11-15T13:58:06+00:00","og_image":[{"width":600,"height":360,"url":"https:\/\/raed.academy\/wp-content\/uploads\/2024\/11\/arbol-algarrobo-no-atrib-pixabay.com-dst.webp","type":"image\/webp"}],"author":"RAED","twitter_card":"summary_large_image","twitter_creator":"@raedacademy","twitter_site":"@raedacademy","twitter_misc":{"Written by":"RAED","Est. reading time":"3 minutes"},"schema":{"@context":"https:\/\/schema.org","@graph":[{"@type":"Article","@id":"https:\/\/raed.academy\/ca\/el-garrofer-un-arbre-amb-molt-de-futur\/#article","isPartOf":{"@id":"https:\/\/raed.academy\/ca\/el-garrofer-un-arbre-amb-molt-de-futur\/"},"author":{"name":"RAED","@id":"https:\/\/raed.academy\/ca\/#\/schema\/person\/5a755da80d1d979fd66ba745c8702927"},"headline":"El garrofer, un arbre amb molt de futur","datePublished":"2024-11-15T13:58:06+00:00","mainEntityOfPage":{"@id":"https:\/\/raed.academy\/ca\/el-garrofer-un-arbre-amb-molt-de-futur\/"},"wordCount":474,"publisher":{"@id":"https:\/\/raed.academy\/ca\/#organization"},"image":{"@id":"https:\/\/raed.academy\/ca\/el-garrofer-un-arbre-amb-molt-de-futur\/#primaryimage"},"thumbnailUrl":"https:\/\/raed.academy\/wp-content\/uploads\/2024\/11\/arbol-algarrobo-no-atrib-pixabay.com-dst.webp","articleSection":["Alimentaci\u00f3 i nutrici\u00f3","Biologia","Econ\u00f2miques i Empresarials","Hist\u00f2ria","Hist\u00f2ria nacional","Medi ambient","Premis, distincions i nomenaments"],"inLanguage":"ca-ES"},{"@type":"WebPage","@id":"https:\/\/raed.academy\/ca\/el-garrofer-un-arbre-amb-molt-de-futur\/","url":"https:\/\/raed.academy\/ca\/el-garrofer-un-arbre-amb-molt-de-futur\/","name":"El garrofer, un arbre amb molt de futur - Reial Acad\u00e8mia Europea de Doctors","isPartOf":{"@id":"https:\/\/raed.academy\/ca\/#website"},"primaryImageOfPage":{"@id":"https:\/\/raed.academy\/ca\/el-garrofer-un-arbre-amb-molt-de-futur\/#primaryimage"},"image":{"@id":"https:\/\/raed.academy\/ca\/el-garrofer-un-arbre-amb-molt-de-futur\/#primaryimage"},"thumbnailUrl":"https:\/\/raed.academy\/wp-content\/uploads\/2024\/11\/arbol-algarrobo-no-atrib-pixabay.com-dst.webp","datePublished":"2024-11-15T13:58:06+00:00","description":"Josep Maria Franquet proclamat guanyador de la 53a edici\u00f3 del Premi del Llibre Agrari per la seva obra \"El garrofer\", on compendia l'an\u00e0lisi del sector de la garrofa","breadcrumb":{"@id":"https:\/\/raed.academy\/ca\/el-garrofer-un-arbre-amb-molt-de-futur\/#breadcrumb"},"inLanguage":"ca-ES","potentialAction":[{"@type":"ReadAction","target":["https:\/\/raed.academy\/ca\/el-garrofer-un-arbre-amb-molt-de-futur\/"]}]},{"@type":"ImageObject","inLanguage":"ca-ES","@id":"https:\/\/raed.academy\/ca\/el-garrofer-un-arbre-amb-molt-de-futur\/#primaryimage","url":"https:\/\/raed.academy\/wp-content\/uploads\/2024\/11\/arbol-algarrobo-no-atrib-pixabay.com-dst.webp","contentUrl":"https:\/\/raed.academy\/wp-content\/uploads\/2024\/11\/arbol-algarrobo-no-atrib-pixabay.com-dst.webp","width":600,"height":360},{"@type":"BreadcrumbList","@id":"https:\/\/raed.academy\/ca\/el-garrofer-un-arbre-amb-molt-de-futur\/#breadcrumb","itemListElement":[{"@type":"ListItem","position":1,"name":"Inicio","item":"https:\/\/raed.academy\/ca\/"},{"@type":"ListItem","position":2,"name":"El garrofer, un arbre amb molt de futur"}]},{"@type":"WebSite","@id":"https:\/\/raed.academy\/ca\/#website","url":"https:\/\/raed.academy\/ca\/","name":"Reial Acad\u00e8mia Europea de Doctors","description":"Corporaci\u00f3n de derecho p\u00fablico de car\u00e1cter cient\u00edfico, t\u00e9cnico y art\u00edstico, que tiene por objeto la investigaci\u00f3n, el estudio, el fomento y la extensi\u00f3n del conocimiento en su sentido m\u00e1s amplio","publisher":{"@id":"https:\/\/raed.academy\/ca\/#organization"},"potentialAction":[{"@type":"SearchAction","target":{"@type":"EntryPoint","urlTemplate":"https:\/\/raed.academy\/ca\/?s={search_term_string}"},"query-input":{"@type":"PropertyValueSpecification","valueRequired":true,"valueName":"search_term_string"}}],"inLanguage":"ca-ES"},{"@type":"Organization","@id":"https:\/\/raed.academy\/ca\/#organization","name":"Real Academia Europea de Doctores","url":"https:\/\/raed.academy\/ca\/","logo":{"@type":"ImageObject","inLanguage":"ca-ES","@id":"https:\/\/raed.academy\/ca\/#\/schema\/logo\/image\/","url":"https:\/\/raed.academy\/wp-content\/uploads\/2017\/01\/cropped-logo_raed.png","contentUrl":"https:\/\/raed.academy\/wp-content\/uploads\/2017\/01\/cropped-logo_raed.png","width":512,"height":512,"caption":"Real Academia Europea de Doctores"},"image":{"@id":"https:\/\/raed.academy\/ca\/#\/schema\/logo\/image\/"},"sameAs":["http:\/\/fb.me\/raed.academy","https:\/\/x.com\/raedacademy","https:\/\/www.instagram.com\/raed.academy\/","https:\/\/www.youtube.com\/channel\/UCUYQwW2KrdirNWihxMDObwg"]},{"@type":"Person","@id":"https:\/\/raed.academy\/ca\/#\/schema\/person\/5a755da80d1d979fd66ba745c8702927","name":"RAED","image":{"@type":"ImageObject","inLanguage":"ca-ES","@id":"https:\/\/secure.gravatar.com\/avatar\/19fdfdc0d67fb9c45714b703a2ac82251c4fcea3637f002ac3c9b74c0183583c?s=96&d=mm&r=g","url":"https:\/\/secure.gravatar.com\/avatar\/19fdfdc0d67fb9c45714b703a2ac82251c4fcea3637f002ac3c9b74c0183583c?s=96&d=mm&r=g","contentUrl":"https:\/\/secure.gravatar.com\/avatar\/19fdfdc0d67fb9c45714b703a2ac82251c4fcea3637f002ac3c9b74c0183583c?s=96&d=mm&r=g","caption":"RAED"}}]}},"_links":{"self":[{"href":"https:\/\/raed.academy\/ca\/wp-json\/wp\/v2\/posts\/155378","targetHints":{"allow":["GET"]}}],"collection":[{"href":"https:\/\/raed.academy\/ca\/wp-json\/wp\/v2\/posts"}],"about":[{"href":"https:\/\/raed.academy\/ca\/wp-json\/wp\/v2\/types\/post"}],"author":[{"embeddable":true,"href":"https:\/\/raed.academy\/ca\/wp-json\/wp\/v2\/users\/12"}],"replies":[{"embeddable":true,"href":"https:\/\/raed.academy\/ca\/wp-json\/wp\/v2\/comments?post=155378"}],"version-history":[{"count":0,"href":"https:\/\/raed.academy\/ca\/wp-json\/wp\/v2\/posts\/155378\/revisions"}],"wp:featuredmedia":[{"embeddable":true,"href":"https:\/\/raed.academy\/ca\/wp-json\/wp\/v2\/media\/155291"}],"wp:attachment":[{"href":"https:\/\/raed.academy\/ca\/wp-json\/wp\/v2\/media?parent=155378"}],"wp:term":[{"taxonomy":"category","embeddable":true,"href":"https:\/\/raed.academy\/ca\/wp-json\/wp\/v2\/categories?post=155378"},{"taxonomy":"post_tag","embeddable":true,"href":"https:\/\/raed.academy\/ca\/wp-json\/wp\/v2\/tags?post=155378"}],"curies":[{"name":"wp","href":"https:\/\/api.w.org\/{rel}","templated":true}]}}