{"id":154536,"date":"2024-11-01T13:14:29","date_gmt":"2024-11-01T13:14:29","guid":{"rendered":"https:\/\/raed.academy\/?p=154536"},"modified":"2024-11-01T13:14:29","modified_gmt":"2024-11-01T13:14:29","slug":"puigdemont-comin-i-el-fiscal-general-de-lestat","status":"publish","type":"post","link":"https:\/\/raed.academy\/ca\/puigdemont-comin-i-el-fiscal-general-de-lestat\/","title":{"rendered":"Puigdemont, Com\u00edn i el fiscal general de l&#8217;Estat"},"content":{"rendered":"<div id=\"attachment_116679\" style=\"width: 410px\" class=\"wp-caption aligncenter\"><img loading=\"lazy\" decoding=\"async\" aria-describedby=\"caption-attachment-116679\" class=\"wp-image-116679 size-full\" src=\"https:\/\/raed.academy\/wp-content\/uploads\/2022\/04\/Teresa-Freixes.webp\" alt=\"Teresa Freixes\" width=\"400\" height=\"308\" aria-describedby=\"caption-attachment-116679\" \/><p id=\"caption-attachment-116679\" class=\"wp-caption-text\">Dra. Teresa Freixes<\/p><\/div>\n<p><a href=\"https:\/\/raed.academy\/ca\/academics\/dra-teresa-freixes-sanjuan\/\" target=\"_blank\" rel=\"noopener\"><em><strong>Teresa Freixes<\/strong><\/em><\/a>, catedr\u00e0tica Jean Monnet ad personam, presidenta de l&#8217;organitzaci\u00f3 internacional <strong>Citizens pro Europe<\/strong> i acad\u00e8mica de n\u00famero i vicepresidenta de la <strong>Junta de Govern<\/strong> de la <strong>Reial Acad\u00e8mia Europea de Doctors-Barcelona 1914<\/strong> (RAED), reflexiona sobre aspectes clau de l&#8217;actualitat pol\u00edtica espanyola als articles <span class=\"TextRun SCXW240096281 BCX0\" lang=\"ES-ES\" xml:lang=\"ES-ES\" data-contrast=\"auto\"><span class=\"NormalTextRun SCXW240096281 BCX0\"><strong>&#8220;<\/strong><\/span><\/span><span class=\"TextRun SCXW240096281 BCX0\" lang=\"ES-ES\" xml:lang=\"ES-ES\" data-contrast=\"auto\"><span class=\"NormalTextRun SCXW240096281 BCX0\"><strong>El &#8216;caso Puigdemont&#8217; y el di\u00e1logo entre tribunales&#8221;<\/strong><\/span><\/span>, que va apar\u00e8ixer al diari digital <strong>The Objective<\/strong> el passat 12 d&#8217;octubre, i <span class=\"TextRun SCXW240096281 BCX0\" lang=\"ES-ES\" xml:lang=\"ES-ES\" data-contrast=\"auto\"><span class=\"NormalTextRun SCXW240096281 BCX0\"><strong>&#8220;<\/strong><\/span><\/span><span class=\"TextRun SCXW240096281 BCX0\" lang=\"ES-ES\" xml:lang=\"ES-ES\" data-contrast=\"auto\"><strong><span class=\"NormalTextRun SCXW240096281 BCX0\">La insoportable levedad de la <\/span><span class=\"ContextualSpellingAndGrammarError SCXW240096281 BCX0\">Fiscal\u00eda General<\/span><\/strong><span class=\"NormalTextRun SCXW240096281 BCX0\"><strong> del Estado&#8221;<\/strong><\/span><\/span>, publicat al portal <strong>Art\u00edculo 14<\/strong> el 29 d&#8217;octubre.<\/p>\n<p>A &#8220;El &#8216;caso Puigdemont&#8217; y el di\u00e1logo entre tribunales&#8221;, l&#8217;acad\u00e8mica refereix dues sent\u00e8ncies recents en qu\u00e8 el <strong>Tribunal de Just\u00edcia de la Uni\u00f3 Europea<\/strong> deixa clar que el dret s\u00ed que pot corregir les decisions pol\u00edtiques. En concret, les referides a l&#8217;acord agr\u00edcola i pesquer de la Uni\u00f3 Europea amb el Marroc i la concessi\u00f3 d&#8217;asil pol\u00edtic a les dones afganeses que ho sol\u00b7licitin. En aquesta mateixa l\u00ednia, el tribunal ha desestimat el recurs de cassaci\u00f3 de <strong>Carles Puigdemont<\/strong> i <strong>Toni Com\u00edn<\/strong>, i ha ratificat que no poden ser considerats diputats europeus. &#8220;L&#8217;Estat de dret preval en tot cas. De la mateixa manera que ha de prevaler en l&#8217;\u00e0mbit intern, at\u00e8s que, rebuda la sent\u00e8ncia del Tribunal de Just\u00edcia de la Uni\u00f3 Europea, Puigdemont i Com\u00edn centren ara el seu inter\u00e8s pel que pugui decidir el <strong>Tribunal Constitucional<\/strong> sobre la inaplicabilitat de la llei d&#8217;Amnistia, en concret del delicte de malversaci\u00f3, decidit pel <strong>Tribunal Suprem<\/strong> espanyol el 30 de setembre del 2024, ratificat en dues interlocut\u00f2ries separades malgrat els recursos interposats per les parts, el ministeri fiscal i l&#8217;<strong>Advocacia de l&#8217;Estat<\/strong>&#8220;, assenyala l&#8217;experta.<\/p>\n<p><img loading=\"lazy\" decoding=\"async\" class=\" wp-image-154559 alignright\" src=\"https:\/\/raed.academy\/wp-content\/uploads\/2024\/10\/Carles-Puigdemont-dst.webp\" sizes=\"(max-width: 563px) 100vw, 563px\" srcset=\"https:\/\/raed.academy\/wp-content\/uploads\/2024\/10\/Carles-Puigdemont-dst.webp 600w, https:\/\/raed.academy\/wp-content\/uploads\/2024\/10\/Carles-Puigdemont-dst-440x264.webp 440w\" alt=\"\" width=\"563\" height=\"338\" \/>Per la seva banda, a &#8220;La insoportable levedad de la Fiscal\u00eda General del Estado&#8221;, Freixes aborda la pol\u00e8mica figura del fiscal general de l&#8217;Estat. &#8220;Portem diversos anys amb nota negativa a l&#8217;<strong>Informe sobre l&#8217;Estat de Dret<\/strong> de la<strong> Comissi\u00f3 Europea<\/strong> amb relaci\u00f3 al fiscal general de l&#8217;Estat. Considera la Comissi\u00f3 que cal garantir la seva independ\u00e8ncia dels poders pol\u00edtics, especialment respecte del <strong>Govern<\/strong>, i que caldria que el seu mandat no coincid\u00eds amb el de la legislatura. Aquestes consideracions han anat caient en sac trencat, en un sac amb cada vegada m\u00e9s forats, que q\u00fcestionen de manera incontrovertible la imparcialitat i la independ\u00e8ncia que, com a instrucci\u00f3 integrada en el poder judicial per expr\u00e9s mandat constitucional, haurien de constituir el frontispici de la seva regulaci\u00f3 i la seva praxi&#8221;, inicia la jurista la seva argumentaci\u00f3.<\/p>\n<p>Per a la vicepresidenta de la RAED, caldria refor\u00e7ar la independ\u00e8ncia del fiscal general mitjan\u00e7ant algunes reformes al seu <strong>Estatut Fiscal<\/strong> i, sobretot, en un canvi de pr\u00e0ctica pol\u00edtica. Tot i que a qui competeix pronunciar-se jurisdiccionalment sobre l&#8217;exist\u00e8ncia o no de delicte en la causa oberta pel Tribunal Suprem contra l&#8217;actual fiscal general, la resta de desafortunades actuacions i manifestacions orals que hem constatat en aquesta instituci\u00f3 reforcen el dubte raonable existent entorn de si ha de romandre o no en el c\u00e0rrec.<\/p>\n<ul>\n<li>\n<h3><span class=\"LineBreakBlob BlobObject DragDrop SCXW240096281 BCX0\"><span class=\"SCXW240096281 BCX0\"><a href=\"https:\/\/theobjective.com\/elsubjetivo\/opinion\/2024-10-12\/puigdemont-tribunales-ue-comin\/\" target=\"_blank\" rel=\"noopener\">Llegiu &#8220;El &#8216;caso Puigdemont&#8217; y el di\u00e1logo entre tribunales&#8221;<\/a><\/span><\/span><\/h3>\n<\/li>\n<li>\n<h3><span class=\"LineBreakBlob BlobObject DragDrop SCXW240096281 BCX0\"><span class=\"SCXW240096281 BCX0\"><a href=\"https:\/\/www.articulo14.es\/opinion\/la-insoportable-levedad-de-la-fiscalia-general-del-estado-20241021.html\" target=\"_blank\" rel=\"noopener\">Llegiu &#8220;La insoportable levedad de la Fiscal\u00eda General del Estado&#8221;<\/a><\/span><br class=\"SCXW240096281 BCX0\" \/><\/span><\/h3>\n<\/li>\n<\/ul>\n","protected":false},"excerpt":{"rendered":"<p>Teresa Freixes, sobre aspectes clau de l&#8217;actualitat pol\u00edtica espanyola als articles &#8220;El &#8216;caso Puigdemont&#8217; y el di\u00e1logo entre tribunales&#8221;, i &#8220;La insoportable levedad de la Fiscal\u00eda General del Estado&#8221;<\/p>\n","protected":false},"author":12,"featured_media":154560,"comment_status":"closed","ping_status":"closed","sticky":false,"template":"","format":"standard","meta":{"_et_pb_use_builder":"","_et_pb_old_content":"","_et_gb_content_width":"","footnotes":""},"categories":[225,242,404],"tags":[],"class_list":["post-154536","post","type-post","status-publish","format-standard","has-post-thumbnail","hentry","category-dret","category-categ-historia","category-historia-nacional-ca","et-has-post-format-content","et_post_format-et-post-format-standard"],"yoast_head":"<!-- This site is optimized with the Yoast SEO plugin v27.4 - https:\/\/yoast.com\/product\/yoast-seo-wordpress\/ -->\n<title>Puigdemont, Com\u00edn i el fiscal general de l&#039;Estat - Reial Acad\u00e8mia Europea de Doctors<\/title>\n<meta name=\"description\" content=\"Teresa Freixes, sobre aspectes clau de l&#039;actualitat pol\u00edtica espanyola als articles &quot;El &#039;caso Puigdemont&#039; y el di\u00e1logo entre tribunales&quot;, i &quot;La insoportable levedad de la Fiscal\u00eda General del Estado&quot;\" \/>\n<meta name=\"robots\" content=\"index, follow, max-snippet:-1, max-image-preview:large, max-video-preview:-1\" \/>\n<link rel=\"canonical\" href=\"https:\/\/raed.academy\/ca\/puigdemont-comin-i-el-fiscal-general-de-lestat\/\" \/>\n<meta property=\"og:locale\" content=\"ca_ES\" \/>\n<meta property=\"og:type\" content=\"article\" \/>\n<meta property=\"og:title\" content=\"Puigdemont, Com\u00edn i el fiscal general de l&#039;Estat - Reial Acad\u00e8mia Europea de Doctors\" \/>\n<meta property=\"og:description\" content=\"Teresa Freixes, sobre aspectes clau de l&#039;actualitat pol\u00edtica espanyola als articles &quot;El &#039;caso Puigdemont&#039; y el di\u00e1logo entre tribunales&quot;, i &quot;La insoportable levedad de la Fiscal\u00eda General del Estado&quot;\" \/>\n<meta property=\"og:url\" content=\"https:\/\/raed.academy\/ca\/puigdemont-comin-i-el-fiscal-general-de-lestat\/\" \/>\n<meta property=\"og:site_name\" content=\"Reial Acad\u00e8mia Europea de Doctors\" \/>\n<meta property=\"article:publisher\" content=\"http:\/\/fb.me\/raed.academy\" \/>\n<meta property=\"article:published_time\" content=\"2024-11-01T13:14:29+00:00\" \/>\n<meta property=\"og:image\" content=\"https:\/\/raed.academy\/wp-content\/uploads\/2024\/10\/Carles-Puigdemont-dst.webp\" \/>\n\t<meta property=\"og:image:width\" content=\"600\" \/>\n\t<meta property=\"og:image:height\" content=\"360\" \/>\n\t<meta property=\"og:image:type\" content=\"image\/webp\" \/>\n<meta name=\"author\" content=\"RAED\" \/>\n<meta name=\"twitter:card\" content=\"summary_large_image\" \/>\n<meta name=\"twitter:creator\" content=\"@raedacademy\" \/>\n<meta name=\"twitter:site\" content=\"@raedacademy\" \/>\n<meta name=\"twitter:label1\" content=\"Written by\" \/>\n\t<meta name=\"twitter:data1\" content=\"RAED\" \/>\n\t<meta name=\"twitter:label2\" content=\"Est. reading time\" \/>\n\t<meta name=\"twitter:data2\" content=\"3 minutes\" \/>\n<script type=\"application\/ld+json\" class=\"yoast-schema-graph\">{\"@context\":\"https:\\\/\\\/schema.org\",\"@graph\":[{\"@type\":\"Article\",\"@id\":\"https:\\\/\\\/raed.academy\\\/ca\\\/puigdemont-comin-i-el-fiscal-general-de-lestat\\\/#article\",\"isPartOf\":{\"@id\":\"https:\\\/\\\/raed.academy\\\/ca\\\/puigdemont-comin-i-el-fiscal-general-de-lestat\\\/\"},\"author\":{\"name\":\"RAED\",\"@id\":\"https:\\\/\\\/raed.academy\\\/ca\\\/#\\\/schema\\\/person\\\/5a755da80d1d979fd66ba745c8702927\"},\"headline\":\"Puigdemont, Com\u00edn i el fiscal general de l&#8217;Estat\",\"datePublished\":\"2024-11-01T13:14:29+00:00\",\"mainEntityOfPage\":{\"@id\":\"https:\\\/\\\/raed.academy\\\/ca\\\/puigdemont-comin-i-el-fiscal-general-de-lestat\\\/\"},\"wordCount\":579,\"publisher\":{\"@id\":\"https:\\\/\\\/raed.academy\\\/ca\\\/#organization\"},\"image\":{\"@id\":\"https:\\\/\\\/raed.academy\\\/ca\\\/puigdemont-comin-i-el-fiscal-general-de-lestat\\\/#primaryimage\"},\"thumbnailUrl\":\"https:\\\/\\\/raed.academy\\\/wp-content\\\/uploads\\\/2024\\\/10\\\/Carles-Puigdemont-dst.webp\",\"articleSection\":[\"Dret\",\"Hist\u00f2ria\",\"Hist\u00f2ria nacional\"],\"inLanguage\":\"ca-ES\"},{\"@type\":\"WebPage\",\"@id\":\"https:\\\/\\\/raed.academy\\\/ca\\\/puigdemont-comin-i-el-fiscal-general-de-lestat\\\/\",\"url\":\"https:\\\/\\\/raed.academy\\\/ca\\\/puigdemont-comin-i-el-fiscal-general-de-lestat\\\/\",\"name\":\"Puigdemont, Com\u00edn i el fiscal general de l'Estat - Reial Acad\u00e8mia Europea de Doctors\",\"isPartOf\":{\"@id\":\"https:\\\/\\\/raed.academy\\\/ca\\\/#website\"},\"primaryImageOfPage\":{\"@id\":\"https:\\\/\\\/raed.academy\\\/ca\\\/puigdemont-comin-i-el-fiscal-general-de-lestat\\\/#primaryimage\"},\"image\":{\"@id\":\"https:\\\/\\\/raed.academy\\\/ca\\\/puigdemont-comin-i-el-fiscal-general-de-lestat\\\/#primaryimage\"},\"thumbnailUrl\":\"https:\\\/\\\/raed.academy\\\/wp-content\\\/uploads\\\/2024\\\/10\\\/Carles-Puigdemont-dst.webp\",\"datePublished\":\"2024-11-01T13:14:29+00:00\",\"description\":\"Teresa Freixes, sobre aspectes clau de l'actualitat pol\u00edtica espanyola als articles \\\"El 'caso Puigdemont' y el di\u00e1logo entre tribunales\\\", i \\\"La insoportable levedad de la Fiscal\u00eda General del Estado\\\"\",\"breadcrumb\":{\"@id\":\"https:\\\/\\\/raed.academy\\\/ca\\\/puigdemont-comin-i-el-fiscal-general-de-lestat\\\/#breadcrumb\"},\"inLanguage\":\"ca-ES\",\"potentialAction\":[{\"@type\":\"ReadAction\",\"target\":[\"https:\\\/\\\/raed.academy\\\/ca\\\/puigdemont-comin-i-el-fiscal-general-de-lestat\\\/\"]}]},{\"@type\":\"ImageObject\",\"inLanguage\":\"ca-ES\",\"@id\":\"https:\\\/\\\/raed.academy\\\/ca\\\/puigdemont-comin-i-el-fiscal-general-de-lestat\\\/#primaryimage\",\"url\":\"https:\\\/\\\/raed.academy\\\/wp-content\\\/uploads\\\/2024\\\/10\\\/Carles-Puigdemont-dst.webp\",\"contentUrl\":\"https:\\\/\\\/raed.academy\\\/wp-content\\\/uploads\\\/2024\\\/10\\\/Carles-Puigdemont-dst.webp\",\"width\":600,\"height\":360},{\"@type\":\"BreadcrumbList\",\"@id\":\"https:\\\/\\\/raed.academy\\\/ca\\\/puigdemont-comin-i-el-fiscal-general-de-lestat\\\/#breadcrumb\",\"itemListElement\":[{\"@type\":\"ListItem\",\"position\":1,\"name\":\"Inicio\",\"item\":\"https:\\\/\\\/raed.academy\\\/ca\\\/\"},{\"@type\":\"ListItem\",\"position\":2,\"name\":\"Puigdemont, Com\u00edn i el fiscal general de l&#8217;Estat\"}]},{\"@type\":\"WebSite\",\"@id\":\"https:\\\/\\\/raed.academy\\\/ca\\\/#website\",\"url\":\"https:\\\/\\\/raed.academy\\\/ca\\\/\",\"name\":\"Reial Acad\u00e8mia Europea de Doctors\",\"description\":\"Corporaci\u00f3n de derecho p\u00fablico de car\u00e1cter cient\u00edfico, t\u00e9cnico y art\u00edstico, que tiene por objeto la investigaci\u00f3n, el estudio, el fomento y la extensi\u00f3n del conocimiento en su sentido m\u00e1s amplio\",\"publisher\":{\"@id\":\"https:\\\/\\\/raed.academy\\\/ca\\\/#organization\"},\"potentialAction\":[{\"@type\":\"SearchAction\",\"target\":{\"@type\":\"EntryPoint\",\"urlTemplate\":\"https:\\\/\\\/raed.academy\\\/ca\\\/?s={search_term_string}\"},\"query-input\":{\"@type\":\"PropertyValueSpecification\",\"valueRequired\":true,\"valueName\":\"search_term_string\"}}],\"inLanguage\":\"ca-ES\"},{\"@type\":\"Organization\",\"@id\":\"https:\\\/\\\/raed.academy\\\/ca\\\/#organization\",\"name\":\"Real Academia Europea de Doctores\",\"url\":\"https:\\\/\\\/raed.academy\\\/ca\\\/\",\"logo\":{\"@type\":\"ImageObject\",\"inLanguage\":\"ca-ES\",\"@id\":\"https:\\\/\\\/raed.academy\\\/ca\\\/#\\\/schema\\\/logo\\\/image\\\/\",\"url\":\"https:\\\/\\\/raed.academy\\\/wp-content\\\/uploads\\\/2017\\\/01\\\/cropped-logo_raed.png\",\"contentUrl\":\"https:\\\/\\\/raed.academy\\\/wp-content\\\/uploads\\\/2017\\\/01\\\/cropped-logo_raed.png\",\"width\":512,\"height\":512,\"caption\":\"Real Academia Europea de Doctores\"},\"image\":{\"@id\":\"https:\\\/\\\/raed.academy\\\/ca\\\/#\\\/schema\\\/logo\\\/image\\\/\"},\"sameAs\":[\"http:\\\/\\\/fb.me\\\/raed.academy\",\"https:\\\/\\\/x.com\\\/raedacademy\",\"https:\\\/\\\/www.instagram.com\\\/raed.academy\\\/\",\"https:\\\/\\\/www.youtube.com\\\/channel\\\/UCUYQwW2KrdirNWihxMDObwg\"]},{\"@type\":\"Person\",\"@id\":\"https:\\\/\\\/raed.academy\\\/ca\\\/#\\\/schema\\\/person\\\/5a755da80d1d979fd66ba745c8702927\",\"name\":\"RAED\",\"image\":{\"@type\":\"ImageObject\",\"inLanguage\":\"ca-ES\",\"@id\":\"https:\\\/\\\/secure.gravatar.com\\\/avatar\\\/19fdfdc0d67fb9c45714b703a2ac82251c4fcea3637f002ac3c9b74c0183583c?s=96&d=mm&r=g\",\"url\":\"https:\\\/\\\/secure.gravatar.com\\\/avatar\\\/19fdfdc0d67fb9c45714b703a2ac82251c4fcea3637f002ac3c9b74c0183583c?s=96&d=mm&r=g\",\"contentUrl\":\"https:\\\/\\\/secure.gravatar.com\\\/avatar\\\/19fdfdc0d67fb9c45714b703a2ac82251c4fcea3637f002ac3c9b74c0183583c?s=96&d=mm&r=g\",\"caption\":\"RAED\"}}]}<\/script>\n<!-- \/ Yoast SEO plugin. -->","yoast_head_json":{"title":"Puigdemont, Com\u00edn i el fiscal general de l'Estat - Reial Acad\u00e8mia Europea de Doctors","description":"Teresa Freixes, sobre aspectes clau de l'actualitat pol\u00edtica espanyola als articles \"El 'caso Puigdemont' y el di\u00e1logo entre tribunales\", i \"La insoportable levedad de la Fiscal\u00eda General del Estado\"","robots":{"index":"index","follow":"follow","max-snippet":"max-snippet:-1","max-image-preview":"max-image-preview:large","max-video-preview":"max-video-preview:-1"},"canonical":"https:\/\/raed.academy\/ca\/puigdemont-comin-i-el-fiscal-general-de-lestat\/","og_locale":"ca_ES","og_type":"article","og_title":"Puigdemont, Com\u00edn i el fiscal general de l'Estat - Reial Acad\u00e8mia Europea de Doctors","og_description":"Teresa Freixes, sobre aspectes clau de l'actualitat pol\u00edtica espanyola als articles \"El 'caso Puigdemont' y el di\u00e1logo entre tribunales\", i \"La insoportable levedad de la Fiscal\u00eda General del Estado\"","og_url":"https:\/\/raed.academy\/ca\/puigdemont-comin-i-el-fiscal-general-de-lestat\/","og_site_name":"Reial Acad\u00e8mia Europea de Doctors","article_publisher":"http:\/\/fb.me\/raed.academy","article_published_time":"2024-11-01T13:14:29+00:00","og_image":[{"width":600,"height":360,"url":"https:\/\/raed.academy\/wp-content\/uploads\/2024\/10\/Carles-Puigdemont-dst.webp","type":"image\/webp"}],"author":"RAED","twitter_card":"summary_large_image","twitter_creator":"@raedacademy","twitter_site":"@raedacademy","twitter_misc":{"Written by":"RAED","Est. reading time":"3 minutes"},"schema":{"@context":"https:\/\/schema.org","@graph":[{"@type":"Article","@id":"https:\/\/raed.academy\/ca\/puigdemont-comin-i-el-fiscal-general-de-lestat\/#article","isPartOf":{"@id":"https:\/\/raed.academy\/ca\/puigdemont-comin-i-el-fiscal-general-de-lestat\/"},"author":{"name":"RAED","@id":"https:\/\/raed.academy\/ca\/#\/schema\/person\/5a755da80d1d979fd66ba745c8702927"},"headline":"Puigdemont, Com\u00edn i el fiscal general de l&#8217;Estat","datePublished":"2024-11-01T13:14:29+00:00","mainEntityOfPage":{"@id":"https:\/\/raed.academy\/ca\/puigdemont-comin-i-el-fiscal-general-de-lestat\/"},"wordCount":579,"publisher":{"@id":"https:\/\/raed.academy\/ca\/#organization"},"image":{"@id":"https:\/\/raed.academy\/ca\/puigdemont-comin-i-el-fiscal-general-de-lestat\/#primaryimage"},"thumbnailUrl":"https:\/\/raed.academy\/wp-content\/uploads\/2024\/10\/Carles-Puigdemont-dst.webp","articleSection":["Dret","Hist\u00f2ria","Hist\u00f2ria nacional"],"inLanguage":"ca-ES"},{"@type":"WebPage","@id":"https:\/\/raed.academy\/ca\/puigdemont-comin-i-el-fiscal-general-de-lestat\/","url":"https:\/\/raed.academy\/ca\/puigdemont-comin-i-el-fiscal-general-de-lestat\/","name":"Puigdemont, Com\u00edn i el fiscal general de l'Estat - Reial Acad\u00e8mia Europea de Doctors","isPartOf":{"@id":"https:\/\/raed.academy\/ca\/#website"},"primaryImageOfPage":{"@id":"https:\/\/raed.academy\/ca\/puigdemont-comin-i-el-fiscal-general-de-lestat\/#primaryimage"},"image":{"@id":"https:\/\/raed.academy\/ca\/puigdemont-comin-i-el-fiscal-general-de-lestat\/#primaryimage"},"thumbnailUrl":"https:\/\/raed.academy\/wp-content\/uploads\/2024\/10\/Carles-Puigdemont-dst.webp","datePublished":"2024-11-01T13:14:29+00:00","description":"Teresa Freixes, sobre aspectes clau de l'actualitat pol\u00edtica espanyola als articles \"El 'caso Puigdemont' y el di\u00e1logo entre tribunales\", i \"La insoportable levedad de la Fiscal\u00eda General del Estado\"","breadcrumb":{"@id":"https:\/\/raed.academy\/ca\/puigdemont-comin-i-el-fiscal-general-de-lestat\/#breadcrumb"},"inLanguage":"ca-ES","potentialAction":[{"@type":"ReadAction","target":["https:\/\/raed.academy\/ca\/puigdemont-comin-i-el-fiscal-general-de-lestat\/"]}]},{"@type":"ImageObject","inLanguage":"ca-ES","@id":"https:\/\/raed.academy\/ca\/puigdemont-comin-i-el-fiscal-general-de-lestat\/#primaryimage","url":"https:\/\/raed.academy\/wp-content\/uploads\/2024\/10\/Carles-Puigdemont-dst.webp","contentUrl":"https:\/\/raed.academy\/wp-content\/uploads\/2024\/10\/Carles-Puigdemont-dst.webp","width":600,"height":360},{"@type":"BreadcrumbList","@id":"https:\/\/raed.academy\/ca\/puigdemont-comin-i-el-fiscal-general-de-lestat\/#breadcrumb","itemListElement":[{"@type":"ListItem","position":1,"name":"Inicio","item":"https:\/\/raed.academy\/ca\/"},{"@type":"ListItem","position":2,"name":"Puigdemont, Com\u00edn i el fiscal general de l&#8217;Estat"}]},{"@type":"WebSite","@id":"https:\/\/raed.academy\/ca\/#website","url":"https:\/\/raed.academy\/ca\/","name":"Reial Acad\u00e8mia Europea de Doctors","description":"Corporaci\u00f3n de derecho p\u00fablico de car\u00e1cter cient\u00edfico, t\u00e9cnico y art\u00edstico, que tiene por objeto la investigaci\u00f3n, el estudio, el fomento y la extensi\u00f3n del conocimiento en su sentido m\u00e1s amplio","publisher":{"@id":"https:\/\/raed.academy\/ca\/#organization"},"potentialAction":[{"@type":"SearchAction","target":{"@type":"EntryPoint","urlTemplate":"https:\/\/raed.academy\/ca\/?s={search_term_string}"},"query-input":{"@type":"PropertyValueSpecification","valueRequired":true,"valueName":"search_term_string"}}],"inLanguage":"ca-ES"},{"@type":"Organization","@id":"https:\/\/raed.academy\/ca\/#organization","name":"Real Academia Europea de Doctores","url":"https:\/\/raed.academy\/ca\/","logo":{"@type":"ImageObject","inLanguage":"ca-ES","@id":"https:\/\/raed.academy\/ca\/#\/schema\/logo\/image\/","url":"https:\/\/raed.academy\/wp-content\/uploads\/2017\/01\/cropped-logo_raed.png","contentUrl":"https:\/\/raed.academy\/wp-content\/uploads\/2017\/01\/cropped-logo_raed.png","width":512,"height":512,"caption":"Real Academia Europea de Doctores"},"image":{"@id":"https:\/\/raed.academy\/ca\/#\/schema\/logo\/image\/"},"sameAs":["http:\/\/fb.me\/raed.academy","https:\/\/x.com\/raedacademy","https:\/\/www.instagram.com\/raed.academy\/","https:\/\/www.youtube.com\/channel\/UCUYQwW2KrdirNWihxMDObwg"]},{"@type":"Person","@id":"https:\/\/raed.academy\/ca\/#\/schema\/person\/5a755da80d1d979fd66ba745c8702927","name":"RAED","image":{"@type":"ImageObject","inLanguage":"ca-ES","@id":"https:\/\/secure.gravatar.com\/avatar\/19fdfdc0d67fb9c45714b703a2ac82251c4fcea3637f002ac3c9b74c0183583c?s=96&d=mm&r=g","url":"https:\/\/secure.gravatar.com\/avatar\/19fdfdc0d67fb9c45714b703a2ac82251c4fcea3637f002ac3c9b74c0183583c?s=96&d=mm&r=g","contentUrl":"https:\/\/secure.gravatar.com\/avatar\/19fdfdc0d67fb9c45714b703a2ac82251c4fcea3637f002ac3c9b74c0183583c?s=96&d=mm&r=g","caption":"RAED"}}]}},"_links":{"self":[{"href":"https:\/\/raed.academy\/ca\/wp-json\/wp\/v2\/posts\/154536","targetHints":{"allow":["GET"]}}],"collection":[{"href":"https:\/\/raed.academy\/ca\/wp-json\/wp\/v2\/posts"}],"about":[{"href":"https:\/\/raed.academy\/ca\/wp-json\/wp\/v2\/types\/post"}],"author":[{"embeddable":true,"href":"https:\/\/raed.academy\/ca\/wp-json\/wp\/v2\/users\/12"}],"replies":[{"embeddable":true,"href":"https:\/\/raed.academy\/ca\/wp-json\/wp\/v2\/comments?post=154536"}],"version-history":[{"count":0,"href":"https:\/\/raed.academy\/ca\/wp-json\/wp\/v2\/posts\/154536\/revisions"}],"wp:featuredmedia":[{"embeddable":true,"href":"https:\/\/raed.academy\/ca\/wp-json\/wp\/v2\/media\/154560"}],"wp:attachment":[{"href":"https:\/\/raed.academy\/ca\/wp-json\/wp\/v2\/media?parent=154536"}],"wp:term":[{"taxonomy":"category","embeddable":true,"href":"https:\/\/raed.academy\/ca\/wp-json\/wp\/v2\/categories?post=154536"},{"taxonomy":"post_tag","embeddable":true,"href":"https:\/\/raed.academy\/ca\/wp-json\/wp\/v2\/tags?post=154536"}],"curies":[{"name":"wp","href":"https:\/\/api.w.org\/{rel}","templated":true}]}}