{"id":154525,"date":"2024-11-01T12:49:42","date_gmt":"2024-11-01T12:49:42","guid":{"rendered":"https:\/\/raed.academy\/?p=154525"},"modified":"2024-11-01T12:49:42","modified_gmt":"2024-11-01T12:49:42","slug":"com-viure-despres-de-perdre-un-fill","status":"publish","type":"post","link":"https:\/\/raed.academy\/ca\/com-viure-despres-de-perdre-un-fill\/","title":{"rendered":"Com viure despr\u00e9s de perdre un fill"},"content":{"rendered":"<div id=\"attachment_111204\" style=\"width: 360px\" class=\"wp-caption aligncenter\"><img loading=\"lazy\" decoding=\"async\" aria-describedby=\"caption-attachment-111204\" class=\"wp-image-111204 size-full\" src=\"https:\/\/raed.academy\/wp-content\/uploads\/2022\/01\/Francesc-Torralba.jpg\" alt=\"Francesc Torralba\" width=\"350\" height=\"398\" aria-describedby=\"caption-attachment-111204\" \/><p id=\"caption-attachment-111204\" class=\"wp-caption-text\">Dr. Francesc Torralba<\/p><\/div>\n<p><a href=\"https:\/\/raed.academy\/ca\/academics\/dr-francesc-torralba-rossello\/\" target=\"_blank\" rel=\"noopener\"><em><strong>Francesc Torralba<\/strong><\/em><\/a>, director de la <strong>C\u00e0tedra Ethos d&#8217;\u00c8tica Aplicada<\/strong> de la <strong>Universitat Ramon Llull<\/strong> i de la<strong> C\u00e0tedra de Pensament Cristi\u00e0<\/strong> del <strong>Bisbat d&#8217;Urgell<\/strong>, membre del <strong>Dicasteri de Cultura i Educaci\u00f3<\/strong> de la Santa Seu i acad\u00e8mic de n\u00famero de la <strong>Reial Acad\u00e8mia Europea de Doctors-Barcelona 1914<\/strong> (RAED), protagonitza un ampli reportatge publicat el passat 21 d&#8217;octubre al diari <strong>&#8220;La Vanguardia&#8221;<\/strong> arran de la publicaci\u00f3 de la seva \u00faltima obra, <strong>&#8220;No hi ha paraules. Com assumir la mort d&#8217;un fill&#8221;<\/strong>, en qu\u00e8 aborda la tr\u00e0gica mort del seu fill <strong>Oriol<\/strong>, de 26 anys, en un accident a la muntanya durant una travessia on ell l&#8217;acompanyava. En una conversa amb el periodista <strong>Josep Fita<\/strong>, el pensador explica la dif\u00edcil tasca d&#8217;assumir un fet tan tr\u00e0gic.<\/p>\n<p>L&#8217;acad\u00e8mic explica els fets en tota la seva cruesa: es fa tard i l&#8217;Oriol est\u00e0 conf\u00fas per no trobar la ruta de tornada, decideixen baixar en direcci\u00f3 a un riu. Hi ha un moment en qu\u00e8 el jove gira cap a l&#8217;esquerra i el seu pare el perd de vista. &#8220;Aquest \u00faltim crida el seu nom, per\u00f2 no hi ha resposta. De sobte, escolta un fort cop, com si un sac hagu\u00e9s impactat contra el terra des de for\u00e7a al\u00e7ada. Segueix cridant-lo pel seu nom sense \u00e8xit. Es comen\u00e7a a posar nervi\u00f3s. Es disposa a baixar per buscar el seu fill, per\u00f2 el pendent \u00e9s molt vertical i perill\u00f3s. Arriba al cep d&#8217;un arbre i s&#8217;atura. S&#8217;adona que no pot continuar avan\u00e7ant ni retrocedir. Est\u00e0 atrapat. S\u00f3n les quatre de la tarda i comen\u00e7a a abaixar la temperatura. Continua cridant l&#8217;Oriol. De tant fer-ho, es queda af\u00f2nic. A l&#8217;altra banda del riu, veu a la dist\u00e0ncia un grup d&#8217;excursionistes. Al final ser\u00e0 un d&#8217;ells el que aconsegueixi anar fins a Ca\u00edn per avisar els serveis de rescat. Hores despr\u00e9s, Torralba sabr\u00e0 que el fill no ha sobreviscut a la caiguda. Ara li toca tornar a casa sol i explicar-ho a la fam\u00edlia&#8221;, explica el reportatge.<\/p>\n<p>A partir d&#8217;aqu\u00ed, a Torralba no li queda cap altra opci\u00f3 que afrontar un tr\u00e0gic i desolador dest\u00ed. &#8220;No m&#8217;incomoda dir-ho ni m&#8217;avergonyeix: m&#8217;he donat temps per plorar, encara que ho he fet en l&#8217;\u00e0mbit de la privadesa, a porta tancada, o b\u00e9 pels boscos, pels camins i les senderes, trotant a l&#8217;alba, potser per pudor o b\u00e9 per por al judici dels altres -explica- Quan alg\u00fa significatiu deixar d&#8217;estar, es crea un buit que ning\u00fa no pot omplir. Viure amb maduresa \u00e9s assumir les abs\u00e8ncies que ens fan mal sense perdre el somriure ni les ganes de viure. \u00c9s f\u00e0cil dir-ho, per\u00f2 dif\u00edcil d&#8217;aconseguir&#8221;.<\/p>\n<p>L&#8217;acad\u00e8mic sost\u00e9 que davant d&#8217;una trag\u00e8dia aix\u00ed, el m\u00e9s normal \u00e9s que canvi\u00efn les prioritats i que per assolir la que es considera la darrera fase del proc\u00e9s de dol, la de l&#8217;acceptaci\u00f3, cal afrontar la mort, patir i plorar, sentir l&#8217;abs\u00e8ncia de l&#8217;\u00e9sser estimat una vegada. &#8220;La mort d&#8217;un \u00e9sser estimat ens fa profundament humils. Constatem la nostra petitesa i, alhora, la nostra impot\u00e8ncia davant de la fatalitat. \u00c9s la consci\u00e8ncia del l\u00edmit, de les fronteres del mateix \u00e9sser. La persona que ha patit la mort d&#8217;un \u00e9sser estimat constata que la vida \u00e9s massa curta per malbaratar-la amb estupideses. Descobreix la magnanimitat, que \u00e9s la virtut de la grandesa, que l&#8217;habilita per inclinar-se cap a all\u00f2 que \u00e9s gran. Radica a no dedicar-se a ximpleries, ni a nimietats&#8221;, conclou.<\/p>\n<p>Docent i divulgador de l&#8217;humanisme cristi\u00e0 en importants mitjans de comunicaci\u00f3 catalans com ara <strong>Catalunya R\u00e0dio<\/strong> i els diaris <strong>&#8220;La Vanguardia&#8221;<\/strong> i <strong>&#8220;El Punt Avui&#8221;<\/strong>, l&#8217;acad\u00e8mic \u00e9s autor de llibres destacats com <strong>&#8220;El sentit de la vida&#8221; <\/strong>(2008), <strong>&#8220;No passeu de llarg&#8221;<\/strong> (2010), <strong>&#8220;El valor de tenir valors&#8221; <\/strong>(2012), <strong>&#8220;Un mar d\u2019emocions&#8221; <\/strong>(2013), <strong>&#8220;C\u00f3rrer per pensar i sentir&#8221; <\/strong>(2015),<strong> &#8220;Saber dir no&#8221;<\/strong> (2016) o <strong>&#8220;M\u00f3n vol\u00e0til&#8221;<\/strong> (2018). Ja durant la pand\u00e8mia, Torralba va publicar els llibres <strong>&#8220;Humildad&#8221;<\/strong>, <strong>&#8220;Paraules de consol. En la mort d&#8217;un \u00e9sser estimat&#8221;<\/strong>, <strong>&#8220;Formar personas. La teolog\u00eda de la educaci\u00f3n de Edith Stein&#8221;<\/strong>,\u00a0<strong>&#8220;Vivir en lo esencial. Ideas y preguntas despu\u00e9s de la pandemia&#8221;<\/strong>, <strong>&#8220;L&#8217;\u00e8tica algor\u00edtmica&#8221;<\/strong>, que va ser guardonada amb el <strong>Premi Bones Lletres d&#8217;Assaig Human\u00edstic<\/strong> que atorguen la <strong>Reial Acad\u00e8mia de Bones Lletres<\/strong> i l&#8217;editorial <strong>Edicions62<\/strong>; <strong>&#8220;La fa\u00e7ana de la Gl\u00f2ria de la Sagrada Fam\u00edlia. Fonts espirituals i teol\u00f2giques de l\u2019escatologia d\u2019Antoni Gaud\u00ed&#8221;<\/strong>, fruit de la seva quarta tesi doctoral, que va llegir fa un any; <strong>&#8220;Cuando todo se desmorona. Meditar con Kierkegaard&#8221; <\/strong>(2023) i <strong>&#8220;Benaurances per a agn\u00f2stics&#8221;<\/strong> (2024). Va ser reconegut amb\u00a0el <strong>Premi Ratzinger 2023<\/strong>, atorgat per la <strong>Fundaci\u00f3 Vaticana Joseph Ratzinger-Benedicto XVI<\/strong>.<\/p>\n<h2><a href=\"https:\/\/www.lavanguardia.com\/vida\/20241021\/10025884\/me-he-dado-llorar-reflexiones-padre-muerte-hijo.html\" target=\"_blank\" rel=\"noopener\">Llegiu el reportatge<\/a><\/h2>\n","protected":false},"excerpt":{"rendered":"<p>Francesc Torralba aborda la tr\u00e0gica mort del seu fill Oriol, de 26 anys, en un accident a la muntanya durant una travessia on ell l&#8217;acompanyava, en un ampli reportatge a La Vanguardia<\/p>\n","protected":false},"author":12,"featured_media":0,"comment_status":"closed","ping_status":"closed","sticky":false,"template":"","format":"standard","meta":{"_et_pb_use_builder":"","_et_pb_old_content":"","_et_gb_content_width":"","footnotes":""},"categories":[496,451,252],"tags":[],"class_list":["post-154525","post","type-post","status-publish","format-standard","hentry","category-educacio-etica-i-valors-ca","category-psicologia-ca","category-teologia-ca","et-doesnt-have-format-content","et_post_format-et-post-format-standard"],"yoast_head":"<!-- This site is optimized with the Yoast SEO plugin v27.4 - https:\/\/yoast.com\/product\/yoast-seo-wordpress\/ -->\n<title>Com viure despr\u00e9s de perdre un fill - Reial Acad\u00e8mia Europea de Doctors<\/title>\n<meta name=\"description\" content=\"Francesc Torralba aborda la tr\u00e0gica mort del seu fill Oriol, de 26 anys, en un accident a la muntanya durant una travessia on ell l&#039;acompanyava\" \/>\n<meta name=\"robots\" content=\"index, follow, max-snippet:-1, max-image-preview:large, max-video-preview:-1\" \/>\n<link rel=\"canonical\" href=\"https:\/\/raed.academy\/ca\/com-viure-despres-de-perdre-un-fill\/\" \/>\n<meta property=\"og:locale\" content=\"ca_ES\" \/>\n<meta property=\"og:type\" content=\"article\" \/>\n<meta property=\"og:title\" content=\"Com viure despr\u00e9s de perdre un fill - Reial Acad\u00e8mia Europea de Doctors\" \/>\n<meta property=\"og:description\" content=\"Francesc Torralba aborda la tr\u00e0gica mort del seu fill Oriol, de 26 anys, en un accident a la muntanya durant una travessia on ell l&#039;acompanyava\" \/>\n<meta property=\"og:url\" content=\"https:\/\/raed.academy\/ca\/com-viure-despres-de-perdre-un-fill\/\" \/>\n<meta property=\"og:site_name\" content=\"Reial Acad\u00e8mia Europea de Doctors\" \/>\n<meta property=\"article:publisher\" content=\"http:\/\/fb.me\/raed.academy\" \/>\n<meta property=\"article:published_time\" content=\"2024-11-01T12:49:42+00:00\" \/>\n<meta property=\"og:image\" content=\"https:\/\/raed.academy\/wp-content\/uploads\/2020\/07\/Francesc-Torralba-dstNtc.jpg\" \/>\n\t<meta property=\"og:image:width\" content=\"400\" \/>\n\t<meta property=\"og:image:height\" content=\"240\" \/>\n\t<meta property=\"og:image:type\" content=\"image\/jpeg\" \/>\n<meta name=\"author\" content=\"RAED\" \/>\n<meta name=\"twitter:card\" content=\"summary_large_image\" \/>\n<meta name=\"twitter:creator\" content=\"@raedacademy\" \/>\n<meta name=\"twitter:site\" content=\"@raedacademy\" \/>\n<meta name=\"twitter:label1\" content=\"Written by\" \/>\n\t<meta name=\"twitter:data1\" content=\"RAED\" \/>\n\t<meta name=\"twitter:label2\" content=\"Est. reading time\" \/>\n\t<meta name=\"twitter:data2\" content=\"4 minutes\" \/>\n<script type=\"application\/ld+json\" class=\"yoast-schema-graph\">{\"@context\":\"https:\\\/\\\/schema.org\",\"@graph\":[{\"@type\":\"Article\",\"@id\":\"https:\\\/\\\/raed.academy\\\/ca\\\/com-viure-despres-de-perdre-un-fill\\\/#article\",\"isPartOf\":{\"@id\":\"https:\\\/\\\/raed.academy\\\/ca\\\/com-viure-despres-de-perdre-un-fill\\\/\"},\"author\":{\"name\":\"RAED\",\"@id\":\"https:\\\/\\\/raed.academy\\\/ca\\\/#\\\/schema\\\/person\\\/5a755da80d1d979fd66ba745c8702927\"},\"headline\":\"Com viure despr\u00e9s de perdre un fill\",\"datePublished\":\"2024-11-01T12:49:42+00:00\",\"mainEntityOfPage\":{\"@id\":\"https:\\\/\\\/raed.academy\\\/ca\\\/com-viure-despres-de-perdre-un-fill\\\/\"},\"wordCount\":859,\"publisher\":{\"@id\":\"https:\\\/\\\/raed.academy\\\/ca\\\/#organization\"},\"image\":{\"@id\":\"https:\\\/\\\/raed.academy\\\/ca\\\/com-viure-despres-de-perdre-un-fill\\\/#primaryimage\"},\"thumbnailUrl\":\"https:\\\/\\\/raed.academy\\\/wp-content\\\/uploads\\\/2022\\\/01\\\/Francesc-Torralba.jpg\",\"articleSection\":[\"Educaci\u00f3, \u00e8tica i valors\",\"Psicologia\",\"Teologia\"],\"inLanguage\":\"ca-ES\"},{\"@type\":\"WebPage\",\"@id\":\"https:\\\/\\\/raed.academy\\\/ca\\\/com-viure-despres-de-perdre-un-fill\\\/\",\"url\":\"https:\\\/\\\/raed.academy\\\/ca\\\/com-viure-despres-de-perdre-un-fill\\\/\",\"name\":\"Com viure despr\u00e9s de perdre un fill - Reial Acad\u00e8mia Europea de Doctors\",\"isPartOf\":{\"@id\":\"https:\\\/\\\/raed.academy\\\/ca\\\/#website\"},\"primaryImageOfPage\":{\"@id\":\"https:\\\/\\\/raed.academy\\\/ca\\\/com-viure-despres-de-perdre-un-fill\\\/#primaryimage\"},\"image\":{\"@id\":\"https:\\\/\\\/raed.academy\\\/ca\\\/com-viure-despres-de-perdre-un-fill\\\/#primaryimage\"},\"thumbnailUrl\":\"https:\\\/\\\/raed.academy\\\/wp-content\\\/uploads\\\/2022\\\/01\\\/Francesc-Torralba.jpg\",\"datePublished\":\"2024-11-01T12:49:42+00:00\",\"description\":\"Francesc Torralba aborda la tr\u00e0gica mort del seu fill Oriol, de 26 anys, en un accident a la muntanya durant una travessia on ell l'acompanyava\",\"breadcrumb\":{\"@id\":\"https:\\\/\\\/raed.academy\\\/ca\\\/com-viure-despres-de-perdre-un-fill\\\/#breadcrumb\"},\"inLanguage\":\"ca-ES\",\"potentialAction\":[{\"@type\":\"ReadAction\",\"target\":[\"https:\\\/\\\/raed.academy\\\/ca\\\/com-viure-despres-de-perdre-un-fill\\\/\"]}]},{\"@type\":\"ImageObject\",\"inLanguage\":\"ca-ES\",\"@id\":\"https:\\\/\\\/raed.academy\\\/ca\\\/com-viure-despres-de-perdre-un-fill\\\/#primaryimage\",\"url\":\"https:\\\/\\\/raed.academy\\\/wp-content\\\/uploads\\\/2022\\\/01\\\/Francesc-Torralba.jpg\",\"contentUrl\":\"https:\\\/\\\/raed.academy\\\/wp-content\\\/uploads\\\/2022\\\/01\\\/Francesc-Torralba.jpg\"},{\"@type\":\"BreadcrumbList\",\"@id\":\"https:\\\/\\\/raed.academy\\\/ca\\\/com-viure-despres-de-perdre-un-fill\\\/#breadcrumb\",\"itemListElement\":[{\"@type\":\"ListItem\",\"position\":1,\"name\":\"Inicio\",\"item\":\"https:\\\/\\\/raed.academy\\\/ca\\\/\"},{\"@type\":\"ListItem\",\"position\":2,\"name\":\"Com viure despr\u00e9s de perdre un fill\"}]},{\"@type\":\"WebSite\",\"@id\":\"https:\\\/\\\/raed.academy\\\/ca\\\/#website\",\"url\":\"https:\\\/\\\/raed.academy\\\/ca\\\/\",\"name\":\"Reial Acad\u00e8mia Europea de Doctors\",\"description\":\"Corporaci\u00f3n de derecho p\u00fablico de car\u00e1cter cient\u00edfico, t\u00e9cnico y art\u00edstico, que tiene por objeto la investigaci\u00f3n, el estudio, el fomento y la extensi\u00f3n del conocimiento en su sentido m\u00e1s amplio\",\"publisher\":{\"@id\":\"https:\\\/\\\/raed.academy\\\/ca\\\/#organization\"},\"potentialAction\":[{\"@type\":\"SearchAction\",\"target\":{\"@type\":\"EntryPoint\",\"urlTemplate\":\"https:\\\/\\\/raed.academy\\\/ca\\\/?s={search_term_string}\"},\"query-input\":{\"@type\":\"PropertyValueSpecification\",\"valueRequired\":true,\"valueName\":\"search_term_string\"}}],\"inLanguage\":\"ca-ES\"},{\"@type\":\"Organization\",\"@id\":\"https:\\\/\\\/raed.academy\\\/ca\\\/#organization\",\"name\":\"Real Academia Europea de Doctores\",\"url\":\"https:\\\/\\\/raed.academy\\\/ca\\\/\",\"logo\":{\"@type\":\"ImageObject\",\"inLanguage\":\"ca-ES\",\"@id\":\"https:\\\/\\\/raed.academy\\\/ca\\\/#\\\/schema\\\/logo\\\/image\\\/\",\"url\":\"https:\\\/\\\/raed.academy\\\/wp-content\\\/uploads\\\/2017\\\/01\\\/cropped-logo_raed.png\",\"contentUrl\":\"https:\\\/\\\/raed.academy\\\/wp-content\\\/uploads\\\/2017\\\/01\\\/cropped-logo_raed.png\",\"width\":512,\"height\":512,\"caption\":\"Real Academia Europea de Doctores\"},\"image\":{\"@id\":\"https:\\\/\\\/raed.academy\\\/ca\\\/#\\\/schema\\\/logo\\\/image\\\/\"},\"sameAs\":[\"http:\\\/\\\/fb.me\\\/raed.academy\",\"https:\\\/\\\/x.com\\\/raedacademy\",\"https:\\\/\\\/www.instagram.com\\\/raed.academy\\\/\",\"https:\\\/\\\/www.youtube.com\\\/channel\\\/UCUYQwW2KrdirNWihxMDObwg\"]},{\"@type\":\"Person\",\"@id\":\"https:\\\/\\\/raed.academy\\\/ca\\\/#\\\/schema\\\/person\\\/5a755da80d1d979fd66ba745c8702927\",\"name\":\"RAED\",\"image\":{\"@type\":\"ImageObject\",\"inLanguage\":\"ca-ES\",\"@id\":\"https:\\\/\\\/secure.gravatar.com\\\/avatar\\\/19fdfdc0d67fb9c45714b703a2ac82251c4fcea3637f002ac3c9b74c0183583c?s=96&d=mm&r=g\",\"url\":\"https:\\\/\\\/secure.gravatar.com\\\/avatar\\\/19fdfdc0d67fb9c45714b703a2ac82251c4fcea3637f002ac3c9b74c0183583c?s=96&d=mm&r=g\",\"contentUrl\":\"https:\\\/\\\/secure.gravatar.com\\\/avatar\\\/19fdfdc0d67fb9c45714b703a2ac82251c4fcea3637f002ac3c9b74c0183583c?s=96&d=mm&r=g\",\"caption\":\"RAED\"}}]}<\/script>\n<!-- \/ Yoast SEO plugin. -->","yoast_head_json":{"title":"Com viure despr\u00e9s de perdre un fill - Reial Acad\u00e8mia Europea de Doctors","description":"Francesc Torralba aborda la tr\u00e0gica mort del seu fill Oriol, de 26 anys, en un accident a la muntanya durant una travessia on ell l'acompanyava","robots":{"index":"index","follow":"follow","max-snippet":"max-snippet:-1","max-image-preview":"max-image-preview:large","max-video-preview":"max-video-preview:-1"},"canonical":"https:\/\/raed.academy\/ca\/com-viure-despres-de-perdre-un-fill\/","og_locale":"ca_ES","og_type":"article","og_title":"Com viure despr\u00e9s de perdre un fill - Reial Acad\u00e8mia Europea de Doctors","og_description":"Francesc Torralba aborda la tr\u00e0gica mort del seu fill Oriol, de 26 anys, en un accident a la muntanya durant una travessia on ell l'acompanyava","og_url":"https:\/\/raed.academy\/ca\/com-viure-despres-de-perdre-un-fill\/","og_site_name":"Reial Acad\u00e8mia Europea de Doctors","article_publisher":"http:\/\/fb.me\/raed.academy","article_published_time":"2024-11-01T12:49:42+00:00","og_image":[{"width":400,"height":240,"url":"https:\/\/raed.academy\/wp-content\/uploads\/2020\/07\/Francesc-Torralba-dstNtc.jpg","type":"image\/jpeg"}],"author":"RAED","twitter_card":"summary_large_image","twitter_creator":"@raedacademy","twitter_site":"@raedacademy","twitter_misc":{"Written by":"RAED","Est. reading time":"4 minutes"},"schema":{"@context":"https:\/\/schema.org","@graph":[{"@type":"Article","@id":"https:\/\/raed.academy\/ca\/com-viure-despres-de-perdre-un-fill\/#article","isPartOf":{"@id":"https:\/\/raed.academy\/ca\/com-viure-despres-de-perdre-un-fill\/"},"author":{"name":"RAED","@id":"https:\/\/raed.academy\/ca\/#\/schema\/person\/5a755da80d1d979fd66ba745c8702927"},"headline":"Com viure despr\u00e9s de perdre un fill","datePublished":"2024-11-01T12:49:42+00:00","mainEntityOfPage":{"@id":"https:\/\/raed.academy\/ca\/com-viure-despres-de-perdre-un-fill\/"},"wordCount":859,"publisher":{"@id":"https:\/\/raed.academy\/ca\/#organization"},"image":{"@id":"https:\/\/raed.academy\/ca\/com-viure-despres-de-perdre-un-fill\/#primaryimage"},"thumbnailUrl":"https:\/\/raed.academy\/wp-content\/uploads\/2022\/01\/Francesc-Torralba.jpg","articleSection":["Educaci\u00f3, \u00e8tica i valors","Psicologia","Teologia"],"inLanguage":"ca-ES"},{"@type":"WebPage","@id":"https:\/\/raed.academy\/ca\/com-viure-despres-de-perdre-un-fill\/","url":"https:\/\/raed.academy\/ca\/com-viure-despres-de-perdre-un-fill\/","name":"Com viure despr\u00e9s de perdre un fill - Reial Acad\u00e8mia Europea de Doctors","isPartOf":{"@id":"https:\/\/raed.academy\/ca\/#website"},"primaryImageOfPage":{"@id":"https:\/\/raed.academy\/ca\/com-viure-despres-de-perdre-un-fill\/#primaryimage"},"image":{"@id":"https:\/\/raed.academy\/ca\/com-viure-despres-de-perdre-un-fill\/#primaryimage"},"thumbnailUrl":"https:\/\/raed.academy\/wp-content\/uploads\/2022\/01\/Francesc-Torralba.jpg","datePublished":"2024-11-01T12:49:42+00:00","description":"Francesc Torralba aborda la tr\u00e0gica mort del seu fill Oriol, de 26 anys, en un accident a la muntanya durant una travessia on ell l'acompanyava","breadcrumb":{"@id":"https:\/\/raed.academy\/ca\/com-viure-despres-de-perdre-un-fill\/#breadcrumb"},"inLanguage":"ca-ES","potentialAction":[{"@type":"ReadAction","target":["https:\/\/raed.academy\/ca\/com-viure-despres-de-perdre-un-fill\/"]}]},{"@type":"ImageObject","inLanguage":"ca-ES","@id":"https:\/\/raed.academy\/ca\/com-viure-despres-de-perdre-un-fill\/#primaryimage","url":"https:\/\/raed.academy\/wp-content\/uploads\/2022\/01\/Francesc-Torralba.jpg","contentUrl":"https:\/\/raed.academy\/wp-content\/uploads\/2022\/01\/Francesc-Torralba.jpg"},{"@type":"BreadcrumbList","@id":"https:\/\/raed.academy\/ca\/com-viure-despres-de-perdre-un-fill\/#breadcrumb","itemListElement":[{"@type":"ListItem","position":1,"name":"Inicio","item":"https:\/\/raed.academy\/ca\/"},{"@type":"ListItem","position":2,"name":"Com viure despr\u00e9s de perdre un fill"}]},{"@type":"WebSite","@id":"https:\/\/raed.academy\/ca\/#website","url":"https:\/\/raed.academy\/ca\/","name":"Reial Acad\u00e8mia Europea de Doctors","description":"Corporaci\u00f3n de derecho p\u00fablico de car\u00e1cter cient\u00edfico, t\u00e9cnico y art\u00edstico, que tiene por objeto la investigaci\u00f3n, el estudio, el fomento y la extensi\u00f3n del conocimiento en su sentido m\u00e1s amplio","publisher":{"@id":"https:\/\/raed.academy\/ca\/#organization"},"potentialAction":[{"@type":"SearchAction","target":{"@type":"EntryPoint","urlTemplate":"https:\/\/raed.academy\/ca\/?s={search_term_string}"},"query-input":{"@type":"PropertyValueSpecification","valueRequired":true,"valueName":"search_term_string"}}],"inLanguage":"ca-ES"},{"@type":"Organization","@id":"https:\/\/raed.academy\/ca\/#organization","name":"Real Academia Europea de Doctores","url":"https:\/\/raed.academy\/ca\/","logo":{"@type":"ImageObject","inLanguage":"ca-ES","@id":"https:\/\/raed.academy\/ca\/#\/schema\/logo\/image\/","url":"https:\/\/raed.academy\/wp-content\/uploads\/2017\/01\/cropped-logo_raed.png","contentUrl":"https:\/\/raed.academy\/wp-content\/uploads\/2017\/01\/cropped-logo_raed.png","width":512,"height":512,"caption":"Real Academia Europea de Doctores"},"image":{"@id":"https:\/\/raed.academy\/ca\/#\/schema\/logo\/image\/"},"sameAs":["http:\/\/fb.me\/raed.academy","https:\/\/x.com\/raedacademy","https:\/\/www.instagram.com\/raed.academy\/","https:\/\/www.youtube.com\/channel\/UCUYQwW2KrdirNWihxMDObwg"]},{"@type":"Person","@id":"https:\/\/raed.academy\/ca\/#\/schema\/person\/5a755da80d1d979fd66ba745c8702927","name":"RAED","image":{"@type":"ImageObject","inLanguage":"ca-ES","@id":"https:\/\/secure.gravatar.com\/avatar\/19fdfdc0d67fb9c45714b703a2ac82251c4fcea3637f002ac3c9b74c0183583c?s=96&d=mm&r=g","url":"https:\/\/secure.gravatar.com\/avatar\/19fdfdc0d67fb9c45714b703a2ac82251c4fcea3637f002ac3c9b74c0183583c?s=96&d=mm&r=g","contentUrl":"https:\/\/secure.gravatar.com\/avatar\/19fdfdc0d67fb9c45714b703a2ac82251c4fcea3637f002ac3c9b74c0183583c?s=96&d=mm&r=g","caption":"RAED"}}]}},"_links":{"self":[{"href":"https:\/\/raed.academy\/ca\/wp-json\/wp\/v2\/posts\/154525","targetHints":{"allow":["GET"]}}],"collection":[{"href":"https:\/\/raed.academy\/ca\/wp-json\/wp\/v2\/posts"}],"about":[{"href":"https:\/\/raed.academy\/ca\/wp-json\/wp\/v2\/types\/post"}],"author":[{"embeddable":true,"href":"https:\/\/raed.academy\/ca\/wp-json\/wp\/v2\/users\/12"}],"replies":[{"embeddable":true,"href":"https:\/\/raed.academy\/ca\/wp-json\/wp\/v2\/comments?post=154525"}],"version-history":[{"count":0,"href":"https:\/\/raed.academy\/ca\/wp-json\/wp\/v2\/posts\/154525\/revisions"}],"wp:attachment":[{"href":"https:\/\/raed.academy\/ca\/wp-json\/wp\/v2\/media?parent=154525"}],"wp:term":[{"taxonomy":"category","embeddable":true,"href":"https:\/\/raed.academy\/ca\/wp-json\/wp\/v2\/categories?post=154525"},{"taxonomy":"post_tag","embeddable":true,"href":"https:\/\/raed.academy\/ca\/wp-json\/wp\/v2\/tags?post=154525"}],"curies":[{"name":"wp","href":"https:\/\/api.w.org\/{rel}","templated":true}]}}