{"id":154183,"date":"2024-10-25T10:38:04","date_gmt":"2024-10-25T10:38:04","guid":{"rendered":"https:\/\/raed.academy\/?p=154183"},"modified":"2024-10-25T10:38:04","modified_gmt":"2024-10-25T10:38:04","slug":"el-missatge-de-les-aigues-residuals","status":"publish","type":"post","link":"https:\/\/raed.academy\/ca\/el-missatge-de-les-aigues-residuals\/","title":{"rendered":"El missatge de les aig\u00fces residuals"},"content":{"rendered":"<p><img loading=\"lazy\" decoding=\"async\" class=\"wp-image-98399 alignleft\" src=\"https:\/\/raed.academy\/wp-content\/uploads\/2021\/01\/Albert-Bosch-Navarro-2.jpg\" alt=\"Dr. Albert Bosch Navarro\" width=\"284\" height=\"423\" \/><\/p>\n<p><a href=\"https:\/\/raed.academy\/ca\/academics\/dr-albert-bosch-navarro\/\" target=\"_blank\" rel=\"noopener\"><em><strong>Albert Bosch<\/strong><\/em><\/a>, catedr\u00e0tic de la Facultat de Biologia de la <strong>Universitat de Barcelona<\/strong>, \u200b\u200bpresident de la <strong>Societat Espanyola de Virologia<\/strong>, del <strong>Grup de Virus Ent\u00e8rics de Catalunya<\/strong> i de la <strong>Societat Internacional de Virologia Aliment\u00e0ria i Mediambiental<\/strong> i acad\u00e8mic de n\u00famero de la <strong>Reial Acad\u00e8mia Europea de Doctors-Barcelona 1914<\/strong> (RAED), va ingressar el passat 14 d&#8217;octubre com a acad\u00e8mic corresponent de la <strong>Reial Acad\u00e8mia de Farm\u00e0cia de Catalunya<\/strong> amb el discurs<strong> &#8220;El missatge de les aig\u00fces residuals&#8221;<\/strong>, en qu\u00e8 va explicar les seves recerques sobre la pres\u00e8ncia del coronavirus SARS-CoV -2, causant de la Covid-19, a les aig\u00fces residuals de Barcelona fins i tot abans que es declari la pand\u00e8mia i el seguiment d&#8217;aquest i altres virus mitjan\u00e7ant el seu estudi. La sessi\u00f3 es va celebrar al sal\u00f3 d&#8217;actes de la instituci\u00f3. Li va respondre, en nom de la Reial Corporaci\u00f3, l&#8217;acad\u00e8mic de n\u00famero <strong>Tom\u00e0s Pumarola<\/strong>.<\/p>\n<p>L&#8217;acad\u00e8mic va explicar com el seu grup de recerca va iniciar la presa de mostres per determinar la pres\u00e8ncia d&#8217;aquest coronavirus i la seva evoluci\u00f3 per revelar-se com un dels millors indicadors de la difusi\u00f3 i l&#8217;evoluci\u00f3 del virus. &#8220;Les aig\u00fces residuals ens donen molta informaci\u00f3 sobre el que circula entre la poblaci\u00f3, i el virus dura m\u00e9s a la femta que a les vies respirat\u00f2ries. Va a parar a les aig\u00fces residuals i es pot detectar. D&#8217;aquesta manera ens podem anticipar setmanes abans que hi hagi casos, podem detectar que un virus circula&#8221;, va explicar el recipienari.<\/p>\n<p>L&#8217;expert tamb\u00e9 va ser un dels principals difusors a Espanya i Europa del SARS-CoV-2 mitjan\u00e7ant el contacte amb els primers vir\u00f2legs xinesos que el van investigar. El patogen de la malaltia es va identificar r\u00e0pidament com un nou coronavirus, que posteriorment va ser confirmat per l&#8217;<strong>Organitzaci\u00f3 Mundial de la Salut<\/strong>. El <strong>Centre per al Control i Prevenci\u00f3 de Malalties<\/strong> de la ciutat xinesa de Wuhan va organitzar immediatament especialistes en control de malalties contagioses, investigadors en organismes pat\u00f2gens i immunologia, i experts cl\u00ednics de primera l\u00ednia en hospitals terciaris per compilar el seu manual de prevenci\u00f3 de coronavirus, que Bosch va difondre entre la comunitat cient\u00edfica espanyola.<\/p>\n<p>Bosch ha desenvolupat la seva recerca en institucions estrangeres com el <strong>Col\u00b7legi de Medicina Albert Einstein<\/strong> de Nova York, la <strong>Universitat de Carolina del Nord<\/strong>, la <strong>Universitat d&#8217;Arizona<\/strong>, la <strong>Universitat de Pret\u00f2ria<\/strong> i l&#8217;<strong>Institut de Salut Infantil<\/strong> de Londres. Ha publicat m\u00e9s de 200 articles a reconegudes revistes cient\u00edfiques i diversos llibres sobre virologia ambiental i aliment\u00e0ria, aix\u00ed com sobre temes cl\u00ednics i moleculars de virus ent\u00e8rics. A m\u00e9s, \u00e9s editor en cap de <strong>&#8220;Food and Environmental Virology&#8221;<\/strong>, editor de <strong>&#8220;Journal of Applied Microbiology&#8221;<\/strong>, de<strong> &#8220;Letters in Applied Microbiology&#8221;<\/strong> i de <strong>&#8220;Viruses&#8221;<\/strong>. Va ser incl\u00f2s al 2% dels cient\u00edfics m\u00e9s reconeguts a nivell mundial dins de la seva especialitat per la seva traject\u00f2ria. Va coordinar el projecte <strong>VATar<\/strong> (Vigil\u00e0ncia i Alerta Primerenca en aig\u00fces residuals de Covid-19) del<strong> Ministeri de Sanitat<\/strong> i el <strong>Ministeri cap a la Transici\u00f3 Ecol\u00f2gica i Reptes Demogr\u00e0fics<\/strong> i va desenvolupar el programa <strong>SarsAig\u00fces<\/strong> de la <strong>Generalitat de Catalunya<\/strong>. Va ser membre del<strong> Comit\u00e8 Cient\u00edfic Assessor de la Covid-19<\/strong> i de la <strong>Xarxa d&#8217;Intel\u00b7lig\u00e8ncia Epidemiol\u00f2gica<\/strong> de la Generalitat de Catalunya i va encap\u00e7alar el <strong>XV Congr\u00e9s Nacional de Virologia<\/strong> que es va celebrar a Barcelona, \u200b\u200buna cita que va englobar la <strong>XI Trobada Internacional<\/strong> de la <strong>Xarxa Mundial de Virus<\/strong>, grup de treball de refer\u00e8ncia que aplega els vir\u00f2legs m\u00e9s prestigiosos a nivell mundial.<\/p>\n<p><img loading=\"lazy\" decoding=\"async\" class=\"aligncenter size-full wp-image-92057\" src=\"https:\/\/raed.academy\/wp-content\/uploads\/2020\/07\/planta-de-aguas-residuales-lcnc-pixabay-dstNtc.jpg\" alt=\"\" width=\"1000\" height=\"600\" srcset=\"https:\/\/raed.academy\/wp-content\/uploads\/2020\/07\/planta-de-aguas-residuales-lcnc-pixabay-dstNtc.jpg 1000w, https:\/\/raed.academy\/wp-content\/uploads\/2020\/07\/planta-de-aguas-residuales-lcnc-pixabay-dstNtc-768x461.jpg 768w, https:\/\/raed.academy\/wp-content\/uploads\/2020\/07\/planta-de-aguas-residuales-lcnc-pixabay-dstNtc-627x376.jpg 627w, https:\/\/raed.academy\/wp-content\/uploads\/2020\/07\/planta-de-aguas-residuales-lcnc-pixabay-dstNtc-440x264.jpg 440w\" sizes=\"(max-width: 1000px) 100vw, 1000px\" \/><\/p>\n","protected":false},"excerpt":{"rendered":"<p>Les investigacions d&#8217;Albert Bosch sobre la pres\u00e8ncia del coronavirus SARS-CoV-2, causant de la Covid-19, a les aig\u00fces residuals de Barcelona fins i tot abans que es declar\u00e9s la pand\u00e8mia<\/p>\n","protected":false},"author":12,"featured_media":92058,"comment_status":"closed","ping_status":"closed","sticky":false,"template":"","format":"standard","meta":{"_et_pb_use_builder":"","_et_pb_old_content":"","_et_gb_content_width":"","footnotes":""},"categories":[332,455,442,268,331,168,273,484],"tags":[],"class_list":["post-154183","post","type-post","status-publish","format-standard","has-post-thumbnail","hentry","category-biologia-ca","category-ciencies-de-la-salut","category-ciencies-farmaceutiques-ciencies-de-la-salut","category-coronavirus-des-del-coneixement","category-microbiologia-ca","category-premis-distincions-i-nomenaments","category-salut","category-virologia-ca","et-has-post-format-content","et_post_format-et-post-format-standard"],"yoast_head":"<!-- This site is optimized with the Yoast SEO plugin v27.4 - https:\/\/yoast.com\/product\/yoast-seo-wordpress\/ -->\n<title>El missatge de les aig\u00fces residuals - Reial Acad\u00e8mia Europea de Doctors<\/title>\n<meta name=\"description\" content=\"Les investigacions d&#039;Albert Bosch sobre la pres\u00e8ncia del coronavirus SARS-CoV-2, causant de la Covid-19, a les aig\u00fces residuals de Barcelona\" \/>\n<meta name=\"robots\" content=\"index, follow, max-snippet:-1, max-image-preview:large, max-video-preview:-1\" \/>\n<link rel=\"canonical\" href=\"https:\/\/raed.academy\/ca\/el-missatge-de-les-aigues-residuals\/\" \/>\n<meta property=\"og:locale\" content=\"ca_ES\" \/>\n<meta property=\"og:type\" content=\"article\" \/>\n<meta property=\"og:title\" content=\"El missatge de les aig\u00fces residuals - Reial Acad\u00e8mia Europea de Doctors\" \/>\n<meta property=\"og:description\" content=\"Les investigacions d&#039;Albert Bosch sobre la pres\u00e8ncia del coronavirus SARS-CoV-2, causant de la Covid-19, a les aig\u00fces residuals de Barcelona\" \/>\n<meta property=\"og:url\" content=\"https:\/\/raed.academy\/ca\/el-missatge-de-les-aigues-residuals\/\" \/>\n<meta property=\"og:site_name\" content=\"Reial Acad\u00e8mia Europea de Doctors\" \/>\n<meta property=\"article:publisher\" content=\"http:\/\/fb.me\/raed.academy\" \/>\n<meta property=\"article:published_time\" content=\"2024-10-25T10:38:04+00:00\" \/>\n<meta property=\"og:image\" content=\"https:\/\/raed.academy\/wp-content\/uploads\/2020\/07\/planta-de-aguas-residuales-lcnc-pixabay-dstNtc.jpg\" \/>\n\t<meta property=\"og:image:width\" content=\"1000\" \/>\n\t<meta property=\"og:image:height\" content=\"600\" \/>\n\t<meta property=\"og:image:type\" content=\"image\/jpeg\" \/>\n<meta name=\"author\" content=\"RAED\" \/>\n<meta name=\"twitter:card\" content=\"summary_large_image\" \/>\n<meta name=\"twitter:creator\" content=\"@raedacademy\" \/>\n<meta name=\"twitter:site\" content=\"@raedacademy\" \/>\n<meta name=\"twitter:label1\" content=\"Written by\" \/>\n\t<meta name=\"twitter:data1\" content=\"RAED\" \/>\n\t<meta name=\"twitter:label2\" content=\"Est. reading time\" \/>\n\t<meta name=\"twitter:data2\" content=\"4 minutes\" \/>\n<script type=\"application\/ld+json\" class=\"yoast-schema-graph\">{\"@context\":\"https:\\\/\\\/schema.org\",\"@graph\":[{\"@type\":\"Article\",\"@id\":\"https:\\\/\\\/raed.academy\\\/ca\\\/el-missatge-de-les-aigues-residuals\\\/#article\",\"isPartOf\":{\"@id\":\"https:\\\/\\\/raed.academy\\\/ca\\\/el-missatge-de-les-aigues-residuals\\\/\"},\"author\":{\"name\":\"RAED\",\"@id\":\"https:\\\/\\\/raed.academy\\\/ca\\\/#\\\/schema\\\/person\\\/5a755da80d1d979fd66ba745c8702927\"},\"headline\":\"El missatge de les aig\u00fces residuals\",\"datePublished\":\"2024-10-25T10:38:04+00:00\",\"mainEntityOfPage\":{\"@id\":\"https:\\\/\\\/raed.academy\\\/ca\\\/el-missatge-de-les-aigues-residuals\\\/\"},\"wordCount\":641,\"publisher\":{\"@id\":\"https:\\\/\\\/raed.academy\\\/ca\\\/#organization\"},\"image\":{\"@id\":\"https:\\\/\\\/raed.academy\\\/ca\\\/el-missatge-de-les-aigues-residuals\\\/#primaryimage\"},\"thumbnailUrl\":\"https:\\\/\\\/raed.academy\\\/wp-content\\\/uploads\\\/2020\\\/07\\\/planta-de-aguas-residuales-lcnc-pixabay-dstNtc.jpg\",\"articleSection\":[\"Biologia\",\"Ci\u00e8ncies de la salut\",\"Ci\u00e8ncies Farmac\u00e8utiques\",\"Coronavirus des del coneixement\",\"Microbiologia\",\"Premis, distincions i nomenaments\",\"Salut\",\"Virologia\"],\"inLanguage\":\"ca-ES\"},{\"@type\":\"WebPage\",\"@id\":\"https:\\\/\\\/raed.academy\\\/ca\\\/el-missatge-de-les-aigues-residuals\\\/\",\"url\":\"https:\\\/\\\/raed.academy\\\/ca\\\/el-missatge-de-les-aigues-residuals\\\/\",\"name\":\"El missatge de les aig\u00fces residuals - Reial Acad\u00e8mia Europea de Doctors\",\"isPartOf\":{\"@id\":\"https:\\\/\\\/raed.academy\\\/ca\\\/#website\"},\"primaryImageOfPage\":{\"@id\":\"https:\\\/\\\/raed.academy\\\/ca\\\/el-missatge-de-les-aigues-residuals\\\/#primaryimage\"},\"image\":{\"@id\":\"https:\\\/\\\/raed.academy\\\/ca\\\/el-missatge-de-les-aigues-residuals\\\/#primaryimage\"},\"thumbnailUrl\":\"https:\\\/\\\/raed.academy\\\/wp-content\\\/uploads\\\/2020\\\/07\\\/planta-de-aguas-residuales-lcnc-pixabay-dstNtc.jpg\",\"datePublished\":\"2024-10-25T10:38:04+00:00\",\"description\":\"Les investigacions d'Albert Bosch sobre la pres\u00e8ncia del coronavirus SARS-CoV-2, causant de la Covid-19, a les aig\u00fces residuals de Barcelona\",\"breadcrumb\":{\"@id\":\"https:\\\/\\\/raed.academy\\\/ca\\\/el-missatge-de-les-aigues-residuals\\\/#breadcrumb\"},\"inLanguage\":\"ca-ES\",\"potentialAction\":[{\"@type\":\"ReadAction\",\"target\":[\"https:\\\/\\\/raed.academy\\\/ca\\\/el-missatge-de-les-aigues-residuals\\\/\"]}]},{\"@type\":\"ImageObject\",\"inLanguage\":\"ca-ES\",\"@id\":\"https:\\\/\\\/raed.academy\\\/ca\\\/el-missatge-de-les-aigues-residuals\\\/#primaryimage\",\"url\":\"https:\\\/\\\/raed.academy\\\/wp-content\\\/uploads\\\/2020\\\/07\\\/planta-de-aguas-residuales-lcnc-pixabay-dstNtc.jpg\",\"contentUrl\":\"https:\\\/\\\/raed.academy\\\/wp-content\\\/uploads\\\/2020\\\/07\\\/planta-de-aguas-residuales-lcnc-pixabay-dstNtc.jpg\",\"width\":1000,\"height\":600},{\"@type\":\"BreadcrumbList\",\"@id\":\"https:\\\/\\\/raed.academy\\\/ca\\\/el-missatge-de-les-aigues-residuals\\\/#breadcrumb\",\"itemListElement\":[{\"@type\":\"ListItem\",\"position\":1,\"name\":\"Inicio\",\"item\":\"https:\\\/\\\/raed.academy\\\/ca\\\/\"},{\"@type\":\"ListItem\",\"position\":2,\"name\":\"El missatge de les aig\u00fces residuals\"}]},{\"@type\":\"WebSite\",\"@id\":\"https:\\\/\\\/raed.academy\\\/ca\\\/#website\",\"url\":\"https:\\\/\\\/raed.academy\\\/ca\\\/\",\"name\":\"Reial Acad\u00e8mia Europea de Doctors\",\"description\":\"Corporaci\u00f3n de derecho p\u00fablico de car\u00e1cter cient\u00edfico, t\u00e9cnico y art\u00edstico, que tiene por objeto la investigaci\u00f3n, el estudio, el fomento y la extensi\u00f3n del conocimiento en su sentido m\u00e1s amplio\",\"publisher\":{\"@id\":\"https:\\\/\\\/raed.academy\\\/ca\\\/#organization\"},\"potentialAction\":[{\"@type\":\"SearchAction\",\"target\":{\"@type\":\"EntryPoint\",\"urlTemplate\":\"https:\\\/\\\/raed.academy\\\/ca\\\/?s={search_term_string}\"},\"query-input\":{\"@type\":\"PropertyValueSpecification\",\"valueRequired\":true,\"valueName\":\"search_term_string\"}}],\"inLanguage\":\"ca-ES\"},{\"@type\":\"Organization\",\"@id\":\"https:\\\/\\\/raed.academy\\\/ca\\\/#organization\",\"name\":\"Real Academia Europea de Doctores\",\"url\":\"https:\\\/\\\/raed.academy\\\/ca\\\/\",\"logo\":{\"@type\":\"ImageObject\",\"inLanguage\":\"ca-ES\",\"@id\":\"https:\\\/\\\/raed.academy\\\/ca\\\/#\\\/schema\\\/logo\\\/image\\\/\",\"url\":\"https:\\\/\\\/raed.academy\\\/wp-content\\\/uploads\\\/2017\\\/01\\\/cropped-logo_raed.png\",\"contentUrl\":\"https:\\\/\\\/raed.academy\\\/wp-content\\\/uploads\\\/2017\\\/01\\\/cropped-logo_raed.png\",\"width\":512,\"height\":512,\"caption\":\"Real Academia Europea de Doctores\"},\"image\":{\"@id\":\"https:\\\/\\\/raed.academy\\\/ca\\\/#\\\/schema\\\/logo\\\/image\\\/\"},\"sameAs\":[\"http:\\\/\\\/fb.me\\\/raed.academy\",\"https:\\\/\\\/x.com\\\/raedacademy\",\"https:\\\/\\\/www.instagram.com\\\/raed.academy\\\/\",\"https:\\\/\\\/www.youtube.com\\\/channel\\\/UCUYQwW2KrdirNWihxMDObwg\"]},{\"@type\":\"Person\",\"@id\":\"https:\\\/\\\/raed.academy\\\/ca\\\/#\\\/schema\\\/person\\\/5a755da80d1d979fd66ba745c8702927\",\"name\":\"RAED\",\"image\":{\"@type\":\"ImageObject\",\"inLanguage\":\"ca-ES\",\"@id\":\"https:\\\/\\\/secure.gravatar.com\\\/avatar\\\/19fdfdc0d67fb9c45714b703a2ac82251c4fcea3637f002ac3c9b74c0183583c?s=96&d=mm&r=g\",\"url\":\"https:\\\/\\\/secure.gravatar.com\\\/avatar\\\/19fdfdc0d67fb9c45714b703a2ac82251c4fcea3637f002ac3c9b74c0183583c?s=96&d=mm&r=g\",\"contentUrl\":\"https:\\\/\\\/secure.gravatar.com\\\/avatar\\\/19fdfdc0d67fb9c45714b703a2ac82251c4fcea3637f002ac3c9b74c0183583c?s=96&d=mm&r=g\",\"caption\":\"RAED\"}}]}<\/script>\n<!-- \/ Yoast SEO plugin. -->","yoast_head_json":{"title":"El missatge de les aig\u00fces residuals - Reial Acad\u00e8mia Europea de Doctors","description":"Les investigacions d'Albert Bosch sobre la pres\u00e8ncia del coronavirus SARS-CoV-2, causant de la Covid-19, a les aig\u00fces residuals de Barcelona","robots":{"index":"index","follow":"follow","max-snippet":"max-snippet:-1","max-image-preview":"max-image-preview:large","max-video-preview":"max-video-preview:-1"},"canonical":"https:\/\/raed.academy\/ca\/el-missatge-de-les-aigues-residuals\/","og_locale":"ca_ES","og_type":"article","og_title":"El missatge de les aig\u00fces residuals - Reial Acad\u00e8mia Europea de Doctors","og_description":"Les investigacions d'Albert Bosch sobre la pres\u00e8ncia del coronavirus SARS-CoV-2, causant de la Covid-19, a les aig\u00fces residuals de Barcelona","og_url":"https:\/\/raed.academy\/ca\/el-missatge-de-les-aigues-residuals\/","og_site_name":"Reial Acad\u00e8mia Europea de Doctors","article_publisher":"http:\/\/fb.me\/raed.academy","article_published_time":"2024-10-25T10:38:04+00:00","og_image":[{"width":1000,"height":600,"url":"https:\/\/raed.academy\/wp-content\/uploads\/2020\/07\/planta-de-aguas-residuales-lcnc-pixabay-dstNtc.jpg","type":"image\/jpeg"}],"author":"RAED","twitter_card":"summary_large_image","twitter_creator":"@raedacademy","twitter_site":"@raedacademy","twitter_misc":{"Written by":"RAED","Est. reading time":"4 minutes"},"schema":{"@context":"https:\/\/schema.org","@graph":[{"@type":"Article","@id":"https:\/\/raed.academy\/ca\/el-missatge-de-les-aigues-residuals\/#article","isPartOf":{"@id":"https:\/\/raed.academy\/ca\/el-missatge-de-les-aigues-residuals\/"},"author":{"name":"RAED","@id":"https:\/\/raed.academy\/ca\/#\/schema\/person\/5a755da80d1d979fd66ba745c8702927"},"headline":"El missatge de les aig\u00fces residuals","datePublished":"2024-10-25T10:38:04+00:00","mainEntityOfPage":{"@id":"https:\/\/raed.academy\/ca\/el-missatge-de-les-aigues-residuals\/"},"wordCount":641,"publisher":{"@id":"https:\/\/raed.academy\/ca\/#organization"},"image":{"@id":"https:\/\/raed.academy\/ca\/el-missatge-de-les-aigues-residuals\/#primaryimage"},"thumbnailUrl":"https:\/\/raed.academy\/wp-content\/uploads\/2020\/07\/planta-de-aguas-residuales-lcnc-pixabay-dstNtc.jpg","articleSection":["Biologia","Ci\u00e8ncies de la salut","Ci\u00e8ncies Farmac\u00e8utiques","Coronavirus des del coneixement","Microbiologia","Premis, distincions i nomenaments","Salut","Virologia"],"inLanguage":"ca-ES"},{"@type":"WebPage","@id":"https:\/\/raed.academy\/ca\/el-missatge-de-les-aigues-residuals\/","url":"https:\/\/raed.academy\/ca\/el-missatge-de-les-aigues-residuals\/","name":"El missatge de les aig\u00fces residuals - Reial Acad\u00e8mia Europea de Doctors","isPartOf":{"@id":"https:\/\/raed.academy\/ca\/#website"},"primaryImageOfPage":{"@id":"https:\/\/raed.academy\/ca\/el-missatge-de-les-aigues-residuals\/#primaryimage"},"image":{"@id":"https:\/\/raed.academy\/ca\/el-missatge-de-les-aigues-residuals\/#primaryimage"},"thumbnailUrl":"https:\/\/raed.academy\/wp-content\/uploads\/2020\/07\/planta-de-aguas-residuales-lcnc-pixabay-dstNtc.jpg","datePublished":"2024-10-25T10:38:04+00:00","description":"Les investigacions d'Albert Bosch sobre la pres\u00e8ncia del coronavirus SARS-CoV-2, causant de la Covid-19, a les aig\u00fces residuals de Barcelona","breadcrumb":{"@id":"https:\/\/raed.academy\/ca\/el-missatge-de-les-aigues-residuals\/#breadcrumb"},"inLanguage":"ca-ES","potentialAction":[{"@type":"ReadAction","target":["https:\/\/raed.academy\/ca\/el-missatge-de-les-aigues-residuals\/"]}]},{"@type":"ImageObject","inLanguage":"ca-ES","@id":"https:\/\/raed.academy\/ca\/el-missatge-de-les-aigues-residuals\/#primaryimage","url":"https:\/\/raed.academy\/wp-content\/uploads\/2020\/07\/planta-de-aguas-residuales-lcnc-pixabay-dstNtc.jpg","contentUrl":"https:\/\/raed.academy\/wp-content\/uploads\/2020\/07\/planta-de-aguas-residuales-lcnc-pixabay-dstNtc.jpg","width":1000,"height":600},{"@type":"BreadcrumbList","@id":"https:\/\/raed.academy\/ca\/el-missatge-de-les-aigues-residuals\/#breadcrumb","itemListElement":[{"@type":"ListItem","position":1,"name":"Inicio","item":"https:\/\/raed.academy\/ca\/"},{"@type":"ListItem","position":2,"name":"El missatge de les aig\u00fces residuals"}]},{"@type":"WebSite","@id":"https:\/\/raed.academy\/ca\/#website","url":"https:\/\/raed.academy\/ca\/","name":"Reial Acad\u00e8mia Europea de Doctors","description":"Corporaci\u00f3n de derecho p\u00fablico de car\u00e1cter cient\u00edfico, t\u00e9cnico y art\u00edstico, que tiene por objeto la investigaci\u00f3n, el estudio, el fomento y la extensi\u00f3n del conocimiento en su sentido m\u00e1s amplio","publisher":{"@id":"https:\/\/raed.academy\/ca\/#organization"},"potentialAction":[{"@type":"SearchAction","target":{"@type":"EntryPoint","urlTemplate":"https:\/\/raed.academy\/ca\/?s={search_term_string}"},"query-input":{"@type":"PropertyValueSpecification","valueRequired":true,"valueName":"search_term_string"}}],"inLanguage":"ca-ES"},{"@type":"Organization","@id":"https:\/\/raed.academy\/ca\/#organization","name":"Real Academia Europea de Doctores","url":"https:\/\/raed.academy\/ca\/","logo":{"@type":"ImageObject","inLanguage":"ca-ES","@id":"https:\/\/raed.academy\/ca\/#\/schema\/logo\/image\/","url":"https:\/\/raed.academy\/wp-content\/uploads\/2017\/01\/cropped-logo_raed.png","contentUrl":"https:\/\/raed.academy\/wp-content\/uploads\/2017\/01\/cropped-logo_raed.png","width":512,"height":512,"caption":"Real Academia Europea de Doctores"},"image":{"@id":"https:\/\/raed.academy\/ca\/#\/schema\/logo\/image\/"},"sameAs":["http:\/\/fb.me\/raed.academy","https:\/\/x.com\/raedacademy","https:\/\/www.instagram.com\/raed.academy\/","https:\/\/www.youtube.com\/channel\/UCUYQwW2KrdirNWihxMDObwg"]},{"@type":"Person","@id":"https:\/\/raed.academy\/ca\/#\/schema\/person\/5a755da80d1d979fd66ba745c8702927","name":"RAED","image":{"@type":"ImageObject","inLanguage":"ca-ES","@id":"https:\/\/secure.gravatar.com\/avatar\/19fdfdc0d67fb9c45714b703a2ac82251c4fcea3637f002ac3c9b74c0183583c?s=96&d=mm&r=g","url":"https:\/\/secure.gravatar.com\/avatar\/19fdfdc0d67fb9c45714b703a2ac82251c4fcea3637f002ac3c9b74c0183583c?s=96&d=mm&r=g","contentUrl":"https:\/\/secure.gravatar.com\/avatar\/19fdfdc0d67fb9c45714b703a2ac82251c4fcea3637f002ac3c9b74c0183583c?s=96&d=mm&r=g","caption":"RAED"}}]}},"_links":{"self":[{"href":"https:\/\/raed.academy\/ca\/wp-json\/wp\/v2\/posts\/154183","targetHints":{"allow":["GET"]}}],"collection":[{"href":"https:\/\/raed.academy\/ca\/wp-json\/wp\/v2\/posts"}],"about":[{"href":"https:\/\/raed.academy\/ca\/wp-json\/wp\/v2\/types\/post"}],"author":[{"embeddable":true,"href":"https:\/\/raed.academy\/ca\/wp-json\/wp\/v2\/users\/12"}],"replies":[{"embeddable":true,"href":"https:\/\/raed.academy\/ca\/wp-json\/wp\/v2\/comments?post=154183"}],"version-history":[{"count":0,"href":"https:\/\/raed.academy\/ca\/wp-json\/wp\/v2\/posts\/154183\/revisions"}],"wp:featuredmedia":[{"embeddable":true,"href":"https:\/\/raed.academy\/ca\/wp-json\/wp\/v2\/media\/92058"}],"wp:attachment":[{"href":"https:\/\/raed.academy\/ca\/wp-json\/wp\/v2\/media?parent=154183"}],"wp:term":[{"taxonomy":"category","embeddable":true,"href":"https:\/\/raed.academy\/ca\/wp-json\/wp\/v2\/categories?post=154183"},{"taxonomy":"post_tag","embeddable":true,"href":"https:\/\/raed.academy\/ca\/wp-json\/wp\/v2\/tags?post=154183"}],"curies":[{"name":"wp","href":"https:\/\/api.w.org\/{rel}","templated":true}]}}