{"id":153670,"date":"2024-10-10T10:02:03","date_gmt":"2024-10-10T10:02:03","guid":{"rendered":"https:\/\/raed.academy\/?p=153670"},"modified":"2024-10-10T10:02:03","modified_gmt":"2024-10-10T10:02:03","slug":"el-decisiu-paper-de-la-responsabilitat-social-corporativa","status":"publish","type":"post","link":"https:\/\/raed.academy\/ca\/el-decisiu-paper-de-la-responsabilitat-social-corporativa\/","title":{"rendered":"El decisiu paper de la responsabilitat social corporativa"},"content":{"rendered":"<div id=\"attachment_130417\" style=\"width: 515px\" class=\"wp-caption aligncenter\"><img loading=\"lazy\" decoding=\"async\" aria-describedby=\"caption-attachment-130417\" class=\"wp-image-130417\" src=\"https:\/\/raed.academy\/wp-content\/uploads\/2023\/03\/Javier-Lopez-Galiacho.webp\" sizes=\"(max-width: 505px) 100vw, 505px\" srcset=\"https:\/\/raed.academy\/wp-content\/uploads\/2023\/03\/Javier-Lopez-Galiacho.webp 750w, https:\/\/raed.academy\/wp-content\/uploads\/2023\/03\/Javier-Lopez-Galiacho-627x376.webp 627w, https:\/\/raed.academy\/wp-content\/uploads\/2023\/03\/Javier-Lopez-Galiacho-440x264.webp 440w\" alt=\"Dr. Javier L\u00f3pez-Galiacho\" width=\"505\" height=\"303\" aria-describedby=\"caption-attachment-130417\" \/><p id=\"caption-attachment-130417\" class=\"wp-caption-text\">Dr. Javier L\u00f3pez-Galiacho<\/p><\/div>\n<p><a href=\"https:\/\/raed.academy\/ca\/academics\/dr-javier-lopez-galiacho-perona\/\" target=\"_blank\" rel=\"noopener\"><em><strong>Javier L\u00f3pez-Galiacho<\/strong><\/em><\/a>, professor titular de Dret Civil de la <strong>Universitat Rey Juan Carlos<\/strong>, director de Compliment i Sostenibilitat de <strong>Fomento de Construcciones y Contratas<\/strong> (FCC), president de l&#8217;<strong>Associaci\u00f3 d&#8217;Amics dels Teatres Hist\u00f2rics d&#8217;Espanya<\/strong> i del <strong>F\u00f2rum Mazzantini<\/strong> i acad\u00e8mic de n\u00famero de la<strong> Reial Acad\u00e8mia Europea de Doctors-Barcelona 1914<\/strong> (RAED), incideix en la mat\u00e8ria que va abordar en el discurs d&#8217;ingr\u00e9s a la RAED a l&#8217;article <strong>&#8220;La sostenibilidad y la \u00e9tica empresarial: &#8216;de los cuentos a las cuentas'&#8221;<\/strong>, que va publicar el portal especialitzat <strong>Confilegal<\/strong> el passat 29 de setembre. L&#8217;expert reflexiona sobre el paper decisiu de la responsabilitat social corporativa a l&#8217;empresa actual.<\/p>\n<p>&#8220;Des que el 2005 vaig ser nomenat a FCC director de responsabilitat corporativa del grup i m\u00e9s tard, el 2018, director de compliment i sostenibilitat, he estat testimoni de com aquest \u00e0mbit de gesti\u00f3 ha transitat dins del m\u00f3n de l&#8217;empresa, dels &#8216;contes als comptes&#8217;; \u00e9s a dir, del que \u00e9s purament voluntari al que \u00e9s obligatori. Sempre arrenco les meves xerrades o confer\u00e8ncies sobre aquest punt, relatant el cas d&#8217;aquell president d&#8217;un gran banc espanyol, que quan a l&#8217;inici del present segle XXI el van portar per a la seva aprovaci\u00f3 el primer informe de responsabilitat social corporativa de la seva entitat banc\u00e0ria, es va quedar un temps en silenci, que diuen que va ser etern per als seus col\u00b7laboradors, per a continuaci\u00f3 deixar anar: &#8216;aquests s\u00f3n contes, porta&#8217;m els comptes&#8217;. Doncs b\u00e9, 20 anys despr\u00e9s d&#8217;aquella an\u00e8cdota, nom\u00e9s podem afirmar que aquells &#8216;contes&#8217; (en podeu dir responsabilitat social, sostenibilitat, \u00e8tica empresarial&#8230;) s\u00f3n avui m\u00e9s &#8216;comptes&#8217; que mai. Sobretot, per la contundent aparici\u00f3 d&#8217;aquest legislador nacional i principalment europeu sobre aquesta mat\u00e8ria&#8221;, inicia L\u00f3pez-Galiacho la seva argumentaci\u00f3.<\/p>\n<p><img loading=\"lazy\" decoding=\"async\" class=\"alignright wp-image-146313 size-full\" src=\"https:\/\/raed.academy\/wp-content\/uploads\/2024\/03\/shutt-etica-empresarial-direccion-de-empresas-humanista-1.17.webp\" alt=\"\" width=\"350\" height=\"300\" \/>Per a l&#8217;acad\u00e8mic, els esc\u00e0ndols empresarials de les darreres d\u00e8cades i els casos de corrupci\u00f3 a banda i banda dels principals partits pol\u00edtics han posat a la primera l\u00ednia de defensa, la necessitat d&#8217;implementar a les empreses, per\u00f2 tamb\u00e9 a les organitzacions, entitats o corporacions de tota mena, models de governan\u00e7a \u00e8tica. &#8220;La gesti\u00f3 de les companyies sota par\u00e0metres \u00e8tics ha estat impulsada gr\u00e0cies a la implantaci\u00f3 de codis \u00e8tics o de conducta a les empreses mitjanes o grans. En la mateixa mesura d&#8217;impuls, la introducci\u00f3 de la responsabilitat penal de les empreses al <strong>Codi Penal<\/strong> espanyol i la llei de Protecci\u00f3 de l&#8217;Informant a trav\u00e9s dels canals de den\u00fancia o \u00e8tics ha donat un gran relleu als aspectes \u00e8tics dins de les companyies&#8221;, conclou l&#8217;expert.<\/p>\n<p>L\u00f3pez-Galiacho ha estat director del <strong>Col\u00b7legi Major San Pablo<\/strong> de Madrid i secretari general i cap de la divisi\u00f3 de Dret de la <strong>Fundaci\u00f3 Cisneros<\/strong> de la<strong> Universitat Complutense de Madrid<\/strong> i va ser director del <strong>M\u00e0ster Oficial d&#8217;Acc\u00e9s a l&#8217;Advocacia<\/strong> de la Facultat de Dret de la <strong>Universitat CEU San Pablo<\/strong>, centre del qual tamb\u00e9 va ser patr\u00f3. Atresora un comprom\u00eds dilatat amb la cultura i a m\u00e9s d&#8217;investigador, escriptor i columnista en diversos mitjans de comunicaci\u00f3 \u00e9s autor de diversos llibres i d&#8217;una llarga llista de treballs de recerca en el camp del dret civil, bon govern corporatiu, fundacions i sostenibilitat i \u00e8tica empresarial.<\/p>\n<h2><a href=\"https:\/\/confilegal.com\/20240929-opinion-la-sostenibilidad-y-la-etica-empresarial-de-los-cuentos-a-las-cuentas\/\" target=\"_blank\" rel=\"noopener\">Llegiu l&#8217;article<\/a><\/h2>\n","protected":false},"excerpt":{"rendered":"<p>Javier L\u00f3pez-Galiacho reflexiona sobre el decisiu paper de la responsabilitat social corporativa a l&#8217;empresa actual, a l&#8217;article &#8220;La sostenibilidad y la \u00e9tica empresarial: &#8216;de los cuentos a las cuentas'&#8221;<\/p>\n","protected":false},"author":12,"featured_media":146314,"comment_status":"closed","ping_status":"closed","sticky":false,"template":"","format":"standard","meta":{"_et_pb_use_builder":"","_et_pb_old_content":"","_et_gb_content_width":"","footnotes":""},"categories":[225,233],"tags":[],"class_list":["post-153670","post","type-post","status-publish","format-standard","has-post-thumbnail","hentry","category-dret","category-economiques-i-empresarials","et-has-post-format-content","et_post_format-et-post-format-standard"],"yoast_head":"<!-- This site is optimized with the Yoast SEO plugin v27.4 - https:\/\/yoast.com\/product\/yoast-seo-wordpress\/ -->\n<title>El decisiu paper de la responsabilitat social corporativa - Reial Acad\u00e8mia Europea de Doctors<\/title>\n<meta name=\"description\" content=\"Javier L\u00f3pez-Galiacho sobre la responsabilitat social corporativa a l&#039;empresa actual, a l&#039;article &quot;La sostenibilidad y la \u00e9tica empresarial: &#039;de los cuentos a las cuentas&#039;&quot;\" \/>\n<meta name=\"robots\" content=\"index, follow, max-snippet:-1, max-image-preview:large, max-video-preview:-1\" \/>\n<link rel=\"canonical\" href=\"https:\/\/raed.academy\/ca\/el-decisiu-paper-de-la-responsabilitat-social-corporativa\/\" \/>\n<meta property=\"og:locale\" content=\"ca_ES\" \/>\n<meta property=\"og:type\" content=\"article\" \/>\n<meta property=\"og:title\" content=\"El decisiu paper de la responsabilitat social corporativa - Reial Acad\u00e8mia Europea de Doctors\" \/>\n<meta property=\"og:description\" content=\"Javier L\u00f3pez-Galiacho sobre la responsabilitat social corporativa a l&#039;empresa actual, a l&#039;article &quot;La sostenibilidad y la \u00e9tica empresarial: &#039;de los cuentos a las cuentas&#039;&quot;\" \/>\n<meta property=\"og:url\" content=\"https:\/\/raed.academy\/ca\/el-decisiu-paper-de-la-responsabilitat-social-corporativa\/\" \/>\n<meta property=\"og:site_name\" content=\"Reial Acad\u00e8mia Europea de Doctors\" \/>\n<meta property=\"article:publisher\" content=\"http:\/\/fb.me\/raed.academy\" \/>\n<meta property=\"article:published_time\" content=\"2024-10-10T10:02:03+00:00\" \/>\n<meta property=\"og:image\" content=\"https:\/\/raed.academy\/wp-content\/uploads\/2024\/03\/shutt-etica-empresarial-direccion-de-empresas-humanista-1.17.webp\" \/>\n\t<meta property=\"og:image:width\" content=\"350\" \/>\n\t<meta property=\"og:image:height\" content=\"300\" \/>\n\t<meta property=\"og:image:type\" content=\"image\/webp\" \/>\n<meta name=\"author\" content=\"RAED\" \/>\n<meta name=\"twitter:card\" content=\"summary_large_image\" \/>\n<meta name=\"twitter:creator\" content=\"@raedacademy\" \/>\n<meta name=\"twitter:site\" content=\"@raedacademy\" \/>\n<meta name=\"twitter:label1\" content=\"Written by\" \/>\n\t<meta name=\"twitter:data1\" content=\"RAED\" \/>\n\t<meta name=\"twitter:label2\" content=\"Est. reading time\" \/>\n\t<meta name=\"twitter:data2\" content=\"4 minutes\" \/>\n<script type=\"application\/ld+json\" class=\"yoast-schema-graph\">{\"@context\":\"https:\\\/\\\/schema.org\",\"@graph\":[{\"@type\":\"Article\",\"@id\":\"https:\\\/\\\/raed.academy\\\/ca\\\/el-decisiu-paper-de-la-responsabilitat-social-corporativa\\\/#article\",\"isPartOf\":{\"@id\":\"https:\\\/\\\/raed.academy\\\/ca\\\/el-decisiu-paper-de-la-responsabilitat-social-corporativa\\\/\"},\"author\":{\"name\":\"RAED\",\"@id\":\"https:\\\/\\\/raed.academy\\\/ca\\\/#\\\/schema\\\/person\\\/5a755da80d1d979fd66ba745c8702927\"},\"headline\":\"El decisiu paper de la responsabilitat social corporativa\",\"datePublished\":\"2024-10-10T10:02:03+00:00\",\"mainEntityOfPage\":{\"@id\":\"https:\\\/\\\/raed.academy\\\/ca\\\/el-decisiu-paper-de-la-responsabilitat-social-corporativa\\\/\"},\"wordCount\":591,\"publisher\":{\"@id\":\"https:\\\/\\\/raed.academy\\\/ca\\\/#organization\"},\"image\":{\"@id\":\"https:\\\/\\\/raed.academy\\\/ca\\\/el-decisiu-paper-de-la-responsabilitat-social-corporativa\\\/#primaryimage\"},\"thumbnailUrl\":\"https:\\\/\\\/raed.academy\\\/wp-content\\\/uploads\\\/2024\\\/03\\\/shutt-etica-empresarial-direccion-de-empresas-humanista-1.17.webp\",\"articleSection\":[\"Dret\",\"Econ\u00f2miques i Empresarials\"],\"inLanguage\":\"ca-ES\"},{\"@type\":\"WebPage\",\"@id\":\"https:\\\/\\\/raed.academy\\\/ca\\\/el-decisiu-paper-de-la-responsabilitat-social-corporativa\\\/\",\"url\":\"https:\\\/\\\/raed.academy\\\/ca\\\/el-decisiu-paper-de-la-responsabilitat-social-corporativa\\\/\",\"name\":\"El decisiu paper de la responsabilitat social corporativa - Reial Acad\u00e8mia Europea de Doctors\",\"isPartOf\":{\"@id\":\"https:\\\/\\\/raed.academy\\\/ca\\\/#website\"},\"primaryImageOfPage\":{\"@id\":\"https:\\\/\\\/raed.academy\\\/ca\\\/el-decisiu-paper-de-la-responsabilitat-social-corporativa\\\/#primaryimage\"},\"image\":{\"@id\":\"https:\\\/\\\/raed.academy\\\/ca\\\/el-decisiu-paper-de-la-responsabilitat-social-corporativa\\\/#primaryimage\"},\"thumbnailUrl\":\"https:\\\/\\\/raed.academy\\\/wp-content\\\/uploads\\\/2024\\\/03\\\/shutt-etica-empresarial-direccion-de-empresas-humanista-1.17.webp\",\"datePublished\":\"2024-10-10T10:02:03+00:00\",\"description\":\"Javier L\u00f3pez-Galiacho sobre la responsabilitat social corporativa a l'empresa actual, a l'article \\\"La sostenibilidad y la \u00e9tica empresarial: 'de los cuentos a las cuentas'\\\"\",\"breadcrumb\":{\"@id\":\"https:\\\/\\\/raed.academy\\\/ca\\\/el-decisiu-paper-de-la-responsabilitat-social-corporativa\\\/#breadcrumb\"},\"inLanguage\":\"ca-ES\",\"potentialAction\":[{\"@type\":\"ReadAction\",\"target\":[\"https:\\\/\\\/raed.academy\\\/ca\\\/el-decisiu-paper-de-la-responsabilitat-social-corporativa\\\/\"]}]},{\"@type\":\"ImageObject\",\"inLanguage\":\"ca-ES\",\"@id\":\"https:\\\/\\\/raed.academy\\\/ca\\\/el-decisiu-paper-de-la-responsabilitat-social-corporativa\\\/#primaryimage\",\"url\":\"https:\\\/\\\/raed.academy\\\/wp-content\\\/uploads\\\/2024\\\/03\\\/shutt-etica-empresarial-direccion-de-empresas-humanista-1.17.webp\",\"contentUrl\":\"https:\\\/\\\/raed.academy\\\/wp-content\\\/uploads\\\/2024\\\/03\\\/shutt-etica-empresarial-direccion-de-empresas-humanista-1.17.webp\",\"width\":350,\"height\":300},{\"@type\":\"BreadcrumbList\",\"@id\":\"https:\\\/\\\/raed.academy\\\/ca\\\/el-decisiu-paper-de-la-responsabilitat-social-corporativa\\\/#breadcrumb\",\"itemListElement\":[{\"@type\":\"ListItem\",\"position\":1,\"name\":\"Inicio\",\"item\":\"https:\\\/\\\/raed.academy\\\/ca\\\/\"},{\"@type\":\"ListItem\",\"position\":2,\"name\":\"El decisiu paper de la responsabilitat social corporativa\"}]},{\"@type\":\"WebSite\",\"@id\":\"https:\\\/\\\/raed.academy\\\/ca\\\/#website\",\"url\":\"https:\\\/\\\/raed.academy\\\/ca\\\/\",\"name\":\"Reial Acad\u00e8mia Europea de Doctors\",\"description\":\"Corporaci\u00f3n de derecho p\u00fablico de car\u00e1cter cient\u00edfico, t\u00e9cnico y art\u00edstico, que tiene por objeto la investigaci\u00f3n, el estudio, el fomento y la extensi\u00f3n del conocimiento en su sentido m\u00e1s amplio\",\"publisher\":{\"@id\":\"https:\\\/\\\/raed.academy\\\/ca\\\/#organization\"},\"potentialAction\":[{\"@type\":\"SearchAction\",\"target\":{\"@type\":\"EntryPoint\",\"urlTemplate\":\"https:\\\/\\\/raed.academy\\\/ca\\\/?s={search_term_string}\"},\"query-input\":{\"@type\":\"PropertyValueSpecification\",\"valueRequired\":true,\"valueName\":\"search_term_string\"}}],\"inLanguage\":\"ca-ES\"},{\"@type\":\"Organization\",\"@id\":\"https:\\\/\\\/raed.academy\\\/ca\\\/#organization\",\"name\":\"Real Academia Europea de Doctores\",\"url\":\"https:\\\/\\\/raed.academy\\\/ca\\\/\",\"logo\":{\"@type\":\"ImageObject\",\"inLanguage\":\"ca-ES\",\"@id\":\"https:\\\/\\\/raed.academy\\\/ca\\\/#\\\/schema\\\/logo\\\/image\\\/\",\"url\":\"https:\\\/\\\/raed.academy\\\/wp-content\\\/uploads\\\/2017\\\/01\\\/cropped-logo_raed.png\",\"contentUrl\":\"https:\\\/\\\/raed.academy\\\/wp-content\\\/uploads\\\/2017\\\/01\\\/cropped-logo_raed.png\",\"width\":512,\"height\":512,\"caption\":\"Real Academia Europea de Doctores\"},\"image\":{\"@id\":\"https:\\\/\\\/raed.academy\\\/ca\\\/#\\\/schema\\\/logo\\\/image\\\/\"},\"sameAs\":[\"http:\\\/\\\/fb.me\\\/raed.academy\",\"https:\\\/\\\/x.com\\\/raedacademy\",\"https:\\\/\\\/www.instagram.com\\\/raed.academy\\\/\",\"https:\\\/\\\/www.youtube.com\\\/channel\\\/UCUYQwW2KrdirNWihxMDObwg\"]},{\"@type\":\"Person\",\"@id\":\"https:\\\/\\\/raed.academy\\\/ca\\\/#\\\/schema\\\/person\\\/5a755da80d1d979fd66ba745c8702927\",\"name\":\"RAED\",\"image\":{\"@type\":\"ImageObject\",\"inLanguage\":\"ca-ES\",\"@id\":\"https:\\\/\\\/secure.gravatar.com\\\/avatar\\\/19fdfdc0d67fb9c45714b703a2ac82251c4fcea3637f002ac3c9b74c0183583c?s=96&d=mm&r=g\",\"url\":\"https:\\\/\\\/secure.gravatar.com\\\/avatar\\\/19fdfdc0d67fb9c45714b703a2ac82251c4fcea3637f002ac3c9b74c0183583c?s=96&d=mm&r=g\",\"contentUrl\":\"https:\\\/\\\/secure.gravatar.com\\\/avatar\\\/19fdfdc0d67fb9c45714b703a2ac82251c4fcea3637f002ac3c9b74c0183583c?s=96&d=mm&r=g\",\"caption\":\"RAED\"}}]}<\/script>\n<!-- \/ Yoast SEO plugin. -->","yoast_head_json":{"title":"El decisiu paper de la responsabilitat social corporativa - Reial Acad\u00e8mia Europea de Doctors","description":"Javier L\u00f3pez-Galiacho sobre la responsabilitat social corporativa a l'empresa actual, a l'article \"La sostenibilidad y la \u00e9tica empresarial: 'de los cuentos a las cuentas'\"","robots":{"index":"index","follow":"follow","max-snippet":"max-snippet:-1","max-image-preview":"max-image-preview:large","max-video-preview":"max-video-preview:-1"},"canonical":"https:\/\/raed.academy\/ca\/el-decisiu-paper-de-la-responsabilitat-social-corporativa\/","og_locale":"ca_ES","og_type":"article","og_title":"El decisiu paper de la responsabilitat social corporativa - Reial Acad\u00e8mia Europea de Doctors","og_description":"Javier L\u00f3pez-Galiacho sobre la responsabilitat social corporativa a l'empresa actual, a l'article \"La sostenibilidad y la \u00e9tica empresarial: 'de los cuentos a las cuentas'\"","og_url":"https:\/\/raed.academy\/ca\/el-decisiu-paper-de-la-responsabilitat-social-corporativa\/","og_site_name":"Reial Acad\u00e8mia Europea de Doctors","article_publisher":"http:\/\/fb.me\/raed.academy","article_published_time":"2024-10-10T10:02:03+00:00","og_image":[{"width":350,"height":300,"url":"https:\/\/raed.academy\/wp-content\/uploads\/2024\/03\/shutt-etica-empresarial-direccion-de-empresas-humanista-1.17.webp","type":"image\/webp"}],"author":"RAED","twitter_card":"summary_large_image","twitter_creator":"@raedacademy","twitter_site":"@raedacademy","twitter_misc":{"Written by":"RAED","Est. reading time":"4 minutes"},"schema":{"@context":"https:\/\/schema.org","@graph":[{"@type":"Article","@id":"https:\/\/raed.academy\/ca\/el-decisiu-paper-de-la-responsabilitat-social-corporativa\/#article","isPartOf":{"@id":"https:\/\/raed.academy\/ca\/el-decisiu-paper-de-la-responsabilitat-social-corporativa\/"},"author":{"name":"RAED","@id":"https:\/\/raed.academy\/ca\/#\/schema\/person\/5a755da80d1d979fd66ba745c8702927"},"headline":"El decisiu paper de la responsabilitat social corporativa","datePublished":"2024-10-10T10:02:03+00:00","mainEntityOfPage":{"@id":"https:\/\/raed.academy\/ca\/el-decisiu-paper-de-la-responsabilitat-social-corporativa\/"},"wordCount":591,"publisher":{"@id":"https:\/\/raed.academy\/ca\/#organization"},"image":{"@id":"https:\/\/raed.academy\/ca\/el-decisiu-paper-de-la-responsabilitat-social-corporativa\/#primaryimage"},"thumbnailUrl":"https:\/\/raed.academy\/wp-content\/uploads\/2024\/03\/shutt-etica-empresarial-direccion-de-empresas-humanista-1.17.webp","articleSection":["Dret","Econ\u00f2miques i Empresarials"],"inLanguage":"ca-ES"},{"@type":"WebPage","@id":"https:\/\/raed.academy\/ca\/el-decisiu-paper-de-la-responsabilitat-social-corporativa\/","url":"https:\/\/raed.academy\/ca\/el-decisiu-paper-de-la-responsabilitat-social-corporativa\/","name":"El decisiu paper de la responsabilitat social corporativa - Reial Acad\u00e8mia Europea de Doctors","isPartOf":{"@id":"https:\/\/raed.academy\/ca\/#website"},"primaryImageOfPage":{"@id":"https:\/\/raed.academy\/ca\/el-decisiu-paper-de-la-responsabilitat-social-corporativa\/#primaryimage"},"image":{"@id":"https:\/\/raed.academy\/ca\/el-decisiu-paper-de-la-responsabilitat-social-corporativa\/#primaryimage"},"thumbnailUrl":"https:\/\/raed.academy\/wp-content\/uploads\/2024\/03\/shutt-etica-empresarial-direccion-de-empresas-humanista-1.17.webp","datePublished":"2024-10-10T10:02:03+00:00","description":"Javier L\u00f3pez-Galiacho sobre la responsabilitat social corporativa a l'empresa actual, a l'article \"La sostenibilidad y la \u00e9tica empresarial: 'de los cuentos a las cuentas'\"","breadcrumb":{"@id":"https:\/\/raed.academy\/ca\/el-decisiu-paper-de-la-responsabilitat-social-corporativa\/#breadcrumb"},"inLanguage":"ca-ES","potentialAction":[{"@type":"ReadAction","target":["https:\/\/raed.academy\/ca\/el-decisiu-paper-de-la-responsabilitat-social-corporativa\/"]}]},{"@type":"ImageObject","inLanguage":"ca-ES","@id":"https:\/\/raed.academy\/ca\/el-decisiu-paper-de-la-responsabilitat-social-corporativa\/#primaryimage","url":"https:\/\/raed.academy\/wp-content\/uploads\/2024\/03\/shutt-etica-empresarial-direccion-de-empresas-humanista-1.17.webp","contentUrl":"https:\/\/raed.academy\/wp-content\/uploads\/2024\/03\/shutt-etica-empresarial-direccion-de-empresas-humanista-1.17.webp","width":350,"height":300},{"@type":"BreadcrumbList","@id":"https:\/\/raed.academy\/ca\/el-decisiu-paper-de-la-responsabilitat-social-corporativa\/#breadcrumb","itemListElement":[{"@type":"ListItem","position":1,"name":"Inicio","item":"https:\/\/raed.academy\/ca\/"},{"@type":"ListItem","position":2,"name":"El decisiu paper de la responsabilitat social corporativa"}]},{"@type":"WebSite","@id":"https:\/\/raed.academy\/ca\/#website","url":"https:\/\/raed.academy\/ca\/","name":"Reial Acad\u00e8mia Europea de Doctors","description":"Corporaci\u00f3n de derecho p\u00fablico de car\u00e1cter cient\u00edfico, t\u00e9cnico y art\u00edstico, que tiene por objeto la investigaci\u00f3n, el estudio, el fomento y la extensi\u00f3n del conocimiento en su sentido m\u00e1s amplio","publisher":{"@id":"https:\/\/raed.academy\/ca\/#organization"},"potentialAction":[{"@type":"SearchAction","target":{"@type":"EntryPoint","urlTemplate":"https:\/\/raed.academy\/ca\/?s={search_term_string}"},"query-input":{"@type":"PropertyValueSpecification","valueRequired":true,"valueName":"search_term_string"}}],"inLanguage":"ca-ES"},{"@type":"Organization","@id":"https:\/\/raed.academy\/ca\/#organization","name":"Real Academia Europea de Doctores","url":"https:\/\/raed.academy\/ca\/","logo":{"@type":"ImageObject","inLanguage":"ca-ES","@id":"https:\/\/raed.academy\/ca\/#\/schema\/logo\/image\/","url":"https:\/\/raed.academy\/wp-content\/uploads\/2017\/01\/cropped-logo_raed.png","contentUrl":"https:\/\/raed.academy\/wp-content\/uploads\/2017\/01\/cropped-logo_raed.png","width":512,"height":512,"caption":"Real Academia Europea de Doctores"},"image":{"@id":"https:\/\/raed.academy\/ca\/#\/schema\/logo\/image\/"},"sameAs":["http:\/\/fb.me\/raed.academy","https:\/\/x.com\/raedacademy","https:\/\/www.instagram.com\/raed.academy\/","https:\/\/www.youtube.com\/channel\/UCUYQwW2KrdirNWihxMDObwg"]},{"@type":"Person","@id":"https:\/\/raed.academy\/ca\/#\/schema\/person\/5a755da80d1d979fd66ba745c8702927","name":"RAED","image":{"@type":"ImageObject","inLanguage":"ca-ES","@id":"https:\/\/secure.gravatar.com\/avatar\/19fdfdc0d67fb9c45714b703a2ac82251c4fcea3637f002ac3c9b74c0183583c?s=96&d=mm&r=g","url":"https:\/\/secure.gravatar.com\/avatar\/19fdfdc0d67fb9c45714b703a2ac82251c4fcea3637f002ac3c9b74c0183583c?s=96&d=mm&r=g","contentUrl":"https:\/\/secure.gravatar.com\/avatar\/19fdfdc0d67fb9c45714b703a2ac82251c4fcea3637f002ac3c9b74c0183583c?s=96&d=mm&r=g","caption":"RAED"}}]}},"_links":{"self":[{"href":"https:\/\/raed.academy\/ca\/wp-json\/wp\/v2\/posts\/153670","targetHints":{"allow":["GET"]}}],"collection":[{"href":"https:\/\/raed.academy\/ca\/wp-json\/wp\/v2\/posts"}],"about":[{"href":"https:\/\/raed.academy\/ca\/wp-json\/wp\/v2\/types\/post"}],"author":[{"embeddable":true,"href":"https:\/\/raed.academy\/ca\/wp-json\/wp\/v2\/users\/12"}],"replies":[{"embeddable":true,"href":"https:\/\/raed.academy\/ca\/wp-json\/wp\/v2\/comments?post=153670"}],"version-history":[{"count":0,"href":"https:\/\/raed.academy\/ca\/wp-json\/wp\/v2\/posts\/153670\/revisions"}],"wp:featuredmedia":[{"embeddable":true,"href":"https:\/\/raed.academy\/ca\/wp-json\/wp\/v2\/media\/146314"}],"wp:attachment":[{"href":"https:\/\/raed.academy\/ca\/wp-json\/wp\/v2\/media?parent=153670"}],"wp:term":[{"taxonomy":"category","embeddable":true,"href":"https:\/\/raed.academy\/ca\/wp-json\/wp\/v2\/categories?post=153670"},{"taxonomy":"post_tag","embeddable":true,"href":"https:\/\/raed.academy\/ca\/wp-json\/wp\/v2\/tags?post=153670"}],"curies":[{"name":"wp","href":"https:\/\/api.w.org\/{rel}","templated":true}]}}