{"id":153292,"date":"2024-10-05T15:41:23","date_gmt":"2024-10-05T15:41:23","guid":{"rendered":"https:\/\/raed.academy\/?p=153292"},"modified":"2024-10-05T15:41:23","modified_gmt":"2024-10-05T15:41:23","slug":"barcelona-supercomputer-center-una-historia-dexit-que-mereix-ser-reconeguda","status":"publish","type":"post","link":"https:\/\/raed.academy\/ca\/barcelona-supercomputer-center-una-historia-dexit-que-mereix-ser-reconeguda\/","title":{"rendered":"Barcelona Supercomputer Center, una hist\u00f2ria d&#8217;\u00e8xit que mereix ser reconeguda"},"content":{"rendered":"<div id=\"attachment_118783\" style=\"width: 510px\" class=\"wp-caption aligncenter\"><img loading=\"lazy\" decoding=\"async\" aria-describedby=\"caption-attachment-118783\" class=\"wp-image-118783 size-full\" src=\"https:\/\/raed.academy\/wp-content\/uploads\/2022\/06\/Mateo-Valero-dst.webp\" sizes=\"(max-width: 500px) 100vw, 500px\" srcset=\"https:\/\/raed.academy\/wp-content\/uploads\/2022\/06\/Mateo-Valero-dst.webp 500w, https:\/\/raed.academy\/wp-content\/uploads\/2022\/06\/Mateo-Valero-dst-440x264.webp 440w\" alt=\"Dr. Mateo Valero\" width=\"500\" height=\"300\" aria-describedby=\"caption-attachment-118783\" \/><p id=\"caption-attachment-118783\" class=\"wp-caption-text\">Dr. Mateo Valero<\/p><\/div>\n<p><a href=\"https:\/\/raed.academy\/ca\/academics\/dr-mateo-valero-cortes\/\" target=\"_blank\" rel=\"noopener\"><em><strong>Mateo Valero<\/strong><\/em><\/a>, director del <strong>Barcelona Supercomputing Center-Centre Nacional de Supercomputaci\u00f3<\/strong>, acad\u00e8mic de n\u00famero de la <strong>Reial Acad\u00e8mia d&#8217;Enginyeria<\/strong> i acad\u00e8mic d&#8217;honor de la <strong>Reial Acad\u00e8mia Europea de Doctors-Barcelona 1914<\/strong> (RAED), va ser reconegut el 18 de setembre passat, pr\u00e8via de les festes de la Merc\u00e8 de Barcelona, \u200b\u200bamb el t\u00edtol de <strong>Barcelon\u00ed de l&#8217;Any<\/strong> que des d&#8217;aquest any concedeix<strong> &#8220;El Peri\u00f3dico&#8221;<\/strong> reconeixent la seva tasca com a fundador i impulsor del projecte de supercomputaci\u00f3 <strong>MareNostrum<\/strong>, fent de Barcelona un dels centres internacionals d&#8217;aquesta tecnologia estrat\u00e8gica. Aix\u00ed mateix, l&#8217;acad\u00e8mic va rebre el 30 de setembre passat el <strong>Premi Vanguardia<\/strong>, que concedeix el diari <strong>&#8220;La Vanguardia&#8221;<\/strong>, a la seva categoria d&#8217;Innovaci\u00f3 i Ci\u00e8ncia, a mans del ministre d&#8217;Ind\u00fastria, Comer\u00e7 i Turisme, <strong>Jordi Hereu<\/strong>. Valero lidera actualment la construcci\u00f3 del superordinador <strong>MareNostrum 5<\/strong>, que es convertir\u00e0 en un dels superordinadors m\u00e9s potents del m\u00f3n, i del projecte que el Barcelona Supercomputing Center desenvolupa juntament amb la multinacional nord-americana <strong>Intel<\/strong> per a la fabricaci\u00f3 de microprocessadors.<\/p>\n<p>En una entrevista publicada per &#8220;El Peri\u00f3dico&#8221; en la seva edici\u00f3 del mateix 18 de setembre, Valero explica que va acabar al m\u00f3n del disseny de computadors per atzar, si b\u00e9 la creaci\u00f3 del MareNostrum s\u00ed que va requerir anys de dur treball, perseveran\u00e7a i molt esfor\u00e7. &#8220;Va ser per pur atzar. Jo venia d&#8217;estudiar &#8216;telecos&#8217; i, sincerament, no em va agradar cap assignatura. A l&#8217;\u00faltim curs, ja a Barcelona, \u200b\u200bvaig tenir la sort de coincidir amb un professor, <strong>Thomas Lane<\/strong>, que em va inspirar a dedicar-me al disseny de processadors cada vegada m\u00e9s r\u00e0pids i a la construcci\u00f3 de superordinadors. Va ser llavors quan em vaig adonar que aix\u00f2 era el que m&#8217;agradava. La veritable joia de la corona de la ci\u00e8ncia espanyola \u00e9s el Barcelona Supercomputer Center i aquest projecte no va d&#8217;una sola persona sin\u00f3 d&#8217;un equip de m\u00e9s de 1.100 professionals. I s\u00ed, jo s\u00e9 que he estat dels impulsors de tot aix\u00f2 per\u00f2, almenys per a mi, el meu \u00e8xit m\u00e9s gran \u00e9s donar exemple a la feina i inspirar les persones que treballen aqu\u00ed a tirar endavant els seus projectes&#8221;, assegura.<\/p>\n<p>Valero es declara un enamorat de la seva feina i assenyala que el seu \u00e8xit m\u00e9s gran \u00e9s veure triomfar el seu equip. Mirant enrere, rememora tota les generacions de superordinadors MareNostrum. En un futur, el MareNostrum 5 permetr\u00e0 emprendre reptes cient\u00edfics impossibles fins ara en \u00e0rees que van des de la medicina, el canvi clim\u00e0tic i la producci\u00f3 de noves fonts d&#8217;energia. Gr\u00e0cies a la seva singular arquitectura computacional, permetr\u00e0 avan\u00e7ar en camps del coneixement diversos, com ara el desenvolupament de bessons digitals de la Terra o del cos hum\u00e0 per estudiar el canvi clim\u00e0tic, impulsar la medicina personalitzada i el disseny de ciutats m\u00e9s saludables i sostenibles, o la cerca de nous materials. El nou supercomputador destaca tamb\u00e9 per la seva gran capacitat d&#8217;emmagatzematge, \u00fanica en l&#8217;\u00e0mbit mundial, en passar dels 15 petabytes disponibles a MareNostrum 4 fins als 248 petabytes, als quals es podria afegir emmagatzematge de llarga durada de m\u00e9s de 400.<\/p>\n<p>D&#8217;altra banda, cal destacar el paper del Barcelona Supercomputing Center en el desenvolupament de la intel\u00b7lig\u00e8ncia artificial. &#8220;La intel\u00b7lig\u00e8ncia artificial est\u00e0 canviant la manera de fer ci\u00e8ncia. Ara, els millors centres de recerca s\u00f3n els de supercomputaci\u00f3 on s&#8217;utilitza intel\u00b7lig\u00e8ncia artificial per atacar problemes que d&#8217;una altra manera serien impossibles de resoldre. D&#8217;altra banda, necessitem desenvolupar un marc \u00e8tic i regulaci\u00f3 per evitar que aix\u00f2 se&#8217;n vagi de mare. No soc extremista, per\u00f2 la ciutadania ha de reclamar una regulaci\u00f3 clara sobre aix\u00f2 i no deixar-ho tot en mans dels nens de Silicon Valley&#8221;, considera. Per la seva banda, en la seva intervenci\u00f3 a la cerim\u00f2nia de lliurament de Premis Vanguardia, Valero va destacar la pr\u00f2xima aparici\u00f3 gr\u00e0cies a la supercomputaci\u00f3 del bess\u00f3 digital del cos hum\u00e0, cosa que incidir\u00e0 de forma determinant en els tractaments a la carta i revolucionar\u00e0 la medicina.<\/p>\n<p>El Barcelona Supercomputing Center-Centre Nacional de Supercomputaci\u00f3 \u00e9s un consorci p\u00fablic format pel <strong>Ministeri de Ci\u00e8ncia, Innovaci\u00f3 i Universitats<\/strong>, la <strong>Generalitat de Catalunya<\/strong> i la <strong>Universitat Polit\u00e8cnica de Catalunya<\/strong> fundat el 2004 amb poc m\u00e9s de mig centenar d&#8217;empleats i ja compta amb m\u00e9s d&#8217;un miler de persones que ofereixen infraestructures i serveis en supercomputaci\u00f3 a cient\u00edfics espanyols i europeus per generar coneixement i tecnologia per transferir-los a la societat. L&#8217;\u00faltima generaci\u00f3 del MareNostrum ha suposat la inversi\u00f3 europea m\u00e9s gran en una infraestructura cient\u00edfica a Espanya, amb 202,8 milions d&#8217;euros, dels quals Espanya n&#8217;ha aportat 70. El projecte tindr\u00e0 una durada estimada de cinc anys. Durant aquest temps, cadascun dels contribuents tindr\u00e0 acc\u00e9s al superordinador amb una disponibilitat equivalent a la inversi\u00f3 realitzada (35% en el cas d&#8217;Espanya).<\/p>\n<ul>\n<li>\n<h3><a href=\"https:\/\/www.elperiodico.com\/es\/sociedad\/20240918\/entrevista-barceloni-any-mateo-valero-director-barcelona-supercomputing-center-108214923\" target=\"_blank\" rel=\"noopener\">Llegiu l&#8217;entrevista d'&#8221;El Peri\u00f3dico&#8221;<\/a><\/h3>\n<\/li>\n<li>\n<h3><a href=\"https:\/\/www.lavanguardia.com\/vida\/20241001\/9985432\/siete-premiados-merito-libertad-esfuerzo-talento.html\" target=\"_blank\" rel=\"noopener\">Llegiu el reportatge de &#8220;La Vanguardia&#8221;<\/a><\/h3>\n<\/li>\n<\/ul>\n","protected":false},"excerpt":{"rendered":"<p>Mateo Valero, director del Barcelona Supercomputing Center, \u00e9s reconegut amb el t\u00edtol de Barcelon\u00ed de l&#8217;Any, que des d&#8217;aquest any concedeix &#8220;El Peri\u00f3dico&#8221; reconeixent la seva tasca com a fundador i impulsor del projecte de supercomputaci\u00f3 MareNostrum, situant Barcelona com un dels centres internacionals d&#8217;aquesta tecnologia estrat\u00e8gica<\/p>\n","protected":false},"author":12,"featured_media":118784,"comment_status":"closed","ping_status":"closed","sticky":false,"template":"","format":"standard","meta":{"_et_pb_use_builder":"","_et_pb_old_content":"","_et_gb_content_width":"","footnotes":""},"categories":[436,168,354],"tags":[],"class_list":["post-153292","post","type-post","status-publish","format-standard","has-post-thumbnail","hentry","category-computacio","category-premis-distincions-i-nomenaments","category-tecnologies-de-la-informacio-i-de-la-comunicacio","et-has-post-format-content","et_post_format-et-post-format-standard"],"yoast_head":"<!-- This site is optimized with the Yoast SEO plugin v27.4 - https:\/\/yoast.com\/product\/yoast-seo-wordpress\/ -->\n<title>Barcelona Supercomputer Center, una hist\u00f2ria d&#039;\u00e8xit que mereix ser reconeguda - Reial Acad\u00e8mia Europea de Doctors<\/title>\n<meta name=\"description\" content=\"Mateo Valero \u00e9s reconegut amb el t\u00edtol de Barcelon\u00ed de l&#039;Any, reconeixent la seva tasca com a impulsor del projecte de supercomputaci\u00f3 MareNostrum\" \/>\n<meta name=\"robots\" content=\"index, follow, max-snippet:-1, max-image-preview:large, max-video-preview:-1\" \/>\n<link rel=\"canonical\" href=\"https:\/\/raed.academy\/ca\/barcelona-supercomputer-center-una-historia-dexit-que-mereix-ser-reconeguda\/\" \/>\n<meta property=\"og:locale\" content=\"ca_ES\" \/>\n<meta property=\"og:type\" content=\"article\" \/>\n<meta property=\"og:title\" content=\"Barcelona Supercomputer Center, una hist\u00f2ria d&#039;\u00e8xit que mereix ser reconeguda - Reial Acad\u00e8mia Europea de Doctors\" \/>\n<meta property=\"og:description\" content=\"Mateo Valero \u00e9s reconegut amb el t\u00edtol de Barcelon\u00ed de l&#039;Any, reconeixent la seva tasca com a impulsor del projecte de supercomputaci\u00f3 MareNostrum\" \/>\n<meta property=\"og:url\" content=\"https:\/\/raed.academy\/ca\/barcelona-supercomputer-center-una-historia-dexit-que-mereix-ser-reconeguda\/\" \/>\n<meta property=\"og:site_name\" content=\"Reial Acad\u00e8mia Europea de Doctors\" \/>\n<meta property=\"article:publisher\" content=\"http:\/\/fb.me\/raed.academy\" \/>\n<meta property=\"article:published_time\" content=\"2024-10-05T15:41:23+00:00\" \/>\n<meta property=\"og:image\" content=\"https:\/\/raed.academy\/wp-content\/uploads\/2022\/06\/Mateo-Valero-dst.webp\" \/>\n\t<meta property=\"og:image:width\" content=\"500\" \/>\n\t<meta property=\"og:image:height\" content=\"300\" \/>\n\t<meta property=\"og:image:type\" content=\"image\/webp\" \/>\n<meta name=\"author\" content=\"RAED\" \/>\n<meta name=\"twitter:card\" content=\"summary_large_image\" \/>\n<meta name=\"twitter:creator\" content=\"@raedacademy\" \/>\n<meta name=\"twitter:site\" content=\"@raedacademy\" \/>\n<meta name=\"twitter:label1\" content=\"Written by\" \/>\n\t<meta name=\"twitter:data1\" content=\"RAED\" \/>\n\t<meta name=\"twitter:label2\" content=\"Est. reading time\" \/>\n\t<meta name=\"twitter:data2\" content=\"5 minutes\" \/>\n<script type=\"application\/ld+json\" class=\"yoast-schema-graph\">{\"@context\":\"https:\\\/\\\/schema.org\",\"@graph\":[{\"@type\":\"Article\",\"@id\":\"https:\\\/\\\/raed.academy\\\/ca\\\/barcelona-supercomputer-center-una-historia-dexit-que-mereix-ser-reconeguda\\\/#article\",\"isPartOf\":{\"@id\":\"https:\\\/\\\/raed.academy\\\/ca\\\/barcelona-supercomputer-center-una-historia-dexit-que-mereix-ser-reconeguda\\\/\"},\"author\":{\"name\":\"RAED\",\"@id\":\"https:\\\/\\\/raed.academy\\\/ca\\\/#\\\/schema\\\/person\\\/5a755da80d1d979fd66ba745c8702927\"},\"headline\":\"Barcelona Supercomputer Center, una hist\u00f2ria d&#8217;\u00e8xit que mereix ser reconeguda\",\"datePublished\":\"2024-10-05T15:41:23+00:00\",\"mainEntityOfPage\":{\"@id\":\"https:\\\/\\\/raed.academy\\\/ca\\\/barcelona-supercomputer-center-una-historia-dexit-que-mereix-ser-reconeguda\\\/\"},\"wordCount\":874,\"publisher\":{\"@id\":\"https:\\\/\\\/raed.academy\\\/ca\\\/#organization\"},\"image\":{\"@id\":\"https:\\\/\\\/raed.academy\\\/ca\\\/barcelona-supercomputer-center-una-historia-dexit-que-mereix-ser-reconeguda\\\/#primaryimage\"},\"thumbnailUrl\":\"https:\\\/\\\/raed.academy\\\/wp-content\\\/uploads\\\/2022\\\/06\\\/Mateo-Valero-dst.webp\",\"articleSection\":[\"Computaci\u00f3\",\"Premis, distincions i nomenaments\",\"Tecnologies de la informaci\u00f3 i de la comunicaci\u00f3\"],\"inLanguage\":\"ca-ES\"},{\"@type\":\"WebPage\",\"@id\":\"https:\\\/\\\/raed.academy\\\/ca\\\/barcelona-supercomputer-center-una-historia-dexit-que-mereix-ser-reconeguda\\\/\",\"url\":\"https:\\\/\\\/raed.academy\\\/ca\\\/barcelona-supercomputer-center-una-historia-dexit-que-mereix-ser-reconeguda\\\/\",\"name\":\"Barcelona Supercomputer Center, una hist\u00f2ria d'\u00e8xit que mereix ser reconeguda - Reial Acad\u00e8mia Europea de Doctors\",\"isPartOf\":{\"@id\":\"https:\\\/\\\/raed.academy\\\/ca\\\/#website\"},\"primaryImageOfPage\":{\"@id\":\"https:\\\/\\\/raed.academy\\\/ca\\\/barcelona-supercomputer-center-una-historia-dexit-que-mereix-ser-reconeguda\\\/#primaryimage\"},\"image\":{\"@id\":\"https:\\\/\\\/raed.academy\\\/ca\\\/barcelona-supercomputer-center-una-historia-dexit-que-mereix-ser-reconeguda\\\/#primaryimage\"},\"thumbnailUrl\":\"https:\\\/\\\/raed.academy\\\/wp-content\\\/uploads\\\/2022\\\/06\\\/Mateo-Valero-dst.webp\",\"datePublished\":\"2024-10-05T15:41:23+00:00\",\"description\":\"Mateo Valero \u00e9s reconegut amb el t\u00edtol de Barcelon\u00ed de l'Any, reconeixent la seva tasca com a impulsor del projecte de supercomputaci\u00f3 MareNostrum\",\"breadcrumb\":{\"@id\":\"https:\\\/\\\/raed.academy\\\/ca\\\/barcelona-supercomputer-center-una-historia-dexit-que-mereix-ser-reconeguda\\\/#breadcrumb\"},\"inLanguage\":\"ca-ES\",\"potentialAction\":[{\"@type\":\"ReadAction\",\"target\":[\"https:\\\/\\\/raed.academy\\\/ca\\\/barcelona-supercomputer-center-una-historia-dexit-que-mereix-ser-reconeguda\\\/\"]}]},{\"@type\":\"ImageObject\",\"inLanguage\":\"ca-ES\",\"@id\":\"https:\\\/\\\/raed.academy\\\/ca\\\/barcelona-supercomputer-center-una-historia-dexit-que-mereix-ser-reconeguda\\\/#primaryimage\",\"url\":\"https:\\\/\\\/raed.academy\\\/wp-content\\\/uploads\\\/2022\\\/06\\\/Mateo-Valero-dst.webp\",\"contentUrl\":\"https:\\\/\\\/raed.academy\\\/wp-content\\\/uploads\\\/2022\\\/06\\\/Mateo-Valero-dst.webp\",\"width\":500,\"height\":300,\"caption\":\"Mateo Valero\"},{\"@type\":\"BreadcrumbList\",\"@id\":\"https:\\\/\\\/raed.academy\\\/ca\\\/barcelona-supercomputer-center-una-historia-dexit-que-mereix-ser-reconeguda\\\/#breadcrumb\",\"itemListElement\":[{\"@type\":\"ListItem\",\"position\":1,\"name\":\"Inicio\",\"item\":\"https:\\\/\\\/raed.academy\\\/ca\\\/\"},{\"@type\":\"ListItem\",\"position\":2,\"name\":\"Barcelona Supercomputer Center, una hist\u00f2ria d&#8217;\u00e8xit que mereix ser reconeguda\"}]},{\"@type\":\"WebSite\",\"@id\":\"https:\\\/\\\/raed.academy\\\/ca\\\/#website\",\"url\":\"https:\\\/\\\/raed.academy\\\/ca\\\/\",\"name\":\"Reial Acad\u00e8mia Europea de Doctors\",\"description\":\"Corporaci\u00f3n de derecho p\u00fablico de car\u00e1cter cient\u00edfico, t\u00e9cnico y art\u00edstico, que tiene por objeto la investigaci\u00f3n, el estudio, el fomento y la extensi\u00f3n del conocimiento en su sentido m\u00e1s amplio\",\"publisher\":{\"@id\":\"https:\\\/\\\/raed.academy\\\/ca\\\/#organization\"},\"potentialAction\":[{\"@type\":\"SearchAction\",\"target\":{\"@type\":\"EntryPoint\",\"urlTemplate\":\"https:\\\/\\\/raed.academy\\\/ca\\\/?s={search_term_string}\"},\"query-input\":{\"@type\":\"PropertyValueSpecification\",\"valueRequired\":true,\"valueName\":\"search_term_string\"}}],\"inLanguage\":\"ca-ES\"},{\"@type\":\"Organization\",\"@id\":\"https:\\\/\\\/raed.academy\\\/ca\\\/#organization\",\"name\":\"Real Academia Europea de Doctores\",\"url\":\"https:\\\/\\\/raed.academy\\\/ca\\\/\",\"logo\":{\"@type\":\"ImageObject\",\"inLanguage\":\"ca-ES\",\"@id\":\"https:\\\/\\\/raed.academy\\\/ca\\\/#\\\/schema\\\/logo\\\/image\\\/\",\"url\":\"https:\\\/\\\/raed.academy\\\/wp-content\\\/uploads\\\/2017\\\/01\\\/cropped-logo_raed.png\",\"contentUrl\":\"https:\\\/\\\/raed.academy\\\/wp-content\\\/uploads\\\/2017\\\/01\\\/cropped-logo_raed.png\",\"width\":512,\"height\":512,\"caption\":\"Real Academia Europea de Doctores\"},\"image\":{\"@id\":\"https:\\\/\\\/raed.academy\\\/ca\\\/#\\\/schema\\\/logo\\\/image\\\/\"},\"sameAs\":[\"http:\\\/\\\/fb.me\\\/raed.academy\",\"https:\\\/\\\/x.com\\\/raedacademy\",\"https:\\\/\\\/www.instagram.com\\\/raed.academy\\\/\",\"https:\\\/\\\/www.youtube.com\\\/channel\\\/UCUYQwW2KrdirNWihxMDObwg\"]},{\"@type\":\"Person\",\"@id\":\"https:\\\/\\\/raed.academy\\\/ca\\\/#\\\/schema\\\/person\\\/5a755da80d1d979fd66ba745c8702927\",\"name\":\"RAED\",\"image\":{\"@type\":\"ImageObject\",\"inLanguage\":\"ca-ES\",\"@id\":\"https:\\\/\\\/secure.gravatar.com\\\/avatar\\\/19fdfdc0d67fb9c45714b703a2ac82251c4fcea3637f002ac3c9b74c0183583c?s=96&d=mm&r=g\",\"url\":\"https:\\\/\\\/secure.gravatar.com\\\/avatar\\\/19fdfdc0d67fb9c45714b703a2ac82251c4fcea3637f002ac3c9b74c0183583c?s=96&d=mm&r=g\",\"contentUrl\":\"https:\\\/\\\/secure.gravatar.com\\\/avatar\\\/19fdfdc0d67fb9c45714b703a2ac82251c4fcea3637f002ac3c9b74c0183583c?s=96&d=mm&r=g\",\"caption\":\"RAED\"}}]}<\/script>\n<!-- \/ Yoast SEO plugin. -->","yoast_head_json":{"title":"Barcelona Supercomputer Center, una hist\u00f2ria d'\u00e8xit que mereix ser reconeguda - Reial Acad\u00e8mia Europea de Doctors","description":"Mateo Valero \u00e9s reconegut amb el t\u00edtol de Barcelon\u00ed de l'Any, reconeixent la seva tasca com a impulsor del projecte de supercomputaci\u00f3 MareNostrum","robots":{"index":"index","follow":"follow","max-snippet":"max-snippet:-1","max-image-preview":"max-image-preview:large","max-video-preview":"max-video-preview:-1"},"canonical":"https:\/\/raed.academy\/ca\/barcelona-supercomputer-center-una-historia-dexit-que-mereix-ser-reconeguda\/","og_locale":"ca_ES","og_type":"article","og_title":"Barcelona Supercomputer Center, una hist\u00f2ria d'\u00e8xit que mereix ser reconeguda - Reial Acad\u00e8mia Europea de Doctors","og_description":"Mateo Valero \u00e9s reconegut amb el t\u00edtol de Barcelon\u00ed de l'Any, reconeixent la seva tasca com a impulsor del projecte de supercomputaci\u00f3 MareNostrum","og_url":"https:\/\/raed.academy\/ca\/barcelona-supercomputer-center-una-historia-dexit-que-mereix-ser-reconeguda\/","og_site_name":"Reial Acad\u00e8mia Europea de Doctors","article_publisher":"http:\/\/fb.me\/raed.academy","article_published_time":"2024-10-05T15:41:23+00:00","og_image":[{"width":500,"height":300,"url":"https:\/\/raed.academy\/wp-content\/uploads\/2022\/06\/Mateo-Valero-dst.webp","type":"image\/webp"}],"author":"RAED","twitter_card":"summary_large_image","twitter_creator":"@raedacademy","twitter_site":"@raedacademy","twitter_misc":{"Written by":"RAED","Est. reading time":"5 minutes"},"schema":{"@context":"https:\/\/schema.org","@graph":[{"@type":"Article","@id":"https:\/\/raed.academy\/ca\/barcelona-supercomputer-center-una-historia-dexit-que-mereix-ser-reconeguda\/#article","isPartOf":{"@id":"https:\/\/raed.academy\/ca\/barcelona-supercomputer-center-una-historia-dexit-que-mereix-ser-reconeguda\/"},"author":{"name":"RAED","@id":"https:\/\/raed.academy\/ca\/#\/schema\/person\/5a755da80d1d979fd66ba745c8702927"},"headline":"Barcelona Supercomputer Center, una hist\u00f2ria d&#8217;\u00e8xit que mereix ser reconeguda","datePublished":"2024-10-05T15:41:23+00:00","mainEntityOfPage":{"@id":"https:\/\/raed.academy\/ca\/barcelona-supercomputer-center-una-historia-dexit-que-mereix-ser-reconeguda\/"},"wordCount":874,"publisher":{"@id":"https:\/\/raed.academy\/ca\/#organization"},"image":{"@id":"https:\/\/raed.academy\/ca\/barcelona-supercomputer-center-una-historia-dexit-que-mereix-ser-reconeguda\/#primaryimage"},"thumbnailUrl":"https:\/\/raed.academy\/wp-content\/uploads\/2022\/06\/Mateo-Valero-dst.webp","articleSection":["Computaci\u00f3","Premis, distincions i nomenaments","Tecnologies de la informaci\u00f3 i de la comunicaci\u00f3"],"inLanguage":"ca-ES"},{"@type":"WebPage","@id":"https:\/\/raed.academy\/ca\/barcelona-supercomputer-center-una-historia-dexit-que-mereix-ser-reconeguda\/","url":"https:\/\/raed.academy\/ca\/barcelona-supercomputer-center-una-historia-dexit-que-mereix-ser-reconeguda\/","name":"Barcelona Supercomputer Center, una hist\u00f2ria d'\u00e8xit que mereix ser reconeguda - Reial Acad\u00e8mia Europea de Doctors","isPartOf":{"@id":"https:\/\/raed.academy\/ca\/#website"},"primaryImageOfPage":{"@id":"https:\/\/raed.academy\/ca\/barcelona-supercomputer-center-una-historia-dexit-que-mereix-ser-reconeguda\/#primaryimage"},"image":{"@id":"https:\/\/raed.academy\/ca\/barcelona-supercomputer-center-una-historia-dexit-que-mereix-ser-reconeguda\/#primaryimage"},"thumbnailUrl":"https:\/\/raed.academy\/wp-content\/uploads\/2022\/06\/Mateo-Valero-dst.webp","datePublished":"2024-10-05T15:41:23+00:00","description":"Mateo Valero \u00e9s reconegut amb el t\u00edtol de Barcelon\u00ed de l'Any, reconeixent la seva tasca com a impulsor del projecte de supercomputaci\u00f3 MareNostrum","breadcrumb":{"@id":"https:\/\/raed.academy\/ca\/barcelona-supercomputer-center-una-historia-dexit-que-mereix-ser-reconeguda\/#breadcrumb"},"inLanguage":"ca-ES","potentialAction":[{"@type":"ReadAction","target":["https:\/\/raed.academy\/ca\/barcelona-supercomputer-center-una-historia-dexit-que-mereix-ser-reconeguda\/"]}]},{"@type":"ImageObject","inLanguage":"ca-ES","@id":"https:\/\/raed.academy\/ca\/barcelona-supercomputer-center-una-historia-dexit-que-mereix-ser-reconeguda\/#primaryimage","url":"https:\/\/raed.academy\/wp-content\/uploads\/2022\/06\/Mateo-Valero-dst.webp","contentUrl":"https:\/\/raed.academy\/wp-content\/uploads\/2022\/06\/Mateo-Valero-dst.webp","width":500,"height":300,"caption":"Mateo Valero"},{"@type":"BreadcrumbList","@id":"https:\/\/raed.academy\/ca\/barcelona-supercomputer-center-una-historia-dexit-que-mereix-ser-reconeguda\/#breadcrumb","itemListElement":[{"@type":"ListItem","position":1,"name":"Inicio","item":"https:\/\/raed.academy\/ca\/"},{"@type":"ListItem","position":2,"name":"Barcelona Supercomputer Center, una hist\u00f2ria d&#8217;\u00e8xit que mereix ser reconeguda"}]},{"@type":"WebSite","@id":"https:\/\/raed.academy\/ca\/#website","url":"https:\/\/raed.academy\/ca\/","name":"Reial Acad\u00e8mia Europea de Doctors","description":"Corporaci\u00f3n de derecho p\u00fablico de car\u00e1cter cient\u00edfico, t\u00e9cnico y art\u00edstico, que tiene por objeto la investigaci\u00f3n, el estudio, el fomento y la extensi\u00f3n del conocimiento en su sentido m\u00e1s amplio","publisher":{"@id":"https:\/\/raed.academy\/ca\/#organization"},"potentialAction":[{"@type":"SearchAction","target":{"@type":"EntryPoint","urlTemplate":"https:\/\/raed.academy\/ca\/?s={search_term_string}"},"query-input":{"@type":"PropertyValueSpecification","valueRequired":true,"valueName":"search_term_string"}}],"inLanguage":"ca-ES"},{"@type":"Organization","@id":"https:\/\/raed.academy\/ca\/#organization","name":"Real Academia Europea de Doctores","url":"https:\/\/raed.academy\/ca\/","logo":{"@type":"ImageObject","inLanguage":"ca-ES","@id":"https:\/\/raed.academy\/ca\/#\/schema\/logo\/image\/","url":"https:\/\/raed.academy\/wp-content\/uploads\/2017\/01\/cropped-logo_raed.png","contentUrl":"https:\/\/raed.academy\/wp-content\/uploads\/2017\/01\/cropped-logo_raed.png","width":512,"height":512,"caption":"Real Academia Europea de Doctores"},"image":{"@id":"https:\/\/raed.academy\/ca\/#\/schema\/logo\/image\/"},"sameAs":["http:\/\/fb.me\/raed.academy","https:\/\/x.com\/raedacademy","https:\/\/www.instagram.com\/raed.academy\/","https:\/\/www.youtube.com\/channel\/UCUYQwW2KrdirNWihxMDObwg"]},{"@type":"Person","@id":"https:\/\/raed.academy\/ca\/#\/schema\/person\/5a755da80d1d979fd66ba745c8702927","name":"RAED","image":{"@type":"ImageObject","inLanguage":"ca-ES","@id":"https:\/\/secure.gravatar.com\/avatar\/19fdfdc0d67fb9c45714b703a2ac82251c4fcea3637f002ac3c9b74c0183583c?s=96&d=mm&r=g","url":"https:\/\/secure.gravatar.com\/avatar\/19fdfdc0d67fb9c45714b703a2ac82251c4fcea3637f002ac3c9b74c0183583c?s=96&d=mm&r=g","contentUrl":"https:\/\/secure.gravatar.com\/avatar\/19fdfdc0d67fb9c45714b703a2ac82251c4fcea3637f002ac3c9b74c0183583c?s=96&d=mm&r=g","caption":"RAED"}}]}},"_links":{"self":[{"href":"https:\/\/raed.academy\/ca\/wp-json\/wp\/v2\/posts\/153292","targetHints":{"allow":["GET"]}}],"collection":[{"href":"https:\/\/raed.academy\/ca\/wp-json\/wp\/v2\/posts"}],"about":[{"href":"https:\/\/raed.academy\/ca\/wp-json\/wp\/v2\/types\/post"}],"author":[{"embeddable":true,"href":"https:\/\/raed.academy\/ca\/wp-json\/wp\/v2\/users\/12"}],"replies":[{"embeddable":true,"href":"https:\/\/raed.academy\/ca\/wp-json\/wp\/v2\/comments?post=153292"}],"version-history":[{"count":0,"href":"https:\/\/raed.academy\/ca\/wp-json\/wp\/v2\/posts\/153292\/revisions"}],"wp:featuredmedia":[{"embeddable":true,"href":"https:\/\/raed.academy\/ca\/wp-json\/wp\/v2\/media\/118784"}],"wp:attachment":[{"href":"https:\/\/raed.academy\/ca\/wp-json\/wp\/v2\/media?parent=153292"}],"wp:term":[{"taxonomy":"category","embeddable":true,"href":"https:\/\/raed.academy\/ca\/wp-json\/wp\/v2\/categories?post=153292"},{"taxonomy":"post_tag","embeddable":true,"href":"https:\/\/raed.academy\/ca\/wp-json\/wp\/v2\/tags?post=153292"}],"curies":[{"name":"wp","href":"https:\/\/api.w.org\/{rel}","templated":true}]}}