{"id":152304,"date":"2024-07-30T13:52:33","date_gmt":"2024-07-30T13:52:33","guid":{"rendered":"https:\/\/raed.academy\/?p=152304"},"modified":"2024-07-30T16:05:39","modified_gmt":"2024-07-30T16:05:39","slug":"la-connexio-hongaresa-de-la-reial-academia","status":"publish","type":"post","link":"https:\/\/raed.academy\/ca\/la-connexio-hongaresa-de-la-reial-academia\/","title":{"rendered":"La connexi\u00f3 hongaresa de la Reial Acad\u00e8mia"},"content":{"rendered":"<p><img loading=\"lazy\" decoding=\"async\" class=\"aligncenter size-full wp-image-152279\" src=\"https:\/\/raed.academy\/wp-content\/uploads\/2024\/07\/Universidad-Szechenyi-Istvan-carrusel.webp\" alt=\"\" width=\"1600\" height=\"550\" srcset=\"https:\/\/raed.academy\/wp-content\/uploads\/2024\/07\/Universidad-Szechenyi-Istvan-carrusel.webp 1600w, https:\/\/raed.academy\/wp-content\/uploads\/2024\/07\/Universidad-Szechenyi-Istvan-carrusel-768x264.webp 768w, https:\/\/raed.academy\/wp-content\/uploads\/2024\/07\/Universidad-Szechenyi-Istvan-carrusel-1536x528.webp 1536w, https:\/\/raed.academy\/wp-content\/uploads\/2024\/07\/Universidad-Szechenyi-Istvan-carrusel-1080x371.webp 1080w\" sizes=\"(max-width: 1600px) 100vw, 1600px\" \/><\/p>\n<p>La <strong>Reial Acad\u00e8mia Europea de Doctors-Barcelona 1914<\/strong> (RAED) i la <strong>Universitat Sz\u00e9chenyi Istv\u00e1n<\/strong> d&#8217;Hongria van signar el 10 de juliol passat un nou conveni de col\u00b7laboraci\u00f3 que dona continu\u00eftat al que ja van rubricar l&#8217;any 2020 fruit del <strong>V Congr\u00e9s Internacional de la RAED<\/strong>, que es va celebrar a Budapest aquell any. La cita va aplegar mig centenar d&#8217;acad\u00e8mics i docents d&#8217;aquest centre universitari i de l&#8217;<strong>Acad\u00e8mia de Ci\u00e8ncies d&#8217;Hongria<\/strong>, que van posar en com\u00fa m\u00e9s d&#8217;una vintena de treballs cient\u00edfics de primer ordre i de car\u00e0cter pluridisciplinari. La Reial Acad\u00e8mia va establir una relaci\u00f3 estreta de col\u00b7laboraci\u00f3 amb autoritats acad\u00e8miques d&#8217;Hongria gr\u00e0cies a la mediaci\u00f3 del c\u00f2nsol general d&#8217;Hongria a Barcelona i acad\u00e8mic corresponent electe de la <strong>Reial Acad\u00e8mia Europea de Doctors-Barcelona 1914<\/strong> (RAED), \u200b\u200b<strong>Barnab\u00e1s Kov\u00e1cs<\/strong>.<\/p>\n<p>El nou acord ha estat signat pel rector de la Universitat Sz\u00e9chenyi Istv\u00e1n, <strong>Filep B\u00e1lint<\/strong>, i el president de la <strong>Junta de Govern<\/strong> de la RAED, <a href=\"https:\/\/raed.academy\/ca\/academics\/dr-alfredo-rocafort-nicolau\/\" target=\"_blank\" rel=\"noopener\"><em><strong>Alfredo Rocafort<\/strong><\/em><\/a>, per refor\u00e7ar els lla\u00e7os entre ambdues institucions. Tot aix\u00f2 mitjan\u00e7ant la participaci\u00f3 en actes institucionals i organitzaci\u00f3 d&#8217;esdeveniments que resultin d&#8217;inter\u00e8s com\u00fa i promoguin el coneixement acad\u00e8mic i la transmissi\u00f3 de coneixement. En aquest sentit, totes dues institucions acorden la col\u00b7laboraci\u00f3 en l&#8217;\u00e0mbit acad\u00e8mic impulsant activitats interdisciplin\u00e0ries des de l&#8217;\u00e0mbit cient\u00edfic, t\u00e8cnic i cultural, promovent iniciatives de car\u00e0cter multidisciplinar, fomentant l&#8217;estudi, la investigaci\u00f3 i l&#8217;ensenyament, contribuint al desenvolupament de les ci\u00e8ncies, les lletres, les arts i de tot all\u00f2 que tendeixi a la difusi\u00f3 de la cultura i impulsant trobades tant de forma presencial com en l\u00ednia de cient\u00edfics de reconegut prestigi d&#8217;ambdues entitats per impartir confer\u00e8ncies.<\/p>\n<p>L&#8217;acord preveu que cadascuna de les parts en podr\u00e0 fer \u00fas tant de la imatge corporativa com de les instal\u00b7lacions dins de les actuacions pactades. Cadascuna de les institucions signants complir\u00e0 amb tota la normativa pertinent aplicable a la seva jurisdicci\u00f3, inclosa la normativa fiscal i la relativa a la privacitat. El conveni tindr\u00e0 una vig\u00e8ncia de cinc anys, que seran prorrogables amb l&#8217;acord de les dues parts.<\/p>\n","protected":false},"excerpt":{"rendered":"<p>La RAED i la Universitat Sz\u00e9chenyi Istv\u00e1n d&#8217;Hongria signen un nou conveni de col\u00b7laboraci\u00f3 que d\u00f3na continu\u00eftat al que ja van rubricar l&#8217;any 2020 fruit del V Congr\u00e9s Internacional de la RAED<\/p>\n","protected":false},"author":12,"featured_media":152283,"comment_status":"closed","ping_status":"closed","sticky":false,"template":"","format":"standard","meta":{"_et_pb_use_builder":"","_et_pb_old_content":"","_et_gb_content_width":"","footnotes":""},"categories":[72],"tags":[],"class_list":["post-152304","post","type-post","status-publish","format-standard","has-post-thumbnail","hentry","category-uncategorized-ca","et-has-post-format-content","et_post_format-et-post-format-standard"],"yoast_head":"<!-- This site is optimized with the Yoast SEO plugin v27.5 - https:\/\/yoast.com\/product\/yoast-seo-wordpress\/ -->\n<title>La connexi\u00f3 hongaresa de la Reial Acad\u00e8mia - Reial Acad\u00e8mia Europea de Doctors<\/title>\n<meta name=\"description\" content=\"La RAED i la Universitat Sz\u00e9chenyi Istv\u00e1n d&#039;Hongria signen un nou conveni de col\u00b7laboraci\u00f3 fruit del V Congr\u00e9s Internacional de la RAED\" \/>\n<meta name=\"robots\" content=\"index, follow, max-snippet:-1, max-image-preview:large, max-video-preview:-1\" \/>\n<link rel=\"canonical\" href=\"https:\/\/raed.academy\/ca\/la-connexio-hongaresa-de-la-reial-academia\/\" \/>\n<meta property=\"og:locale\" content=\"ca_ES\" \/>\n<meta property=\"og:type\" content=\"article\" \/>\n<meta property=\"og:title\" content=\"La connexi\u00f3 hongaresa de la Reial Acad\u00e8mia - Reial Acad\u00e8mia Europea de Doctors\" \/>\n<meta property=\"og:description\" content=\"La RAED i la Universitat Sz\u00e9chenyi Istv\u00e1n d&#039;Hongria signen un nou conveni de col\u00b7laboraci\u00f3 fruit del V Congr\u00e9s Internacional de la RAED\" \/>\n<meta property=\"og:url\" content=\"https:\/\/raed.academy\/ca\/la-connexio-hongaresa-de-la-reial-academia\/\" \/>\n<meta property=\"og:site_name\" content=\"Reial Acad\u00e8mia Europea de Doctors\" \/>\n<meta property=\"article:publisher\" content=\"http:\/\/fb.me\/raed.academy\" \/>\n<meta property=\"article:published_time\" content=\"2024-07-30T13:52:33+00:00\" \/>\n<meta property=\"article:modified_time\" content=\"2024-07-30T16:05:39+00:00\" \/>\n<meta property=\"og:image\" content=\"https:\/\/raed.academy\/wp-content\/uploads\/2024\/07\/Universidad-Szechenyi-Istvan-dst.webp\" \/>\n\t<meta property=\"og:image:width\" content=\"600\" \/>\n\t<meta property=\"og:image:height\" content=\"360\" \/>\n\t<meta property=\"og:image:type\" content=\"image\/webp\" \/>\n<meta name=\"author\" content=\"RAED\" \/>\n<meta name=\"twitter:card\" content=\"summary_large_image\" \/>\n<meta name=\"twitter:creator\" content=\"@raedacademy\" \/>\n<meta name=\"twitter:site\" content=\"@raedacademy\" \/>\n<meta name=\"twitter:label1\" content=\"Written by\" \/>\n\t<meta name=\"twitter:data1\" content=\"RAED\" \/>\n\t<meta name=\"twitter:label2\" content=\"Est. reading time\" \/>\n\t<meta name=\"twitter:data2\" content=\"2 minutes\" \/>\n<script type=\"application\/ld+json\" class=\"yoast-schema-graph\">{\"@context\":\"https:\\\/\\\/schema.org\",\"@graph\":[{\"@type\":\"Article\",\"@id\":\"https:\\\/\\\/raed.academy\\\/ca\\\/la-connexio-hongaresa-de-la-reial-academia\\\/#article\",\"isPartOf\":{\"@id\":\"https:\\\/\\\/raed.academy\\\/ca\\\/la-connexio-hongaresa-de-la-reial-academia\\\/\"},\"author\":{\"name\":\"RAED\",\"@id\":\"https:\\\/\\\/raed.academy\\\/ca\\\/#\\\/schema\\\/person\\\/5a755da80d1d979fd66ba745c8702927\"},\"headline\":\"La connexi\u00f3 hongaresa de la Reial Acad\u00e8mia\",\"datePublished\":\"2024-07-30T13:52:33+00:00\",\"dateModified\":\"2024-07-30T16:05:39+00:00\",\"mainEntityOfPage\":{\"@id\":\"https:\\\/\\\/raed.academy\\\/ca\\\/la-connexio-hongaresa-de-la-reial-academia\\\/\"},\"wordCount\":393,\"publisher\":{\"@id\":\"https:\\\/\\\/raed.academy\\\/ca\\\/#organization\"},\"image\":{\"@id\":\"https:\\\/\\\/raed.academy\\\/ca\\\/la-connexio-hongaresa-de-la-reial-academia\\\/#primaryimage\"},\"thumbnailUrl\":\"https:\\\/\\\/raed.academy\\\/wp-content\\\/uploads\\\/2024\\\/07\\\/Universidad-Szechenyi-Istvan-dst.webp\",\"articleSection\":[\"Uncategorized @ca\"],\"inLanguage\":\"ca-ES\"},{\"@type\":\"WebPage\",\"@id\":\"https:\\\/\\\/raed.academy\\\/ca\\\/la-connexio-hongaresa-de-la-reial-academia\\\/\",\"url\":\"https:\\\/\\\/raed.academy\\\/ca\\\/la-connexio-hongaresa-de-la-reial-academia\\\/\",\"name\":\"La connexi\u00f3 hongaresa de la Reial Acad\u00e8mia - Reial Acad\u00e8mia Europea de Doctors\",\"isPartOf\":{\"@id\":\"https:\\\/\\\/raed.academy\\\/ca\\\/#website\"},\"primaryImageOfPage\":{\"@id\":\"https:\\\/\\\/raed.academy\\\/ca\\\/la-connexio-hongaresa-de-la-reial-academia\\\/#primaryimage\"},\"image\":{\"@id\":\"https:\\\/\\\/raed.academy\\\/ca\\\/la-connexio-hongaresa-de-la-reial-academia\\\/#primaryimage\"},\"thumbnailUrl\":\"https:\\\/\\\/raed.academy\\\/wp-content\\\/uploads\\\/2024\\\/07\\\/Universidad-Szechenyi-Istvan-dst.webp\",\"datePublished\":\"2024-07-30T13:52:33+00:00\",\"dateModified\":\"2024-07-30T16:05:39+00:00\",\"description\":\"La RAED i la Universitat Sz\u00e9chenyi Istv\u00e1n d'Hongria signen un nou conveni de col\u00b7laboraci\u00f3 fruit del V Congr\u00e9s Internacional de la RAED\",\"breadcrumb\":{\"@id\":\"https:\\\/\\\/raed.academy\\\/ca\\\/la-connexio-hongaresa-de-la-reial-academia\\\/#breadcrumb\"},\"inLanguage\":\"ca-ES\",\"potentialAction\":[{\"@type\":\"ReadAction\",\"target\":[\"https:\\\/\\\/raed.academy\\\/ca\\\/la-connexio-hongaresa-de-la-reial-academia\\\/\"]}]},{\"@type\":\"ImageObject\",\"inLanguage\":\"ca-ES\",\"@id\":\"https:\\\/\\\/raed.academy\\\/ca\\\/la-connexio-hongaresa-de-la-reial-academia\\\/#primaryimage\",\"url\":\"https:\\\/\\\/raed.academy\\\/wp-content\\\/uploads\\\/2024\\\/07\\\/Universidad-Szechenyi-Istvan-dst.webp\",\"contentUrl\":\"https:\\\/\\\/raed.academy\\\/wp-content\\\/uploads\\\/2024\\\/07\\\/Universidad-Szechenyi-Istvan-dst.webp\",\"width\":600,\"height\":360},{\"@type\":\"BreadcrumbList\",\"@id\":\"https:\\\/\\\/raed.academy\\\/ca\\\/la-connexio-hongaresa-de-la-reial-academia\\\/#breadcrumb\",\"itemListElement\":[{\"@type\":\"ListItem\",\"position\":1,\"name\":\"Inicio\",\"item\":\"https:\\\/\\\/raed.academy\\\/ca\\\/\"},{\"@type\":\"ListItem\",\"position\":2,\"name\":\"La connexi\u00f3 hongaresa de la Reial Acad\u00e8mia\"}]},{\"@type\":\"WebSite\",\"@id\":\"https:\\\/\\\/raed.academy\\\/ca\\\/#website\",\"url\":\"https:\\\/\\\/raed.academy\\\/ca\\\/\",\"name\":\"Reial Acad\u00e8mia Europea de Doctors\",\"description\":\"Corporaci\u00f3n de derecho p\u00fablico de car\u00e1cter cient\u00edfico, t\u00e9cnico y art\u00edstico, que tiene por objeto la investigaci\u00f3n, el estudio, el fomento y la extensi\u00f3n del conocimiento en su sentido m\u00e1s amplio\",\"publisher\":{\"@id\":\"https:\\\/\\\/raed.academy\\\/ca\\\/#organization\"},\"potentialAction\":[{\"@type\":\"SearchAction\",\"target\":{\"@type\":\"EntryPoint\",\"urlTemplate\":\"https:\\\/\\\/raed.academy\\\/ca\\\/?s={search_term_string}\"},\"query-input\":{\"@type\":\"PropertyValueSpecification\",\"valueRequired\":true,\"valueName\":\"search_term_string\"}}],\"inLanguage\":\"ca-ES\"},{\"@type\":\"Organization\",\"@id\":\"https:\\\/\\\/raed.academy\\\/ca\\\/#organization\",\"name\":\"Real Academia Europea de Doctores\",\"url\":\"https:\\\/\\\/raed.academy\\\/ca\\\/\",\"logo\":{\"@type\":\"ImageObject\",\"inLanguage\":\"ca-ES\",\"@id\":\"https:\\\/\\\/raed.academy\\\/ca\\\/#\\\/schema\\\/logo\\\/image\\\/\",\"url\":\"https:\\\/\\\/raed.academy\\\/wp-content\\\/uploads\\\/2017\\\/01\\\/cropped-logo_raed.png\",\"contentUrl\":\"https:\\\/\\\/raed.academy\\\/wp-content\\\/uploads\\\/2017\\\/01\\\/cropped-logo_raed.png\",\"width\":512,\"height\":512,\"caption\":\"Real Academia Europea de Doctores\"},\"image\":{\"@id\":\"https:\\\/\\\/raed.academy\\\/ca\\\/#\\\/schema\\\/logo\\\/image\\\/\"},\"sameAs\":[\"http:\\\/\\\/fb.me\\\/raed.academy\",\"https:\\\/\\\/x.com\\\/raedacademy\",\"https:\\\/\\\/www.instagram.com\\\/raed.academy\\\/\",\"https:\\\/\\\/www.youtube.com\\\/channel\\\/UCUYQwW2KrdirNWihxMDObwg\"]},{\"@type\":\"Person\",\"@id\":\"https:\\\/\\\/raed.academy\\\/ca\\\/#\\\/schema\\\/person\\\/5a755da80d1d979fd66ba745c8702927\",\"name\":\"RAED\",\"image\":{\"@type\":\"ImageObject\",\"inLanguage\":\"ca-ES\",\"@id\":\"https:\\\/\\\/secure.gravatar.com\\\/avatar\\\/19fdfdc0d67fb9c45714b703a2ac82251c4fcea3637f002ac3c9b74c0183583c?s=96&d=mm&r=g\",\"url\":\"https:\\\/\\\/secure.gravatar.com\\\/avatar\\\/19fdfdc0d67fb9c45714b703a2ac82251c4fcea3637f002ac3c9b74c0183583c?s=96&d=mm&r=g\",\"contentUrl\":\"https:\\\/\\\/secure.gravatar.com\\\/avatar\\\/19fdfdc0d67fb9c45714b703a2ac82251c4fcea3637f002ac3c9b74c0183583c?s=96&d=mm&r=g\",\"caption\":\"RAED\"}}]}<\/script>\n<!-- \/ Yoast SEO plugin. -->","yoast_head_json":{"title":"La connexi\u00f3 hongaresa de la Reial Acad\u00e8mia - Reial Acad\u00e8mia Europea de Doctors","description":"La RAED i la Universitat Sz\u00e9chenyi Istv\u00e1n d'Hongria signen un nou conveni de col\u00b7laboraci\u00f3 fruit del V Congr\u00e9s Internacional de la RAED","robots":{"index":"index","follow":"follow","max-snippet":"max-snippet:-1","max-image-preview":"max-image-preview:large","max-video-preview":"max-video-preview:-1"},"canonical":"https:\/\/raed.academy\/ca\/la-connexio-hongaresa-de-la-reial-academia\/","og_locale":"ca_ES","og_type":"article","og_title":"La connexi\u00f3 hongaresa de la Reial Acad\u00e8mia - Reial Acad\u00e8mia Europea de Doctors","og_description":"La RAED i la Universitat Sz\u00e9chenyi Istv\u00e1n d'Hongria signen un nou conveni de col\u00b7laboraci\u00f3 fruit del V Congr\u00e9s Internacional de la RAED","og_url":"https:\/\/raed.academy\/ca\/la-connexio-hongaresa-de-la-reial-academia\/","og_site_name":"Reial Acad\u00e8mia Europea de Doctors","article_publisher":"http:\/\/fb.me\/raed.academy","article_published_time":"2024-07-30T13:52:33+00:00","article_modified_time":"2024-07-30T16:05:39+00:00","og_image":[{"width":600,"height":360,"url":"https:\/\/raed.academy\/wp-content\/uploads\/2024\/07\/Universidad-Szechenyi-Istvan-dst.webp","type":"image\/webp"}],"author":"RAED","twitter_card":"summary_large_image","twitter_creator":"@raedacademy","twitter_site":"@raedacademy","twitter_misc":{"Written by":"RAED","Est. reading time":"2 minutes"},"schema":{"@context":"https:\/\/schema.org","@graph":[{"@type":"Article","@id":"https:\/\/raed.academy\/ca\/la-connexio-hongaresa-de-la-reial-academia\/#article","isPartOf":{"@id":"https:\/\/raed.academy\/ca\/la-connexio-hongaresa-de-la-reial-academia\/"},"author":{"name":"RAED","@id":"https:\/\/raed.academy\/ca\/#\/schema\/person\/5a755da80d1d979fd66ba745c8702927"},"headline":"La connexi\u00f3 hongaresa de la Reial Acad\u00e8mia","datePublished":"2024-07-30T13:52:33+00:00","dateModified":"2024-07-30T16:05:39+00:00","mainEntityOfPage":{"@id":"https:\/\/raed.academy\/ca\/la-connexio-hongaresa-de-la-reial-academia\/"},"wordCount":393,"publisher":{"@id":"https:\/\/raed.academy\/ca\/#organization"},"image":{"@id":"https:\/\/raed.academy\/ca\/la-connexio-hongaresa-de-la-reial-academia\/#primaryimage"},"thumbnailUrl":"https:\/\/raed.academy\/wp-content\/uploads\/2024\/07\/Universidad-Szechenyi-Istvan-dst.webp","articleSection":["Uncategorized @ca"],"inLanguage":"ca-ES"},{"@type":"WebPage","@id":"https:\/\/raed.academy\/ca\/la-connexio-hongaresa-de-la-reial-academia\/","url":"https:\/\/raed.academy\/ca\/la-connexio-hongaresa-de-la-reial-academia\/","name":"La connexi\u00f3 hongaresa de la Reial Acad\u00e8mia - Reial Acad\u00e8mia Europea de Doctors","isPartOf":{"@id":"https:\/\/raed.academy\/ca\/#website"},"primaryImageOfPage":{"@id":"https:\/\/raed.academy\/ca\/la-connexio-hongaresa-de-la-reial-academia\/#primaryimage"},"image":{"@id":"https:\/\/raed.academy\/ca\/la-connexio-hongaresa-de-la-reial-academia\/#primaryimage"},"thumbnailUrl":"https:\/\/raed.academy\/wp-content\/uploads\/2024\/07\/Universidad-Szechenyi-Istvan-dst.webp","datePublished":"2024-07-30T13:52:33+00:00","dateModified":"2024-07-30T16:05:39+00:00","description":"La RAED i la Universitat Sz\u00e9chenyi Istv\u00e1n d'Hongria signen un nou conveni de col\u00b7laboraci\u00f3 fruit del V Congr\u00e9s Internacional de la RAED","breadcrumb":{"@id":"https:\/\/raed.academy\/ca\/la-connexio-hongaresa-de-la-reial-academia\/#breadcrumb"},"inLanguage":"ca-ES","potentialAction":[{"@type":"ReadAction","target":["https:\/\/raed.academy\/ca\/la-connexio-hongaresa-de-la-reial-academia\/"]}]},{"@type":"ImageObject","inLanguage":"ca-ES","@id":"https:\/\/raed.academy\/ca\/la-connexio-hongaresa-de-la-reial-academia\/#primaryimage","url":"https:\/\/raed.academy\/wp-content\/uploads\/2024\/07\/Universidad-Szechenyi-Istvan-dst.webp","contentUrl":"https:\/\/raed.academy\/wp-content\/uploads\/2024\/07\/Universidad-Szechenyi-Istvan-dst.webp","width":600,"height":360},{"@type":"BreadcrumbList","@id":"https:\/\/raed.academy\/ca\/la-connexio-hongaresa-de-la-reial-academia\/#breadcrumb","itemListElement":[{"@type":"ListItem","position":1,"name":"Inicio","item":"https:\/\/raed.academy\/ca\/"},{"@type":"ListItem","position":2,"name":"La connexi\u00f3 hongaresa de la Reial Acad\u00e8mia"}]},{"@type":"WebSite","@id":"https:\/\/raed.academy\/ca\/#website","url":"https:\/\/raed.academy\/ca\/","name":"Reial Acad\u00e8mia Europea de Doctors","description":"Corporaci\u00f3n de derecho p\u00fablico de car\u00e1cter cient\u00edfico, t\u00e9cnico y art\u00edstico, que tiene por objeto la investigaci\u00f3n, el estudio, el fomento y la extensi\u00f3n del conocimiento en su sentido m\u00e1s amplio","publisher":{"@id":"https:\/\/raed.academy\/ca\/#organization"},"potentialAction":[{"@type":"SearchAction","target":{"@type":"EntryPoint","urlTemplate":"https:\/\/raed.academy\/ca\/?s={search_term_string}"},"query-input":{"@type":"PropertyValueSpecification","valueRequired":true,"valueName":"search_term_string"}}],"inLanguage":"ca-ES"},{"@type":"Organization","@id":"https:\/\/raed.academy\/ca\/#organization","name":"Real Academia Europea de Doctores","url":"https:\/\/raed.academy\/ca\/","logo":{"@type":"ImageObject","inLanguage":"ca-ES","@id":"https:\/\/raed.academy\/ca\/#\/schema\/logo\/image\/","url":"https:\/\/raed.academy\/wp-content\/uploads\/2017\/01\/cropped-logo_raed.png","contentUrl":"https:\/\/raed.academy\/wp-content\/uploads\/2017\/01\/cropped-logo_raed.png","width":512,"height":512,"caption":"Real Academia Europea de Doctores"},"image":{"@id":"https:\/\/raed.academy\/ca\/#\/schema\/logo\/image\/"},"sameAs":["http:\/\/fb.me\/raed.academy","https:\/\/x.com\/raedacademy","https:\/\/www.instagram.com\/raed.academy\/","https:\/\/www.youtube.com\/channel\/UCUYQwW2KrdirNWihxMDObwg"]},{"@type":"Person","@id":"https:\/\/raed.academy\/ca\/#\/schema\/person\/5a755da80d1d979fd66ba745c8702927","name":"RAED","image":{"@type":"ImageObject","inLanguage":"ca-ES","@id":"https:\/\/secure.gravatar.com\/avatar\/19fdfdc0d67fb9c45714b703a2ac82251c4fcea3637f002ac3c9b74c0183583c?s=96&d=mm&r=g","url":"https:\/\/secure.gravatar.com\/avatar\/19fdfdc0d67fb9c45714b703a2ac82251c4fcea3637f002ac3c9b74c0183583c?s=96&d=mm&r=g","contentUrl":"https:\/\/secure.gravatar.com\/avatar\/19fdfdc0d67fb9c45714b703a2ac82251c4fcea3637f002ac3c9b74c0183583c?s=96&d=mm&r=g","caption":"RAED"}}]}},"_links":{"self":[{"href":"https:\/\/raed.academy\/ca\/wp-json\/wp\/v2\/posts\/152304","targetHints":{"allow":["GET"]}}],"collection":[{"href":"https:\/\/raed.academy\/ca\/wp-json\/wp\/v2\/posts"}],"about":[{"href":"https:\/\/raed.academy\/ca\/wp-json\/wp\/v2\/types\/post"}],"author":[{"embeddable":true,"href":"https:\/\/raed.academy\/ca\/wp-json\/wp\/v2\/users\/12"}],"replies":[{"embeddable":true,"href":"https:\/\/raed.academy\/ca\/wp-json\/wp\/v2\/comments?post=152304"}],"version-history":[{"count":0,"href":"https:\/\/raed.academy\/ca\/wp-json\/wp\/v2\/posts\/152304\/revisions"}],"wp:featuredmedia":[{"embeddable":true,"href":"https:\/\/raed.academy\/ca\/wp-json\/wp\/v2\/media\/152283"}],"wp:attachment":[{"href":"https:\/\/raed.academy\/ca\/wp-json\/wp\/v2\/media?parent=152304"}],"wp:term":[{"taxonomy":"category","embeddable":true,"href":"https:\/\/raed.academy\/ca\/wp-json\/wp\/v2\/categories?post=152304"},{"taxonomy":"post_tag","embeddable":true,"href":"https:\/\/raed.academy\/ca\/wp-json\/wp\/v2\/tags?post=152304"}],"curies":[{"name":"wp","href":"https:\/\/api.w.org\/{rel}","templated":true}]}}