{"id":152292,"date":"2024-07-30T13:35:49","date_gmt":"2024-07-30T13:35:49","guid":{"rendered":"https:\/\/raed.academy\/?p=152292"},"modified":"2024-07-30T13:35:49","modified_gmt":"2024-07-30T13:35:49","slug":"una-decada-formant-joves-liders","status":"publish","type":"post","link":"https:\/\/raed.academy\/ca\/una-decada-formant-joves-liders\/","title":{"rendered":"Una d\u00e8cada formant joves l\u00edders"},"content":{"rendered":"<div id=\"attachment_148629\" style=\"width: 510px\" class=\"wp-caption aligncenter\"><img loading=\"lazy\" decoding=\"async\" aria-describedby=\"caption-attachment-148629\" class=\"wp-image-148629 size-full\" src=\"https:\/\/raed.academy\/wp-content\/uploads\/2024\/05\/Rosalia-Arteaga-dst.webp\" alt=\"Rosal\u00eda Arteaga\" width=\"500\" height=\"300\" srcset=\"https:\/\/raed.academy\/wp-content\/uploads\/2024\/05\/Rosalia-Arteaga-dst.webp 500w, https:\/\/raed.academy\/wp-content\/uploads\/2024\/05\/Rosalia-Arteaga-dst-440x264.webp 440w\" sizes=\"(max-width: 500px) 100vw, 500px\" \/><p id=\"caption-attachment-148629\" class=\"wp-caption-text\">Dra. Rosal\u00eda Arteaga<\/p><\/div>\n<p><a href=\"https:\/\/raed.academy\/ca\/academics\/dra-rosalia-arteaga-serrano\/\" target=\"_blank\" rel=\"noopener\"><em><strong>Rosal\u00eda Arteaga<\/strong><\/em><\/a>, expresidenta i exministra d&#8217;Educaci\u00f3 d&#8217;Equador, presidenta de la <strong>Fundaci\u00f3 per al Desenvolupament d&#8217;Am\u00e8rica Llatina<\/strong>, reconeguda activista per l&#8217;educaci\u00f3 i la inf\u00e0ncia i acad\u00e8mica d&#8217;honor i membre del <strong>Senat<\/strong> de la <strong>Reial Acad\u00e8mia Europea de Doctors-Barcelona 1914<\/strong> (RAED), va obrir el passat 28 de juny la desena edici\u00f3 de l&#8217;<strong>Escola de Lideratge<\/strong>, que va donar la benvinguda a 60 becaris cridats a formar part d&#8217;una nova generaci\u00f3 de l\u00edders equatorians. Els joves van arribar de tot arreu de l&#8217;Equador per capacitar-se en diferents tem\u00e0tiques que els permetin desenvolupar-se com a agents de canvi positiu a la societat.<\/p>\n<p>Dissenyada per a joves de 16 a 18 anys, l&#8217;Escola de Lideratge es desenvolupa mitjan\u00e7ant f\u00f2rums i experi\u00e8ncies amb l\u00edders socials i pol\u00edtics. El projecte t\u00e9 com a objectiu promoure la construcci\u00f3 de capacitats i el desenvolupament formatiu de joves l\u00edders i respon a un proc\u00e9s institucional d&#8217;aprenentatge continu i de desenvolupament d&#8217;iniciatives i la promoci\u00f3 de valors democr\u00e0tics. Aix\u00ed mateix, busca desenvolupar capacitats t\u00e8cniques de gestors p\u00fablics i privats potencials, aprofundir processos formatius que redundin a enfortir l&#8217;acci\u00f3 \u00e8tica i la qualificaci\u00f3 de lideratges que aportin i respectin la institucionalitat de la democr\u00e0cia i, sobretot, generar la capacitat estrat\u00e8gica d&#8217;influir en les pol\u00edtiques p\u00fabliques orientades al desenvolupament, amb enfocament particular a millorar la qualitat de vida de tots els equatorians.<\/p>\n<p><img loading=\"lazy\" decoding=\"async\" class=\"alignleft wp-image-144910\" src=\"https:\/\/raed.academy\/wp-content\/uploads\/2024\/02\/bandera-Ecuador-licencia-pixabay.com_.webp\" alt=\"\" width=\"543\" height=\"326\" srcset=\"https:\/\/raed.academy\/wp-content\/uploads\/2024\/02\/bandera-Ecuador-licencia-pixabay.com_.webp 600w, https:\/\/raed.academy\/wp-content\/uploads\/2024\/02\/bandera-Ecuador-licencia-pixabay.com_-440x264.webp 440w\" sizes=\"(max-width: 543px) 100vw, 543px\" \/>Les xifres d&#8217;aquesta primera d\u00e8cada evidencien l&#8217;\u00e8xit de la iniciativa: a l&#8217;Escola de Lideratge ja s&#8217;han graduat m\u00e9s de mig miler de joves que s&#8217;exerceixen en \u00e0rees p\u00fabliques i privades importants com assessors parlamentaris, pol\u00edtics, representants de l&#8217;Administraci\u00f3, l\u00edders empresarials i emprenedors i l\u00edders socials i dONG. &#8220;L&#8217;Escola de Lideratge continua sent espai essencial per a la formaci\u00f3 de joves compromesos amb el desenvolupament de l&#8217;Equador. A trav\u00e9s d&#8217;una educaci\u00f3 integral i el suport d&#8217;experts, els nous becaris s&#8217;estan preparant per assumir rols importants i contribuir activament al progr\u00e9s i el benestar de la societat equatoriana. Amb cada generaci\u00f3, l&#8217;escola refor\u00e7a la seva missi\u00f3 d&#8217;apoderar els l\u00edders del dem\u00e0, sembrant les llavors d&#8217;un futur prometedor&#8221;, assenyala la Fundaci\u00f3 per al Desenvolupament d&#8217;Am\u00e8rica Llatina.<\/p>\n<p>Durant m\u00e9s de dues d\u00e8cades, Arteaga ha liderat transformacions en el camp de l&#8217;educaci\u00f3 i la cultura a l&#8217;Equador. A m\u00e9s de ser ministra d&#8217;Educaci\u00f3, s&#8217;ha destacat pel seu lideratge en temes educatius des de la societat civil, el comprom\u00eds amb la democr\u00e0cia, la sostenibilitat ambiental i la capacitat per identificar problemes i dissenyar iniciatives innovadores, per generar un impacte social que l&#8217;actual model d&#8217;ensenyament en l\u00ednia potenciat per la pand\u00e8mia ara afavoreix. L&#8217;acad\u00e8mica va refor\u00e7ar aquesta imatge despr\u00e9s de la candidatura a la <strong>Secretaria General Iberoamericana<\/strong>, organitzaci\u00f3 creada l&#8217;any 2003 que agrupa els 22 pa\u00efsos que conformen la comunitat iberoamericana, i a la <strong>Secretaria General<\/strong> de l&#8217;<strong>Organitzaci\u00f3 de les Nacions Unides<\/strong> a proposta de l&#8217;organitzaci\u00f3 juvenil <strong>Forward<\/strong>. Una candidatura popular que l&#8217;ONU no va arribar a formalitzar malgrat preveure aquest tipus d&#8217;iniciatives als seus reglaments, per\u00f2 que va permetre a l&#8217;acad\u00e8mica d&#8217;honor reivindicar el paper de la societat civil i m\u00e9s en particular de la joventut iberoamericana.<\/p>\n","protected":false},"excerpt":{"rendered":"<p>Rosal\u00eda Arteaga, expresidenta de l&#8217;Equador, obre la desena edici\u00f3 de l&#8217;Escola de Lideratge, que va donar la benvinguda a 60 becaris cridats a formar part d&#8217;una nova generaci\u00f3 de l\u00edders equatorians<\/p>\n","protected":false},"author":12,"featured_media":144911,"comment_status":"closed","ping_status":"closed","sticky":false,"template":"","format":"standard","meta":{"_et_pb_use_builder":"","_et_pb_old_content":"","_et_gb_content_width":"","footnotes":""},"categories":[316,233,496,217],"tags":[],"class_list":["post-152292","post","type-post","status-publish","format-standard","has-post-thumbnail","hentry","category-docencia-ca","category-economiques-i-empresarials","category-educacio-etica-i-valors-ca","category-missions-humanitaries-ong-fundacions","et-has-post-format-content","et_post_format-et-post-format-standard"],"yoast_head":"<!-- This site is optimized with the Yoast SEO plugin v27.4 - https:\/\/yoast.com\/product\/yoast-seo-wordpress\/ -->\n<title>Una d\u00e8cada formant joves l\u00edders - Reial Acad\u00e8mia Europea de Doctors<\/title>\n<meta name=\"description\" content=\"Rosal\u00eda Arteaga abre la 10a edici\u00f3n de la\u00a0Escuela de Liderazgo, que dio la bienvenida a 60 becarios llamados a formar parte\" \/>\n<meta name=\"robots\" content=\"index, follow, max-snippet:-1, max-image-preview:large, max-video-preview:-1\" \/>\n<link rel=\"canonical\" href=\"https:\/\/raed.academy\/ca\/una-decada-formant-joves-liders\/\" \/>\n<meta property=\"og:locale\" content=\"ca_ES\" \/>\n<meta property=\"og:type\" content=\"article\" \/>\n<meta property=\"og:title\" content=\"Una d\u00e8cada formant joves l\u00edders - Reial Acad\u00e8mia Europea de Doctors\" \/>\n<meta property=\"og:description\" content=\"Rosal\u00eda Arteaga abre la 10a edici\u00f3n de la\u00a0Escuela de Liderazgo, que dio la bienvenida a 60 becarios llamados a formar parte\" \/>\n<meta property=\"og:url\" content=\"https:\/\/raed.academy\/ca\/una-decada-formant-joves-liders\/\" \/>\n<meta property=\"og:site_name\" content=\"Reial Acad\u00e8mia Europea de Doctors\" \/>\n<meta property=\"article:publisher\" content=\"http:\/\/fb.me\/raed.academy\" \/>\n<meta property=\"article:published_time\" content=\"2024-07-30T13:35:49+00:00\" \/>\n<meta property=\"og:image\" content=\"https:\/\/raed.academy\/wp-content\/uploads\/2024\/02\/bandera-Ecuador-licencia-pixabay.com_.webp\" \/>\n\t<meta property=\"og:image:width\" content=\"600\" \/>\n\t<meta property=\"og:image:height\" content=\"360\" \/>\n\t<meta property=\"og:image:type\" content=\"image\/webp\" \/>\n<meta name=\"author\" content=\"RAED\" \/>\n<meta name=\"twitter:card\" content=\"summary_large_image\" \/>\n<meta name=\"twitter:creator\" content=\"@raedacademy\" \/>\n<meta name=\"twitter:site\" content=\"@raedacademy\" \/>\n<meta name=\"twitter:label1\" content=\"Written by\" \/>\n\t<meta name=\"twitter:data1\" content=\"RAED\" \/>\n\t<meta name=\"twitter:label2\" content=\"Est. reading time\" \/>\n\t<meta name=\"twitter:data2\" content=\"3 minutes\" \/>\n<script type=\"application\/ld+json\" class=\"yoast-schema-graph\">{\"@context\":\"https:\\\/\\\/schema.org\",\"@graph\":[{\"@type\":\"Article\",\"@id\":\"https:\\\/\\\/raed.academy\\\/ca\\\/una-decada-formant-joves-liders\\\/#article\",\"isPartOf\":{\"@id\":\"https:\\\/\\\/raed.academy\\\/ca\\\/una-decada-formant-joves-liders\\\/\"},\"author\":{\"name\":\"RAED\",\"@id\":\"https:\\\/\\\/raed.academy\\\/ca\\\/#\\\/schema\\\/person\\\/5a755da80d1d979fd66ba745c8702927\"},\"headline\":\"Una d\u00e8cada formant joves l\u00edders\",\"datePublished\":\"2024-07-30T13:35:49+00:00\",\"mainEntityOfPage\":{\"@id\":\"https:\\\/\\\/raed.academy\\\/ca\\\/una-decada-formant-joves-liders\\\/\"},\"wordCount\":598,\"publisher\":{\"@id\":\"https:\\\/\\\/raed.academy\\\/ca\\\/#organization\"},\"image\":{\"@id\":\"https:\\\/\\\/raed.academy\\\/ca\\\/una-decada-formant-joves-liders\\\/#primaryimage\"},\"thumbnailUrl\":\"https:\\\/\\\/raed.academy\\\/wp-content\\\/uploads\\\/2024\\\/02\\\/bandera-Ecuador-licencia-pixabay.com_.webp\",\"articleSection\":[\"Doc\u00e8ncia\",\"Econ\u00f2miques i Empresarials\",\"Educaci\u00f3, \u00e8tica i valors\",\"Missions humanit\u00e0ries, ONGs y fundacions\"],\"inLanguage\":\"ca-ES\"},{\"@type\":\"WebPage\",\"@id\":\"https:\\\/\\\/raed.academy\\\/ca\\\/una-decada-formant-joves-liders\\\/\",\"url\":\"https:\\\/\\\/raed.academy\\\/ca\\\/una-decada-formant-joves-liders\\\/\",\"name\":\"Una d\u00e8cada formant joves l\u00edders - Reial Acad\u00e8mia Europea de Doctors\",\"isPartOf\":{\"@id\":\"https:\\\/\\\/raed.academy\\\/ca\\\/#website\"},\"primaryImageOfPage\":{\"@id\":\"https:\\\/\\\/raed.academy\\\/ca\\\/una-decada-formant-joves-liders\\\/#primaryimage\"},\"image\":{\"@id\":\"https:\\\/\\\/raed.academy\\\/ca\\\/una-decada-formant-joves-liders\\\/#primaryimage\"},\"thumbnailUrl\":\"https:\\\/\\\/raed.academy\\\/wp-content\\\/uploads\\\/2024\\\/02\\\/bandera-Ecuador-licencia-pixabay.com_.webp\",\"datePublished\":\"2024-07-30T13:35:49+00:00\",\"description\":\"Rosal\u00eda Arteaga abre la 10a edici\u00f3n de la\u00a0Escuela de Liderazgo, que dio la bienvenida a 60 becarios llamados a formar parte\",\"breadcrumb\":{\"@id\":\"https:\\\/\\\/raed.academy\\\/ca\\\/una-decada-formant-joves-liders\\\/#breadcrumb\"},\"inLanguage\":\"ca-ES\",\"potentialAction\":[{\"@type\":\"ReadAction\",\"target\":[\"https:\\\/\\\/raed.academy\\\/ca\\\/una-decada-formant-joves-liders\\\/\"]}]},{\"@type\":\"ImageObject\",\"inLanguage\":\"ca-ES\",\"@id\":\"https:\\\/\\\/raed.academy\\\/ca\\\/una-decada-formant-joves-liders\\\/#primaryimage\",\"url\":\"https:\\\/\\\/raed.academy\\\/wp-content\\\/uploads\\\/2024\\\/02\\\/bandera-Ecuador-licencia-pixabay.com_.webp\",\"contentUrl\":\"https:\\\/\\\/raed.academy\\\/wp-content\\\/uploads\\\/2024\\\/02\\\/bandera-Ecuador-licencia-pixabay.com_.webp\",\"width\":600,\"height\":360},{\"@type\":\"BreadcrumbList\",\"@id\":\"https:\\\/\\\/raed.academy\\\/ca\\\/una-decada-formant-joves-liders\\\/#breadcrumb\",\"itemListElement\":[{\"@type\":\"ListItem\",\"position\":1,\"name\":\"Inicio\",\"item\":\"https:\\\/\\\/raed.academy\\\/ca\\\/\"},{\"@type\":\"ListItem\",\"position\":2,\"name\":\"Una d\u00e8cada formant joves l\u00edders\"}]},{\"@type\":\"WebSite\",\"@id\":\"https:\\\/\\\/raed.academy\\\/ca\\\/#website\",\"url\":\"https:\\\/\\\/raed.academy\\\/ca\\\/\",\"name\":\"Reial Acad\u00e8mia Europea de Doctors\",\"description\":\"Corporaci\u00f3n de derecho p\u00fablico de car\u00e1cter cient\u00edfico, t\u00e9cnico y art\u00edstico, que tiene por objeto la investigaci\u00f3n, el estudio, el fomento y la extensi\u00f3n del conocimiento en su sentido m\u00e1s amplio\",\"publisher\":{\"@id\":\"https:\\\/\\\/raed.academy\\\/ca\\\/#organization\"},\"potentialAction\":[{\"@type\":\"SearchAction\",\"target\":{\"@type\":\"EntryPoint\",\"urlTemplate\":\"https:\\\/\\\/raed.academy\\\/ca\\\/?s={search_term_string}\"},\"query-input\":{\"@type\":\"PropertyValueSpecification\",\"valueRequired\":true,\"valueName\":\"search_term_string\"}}],\"inLanguage\":\"ca-ES\"},{\"@type\":\"Organization\",\"@id\":\"https:\\\/\\\/raed.academy\\\/ca\\\/#organization\",\"name\":\"Real Academia Europea de Doctores\",\"url\":\"https:\\\/\\\/raed.academy\\\/ca\\\/\",\"logo\":{\"@type\":\"ImageObject\",\"inLanguage\":\"ca-ES\",\"@id\":\"https:\\\/\\\/raed.academy\\\/ca\\\/#\\\/schema\\\/logo\\\/image\\\/\",\"url\":\"https:\\\/\\\/raed.academy\\\/wp-content\\\/uploads\\\/2017\\\/01\\\/cropped-logo_raed.png\",\"contentUrl\":\"https:\\\/\\\/raed.academy\\\/wp-content\\\/uploads\\\/2017\\\/01\\\/cropped-logo_raed.png\",\"width\":512,\"height\":512,\"caption\":\"Real Academia Europea de Doctores\"},\"image\":{\"@id\":\"https:\\\/\\\/raed.academy\\\/ca\\\/#\\\/schema\\\/logo\\\/image\\\/\"},\"sameAs\":[\"http:\\\/\\\/fb.me\\\/raed.academy\",\"https:\\\/\\\/x.com\\\/raedacademy\",\"https:\\\/\\\/www.instagram.com\\\/raed.academy\\\/\",\"https:\\\/\\\/www.youtube.com\\\/channel\\\/UCUYQwW2KrdirNWihxMDObwg\"]},{\"@type\":\"Person\",\"@id\":\"https:\\\/\\\/raed.academy\\\/ca\\\/#\\\/schema\\\/person\\\/5a755da80d1d979fd66ba745c8702927\",\"name\":\"RAED\",\"image\":{\"@type\":\"ImageObject\",\"inLanguage\":\"ca-ES\",\"@id\":\"https:\\\/\\\/secure.gravatar.com\\\/avatar\\\/19fdfdc0d67fb9c45714b703a2ac82251c4fcea3637f002ac3c9b74c0183583c?s=96&d=mm&r=g\",\"url\":\"https:\\\/\\\/secure.gravatar.com\\\/avatar\\\/19fdfdc0d67fb9c45714b703a2ac82251c4fcea3637f002ac3c9b74c0183583c?s=96&d=mm&r=g\",\"contentUrl\":\"https:\\\/\\\/secure.gravatar.com\\\/avatar\\\/19fdfdc0d67fb9c45714b703a2ac82251c4fcea3637f002ac3c9b74c0183583c?s=96&d=mm&r=g\",\"caption\":\"RAED\"}}]}<\/script>\n<!-- \/ Yoast SEO plugin. -->","yoast_head_json":{"title":"Una d\u00e8cada formant joves l\u00edders - Reial Acad\u00e8mia Europea de Doctors","description":"Rosal\u00eda Arteaga abre la 10a edici\u00f3n de la\u00a0Escuela de Liderazgo, que dio la bienvenida a 60 becarios llamados a formar parte","robots":{"index":"index","follow":"follow","max-snippet":"max-snippet:-1","max-image-preview":"max-image-preview:large","max-video-preview":"max-video-preview:-1"},"canonical":"https:\/\/raed.academy\/ca\/una-decada-formant-joves-liders\/","og_locale":"ca_ES","og_type":"article","og_title":"Una d\u00e8cada formant joves l\u00edders - Reial Acad\u00e8mia Europea de Doctors","og_description":"Rosal\u00eda Arteaga abre la 10a edici\u00f3n de la\u00a0Escuela de Liderazgo, que dio la bienvenida a 60 becarios llamados a formar parte","og_url":"https:\/\/raed.academy\/ca\/una-decada-formant-joves-liders\/","og_site_name":"Reial Acad\u00e8mia Europea de Doctors","article_publisher":"http:\/\/fb.me\/raed.academy","article_published_time":"2024-07-30T13:35:49+00:00","og_image":[{"width":600,"height":360,"url":"https:\/\/raed.academy\/wp-content\/uploads\/2024\/02\/bandera-Ecuador-licencia-pixabay.com_.webp","type":"image\/webp"}],"author":"RAED","twitter_card":"summary_large_image","twitter_creator":"@raedacademy","twitter_site":"@raedacademy","twitter_misc":{"Written by":"RAED","Est. reading time":"3 minutes"},"schema":{"@context":"https:\/\/schema.org","@graph":[{"@type":"Article","@id":"https:\/\/raed.academy\/ca\/una-decada-formant-joves-liders\/#article","isPartOf":{"@id":"https:\/\/raed.academy\/ca\/una-decada-formant-joves-liders\/"},"author":{"name":"RAED","@id":"https:\/\/raed.academy\/ca\/#\/schema\/person\/5a755da80d1d979fd66ba745c8702927"},"headline":"Una d\u00e8cada formant joves l\u00edders","datePublished":"2024-07-30T13:35:49+00:00","mainEntityOfPage":{"@id":"https:\/\/raed.academy\/ca\/una-decada-formant-joves-liders\/"},"wordCount":598,"publisher":{"@id":"https:\/\/raed.academy\/ca\/#organization"},"image":{"@id":"https:\/\/raed.academy\/ca\/una-decada-formant-joves-liders\/#primaryimage"},"thumbnailUrl":"https:\/\/raed.academy\/wp-content\/uploads\/2024\/02\/bandera-Ecuador-licencia-pixabay.com_.webp","articleSection":["Doc\u00e8ncia","Econ\u00f2miques i Empresarials","Educaci\u00f3, \u00e8tica i valors","Missions humanit\u00e0ries, ONGs y fundacions"],"inLanguage":"ca-ES"},{"@type":"WebPage","@id":"https:\/\/raed.academy\/ca\/una-decada-formant-joves-liders\/","url":"https:\/\/raed.academy\/ca\/una-decada-formant-joves-liders\/","name":"Una d\u00e8cada formant joves l\u00edders - Reial Acad\u00e8mia Europea de Doctors","isPartOf":{"@id":"https:\/\/raed.academy\/ca\/#website"},"primaryImageOfPage":{"@id":"https:\/\/raed.academy\/ca\/una-decada-formant-joves-liders\/#primaryimage"},"image":{"@id":"https:\/\/raed.academy\/ca\/una-decada-formant-joves-liders\/#primaryimage"},"thumbnailUrl":"https:\/\/raed.academy\/wp-content\/uploads\/2024\/02\/bandera-Ecuador-licencia-pixabay.com_.webp","datePublished":"2024-07-30T13:35:49+00:00","description":"Rosal\u00eda Arteaga abre la 10a edici\u00f3n de la\u00a0Escuela de Liderazgo, que dio la bienvenida a 60 becarios llamados a formar parte","breadcrumb":{"@id":"https:\/\/raed.academy\/ca\/una-decada-formant-joves-liders\/#breadcrumb"},"inLanguage":"ca-ES","potentialAction":[{"@type":"ReadAction","target":["https:\/\/raed.academy\/ca\/una-decada-formant-joves-liders\/"]}]},{"@type":"ImageObject","inLanguage":"ca-ES","@id":"https:\/\/raed.academy\/ca\/una-decada-formant-joves-liders\/#primaryimage","url":"https:\/\/raed.academy\/wp-content\/uploads\/2024\/02\/bandera-Ecuador-licencia-pixabay.com_.webp","contentUrl":"https:\/\/raed.academy\/wp-content\/uploads\/2024\/02\/bandera-Ecuador-licencia-pixabay.com_.webp","width":600,"height":360},{"@type":"BreadcrumbList","@id":"https:\/\/raed.academy\/ca\/una-decada-formant-joves-liders\/#breadcrumb","itemListElement":[{"@type":"ListItem","position":1,"name":"Inicio","item":"https:\/\/raed.academy\/ca\/"},{"@type":"ListItem","position":2,"name":"Una d\u00e8cada formant joves l\u00edders"}]},{"@type":"WebSite","@id":"https:\/\/raed.academy\/ca\/#website","url":"https:\/\/raed.academy\/ca\/","name":"Reial Acad\u00e8mia Europea de Doctors","description":"Corporaci\u00f3n de derecho p\u00fablico de car\u00e1cter cient\u00edfico, t\u00e9cnico y art\u00edstico, que tiene por objeto la investigaci\u00f3n, el estudio, el fomento y la extensi\u00f3n del conocimiento en su sentido m\u00e1s amplio","publisher":{"@id":"https:\/\/raed.academy\/ca\/#organization"},"potentialAction":[{"@type":"SearchAction","target":{"@type":"EntryPoint","urlTemplate":"https:\/\/raed.academy\/ca\/?s={search_term_string}"},"query-input":{"@type":"PropertyValueSpecification","valueRequired":true,"valueName":"search_term_string"}}],"inLanguage":"ca-ES"},{"@type":"Organization","@id":"https:\/\/raed.academy\/ca\/#organization","name":"Real Academia Europea de Doctores","url":"https:\/\/raed.academy\/ca\/","logo":{"@type":"ImageObject","inLanguage":"ca-ES","@id":"https:\/\/raed.academy\/ca\/#\/schema\/logo\/image\/","url":"https:\/\/raed.academy\/wp-content\/uploads\/2017\/01\/cropped-logo_raed.png","contentUrl":"https:\/\/raed.academy\/wp-content\/uploads\/2017\/01\/cropped-logo_raed.png","width":512,"height":512,"caption":"Real Academia Europea de Doctores"},"image":{"@id":"https:\/\/raed.academy\/ca\/#\/schema\/logo\/image\/"},"sameAs":["http:\/\/fb.me\/raed.academy","https:\/\/x.com\/raedacademy","https:\/\/www.instagram.com\/raed.academy\/","https:\/\/www.youtube.com\/channel\/UCUYQwW2KrdirNWihxMDObwg"]},{"@type":"Person","@id":"https:\/\/raed.academy\/ca\/#\/schema\/person\/5a755da80d1d979fd66ba745c8702927","name":"RAED","image":{"@type":"ImageObject","inLanguage":"ca-ES","@id":"https:\/\/secure.gravatar.com\/avatar\/19fdfdc0d67fb9c45714b703a2ac82251c4fcea3637f002ac3c9b74c0183583c?s=96&d=mm&r=g","url":"https:\/\/secure.gravatar.com\/avatar\/19fdfdc0d67fb9c45714b703a2ac82251c4fcea3637f002ac3c9b74c0183583c?s=96&d=mm&r=g","contentUrl":"https:\/\/secure.gravatar.com\/avatar\/19fdfdc0d67fb9c45714b703a2ac82251c4fcea3637f002ac3c9b74c0183583c?s=96&d=mm&r=g","caption":"RAED"}}]}},"_links":{"self":[{"href":"https:\/\/raed.academy\/ca\/wp-json\/wp\/v2\/posts\/152292","targetHints":{"allow":["GET"]}}],"collection":[{"href":"https:\/\/raed.academy\/ca\/wp-json\/wp\/v2\/posts"}],"about":[{"href":"https:\/\/raed.academy\/ca\/wp-json\/wp\/v2\/types\/post"}],"author":[{"embeddable":true,"href":"https:\/\/raed.academy\/ca\/wp-json\/wp\/v2\/users\/12"}],"replies":[{"embeddable":true,"href":"https:\/\/raed.academy\/ca\/wp-json\/wp\/v2\/comments?post=152292"}],"version-history":[{"count":0,"href":"https:\/\/raed.academy\/ca\/wp-json\/wp\/v2\/posts\/152292\/revisions"}],"wp:featuredmedia":[{"embeddable":true,"href":"https:\/\/raed.academy\/ca\/wp-json\/wp\/v2\/media\/144911"}],"wp:attachment":[{"href":"https:\/\/raed.academy\/ca\/wp-json\/wp\/v2\/media?parent=152292"}],"wp:term":[{"taxonomy":"category","embeddable":true,"href":"https:\/\/raed.academy\/ca\/wp-json\/wp\/v2\/categories?post=152292"},{"taxonomy":"post_tag","embeddable":true,"href":"https:\/\/raed.academy\/ca\/wp-json\/wp\/v2\/tags?post=152292"}],"curies":[{"name":"wp","href":"https:\/\/api.w.org\/{rel}","templated":true}]}}