{"id":152068,"date":"2024-07-28T07:42:12","date_gmt":"2024-07-28T07:42:12","guid":{"rendered":"https:\/\/raed.academy\/?p=152068"},"modified":"2025-10-29T18:25:54","modified_gmt":"2025-10-29T18:25:54","slug":"reptes-vitals-les-transformacions-empresarials-a-lera-de-la-revolucio-digital","status":"publish","type":"post","link":"https:\/\/raed.academy\/ca\/reptes-vitals-les-transformacions-empresarials-a-lera-de-la-revolucio-digital\/","title":{"rendered":"Reptes Vitals: les transformacions empresarials a l&#8217;era de la revoluci\u00f3 digital"},"content":{"rendered":"<p><img loading=\"lazy\" decoding=\"async\" class=\"aligncenter size-full wp-image-151604\" src=\"https:\/\/raed.academy\/wp-content\/uploads\/2024\/06\/logo-Retos-Vitales-2024-txt-negro-sobre-blanco.webp\" alt=\"\" width=\"1021\" height=\"107\" srcset=\"https:\/\/raed.academy\/wp-content\/uploads\/2024\/06\/logo-Retos-Vitales-2024-txt-negro-sobre-blanco.webp 1021w, https:\/\/raed.academy\/wp-content\/uploads\/2024\/06\/logo-Retos-Vitales-2024-txt-negro-sobre-blanco-768x80.webp 768w\" sizes=\"(max-width: 1021px) 100vw, 1021px\" \/><\/p>\n<p>L&#8217;\u00faltim lliurament del projecte pluridisciplinari <strong>Reptes Vitals per a una Nova Era<\/strong> que impulsa la <strong>Reial Acad\u00e8mia Europea de Doctors-Barcelona 1914<\/strong> (RAED) i la <strong>Fundaci\u00f3 Pro Reial Acad\u00e8mia Europea de Doctors<\/strong> i acaba de ser presentat a Madrid, aborda al seu tercer cap\u00edtol les transformacions empresarials a l&#8217;era de la revoluci\u00f3 digital. Amb el t\u00edtol gen\u00e8ric <strong>&#8220;Noves fronteres en ci\u00e8ncia i empresa&#8221;<\/strong>, un nodrit grup d&#8217;acad\u00e8mics que tenen en aquest \u00e0mbit la seva principal l\u00ednia de recerca i reconeguts experts internacionals aborden aquesta transcendental mat\u00e8ria, que explica l&#8217;actual transformaci\u00f3 de l&#8217;economia a tots els nivells i apunta la seva evoluci\u00f3.<\/p>\n<p><img loading=\"lazy\" decoding=\"async\" class=\"alignleft size-full wp-image-152193\" src=\"https:\/\/raed.academy\/wp-content\/uploads\/2024\/07\/shutt-negocios-activos-intangibles-empresas-economia-dst.webp\" alt=\"\" width=\"600\" height=\"360\" \/>Aquest \u00e0mbit de Reptes Vitals 2024 \u00e9s liderat per <a href=\"https:\/\/raed.academy\/ca\/academics\/dr-jordi-marti-pidelaserra\/\" target=\"_blank\" rel=\"noopener\"><em><strong>Jordi Mart\u00ed<\/strong><\/em><\/a>, professor d&#8217;Economia i Comptabilitat de la <strong>Universitat de Barcelona<\/strong>, \u200b\u200bdirector del <strong>M\u00e0ster en Verificaci\u00f3 d&#8217;Informaci\u00f3 no Financera<\/strong> del mateix centre i acad\u00e8mic de n\u00famero i membre de la <strong>Junta de Govern<\/strong> de la RAED, qui apunta a la presentaci\u00f3 d&#8217;aquest apartat que la revoluci\u00f3 tecnol\u00f2gica actual est\u00e0 transformant la societat a un ritme sense precedents, desafiant les estructures tradicionals i obligant a replantejar els models econ\u00f2mics, pol\u00edtics i socials. &#8220;Estem vivint una era de transformaci\u00f3 empresarial i social sense precedents, impulsada per la revoluci\u00f3 digital. La integraci\u00f3 de tecnologies avan\u00e7ades, com la intel\u00b7lig\u00e8ncia artificial i la rob\u00f2tica, a les nostres vides di\u00e0ries i a les nostres estructures socials i econ\u00f2miques, planteja tant desafiaments com oportunitats. La forma en qu\u00e8 abordem aquests canvis determinar\u00e0 el futur de les nostres societats i la qualitat de vida de les generacions futures. \u00c9s imperatiu que reflexionem sobre aquests temes i treballem junts per construir un futur que sigui inclusiu, equitatiu i sostenible per a tothom&#8221;, assenyala.<\/p>\n<p>Al cap\u00edtol hi participen el mateix Mart\u00ed, que presenta l&#8217;article <strong>&#8220;La societat dels nadius digitals. Innovaci\u00f3 i canvi social&#8221;<\/strong>; l&#8217;acad\u00e8mic d&#8217;honor <a href=\"https:\/\/raed.academy\/ca\/academics\/dr-alban-ahoure\/\" target=\"_blank\" rel=\"noopener\"><em><strong>Alban Ahour\u00e9<\/strong><\/em><\/a>, amb<strong> &#8220;Desafiaments per al desenvolupament accelerat als pa\u00efsos d&#8217;\u00c0frica subsahariana. Infraestructura i creixement econ\u00f2mic&#8221;<\/strong>; l&#8217;acad\u00e8mic corresponent <a href=\"https:\/\/raed.academy\/ca\/academics\/dr-josep-alet-vilagines\/\" target=\"_blank\" rel=\"noopener\"><em><strong>Josep Alet<\/strong><\/em><\/a>, que signa l&#8217;estudi <strong>&#8220;Marketing qu\u00e0ntic davant d&#8217;una societat hiperconnectada. Estrat\u00e8gies din\u00e0miques al m\u00f3n digital&#8221;<\/strong>; el tamb\u00e9 acad\u00e8mic corresponent <a href=\"https:\/\/raed.academy\/ca\/academics\/dr-jorge-bachs-ferrer\/\" target=\"_blank\" rel=\"noopener\"><em><strong>Jorge Bachs<\/strong><\/em><\/a>, amb &#8220;<strong>Tecnologies innovadores i el seu impacte en la conservaci\u00f3 del capital natural: una mirada cap al futur. Unint forces: blockchain, smarts contracts i capital natural&#8221;<\/strong>, i l&#8217;acad\u00e8mic numerari <a href=\"https:\/\/raed.academy\/ca\/academics\/dr-jose-daniel-barquero-cabrero\/\" target=\"_blank\" rel=\"noopener\"><em><strong>Jos\u00e9 Daniel Barquero<\/strong><\/em><\/a>, qui presenta<strong> &#8220;La veu de la ci\u00e8ncia econ\u00f2mica davant els l\u00edmits de la vida al planeta. El nou consum global, l&#8217;escalfament del planeta i la nova economia&#8221;<\/strong>.<\/p>\n<p>Tamb\u00e9 participen en aquest ampli apartat el tamb\u00e9 acad\u00e8mic numerari <a href=\"https:\/\/raed.academy\/ca\/academics\/dr-josep-maria-bove-montero\/\" target=\"_blank\" rel=\"noopener\"><em><strong>Jos\u00e9 Mar\u00eda Bov\u00e9<\/strong><\/em><\/a>, amb <strong>&#8220;El fenomen de l&#8217;habitatge social a Viena. Impacte social i econ\u00f2mic&#8221;<\/strong>; l&#8217;acad\u00e8mica de n\u00famero i membre de la Junta de Govern <a href=\"https:\/\/raed.academy\/ca\/academics\/dra-montserrat-casanovas-ramon\/\" target=\"_blank\" rel=\"noopener\"><em><strong>Montserrat Casanovas<\/strong><\/em><\/a>, amb el treball <strong>&#8220;Fintech prove\u00efdores de serveis de pagaments i cr\u00e8dit al consum. Cap a nous reptes legislatius&#8221;<\/strong>; l&#8217;acad\u00e8mic d&#8217;honor i ambaixador extraordinari <a href=\"https:\/\/raed.academy\/ca\/academics\/sr-didac-lee\/\" target=\"_blank\" rel=\"noopener\"><em><strong>D\u00eddac Lee<\/strong><\/em><\/a>, amb<strong> &#8220;Qu\u00e8 \u00e9s una startup? La ci\u00e8ncia de l&#8217;emprenedoria&#8221;<\/strong>; l&#8217;acad\u00e8mic de n\u00famero i vicepresident de la RAED <a href=\"https:\/\/raed.academy\/ca\/academics\/dr-jaume-llopis-casellas\/\" target=\"_blank\" rel=\"noopener\"><em><strong>Jaume Llopis<\/strong><\/em><\/a>, que presenta <strong>&#8220;Contra desigualtat i pobresa, pacte social. Cap a la refundaci\u00f3 del capitalisme&#8221;<\/strong>, o l&#8217;acad\u00e8mic electe <strong>David L\u00f3pez<\/strong>, amb <strong>&#8220;Impacte del &#8216;soroll digital&#8217; a la reputaci\u00f3 online. An\u00e0lisi del fenomen i estrat\u00e8gies per mitigar els efectes negatius en empreses i persones&#8221;<\/strong>.<\/p>\n<div id=\"attachment_144382\" style=\"width: 417px\" class=\"wp-caption alignright\"><img loading=\"lazy\" decoding=\"async\" aria-describedby=\"caption-attachment-144382\" class=\"wp-image-144382\" src=\"https:\/\/raed.academy\/wp-content\/uploads\/2014\/07\/Jordi-Marti-Pidelaserra.webp\" alt=\"Jordi Mart\u00ed\" width=\"407\" height=\"244\" srcset=\"https:\/\/raed.academy\/wp-content\/uploads\/2014\/07\/Jordi-Marti-Pidelaserra.webp 700w, https:\/\/raed.academy\/wp-content\/uploads\/2014\/07\/Jordi-Marti-Pidelaserra-627x376.webp 627w, https:\/\/raed.academy\/wp-content\/uploads\/2014\/07\/Jordi-Marti-Pidelaserra-440x264.webp 440w\" sizes=\"(max-width: 407px) 100vw, 407px\" \/><p id=\"caption-attachment-144382\" class=\"wp-caption-text\">Dr. Jordi Mart\u00ed<\/p><\/div>\n<p>Completen el lliurament l&#8217;acad\u00e8mic d&#8217;honor i ambaixador extraordinari de la RAED <a href=\"https:\/\/raed.academy\/ca\/academics\/sr-gabriel-masfurroll-lacambra\/\" target=\"_blank\" rel=\"noopener\"><em><strong>Gabriel Masfurroll<\/strong><\/em><\/a>, que presenta l&#8217;estudi <strong>&#8220;Sanitat p\u00fablica versus privada. L&#8217;eterna discussi\u00f3&#8221;<\/strong>; <strong>Araceli Navarro<\/strong>, directora de la Reial Acad\u00e8mia, amb <strong>&#8220;Les ciutats adequades als nous ciutadans. Tecnologia i qualitat de vida&#8221;<\/strong>; <strong>Elena Puerto<\/strong>, acad\u00e8mica electa, que signa amb l&#8217;investigador <strong>Jorge Galiana<\/strong> l&#8217;estudi <strong>&#8220;Evoluci\u00f3 de la reproducci\u00f3 assistida a Europa. Del passat a un futur prometedor&#8221;<\/strong>; l&#8217;emprenedora <strong>Alba Rocafort<\/strong>, amb <strong>&#8220;Creaci\u00f3 de startups. Lli\u00e7ons del cas d&#8217;estudi de Fabbric&#8221;<\/strong>; l&#8217;acad\u00e8mica de n\u00famero <a href=\"https:\/\/raed.academy\/academicos\/dra-maria-esther-subira-lobera\/\" target=\"_blank\" rel=\"noopener\"><em><strong>Esther Subir\u00e1<\/strong><\/em><\/a>, amb <strong>&#8220;L&#8217;\u00e8tica com a fonament de la veritat en el m\u00e0rqueting. Navegant pel laberint de la integritat&#8221;<\/strong>, i l&#8217;empres\u00e0ria <strong>N\u00faria Vilanova<\/strong>, que publica <strong>&#8220;Iberoam\u00e8rica demana pas. El nou escenari geopol\u00edtic global col\u00b7loca la regi\u00f3 en una relaci\u00f3 sim\u00e8trica amb el m\u00f3n: finestres d&#8217;oportunitats&#8221;<\/strong>.<\/p>\n<p>Reptes Vitals 2024 va ser presentat el 10 de juliol passat a l&#8217;<strong>Oficina del Parlament Europeu<\/strong> a Madrid de la m\u00e0 de l&#8217;eurodiputada Eva Poptcheva i del Departament d&#8217;Acci\u00f3 Exterior i Uni\u00f3 Europea de la Generalitat de Catalunya i tindr\u00e0 noves presentacions a Barcelona i Brussel\u00b7les al llarg de les properes setmanes. Com al primer dels actes, aquests esdeveniments reuneixen alguns dels destacats autors d&#8217;aquesta edici\u00f3, que comparteixen les seves recerques i reflexions sobre els temes abordats al llibre. Una oportunitat \u00fanica perqu\u00e8 acad\u00e8mics, professionals i el p\u00fablic en general participin en debats enriquidors, ampli\u00efn la seva comprensi\u00f3 dels desafiaments actuals i col\u00b7laborin en la cerca de solucions innovadores.<\/p>\n","protected":false},"excerpt":{"rendered":"<p>Reconeguts experts internacionals aborden l&#8217;actual transformaci\u00f3 de l&#8217;economia a tots els nivells i n&#8217;apunten l&#8217;evoluci\u00f3, al tercer cap\u00edtol de Reptes Vitals per a una nova Era 2024, coordinat per Jordi Mart\u00ed, sota el t\u00edtol &#8220;Nuevas fronteras en ciencia y empresa&#8221;<\/p>\n","protected":false},"author":12,"featured_media":0,"comment_status":"closed","ping_status":"closed","sticky":false,"template":"","format":"standard","meta":{"_et_pb_use_builder":"","_et_pb_old_content":"","_et_gb_content_width":"","footnotes":""},"categories":[72],"tags":[],"class_list":["post-152068","post","type-post","status-publish","format-standard","hentry","category-uncategorized-ca","et-doesnt-have-format-content","et_post_format-et-post-format-standard"],"yoast_head":"<!-- This site is optimized with the Yoast SEO plugin v27.4 - https:\/\/yoast.com\/product\/yoast-seo-wordpress\/ -->\n<title>Reptes Vitals: les transformacions empresarials a l&#039;era de la revoluci\u00f3 digital - Reial Acad\u00e8mia Europea de Doctors<\/title>\n<meta name=\"description\" content=\"Reconeguts experts internacionals aborden l&#039;actual transformaci\u00f3 de l&#039;economia a tots els nivells i n&#039;apunten l&#039;evoluci\u00f3\" \/>\n<meta name=\"robots\" content=\"index, follow, max-snippet:-1, max-image-preview:large, max-video-preview:-1\" \/>\n<link rel=\"canonical\" href=\"https:\/\/raed.academy\/ca\/reptes-vitals-les-transformacions-empresarials-a-lera-de-la-revolucio-digital\/\" \/>\n<meta property=\"og:locale\" content=\"ca_ES\" \/>\n<meta property=\"og:type\" content=\"article\" \/>\n<meta property=\"og:title\" content=\"Reptes Vitals: les transformacions empresarials a l&#039;era de la revoluci\u00f3 digital - Reial Acad\u00e8mia Europea de Doctors\" \/>\n<meta property=\"og:description\" content=\"Reconeguts experts internacionals aborden l&#039;actual transformaci\u00f3 de l&#039;economia a tots els nivells i n&#039;apunten l&#039;evoluci\u00f3\" \/>\n<meta property=\"og:url\" content=\"https:\/\/raed.academy\/ca\/reptes-vitals-les-transformacions-empresarials-a-lera-de-la-revolucio-digital\/\" \/>\n<meta property=\"og:site_name\" content=\"Reial Acad\u00e8mia Europea de Doctors\" \/>\n<meta property=\"article:publisher\" content=\"http:\/\/fb.me\/raed.academy\" \/>\n<meta property=\"article:published_time\" content=\"2024-07-28T07:42:12+00:00\" \/>\n<meta property=\"article:modified_time\" content=\"2025-10-29T18:25:54+00:00\" \/>\n<meta property=\"og:image\" content=\"https:\/\/raed.academy\/wp-content\/uploads\/2024\/07\/shutt-negocios-activos-intangibles-empresas-economia-dst.webp\" \/>\n\t<meta property=\"og:image:width\" content=\"600\" \/>\n\t<meta property=\"og:image:height\" content=\"360\" \/>\n\t<meta property=\"og:image:type\" content=\"image\/webp\" \/>\n<meta name=\"author\" content=\"RAED\" \/>\n<meta name=\"twitter:card\" content=\"summary_large_image\" \/>\n<meta name=\"twitter:creator\" content=\"@raedacademy\" \/>\n<meta name=\"twitter:site\" content=\"@raedacademy\" \/>\n<meta name=\"twitter:label1\" content=\"Written by\" \/>\n\t<meta name=\"twitter:data1\" content=\"RAED\" \/>\n\t<meta name=\"twitter:label2\" content=\"Est. reading time\" \/>\n\t<meta name=\"twitter:data2\" content=\"5 minutes\" \/>\n<script type=\"application\/ld+json\" class=\"yoast-schema-graph\">{\"@context\":\"https:\\\/\\\/schema.org\",\"@graph\":[{\"@type\":\"Article\",\"@id\":\"https:\\\/\\\/raed.academy\\\/ca\\\/reptes-vitals-les-transformacions-empresarials-a-lera-de-la-revolucio-digital\\\/#article\",\"isPartOf\":{\"@id\":\"https:\\\/\\\/raed.academy\\\/ca\\\/reptes-vitals-les-transformacions-empresarials-a-lera-de-la-revolucio-digital\\\/\"},\"author\":{\"name\":\"RAED\",\"@id\":\"https:\\\/\\\/raed.academy\\\/ca\\\/#\\\/schema\\\/person\\\/5a755da80d1d979fd66ba745c8702927\"},\"headline\":\"Reptes Vitals: les transformacions empresarials a l&#8217;era de la revoluci\u00f3 digital\",\"datePublished\":\"2024-07-28T07:42:12+00:00\",\"dateModified\":\"2025-10-29T18:25:54+00:00\",\"mainEntityOfPage\":{\"@id\":\"https:\\\/\\\/raed.academy\\\/ca\\\/reptes-vitals-les-transformacions-empresarials-a-lera-de-la-revolucio-digital\\\/\"},\"wordCount\":880,\"publisher\":{\"@id\":\"https:\\\/\\\/raed.academy\\\/ca\\\/#organization\"},\"image\":{\"@id\":\"https:\\\/\\\/raed.academy\\\/ca\\\/reptes-vitals-les-transformacions-empresarials-a-lera-de-la-revolucio-digital\\\/#primaryimage\"},\"thumbnailUrl\":\"https:\\\/\\\/raed.academy\\\/wp-content\\\/uploads\\\/2024\\\/06\\\/logo-Retos-Vitales-2024-txt-negro-sobre-blanco.webp\",\"articleSection\":[\"Uncategorized @ca\"],\"inLanguage\":\"ca-ES\"},{\"@type\":\"WebPage\",\"@id\":\"https:\\\/\\\/raed.academy\\\/ca\\\/reptes-vitals-les-transformacions-empresarials-a-lera-de-la-revolucio-digital\\\/\",\"url\":\"https:\\\/\\\/raed.academy\\\/ca\\\/reptes-vitals-les-transformacions-empresarials-a-lera-de-la-revolucio-digital\\\/\",\"name\":\"Reptes Vitals: les transformacions empresarials a l'era de la revoluci\u00f3 digital - Reial Acad\u00e8mia Europea de Doctors\",\"isPartOf\":{\"@id\":\"https:\\\/\\\/raed.academy\\\/ca\\\/#website\"},\"primaryImageOfPage\":{\"@id\":\"https:\\\/\\\/raed.academy\\\/ca\\\/reptes-vitals-les-transformacions-empresarials-a-lera-de-la-revolucio-digital\\\/#primaryimage\"},\"image\":{\"@id\":\"https:\\\/\\\/raed.academy\\\/ca\\\/reptes-vitals-les-transformacions-empresarials-a-lera-de-la-revolucio-digital\\\/#primaryimage\"},\"thumbnailUrl\":\"https:\\\/\\\/raed.academy\\\/wp-content\\\/uploads\\\/2024\\\/06\\\/logo-Retos-Vitales-2024-txt-negro-sobre-blanco.webp\",\"datePublished\":\"2024-07-28T07:42:12+00:00\",\"dateModified\":\"2025-10-29T18:25:54+00:00\",\"description\":\"Reconeguts experts internacionals aborden l'actual transformaci\u00f3 de l'economia a tots els nivells i n'apunten l'evoluci\u00f3\",\"breadcrumb\":{\"@id\":\"https:\\\/\\\/raed.academy\\\/ca\\\/reptes-vitals-les-transformacions-empresarials-a-lera-de-la-revolucio-digital\\\/#breadcrumb\"},\"inLanguage\":\"ca-ES\",\"potentialAction\":[{\"@type\":\"ReadAction\",\"target\":[\"https:\\\/\\\/raed.academy\\\/ca\\\/reptes-vitals-les-transformacions-empresarials-a-lera-de-la-revolucio-digital\\\/\"]}]},{\"@type\":\"ImageObject\",\"inLanguage\":\"ca-ES\",\"@id\":\"https:\\\/\\\/raed.academy\\\/ca\\\/reptes-vitals-les-transformacions-empresarials-a-lera-de-la-revolucio-digital\\\/#primaryimage\",\"url\":\"https:\\\/\\\/raed.academy\\\/wp-content\\\/uploads\\\/2024\\\/06\\\/logo-Retos-Vitales-2024-txt-negro-sobre-blanco.webp\",\"contentUrl\":\"https:\\\/\\\/raed.academy\\\/wp-content\\\/uploads\\\/2024\\\/06\\\/logo-Retos-Vitales-2024-txt-negro-sobre-blanco.webp\"},{\"@type\":\"BreadcrumbList\",\"@id\":\"https:\\\/\\\/raed.academy\\\/ca\\\/reptes-vitals-les-transformacions-empresarials-a-lera-de-la-revolucio-digital\\\/#breadcrumb\",\"itemListElement\":[{\"@type\":\"ListItem\",\"position\":1,\"name\":\"Inicio\",\"item\":\"https:\\\/\\\/raed.academy\\\/ca\\\/\"},{\"@type\":\"ListItem\",\"position\":2,\"name\":\"Reptes Vitals: les transformacions empresarials a l&#8217;era de la revoluci\u00f3 digital\"}]},{\"@type\":\"WebSite\",\"@id\":\"https:\\\/\\\/raed.academy\\\/ca\\\/#website\",\"url\":\"https:\\\/\\\/raed.academy\\\/ca\\\/\",\"name\":\"Reial Acad\u00e8mia Europea de Doctors\",\"description\":\"Corporaci\u00f3n de derecho p\u00fablico de car\u00e1cter cient\u00edfico, t\u00e9cnico y art\u00edstico, que tiene por objeto la investigaci\u00f3n, el estudio, el fomento y la extensi\u00f3n del conocimiento en su sentido m\u00e1s amplio\",\"publisher\":{\"@id\":\"https:\\\/\\\/raed.academy\\\/ca\\\/#organization\"},\"potentialAction\":[{\"@type\":\"SearchAction\",\"target\":{\"@type\":\"EntryPoint\",\"urlTemplate\":\"https:\\\/\\\/raed.academy\\\/ca\\\/?s={search_term_string}\"},\"query-input\":{\"@type\":\"PropertyValueSpecification\",\"valueRequired\":true,\"valueName\":\"search_term_string\"}}],\"inLanguage\":\"ca-ES\"},{\"@type\":\"Organization\",\"@id\":\"https:\\\/\\\/raed.academy\\\/ca\\\/#organization\",\"name\":\"Real Academia Europea de Doctores\",\"url\":\"https:\\\/\\\/raed.academy\\\/ca\\\/\",\"logo\":{\"@type\":\"ImageObject\",\"inLanguage\":\"ca-ES\",\"@id\":\"https:\\\/\\\/raed.academy\\\/ca\\\/#\\\/schema\\\/logo\\\/image\\\/\",\"url\":\"https:\\\/\\\/raed.academy\\\/wp-content\\\/uploads\\\/2017\\\/01\\\/cropped-logo_raed.png\",\"contentUrl\":\"https:\\\/\\\/raed.academy\\\/wp-content\\\/uploads\\\/2017\\\/01\\\/cropped-logo_raed.png\",\"width\":512,\"height\":512,\"caption\":\"Real Academia Europea de Doctores\"},\"image\":{\"@id\":\"https:\\\/\\\/raed.academy\\\/ca\\\/#\\\/schema\\\/logo\\\/image\\\/\"},\"sameAs\":[\"http:\\\/\\\/fb.me\\\/raed.academy\",\"https:\\\/\\\/x.com\\\/raedacademy\",\"https:\\\/\\\/www.instagram.com\\\/raed.academy\\\/\",\"https:\\\/\\\/www.youtube.com\\\/channel\\\/UCUYQwW2KrdirNWihxMDObwg\"]},{\"@type\":\"Person\",\"@id\":\"https:\\\/\\\/raed.academy\\\/ca\\\/#\\\/schema\\\/person\\\/5a755da80d1d979fd66ba745c8702927\",\"name\":\"RAED\",\"image\":{\"@type\":\"ImageObject\",\"inLanguage\":\"ca-ES\",\"@id\":\"https:\\\/\\\/secure.gravatar.com\\\/avatar\\\/19fdfdc0d67fb9c45714b703a2ac82251c4fcea3637f002ac3c9b74c0183583c?s=96&d=mm&r=g\",\"url\":\"https:\\\/\\\/secure.gravatar.com\\\/avatar\\\/19fdfdc0d67fb9c45714b703a2ac82251c4fcea3637f002ac3c9b74c0183583c?s=96&d=mm&r=g\",\"contentUrl\":\"https:\\\/\\\/secure.gravatar.com\\\/avatar\\\/19fdfdc0d67fb9c45714b703a2ac82251c4fcea3637f002ac3c9b74c0183583c?s=96&d=mm&r=g\",\"caption\":\"RAED\"}}]}<\/script>\n<!-- \/ Yoast SEO plugin. -->","yoast_head_json":{"title":"Reptes Vitals: les transformacions empresarials a l'era de la revoluci\u00f3 digital - Reial Acad\u00e8mia Europea de Doctors","description":"Reconeguts experts internacionals aborden l'actual transformaci\u00f3 de l'economia a tots els nivells i n'apunten l'evoluci\u00f3","robots":{"index":"index","follow":"follow","max-snippet":"max-snippet:-1","max-image-preview":"max-image-preview:large","max-video-preview":"max-video-preview:-1"},"canonical":"https:\/\/raed.academy\/ca\/reptes-vitals-les-transformacions-empresarials-a-lera-de-la-revolucio-digital\/","og_locale":"ca_ES","og_type":"article","og_title":"Reptes Vitals: les transformacions empresarials a l'era de la revoluci\u00f3 digital - Reial Acad\u00e8mia Europea de Doctors","og_description":"Reconeguts experts internacionals aborden l'actual transformaci\u00f3 de l'economia a tots els nivells i n'apunten l'evoluci\u00f3","og_url":"https:\/\/raed.academy\/ca\/reptes-vitals-les-transformacions-empresarials-a-lera-de-la-revolucio-digital\/","og_site_name":"Reial Acad\u00e8mia Europea de Doctors","article_publisher":"http:\/\/fb.me\/raed.academy","article_published_time":"2024-07-28T07:42:12+00:00","article_modified_time":"2025-10-29T18:25:54+00:00","og_image":[{"width":600,"height":360,"url":"https:\/\/raed.academy\/wp-content\/uploads\/2024\/07\/shutt-negocios-activos-intangibles-empresas-economia-dst.webp","type":"image\/webp"}],"author":"RAED","twitter_card":"summary_large_image","twitter_creator":"@raedacademy","twitter_site":"@raedacademy","twitter_misc":{"Written by":"RAED","Est. reading time":"5 minutes"},"schema":{"@context":"https:\/\/schema.org","@graph":[{"@type":"Article","@id":"https:\/\/raed.academy\/ca\/reptes-vitals-les-transformacions-empresarials-a-lera-de-la-revolucio-digital\/#article","isPartOf":{"@id":"https:\/\/raed.academy\/ca\/reptes-vitals-les-transformacions-empresarials-a-lera-de-la-revolucio-digital\/"},"author":{"name":"RAED","@id":"https:\/\/raed.academy\/ca\/#\/schema\/person\/5a755da80d1d979fd66ba745c8702927"},"headline":"Reptes Vitals: les transformacions empresarials a l&#8217;era de la revoluci\u00f3 digital","datePublished":"2024-07-28T07:42:12+00:00","dateModified":"2025-10-29T18:25:54+00:00","mainEntityOfPage":{"@id":"https:\/\/raed.academy\/ca\/reptes-vitals-les-transformacions-empresarials-a-lera-de-la-revolucio-digital\/"},"wordCount":880,"publisher":{"@id":"https:\/\/raed.academy\/ca\/#organization"},"image":{"@id":"https:\/\/raed.academy\/ca\/reptes-vitals-les-transformacions-empresarials-a-lera-de-la-revolucio-digital\/#primaryimage"},"thumbnailUrl":"https:\/\/raed.academy\/wp-content\/uploads\/2024\/06\/logo-Retos-Vitales-2024-txt-negro-sobre-blanco.webp","articleSection":["Uncategorized @ca"],"inLanguage":"ca-ES"},{"@type":"WebPage","@id":"https:\/\/raed.academy\/ca\/reptes-vitals-les-transformacions-empresarials-a-lera-de-la-revolucio-digital\/","url":"https:\/\/raed.academy\/ca\/reptes-vitals-les-transformacions-empresarials-a-lera-de-la-revolucio-digital\/","name":"Reptes Vitals: les transformacions empresarials a l'era de la revoluci\u00f3 digital - Reial Acad\u00e8mia Europea de Doctors","isPartOf":{"@id":"https:\/\/raed.academy\/ca\/#website"},"primaryImageOfPage":{"@id":"https:\/\/raed.academy\/ca\/reptes-vitals-les-transformacions-empresarials-a-lera-de-la-revolucio-digital\/#primaryimage"},"image":{"@id":"https:\/\/raed.academy\/ca\/reptes-vitals-les-transformacions-empresarials-a-lera-de-la-revolucio-digital\/#primaryimage"},"thumbnailUrl":"https:\/\/raed.academy\/wp-content\/uploads\/2024\/06\/logo-Retos-Vitales-2024-txt-negro-sobre-blanco.webp","datePublished":"2024-07-28T07:42:12+00:00","dateModified":"2025-10-29T18:25:54+00:00","description":"Reconeguts experts internacionals aborden l'actual transformaci\u00f3 de l'economia a tots els nivells i n'apunten l'evoluci\u00f3","breadcrumb":{"@id":"https:\/\/raed.academy\/ca\/reptes-vitals-les-transformacions-empresarials-a-lera-de-la-revolucio-digital\/#breadcrumb"},"inLanguage":"ca-ES","potentialAction":[{"@type":"ReadAction","target":["https:\/\/raed.academy\/ca\/reptes-vitals-les-transformacions-empresarials-a-lera-de-la-revolucio-digital\/"]}]},{"@type":"ImageObject","inLanguage":"ca-ES","@id":"https:\/\/raed.academy\/ca\/reptes-vitals-les-transformacions-empresarials-a-lera-de-la-revolucio-digital\/#primaryimage","url":"https:\/\/raed.academy\/wp-content\/uploads\/2024\/06\/logo-Retos-Vitales-2024-txt-negro-sobre-blanco.webp","contentUrl":"https:\/\/raed.academy\/wp-content\/uploads\/2024\/06\/logo-Retos-Vitales-2024-txt-negro-sobre-blanco.webp"},{"@type":"BreadcrumbList","@id":"https:\/\/raed.academy\/ca\/reptes-vitals-les-transformacions-empresarials-a-lera-de-la-revolucio-digital\/#breadcrumb","itemListElement":[{"@type":"ListItem","position":1,"name":"Inicio","item":"https:\/\/raed.academy\/ca\/"},{"@type":"ListItem","position":2,"name":"Reptes Vitals: les transformacions empresarials a l&#8217;era de la revoluci\u00f3 digital"}]},{"@type":"WebSite","@id":"https:\/\/raed.academy\/ca\/#website","url":"https:\/\/raed.academy\/ca\/","name":"Reial Acad\u00e8mia Europea de Doctors","description":"Corporaci\u00f3n de derecho p\u00fablico de car\u00e1cter cient\u00edfico, t\u00e9cnico y art\u00edstico, que tiene por objeto la investigaci\u00f3n, el estudio, el fomento y la extensi\u00f3n del conocimiento en su sentido m\u00e1s amplio","publisher":{"@id":"https:\/\/raed.academy\/ca\/#organization"},"potentialAction":[{"@type":"SearchAction","target":{"@type":"EntryPoint","urlTemplate":"https:\/\/raed.academy\/ca\/?s={search_term_string}"},"query-input":{"@type":"PropertyValueSpecification","valueRequired":true,"valueName":"search_term_string"}}],"inLanguage":"ca-ES"},{"@type":"Organization","@id":"https:\/\/raed.academy\/ca\/#organization","name":"Real Academia Europea de Doctores","url":"https:\/\/raed.academy\/ca\/","logo":{"@type":"ImageObject","inLanguage":"ca-ES","@id":"https:\/\/raed.academy\/ca\/#\/schema\/logo\/image\/","url":"https:\/\/raed.academy\/wp-content\/uploads\/2017\/01\/cropped-logo_raed.png","contentUrl":"https:\/\/raed.academy\/wp-content\/uploads\/2017\/01\/cropped-logo_raed.png","width":512,"height":512,"caption":"Real Academia Europea de Doctores"},"image":{"@id":"https:\/\/raed.academy\/ca\/#\/schema\/logo\/image\/"},"sameAs":["http:\/\/fb.me\/raed.academy","https:\/\/x.com\/raedacademy","https:\/\/www.instagram.com\/raed.academy\/","https:\/\/www.youtube.com\/channel\/UCUYQwW2KrdirNWihxMDObwg"]},{"@type":"Person","@id":"https:\/\/raed.academy\/ca\/#\/schema\/person\/5a755da80d1d979fd66ba745c8702927","name":"RAED","image":{"@type":"ImageObject","inLanguage":"ca-ES","@id":"https:\/\/secure.gravatar.com\/avatar\/19fdfdc0d67fb9c45714b703a2ac82251c4fcea3637f002ac3c9b74c0183583c?s=96&d=mm&r=g","url":"https:\/\/secure.gravatar.com\/avatar\/19fdfdc0d67fb9c45714b703a2ac82251c4fcea3637f002ac3c9b74c0183583c?s=96&d=mm&r=g","contentUrl":"https:\/\/secure.gravatar.com\/avatar\/19fdfdc0d67fb9c45714b703a2ac82251c4fcea3637f002ac3c9b74c0183583c?s=96&d=mm&r=g","caption":"RAED"}}]}},"_links":{"self":[{"href":"https:\/\/raed.academy\/ca\/wp-json\/wp\/v2\/posts\/152068","targetHints":{"allow":["GET"]}}],"collection":[{"href":"https:\/\/raed.academy\/ca\/wp-json\/wp\/v2\/posts"}],"about":[{"href":"https:\/\/raed.academy\/ca\/wp-json\/wp\/v2\/types\/post"}],"author":[{"embeddable":true,"href":"https:\/\/raed.academy\/ca\/wp-json\/wp\/v2\/users\/12"}],"replies":[{"embeddable":true,"href":"https:\/\/raed.academy\/ca\/wp-json\/wp\/v2\/comments?post=152068"}],"version-history":[{"count":2,"href":"https:\/\/raed.academy\/ca\/wp-json\/wp\/v2\/posts\/152068\/revisions"}],"predecessor-version":[{"id":174202,"href":"https:\/\/raed.academy\/ca\/wp-json\/wp\/v2\/posts\/152068\/revisions\/174202"}],"wp:attachment":[{"href":"https:\/\/raed.academy\/ca\/wp-json\/wp\/v2\/media?parent=152068"}],"wp:term":[{"taxonomy":"category","embeddable":true,"href":"https:\/\/raed.academy\/ca\/wp-json\/wp\/v2\/categories?post=152068"},{"taxonomy":"post_tag","embeddable":true,"href":"https:\/\/raed.academy\/ca\/wp-json\/wp\/v2\/tags?post=152068"}],"curies":[{"name":"wp","href":"https:\/\/api.w.org\/{rel}","templated":true}]}}