{"id":151755,"date":"2024-07-12T10:16:05","date_gmt":"2024-07-12T10:16:05","guid":{"rendered":"https:\/\/raed.academy\/?p=151755"},"modified":"2024-07-12T10:16:05","modified_gmt":"2024-07-12T10:16:05","slug":"els-riscos-de-la-melatonina","status":"publish","type":"post","link":"https:\/\/raed.academy\/ca\/els-riscos-de-la-melatonina\/","title":{"rendered":"Els riscos de la melatonina"},"content":{"rendered":"<div id=\"attachment_126205\" style=\"width: 538px\" class=\"wp-caption aligncenter\"><img loading=\"lazy\" decoding=\"async\" aria-describedby=\"caption-attachment-126205\" class=\"wp-image-126205\" src=\"https:\/\/raed.academy\/wp-content\/uploads\/2022\/12\/presentacion-reedicion-libro-Gaudi-en-Madrid-29-Francisco-Lopez-Munoz.webp\" alt=\"Francisco L\u00f3pez Mu\u00f1oz\" width=\"528\" height=\"352\" srcset=\"https:\/\/raed.academy\/wp-content\/uploads\/2022\/12\/presentacion-reedicion-libro-Gaudi-en-Madrid-29-Francisco-Lopez-Munoz.webp 900w, https:\/\/raed.academy\/wp-content\/uploads\/2022\/12\/presentacion-reedicion-libro-Gaudi-en-Madrid-29-Francisco-Lopez-Munoz-768x512.webp 768w\" sizes=\"(max-width: 528px) 100vw, 528px\" \/><p id=\"caption-attachment-126205\" class=\"wp-caption-text\">Dr. Francisco L\u00f3pez Mu\u00f1oz<\/p><\/div>\n<p><a href=\"https:\/\/raed.academy\/ca\/academics\/dr-francisco-lopez-munoz\/\" target=\"_blank\" rel=\"noopener\"><em><strong>Francisco L\u00f3pez Mu\u00f1oz<\/strong><\/em><\/a>, catedr\u00e0tic de Farmacologia i vicerector de Recerca, Ci\u00e8ncia i Doctorat de la <strong>Universitat Camilo Jos\u00e9 Cela<\/strong>, membre fundador del <strong>Comit\u00e8 d&#8217;Observaci\u00f3<\/strong> de l&#8217;<strong>Observatori de Drets Humans d&#8217;Espanya<\/strong> i acad\u00e8mic de n\u00famero de la<strong> Reial Acad\u00e8mia Europea de Doctors-Barcelona 1914<\/strong> (RAED), va publicar el 3 de juliol passat al diari digital<strong> El Espa\u00f1ol<\/strong> l&#8217;article <strong>&#8220;Los tres peligros de la melatonina: un f\u00e1rmaco vendido como suplemento alimenticio en Espa\u00f1a&#8221;<\/strong>, que firma juntament amb<strong> Alejandro Romero <\/strong>i <strong>Eva Ramo<\/strong>s, professors de Toxicologia de la <strong>Universitat Complutense de Madrid<\/strong>, i <strong>Antonio Juber\u00edas<\/strong>, farmac\u00e8utic i tamb\u00e9 docent universitari.<\/p>\n<p>Els quatre experts inicien la seva argumentaci\u00f3 assenyalant que si b\u00e9 nombrosos estudis han documentat la baixa toxicitat de la melatonina en un ampli rang de dosi, sense evidenciar efectes adversos greus o d&#8217;import\u00e0ncia cl\u00ednica significativa, manca informaci\u00f3 concloent sobre la seva toxicitat cr\u00f2nica, el seu impacte a les poblacions espec\u00edfiques i la interacci\u00f3 amb altres medicaments. &#8220;El concepte de la seguretat absoluta de la melatonina no s&#8217;alinea amb la varietat de sistemes fisiol\u00f2gics que afecta. Aquesta associaci\u00f3 explicaria la profusi\u00f3 d&#8217;estudis sobre la seva aplicaci\u00f3 en patologies diverses, inclosa la Covid-19, tot i que sense resultats ferms en molts d&#8217;ells&#8221;, assenyalen.<\/p>\n<p>La seva condici\u00f3 de medicament destinat a tractar malalties rares per part de l&#8217;<strong>Ag\u00e8ncia Europea del Medicament<\/strong> fa augmentar les indicacions basades en models experimentals: asf\u00edxia i retinopatia perinatals, preecl\u00e0mpsia, retinitis pigmentosa, s\u00edndrome radioactiu agut, hemorr\u00e0gia intracerebral no traum\u00e0tica o enterocoliti signants. &#8220;La seva autoritzaci\u00f3 per part d&#8217;aquesta ag\u00e8ncia com a inductor del son ha despertat inter\u00e8s sobre els possibles efectes secundaris en nens i el seu \u00fas prolongat. S&#8217;ha reconegut que no hi ha estudis s\u00f2lids que n&#8217;avalin la seguretat a llarg termini a la poblaci\u00f3 infantil, en dones embarassades oa dosis elevades&#8221;, afegeixen.<\/p>\n<p><img loading=\"lazy\" decoding=\"async\" class=\"alignleft wp-image-123952\" src=\"https:\/\/raed.academy\/wp-content\/uploads\/2022\/10\/pastillas-farmacos-dst.webp\" sizes=\"(max-width: 578px) 100vw, 578px\" srcset=\"https:\/\/raed.academy\/wp-content\/uploads\/2022\/10\/pastillas-farmacos-dst.webp 600w, https:\/\/raed.academy\/wp-content\/uploads\/2022\/10\/pastillas-farmacos-dst-440x264.webp 440w\" alt=\"\" width=\"578\" height=\"347\" \/>La situaci\u00f3 \u00e9s diferent als Estats Units, on l&#8217;<strong>Ag\u00e8ncia Federal d&#8217;Aliments i Medicaments<\/strong> no considera la melatonina un f\u00e0rmac. &#8220;Aix\u00f2 no impedeix, que la mateixa ag\u00e8ncia adverteixi sobre els possibles efectes adversos de la seva administraci\u00f3 per a trastorns del son, com a problemes amb els ritmes circadians i insomni, a causa de la falta d&#8217;estudis concloents sobre la seva toxicitat a llarg termini&#8221;, expliquen els autors, alertant que la seguretat i efic\u00e0cia del principi actiu es poden veure compromeses, especialment en les formes comercials de venda lliure, si inclouen la substituci\u00f3 de principis actius, la pres\u00e8ncia de contaminants i subst\u00e0ncies no desitjades, una elaboraci\u00f3 que no compleixi amb les bones pr\u00e0ctiques de fabricaci\u00f3 i un etiquetatge que no garanteixi la dosi real i est\u00e0ndard de qualitat. Un fet especialment rellevant at\u00e8s l&#8217;\u00fas habitual en nens d&#8217;aquest principi actiu.<\/p>\n<p>Reconegut divulgador de la hist\u00f2ria contempor\u00e0nia, la literatura espanyola dels Segles d&#8217;Or i la medicina i farmacologia, L\u00f3pez Mu\u00f1oz \u00e9s doctor en Medicina i Cirurgia i doctor en Llengua i Literatura Espanyoles, especialista en Medicina Farmac\u00e8utica i diplomat en Estudis sobre l&#8217;Holocaust per l&#8217;<strong>Escola Internacional per als Estudis de l&#8217;Holocaust<\/strong> de Iad Vaixem, a Jerusalem. \u00c9s investigador de l&#8217;<strong>Institut de Recerca Hospital 12 d&#8217;Octubre<\/strong> de Madrid. Ha participat en nombroses investigacions i \u00e9s autor de monografies i articles a les seves \u00e0rees de recerca.<\/p>\n<h2><a href=\"https:\/\/www.elespanol.com\/ciencia\/nutricion\/20240703\/peligros-melatonina-farmaco-vendido-suplemento-alimenticio-espana\/867413720_0.htm\" target=\"_blank\" rel=\"noopener\">Llegiu l&#8217;article<\/a><\/h2>\n","protected":false},"excerpt":{"rendered":"<p>Francisco L\u00f3pez Mu\u00f1oz publica l&#8217;article &#8220;Los tres peligros de la melatonina: un f\u00e1rmaco vendido como suplemento alimenticio en Espa\u00f1a&#8221;, el qual signa juntament amb Alejandro Romero Mart\u00ednez, Eva Ramos, i Antonio Juber\u00edas<\/p>\n","protected":false},"author":12,"featured_media":123953,"comment_status":"closed","ping_status":"closed","sticky":false,"template":"","format":"standard","meta":{"_et_pb_use_builder":"","_et_pb_old_content":"","_et_gb_content_width":"","footnotes":""},"categories":[455,442,213],"tags":[],"class_list":["post-151755","post","type-post","status-publish","format-standard","has-post-thumbnail","hentry","category-ciencies-de-la-salut","category-ciencies-farmaceutiques-ciencies-de-la-salut","category-medicina-i-cirurgia","et-has-post-format-content","et_post_format-et-post-format-standard"],"yoast_head":"<!-- This site is optimized with the Yoast SEO plugin v27.4 - https:\/\/yoast.com\/product\/yoast-seo-wordpress\/ -->\n<title>Els riscos de la melatonina - Reial Acad\u00e8mia Europea de Doctors<\/title>\n<meta name=\"description\" content=\"Francisco L\u00f3pez Mu\u00f1oz publica l&#039;article &quot;Los tres peligros de la melatonina: un f\u00e1rmaco vendido como suplemento alimenticio en Espa\u00f1a&quot;\" \/>\n<meta name=\"robots\" content=\"index, follow, max-snippet:-1, max-image-preview:large, max-video-preview:-1\" \/>\n<link rel=\"canonical\" href=\"https:\/\/raed.academy\/ca\/els-riscos-de-la-melatonina\/\" \/>\n<meta property=\"og:locale\" content=\"ca_ES\" \/>\n<meta property=\"og:type\" content=\"article\" \/>\n<meta property=\"og:title\" content=\"Els riscos de la melatonina - Reial Acad\u00e8mia Europea de Doctors\" \/>\n<meta property=\"og:description\" content=\"Francisco L\u00f3pez Mu\u00f1oz publica l&#039;article &quot;Los tres peligros de la melatonina: un f\u00e1rmaco vendido como suplemento alimenticio en Espa\u00f1a&quot;\" \/>\n<meta property=\"og:url\" content=\"https:\/\/raed.academy\/ca\/els-riscos-de-la-melatonina\/\" \/>\n<meta property=\"og:site_name\" content=\"Reial Acad\u00e8mia Europea de Doctors\" \/>\n<meta property=\"article:publisher\" content=\"http:\/\/fb.me\/raed.academy\" \/>\n<meta property=\"article:published_time\" content=\"2024-07-12T10:16:05+00:00\" \/>\n<meta property=\"og:image\" content=\"https:\/\/raed.academy\/wp-content\/uploads\/2022\/10\/pastillas-farmacos-dst.webp\" \/>\n\t<meta property=\"og:image:width\" content=\"600\" \/>\n\t<meta property=\"og:image:height\" content=\"360\" \/>\n\t<meta property=\"og:image:type\" content=\"image\/webp\" \/>\n<meta name=\"author\" content=\"RAED\" \/>\n<meta name=\"twitter:card\" content=\"summary_large_image\" \/>\n<meta name=\"twitter:creator\" content=\"@raedacademy\" \/>\n<meta name=\"twitter:site\" content=\"@raedacademy\" \/>\n<meta name=\"twitter:label1\" content=\"Written by\" \/>\n\t<meta name=\"twitter:data1\" content=\"RAED\" \/>\n\t<meta name=\"twitter:label2\" content=\"Est. reading time\" \/>\n\t<meta name=\"twitter:data2\" content=\"4 minutes\" \/>\n<script type=\"application\/ld+json\" class=\"yoast-schema-graph\">{\"@context\":\"https:\\\/\\\/schema.org\",\"@graph\":[{\"@type\":\"Article\",\"@id\":\"https:\\\/\\\/raed.academy\\\/ca\\\/els-riscos-de-la-melatonina\\\/#article\",\"isPartOf\":{\"@id\":\"https:\\\/\\\/raed.academy\\\/ca\\\/els-riscos-de-la-melatonina\\\/\"},\"author\":{\"name\":\"RAED\",\"@id\":\"https:\\\/\\\/raed.academy\\\/ca\\\/#\\\/schema\\\/person\\\/5a755da80d1d979fd66ba745c8702927\"},\"headline\":\"Els riscos de la melatonina\",\"datePublished\":\"2024-07-12T10:16:05+00:00\",\"mainEntityOfPage\":{\"@id\":\"https:\\\/\\\/raed.academy\\\/ca\\\/els-riscos-de-la-melatonina\\\/\"},\"wordCount\":597,\"publisher\":{\"@id\":\"https:\\\/\\\/raed.academy\\\/ca\\\/#organization\"},\"image\":{\"@id\":\"https:\\\/\\\/raed.academy\\\/ca\\\/els-riscos-de-la-melatonina\\\/#primaryimage\"},\"thumbnailUrl\":\"https:\\\/\\\/raed.academy\\\/wp-content\\\/uploads\\\/2022\\\/10\\\/pastillas-farmacos-dst.webp\",\"articleSection\":[\"Ci\u00e8ncies de la salut\",\"Ci\u00e8ncies Farmac\u00e8utiques\",\"Medicina i cirurgia\"],\"inLanguage\":\"ca-ES\"},{\"@type\":\"WebPage\",\"@id\":\"https:\\\/\\\/raed.academy\\\/ca\\\/els-riscos-de-la-melatonina\\\/\",\"url\":\"https:\\\/\\\/raed.academy\\\/ca\\\/els-riscos-de-la-melatonina\\\/\",\"name\":\"Els riscos de la melatonina - Reial Acad\u00e8mia Europea de Doctors\",\"isPartOf\":{\"@id\":\"https:\\\/\\\/raed.academy\\\/ca\\\/#website\"},\"primaryImageOfPage\":{\"@id\":\"https:\\\/\\\/raed.academy\\\/ca\\\/els-riscos-de-la-melatonina\\\/#primaryimage\"},\"image\":{\"@id\":\"https:\\\/\\\/raed.academy\\\/ca\\\/els-riscos-de-la-melatonina\\\/#primaryimage\"},\"thumbnailUrl\":\"https:\\\/\\\/raed.academy\\\/wp-content\\\/uploads\\\/2022\\\/10\\\/pastillas-farmacos-dst.webp\",\"datePublished\":\"2024-07-12T10:16:05+00:00\",\"description\":\"Francisco L\u00f3pez Mu\u00f1oz publica l'article \\\"Los tres peligros de la melatonina: un f\u00e1rmaco vendido como suplemento alimenticio en Espa\u00f1a\\\"\",\"breadcrumb\":{\"@id\":\"https:\\\/\\\/raed.academy\\\/ca\\\/els-riscos-de-la-melatonina\\\/#breadcrumb\"},\"inLanguage\":\"ca-ES\",\"potentialAction\":[{\"@type\":\"ReadAction\",\"target\":[\"https:\\\/\\\/raed.academy\\\/ca\\\/els-riscos-de-la-melatonina\\\/\"]}]},{\"@type\":\"ImageObject\",\"inLanguage\":\"ca-ES\",\"@id\":\"https:\\\/\\\/raed.academy\\\/ca\\\/els-riscos-de-la-melatonina\\\/#primaryimage\",\"url\":\"https:\\\/\\\/raed.academy\\\/wp-content\\\/uploads\\\/2022\\\/10\\\/pastillas-farmacos-dst.webp\",\"contentUrl\":\"https:\\\/\\\/raed.academy\\\/wp-content\\\/uploads\\\/2022\\\/10\\\/pastillas-farmacos-dst.webp\",\"width\":600,\"height\":360},{\"@type\":\"BreadcrumbList\",\"@id\":\"https:\\\/\\\/raed.academy\\\/ca\\\/els-riscos-de-la-melatonina\\\/#breadcrumb\",\"itemListElement\":[{\"@type\":\"ListItem\",\"position\":1,\"name\":\"Inicio\",\"item\":\"https:\\\/\\\/raed.academy\\\/ca\\\/\"},{\"@type\":\"ListItem\",\"position\":2,\"name\":\"Els riscos de la melatonina\"}]},{\"@type\":\"WebSite\",\"@id\":\"https:\\\/\\\/raed.academy\\\/ca\\\/#website\",\"url\":\"https:\\\/\\\/raed.academy\\\/ca\\\/\",\"name\":\"Reial Acad\u00e8mia Europea de Doctors\",\"description\":\"Corporaci\u00f3n de derecho p\u00fablico de car\u00e1cter cient\u00edfico, t\u00e9cnico y art\u00edstico, que tiene por objeto la investigaci\u00f3n, el estudio, el fomento y la extensi\u00f3n del conocimiento en su sentido m\u00e1s amplio\",\"publisher\":{\"@id\":\"https:\\\/\\\/raed.academy\\\/ca\\\/#organization\"},\"potentialAction\":[{\"@type\":\"SearchAction\",\"target\":{\"@type\":\"EntryPoint\",\"urlTemplate\":\"https:\\\/\\\/raed.academy\\\/ca\\\/?s={search_term_string}\"},\"query-input\":{\"@type\":\"PropertyValueSpecification\",\"valueRequired\":true,\"valueName\":\"search_term_string\"}}],\"inLanguage\":\"ca-ES\"},{\"@type\":\"Organization\",\"@id\":\"https:\\\/\\\/raed.academy\\\/ca\\\/#organization\",\"name\":\"Real Academia Europea de Doctores\",\"url\":\"https:\\\/\\\/raed.academy\\\/ca\\\/\",\"logo\":{\"@type\":\"ImageObject\",\"inLanguage\":\"ca-ES\",\"@id\":\"https:\\\/\\\/raed.academy\\\/ca\\\/#\\\/schema\\\/logo\\\/image\\\/\",\"url\":\"https:\\\/\\\/raed.academy\\\/wp-content\\\/uploads\\\/2017\\\/01\\\/cropped-logo_raed.png\",\"contentUrl\":\"https:\\\/\\\/raed.academy\\\/wp-content\\\/uploads\\\/2017\\\/01\\\/cropped-logo_raed.png\",\"width\":512,\"height\":512,\"caption\":\"Real Academia Europea de Doctores\"},\"image\":{\"@id\":\"https:\\\/\\\/raed.academy\\\/ca\\\/#\\\/schema\\\/logo\\\/image\\\/\"},\"sameAs\":[\"http:\\\/\\\/fb.me\\\/raed.academy\",\"https:\\\/\\\/x.com\\\/raedacademy\",\"https:\\\/\\\/www.instagram.com\\\/raed.academy\\\/\",\"https:\\\/\\\/www.youtube.com\\\/channel\\\/UCUYQwW2KrdirNWihxMDObwg\"]},{\"@type\":\"Person\",\"@id\":\"https:\\\/\\\/raed.academy\\\/ca\\\/#\\\/schema\\\/person\\\/5a755da80d1d979fd66ba745c8702927\",\"name\":\"RAED\",\"image\":{\"@type\":\"ImageObject\",\"inLanguage\":\"ca-ES\",\"@id\":\"https:\\\/\\\/secure.gravatar.com\\\/avatar\\\/19fdfdc0d67fb9c45714b703a2ac82251c4fcea3637f002ac3c9b74c0183583c?s=96&d=mm&r=g\",\"url\":\"https:\\\/\\\/secure.gravatar.com\\\/avatar\\\/19fdfdc0d67fb9c45714b703a2ac82251c4fcea3637f002ac3c9b74c0183583c?s=96&d=mm&r=g\",\"contentUrl\":\"https:\\\/\\\/secure.gravatar.com\\\/avatar\\\/19fdfdc0d67fb9c45714b703a2ac82251c4fcea3637f002ac3c9b74c0183583c?s=96&d=mm&r=g\",\"caption\":\"RAED\"}}]}<\/script>\n<!-- \/ Yoast SEO plugin. -->","yoast_head_json":{"title":"Els riscos de la melatonina - Reial Acad\u00e8mia Europea de Doctors","description":"Francisco L\u00f3pez Mu\u00f1oz publica l'article \"Los tres peligros de la melatonina: un f\u00e1rmaco vendido como suplemento alimenticio en Espa\u00f1a\"","robots":{"index":"index","follow":"follow","max-snippet":"max-snippet:-1","max-image-preview":"max-image-preview:large","max-video-preview":"max-video-preview:-1"},"canonical":"https:\/\/raed.academy\/ca\/els-riscos-de-la-melatonina\/","og_locale":"ca_ES","og_type":"article","og_title":"Els riscos de la melatonina - Reial Acad\u00e8mia Europea de Doctors","og_description":"Francisco L\u00f3pez Mu\u00f1oz publica l'article \"Los tres peligros de la melatonina: un f\u00e1rmaco vendido como suplemento alimenticio en Espa\u00f1a\"","og_url":"https:\/\/raed.academy\/ca\/els-riscos-de-la-melatonina\/","og_site_name":"Reial Acad\u00e8mia Europea de Doctors","article_publisher":"http:\/\/fb.me\/raed.academy","article_published_time":"2024-07-12T10:16:05+00:00","og_image":[{"width":600,"height":360,"url":"https:\/\/raed.academy\/wp-content\/uploads\/2022\/10\/pastillas-farmacos-dst.webp","type":"image\/webp"}],"author":"RAED","twitter_card":"summary_large_image","twitter_creator":"@raedacademy","twitter_site":"@raedacademy","twitter_misc":{"Written by":"RAED","Est. reading time":"4 minutes"},"schema":{"@context":"https:\/\/schema.org","@graph":[{"@type":"Article","@id":"https:\/\/raed.academy\/ca\/els-riscos-de-la-melatonina\/#article","isPartOf":{"@id":"https:\/\/raed.academy\/ca\/els-riscos-de-la-melatonina\/"},"author":{"name":"RAED","@id":"https:\/\/raed.academy\/ca\/#\/schema\/person\/5a755da80d1d979fd66ba745c8702927"},"headline":"Els riscos de la melatonina","datePublished":"2024-07-12T10:16:05+00:00","mainEntityOfPage":{"@id":"https:\/\/raed.academy\/ca\/els-riscos-de-la-melatonina\/"},"wordCount":597,"publisher":{"@id":"https:\/\/raed.academy\/ca\/#organization"},"image":{"@id":"https:\/\/raed.academy\/ca\/els-riscos-de-la-melatonina\/#primaryimage"},"thumbnailUrl":"https:\/\/raed.academy\/wp-content\/uploads\/2022\/10\/pastillas-farmacos-dst.webp","articleSection":["Ci\u00e8ncies de la salut","Ci\u00e8ncies Farmac\u00e8utiques","Medicina i cirurgia"],"inLanguage":"ca-ES"},{"@type":"WebPage","@id":"https:\/\/raed.academy\/ca\/els-riscos-de-la-melatonina\/","url":"https:\/\/raed.academy\/ca\/els-riscos-de-la-melatonina\/","name":"Els riscos de la melatonina - Reial Acad\u00e8mia Europea de Doctors","isPartOf":{"@id":"https:\/\/raed.academy\/ca\/#website"},"primaryImageOfPage":{"@id":"https:\/\/raed.academy\/ca\/els-riscos-de-la-melatonina\/#primaryimage"},"image":{"@id":"https:\/\/raed.academy\/ca\/els-riscos-de-la-melatonina\/#primaryimage"},"thumbnailUrl":"https:\/\/raed.academy\/wp-content\/uploads\/2022\/10\/pastillas-farmacos-dst.webp","datePublished":"2024-07-12T10:16:05+00:00","description":"Francisco L\u00f3pez Mu\u00f1oz publica l'article \"Los tres peligros de la melatonina: un f\u00e1rmaco vendido como suplemento alimenticio en Espa\u00f1a\"","breadcrumb":{"@id":"https:\/\/raed.academy\/ca\/els-riscos-de-la-melatonina\/#breadcrumb"},"inLanguage":"ca-ES","potentialAction":[{"@type":"ReadAction","target":["https:\/\/raed.academy\/ca\/els-riscos-de-la-melatonina\/"]}]},{"@type":"ImageObject","inLanguage":"ca-ES","@id":"https:\/\/raed.academy\/ca\/els-riscos-de-la-melatonina\/#primaryimage","url":"https:\/\/raed.academy\/wp-content\/uploads\/2022\/10\/pastillas-farmacos-dst.webp","contentUrl":"https:\/\/raed.academy\/wp-content\/uploads\/2022\/10\/pastillas-farmacos-dst.webp","width":600,"height":360},{"@type":"BreadcrumbList","@id":"https:\/\/raed.academy\/ca\/els-riscos-de-la-melatonina\/#breadcrumb","itemListElement":[{"@type":"ListItem","position":1,"name":"Inicio","item":"https:\/\/raed.academy\/ca\/"},{"@type":"ListItem","position":2,"name":"Els riscos de la melatonina"}]},{"@type":"WebSite","@id":"https:\/\/raed.academy\/ca\/#website","url":"https:\/\/raed.academy\/ca\/","name":"Reial Acad\u00e8mia Europea de Doctors","description":"Corporaci\u00f3n de derecho p\u00fablico de car\u00e1cter cient\u00edfico, t\u00e9cnico y art\u00edstico, que tiene por objeto la investigaci\u00f3n, el estudio, el fomento y la extensi\u00f3n del conocimiento en su sentido m\u00e1s amplio","publisher":{"@id":"https:\/\/raed.academy\/ca\/#organization"},"potentialAction":[{"@type":"SearchAction","target":{"@type":"EntryPoint","urlTemplate":"https:\/\/raed.academy\/ca\/?s={search_term_string}"},"query-input":{"@type":"PropertyValueSpecification","valueRequired":true,"valueName":"search_term_string"}}],"inLanguage":"ca-ES"},{"@type":"Organization","@id":"https:\/\/raed.academy\/ca\/#organization","name":"Real Academia Europea de Doctores","url":"https:\/\/raed.academy\/ca\/","logo":{"@type":"ImageObject","inLanguage":"ca-ES","@id":"https:\/\/raed.academy\/ca\/#\/schema\/logo\/image\/","url":"https:\/\/raed.academy\/wp-content\/uploads\/2017\/01\/cropped-logo_raed.png","contentUrl":"https:\/\/raed.academy\/wp-content\/uploads\/2017\/01\/cropped-logo_raed.png","width":512,"height":512,"caption":"Real Academia Europea de Doctores"},"image":{"@id":"https:\/\/raed.academy\/ca\/#\/schema\/logo\/image\/"},"sameAs":["http:\/\/fb.me\/raed.academy","https:\/\/x.com\/raedacademy","https:\/\/www.instagram.com\/raed.academy\/","https:\/\/www.youtube.com\/channel\/UCUYQwW2KrdirNWihxMDObwg"]},{"@type":"Person","@id":"https:\/\/raed.academy\/ca\/#\/schema\/person\/5a755da80d1d979fd66ba745c8702927","name":"RAED","image":{"@type":"ImageObject","inLanguage":"ca-ES","@id":"https:\/\/secure.gravatar.com\/avatar\/19fdfdc0d67fb9c45714b703a2ac82251c4fcea3637f002ac3c9b74c0183583c?s=96&d=mm&r=g","url":"https:\/\/secure.gravatar.com\/avatar\/19fdfdc0d67fb9c45714b703a2ac82251c4fcea3637f002ac3c9b74c0183583c?s=96&d=mm&r=g","contentUrl":"https:\/\/secure.gravatar.com\/avatar\/19fdfdc0d67fb9c45714b703a2ac82251c4fcea3637f002ac3c9b74c0183583c?s=96&d=mm&r=g","caption":"RAED"}}]}},"_links":{"self":[{"href":"https:\/\/raed.academy\/ca\/wp-json\/wp\/v2\/posts\/151755","targetHints":{"allow":["GET"]}}],"collection":[{"href":"https:\/\/raed.academy\/ca\/wp-json\/wp\/v2\/posts"}],"about":[{"href":"https:\/\/raed.academy\/ca\/wp-json\/wp\/v2\/types\/post"}],"author":[{"embeddable":true,"href":"https:\/\/raed.academy\/ca\/wp-json\/wp\/v2\/users\/12"}],"replies":[{"embeddable":true,"href":"https:\/\/raed.academy\/ca\/wp-json\/wp\/v2\/comments?post=151755"}],"version-history":[{"count":0,"href":"https:\/\/raed.academy\/ca\/wp-json\/wp\/v2\/posts\/151755\/revisions"}],"wp:featuredmedia":[{"embeddable":true,"href":"https:\/\/raed.academy\/ca\/wp-json\/wp\/v2\/media\/123953"}],"wp:attachment":[{"href":"https:\/\/raed.academy\/ca\/wp-json\/wp\/v2\/media?parent=151755"}],"wp:term":[{"taxonomy":"category","embeddable":true,"href":"https:\/\/raed.academy\/ca\/wp-json\/wp\/v2\/categories?post=151755"},{"taxonomy":"post_tag","embeddable":true,"href":"https:\/\/raed.academy\/ca\/wp-json\/wp\/v2\/tags?post=151755"}],"curies":[{"name":"wp","href":"https:\/\/api.w.org\/{rel}","templated":true}]}}