{"id":151008,"date":"2024-06-28T11:07:58","date_gmt":"2024-06-28T11:07:58","guid":{"rendered":"https:\/\/raed.academy\/?p=151008"},"modified":"2024-06-28T11:07:58","modified_gmt":"2024-06-28T11:07:58","slug":"felip-vi-un-rei-de-tots-i-per-a-tots","status":"publish","type":"post","link":"https:\/\/raed.academy\/ca\/felip-vi-un-rei-de-tots-i-per-a-tots\/","title":{"rendered":"Felip VI, un rei de tots i per a tots"},"content":{"rendered":"<div id=\"attachment_141089\" style=\"width: 478px\" class=\"wp-caption aligncenter\"><img loading=\"lazy\" decoding=\"async\" aria-describedby=\"caption-attachment-141089\" class=\"wp-image-141089\" src=\"https:\/\/raed.academy\/wp-content\/uploads\/2023\/11\/Daniel-Berzosa-academico-numero.webp\" alt=\"Dr. Daniel Berzosa\" width=\"468\" height=\"281\" srcset=\"https:\/\/raed.academy\/wp-content\/uploads\/2023\/11\/Daniel-Berzosa-academico-numero.webp 600w, https:\/\/raed.academy\/wp-content\/uploads\/2023\/11\/Daniel-Berzosa-academico-numero-440x264.webp 440w\" sizes=\"(max-width: 468px) 100vw, 468px\" \/><p id=\"caption-attachment-141089\" class=\"wp-caption-text\">Dr. Daniel Berzosa<\/p><\/div>\n<p><a href=\"https:\/\/raed.academy\/ca\/academics\/dr-daniel-berzosa-lopez\/\" target=\"_blank\" rel=\"noopener\"><em><strong>Daniel Berzosa<\/strong><\/em><\/a>, professor de Dret Constitucional i Drets Fonamentals de <strong>Cunef Universitat<\/strong>, de l&#8217;<strong>Institut d&#8217;Estudis Borsaris<\/strong> i de l&#8217;<strong>Institut d&#8217;Empresa-Law &amp; Business School<\/strong>, membre de l&#8217;<strong>Acad\u00e8mia Global<\/strong> i del <strong>Consell Cient\u00edfic<\/strong> del col\u00b7lectiu <strong>Citizens pro Europe<\/strong> i acad\u00e8mic de n\u00famero i membre de la <strong>Junta de Govern<\/strong> de la <strong>Reial Acad\u00e8mia Europea de Doctors-Barcelona 1914<\/strong> (RAED), conclou la seva \u00e0mplia s\u00e8rie d&#8217;intervencions als principals mitjans de comunicaci\u00f3 per analitzar la transcend\u00e8ncia del des\u00e8 aniversari del Regnat de <strong>Felip VI<\/strong> i paper com a garant de l&#8217;Estat de dret amb els articles <strong>&#8220;<\/strong><span class=\"TextRun SCXW87013981 BCX0\" lang=\"ES-ES\" xml:lang=\"ES-ES\" data-contrast=\"auto\"><span class=\"NormalTextRun SCXW87013981 BCX0\"><strong>Felipe VI y la esperanza de Espa\u00f1a&#8221;<\/strong><\/span><\/span>, publicat al diari digital <strong>VozP\u00f3puli<\/strong> el 16 de juny passat; <span class=\"TextRun SCXW87013981 BCX0\" lang=\"ES-ES\" xml:lang=\"ES-ES\" data-contrast=\"auto\"><span class=\"NormalTextRun SCXW87013981 BCX0\"><strong>&#8220;Felipe VI, el R<\/strong><\/span><strong><span class=\"NormalTextRun SCXW87013981 BCX0\">ey<\/span><\/strong><span class=\"NormalTextRun SCXW87013981 BCX0\"><strong> Ciudadano&#8221;<\/strong><\/span><\/span>, publicat al diari econ\u00f2mic <strong>&#8220;Expansi\u00f3n&#8221;<\/strong> el 19 de juny, i amb la seva intervenci\u00f3 a l&#8217;editorial del popular podcast <span class=\"TextRun SCXW87013981 BCX0\" lang=\"ES-ES\" xml:lang=\"ES-ES\" data-contrast=\"auto\"><span class=\"NormalTextRun SCXW87013981 BCX0\"><strong>&#8220;Tiempo de ley&#8221;<\/strong><\/span><\/span> de la plataforma<span class=\"TextRun SCXW87013981 BCX0\" lang=\"ES-ES\" xml:lang=\"ES-ES\" data-contrast=\"auto\"><span class=\"NormalTextRun SCXW87013981 BCX0\"> <strong>O\u00edr y Ver<\/strong><\/span><\/span>.<\/p>\n<p>A &#8220;Felipe VI y la esperanza de Espa\u00f1a&#8221;, l&#8217;expert jurista destaca els principis morals i \u00e8tics i l&#8217;exemplaritat que han marcat i guien el Regnat de Felip VI. &#8220;Encara en la creixent conflictivitat pol\u00edtica de blocs i murs al\u00e7ats, que ens est\u00e0 fent travessar deserts de desolaci\u00f3 sense que gaudim amb prou feines d&#8217;algun oasi, Felip VI simbolitza i defensa amb les seves paraules i el seu exemple l&#8217;exercici i el desig d&#8217;una societat democr\u00e0tica avan\u00e7ada, basada en la igualtat, la llibertat i la just\u00edcia, articulada en institucions s\u00f2lides i connectada amb el m\u00f3n, com recull la <strong>Constituci\u00f3<\/strong>. El que va resumir a la c\u00e8lebre frase: &#8216;Una monarquia renovada per a un temps nou'&#8221;, assenyala Berzosa.<\/p>\n<div id=\"attachment_150856\" style=\"width: 510px\" class=\"wp-caption alignright\"><img loading=\"lazy\" decoding=\"async\" aria-describedby=\"caption-attachment-150856\" class=\"wp-image-150856 size-full\" src=\"https:\/\/raed.academy\/wp-content\/uploads\/2024\/06\/Rey-Espana-Felipe-VI-dst.webp\" sizes=\"(max-width: 500px) 100vw, 500px\" srcset=\"https:\/\/raed.academy\/wp-content\/uploads\/2024\/06\/Rey-Espana-Felipe-VI-dst.webp 500w, https:\/\/raed.academy\/wp-content\/uploads\/2024\/06\/Rey-Espana-Felipe-VI-dst-440x264.webp 440w\" alt=\"Felipe VI\" width=\"500\" height=\"300\" aria-describedby=\"caption-attachment-150856\" \/><p id=\"caption-attachment-150856\" class=\"wp-caption-text\">Felipe VI<\/p><\/div>\n<p>D&#8217;altra banda, a &#8220;Felipe VI, el Rey Ciudadano&#8221;, l&#8217;acad\u00e8mic incideix en aquest car\u00e0cter integrador i s\u00f2lid, \u00e8tic, discret i ferm del monarca. &#8220;Em refereixo a Felip VI com a &#8216;Rei Ciutad\u00e0&#8217;; perqu\u00e8 alberga de forma exemplar en el seu exercici com a Rei i cap de l&#8217;Estat les qualitats i disposicions que ha de tenir tot subjecte d&#8217;un Estat lliure i democr\u00e0tic, i, amb m\u00e9s motiu, qui \u00e9s el seu cap, sent, precisament per aix\u00f2, &#8216;el primer servidor de tots els espanyols&#8217;, com es va qualificar amb tota eloq\u00fc\u00e8ncia i encert a si mateix en el discurs inaugural davant el <strong>Parlament<\/strong> espanyol&#8221;, resumeix.<\/p>\n<p>Finalment, a l&#8217;editorial de &#8220;Tiempo de ley&#8221;, Berzosa va repassar la traject\u00f2ria del Regnat de l&#8217;actual monarca i el seu paper en moments decisius que s&#8217;han succe\u00eft en aquest breu per\u00f2 intens per\u00edode, com el desafiament independentista a Catalunya o els pitjors mesos de la pand\u00e8mia de la Covid. &#8220;Com a cap de l&#8217;Estat, Felip VI representa l&#8217;Estat de dret i la continu\u00eftat del pa\u00eds. S&#8217;ha consolidat com un referent s\u00f2lid, que ho aguanta tot en defensa de la nostra llibertat i integritat, un referent per a la democr\u00e0cia al m\u00f3n i, a particular, per als pa\u00efsos germans d&#8217;Hispanoam\u00e8rica. Un l\u00edder amb una gran vocaci\u00f3 de servei&#8221;, assenyala.<\/p>\n<p>Berzosa \u00e9s membre de la <strong>Societat de Diplom\u00e0cia i Ci\u00e8ncies Pol\u00edtiques dels Estats Units<\/strong>, coordinador de l&#8217;<strong>Observatori Internacional de la Regulaci\u00f3 de les Entitats del Sector P\u00fablic<\/strong> de la <strong>Universitat de Santiago de Compostela<\/strong>, membre dels comit\u00e8s organitzadors dels congressos del <strong>World Law Congress<\/strong> de Cartagena d&#8217;\u00cdndies 2021 i Madrid 2019 i autor de llibres i articles cient\u00edfics publicats a revistes de prestigi. \u00c9s aix\u00ed mateix un reconegut divulgador de temes legals i ci\u00e8ncies pol\u00edtiques als principals mitjans de comunicaci\u00f3 espanyols.<\/p>\n<ul>\n<li>\n<h3><a href=\"https:\/\/www.vozpopuli.com\/opinion\/felipe-vi-esperanza-espana-2.html\" target=\"_blank\" rel=\"noopener\">Llegiu &#8220;<span class=\"TextRun SCXW87013981 BCX0\" lang=\"ES-ES\" xml:lang=\"ES-ES\" data-contrast=\"auto\"><span class=\"NormalTextRun SCXW87013981 BCX0\">Felipe VI y la esperanza de Espa\u00f1a&#8221;<\/span><\/span><\/a><\/h3>\n<\/li>\n<li>\n<h3><a href=\"https:\/\/www.expansion.com\/opinion\/2024\/06\/19\/6672aa57468aeba2278b459b.html\" target=\"_blank\" rel=\"noopener\">Llegiu <span class=\"TextRun SCXW87013981 BCX0\" lang=\"ES-ES\" xml:lang=\"ES-ES\" data-contrast=\"auto\"><span class=\"NormalTextRun SCXW87013981 BCX0\">&#8220;Felipe VI, el R<\/span><span class=\"NormalTextRun SCXW87013981 BCX0\">ey<\/span><span class=\"NormalTextRun SCXW87013981 BCX0\"> Ciudadano&#8221;<\/span><\/span><\/a><\/h3>\n<\/li>\n<li>\n<h3><a href=\"https:\/\/oiryver.com\/2024\/06\/24\/editorial-de-daniel-berzosa-sobre-el-10-aniversario-de-reinado-de-felipe-vi\/\" target=\"_blank\" rel=\"noopener\">Escolteu &#8220;Tiempo de ley&#8221;<\/a><\/h3>\n<\/li>\n<\/ul>\n","protected":false},"excerpt":{"rendered":"<p>Daniel Berzosa analitza, als seus \u00faltims articles, la transcend\u00e8ncia del des\u00e8 aniversari del Regnat de Felip VI i el seu paper com a garant de l&#8217;Estat de dret<\/p>\n","protected":false},"author":12,"featured_media":150857,"comment_status":"closed","ping_status":"closed","sticky":false,"template":"","format":"standard","meta":{"_et_pb_use_builder":"","_et_pb_old_content":"","_et_gb_content_width":"","footnotes":""},"categories":[350,487],"tags":[],"class_list":["post-151008","post","type-post","status-publish","format-standard","has-post-thumbnail","hentry","category-ciencies-politiques","category-monarquia-ca","et-has-post-format-content","et_post_format-et-post-format-standard"],"yoast_head":"<!-- This site is optimized with the Yoast SEO plugin v27.4 - https:\/\/yoast.com\/product\/yoast-seo-wordpress\/ -->\n<title>Felip VI, un rei de tots i per a tots - Reial Acad\u00e8mia Europea de Doctors<\/title>\n<meta name=\"description\" content=\"Daniel Berzosa analitza, als seus \u00faltims articles, la transcend\u00e8ncia del des\u00e8 aniversari del Regnat de Felip VI i el seu paper com a garant de l&#039;Estat de dret\" \/>\n<meta name=\"robots\" content=\"index, follow, max-snippet:-1, max-image-preview:large, max-video-preview:-1\" \/>\n<link rel=\"canonical\" href=\"https:\/\/raed.academy\/ca\/felip-vi-un-rei-de-tots-i-per-a-tots\/\" \/>\n<meta property=\"og:locale\" content=\"ca_ES\" \/>\n<meta property=\"og:type\" content=\"article\" \/>\n<meta property=\"og:title\" content=\"Felip VI, un rei de tots i per a tots - Reial Acad\u00e8mia Europea de Doctors\" \/>\n<meta property=\"og:description\" content=\"Daniel Berzosa analitza, als seus \u00faltims articles, la transcend\u00e8ncia del des\u00e8 aniversari del Regnat de Felip VI i el seu paper com a garant de l&#039;Estat de dret\" \/>\n<meta property=\"og:url\" content=\"https:\/\/raed.academy\/ca\/felip-vi-un-rei-de-tots-i-per-a-tots\/\" \/>\n<meta property=\"og:site_name\" content=\"Reial Acad\u00e8mia Europea de Doctors\" \/>\n<meta property=\"article:publisher\" content=\"http:\/\/fb.me\/raed.academy\" \/>\n<meta property=\"article:published_time\" content=\"2024-06-28T11:07:58+00:00\" \/>\n<meta property=\"og:image\" content=\"https:\/\/raed.academy\/wp-content\/uploads\/2024\/06\/Rey-Espana-Felipe-VI-dst.webp\" \/>\n\t<meta property=\"og:image:width\" content=\"500\" \/>\n\t<meta property=\"og:image:height\" content=\"300\" \/>\n\t<meta property=\"og:image:type\" content=\"image\/webp\" \/>\n<meta name=\"author\" content=\"RAED\" \/>\n<meta name=\"twitter:card\" content=\"summary_large_image\" \/>\n<meta name=\"twitter:creator\" content=\"@raedacademy\" \/>\n<meta name=\"twitter:site\" content=\"@raedacademy\" \/>\n<meta name=\"twitter:label1\" content=\"Written by\" \/>\n\t<meta name=\"twitter:data1\" content=\"RAED\" \/>\n\t<meta name=\"twitter:label2\" content=\"Est. reading time\" \/>\n\t<meta name=\"twitter:data2\" content=\"4 minutes\" \/>\n<script type=\"application\/ld+json\" class=\"yoast-schema-graph\">{\"@context\":\"https:\\\/\\\/schema.org\",\"@graph\":[{\"@type\":\"Article\",\"@id\":\"https:\\\/\\\/raed.academy\\\/ca\\\/felip-vi-un-rei-de-tots-i-per-a-tots\\\/#article\",\"isPartOf\":{\"@id\":\"https:\\\/\\\/raed.academy\\\/ca\\\/felip-vi-un-rei-de-tots-i-per-a-tots\\\/\"},\"author\":{\"name\":\"RAED\",\"@id\":\"https:\\\/\\\/raed.academy\\\/ca\\\/#\\\/schema\\\/person\\\/5a755da80d1d979fd66ba745c8702927\"},\"headline\":\"Felip VI, un rei de tots i per a tots\",\"datePublished\":\"2024-06-28T11:07:58+00:00\",\"mainEntityOfPage\":{\"@id\":\"https:\\\/\\\/raed.academy\\\/ca\\\/felip-vi-un-rei-de-tots-i-per-a-tots\\\/\"},\"wordCount\":668,\"publisher\":{\"@id\":\"https:\\\/\\\/raed.academy\\\/ca\\\/#organization\"},\"image\":{\"@id\":\"https:\\\/\\\/raed.academy\\\/ca\\\/felip-vi-un-rei-de-tots-i-per-a-tots\\\/#primaryimage\"},\"thumbnailUrl\":\"https:\\\/\\\/raed.academy\\\/wp-content\\\/uploads\\\/2024\\\/06\\\/Rey-Espana-Felipe-VI-dst.webp\",\"articleSection\":[\"Ci\u00e8ncies pol\u00edtiques\",\"Monarquia\"],\"inLanguage\":\"ca-ES\"},{\"@type\":\"WebPage\",\"@id\":\"https:\\\/\\\/raed.academy\\\/ca\\\/felip-vi-un-rei-de-tots-i-per-a-tots\\\/\",\"url\":\"https:\\\/\\\/raed.academy\\\/ca\\\/felip-vi-un-rei-de-tots-i-per-a-tots\\\/\",\"name\":\"Felip VI, un rei de tots i per a tots - Reial Acad\u00e8mia Europea de Doctors\",\"isPartOf\":{\"@id\":\"https:\\\/\\\/raed.academy\\\/ca\\\/#website\"},\"primaryImageOfPage\":{\"@id\":\"https:\\\/\\\/raed.academy\\\/ca\\\/felip-vi-un-rei-de-tots-i-per-a-tots\\\/#primaryimage\"},\"image\":{\"@id\":\"https:\\\/\\\/raed.academy\\\/ca\\\/felip-vi-un-rei-de-tots-i-per-a-tots\\\/#primaryimage\"},\"thumbnailUrl\":\"https:\\\/\\\/raed.academy\\\/wp-content\\\/uploads\\\/2024\\\/06\\\/Rey-Espana-Felipe-VI-dst.webp\",\"datePublished\":\"2024-06-28T11:07:58+00:00\",\"description\":\"Daniel Berzosa analitza, als seus \u00faltims articles, la transcend\u00e8ncia del des\u00e8 aniversari del Regnat de Felip VI i el seu paper com a garant de l'Estat de dret\",\"breadcrumb\":{\"@id\":\"https:\\\/\\\/raed.academy\\\/ca\\\/felip-vi-un-rei-de-tots-i-per-a-tots\\\/#breadcrumb\"},\"inLanguage\":\"ca-ES\",\"potentialAction\":[{\"@type\":\"ReadAction\",\"target\":[\"https:\\\/\\\/raed.academy\\\/ca\\\/felip-vi-un-rei-de-tots-i-per-a-tots\\\/\"]}]},{\"@type\":\"ImageObject\",\"inLanguage\":\"ca-ES\",\"@id\":\"https:\\\/\\\/raed.academy\\\/ca\\\/felip-vi-un-rei-de-tots-i-per-a-tots\\\/#primaryimage\",\"url\":\"https:\\\/\\\/raed.academy\\\/wp-content\\\/uploads\\\/2024\\\/06\\\/Rey-Espana-Felipe-VI-dst.webp\",\"contentUrl\":\"https:\\\/\\\/raed.academy\\\/wp-content\\\/uploads\\\/2024\\\/06\\\/Rey-Espana-Felipe-VI-dst.webp\",\"width\":500,\"height\":300},{\"@type\":\"BreadcrumbList\",\"@id\":\"https:\\\/\\\/raed.academy\\\/ca\\\/felip-vi-un-rei-de-tots-i-per-a-tots\\\/#breadcrumb\",\"itemListElement\":[{\"@type\":\"ListItem\",\"position\":1,\"name\":\"Inicio\",\"item\":\"https:\\\/\\\/raed.academy\\\/ca\\\/\"},{\"@type\":\"ListItem\",\"position\":2,\"name\":\"Felip VI, un rei de tots i per a tots\"}]},{\"@type\":\"WebSite\",\"@id\":\"https:\\\/\\\/raed.academy\\\/ca\\\/#website\",\"url\":\"https:\\\/\\\/raed.academy\\\/ca\\\/\",\"name\":\"Reial Acad\u00e8mia Europea de Doctors\",\"description\":\"Corporaci\u00f3n de derecho p\u00fablico de car\u00e1cter cient\u00edfico, t\u00e9cnico y art\u00edstico, que tiene por objeto la investigaci\u00f3n, el estudio, el fomento y la extensi\u00f3n del conocimiento en su sentido m\u00e1s amplio\",\"publisher\":{\"@id\":\"https:\\\/\\\/raed.academy\\\/ca\\\/#organization\"},\"potentialAction\":[{\"@type\":\"SearchAction\",\"target\":{\"@type\":\"EntryPoint\",\"urlTemplate\":\"https:\\\/\\\/raed.academy\\\/ca\\\/?s={search_term_string}\"},\"query-input\":{\"@type\":\"PropertyValueSpecification\",\"valueRequired\":true,\"valueName\":\"search_term_string\"}}],\"inLanguage\":\"ca-ES\"},{\"@type\":\"Organization\",\"@id\":\"https:\\\/\\\/raed.academy\\\/ca\\\/#organization\",\"name\":\"Real Academia Europea de Doctores\",\"url\":\"https:\\\/\\\/raed.academy\\\/ca\\\/\",\"logo\":{\"@type\":\"ImageObject\",\"inLanguage\":\"ca-ES\",\"@id\":\"https:\\\/\\\/raed.academy\\\/ca\\\/#\\\/schema\\\/logo\\\/image\\\/\",\"url\":\"https:\\\/\\\/raed.academy\\\/wp-content\\\/uploads\\\/2017\\\/01\\\/cropped-logo_raed.png\",\"contentUrl\":\"https:\\\/\\\/raed.academy\\\/wp-content\\\/uploads\\\/2017\\\/01\\\/cropped-logo_raed.png\",\"width\":512,\"height\":512,\"caption\":\"Real Academia Europea de Doctores\"},\"image\":{\"@id\":\"https:\\\/\\\/raed.academy\\\/ca\\\/#\\\/schema\\\/logo\\\/image\\\/\"},\"sameAs\":[\"http:\\\/\\\/fb.me\\\/raed.academy\",\"https:\\\/\\\/x.com\\\/raedacademy\",\"https:\\\/\\\/www.instagram.com\\\/raed.academy\\\/\",\"https:\\\/\\\/www.youtube.com\\\/channel\\\/UCUYQwW2KrdirNWihxMDObwg\"]},{\"@type\":\"Person\",\"@id\":\"https:\\\/\\\/raed.academy\\\/ca\\\/#\\\/schema\\\/person\\\/5a755da80d1d979fd66ba745c8702927\",\"name\":\"RAED\",\"image\":{\"@type\":\"ImageObject\",\"inLanguage\":\"ca-ES\",\"@id\":\"https:\\\/\\\/secure.gravatar.com\\\/avatar\\\/19fdfdc0d67fb9c45714b703a2ac82251c4fcea3637f002ac3c9b74c0183583c?s=96&d=mm&r=g\",\"url\":\"https:\\\/\\\/secure.gravatar.com\\\/avatar\\\/19fdfdc0d67fb9c45714b703a2ac82251c4fcea3637f002ac3c9b74c0183583c?s=96&d=mm&r=g\",\"contentUrl\":\"https:\\\/\\\/secure.gravatar.com\\\/avatar\\\/19fdfdc0d67fb9c45714b703a2ac82251c4fcea3637f002ac3c9b74c0183583c?s=96&d=mm&r=g\",\"caption\":\"RAED\"}}]}<\/script>\n<!-- \/ Yoast SEO plugin. -->","yoast_head_json":{"title":"Felip VI, un rei de tots i per a tots - Reial Acad\u00e8mia Europea de Doctors","description":"Daniel Berzosa analitza, als seus \u00faltims articles, la transcend\u00e8ncia del des\u00e8 aniversari del Regnat de Felip VI i el seu paper com a garant de l'Estat de dret","robots":{"index":"index","follow":"follow","max-snippet":"max-snippet:-1","max-image-preview":"max-image-preview:large","max-video-preview":"max-video-preview:-1"},"canonical":"https:\/\/raed.academy\/ca\/felip-vi-un-rei-de-tots-i-per-a-tots\/","og_locale":"ca_ES","og_type":"article","og_title":"Felip VI, un rei de tots i per a tots - Reial Acad\u00e8mia Europea de Doctors","og_description":"Daniel Berzosa analitza, als seus \u00faltims articles, la transcend\u00e8ncia del des\u00e8 aniversari del Regnat de Felip VI i el seu paper com a garant de l'Estat de dret","og_url":"https:\/\/raed.academy\/ca\/felip-vi-un-rei-de-tots-i-per-a-tots\/","og_site_name":"Reial Acad\u00e8mia Europea de Doctors","article_publisher":"http:\/\/fb.me\/raed.academy","article_published_time":"2024-06-28T11:07:58+00:00","og_image":[{"width":500,"height":300,"url":"https:\/\/raed.academy\/wp-content\/uploads\/2024\/06\/Rey-Espana-Felipe-VI-dst.webp","type":"image\/webp"}],"author":"RAED","twitter_card":"summary_large_image","twitter_creator":"@raedacademy","twitter_site":"@raedacademy","twitter_misc":{"Written by":"RAED","Est. reading time":"4 minutes"},"schema":{"@context":"https:\/\/schema.org","@graph":[{"@type":"Article","@id":"https:\/\/raed.academy\/ca\/felip-vi-un-rei-de-tots-i-per-a-tots\/#article","isPartOf":{"@id":"https:\/\/raed.academy\/ca\/felip-vi-un-rei-de-tots-i-per-a-tots\/"},"author":{"name":"RAED","@id":"https:\/\/raed.academy\/ca\/#\/schema\/person\/5a755da80d1d979fd66ba745c8702927"},"headline":"Felip VI, un rei de tots i per a tots","datePublished":"2024-06-28T11:07:58+00:00","mainEntityOfPage":{"@id":"https:\/\/raed.academy\/ca\/felip-vi-un-rei-de-tots-i-per-a-tots\/"},"wordCount":668,"publisher":{"@id":"https:\/\/raed.academy\/ca\/#organization"},"image":{"@id":"https:\/\/raed.academy\/ca\/felip-vi-un-rei-de-tots-i-per-a-tots\/#primaryimage"},"thumbnailUrl":"https:\/\/raed.academy\/wp-content\/uploads\/2024\/06\/Rey-Espana-Felipe-VI-dst.webp","articleSection":["Ci\u00e8ncies pol\u00edtiques","Monarquia"],"inLanguage":"ca-ES"},{"@type":"WebPage","@id":"https:\/\/raed.academy\/ca\/felip-vi-un-rei-de-tots-i-per-a-tots\/","url":"https:\/\/raed.academy\/ca\/felip-vi-un-rei-de-tots-i-per-a-tots\/","name":"Felip VI, un rei de tots i per a tots - Reial Acad\u00e8mia Europea de Doctors","isPartOf":{"@id":"https:\/\/raed.academy\/ca\/#website"},"primaryImageOfPage":{"@id":"https:\/\/raed.academy\/ca\/felip-vi-un-rei-de-tots-i-per-a-tots\/#primaryimage"},"image":{"@id":"https:\/\/raed.academy\/ca\/felip-vi-un-rei-de-tots-i-per-a-tots\/#primaryimage"},"thumbnailUrl":"https:\/\/raed.academy\/wp-content\/uploads\/2024\/06\/Rey-Espana-Felipe-VI-dst.webp","datePublished":"2024-06-28T11:07:58+00:00","description":"Daniel Berzosa analitza, als seus \u00faltims articles, la transcend\u00e8ncia del des\u00e8 aniversari del Regnat de Felip VI i el seu paper com a garant de l'Estat de dret","breadcrumb":{"@id":"https:\/\/raed.academy\/ca\/felip-vi-un-rei-de-tots-i-per-a-tots\/#breadcrumb"},"inLanguage":"ca-ES","potentialAction":[{"@type":"ReadAction","target":["https:\/\/raed.academy\/ca\/felip-vi-un-rei-de-tots-i-per-a-tots\/"]}]},{"@type":"ImageObject","inLanguage":"ca-ES","@id":"https:\/\/raed.academy\/ca\/felip-vi-un-rei-de-tots-i-per-a-tots\/#primaryimage","url":"https:\/\/raed.academy\/wp-content\/uploads\/2024\/06\/Rey-Espana-Felipe-VI-dst.webp","contentUrl":"https:\/\/raed.academy\/wp-content\/uploads\/2024\/06\/Rey-Espana-Felipe-VI-dst.webp","width":500,"height":300},{"@type":"BreadcrumbList","@id":"https:\/\/raed.academy\/ca\/felip-vi-un-rei-de-tots-i-per-a-tots\/#breadcrumb","itemListElement":[{"@type":"ListItem","position":1,"name":"Inicio","item":"https:\/\/raed.academy\/ca\/"},{"@type":"ListItem","position":2,"name":"Felip VI, un rei de tots i per a tots"}]},{"@type":"WebSite","@id":"https:\/\/raed.academy\/ca\/#website","url":"https:\/\/raed.academy\/ca\/","name":"Reial Acad\u00e8mia Europea de Doctors","description":"Corporaci\u00f3n de derecho p\u00fablico de car\u00e1cter cient\u00edfico, t\u00e9cnico y art\u00edstico, que tiene por objeto la investigaci\u00f3n, el estudio, el fomento y la extensi\u00f3n del conocimiento en su sentido m\u00e1s amplio","publisher":{"@id":"https:\/\/raed.academy\/ca\/#organization"},"potentialAction":[{"@type":"SearchAction","target":{"@type":"EntryPoint","urlTemplate":"https:\/\/raed.academy\/ca\/?s={search_term_string}"},"query-input":{"@type":"PropertyValueSpecification","valueRequired":true,"valueName":"search_term_string"}}],"inLanguage":"ca-ES"},{"@type":"Organization","@id":"https:\/\/raed.academy\/ca\/#organization","name":"Real Academia Europea de Doctores","url":"https:\/\/raed.academy\/ca\/","logo":{"@type":"ImageObject","inLanguage":"ca-ES","@id":"https:\/\/raed.academy\/ca\/#\/schema\/logo\/image\/","url":"https:\/\/raed.academy\/wp-content\/uploads\/2017\/01\/cropped-logo_raed.png","contentUrl":"https:\/\/raed.academy\/wp-content\/uploads\/2017\/01\/cropped-logo_raed.png","width":512,"height":512,"caption":"Real Academia Europea de Doctores"},"image":{"@id":"https:\/\/raed.academy\/ca\/#\/schema\/logo\/image\/"},"sameAs":["http:\/\/fb.me\/raed.academy","https:\/\/x.com\/raedacademy","https:\/\/www.instagram.com\/raed.academy\/","https:\/\/www.youtube.com\/channel\/UCUYQwW2KrdirNWihxMDObwg"]},{"@type":"Person","@id":"https:\/\/raed.academy\/ca\/#\/schema\/person\/5a755da80d1d979fd66ba745c8702927","name":"RAED","image":{"@type":"ImageObject","inLanguage":"ca-ES","@id":"https:\/\/secure.gravatar.com\/avatar\/19fdfdc0d67fb9c45714b703a2ac82251c4fcea3637f002ac3c9b74c0183583c?s=96&d=mm&r=g","url":"https:\/\/secure.gravatar.com\/avatar\/19fdfdc0d67fb9c45714b703a2ac82251c4fcea3637f002ac3c9b74c0183583c?s=96&d=mm&r=g","contentUrl":"https:\/\/secure.gravatar.com\/avatar\/19fdfdc0d67fb9c45714b703a2ac82251c4fcea3637f002ac3c9b74c0183583c?s=96&d=mm&r=g","caption":"RAED"}}]}},"_links":{"self":[{"href":"https:\/\/raed.academy\/ca\/wp-json\/wp\/v2\/posts\/151008","targetHints":{"allow":["GET"]}}],"collection":[{"href":"https:\/\/raed.academy\/ca\/wp-json\/wp\/v2\/posts"}],"about":[{"href":"https:\/\/raed.academy\/ca\/wp-json\/wp\/v2\/types\/post"}],"author":[{"embeddable":true,"href":"https:\/\/raed.academy\/ca\/wp-json\/wp\/v2\/users\/12"}],"replies":[{"embeddable":true,"href":"https:\/\/raed.academy\/ca\/wp-json\/wp\/v2\/comments?post=151008"}],"version-history":[{"count":0,"href":"https:\/\/raed.academy\/ca\/wp-json\/wp\/v2\/posts\/151008\/revisions"}],"wp:featuredmedia":[{"embeddable":true,"href":"https:\/\/raed.academy\/ca\/wp-json\/wp\/v2\/media\/150857"}],"wp:attachment":[{"href":"https:\/\/raed.academy\/ca\/wp-json\/wp\/v2\/media?parent=151008"}],"wp:term":[{"taxonomy":"category","embeddable":true,"href":"https:\/\/raed.academy\/ca\/wp-json\/wp\/v2\/categories?post=151008"},{"taxonomy":"post_tag","embeddable":true,"href":"https:\/\/raed.academy\/ca\/wp-json\/wp\/v2\/tags?post=151008"}],"curies":[{"name":"wp","href":"https:\/\/api.w.org\/{rel}","templated":true}]}}