{"id":150436,"date":"2024-06-14T11:54:35","date_gmt":"2024-06-14T11:54:35","guid":{"rendered":"https:\/\/raed.academy\/?p=150436"},"modified":"2024-06-14T11:54:35","modified_gmt":"2024-06-14T11:54:35","slug":"el-valuos-llegat-de-la-transicio","status":"publish","type":"post","link":"https:\/\/raed.academy\/ca\/el-valuos-llegat-de-la-transicio\/","title":{"rendered":"El valu\u00f3s llegat de la Transici\u00f3"},"content":{"rendered":"<div id=\"attachment_66016\" style=\"width: 480px\" class=\"wp-caption aligncenter\"><img loading=\"lazy\" decoding=\"async\" aria-describedby=\"caption-attachment-66016\" class=\"wp-image-66016 size-full\" src=\"https:\/\/raed.academy\/wp-content\/uploads\/2019\/02\/Teresa-Freixes.jpg\" alt=\"Teresa Freixes\" width=\"470\" height=\"261\" \/><p id=\"caption-attachment-66016\" class=\"wp-caption-text\">Dra. Teresa Freixes<\/p><\/div>\n<p><a href=\"https:\/\/raed.academy\/ca\/academics\/dra-teresa-freixes-sanjuan\/\" target=\"_blank\" rel=\"noopener\"><em><strong>Teresa Freixes<\/strong><\/em><\/a>, catedr\u00e0tica Jean Monnet ad personam, presidenta del col\u00b7lectiu<strong> Citizens pro Europe<\/strong> i acad\u00e8mica de n\u00famero i vicepresidenta de la <strong>Junta de Govern<\/strong> de la <strong>Reial Acad\u00e8mia Europea de Doctors-Barcelona 1914<\/strong> (RAED), presenta l&#8217;obra <strong>&#8220;En defensa de la Transici\u00f3n. La importancia del consenso de 1978 y su adaptaci\u00f3n a los nuevos desaf\u00edos&#8221;<\/strong> (Almuzara), on ofereix una perspectiva aclaridora sobre el proc\u00e9s que va portar a la consolidaci\u00f3 de la democr\u00e0cia a Espanya i defensa la vig\u00e8ncia del consens del 78 davant dels desafiaments que afronta, cinc d\u00e8cades m\u00e9s tard, l&#8217;Estat de dret. El llibre \u00e9s prologat pel vicepresident del <strong>Govern<\/strong> i l\u00edder del <strong>PSOE Alfonso Guerra<\/strong>.<\/p>\n<p>&#8220;Des dels desafiaments enfrontats durant la Transici\u00f3 fins a les amenaces actuals contra l&#8217;Estat de dret, la catedr\u00e0tica en Dret Constitucional i jurat dels <strong>Premis Princesa d&#8217;Ast\u00faries<\/strong> ens convida a reflexionar sobre els principis democr\u00e0tics i l&#8217;imperatiu de defensar-los davant de les adversitats. Amb una mirada cr\u00edtica per\u00f2 esperan\u00e7adora, desmunta els mites i falses narratives que busquen soscavar la legitimitat de la democr\u00e0cia espanyola. El seu comprom\u00eds amb la veritat i la just\u00edcia ressona al llarg d&#8217;aquestes p\u00e0gines, tot recordant-nos la import\u00e0ncia de mantenir-nos vigilants davant de qualsevol amena\u00e7a contra les nostres llibertats i drets. Una obra indispensable per comprendre el nostre passat, reflexionar sobre el nostre present i forjar un futur m\u00e9s just i democr\u00e0tic per a tothom&#8221;, s&#8217;assenyala a la presentaci\u00f3 de l&#8217;obra.<\/p>\n<div id=\"attachment_150393\" style=\"width: 580px\" class=\"wp-caption alignleft\"><img loading=\"lazy\" decoding=\"async\" aria-describedby=\"caption-attachment-150393\" class=\"wp-image-150393\" src=\"https:\/\/raed.academy\/wp-content\/uploads\/2024\/06\/Adolfo-Suarez-transicion-democracia-en-Espana-dst.webp\" alt=\"\" width=\"570\" height=\"342\" srcset=\"https:\/\/raed.academy\/wp-content\/uploads\/2024\/06\/Adolfo-Suarez-transicion-democracia-en-Espana-dst.webp 800w, https:\/\/raed.academy\/wp-content\/uploads\/2024\/06\/Adolfo-Suarez-transicion-democracia-en-Espana-dst-768x461.webp 768w, https:\/\/raed.academy\/wp-content\/uploads\/2024\/06\/Adolfo-Suarez-transicion-democracia-en-Espana-dst-627x376.webp 627w, https:\/\/raed.academy\/wp-content\/uploads\/2024\/06\/Adolfo-Suarez-transicion-democracia-en-Espana-dst-440x264.webp 440w\" sizes=\"(max-width: 570px) 100vw, 570px\" \/><p id=\"caption-attachment-150393\" class=\"wp-caption-text\">Adolfo Su\u00e1rez<\/p><\/div>\n<p>Per a Freixes, aquest llibre no \u00e9s nom\u00e9s una visi\u00f3 de la democr\u00e0cia espanyola des d&#8217;una an\u00e0lisi legal o jur\u00eddica, sin\u00f3 un testimoni hist\u00f2ric que realitza en primera persona i una crida a l&#8217;acci\u00f3 per preservar i enfortir els seus fonaments des de la responsabilitat ciutadana, en defensa del llegat de la Transici\u00f3 i dels principis democr\u00e0tics que tant va costar assolir al seu dia. &#8220;No es pot triar el temps en qu\u00e8 vivim, per\u00f2 s\u00ed que es pot triar la resposta que donem a aquest temps que ens ha tocat viure. Als anys 70 del segle passat, una generaci\u00f3 va optar per donar una resposta in\u00e8dita a la nostra hist\u00f2ria: enfront de la confrontaci\u00f3, el pacte. Una generaci\u00f3 que se sabia destinada a tancar un cap\u00edtol omin\u00f3s de la hist\u00f2ria d&#8217;Espanya i que no pensava en la revenja, sin\u00f3 en una Espanya c\u00edvica, humana i si calia emp\u00e8nyer cap a la conviv\u00e8ncia i la toler\u00e0ncia, fem-ho; aquesta va ser la divisa del moment i del lloc&#8221;, assenyala Alfonso Guerra al seu pr\u00f2leg.<\/p>\n<p>Freixes, per altra banda, ha estat una de les principals impulsores del manifest<strong> &#8220;Europa, la nostra esperan\u00e7a&#8221;<\/strong> juntament amb l&#8217;exdirigent socialista <strong>Nicol\u00e1s Redondo<\/strong>; l&#8217;exvicepresidenta de <strong>Societat Civil Catalana<\/strong>, <strong>M\u00edriam Tey<\/strong>; l&#8217;escriptor <strong>Sergio Fidalgo<\/strong> i el president del col\u00b7lectiu <strong>Consens i Regeneraci\u00f3<\/strong>, <strong>Joaqu\u00edn Villanueva<\/strong>. No nom\u00e9s tractaven d&#8217;impulsar davant de les eleccions al <strong>Parlament Europeu<\/strong> el vot constitucionalista, com ja van fer abans de cara a les eleccions catalanes, sin\u00f3 que destaquen la import\u00e0ncia que ha cobrat la Uni\u00f3 Europea com a garant de la democr\u00e0cia. La presentaci\u00f3 d&#8217;aquest document es va produir el 4 de juny passat a Madrid en un acte dirigit pel reconegut intel\u00b7lectual<strong> Jon Juaristi<\/strong>.<\/p>\n","protected":false},"excerpt":{"rendered":"<p>Teresa Freixes ofereix una perspectiva aclaridora sobre el proc\u00e9s que va portar a la consolidaci\u00f3 de la democr\u00e0cia a Espanya, a l&#8217;obra &#8220;En defensa de la Transici\u00f3. La import\u00e0ncia del consens de 1978 i la seva adaptaci\u00f3 als nous desafiaments&#8221;<\/p>\n","protected":false},"author":12,"featured_media":150394,"comment_status":"closed","ping_status":"closed","sticky":false,"template":"","format":"standard","meta":{"_et_pb_use_builder":"","_et_pb_old_content":"","_et_gb_content_width":"","footnotes":""},"categories":[350,225,242,404],"tags":[],"class_list":["post-150436","post","type-post","status-publish","format-standard","has-post-thumbnail","hentry","category-ciencies-politiques","category-dret","category-categ-historia","category-historia-nacional-ca","et-has-post-format-content","et_post_format-et-post-format-standard"],"yoast_head":"<!-- This site is optimized with the Yoast SEO plugin v27.4 - https:\/\/yoast.com\/product\/yoast-seo-wordpress\/ -->\n<title>El valu\u00f3s llegat de la Transici\u00f3 - Reial Acad\u00e8mia Europea de Doctors<\/title>\n<meta name=\"description\" content=\"Teresa Freixes ofereix una perspectiva aclaridora sobre el proc\u00e9s que va portar a la democr\u00e0cia a Espanya &quot;En defensa de la Transici\u00f3&quot;.\" \/>\n<meta name=\"robots\" content=\"index, follow, max-snippet:-1, max-image-preview:large, max-video-preview:-1\" \/>\n<link rel=\"canonical\" href=\"https:\/\/raed.academy\/ca\/el-valuos-llegat-de-la-transicio\/\" \/>\n<meta property=\"og:locale\" content=\"ca_ES\" \/>\n<meta property=\"og:type\" content=\"article\" \/>\n<meta property=\"og:title\" content=\"El valu\u00f3s llegat de la Transici\u00f3 - Reial Acad\u00e8mia Europea de Doctors\" \/>\n<meta property=\"og:description\" content=\"Teresa Freixes ofereix una perspectiva aclaridora sobre el proc\u00e9s que va portar a la democr\u00e0cia a Espanya &quot;En defensa de la Transici\u00f3&quot;.\" \/>\n<meta property=\"og:url\" content=\"https:\/\/raed.academy\/ca\/el-valuos-llegat-de-la-transicio\/\" \/>\n<meta property=\"og:site_name\" content=\"Reial Acad\u00e8mia Europea de Doctors\" \/>\n<meta property=\"article:publisher\" content=\"http:\/\/fb.me\/raed.academy\" \/>\n<meta property=\"article:published_time\" content=\"2024-06-14T11:54:35+00:00\" \/>\n<meta property=\"og:image\" content=\"https:\/\/raed.academy\/wp-content\/uploads\/2024\/06\/Adolfo-Suarez-transicion-democracia-en-Espana-dst.webp\" \/>\n\t<meta property=\"og:image:width\" content=\"800\" \/>\n\t<meta property=\"og:image:height\" content=\"480\" \/>\n\t<meta property=\"og:image:type\" content=\"image\/webp\" \/>\n<meta name=\"author\" content=\"RAED\" \/>\n<meta name=\"twitter:card\" content=\"summary_large_image\" \/>\n<meta name=\"twitter:creator\" content=\"@raedacademy\" \/>\n<meta name=\"twitter:site\" content=\"@raedacademy\" \/>\n<meta name=\"twitter:label1\" content=\"Written by\" \/>\n\t<meta name=\"twitter:data1\" content=\"RAED\" \/>\n\t<meta name=\"twitter:label2\" content=\"Est. reading time\" \/>\n\t<meta name=\"twitter:data2\" content=\"4 minutes\" \/>\n<script type=\"application\/ld+json\" class=\"yoast-schema-graph\">{\"@context\":\"https:\\\/\\\/schema.org\",\"@graph\":[{\"@type\":\"Article\",\"@id\":\"https:\\\/\\\/raed.academy\\\/ca\\\/el-valuos-llegat-de-la-transicio\\\/#article\",\"isPartOf\":{\"@id\":\"https:\\\/\\\/raed.academy\\\/ca\\\/el-valuos-llegat-de-la-transicio\\\/\"},\"author\":{\"name\":\"RAED\",\"@id\":\"https:\\\/\\\/raed.academy\\\/ca\\\/#\\\/schema\\\/person\\\/5a755da80d1d979fd66ba745c8702927\"},\"headline\":\"El valu\u00f3s llegat de la Transici\u00f3\",\"datePublished\":\"2024-06-14T11:54:35+00:00\",\"mainEntityOfPage\":{\"@id\":\"https:\\\/\\\/raed.academy\\\/ca\\\/el-valuos-llegat-de-la-transicio\\\/\"},\"wordCount\":603,\"publisher\":{\"@id\":\"https:\\\/\\\/raed.academy\\\/ca\\\/#organization\"},\"image\":{\"@id\":\"https:\\\/\\\/raed.academy\\\/ca\\\/el-valuos-llegat-de-la-transicio\\\/#primaryimage\"},\"thumbnailUrl\":\"https:\\\/\\\/raed.academy\\\/wp-content\\\/uploads\\\/2024\\\/06\\\/Adolfo-Suarez-transicion-democracia-en-Espana-dst.webp\",\"articleSection\":[\"Ci\u00e8ncies pol\u00edtiques\",\"Dret\",\"Hist\u00f2ria\",\"Hist\u00f2ria nacional\"],\"inLanguage\":\"ca-ES\"},{\"@type\":\"WebPage\",\"@id\":\"https:\\\/\\\/raed.academy\\\/ca\\\/el-valuos-llegat-de-la-transicio\\\/\",\"url\":\"https:\\\/\\\/raed.academy\\\/ca\\\/el-valuos-llegat-de-la-transicio\\\/\",\"name\":\"El valu\u00f3s llegat de la Transici\u00f3 - Reial Acad\u00e8mia Europea de Doctors\",\"isPartOf\":{\"@id\":\"https:\\\/\\\/raed.academy\\\/ca\\\/#website\"},\"primaryImageOfPage\":{\"@id\":\"https:\\\/\\\/raed.academy\\\/ca\\\/el-valuos-llegat-de-la-transicio\\\/#primaryimage\"},\"image\":{\"@id\":\"https:\\\/\\\/raed.academy\\\/ca\\\/el-valuos-llegat-de-la-transicio\\\/#primaryimage\"},\"thumbnailUrl\":\"https:\\\/\\\/raed.academy\\\/wp-content\\\/uploads\\\/2024\\\/06\\\/Adolfo-Suarez-transicion-democracia-en-Espana-dst.webp\",\"datePublished\":\"2024-06-14T11:54:35+00:00\",\"description\":\"Teresa Freixes ofereix una perspectiva aclaridora sobre el proc\u00e9s que va portar a la democr\u00e0cia a Espanya \\\"En defensa de la Transici\u00f3\\\".\",\"breadcrumb\":{\"@id\":\"https:\\\/\\\/raed.academy\\\/ca\\\/el-valuos-llegat-de-la-transicio\\\/#breadcrumb\"},\"inLanguage\":\"ca-ES\",\"potentialAction\":[{\"@type\":\"ReadAction\",\"target\":[\"https:\\\/\\\/raed.academy\\\/ca\\\/el-valuos-llegat-de-la-transicio\\\/\"]}]},{\"@type\":\"ImageObject\",\"inLanguage\":\"ca-ES\",\"@id\":\"https:\\\/\\\/raed.academy\\\/ca\\\/el-valuos-llegat-de-la-transicio\\\/#primaryimage\",\"url\":\"https:\\\/\\\/raed.academy\\\/wp-content\\\/uploads\\\/2024\\\/06\\\/Adolfo-Suarez-transicion-democracia-en-Espana-dst.webp\",\"contentUrl\":\"https:\\\/\\\/raed.academy\\\/wp-content\\\/uploads\\\/2024\\\/06\\\/Adolfo-Suarez-transicion-democracia-en-Espana-dst.webp\",\"width\":800,\"height\":480},{\"@type\":\"BreadcrumbList\",\"@id\":\"https:\\\/\\\/raed.academy\\\/ca\\\/el-valuos-llegat-de-la-transicio\\\/#breadcrumb\",\"itemListElement\":[{\"@type\":\"ListItem\",\"position\":1,\"name\":\"Inicio\",\"item\":\"https:\\\/\\\/raed.academy\\\/ca\\\/\"},{\"@type\":\"ListItem\",\"position\":2,\"name\":\"El valu\u00f3s llegat de la Transici\u00f3\"}]},{\"@type\":\"WebSite\",\"@id\":\"https:\\\/\\\/raed.academy\\\/ca\\\/#website\",\"url\":\"https:\\\/\\\/raed.academy\\\/ca\\\/\",\"name\":\"Reial Acad\u00e8mia Europea de Doctors\",\"description\":\"Corporaci\u00f3n de derecho p\u00fablico de car\u00e1cter cient\u00edfico, t\u00e9cnico y art\u00edstico, que tiene por objeto la investigaci\u00f3n, el estudio, el fomento y la extensi\u00f3n del conocimiento en su sentido m\u00e1s amplio\",\"publisher\":{\"@id\":\"https:\\\/\\\/raed.academy\\\/ca\\\/#organization\"},\"potentialAction\":[{\"@type\":\"SearchAction\",\"target\":{\"@type\":\"EntryPoint\",\"urlTemplate\":\"https:\\\/\\\/raed.academy\\\/ca\\\/?s={search_term_string}\"},\"query-input\":{\"@type\":\"PropertyValueSpecification\",\"valueRequired\":true,\"valueName\":\"search_term_string\"}}],\"inLanguage\":\"ca-ES\"},{\"@type\":\"Organization\",\"@id\":\"https:\\\/\\\/raed.academy\\\/ca\\\/#organization\",\"name\":\"Real Academia Europea de Doctores\",\"url\":\"https:\\\/\\\/raed.academy\\\/ca\\\/\",\"logo\":{\"@type\":\"ImageObject\",\"inLanguage\":\"ca-ES\",\"@id\":\"https:\\\/\\\/raed.academy\\\/ca\\\/#\\\/schema\\\/logo\\\/image\\\/\",\"url\":\"https:\\\/\\\/raed.academy\\\/wp-content\\\/uploads\\\/2017\\\/01\\\/cropped-logo_raed.png\",\"contentUrl\":\"https:\\\/\\\/raed.academy\\\/wp-content\\\/uploads\\\/2017\\\/01\\\/cropped-logo_raed.png\",\"width\":512,\"height\":512,\"caption\":\"Real Academia Europea de Doctores\"},\"image\":{\"@id\":\"https:\\\/\\\/raed.academy\\\/ca\\\/#\\\/schema\\\/logo\\\/image\\\/\"},\"sameAs\":[\"http:\\\/\\\/fb.me\\\/raed.academy\",\"https:\\\/\\\/x.com\\\/raedacademy\",\"https:\\\/\\\/www.instagram.com\\\/raed.academy\\\/\",\"https:\\\/\\\/www.youtube.com\\\/channel\\\/UCUYQwW2KrdirNWihxMDObwg\"]},{\"@type\":\"Person\",\"@id\":\"https:\\\/\\\/raed.academy\\\/ca\\\/#\\\/schema\\\/person\\\/5a755da80d1d979fd66ba745c8702927\",\"name\":\"RAED\",\"image\":{\"@type\":\"ImageObject\",\"inLanguage\":\"ca-ES\",\"@id\":\"https:\\\/\\\/secure.gravatar.com\\\/avatar\\\/19fdfdc0d67fb9c45714b703a2ac82251c4fcea3637f002ac3c9b74c0183583c?s=96&d=mm&r=g\",\"url\":\"https:\\\/\\\/secure.gravatar.com\\\/avatar\\\/19fdfdc0d67fb9c45714b703a2ac82251c4fcea3637f002ac3c9b74c0183583c?s=96&d=mm&r=g\",\"contentUrl\":\"https:\\\/\\\/secure.gravatar.com\\\/avatar\\\/19fdfdc0d67fb9c45714b703a2ac82251c4fcea3637f002ac3c9b74c0183583c?s=96&d=mm&r=g\",\"caption\":\"RAED\"}}]}<\/script>\n<!-- \/ Yoast SEO plugin. -->","yoast_head_json":{"title":"El valu\u00f3s llegat de la Transici\u00f3 - Reial Acad\u00e8mia Europea de Doctors","description":"Teresa Freixes ofereix una perspectiva aclaridora sobre el proc\u00e9s que va portar a la democr\u00e0cia a Espanya \"En defensa de la Transici\u00f3\".","robots":{"index":"index","follow":"follow","max-snippet":"max-snippet:-1","max-image-preview":"max-image-preview:large","max-video-preview":"max-video-preview:-1"},"canonical":"https:\/\/raed.academy\/ca\/el-valuos-llegat-de-la-transicio\/","og_locale":"ca_ES","og_type":"article","og_title":"El valu\u00f3s llegat de la Transici\u00f3 - Reial Acad\u00e8mia Europea de Doctors","og_description":"Teresa Freixes ofereix una perspectiva aclaridora sobre el proc\u00e9s que va portar a la democr\u00e0cia a Espanya \"En defensa de la Transici\u00f3\".","og_url":"https:\/\/raed.academy\/ca\/el-valuos-llegat-de-la-transicio\/","og_site_name":"Reial Acad\u00e8mia Europea de Doctors","article_publisher":"http:\/\/fb.me\/raed.academy","article_published_time":"2024-06-14T11:54:35+00:00","og_image":[{"width":800,"height":480,"url":"https:\/\/raed.academy\/wp-content\/uploads\/2024\/06\/Adolfo-Suarez-transicion-democracia-en-Espana-dst.webp","type":"image\/webp"}],"author":"RAED","twitter_card":"summary_large_image","twitter_creator":"@raedacademy","twitter_site":"@raedacademy","twitter_misc":{"Written by":"RAED","Est. reading time":"4 minutes"},"schema":{"@context":"https:\/\/schema.org","@graph":[{"@type":"Article","@id":"https:\/\/raed.academy\/ca\/el-valuos-llegat-de-la-transicio\/#article","isPartOf":{"@id":"https:\/\/raed.academy\/ca\/el-valuos-llegat-de-la-transicio\/"},"author":{"name":"RAED","@id":"https:\/\/raed.academy\/ca\/#\/schema\/person\/5a755da80d1d979fd66ba745c8702927"},"headline":"El valu\u00f3s llegat de la Transici\u00f3","datePublished":"2024-06-14T11:54:35+00:00","mainEntityOfPage":{"@id":"https:\/\/raed.academy\/ca\/el-valuos-llegat-de-la-transicio\/"},"wordCount":603,"publisher":{"@id":"https:\/\/raed.academy\/ca\/#organization"},"image":{"@id":"https:\/\/raed.academy\/ca\/el-valuos-llegat-de-la-transicio\/#primaryimage"},"thumbnailUrl":"https:\/\/raed.academy\/wp-content\/uploads\/2024\/06\/Adolfo-Suarez-transicion-democracia-en-Espana-dst.webp","articleSection":["Ci\u00e8ncies pol\u00edtiques","Dret","Hist\u00f2ria","Hist\u00f2ria nacional"],"inLanguage":"ca-ES"},{"@type":"WebPage","@id":"https:\/\/raed.academy\/ca\/el-valuos-llegat-de-la-transicio\/","url":"https:\/\/raed.academy\/ca\/el-valuos-llegat-de-la-transicio\/","name":"El valu\u00f3s llegat de la Transici\u00f3 - Reial Acad\u00e8mia Europea de Doctors","isPartOf":{"@id":"https:\/\/raed.academy\/ca\/#website"},"primaryImageOfPage":{"@id":"https:\/\/raed.academy\/ca\/el-valuos-llegat-de-la-transicio\/#primaryimage"},"image":{"@id":"https:\/\/raed.academy\/ca\/el-valuos-llegat-de-la-transicio\/#primaryimage"},"thumbnailUrl":"https:\/\/raed.academy\/wp-content\/uploads\/2024\/06\/Adolfo-Suarez-transicion-democracia-en-Espana-dst.webp","datePublished":"2024-06-14T11:54:35+00:00","description":"Teresa Freixes ofereix una perspectiva aclaridora sobre el proc\u00e9s que va portar a la democr\u00e0cia a Espanya \"En defensa de la Transici\u00f3\".","breadcrumb":{"@id":"https:\/\/raed.academy\/ca\/el-valuos-llegat-de-la-transicio\/#breadcrumb"},"inLanguage":"ca-ES","potentialAction":[{"@type":"ReadAction","target":["https:\/\/raed.academy\/ca\/el-valuos-llegat-de-la-transicio\/"]}]},{"@type":"ImageObject","inLanguage":"ca-ES","@id":"https:\/\/raed.academy\/ca\/el-valuos-llegat-de-la-transicio\/#primaryimage","url":"https:\/\/raed.academy\/wp-content\/uploads\/2024\/06\/Adolfo-Suarez-transicion-democracia-en-Espana-dst.webp","contentUrl":"https:\/\/raed.academy\/wp-content\/uploads\/2024\/06\/Adolfo-Suarez-transicion-democracia-en-Espana-dst.webp","width":800,"height":480},{"@type":"BreadcrumbList","@id":"https:\/\/raed.academy\/ca\/el-valuos-llegat-de-la-transicio\/#breadcrumb","itemListElement":[{"@type":"ListItem","position":1,"name":"Inicio","item":"https:\/\/raed.academy\/ca\/"},{"@type":"ListItem","position":2,"name":"El valu\u00f3s llegat de la Transici\u00f3"}]},{"@type":"WebSite","@id":"https:\/\/raed.academy\/ca\/#website","url":"https:\/\/raed.academy\/ca\/","name":"Reial Acad\u00e8mia Europea de Doctors","description":"Corporaci\u00f3n de derecho p\u00fablico de car\u00e1cter cient\u00edfico, t\u00e9cnico y art\u00edstico, que tiene por objeto la investigaci\u00f3n, el estudio, el fomento y la extensi\u00f3n del conocimiento en su sentido m\u00e1s amplio","publisher":{"@id":"https:\/\/raed.academy\/ca\/#organization"},"potentialAction":[{"@type":"SearchAction","target":{"@type":"EntryPoint","urlTemplate":"https:\/\/raed.academy\/ca\/?s={search_term_string}"},"query-input":{"@type":"PropertyValueSpecification","valueRequired":true,"valueName":"search_term_string"}}],"inLanguage":"ca-ES"},{"@type":"Organization","@id":"https:\/\/raed.academy\/ca\/#organization","name":"Real Academia Europea de Doctores","url":"https:\/\/raed.academy\/ca\/","logo":{"@type":"ImageObject","inLanguage":"ca-ES","@id":"https:\/\/raed.academy\/ca\/#\/schema\/logo\/image\/","url":"https:\/\/raed.academy\/wp-content\/uploads\/2017\/01\/cropped-logo_raed.png","contentUrl":"https:\/\/raed.academy\/wp-content\/uploads\/2017\/01\/cropped-logo_raed.png","width":512,"height":512,"caption":"Real Academia Europea de Doctores"},"image":{"@id":"https:\/\/raed.academy\/ca\/#\/schema\/logo\/image\/"},"sameAs":["http:\/\/fb.me\/raed.academy","https:\/\/x.com\/raedacademy","https:\/\/www.instagram.com\/raed.academy\/","https:\/\/www.youtube.com\/channel\/UCUYQwW2KrdirNWihxMDObwg"]},{"@type":"Person","@id":"https:\/\/raed.academy\/ca\/#\/schema\/person\/5a755da80d1d979fd66ba745c8702927","name":"RAED","image":{"@type":"ImageObject","inLanguage":"ca-ES","@id":"https:\/\/secure.gravatar.com\/avatar\/19fdfdc0d67fb9c45714b703a2ac82251c4fcea3637f002ac3c9b74c0183583c?s=96&d=mm&r=g","url":"https:\/\/secure.gravatar.com\/avatar\/19fdfdc0d67fb9c45714b703a2ac82251c4fcea3637f002ac3c9b74c0183583c?s=96&d=mm&r=g","contentUrl":"https:\/\/secure.gravatar.com\/avatar\/19fdfdc0d67fb9c45714b703a2ac82251c4fcea3637f002ac3c9b74c0183583c?s=96&d=mm&r=g","caption":"RAED"}}]}},"_links":{"self":[{"href":"https:\/\/raed.academy\/ca\/wp-json\/wp\/v2\/posts\/150436","targetHints":{"allow":["GET"]}}],"collection":[{"href":"https:\/\/raed.academy\/ca\/wp-json\/wp\/v2\/posts"}],"about":[{"href":"https:\/\/raed.academy\/ca\/wp-json\/wp\/v2\/types\/post"}],"author":[{"embeddable":true,"href":"https:\/\/raed.academy\/ca\/wp-json\/wp\/v2\/users\/12"}],"replies":[{"embeddable":true,"href":"https:\/\/raed.academy\/ca\/wp-json\/wp\/v2\/comments?post=150436"}],"version-history":[{"count":0,"href":"https:\/\/raed.academy\/ca\/wp-json\/wp\/v2\/posts\/150436\/revisions"}],"wp:featuredmedia":[{"embeddable":true,"href":"https:\/\/raed.academy\/ca\/wp-json\/wp\/v2\/media\/150394"}],"wp:attachment":[{"href":"https:\/\/raed.academy\/ca\/wp-json\/wp\/v2\/media?parent=150436"}],"wp:term":[{"taxonomy":"category","embeddable":true,"href":"https:\/\/raed.academy\/ca\/wp-json\/wp\/v2\/categories?post=150436"},{"taxonomy":"post_tag","embeddable":true,"href":"https:\/\/raed.academy\/ca\/wp-json\/wp\/v2\/tags?post=150436"}],"curies":[{"name":"wp","href":"https:\/\/api.w.org\/{rel}","templated":true}]}}