{"id":149084,"date":"2024-05-16T12:02:50","date_gmt":"2024-05-16T12:02:50","guid":{"rendered":"https:\/\/raed.academy\/?p=149084"},"modified":"2024-05-16T12:32:49","modified_gmt":"2024-05-16T12:32:49","slug":"auditoria-un-passat-emocionant-i-un-futur-resilient","status":"publish","type":"post","link":"https:\/\/raed.academy\/ca\/auditoria-un-passat-emocionant-i-un-futur-resilient\/","title":{"rendered":"Auditoria: un passat emocionant i un futur resilient"},"content":{"rendered":"<p>[et_pb_section fb_built=&#8221;1&#8243; fullwidth=&#8221;on&#8221; _builder_version=&#8221;4.25.0&#8243; _module_preset=&#8221;default&#8221; locked=&#8221;off&#8221; global_colors_info=&#8221;{}&#8221;][et_pb_fullwidth_image src=&#8221;https:\/\/raed.academy\/wp-content\/uploads\/2024\/05\/shutt-auditoria-oficina-negocios-2.91.webp&#8221; title_text=&#8221;shutt-auditoria-oficina-negocios-2.91&#8243; _builder_version=&#8221;4.25.0&#8243; _module_preset=&#8221;default&#8221; global_colors_info=&#8221;{}&#8221;][\/et_pb_fullwidth_image][\/et_pb_section][et_pb_section fb_built=&#8221;1&#8243; _builder_version=&#8221;4.16&#8243; global_colors_info=&#8221;{}&#8221;][et_pb_row use_custom_gutter=&#8221;on&#8221; gutter_width=&#8221;1&#8243; _builder_version=&#8221;4.25.0&#8243; background_size=&#8221;initial&#8221; background_position=&#8221;top_left&#8221; background_repeat=&#8221;repeat&#8221; max_width=&#8221;1400px&#8221; global_colors_info=&#8221;{}&#8221;][et_pb_column type=&#8221;4_4&#8243; _builder_version=&#8221;4.16&#8243; custom_padding=&#8221;|||&#8221; global_colors_info=&#8221;{}&#8221; custom_padding__hover=&#8221;|||&#8221;][et_pb_text _builder_version=&#8221;4.25.0&#8243; background_size=&#8221;initial&#8221; background_position=&#8221;top_left&#8221; background_repeat=&#8221;repeat&#8221; hover_enabled=&#8221;0&#8243; global_colors_info=&#8221;{}&#8221; sticky_enabled=&#8221;0&#8243;]<\/p>\n<p><a href=\"https:\/\/raed.academy\/ca\/academics\/dr-carlos-puig-de-travy\/\" target=\"_blank\" rel=\"noopener\"><strong>Carlos Puig de Travy<\/strong><\/a>, Doctor en Economia, deg\u00e0 del<strong> Col\u00b7legi d&#8217;Economistes de Catalunya<\/strong> i director executiu de les divisions d&#8217;Auditoria i Consultoria de <strong>Crowe Spain<\/strong>, va ingressar com a acad\u00e8mic d&#8217;honor de la <strong>Reial Acad\u00e8mia Europea de Doctors-Barcelona 1914<\/strong> (RAED) durant una solemne cerim\u00f2nia que es va celebrar el 13 de maig passat a <strong>Foment del Treball<\/strong>, seu de l&#8217;Acad\u00e8mia. L&#8217;acte es va poder seguir tant de manera presencial com en streaming a trav\u00e9s del canal de <strong>YouTube<\/strong> de la RAED, on es pot visionar. El recipiendari va llegir el discurs d&#8217;ingr\u00e9s <a href=\"https:\/\/raed.academy\/wp-content\/uploads\/2024\/05\/Auditoria-un-pasado-emocionante-y-un-futuro-resiliente-Carlos-Puig-de-Tarvy.pdf\" target=\"_blank\" rel=\"noopener\"><strong>&#8220;Auditor\u00eda: un pasado emocionante y un futuro resiliente&#8221;<\/strong><\/a>. Li va respondre en nom de la Reial Corporaci\u00f3 l&#8217;acad\u00e8mic de n\u00famero <a href=\"https:\/\/raed.academy\/ca\/academics\/dr-jose-daniel-barquero-cabrero\/\" target=\"_blank\" rel=\"noopener\"><em><strong>Jos\u00e9 Daniel Barquero<\/strong><\/em><\/a>.<\/p>\n<p>En nou acad\u00e8mic va tra\u00e7ar una hist\u00f2ria succinta per\u00f2 completa de l&#8217;auditoria des dels seus or\u00edgens i la seva relaci\u00f3 amb la comptabilitat, esbossant la seva evoluci\u00f3 durant l&#8217;Edat Mitjana i l&#8217;era moderna, els inicis de l&#8217;auditoria independent, els seus primers passos als Estats Units, els or\u00edgens a Espanya i la primera llei d&#8217;auditoria espanyola, el paper destacat i la transcend\u00e8ncia de les associacions d&#8217;auditors, els informes d&#8217;auditoria, la figura de l&#8217;auditor actual, el paper del regulador i les corporacions de dret p\u00fablic representatives dels auditors, per analitzar el present de l&#8217;auditoria, el context internacional, la situaci\u00f3 actual del mercat d&#8217;auditoria a Espanya, el futur de l&#8217;auditoria i dels auditors, amb els reptes i les oportunitats nous i els aspectes fonamentals en qu\u00e8 s&#8217;emmarca el model de negoci futur.<\/p>\n<div id=\"attachment_147580\" style=\"width: 240px\" class=\"wp-caption alignright\"><img loading=\"lazy\" decoding=\"async\" aria-describedby=\"caption-attachment-147580\" class=\"wp-image-147580 size-full\" src=\"https:\/\/raed.academy\/wp-content\/uploads\/2024\/04\/Dr-Carlos-Puig-de-Tarvy-230x317px.jpg\" alt=\"Carlos Puig de Travy\" width=\"230\" height=\"317\" \/><p id=\"caption-attachment-147580\" class=\"wp-caption-text\">Dr. Carlos Puig de Travy<\/p><\/div>\n<p>&#8220;La realitat actual \u00e9s molt canviant i est\u00e0 plena d&#8217;incerteses i volatilitat, cosa que ha desembocat en un entorn econ\u00f2mic de constants canvis que han afectat tamb\u00e9 l&#8217;auditoria. Aquests canvis venen dirigits des de l&#8217;\u00e0mbit europeu, tot i que tamb\u00e9 hi influeix la totalitat del context internacional, generant la necessitat d&#8217;una millora cont\u00ednua en l&#8217;activitat de l&#8217;auditoria. Aquesta situaci\u00f3 ha afectat el sector i ha provocat canvis m\u00e9s o menys profunds en la composici\u00f3, en la forma de gestionar les firmes i els despatxos d&#8217;auditoria i tamb\u00e9 en la supervisi\u00f3 de l&#8217;activitat. En aquests darrers anys l&#8217;auditoria ha passat de ser un sector autoregulat a un sector amb supervisi\u00f3 p\u00fablica i subjecte a una regulaci\u00f3 molt exigent. A m\u00e9s de ser una activitat professional, cobreix una funci\u00f3 social que radica en l&#8217;objectiu oferir seguretat i confian\u00e7a i, per aix\u00f2, els auditors han d&#8217;emetre una opini\u00f3 professional sobre si els estats financers estan lliures d&#8217;errors significatius i compleixen el marc d&#8217;informaci\u00f3 aplicable. Aquesta funci\u00f3 social ha estat l&#8217;eix principal que ha marcat l&#8217;evoluci\u00f3 de l&#8217;auditoria des dels inicis fins a l&#8217;actualitat&#8221;, va reflexionar Puig de Travy a la introducci\u00f3 de la seva exposici\u00f3.<\/p>\n<p>Despr\u00e9s de repassar la hist\u00f2ria i l&#8217;evoluci\u00f3 de la professi\u00f3, el nou acad\u00e8mic va considerar que, de cara al futur, les empreses s&#8217;han d&#8217;enfocar m\u00e9s en all\u00f2 que interessa a la ger\u00e8ncia dels seus clients, als inversors i a tots els grups d&#8217;inter\u00e8s i la consultoria respondre a les noves necessitats del mercat. En aquest context, la pr\u00e0ctica professional de l&#8217;auditoria ha de ser menys formal i m\u00e9s orientada als interessos de l&#8217;empresa auditada i de l&#8217;inversor, centrada en la generaci\u00f3 de valor. Aix\u00ed mateix, va considerar que la regulaci\u00f3 tamb\u00e9 ha de canviar per facilitar el nou rol que s&#8217;espera dels auditors, fomentant la qualitat, la independ\u00e8ncia i un camp d&#8217;actuaci\u00f3 m\u00e9s gran.<\/p>\n<p>&#8220;El rol dels auditors de comptes no \u00e9s est\u00e0tic, sin\u00f3 que \u00e9s altament canviant i ha evolucionat a ritmes molt accelerats en els \u00faltims anys, projectant alhora grans canvis de cara al futur. L&#8217;auditoria de comptes ha anat assumint cada cop una m\u00e9s import\u00e0ncia per als usuaris de la informaci\u00f3 financera i corporativa de les empreses. El viatge cap al nou paradigma de la sostenibilitat requereix dur a terme un proc\u00e9s de transformaci\u00f3 cont\u00ednua, destacant la necess\u00e0ria la transformaci\u00f3 digital dels negocis. La transformaci\u00f3, per ser sostenible, inclosa la tecnol\u00f2gica, emergeix com el principal repte dels auditors i requereix estar alineats amb la cultura del canvi a tota l&#8217;organitzaci\u00f3. Els auditors hauran d&#8217;establir i implementar les seves estrat\u00e8gies per dur a terme aquestes importants transformacions que impactaran de manera considerable en els models de negoci. El que es feia fins ara no \u00e9s garantia de continu\u00eftat, per la qual cosa els auditors estaran un proc\u00e9s de reflexi\u00f3 cont\u00ednua que desembocar\u00e0 en canvis reiterats en la forma d&#8217;exercir la seva activitat. Un altre dels reptes se centra a con\u00e8ixer les tend\u00e8ncies a les demandes dels usuaris i respondre-hi&#8221;, va concloure.<\/p>\n<p>Membre del <strong>Consell Directiu<\/strong> del <strong>Registre d&#8217;Economistes Auditors<\/strong> del <strong>Consell General d&#8217;Economistes<\/strong>, del qual va ser president fins a finals del 2021, i reconegut autor d&#8217;articles en revistes especialitzades en mat\u00e8ria comptable, auditoria i fiscal, la traject\u00f2ria professional de Puig de Travy va comen\u00e7ar el 1983 amb la seva incorporaci\u00f3 a <strong>Touche Ross<\/strong>, una de les vuit grans firmes d&#8217;auditoria que posteriorment es va integrar a <strong>Deloitte<\/strong>. En aquesta companyia va desenvolupar els seus primers passos com a auditor assolint nivell gerencial dins de la mateixa. Posteriorment, el 1987, va assumir el c\u00e0rrec de Controller General en el segon grup industrial m\u00e9s gran del pa\u00eds. En aquesta tasca va tenir la responsabilitat de tota la direcci\u00f3 de planificaci\u00f3 comptable del grup i l&#8217;assist\u00e8ncia al conseller executiu i a la presid\u00e8ncia en temes d&#8217;informaci\u00f3 corporativa. El 1990 va fundar una companyia d&#8217;auditoria de car\u00e0cter local que s&#8217;ha anat desenvolupant i creixent i actualment est\u00e0 incorporada a la xarxa internacional Crowe, la vuitena firma d&#8217;auditoria a escala mundial. Crowe compta a Espanya amb una \u00e0mplia xarxa de professionals repartits en nou oficines.<\/p>\n<h2><a href=\"https:\/\/raed.academy\/wp-content\/uploads\/2024\/05\/Auditoria-un-pasado-emocionante-y-un-futuro-resiliente-Carlos-Puig-de-Tarvy.pdf\" target=\"_blank\" rel=\"noopener\">Discurs d&#8217;ingr\u00e9s: &#8220;Auditor\u00eda: un pasado emocionante y un futuro resiliente&#8221;<\/a><\/h2>\n<p>&nbsp;<\/p>\n<p><iframe loading=\"lazy\" title=\"Conferencia &quot;Auditor\u00eda: un pasado emocionante y un futuro resiliente&quot;, por Carlos Puig de Travy\" width=\"1080\" height=\"608\" src=\"https:\/\/www.youtube.com\/embed\/gTlsbc-nwgo?feature=oembed\" frameborder=\"0\" allow=\"accelerometer; autoplay; clipboard-write; encrypted-media; gyroscope; picture-in-picture; web-share\" referrerpolicy=\"strict-origin-when-cross-origin\" allowfullscreen><\/iframe><\/p>\n<p>[\/et_pb_text][et_pb_divider show_divider=&#8221;off&#8221; _builder_version=&#8221;4.25.0&#8243; _module_preset=&#8221;default&#8221; min_height=&#8221;50px&#8221; global_colors_info=&#8221;{}&#8221;][\/et_pb_divider][et_pb_gallery gallery_ids=&#8221;149032,149035,149038,149041,149044,149047,149050,149053,149056,149059,149062,149065&#8243; posts_number=&#8221;16&#8243; show_title_and_caption=&#8221;off&#8221; show_pagination=&#8221;off&#8221; admin_label=&#8221;Galer\u00eda&#8221; module_class=&#8221;galeria-pad-1&#8243; _builder_version=&#8221;4.25.0&#8243; _module_preset=&#8221;default&#8221; locked=&#8221;off&#8221; global_colors_info=&#8221;{}&#8221;][\/et_pb_gallery][\/et_pb_column][\/et_pb_row][\/et_pb_section]<\/p>\n","protected":false},"excerpt":{"rendered":"<p>Carlos Puig de Travy tra\u00e7a, durant el seu ingr\u00e9s a la RAED, una hist\u00f2ria succinta per\u00f2 completa de l&#8217;auditoria des dels seus or\u00edgens i la seva relaci\u00f3 amb la comptabilitat, esbossant-ne l&#8217;evoluci\u00f3 durant l&#8217;Edat Mitjana i l&#8217;era moderna<\/p>\n","protected":false},"author":12,"featured_media":56779,"comment_status":"closed","ping_status":"closed","sticky":false,"template":"","format":"standard","meta":{"_et_pb_use_builder":"on","_et_pb_old_content":"","_et_gb_content_width":"","footnotes":""},"categories":[233,242],"tags":[],"class_list":["post-149084","post","type-post","status-publish","format-standard","has-post-thumbnail","hentry","category-economiques-i-empresarials","category-categ-historia","et-has-post-format-content","et_post_format-et-post-format-standard"],"yoast_head":"<!-- This site is optimized with the Yoast SEO plugin v27.4 - https:\/\/yoast.com\/product\/yoast-seo-wordpress\/ -->\n<title>Auditoria: un passat emocionant i un futur resilient - Reial Acad\u00e8mia Europea de Doctors<\/title>\n<meta name=\"description\" content=\"Carlos Puig de Travy tra\u00e7a una completa hist\u00f2ria de l&#039;auditoria des dels seus or\u00edgens i la seva relaci\u00f3 amb la comptabilitat, esbossant-ne l&#039;evoluci\u00f3 durant l&#039;Edat Mitjana i l&#039;era moderna\" \/>\n<meta name=\"robots\" content=\"index, follow, max-snippet:-1, max-image-preview:large, max-video-preview:-1\" \/>\n<link rel=\"canonical\" href=\"https:\/\/raed.academy\/ca\/auditoria-un-passat-emocionant-i-un-futur-resilient\/\" \/>\n<meta property=\"og:locale\" content=\"ca_ES\" \/>\n<meta property=\"og:type\" content=\"article\" \/>\n<meta property=\"og:title\" content=\"Auditoria: un passat emocionant i un futur resilient - Reial Acad\u00e8mia Europea de Doctors\" \/>\n<meta property=\"og:description\" content=\"Carlos Puig de Travy tra\u00e7a una completa hist\u00f2ria de l&#039;auditoria des dels seus or\u00edgens i la seva relaci\u00f3 amb la comptabilitat, esbossant-ne l&#039;evoluci\u00f3 durant l&#039;Edat Mitjana i l&#039;era moderna\" \/>\n<meta property=\"og:url\" content=\"https:\/\/raed.academy\/ca\/auditoria-un-passat-emocionant-i-un-futur-resilient\/\" \/>\n<meta property=\"og:site_name\" content=\"Reial Acad\u00e8mia Europea de Doctors\" \/>\n<meta property=\"article:publisher\" content=\"http:\/\/fb.me\/raed.academy\" \/>\n<meta property=\"article:published_time\" content=\"2024-05-16T12:02:50+00:00\" \/>\n<meta property=\"article:modified_time\" content=\"2024-05-16T12:32:49+00:00\" \/>\n<meta property=\"og:image\" content=\"https:\/\/raed.academy\/wp-content\/uploads\/2018\/09\/auditoria-del-futuro-Frederic-Borras-int.jpg\" \/>\n\t<meta property=\"og:image:width\" content=\"600\" \/>\n\t<meta property=\"og:image:height\" content=\"360\" \/>\n\t<meta property=\"og:image:type\" content=\"image\/jpeg\" \/>\n<meta name=\"author\" content=\"RAED\" \/>\n<meta name=\"twitter:card\" content=\"summary_large_image\" \/>\n<meta name=\"twitter:creator\" content=\"@raedacademy\" \/>\n<meta name=\"twitter:site\" content=\"@raedacademy\" \/>\n<meta name=\"twitter:label1\" content=\"Written by\" \/>\n\t<meta name=\"twitter:data1\" content=\"RAED\" \/>\n\t<meta name=\"twitter:label2\" content=\"Est. reading time\" \/>\n\t<meta name=\"twitter:data2\" content=\"8 minutes\" \/>\n<script type=\"application\/ld+json\" class=\"yoast-schema-graph\">{\"@context\":\"https:\\\/\\\/schema.org\",\"@graph\":[{\"@type\":\"Article\",\"@id\":\"https:\\\/\\\/raed.academy\\\/ca\\\/auditoria-un-passat-emocionant-i-un-futur-resilient\\\/#article\",\"isPartOf\":{\"@id\":\"https:\\\/\\\/raed.academy\\\/ca\\\/auditoria-un-passat-emocionant-i-un-futur-resilient\\\/\"},\"author\":{\"name\":\"RAED\",\"@id\":\"https:\\\/\\\/raed.academy\\\/ca\\\/#\\\/schema\\\/person\\\/5a755da80d1d979fd66ba745c8702927\"},\"headline\":\"Auditoria: un passat emocionant i un futur resilient\",\"datePublished\":\"2024-05-16T12:02:50+00:00\",\"dateModified\":\"2024-05-16T12:32:49+00:00\",\"mainEntityOfPage\":{\"@id\":\"https:\\\/\\\/raed.academy\\\/ca\\\/auditoria-un-passat-emocionant-i-un-futur-resilient\\\/\"},\"wordCount\":1256,\"publisher\":{\"@id\":\"https:\\\/\\\/raed.academy\\\/ca\\\/#organization\"},\"image\":{\"@id\":\"https:\\\/\\\/raed.academy\\\/ca\\\/auditoria-un-passat-emocionant-i-un-futur-resilient\\\/#primaryimage\"},\"thumbnailUrl\":\"https:\\\/\\\/raed.academy\\\/wp-content\\\/uploads\\\/2018\\\/09\\\/auditoria-del-futuro-Frederic-Borras-int.jpg\",\"articleSection\":[\"Econ\u00f2miques i Empresarials\",\"Hist\u00f2ria\"],\"inLanguage\":\"ca-ES\"},{\"@type\":\"WebPage\",\"@id\":\"https:\\\/\\\/raed.academy\\\/ca\\\/auditoria-un-passat-emocionant-i-un-futur-resilient\\\/\",\"url\":\"https:\\\/\\\/raed.academy\\\/ca\\\/auditoria-un-passat-emocionant-i-un-futur-resilient\\\/\",\"name\":\"Auditoria: un passat emocionant i un futur resilient - Reial Acad\u00e8mia Europea de Doctors\",\"isPartOf\":{\"@id\":\"https:\\\/\\\/raed.academy\\\/ca\\\/#website\"},\"primaryImageOfPage\":{\"@id\":\"https:\\\/\\\/raed.academy\\\/ca\\\/auditoria-un-passat-emocionant-i-un-futur-resilient\\\/#primaryimage\"},\"image\":{\"@id\":\"https:\\\/\\\/raed.academy\\\/ca\\\/auditoria-un-passat-emocionant-i-un-futur-resilient\\\/#primaryimage\"},\"thumbnailUrl\":\"https:\\\/\\\/raed.academy\\\/wp-content\\\/uploads\\\/2018\\\/09\\\/auditoria-del-futuro-Frederic-Borras-int.jpg\",\"datePublished\":\"2024-05-16T12:02:50+00:00\",\"dateModified\":\"2024-05-16T12:32:49+00:00\",\"description\":\"Carlos Puig de Travy tra\u00e7a una completa hist\u00f2ria de l'auditoria des dels seus or\u00edgens i la seva relaci\u00f3 amb la comptabilitat, esbossant-ne l'evoluci\u00f3 durant l'Edat Mitjana i l'era moderna\",\"breadcrumb\":{\"@id\":\"https:\\\/\\\/raed.academy\\\/ca\\\/auditoria-un-passat-emocionant-i-un-futur-resilient\\\/#breadcrumb\"},\"inLanguage\":\"ca-ES\",\"potentialAction\":[{\"@type\":\"ReadAction\",\"target\":[\"https:\\\/\\\/raed.academy\\\/ca\\\/auditoria-un-passat-emocionant-i-un-futur-resilient\\\/\"]}]},{\"@type\":\"ImageObject\",\"inLanguage\":\"ca-ES\",\"@id\":\"https:\\\/\\\/raed.academy\\\/ca\\\/auditoria-un-passat-emocionant-i-un-futur-resilient\\\/#primaryimage\",\"url\":\"https:\\\/\\\/raed.academy\\\/wp-content\\\/uploads\\\/2018\\\/09\\\/auditoria-del-futuro-Frederic-Borras-int.jpg\",\"contentUrl\":\"https:\\\/\\\/raed.academy\\\/wp-content\\\/uploads\\\/2018\\\/09\\\/auditoria-del-futuro-Frederic-Borras-int.jpg\",\"width\":600,\"height\":360,\"caption\":\"la auditor\u00eda del futuro\"},{\"@type\":\"BreadcrumbList\",\"@id\":\"https:\\\/\\\/raed.academy\\\/ca\\\/auditoria-un-passat-emocionant-i-un-futur-resilient\\\/#breadcrumb\",\"itemListElement\":[{\"@type\":\"ListItem\",\"position\":1,\"name\":\"Inicio\",\"item\":\"https:\\\/\\\/raed.academy\\\/ca\\\/\"},{\"@type\":\"ListItem\",\"position\":2,\"name\":\"Auditoria: un passat emocionant i un futur resilient\"}]},{\"@type\":\"WebSite\",\"@id\":\"https:\\\/\\\/raed.academy\\\/ca\\\/#website\",\"url\":\"https:\\\/\\\/raed.academy\\\/ca\\\/\",\"name\":\"Reial Acad\u00e8mia Europea de Doctors\",\"description\":\"Corporaci\u00f3n de derecho p\u00fablico de car\u00e1cter cient\u00edfico, t\u00e9cnico y art\u00edstico, que tiene por objeto la investigaci\u00f3n, el estudio, el fomento y la extensi\u00f3n del conocimiento en su sentido m\u00e1s amplio\",\"publisher\":{\"@id\":\"https:\\\/\\\/raed.academy\\\/ca\\\/#organization\"},\"potentialAction\":[{\"@type\":\"SearchAction\",\"target\":{\"@type\":\"EntryPoint\",\"urlTemplate\":\"https:\\\/\\\/raed.academy\\\/ca\\\/?s={search_term_string}\"},\"query-input\":{\"@type\":\"PropertyValueSpecification\",\"valueRequired\":true,\"valueName\":\"search_term_string\"}}],\"inLanguage\":\"ca-ES\"},{\"@type\":\"Organization\",\"@id\":\"https:\\\/\\\/raed.academy\\\/ca\\\/#organization\",\"name\":\"Real Academia Europea de Doctores\",\"url\":\"https:\\\/\\\/raed.academy\\\/ca\\\/\",\"logo\":{\"@type\":\"ImageObject\",\"inLanguage\":\"ca-ES\",\"@id\":\"https:\\\/\\\/raed.academy\\\/ca\\\/#\\\/schema\\\/logo\\\/image\\\/\",\"url\":\"https:\\\/\\\/raed.academy\\\/wp-content\\\/uploads\\\/2017\\\/01\\\/cropped-logo_raed.png\",\"contentUrl\":\"https:\\\/\\\/raed.academy\\\/wp-content\\\/uploads\\\/2017\\\/01\\\/cropped-logo_raed.png\",\"width\":512,\"height\":512,\"caption\":\"Real Academia Europea de Doctores\"},\"image\":{\"@id\":\"https:\\\/\\\/raed.academy\\\/ca\\\/#\\\/schema\\\/logo\\\/image\\\/\"},\"sameAs\":[\"http:\\\/\\\/fb.me\\\/raed.academy\",\"https:\\\/\\\/x.com\\\/raedacademy\",\"https:\\\/\\\/www.instagram.com\\\/raed.academy\\\/\",\"https:\\\/\\\/www.youtube.com\\\/channel\\\/UCUYQwW2KrdirNWihxMDObwg\"]},{\"@type\":\"Person\",\"@id\":\"https:\\\/\\\/raed.academy\\\/ca\\\/#\\\/schema\\\/person\\\/5a755da80d1d979fd66ba745c8702927\",\"name\":\"RAED\",\"image\":{\"@type\":\"ImageObject\",\"inLanguage\":\"ca-ES\",\"@id\":\"https:\\\/\\\/secure.gravatar.com\\\/avatar\\\/19fdfdc0d67fb9c45714b703a2ac82251c4fcea3637f002ac3c9b74c0183583c?s=96&d=mm&r=g\",\"url\":\"https:\\\/\\\/secure.gravatar.com\\\/avatar\\\/19fdfdc0d67fb9c45714b703a2ac82251c4fcea3637f002ac3c9b74c0183583c?s=96&d=mm&r=g\",\"contentUrl\":\"https:\\\/\\\/secure.gravatar.com\\\/avatar\\\/19fdfdc0d67fb9c45714b703a2ac82251c4fcea3637f002ac3c9b74c0183583c?s=96&d=mm&r=g\",\"caption\":\"RAED\"}}]}<\/script>\n<!-- \/ Yoast SEO plugin. -->","yoast_head_json":{"title":"Auditoria: un passat emocionant i un futur resilient - Reial Acad\u00e8mia Europea de Doctors","description":"Carlos Puig de Travy tra\u00e7a una completa hist\u00f2ria de l'auditoria des dels seus or\u00edgens i la seva relaci\u00f3 amb la comptabilitat, esbossant-ne l'evoluci\u00f3 durant l'Edat Mitjana i l'era moderna","robots":{"index":"index","follow":"follow","max-snippet":"max-snippet:-1","max-image-preview":"max-image-preview:large","max-video-preview":"max-video-preview:-1"},"canonical":"https:\/\/raed.academy\/ca\/auditoria-un-passat-emocionant-i-un-futur-resilient\/","og_locale":"ca_ES","og_type":"article","og_title":"Auditoria: un passat emocionant i un futur resilient - Reial Acad\u00e8mia Europea de Doctors","og_description":"Carlos Puig de Travy tra\u00e7a una completa hist\u00f2ria de l'auditoria des dels seus or\u00edgens i la seva relaci\u00f3 amb la comptabilitat, esbossant-ne l'evoluci\u00f3 durant l'Edat Mitjana i l'era moderna","og_url":"https:\/\/raed.academy\/ca\/auditoria-un-passat-emocionant-i-un-futur-resilient\/","og_site_name":"Reial Acad\u00e8mia Europea de Doctors","article_publisher":"http:\/\/fb.me\/raed.academy","article_published_time":"2024-05-16T12:02:50+00:00","article_modified_time":"2024-05-16T12:32:49+00:00","og_image":[{"width":600,"height":360,"url":"https:\/\/raed.academy\/wp-content\/uploads\/2018\/09\/auditoria-del-futuro-Frederic-Borras-int.jpg","type":"image\/jpeg"}],"author":"RAED","twitter_card":"summary_large_image","twitter_creator":"@raedacademy","twitter_site":"@raedacademy","twitter_misc":{"Written by":"RAED","Est. reading time":"8 minutes"},"schema":{"@context":"https:\/\/schema.org","@graph":[{"@type":"Article","@id":"https:\/\/raed.academy\/ca\/auditoria-un-passat-emocionant-i-un-futur-resilient\/#article","isPartOf":{"@id":"https:\/\/raed.academy\/ca\/auditoria-un-passat-emocionant-i-un-futur-resilient\/"},"author":{"name":"RAED","@id":"https:\/\/raed.academy\/ca\/#\/schema\/person\/5a755da80d1d979fd66ba745c8702927"},"headline":"Auditoria: un passat emocionant i un futur resilient","datePublished":"2024-05-16T12:02:50+00:00","dateModified":"2024-05-16T12:32:49+00:00","mainEntityOfPage":{"@id":"https:\/\/raed.academy\/ca\/auditoria-un-passat-emocionant-i-un-futur-resilient\/"},"wordCount":1256,"publisher":{"@id":"https:\/\/raed.academy\/ca\/#organization"},"image":{"@id":"https:\/\/raed.academy\/ca\/auditoria-un-passat-emocionant-i-un-futur-resilient\/#primaryimage"},"thumbnailUrl":"https:\/\/raed.academy\/wp-content\/uploads\/2018\/09\/auditoria-del-futuro-Frederic-Borras-int.jpg","articleSection":["Econ\u00f2miques i Empresarials","Hist\u00f2ria"],"inLanguage":"ca-ES"},{"@type":"WebPage","@id":"https:\/\/raed.academy\/ca\/auditoria-un-passat-emocionant-i-un-futur-resilient\/","url":"https:\/\/raed.academy\/ca\/auditoria-un-passat-emocionant-i-un-futur-resilient\/","name":"Auditoria: un passat emocionant i un futur resilient - Reial Acad\u00e8mia Europea de Doctors","isPartOf":{"@id":"https:\/\/raed.academy\/ca\/#website"},"primaryImageOfPage":{"@id":"https:\/\/raed.academy\/ca\/auditoria-un-passat-emocionant-i-un-futur-resilient\/#primaryimage"},"image":{"@id":"https:\/\/raed.academy\/ca\/auditoria-un-passat-emocionant-i-un-futur-resilient\/#primaryimage"},"thumbnailUrl":"https:\/\/raed.academy\/wp-content\/uploads\/2018\/09\/auditoria-del-futuro-Frederic-Borras-int.jpg","datePublished":"2024-05-16T12:02:50+00:00","dateModified":"2024-05-16T12:32:49+00:00","description":"Carlos Puig de Travy tra\u00e7a una completa hist\u00f2ria de l'auditoria des dels seus or\u00edgens i la seva relaci\u00f3 amb la comptabilitat, esbossant-ne l'evoluci\u00f3 durant l'Edat Mitjana i l'era moderna","breadcrumb":{"@id":"https:\/\/raed.academy\/ca\/auditoria-un-passat-emocionant-i-un-futur-resilient\/#breadcrumb"},"inLanguage":"ca-ES","potentialAction":[{"@type":"ReadAction","target":["https:\/\/raed.academy\/ca\/auditoria-un-passat-emocionant-i-un-futur-resilient\/"]}]},{"@type":"ImageObject","inLanguage":"ca-ES","@id":"https:\/\/raed.academy\/ca\/auditoria-un-passat-emocionant-i-un-futur-resilient\/#primaryimage","url":"https:\/\/raed.academy\/wp-content\/uploads\/2018\/09\/auditoria-del-futuro-Frederic-Borras-int.jpg","contentUrl":"https:\/\/raed.academy\/wp-content\/uploads\/2018\/09\/auditoria-del-futuro-Frederic-Borras-int.jpg","width":600,"height":360,"caption":"la auditor\u00eda del futuro"},{"@type":"BreadcrumbList","@id":"https:\/\/raed.academy\/ca\/auditoria-un-passat-emocionant-i-un-futur-resilient\/#breadcrumb","itemListElement":[{"@type":"ListItem","position":1,"name":"Inicio","item":"https:\/\/raed.academy\/ca\/"},{"@type":"ListItem","position":2,"name":"Auditoria: un passat emocionant i un futur resilient"}]},{"@type":"WebSite","@id":"https:\/\/raed.academy\/ca\/#website","url":"https:\/\/raed.academy\/ca\/","name":"Reial Acad\u00e8mia Europea de Doctors","description":"Corporaci\u00f3n de derecho p\u00fablico de car\u00e1cter cient\u00edfico, t\u00e9cnico y art\u00edstico, que tiene por objeto la investigaci\u00f3n, el estudio, el fomento y la extensi\u00f3n del conocimiento en su sentido m\u00e1s amplio","publisher":{"@id":"https:\/\/raed.academy\/ca\/#organization"},"potentialAction":[{"@type":"SearchAction","target":{"@type":"EntryPoint","urlTemplate":"https:\/\/raed.academy\/ca\/?s={search_term_string}"},"query-input":{"@type":"PropertyValueSpecification","valueRequired":true,"valueName":"search_term_string"}}],"inLanguage":"ca-ES"},{"@type":"Organization","@id":"https:\/\/raed.academy\/ca\/#organization","name":"Real Academia Europea de Doctores","url":"https:\/\/raed.academy\/ca\/","logo":{"@type":"ImageObject","inLanguage":"ca-ES","@id":"https:\/\/raed.academy\/ca\/#\/schema\/logo\/image\/","url":"https:\/\/raed.academy\/wp-content\/uploads\/2017\/01\/cropped-logo_raed.png","contentUrl":"https:\/\/raed.academy\/wp-content\/uploads\/2017\/01\/cropped-logo_raed.png","width":512,"height":512,"caption":"Real Academia Europea de Doctores"},"image":{"@id":"https:\/\/raed.academy\/ca\/#\/schema\/logo\/image\/"},"sameAs":["http:\/\/fb.me\/raed.academy","https:\/\/x.com\/raedacademy","https:\/\/www.instagram.com\/raed.academy\/","https:\/\/www.youtube.com\/channel\/UCUYQwW2KrdirNWihxMDObwg"]},{"@type":"Person","@id":"https:\/\/raed.academy\/ca\/#\/schema\/person\/5a755da80d1d979fd66ba745c8702927","name":"RAED","image":{"@type":"ImageObject","inLanguage":"ca-ES","@id":"https:\/\/secure.gravatar.com\/avatar\/19fdfdc0d67fb9c45714b703a2ac82251c4fcea3637f002ac3c9b74c0183583c?s=96&d=mm&r=g","url":"https:\/\/secure.gravatar.com\/avatar\/19fdfdc0d67fb9c45714b703a2ac82251c4fcea3637f002ac3c9b74c0183583c?s=96&d=mm&r=g","contentUrl":"https:\/\/secure.gravatar.com\/avatar\/19fdfdc0d67fb9c45714b703a2ac82251c4fcea3637f002ac3c9b74c0183583c?s=96&d=mm&r=g","caption":"RAED"}}]}},"_links":{"self":[{"href":"https:\/\/raed.academy\/ca\/wp-json\/wp\/v2\/posts\/149084","targetHints":{"allow":["GET"]}}],"collection":[{"href":"https:\/\/raed.academy\/ca\/wp-json\/wp\/v2\/posts"}],"about":[{"href":"https:\/\/raed.academy\/ca\/wp-json\/wp\/v2\/types\/post"}],"author":[{"embeddable":true,"href":"https:\/\/raed.academy\/ca\/wp-json\/wp\/v2\/users\/12"}],"replies":[{"embeddable":true,"href":"https:\/\/raed.academy\/ca\/wp-json\/wp\/v2\/comments?post=149084"}],"version-history":[{"count":0,"href":"https:\/\/raed.academy\/ca\/wp-json\/wp\/v2\/posts\/149084\/revisions"}],"wp:featuredmedia":[{"embeddable":true,"href":"https:\/\/raed.academy\/ca\/wp-json\/wp\/v2\/media\/56779"}],"wp:attachment":[{"href":"https:\/\/raed.academy\/ca\/wp-json\/wp\/v2\/media?parent=149084"}],"wp:term":[{"taxonomy":"category","embeddable":true,"href":"https:\/\/raed.academy\/ca\/wp-json\/wp\/v2\/categories?post=149084"},{"taxonomy":"post_tag","embeddable":true,"href":"https:\/\/raed.academy\/ca\/wp-json\/wp\/v2\/tags?post=149084"}],"curies":[{"name":"wp","href":"https:\/\/api.w.org\/{rel}","templated":true}]}}