{"id":148993,"date":"2024-05-16T11:52:12","date_gmt":"2024-05-16T11:52:12","guid":{"rendered":"https:\/\/raed.academy\/?p=148993"},"modified":"2024-05-16T11:52:12","modified_gmt":"2024-05-16T11:52:12","slug":"lluitar-contra-el-dolor-des-de-la-medicina","status":"publish","type":"post","link":"https:\/\/raed.academy\/ca\/lluitar-contra-el-dolor-des-de-la-medicina\/","title":{"rendered":"Lluitar contra el dolor des de la medicina"},"content":{"rendered":"<div id=\"attachment_128874\" style=\"width: 511px\" class=\"wp-caption aligncenter\"><img loading=\"lazy\" decoding=\"async\" aria-describedby=\"caption-attachment-128874\" class=\" wp-image-128874\" src=\"https:\/\/raed.academy\/wp-content\/uploads\/2023\/02\/Fernando-Martinez-Pintor-dst.webp\" alt=\"\" width=\"501\" height=\"300\" srcset=\"https:\/\/raed.academy\/wp-content\/uploads\/2023\/02\/Fernando-Martinez-Pintor-dst.webp 600w, https:\/\/raed.academy\/wp-content\/uploads\/2023\/02\/Fernando-Martinez-Pintor-dst-440x264.webp 440w\" sizes=\"(max-width: 501px) 100vw, 501px\" \/><p id=\"caption-attachment-128874\" class=\"wp-caption-text\">Dr. Mart\u00ednez-Pintor<\/p><\/div>\n<p><a href=\"https:\/\/raed.academy\/ca\/academics\/dr-fernando-martinez-pintor\/\" target=\"_blank\" rel=\"noopener\"><em><strong>Fernando Mart\u00ednez-Pintor<\/strong><\/em><\/a>, director de l&#8217;<strong>Institut de Reumatologia i Antropologia M\u00e8dica<\/strong> de la <strong>Cl\u00ednica Nostra Senyora del Remei<\/strong> de Barcelona, president de la <strong>Societat Espanyola de Medicina Psicosom\u00e0tica<\/strong> i president i fundador del <strong>Cercle Catal\u00e0 de Psicosom\u00e0tica i Antropologia M\u00e8dica<\/strong> i acad\u00e8mic de n\u00famero de la <strong>Reial Acad\u00e8mia Europea de Doctors-Barcelona 1914<\/strong> (RAED), va participar entre els passats 2 i 5 de maig al cicle <strong>Sine Dolore World Park<\/strong>, organitzat per l&#8217;<strong>Associaci\u00f3 Sine Dolore<\/strong> amb la col\u00b7laboraci\u00f3 de l&#8217;<strong>\u00c0rea de Salut de Menorca<\/strong>, a trav\u00e9s de la <strong>Unitat del Dolor<\/strong> de l&#8217;<strong>Hospital Mateu Orfila<\/strong>, i els ajuntaments de Ma\u00f3, Ciutadella, Es Mitj\u00f3 Gran, Es Castell, Sant Llu\u00eds, Alaior, Es Mercadal i Ferreries.<\/p>\n<p>En aquesta vuitena edici\u00f3, els organitzadors han ampliat el programa d&#8217;activitats cient\u00edfiques i socials i assolir una major projecci\u00f3 internacional gr\u00e0cies a la implicaci\u00f3 de l&#8217;<strong>Acad\u00e8mia Nord-americana de Medicina del Dolor<\/strong> a la segona edici\u00f3 de la <strong>Menorca World Summit of Leaderships of Pain Medicine Societies-Cimera Mundial de Menorca de Lideratges de Societats de Medicina del Dolor<\/strong>. El Sine Dolore World Park \u00e9s un esdeveniment pioner a nivell internacional que fa de tota l&#8217;illa de Menorca en una mena de &#8220;parc tem\u00e0tic&#8221; contra el dolor i per la qualitat de vida gr\u00e0cies a la implicaci\u00f3 de tota la societat menorquina i de les seves institucions, promogut per l&#8217;Associaci\u00f3 Sine Dolore, fundada per visibilitzar el dolor, un problema social i de salut p\u00fablica rellevant que afecta el 20% de la poblaci\u00f3 mundial, segons l&#8217;<strong>Organitzaci\u00f3 Mundial de la Salut<\/strong>.<\/p>\n<p><img loading=\"lazy\" decoding=\"async\" class=\"alignright size-full wp-image-148971\" src=\"https:\/\/raed.academy\/wp-content\/uploads\/2024\/05\/logo-Sine-Dolore-Worldpark.webp\" alt=\"\" width=\"500\" height=\"300\" srcset=\"https:\/\/raed.academy\/wp-content\/uploads\/2024\/05\/logo-Sine-Dolore-Worldpark.webp 500w, https:\/\/raed.academy\/wp-content\/uploads\/2024\/05\/logo-Sine-Dolore-Worldpark-440x264.webp 440w\" sizes=\"(max-width: 500px) 100vw, 500px\" \/>L&#8217;acad\u00e8mic va participar en la cerim\u00f2nia inaugural de la cita, que es va celebrar a l&#8217;<strong>Hotel Continental Menorca<\/strong>, juntament amb els tamb\u00e9 especialistes m\u00e8dics en ter\u00e0pies del dolor <strong>Ignacio Vel\u00e1zquez<\/strong>, president de la<strong> Societat Andalusa del Dolor<\/strong>, i <strong>Luis Miguel Torres<\/strong>, president de la <strong>Societat Espanyola Multidisciplinar del Dolor,<\/strong> presentador de l&#8217;esdeveniment. Durant aquesta edici\u00f3 del Sine Dolore World Park es van abordar temes com la posada al dia en dolor orofacial i el dolor postoperatori, radioter\u00e0pia anti\u00e0lgica per al tractament pal\u00b7liatiu de la met\u00e0stasi \u00f2ssia, els aven\u00e7os en la intervenci\u00f3 i recerca psicol\u00f2gica del dolor cr\u00f2nic, les ter\u00e0pies biom\u00e8diques del dolor, l&#8217;abordatge del dolor neurop\u00e0tic des de la infermeria del dolor articular degeneratiu en edat primerenca i es van presentar casos cl\u00ednics relacionats amb l&#8217;abordatge del dolor.<\/p>\n<p>Membre de diverses acad\u00e8mies i societats m\u00e8diques internacionals com ara l&#8217;<strong>Acad\u00e8mia Su\u00efssa per a la Medicina Psicosom\u00e0tica i Psicosocial<\/strong> o la <strong>Societat Alemanya de Medicina Psicosom\u00e0tica i Psicoter\u00e0pia M\u00e8dica<\/strong>, representant a Espanya de la <strong>Societat d&#8217;Intervenci\u00f3 no Farmacol\u00f2gica<\/strong> i cofundador del <strong>Grup Iberoameric\u00e0 d&#8217;Antropologia M\u00e8dica<\/strong>, Pintor \u00e9s autor de nombrosos articles i publicacions en premsa especialitzada i de tres llibres sobre les repercussions que les emocions i el patiment tenen sobre la malaltia. \u00c9s conferenciant convidat habitual a congressos i universitats, ha organitzat, col\u00b7laborat i dirigit diferents cursos de societats cient\u00edfiques, tant espanyoles com europees, i la seva l\u00ednia de recerca s&#8217;ha centrat en la recerca de marcadors bioqu\u00edmics de les emocions i, en particular, del patiment hum\u00e0, aix\u00ed com la seva eventual repercussi\u00f3 som\u00e0tica. Recentment, va publicar al n\u00famero 25 de la <strong>&#8220;Revista de Psicosom\u00e1tica y Psiquiatr\u00eda&#8221;<\/strong>, editada per la <strong>Societat Espanyola de Medicina Psicosom\u00e0tica<\/strong> i la <strong>Societat Espanyola de Salut Mental Perinatal<\/strong>, l&#8217;article <strong>&#8220;<\/strong><span class=\"TextRun SCXW119922473 BCX0\" lang=\"ES-ES\" xml:lang=\"ES-ES\" data-contrast=\"auto\"><span class=\"NormalTextRun SCXW119922473 BCX0\"><strong>Factores biopsicosociales y bio\u00e9tica en el dolor cr\u00f3nico&#8221;<\/strong>.<\/span><\/span><\/p>\n","protected":false},"excerpt":{"rendered":"<p>Fernando Mart\u00ednez-Pintor participa en el cicle Sine Dolore World Park, organitzat per l&#8217;Associaci\u00f3 Sine Dolore amb la col\u00b7laboraci\u00f3 de l&#8217;\u00c0rea de Salut de Menorca<\/p>\n","protected":false},"author":12,"featured_media":148972,"comment_status":"closed","ping_status":"closed","sticky":false,"template":"","format":"standard","meta":{"_et_pb_use_builder":"","_et_pb_old_content":"","_et_gb_content_width":"","footnotes":""},"categories":[455,213,492],"tags":[],"class_list":["post-148993","post","type-post","status-publish","format-standard","has-post-thumbnail","hentry","category-ciencies-de-la-salut","category-medicina-i-cirurgia","category-trobades-cientifiques-i-congressos","et-has-post-format-content","et_post_format-et-post-format-standard"],"yoast_head":"<!-- This site is optimized with the Yoast SEO plugin v27.5 - https:\/\/yoast.com\/product\/yoast-seo-wordpress\/ -->\n<title>Lluitar contra el dolor des de la medicina - Reial Acad\u00e8mia Europea de Doctors<\/title>\n<meta name=\"description\" content=\"Fernando Mart\u00ednez-Pintor participa en el cicle Sine Dolore World Park, organitzat per l&#039;Associaci\u00f3 Sine Dolore amb la col\u00b7laboraci\u00f3 de l&#039;\u00c0rea de Salut de Menorca\" \/>\n<meta name=\"robots\" content=\"index, follow, max-snippet:-1, max-image-preview:large, max-video-preview:-1\" \/>\n<link rel=\"canonical\" href=\"https:\/\/raed.academy\/ca\/lluitar-contra-el-dolor-des-de-la-medicina\/\" \/>\n<meta property=\"og:locale\" content=\"ca_ES\" \/>\n<meta property=\"og:type\" content=\"article\" \/>\n<meta property=\"og:title\" content=\"Lluitar contra el dolor des de la medicina - Reial Acad\u00e8mia Europea de Doctors\" \/>\n<meta property=\"og:description\" content=\"Fernando Mart\u00ednez-Pintor participa en el cicle Sine Dolore World Park, organitzat per l&#039;Associaci\u00f3 Sine Dolore amb la col\u00b7laboraci\u00f3 de l&#039;\u00c0rea de Salut de Menorca\" \/>\n<meta property=\"og:url\" content=\"https:\/\/raed.academy\/ca\/lluitar-contra-el-dolor-des-de-la-medicina\/\" \/>\n<meta property=\"og:site_name\" content=\"Reial Acad\u00e8mia Europea de Doctors\" \/>\n<meta property=\"article:publisher\" content=\"http:\/\/fb.me\/raed.academy\" \/>\n<meta property=\"article:published_time\" content=\"2024-05-16T11:52:12+00:00\" \/>\n<meta property=\"og:image\" content=\"https:\/\/raed.academy\/wp-content\/uploads\/2024\/05\/logo-Sine-Dolore-Worldpark.webp\" \/>\n\t<meta property=\"og:image:width\" content=\"500\" \/>\n\t<meta property=\"og:image:height\" content=\"300\" \/>\n\t<meta property=\"og:image:type\" content=\"image\/webp\" \/>\n<meta name=\"author\" content=\"RAED\" \/>\n<meta name=\"twitter:card\" content=\"summary_large_image\" \/>\n<meta name=\"twitter:creator\" content=\"@raedacademy\" \/>\n<meta name=\"twitter:site\" content=\"@raedacademy\" \/>\n<meta name=\"twitter:label1\" content=\"Written by\" \/>\n\t<meta name=\"twitter:data1\" content=\"RAED\" \/>\n\t<meta name=\"twitter:label2\" content=\"Est. reading time\" \/>\n\t<meta name=\"twitter:data2\" content=\"4 minutes\" \/>\n<script type=\"application\/ld+json\" class=\"yoast-schema-graph\">{\"@context\":\"https:\\\/\\\/schema.org\",\"@graph\":[{\"@type\":\"Article\",\"@id\":\"https:\\\/\\\/raed.academy\\\/ca\\\/lluitar-contra-el-dolor-des-de-la-medicina\\\/#article\",\"isPartOf\":{\"@id\":\"https:\\\/\\\/raed.academy\\\/ca\\\/lluitar-contra-el-dolor-des-de-la-medicina\\\/\"},\"author\":{\"name\":\"RAED\",\"@id\":\"https:\\\/\\\/raed.academy\\\/ca\\\/#\\\/schema\\\/person\\\/5a755da80d1d979fd66ba745c8702927\"},\"headline\":\"Lluitar contra el dolor des de la medicina\",\"datePublished\":\"2024-05-16T11:52:12+00:00\",\"mainEntityOfPage\":{\"@id\":\"https:\\\/\\\/raed.academy\\\/ca\\\/lluitar-contra-el-dolor-des-de-la-medicina\\\/\"},\"wordCount\":626,\"publisher\":{\"@id\":\"https:\\\/\\\/raed.academy\\\/ca\\\/#organization\"},\"image\":{\"@id\":\"https:\\\/\\\/raed.academy\\\/ca\\\/lluitar-contra-el-dolor-des-de-la-medicina\\\/#primaryimage\"},\"thumbnailUrl\":\"https:\\\/\\\/raed.academy\\\/wp-content\\\/uploads\\\/2024\\\/05\\\/logo-Sine-Dolore-Worldpark.webp\",\"articleSection\":[\"Ci\u00e8ncies de la salut\",\"Medicina i cirurgia\",\"Trobades Cient\u00edfiques i Congressos\"],\"inLanguage\":\"ca-ES\"},{\"@type\":\"WebPage\",\"@id\":\"https:\\\/\\\/raed.academy\\\/ca\\\/lluitar-contra-el-dolor-des-de-la-medicina\\\/\",\"url\":\"https:\\\/\\\/raed.academy\\\/ca\\\/lluitar-contra-el-dolor-des-de-la-medicina\\\/\",\"name\":\"Lluitar contra el dolor des de la medicina - Reial Acad\u00e8mia Europea de Doctors\",\"isPartOf\":{\"@id\":\"https:\\\/\\\/raed.academy\\\/ca\\\/#website\"},\"primaryImageOfPage\":{\"@id\":\"https:\\\/\\\/raed.academy\\\/ca\\\/lluitar-contra-el-dolor-des-de-la-medicina\\\/#primaryimage\"},\"image\":{\"@id\":\"https:\\\/\\\/raed.academy\\\/ca\\\/lluitar-contra-el-dolor-des-de-la-medicina\\\/#primaryimage\"},\"thumbnailUrl\":\"https:\\\/\\\/raed.academy\\\/wp-content\\\/uploads\\\/2024\\\/05\\\/logo-Sine-Dolore-Worldpark.webp\",\"datePublished\":\"2024-05-16T11:52:12+00:00\",\"description\":\"Fernando Mart\u00ednez-Pintor participa en el cicle Sine Dolore World Park, organitzat per l'Associaci\u00f3 Sine Dolore amb la col\u00b7laboraci\u00f3 de l'\u00c0rea de Salut de Menorca\",\"breadcrumb\":{\"@id\":\"https:\\\/\\\/raed.academy\\\/ca\\\/lluitar-contra-el-dolor-des-de-la-medicina\\\/#breadcrumb\"},\"inLanguage\":\"ca-ES\",\"potentialAction\":[{\"@type\":\"ReadAction\",\"target\":[\"https:\\\/\\\/raed.academy\\\/ca\\\/lluitar-contra-el-dolor-des-de-la-medicina\\\/\"]}]},{\"@type\":\"ImageObject\",\"inLanguage\":\"ca-ES\",\"@id\":\"https:\\\/\\\/raed.academy\\\/ca\\\/lluitar-contra-el-dolor-des-de-la-medicina\\\/#primaryimage\",\"url\":\"https:\\\/\\\/raed.academy\\\/wp-content\\\/uploads\\\/2024\\\/05\\\/logo-Sine-Dolore-Worldpark.webp\",\"contentUrl\":\"https:\\\/\\\/raed.academy\\\/wp-content\\\/uploads\\\/2024\\\/05\\\/logo-Sine-Dolore-Worldpark.webp\",\"width\":500,\"height\":300},{\"@type\":\"BreadcrumbList\",\"@id\":\"https:\\\/\\\/raed.academy\\\/ca\\\/lluitar-contra-el-dolor-des-de-la-medicina\\\/#breadcrumb\",\"itemListElement\":[{\"@type\":\"ListItem\",\"position\":1,\"name\":\"Inicio\",\"item\":\"https:\\\/\\\/raed.academy\\\/ca\\\/\"},{\"@type\":\"ListItem\",\"position\":2,\"name\":\"Lluitar contra el dolor des de la medicina\"}]},{\"@type\":\"WebSite\",\"@id\":\"https:\\\/\\\/raed.academy\\\/ca\\\/#website\",\"url\":\"https:\\\/\\\/raed.academy\\\/ca\\\/\",\"name\":\"Reial Acad\u00e8mia Europea de Doctors\",\"description\":\"Corporaci\u00f3n de derecho p\u00fablico de car\u00e1cter cient\u00edfico, t\u00e9cnico y art\u00edstico, que tiene por objeto la investigaci\u00f3n, el estudio, el fomento y la extensi\u00f3n del conocimiento en su sentido m\u00e1s amplio\",\"publisher\":{\"@id\":\"https:\\\/\\\/raed.academy\\\/ca\\\/#organization\"},\"potentialAction\":[{\"@type\":\"SearchAction\",\"target\":{\"@type\":\"EntryPoint\",\"urlTemplate\":\"https:\\\/\\\/raed.academy\\\/ca\\\/?s={search_term_string}\"},\"query-input\":{\"@type\":\"PropertyValueSpecification\",\"valueRequired\":true,\"valueName\":\"search_term_string\"}}],\"inLanguage\":\"ca-ES\"},{\"@type\":\"Organization\",\"@id\":\"https:\\\/\\\/raed.academy\\\/ca\\\/#organization\",\"name\":\"Real Academia Europea de Doctores\",\"url\":\"https:\\\/\\\/raed.academy\\\/ca\\\/\",\"logo\":{\"@type\":\"ImageObject\",\"inLanguage\":\"ca-ES\",\"@id\":\"https:\\\/\\\/raed.academy\\\/ca\\\/#\\\/schema\\\/logo\\\/image\\\/\",\"url\":\"https:\\\/\\\/raed.academy\\\/wp-content\\\/uploads\\\/2017\\\/01\\\/cropped-logo_raed.png\",\"contentUrl\":\"https:\\\/\\\/raed.academy\\\/wp-content\\\/uploads\\\/2017\\\/01\\\/cropped-logo_raed.png\",\"width\":512,\"height\":512,\"caption\":\"Real Academia Europea de Doctores\"},\"image\":{\"@id\":\"https:\\\/\\\/raed.academy\\\/ca\\\/#\\\/schema\\\/logo\\\/image\\\/\"},\"sameAs\":[\"http:\\\/\\\/fb.me\\\/raed.academy\",\"https:\\\/\\\/x.com\\\/raedacademy\",\"https:\\\/\\\/www.instagram.com\\\/raed.academy\\\/\",\"https:\\\/\\\/www.youtube.com\\\/channel\\\/UCUYQwW2KrdirNWihxMDObwg\"]},{\"@type\":\"Person\",\"@id\":\"https:\\\/\\\/raed.academy\\\/ca\\\/#\\\/schema\\\/person\\\/5a755da80d1d979fd66ba745c8702927\",\"name\":\"RAED\",\"image\":{\"@type\":\"ImageObject\",\"inLanguage\":\"ca-ES\",\"@id\":\"https:\\\/\\\/secure.gravatar.com\\\/avatar\\\/19fdfdc0d67fb9c45714b703a2ac82251c4fcea3637f002ac3c9b74c0183583c?s=96&d=mm&r=g\",\"url\":\"https:\\\/\\\/secure.gravatar.com\\\/avatar\\\/19fdfdc0d67fb9c45714b703a2ac82251c4fcea3637f002ac3c9b74c0183583c?s=96&d=mm&r=g\",\"contentUrl\":\"https:\\\/\\\/secure.gravatar.com\\\/avatar\\\/19fdfdc0d67fb9c45714b703a2ac82251c4fcea3637f002ac3c9b74c0183583c?s=96&d=mm&r=g\",\"caption\":\"RAED\"}}]}<\/script>\n<!-- \/ Yoast SEO plugin. -->","yoast_head_json":{"title":"Lluitar contra el dolor des de la medicina - Reial Acad\u00e8mia Europea de Doctors","description":"Fernando Mart\u00ednez-Pintor participa en el cicle Sine Dolore World Park, organitzat per l'Associaci\u00f3 Sine Dolore amb la col\u00b7laboraci\u00f3 de l'\u00c0rea de Salut de Menorca","robots":{"index":"index","follow":"follow","max-snippet":"max-snippet:-1","max-image-preview":"max-image-preview:large","max-video-preview":"max-video-preview:-1"},"canonical":"https:\/\/raed.academy\/ca\/lluitar-contra-el-dolor-des-de-la-medicina\/","og_locale":"ca_ES","og_type":"article","og_title":"Lluitar contra el dolor des de la medicina - Reial Acad\u00e8mia Europea de Doctors","og_description":"Fernando Mart\u00ednez-Pintor participa en el cicle Sine Dolore World Park, organitzat per l'Associaci\u00f3 Sine Dolore amb la col\u00b7laboraci\u00f3 de l'\u00c0rea de Salut de Menorca","og_url":"https:\/\/raed.academy\/ca\/lluitar-contra-el-dolor-des-de-la-medicina\/","og_site_name":"Reial Acad\u00e8mia Europea de Doctors","article_publisher":"http:\/\/fb.me\/raed.academy","article_published_time":"2024-05-16T11:52:12+00:00","og_image":[{"width":500,"height":300,"url":"https:\/\/raed.academy\/wp-content\/uploads\/2024\/05\/logo-Sine-Dolore-Worldpark.webp","type":"image\/webp"}],"author":"RAED","twitter_card":"summary_large_image","twitter_creator":"@raedacademy","twitter_site":"@raedacademy","twitter_misc":{"Written by":"RAED","Est. reading time":"4 minutes"},"schema":{"@context":"https:\/\/schema.org","@graph":[{"@type":"Article","@id":"https:\/\/raed.academy\/ca\/lluitar-contra-el-dolor-des-de-la-medicina\/#article","isPartOf":{"@id":"https:\/\/raed.academy\/ca\/lluitar-contra-el-dolor-des-de-la-medicina\/"},"author":{"name":"RAED","@id":"https:\/\/raed.academy\/ca\/#\/schema\/person\/5a755da80d1d979fd66ba745c8702927"},"headline":"Lluitar contra el dolor des de la medicina","datePublished":"2024-05-16T11:52:12+00:00","mainEntityOfPage":{"@id":"https:\/\/raed.academy\/ca\/lluitar-contra-el-dolor-des-de-la-medicina\/"},"wordCount":626,"publisher":{"@id":"https:\/\/raed.academy\/ca\/#organization"},"image":{"@id":"https:\/\/raed.academy\/ca\/lluitar-contra-el-dolor-des-de-la-medicina\/#primaryimage"},"thumbnailUrl":"https:\/\/raed.academy\/wp-content\/uploads\/2024\/05\/logo-Sine-Dolore-Worldpark.webp","articleSection":["Ci\u00e8ncies de la salut","Medicina i cirurgia","Trobades Cient\u00edfiques i Congressos"],"inLanguage":"ca-ES"},{"@type":"WebPage","@id":"https:\/\/raed.academy\/ca\/lluitar-contra-el-dolor-des-de-la-medicina\/","url":"https:\/\/raed.academy\/ca\/lluitar-contra-el-dolor-des-de-la-medicina\/","name":"Lluitar contra el dolor des de la medicina - Reial Acad\u00e8mia Europea de Doctors","isPartOf":{"@id":"https:\/\/raed.academy\/ca\/#website"},"primaryImageOfPage":{"@id":"https:\/\/raed.academy\/ca\/lluitar-contra-el-dolor-des-de-la-medicina\/#primaryimage"},"image":{"@id":"https:\/\/raed.academy\/ca\/lluitar-contra-el-dolor-des-de-la-medicina\/#primaryimage"},"thumbnailUrl":"https:\/\/raed.academy\/wp-content\/uploads\/2024\/05\/logo-Sine-Dolore-Worldpark.webp","datePublished":"2024-05-16T11:52:12+00:00","description":"Fernando Mart\u00ednez-Pintor participa en el cicle Sine Dolore World Park, organitzat per l'Associaci\u00f3 Sine Dolore amb la col\u00b7laboraci\u00f3 de l'\u00c0rea de Salut de Menorca","breadcrumb":{"@id":"https:\/\/raed.academy\/ca\/lluitar-contra-el-dolor-des-de-la-medicina\/#breadcrumb"},"inLanguage":"ca-ES","potentialAction":[{"@type":"ReadAction","target":["https:\/\/raed.academy\/ca\/lluitar-contra-el-dolor-des-de-la-medicina\/"]}]},{"@type":"ImageObject","inLanguage":"ca-ES","@id":"https:\/\/raed.academy\/ca\/lluitar-contra-el-dolor-des-de-la-medicina\/#primaryimage","url":"https:\/\/raed.academy\/wp-content\/uploads\/2024\/05\/logo-Sine-Dolore-Worldpark.webp","contentUrl":"https:\/\/raed.academy\/wp-content\/uploads\/2024\/05\/logo-Sine-Dolore-Worldpark.webp","width":500,"height":300},{"@type":"BreadcrumbList","@id":"https:\/\/raed.academy\/ca\/lluitar-contra-el-dolor-des-de-la-medicina\/#breadcrumb","itemListElement":[{"@type":"ListItem","position":1,"name":"Inicio","item":"https:\/\/raed.academy\/ca\/"},{"@type":"ListItem","position":2,"name":"Lluitar contra el dolor des de la medicina"}]},{"@type":"WebSite","@id":"https:\/\/raed.academy\/ca\/#website","url":"https:\/\/raed.academy\/ca\/","name":"Reial Acad\u00e8mia Europea de Doctors","description":"Corporaci\u00f3n de derecho p\u00fablico de car\u00e1cter cient\u00edfico, t\u00e9cnico y art\u00edstico, que tiene por objeto la investigaci\u00f3n, el estudio, el fomento y la extensi\u00f3n del conocimiento en su sentido m\u00e1s amplio","publisher":{"@id":"https:\/\/raed.academy\/ca\/#organization"},"potentialAction":[{"@type":"SearchAction","target":{"@type":"EntryPoint","urlTemplate":"https:\/\/raed.academy\/ca\/?s={search_term_string}"},"query-input":{"@type":"PropertyValueSpecification","valueRequired":true,"valueName":"search_term_string"}}],"inLanguage":"ca-ES"},{"@type":"Organization","@id":"https:\/\/raed.academy\/ca\/#organization","name":"Real Academia Europea de Doctores","url":"https:\/\/raed.academy\/ca\/","logo":{"@type":"ImageObject","inLanguage":"ca-ES","@id":"https:\/\/raed.academy\/ca\/#\/schema\/logo\/image\/","url":"https:\/\/raed.academy\/wp-content\/uploads\/2017\/01\/cropped-logo_raed.png","contentUrl":"https:\/\/raed.academy\/wp-content\/uploads\/2017\/01\/cropped-logo_raed.png","width":512,"height":512,"caption":"Real Academia Europea de Doctores"},"image":{"@id":"https:\/\/raed.academy\/ca\/#\/schema\/logo\/image\/"},"sameAs":["http:\/\/fb.me\/raed.academy","https:\/\/x.com\/raedacademy","https:\/\/www.instagram.com\/raed.academy\/","https:\/\/www.youtube.com\/channel\/UCUYQwW2KrdirNWihxMDObwg"]},{"@type":"Person","@id":"https:\/\/raed.academy\/ca\/#\/schema\/person\/5a755da80d1d979fd66ba745c8702927","name":"RAED","image":{"@type":"ImageObject","inLanguage":"ca-ES","@id":"https:\/\/secure.gravatar.com\/avatar\/19fdfdc0d67fb9c45714b703a2ac82251c4fcea3637f002ac3c9b74c0183583c?s=96&d=mm&r=g","url":"https:\/\/secure.gravatar.com\/avatar\/19fdfdc0d67fb9c45714b703a2ac82251c4fcea3637f002ac3c9b74c0183583c?s=96&d=mm&r=g","contentUrl":"https:\/\/secure.gravatar.com\/avatar\/19fdfdc0d67fb9c45714b703a2ac82251c4fcea3637f002ac3c9b74c0183583c?s=96&d=mm&r=g","caption":"RAED"}}]}},"_links":{"self":[{"href":"https:\/\/raed.academy\/ca\/wp-json\/wp\/v2\/posts\/148993","targetHints":{"allow":["GET"]}}],"collection":[{"href":"https:\/\/raed.academy\/ca\/wp-json\/wp\/v2\/posts"}],"about":[{"href":"https:\/\/raed.academy\/ca\/wp-json\/wp\/v2\/types\/post"}],"author":[{"embeddable":true,"href":"https:\/\/raed.academy\/ca\/wp-json\/wp\/v2\/users\/12"}],"replies":[{"embeddable":true,"href":"https:\/\/raed.academy\/ca\/wp-json\/wp\/v2\/comments?post=148993"}],"version-history":[{"count":0,"href":"https:\/\/raed.academy\/ca\/wp-json\/wp\/v2\/posts\/148993\/revisions"}],"wp:featuredmedia":[{"embeddable":true,"href":"https:\/\/raed.academy\/ca\/wp-json\/wp\/v2\/media\/148972"}],"wp:attachment":[{"href":"https:\/\/raed.academy\/ca\/wp-json\/wp\/v2\/media?parent=148993"}],"wp:term":[{"taxonomy":"category","embeddable":true,"href":"https:\/\/raed.academy\/ca\/wp-json\/wp\/v2\/categories?post=148993"},{"taxonomy":"post_tag","embeddable":true,"href":"https:\/\/raed.academy\/ca\/wp-json\/wp\/v2\/tags?post=148993"}],"curies":[{"name":"wp","href":"https:\/\/api.w.org\/{rel}","templated":true}]}}