{"id":148465,"date":"2024-05-06T09:05:52","date_gmt":"2024-05-06T09:05:52","guid":{"rendered":"https:\/\/raed.academy\/?p=148465"},"modified":"2024-05-06T09:05:52","modified_gmt":"2024-05-06T09:05:52","slug":"noves-croniques-del-somontano","status":"publish","type":"post","link":"https:\/\/raed.academy\/ca\/noves-croniques-del-somontano\/","title":{"rendered":"Noves cr\u00f2niques del Somontano"},"content":{"rendered":"<div id=\"attachment_148428\" style=\"width: 512px\" class=\"wp-caption aligncenter\"><img loading=\"lazy\" decoding=\"async\" aria-describedby=\"caption-attachment-148428\" class=\"wp-image-148428\" src=\"https:\/\/raed.academy\/wp-content\/uploads\/2024\/04\/ildefonso-garcia-serena-academico-de-honor-dst.webp\" alt=\"\" width=\"502\" height=\"301\" srcset=\"https:\/\/raed.academy\/wp-content\/uploads\/2024\/04\/ildefonso-garcia-serena-academico-de-honor-dst.webp 600w, https:\/\/raed.academy\/wp-content\/uploads\/2024\/04\/ildefonso-garcia-serena-academico-de-honor-dst-440x264.webp 440w\" sizes=\"(max-width: 502px) 100vw, 502px\" \/><p id=\"caption-attachment-148428\" class=\"wp-caption-text\">Dr. Ildefonso Garc\u00eda<\/p><\/div>\n<p><a href=\"https:\/\/raed.academy\/ca\/academics\/sr-ildefonso-garcia-serena\/\" target=\"_blank\" rel=\"noopener\"><em><strong>Ildefonso Garc\u00eda Serena<\/strong><\/em><\/a>, deg\u00e0 em\u00e8rit del <strong>Col\u00b7legi de M\u00e0rqueting i Comunicaci\u00f3 de Catalunya<\/strong> i ambaixador extraordinari i acad\u00e8mic d&#8217;honor de la <strong>Reial Acad\u00e8mia Europea de Doctors-Barcelona 1914<\/strong> (RAED), presentar\u00e0 el proper 10 de maig a la Sala d&#8217;Actes del<strong> Museu Dioces\u00e0 de Barbastre<\/strong> la seva \u00faltima obra, <strong>&#8220;El bonete de cuatro picos. Nuevas cr\u00f3nicas del Somontano&#8221;<\/strong>. L&#8217;acte comptar\u00e0 amb la participaci\u00f3 de <a href=\"https:\/\/raed.academy\/ca\/academics\/dr-mateo-valero-cortes\/\" target=\"_blank\" rel=\"noopener\"><em><strong>Mateo Valero<\/strong><\/em><\/a>, director del <strong>Barcelona Supercomputing Center-Centre Nacional de Computaci\u00f3<\/strong> i tamb\u00e9 acad\u00e8mic d&#8217;honor de la RAED, i <strong>Javier Nadal<\/strong>, expresident de <strong>Telef\u00f3nica de Argentina<\/strong>, exdirector General de Telecomunicacions d&#8217;Espanya i vicepresident executiu de la <strong>Fundaci\u00f3 Telef\u00f2nica<\/strong>. Es tracta de dos professionals reconeguts originaris de l&#8217;Alt Arag\u00f3. La presentaci\u00f3 anir\u00e0 a c\u00e0rrec del periodista local <strong>\u00c1ngel Huguet<\/strong>. El llibre est\u00e0 prologat pel periodista i escriptor <strong>Andreu Manresa<\/strong>, exdirector general d&#8217;<strong>IB3<\/strong>, el canal de r\u00e0dio i televisi\u00f3 p\u00fablica balear.<\/p>\n<p>Com explica el seu propi t\u00edtol, el llibre ve a ser una continuaci\u00f3 d&#8217;<strong>&#8220;Elogio de la chireta y otras cr\u00f3nicas sentimentales del Somontano&#8221;<\/strong> (2016), una cr\u00f2nica sentimental sobre plats, persones i moments que van confluir al final dels anys 50 i els primers 60 del segle passat a l&#8217;Alt Arag\u00f3, on el mateix Garc\u00eda Serena, nascut a Argentina fruit de l&#8217;exili republic\u00e0 i repatriat al lloc d&#8217;origen dels seus antecessors, n&#8217;\u00e9s testimoni. En certa mesura, la seva \u00faltima novel\u00b7la, <strong>&#8220;El hijo del doctor&#8221;<\/strong> (2019) tamb\u00e9 \u00e9s un relat que en bona mesura \u00e9x una autobiografia sentimental, tot i que en aquest cas els seus personatges recorren m\u00e9s d&#8217;un segle d&#8217;hist\u00f2ria espanyola, europea i llatinoamericana.<\/p>\n<p><img loading=\"lazy\" decoding=\"async\" class=\"alignleft size-full wp-image-148431\" src=\"https:\/\/raed.academy\/wp-content\/uploads\/2024\/04\/Somontano-dst.webp\" sizes=\"(max-width: 600px) 100vw, 600px\" srcset=\"https:\/\/raed.academy\/wp-content\/uploads\/2024\/04\/Somontano-dst.webp 600w, https:\/\/raed.academy\/wp-content\/uploads\/2024\/04\/Somontano-dst-440x264.webp 440w\" alt=\"\" width=\"600\" height=\"360\" \/>Llicenciat en Ci\u00e8ncies de la Informaci\u00f3 per la <strong>Universitat Complutense de Madrid<\/strong>, diplomat en Comunitats Europees pel <strong>Ministeri d&#8217;Afers Estrangers<\/strong> i com a publicista per l&#8217;<strong>Escola Oficial de la Publicitat<\/strong>, al llarg de la seva traject\u00f2ria professional ha exercit com a directiu de diferents companyies internacionals. Ha fundat diversos grups de comunicaci\u00f3 i col\u00b7laborat amb diferents organismes i institucions. \u00c9s CEO de <strong>GRM Consultor\u00eda<\/strong> i membre del <strong>Grup de Harvard<\/strong> que lidera l&#8217;acad\u00e8mic i professor d&#8217;<strong>IESE Business School <a href=\"https:\/\/raed.academy\/ca\/academics\/dr-pedro-nueno-iniesta\/\" target=\"_blank\" rel=\"noopener\"><em>Pedro Nueno<\/em><\/a><\/strong>. Entre els anys 2001 i 2007 va ser deg\u00e0 del<strong> Col\u00b7legi de Publicitaris i Relacions P\u00fabliques de Catalunya<\/strong>, c\u00e0rrec que ocupa de manera honor\u00e0ria. Col\u00b7labora de forma habitual a diversos mitjans de comunicaci\u00f3 com <strong>&#8220;La Vanguardia&#8221;<\/strong> o <strong>&#8220;Diario del Alto Arag\u00f3n&#8221;<\/strong>.<\/p>\n<p>A la seva faceta professional, Garc\u00eda Serena ha dirigit importants comit\u00e8s d&#8217;innovaci\u00f3 en diverses corporacions internacionals, ha escrit m\u00e9s de 200 articles, assaigs, llibres costumistes i novel\u00b7la. Com a directiu, va ser premi <strong>L\u00edder de M\u00e0rqueting<\/strong> als 29 anys. Consagrat a la creativitat, va fundar el grup de comunicaci\u00f3 <strong>Grey Iberia<\/strong> a partir d&#8217;una petita ag\u00e8ncia que, basant-se en la seva experi\u00e8ncia en m\u00e0rqueting, va desenvolupar nous serveis i esdevindria el tercer grup d&#8217;Espanya. Tamb\u00e9 \u00e9s fundador del <strong>F\u00f2rum d&#8217;Ambaixadors<\/strong> de la Reial Acad\u00e8mia.<\/p>\n<p>Es CEO de <strong>GRM Consultor\u00eda<\/strong>\u00a0y miembro del <strong>Grupo de Harvard<\/strong> que lidera al acad\u00e9mico y profesor de <strong>IESE Business School<\/strong> <a href=\"https:\/\/raed.academy\/academicos\/dr-pedro-nueno-iniesta\/\" target=\"_blank\" rel=\"noopener noreferrer\"><em><strong>Pedro Nueno<\/strong><\/em><\/a>. Entre los a\u00f1os 2001 y 2007 fue decano del <strong>Colegio de Publicitarios y Relaciones P\u00fablicas de Catalu\u00f1a<\/strong>, cargo que ocupa de forma honoraria.\u00a0Colabora de forma habitual en diversos medios de comunicaci\u00f3n como <strong>&#8220;La Vanguardia&#8221;<\/strong> o <strong>&#8220;Diario del Alto Arag\u00f3n&#8221;<\/strong>.<\/p>\n","protected":false},"excerpt":{"rendered":"<p>Ildefonso Garc\u00eda Serena presentar\u00e0, el pr\u00f2xim 10 de maig a la Sala d&#8217;Actes del Museu Dioces\u00e0 de Barbastro, la seva \u00faltima obra, &#8220;El bonete de cuatro picos. Nuevas cr\u00f3nicas del Somontano&#8221;<\/p>\n","protected":false},"author":12,"featured_media":148432,"comment_status":"closed","ping_status":"closed","sticky":false,"template":"","format":"standard","meta":{"_et_pb_use_builder":"","_et_pb_old_content":"","_et_gb_content_width":"","footnotes":""},"categories":[229,242,404,439],"tags":[],"class_list":["post-148465","post","type-post","status-publish","format-standard","has-post-thumbnail","hentry","category-art","category-categ-historia","category-historia-nacional-ca","category-literatura-ca","et-has-post-format-content","et_post_format-et-post-format-standard"],"yoast_head":"<!-- This site is optimized with the Yoast SEO plugin v27.4 - https:\/\/yoast.com\/product\/yoast-seo-wordpress\/ -->\n<title>Noves cr\u00f2niques del Somontano - Reial Acad\u00e8mia Europea de Doctors<\/title>\n<meta name=\"description\" content=\"Ildefonso Garc\u00eda Serena presentar\u00e0, el pr\u00f2xim 10 de maig, la seva \u00faltima obra, &quot;El bonete de cuatro picos. Nuevas cr\u00f3nicas del Somontano&quot;\" \/>\n<meta name=\"robots\" content=\"index, follow, max-snippet:-1, max-image-preview:large, max-video-preview:-1\" \/>\n<link rel=\"canonical\" href=\"https:\/\/raed.academy\/ca\/noves-croniques-del-somontano\/\" \/>\n<meta property=\"og:locale\" content=\"ca_ES\" \/>\n<meta property=\"og:type\" content=\"article\" \/>\n<meta property=\"og:title\" content=\"Noves cr\u00f2niques del Somontano - Reial Acad\u00e8mia Europea de Doctors\" \/>\n<meta property=\"og:description\" content=\"Ildefonso Garc\u00eda Serena presentar\u00e0, el pr\u00f2xim 10 de maig, la seva \u00faltima obra, &quot;El bonete de cuatro picos. Nuevas cr\u00f3nicas del Somontano&quot;\" \/>\n<meta property=\"og:url\" content=\"https:\/\/raed.academy\/ca\/noves-croniques-del-somontano\/\" \/>\n<meta property=\"og:site_name\" content=\"Reial Acad\u00e8mia Europea de Doctors\" \/>\n<meta property=\"article:publisher\" content=\"http:\/\/fb.me\/raed.academy\" \/>\n<meta property=\"article:published_time\" content=\"2024-05-06T09:05:52+00:00\" \/>\n<meta property=\"og:image\" content=\"https:\/\/raed.academy\/wp-content\/uploads\/2024\/04\/Somontano-dst.webp\" \/>\n\t<meta property=\"og:image:width\" content=\"600\" \/>\n\t<meta property=\"og:image:height\" content=\"360\" \/>\n\t<meta property=\"og:image:type\" content=\"image\/webp\" \/>\n<meta name=\"author\" content=\"RAED\" \/>\n<meta name=\"twitter:card\" content=\"summary_large_image\" \/>\n<meta name=\"twitter:creator\" content=\"@raedacademy\" \/>\n<meta name=\"twitter:site\" content=\"@raedacademy\" \/>\n<meta name=\"twitter:label1\" content=\"Written by\" \/>\n\t<meta name=\"twitter:data1\" content=\"RAED\" \/>\n\t<meta name=\"twitter:label2\" content=\"Est. reading time\" \/>\n\t<meta name=\"twitter:data2\" content=\"4 minutes\" \/>\n<script type=\"application\/ld+json\" class=\"yoast-schema-graph\">{\"@context\":\"https:\\\/\\\/schema.org\",\"@graph\":[{\"@type\":\"Article\",\"@id\":\"https:\\\/\\\/raed.academy\\\/ca\\\/noves-croniques-del-somontano\\\/#article\",\"isPartOf\":{\"@id\":\"https:\\\/\\\/raed.academy\\\/ca\\\/noves-croniques-del-somontano\\\/\"},\"author\":{\"name\":\"RAED\",\"@id\":\"https:\\\/\\\/raed.academy\\\/ca\\\/#\\\/schema\\\/person\\\/5a755da80d1d979fd66ba745c8702927\"},\"headline\":\"Noves cr\u00f2niques del Somontano\",\"datePublished\":\"2024-05-06T09:05:52+00:00\",\"mainEntityOfPage\":{\"@id\":\"https:\\\/\\\/raed.academy\\\/ca\\\/noves-croniques-del-somontano\\\/\"},\"wordCount\":597,\"publisher\":{\"@id\":\"https:\\\/\\\/raed.academy\\\/ca\\\/#organization\"},\"image\":{\"@id\":\"https:\\\/\\\/raed.academy\\\/ca\\\/noves-croniques-del-somontano\\\/#primaryimage\"},\"thumbnailUrl\":\"https:\\\/\\\/raed.academy\\\/wp-content\\\/uploads\\\/2024\\\/04\\\/Somontano-dst.webp\",\"articleSection\":[\"Art\",\"Hist\u00f2ria\",\"Hist\u00f2ria nacional\",\"Literatura\"],\"inLanguage\":\"ca-ES\"},{\"@type\":\"WebPage\",\"@id\":\"https:\\\/\\\/raed.academy\\\/ca\\\/noves-croniques-del-somontano\\\/\",\"url\":\"https:\\\/\\\/raed.academy\\\/ca\\\/noves-croniques-del-somontano\\\/\",\"name\":\"Noves cr\u00f2niques del Somontano - Reial Acad\u00e8mia Europea de Doctors\",\"isPartOf\":{\"@id\":\"https:\\\/\\\/raed.academy\\\/ca\\\/#website\"},\"primaryImageOfPage\":{\"@id\":\"https:\\\/\\\/raed.academy\\\/ca\\\/noves-croniques-del-somontano\\\/#primaryimage\"},\"image\":{\"@id\":\"https:\\\/\\\/raed.academy\\\/ca\\\/noves-croniques-del-somontano\\\/#primaryimage\"},\"thumbnailUrl\":\"https:\\\/\\\/raed.academy\\\/wp-content\\\/uploads\\\/2024\\\/04\\\/Somontano-dst.webp\",\"datePublished\":\"2024-05-06T09:05:52+00:00\",\"description\":\"Ildefonso Garc\u00eda Serena presentar\u00e0, el pr\u00f2xim 10 de maig, la seva \u00faltima obra, \\\"El bonete de cuatro picos. Nuevas cr\u00f3nicas del Somontano\\\"\",\"breadcrumb\":{\"@id\":\"https:\\\/\\\/raed.academy\\\/ca\\\/noves-croniques-del-somontano\\\/#breadcrumb\"},\"inLanguage\":\"ca-ES\",\"potentialAction\":[{\"@type\":\"ReadAction\",\"target\":[\"https:\\\/\\\/raed.academy\\\/ca\\\/noves-croniques-del-somontano\\\/\"]}]},{\"@type\":\"ImageObject\",\"inLanguage\":\"ca-ES\",\"@id\":\"https:\\\/\\\/raed.academy\\\/ca\\\/noves-croniques-del-somontano\\\/#primaryimage\",\"url\":\"https:\\\/\\\/raed.academy\\\/wp-content\\\/uploads\\\/2024\\\/04\\\/Somontano-dst.webp\",\"contentUrl\":\"https:\\\/\\\/raed.academy\\\/wp-content\\\/uploads\\\/2024\\\/04\\\/Somontano-dst.webp\",\"width\":600,\"height\":360},{\"@type\":\"BreadcrumbList\",\"@id\":\"https:\\\/\\\/raed.academy\\\/ca\\\/noves-croniques-del-somontano\\\/#breadcrumb\",\"itemListElement\":[{\"@type\":\"ListItem\",\"position\":1,\"name\":\"Inicio\",\"item\":\"https:\\\/\\\/raed.academy\\\/ca\\\/\"},{\"@type\":\"ListItem\",\"position\":2,\"name\":\"Noves cr\u00f2niques del Somontano\"}]},{\"@type\":\"WebSite\",\"@id\":\"https:\\\/\\\/raed.academy\\\/ca\\\/#website\",\"url\":\"https:\\\/\\\/raed.academy\\\/ca\\\/\",\"name\":\"Reial Acad\u00e8mia Europea de Doctors\",\"description\":\"Corporaci\u00f3n de derecho p\u00fablico de car\u00e1cter cient\u00edfico, t\u00e9cnico y art\u00edstico, que tiene por objeto la investigaci\u00f3n, el estudio, el fomento y la extensi\u00f3n del conocimiento en su sentido m\u00e1s amplio\",\"publisher\":{\"@id\":\"https:\\\/\\\/raed.academy\\\/ca\\\/#organization\"},\"potentialAction\":[{\"@type\":\"SearchAction\",\"target\":{\"@type\":\"EntryPoint\",\"urlTemplate\":\"https:\\\/\\\/raed.academy\\\/ca\\\/?s={search_term_string}\"},\"query-input\":{\"@type\":\"PropertyValueSpecification\",\"valueRequired\":true,\"valueName\":\"search_term_string\"}}],\"inLanguage\":\"ca-ES\"},{\"@type\":\"Organization\",\"@id\":\"https:\\\/\\\/raed.academy\\\/ca\\\/#organization\",\"name\":\"Real Academia Europea de Doctores\",\"url\":\"https:\\\/\\\/raed.academy\\\/ca\\\/\",\"logo\":{\"@type\":\"ImageObject\",\"inLanguage\":\"ca-ES\",\"@id\":\"https:\\\/\\\/raed.academy\\\/ca\\\/#\\\/schema\\\/logo\\\/image\\\/\",\"url\":\"https:\\\/\\\/raed.academy\\\/wp-content\\\/uploads\\\/2017\\\/01\\\/cropped-logo_raed.png\",\"contentUrl\":\"https:\\\/\\\/raed.academy\\\/wp-content\\\/uploads\\\/2017\\\/01\\\/cropped-logo_raed.png\",\"width\":512,\"height\":512,\"caption\":\"Real Academia Europea de Doctores\"},\"image\":{\"@id\":\"https:\\\/\\\/raed.academy\\\/ca\\\/#\\\/schema\\\/logo\\\/image\\\/\"},\"sameAs\":[\"http:\\\/\\\/fb.me\\\/raed.academy\",\"https:\\\/\\\/x.com\\\/raedacademy\",\"https:\\\/\\\/www.instagram.com\\\/raed.academy\\\/\",\"https:\\\/\\\/www.youtube.com\\\/channel\\\/UCUYQwW2KrdirNWihxMDObwg\"]},{\"@type\":\"Person\",\"@id\":\"https:\\\/\\\/raed.academy\\\/ca\\\/#\\\/schema\\\/person\\\/5a755da80d1d979fd66ba745c8702927\",\"name\":\"RAED\",\"image\":{\"@type\":\"ImageObject\",\"inLanguage\":\"ca-ES\",\"@id\":\"https:\\\/\\\/secure.gravatar.com\\\/avatar\\\/19fdfdc0d67fb9c45714b703a2ac82251c4fcea3637f002ac3c9b74c0183583c?s=96&d=mm&r=g\",\"url\":\"https:\\\/\\\/secure.gravatar.com\\\/avatar\\\/19fdfdc0d67fb9c45714b703a2ac82251c4fcea3637f002ac3c9b74c0183583c?s=96&d=mm&r=g\",\"contentUrl\":\"https:\\\/\\\/secure.gravatar.com\\\/avatar\\\/19fdfdc0d67fb9c45714b703a2ac82251c4fcea3637f002ac3c9b74c0183583c?s=96&d=mm&r=g\",\"caption\":\"RAED\"}}]}<\/script>\n<!-- \/ Yoast SEO plugin. -->","yoast_head_json":{"title":"Noves cr\u00f2niques del Somontano - Reial Acad\u00e8mia Europea de Doctors","description":"Ildefonso Garc\u00eda Serena presentar\u00e0, el pr\u00f2xim 10 de maig, la seva \u00faltima obra, \"El bonete de cuatro picos. Nuevas cr\u00f3nicas del Somontano\"","robots":{"index":"index","follow":"follow","max-snippet":"max-snippet:-1","max-image-preview":"max-image-preview:large","max-video-preview":"max-video-preview:-1"},"canonical":"https:\/\/raed.academy\/ca\/noves-croniques-del-somontano\/","og_locale":"ca_ES","og_type":"article","og_title":"Noves cr\u00f2niques del Somontano - Reial Acad\u00e8mia Europea de Doctors","og_description":"Ildefonso Garc\u00eda Serena presentar\u00e0, el pr\u00f2xim 10 de maig, la seva \u00faltima obra, \"El bonete de cuatro picos. Nuevas cr\u00f3nicas del Somontano\"","og_url":"https:\/\/raed.academy\/ca\/noves-croniques-del-somontano\/","og_site_name":"Reial Acad\u00e8mia Europea de Doctors","article_publisher":"http:\/\/fb.me\/raed.academy","article_published_time":"2024-05-06T09:05:52+00:00","og_image":[{"width":600,"height":360,"url":"https:\/\/raed.academy\/wp-content\/uploads\/2024\/04\/Somontano-dst.webp","type":"image\/webp"}],"author":"RAED","twitter_card":"summary_large_image","twitter_creator":"@raedacademy","twitter_site":"@raedacademy","twitter_misc":{"Written by":"RAED","Est. reading time":"4 minutes"},"schema":{"@context":"https:\/\/schema.org","@graph":[{"@type":"Article","@id":"https:\/\/raed.academy\/ca\/noves-croniques-del-somontano\/#article","isPartOf":{"@id":"https:\/\/raed.academy\/ca\/noves-croniques-del-somontano\/"},"author":{"name":"RAED","@id":"https:\/\/raed.academy\/ca\/#\/schema\/person\/5a755da80d1d979fd66ba745c8702927"},"headline":"Noves cr\u00f2niques del Somontano","datePublished":"2024-05-06T09:05:52+00:00","mainEntityOfPage":{"@id":"https:\/\/raed.academy\/ca\/noves-croniques-del-somontano\/"},"wordCount":597,"publisher":{"@id":"https:\/\/raed.academy\/ca\/#organization"},"image":{"@id":"https:\/\/raed.academy\/ca\/noves-croniques-del-somontano\/#primaryimage"},"thumbnailUrl":"https:\/\/raed.academy\/wp-content\/uploads\/2024\/04\/Somontano-dst.webp","articleSection":["Art","Hist\u00f2ria","Hist\u00f2ria nacional","Literatura"],"inLanguage":"ca-ES"},{"@type":"WebPage","@id":"https:\/\/raed.academy\/ca\/noves-croniques-del-somontano\/","url":"https:\/\/raed.academy\/ca\/noves-croniques-del-somontano\/","name":"Noves cr\u00f2niques del Somontano - Reial Acad\u00e8mia Europea de Doctors","isPartOf":{"@id":"https:\/\/raed.academy\/ca\/#website"},"primaryImageOfPage":{"@id":"https:\/\/raed.academy\/ca\/noves-croniques-del-somontano\/#primaryimage"},"image":{"@id":"https:\/\/raed.academy\/ca\/noves-croniques-del-somontano\/#primaryimage"},"thumbnailUrl":"https:\/\/raed.academy\/wp-content\/uploads\/2024\/04\/Somontano-dst.webp","datePublished":"2024-05-06T09:05:52+00:00","description":"Ildefonso Garc\u00eda Serena presentar\u00e0, el pr\u00f2xim 10 de maig, la seva \u00faltima obra, \"El bonete de cuatro picos. Nuevas cr\u00f3nicas del Somontano\"","breadcrumb":{"@id":"https:\/\/raed.academy\/ca\/noves-croniques-del-somontano\/#breadcrumb"},"inLanguage":"ca-ES","potentialAction":[{"@type":"ReadAction","target":["https:\/\/raed.academy\/ca\/noves-croniques-del-somontano\/"]}]},{"@type":"ImageObject","inLanguage":"ca-ES","@id":"https:\/\/raed.academy\/ca\/noves-croniques-del-somontano\/#primaryimage","url":"https:\/\/raed.academy\/wp-content\/uploads\/2024\/04\/Somontano-dst.webp","contentUrl":"https:\/\/raed.academy\/wp-content\/uploads\/2024\/04\/Somontano-dst.webp","width":600,"height":360},{"@type":"BreadcrumbList","@id":"https:\/\/raed.academy\/ca\/noves-croniques-del-somontano\/#breadcrumb","itemListElement":[{"@type":"ListItem","position":1,"name":"Inicio","item":"https:\/\/raed.academy\/ca\/"},{"@type":"ListItem","position":2,"name":"Noves cr\u00f2niques del Somontano"}]},{"@type":"WebSite","@id":"https:\/\/raed.academy\/ca\/#website","url":"https:\/\/raed.academy\/ca\/","name":"Reial Acad\u00e8mia Europea de Doctors","description":"Corporaci\u00f3n de derecho p\u00fablico de car\u00e1cter cient\u00edfico, t\u00e9cnico y art\u00edstico, que tiene por objeto la investigaci\u00f3n, el estudio, el fomento y la extensi\u00f3n del conocimiento en su sentido m\u00e1s amplio","publisher":{"@id":"https:\/\/raed.academy\/ca\/#organization"},"potentialAction":[{"@type":"SearchAction","target":{"@type":"EntryPoint","urlTemplate":"https:\/\/raed.academy\/ca\/?s={search_term_string}"},"query-input":{"@type":"PropertyValueSpecification","valueRequired":true,"valueName":"search_term_string"}}],"inLanguage":"ca-ES"},{"@type":"Organization","@id":"https:\/\/raed.academy\/ca\/#organization","name":"Real Academia Europea de Doctores","url":"https:\/\/raed.academy\/ca\/","logo":{"@type":"ImageObject","inLanguage":"ca-ES","@id":"https:\/\/raed.academy\/ca\/#\/schema\/logo\/image\/","url":"https:\/\/raed.academy\/wp-content\/uploads\/2017\/01\/cropped-logo_raed.png","contentUrl":"https:\/\/raed.academy\/wp-content\/uploads\/2017\/01\/cropped-logo_raed.png","width":512,"height":512,"caption":"Real Academia Europea de Doctores"},"image":{"@id":"https:\/\/raed.academy\/ca\/#\/schema\/logo\/image\/"},"sameAs":["http:\/\/fb.me\/raed.academy","https:\/\/x.com\/raedacademy","https:\/\/www.instagram.com\/raed.academy\/","https:\/\/www.youtube.com\/channel\/UCUYQwW2KrdirNWihxMDObwg"]},{"@type":"Person","@id":"https:\/\/raed.academy\/ca\/#\/schema\/person\/5a755da80d1d979fd66ba745c8702927","name":"RAED","image":{"@type":"ImageObject","inLanguage":"ca-ES","@id":"https:\/\/secure.gravatar.com\/avatar\/19fdfdc0d67fb9c45714b703a2ac82251c4fcea3637f002ac3c9b74c0183583c?s=96&d=mm&r=g","url":"https:\/\/secure.gravatar.com\/avatar\/19fdfdc0d67fb9c45714b703a2ac82251c4fcea3637f002ac3c9b74c0183583c?s=96&d=mm&r=g","contentUrl":"https:\/\/secure.gravatar.com\/avatar\/19fdfdc0d67fb9c45714b703a2ac82251c4fcea3637f002ac3c9b74c0183583c?s=96&d=mm&r=g","caption":"RAED"}}]}},"_links":{"self":[{"href":"https:\/\/raed.academy\/ca\/wp-json\/wp\/v2\/posts\/148465","targetHints":{"allow":["GET"]}}],"collection":[{"href":"https:\/\/raed.academy\/ca\/wp-json\/wp\/v2\/posts"}],"about":[{"href":"https:\/\/raed.academy\/ca\/wp-json\/wp\/v2\/types\/post"}],"author":[{"embeddable":true,"href":"https:\/\/raed.academy\/ca\/wp-json\/wp\/v2\/users\/12"}],"replies":[{"embeddable":true,"href":"https:\/\/raed.academy\/ca\/wp-json\/wp\/v2\/comments?post=148465"}],"version-history":[{"count":0,"href":"https:\/\/raed.academy\/ca\/wp-json\/wp\/v2\/posts\/148465\/revisions"}],"wp:featuredmedia":[{"embeddable":true,"href":"https:\/\/raed.academy\/ca\/wp-json\/wp\/v2\/media\/148432"}],"wp:attachment":[{"href":"https:\/\/raed.academy\/ca\/wp-json\/wp\/v2\/media?parent=148465"}],"wp:term":[{"taxonomy":"category","embeddable":true,"href":"https:\/\/raed.academy\/ca\/wp-json\/wp\/v2\/categories?post=148465"},{"taxonomy":"post_tag","embeddable":true,"href":"https:\/\/raed.academy\/ca\/wp-json\/wp\/v2\/tags?post=148465"}],"curies":[{"name":"wp","href":"https:\/\/api.w.org\/{rel}","templated":true}]}}