{"id":146929,"date":"2024-04-08T09:05:00","date_gmt":"2024-04-08T09:05:00","guid":{"rendered":"https:\/\/raed.academy\/?p=146929"},"modified":"2024-04-08T09:05:00","modified_gmt":"2024-04-08T09:05:00","slug":"prenent-el-pols-a-leconomia-espanyola-amb-els-seus-principals-actors","status":"publish","type":"post","link":"https:\/\/raed.academy\/ca\/prenent-el-pols-a-leconomia-espanyola-amb-els-seus-principals-actors\/","title":{"rendered":"Prenent el pols a l&#8217;economia espanyola amb els seus principals actors"},"content":{"rendered":"<div id=\"attachment_126205\" style=\"width: 546px\" class=\"wp-caption aligncenter\"><img loading=\"lazy\" decoding=\"async\" aria-describedby=\"caption-attachment-126205\" class=\"wp-image-126205\" src=\"https:\/\/raed.academy\/wp-content\/uploads\/2022\/12\/presentacion-reedicion-libro-Gaudi-en-Madrid-29-Francisco-Lopez-Munoz.webp\" alt=\"Francisco L\u00f3pez Mu\u00f1oz\" width=\"536\" height=\"357\" srcset=\"https:\/\/raed.academy\/wp-content\/uploads\/2022\/12\/presentacion-reedicion-libro-Gaudi-en-Madrid-29-Francisco-Lopez-Munoz.webp 900w, https:\/\/raed.academy\/wp-content\/uploads\/2022\/12\/presentacion-reedicion-libro-Gaudi-en-Madrid-29-Francisco-Lopez-Munoz-768x512.webp 768w\" sizes=\"(max-width: 536px) 100vw, 536px\" \/><p id=\"caption-attachment-126205\" class=\"wp-caption-text\">Dr. Francisco L\u00f3pez Mu\u00f1oz<\/p><\/div>\n<p><a href=\"https:\/\/raed.academy\/ca\/academics\/dr-francisco-lopez-munoz\/\" target=\"_blank\" rel=\"noopener\"><em><strong>Francisco L\u00f3pez Mu\u00f1oz<\/strong><\/em><\/a>, professor de Farmacologia i vicerector de Recerca, Ci\u00e8ncia i Doctorat de la <strong>Universitat Camilo Jos\u00e9 Cela<\/strong>, membre fundador del <strong>Comit\u00e8 d&#8217;Observaci\u00f3<\/strong> de l&#8217;<strong>Observatori de Drets Humans d&#8217;Espanya<\/strong>, acad\u00e8mic corresponent de la <strong>Reial Acad\u00e8mia de Medicina del Pa\u00eds Basc<\/strong>, membre de l&#8217;<strong>Acad\u00e8mia de les Ci\u00e8ncies i les Arts Militars<\/strong> i acad\u00e8mic de n\u00famero de la <strong>Reial Acad\u00e8mia Europea de Doctors-Barcelona 1914<\/strong> (RAED), va inaugurar el passat 14 de mar\u00e7 el <strong>IV Observatori de les Finances<\/strong> que el diari digital <strong>El Espa\u00f1ol<\/strong> i el seu suplement econ\u00f2mic <strong>Invertia<\/strong> van celebrar al campus madrileny de la Universitat Camilo Jos\u00e9 Cela amb la participaci\u00f3 institucional de<strong> Luis de Guindos<\/strong>, vicepresident del <strong>Banc Central Europeu<\/strong>; <strong>Pablo Hern\u00e1ndez de Cos<\/strong>, governador del <strong>Banc d&#8217;Espanya<\/strong>; <strong>Rodrigo Buenaventura<\/strong>, president de la<strong> Comissi\u00f3 Nacional del Mercat de Valors<\/strong>; <strong>Jos\u00e9 Manuel Campa<\/strong>, president de l&#8217;<strong>Autoritat Banc\u00e0ria Europea<\/strong>, i <strong>Alejandra Kindel\u00e1n<\/strong>, presidenta de l&#8217;<strong>Associaci\u00f3 Espanyola de Banca<\/strong>, entre altres actors principals de l&#8217;economia espanyola.<\/p>\n<p>En aquesta nova edici\u00f3 d&#8217;un f\u00f2rum que s&#8217;ha consolidat com un referent de l&#8217;an\u00e0lisi de l&#8217;actualitat econ\u00f2mica i financera es van abordar temes com el futur del sector assegurador, la transformaci\u00f3 digital i la ciberseguretat o el paper de la dona en l&#8217;\u00e0mbit financer, dividits en diferents sessions en qu\u00e8 van participar alts c\u00e0rrecs de l&#8217;Administraci\u00f3, personalitats rellevants de l&#8217;\u00e0mbit europeu i directius de companyies multisectorials. Com a representants del sector bancari espanyol hi van ser presents els seus principals gestors: <strong>Gonzalo Gort\u00e1zar<\/strong>, conseller delegat de <strong>CaixaBank<\/strong>; <strong>\u00c1ngel Rivera<\/strong>, conseller delegat de <strong>Banco Santander Espa\u00f1a<\/strong>; <strong>Gonzalo Rodr\u00edguez<\/strong>, director de Desenvolupament de Negoci de <strong>BBVA<\/strong>; <strong>Carlos Ventura<\/strong>, director general de <strong>Banc Sabadell<\/strong>; <strong>Patricia Benito<\/strong>, directora general d&#8217;<strong>Openbank<\/strong>; <strong>Almudena Rom\u00e1n<\/strong>, directora general de Banca per a Particulars d&#8217;<strong>ING Espa\u00f1a<\/strong>, i <strong>Juan Rosas<\/strong>, director executiu de Negoci i Laboratori de Clients d&#8217;<strong>EVO Banco<\/strong>.<\/p>\n<p><img loading=\"lazy\" decoding=\"async\" class=\"alignright size-full wp-image-146917\" src=\"https:\/\/raed.academy\/wp-content\/uploads\/2024\/04\/IV-Observatorio-de-las-Finanzas-dst.webp\" sizes=\"(max-width: 600px) 100vw, 600px\" srcset=\"https:\/\/raed.academy\/wp-content\/uploads\/2024\/04\/IV-Observatorio-de-las-Finanzas-dst.webp 600w, https:\/\/raed.academy\/wp-content\/uploads\/2024\/04\/IV-Observatorio-de-las-Finanzas-dst-440x264.webp 440w\" alt=\"\" width=\"600\" height=\"360\" \/>Van analitzar les noves tend\u00e8ncies financeres <strong>Santiago Satr\u00fastegui<\/strong>, president d&#8217;<strong>Abante<\/strong>; <strong>\u00c1lvaro de Salas<\/strong>, director d&#8217;Estrat\u00e8gia i Innovaci\u00f3 de Serveis Financers de <strong>Minsait<\/strong>; <strong>Mario Gonz\u00e1lez-P\u00e9rez<\/strong>, Managing Director de<strong> Capital Group<\/strong>; <strong>Rafael Amil de la Rica<\/strong>, director de Negoci de <strong>Bestinver<\/strong>; <strong>\u00c1lvaro Anguita<\/strong>, conseller delegat de <strong>Mapfre Asset Management<\/strong>; <strong>Adela Mart\u00edn<\/strong>, responsable de Wealth Management i Banca Privada de <strong>Banco Santander<\/strong>; <strong>Juan Carlos Ureta<\/strong>, president executiu de <strong>Renta 4 Banco<\/strong>, i\u00a0<strong>Beatriz Gim\u00e9nez<\/strong>, directora de <strong>PayPal Iberia<\/strong>. L&#8217;an\u00e0lisi del sector de les assegurances va anar a c\u00e0rrec de <strong>V\u00edctor Aus\u00edn Rodr\u00edguez<\/strong>, director general de Pol\u00edtica Econ\u00f2mica del <strong>Ministeri d&#8217;Afers Econ\u00f2mics i Transformaci\u00f3 Digital<\/strong>; <strong>Mirenchu del Valle<\/strong>, presidenta d&#8217;<strong>Unespa<\/strong>; <strong>Patricia Ayuela<\/strong>, consellera delegada de <strong>L\u00ednea Directa Aseguradora<\/strong>; <strong>Mariano Jim\u00e9nez Lasheras<\/strong>, president de l&#8217;<strong>Organitzaci\u00f3 de Consultors de Pensions<\/strong>, i <strong>Juan Pablo Gal\u00e1n<\/strong>, director executiu de <strong>Verti<\/strong> i director de Negoci Digital de <strong>Mapfre Espa\u00f1a<\/strong>. Per part seva, <strong>Roc\u00edo Albert L\u00f3pez-Ibor<\/strong>, consellera d&#8217;Economia, Hisenda i Ocupaci\u00f3 de la Comunitat de Madrid, va ser la responsable de la clausura de les jornades.<\/p>\n<p>Reconegut divulgador de la hist\u00f2ria contempor\u00e0nia, la literatura espanyola dels Segles d&#8217;Or i la medicina i farmacologia, L\u00f3pez Mu\u00f1oz \u00e9s doctor en Medicina i Cirurgia i doctor en Llengua i Literatura Espanyoles, especialista en Medicina Farmac\u00e8utica i diplomat en Estudis sobre l&#8217;Holocaust per l&#8217;<strong>Escola Internacional per als Estudis de l&#8217;Holocaust<\/strong> de Iad Vaixem, a Jerusalem. \u00c9s investigador de l&#8217;<strong>Institut de Recerca Hospital 12 d&#8217;Octubre<\/strong> de Madrid i membre de prestigioses acad\u00e8mies cient\u00edfiques internacionals. Ha participat en nombroses investigacions i \u00e9s autor de monografies i articles a les seves \u00e0rees de recerca.<\/p>\n","protected":false},"excerpt":{"rendered":"<p>Francisco L\u00f3pez Mu\u00f1oz inaugura el IV Observatori de les Finances que el diari digital L&#8217;Espanyol i el seu suplement econ\u00f2mic Invertia van celebrar al campus madrileny de la Universitat Camilo Jos\u00e9 Cela<\/p>\n","protected":false},"author":12,"featured_media":146918,"comment_status":"closed","ping_status":"closed","sticky":false,"template":"","format":"standard","meta":{"_et_pb_use_builder":"","_et_pb_old_content":"","_et_gb_content_width":"","footnotes":""},"categories":[304,492],"tags":[],"class_list":["post-146929","post","type-post","status-publish","format-standard","has-post-thumbnail","hentry","category-economia-i-politica-ca","category-trobades-cientifiques-i-congressos","et-has-post-format-content","et_post_format-et-post-format-standard"],"yoast_head":"<!-- This site is optimized with the Yoast SEO plugin v27.4 - https:\/\/yoast.com\/product\/yoast-seo-wordpress\/ -->\n<title>Prenent el pols a l&#039;economia espanyola amb els seus principals actors - Reial Acad\u00e8mia Europea de Doctors<\/title>\n<meta name=\"description\" content=\"Francisco L\u00f3pez Mu\u00f1oz inaugura el IV Observatori de les Finances que el diari digital L&#039;Espanyol i Invertia van celebrar a la Universitat Camilo Jos\u00e9 Cela\" \/>\n<meta name=\"robots\" content=\"index, follow, max-snippet:-1, max-image-preview:large, max-video-preview:-1\" \/>\n<link rel=\"canonical\" href=\"https:\/\/raed.academy\/ca\/prenent-el-pols-a-leconomia-espanyola-amb-els-seus-principals-actors\/\" \/>\n<meta property=\"og:locale\" content=\"ca_ES\" \/>\n<meta property=\"og:type\" content=\"article\" \/>\n<meta property=\"og:title\" content=\"Prenent el pols a l&#039;economia espanyola amb els seus principals actors - Reial Acad\u00e8mia Europea de Doctors\" \/>\n<meta property=\"og:description\" content=\"Francisco L\u00f3pez Mu\u00f1oz inaugura el IV Observatori de les Finances que el diari digital L&#039;Espanyol i Invertia van celebrar a la Universitat Camilo Jos\u00e9 Cela\" \/>\n<meta property=\"og:url\" content=\"https:\/\/raed.academy\/ca\/prenent-el-pols-a-leconomia-espanyola-amb-els-seus-principals-actors\/\" \/>\n<meta property=\"og:site_name\" content=\"Reial Acad\u00e8mia Europea de Doctors\" \/>\n<meta property=\"article:publisher\" content=\"http:\/\/fb.me\/raed.academy\" \/>\n<meta property=\"article:published_time\" content=\"2024-04-08T09:05:00+00:00\" \/>\n<meta property=\"og:image\" content=\"https:\/\/raed.academy\/wp-content\/uploads\/2024\/04\/IV-Observatorio-de-las-Finanzas-dst.webp\" \/>\n\t<meta property=\"og:image:width\" content=\"600\" \/>\n\t<meta property=\"og:image:height\" content=\"360\" \/>\n\t<meta property=\"og:image:type\" content=\"image\/webp\" \/>\n<meta name=\"author\" content=\"RAED\" \/>\n<meta name=\"twitter:card\" content=\"summary_large_image\" \/>\n<meta name=\"twitter:creator\" content=\"@raedacademy\" \/>\n<meta name=\"twitter:site\" content=\"@raedacademy\" \/>\n<meta name=\"twitter:label1\" content=\"Written by\" \/>\n\t<meta name=\"twitter:data1\" content=\"RAED\" \/>\n\t<meta name=\"twitter:label2\" content=\"Est. reading time\" \/>\n\t<meta name=\"twitter:data2\" content=\"4 minutes\" \/>\n<script type=\"application\/ld+json\" class=\"yoast-schema-graph\">{\"@context\":\"https:\\\/\\\/schema.org\",\"@graph\":[{\"@type\":\"Article\",\"@id\":\"https:\\\/\\\/raed.academy\\\/ca\\\/prenent-el-pols-a-leconomia-espanyola-amb-els-seus-principals-actors\\\/#article\",\"isPartOf\":{\"@id\":\"https:\\\/\\\/raed.academy\\\/ca\\\/prenent-el-pols-a-leconomia-espanyola-amb-els-seus-principals-actors\\\/\"},\"author\":{\"name\":\"RAED\",\"@id\":\"https:\\\/\\\/raed.academy\\\/ca\\\/#\\\/schema\\\/person\\\/5a755da80d1d979fd66ba745c8702927\"},\"headline\":\"Prenent el pols a l&#8217;economia espanyola amb els seus principals actors\",\"datePublished\":\"2024-04-08T09:05:00+00:00\",\"mainEntityOfPage\":{\"@id\":\"https:\\\/\\\/raed.academy\\\/ca\\\/prenent-el-pols-a-leconomia-espanyola-amb-els-seus-principals-actors\\\/\"},\"wordCount\":658,\"publisher\":{\"@id\":\"https:\\\/\\\/raed.academy\\\/ca\\\/#organization\"},\"image\":{\"@id\":\"https:\\\/\\\/raed.academy\\\/ca\\\/prenent-el-pols-a-leconomia-espanyola-amb-els-seus-principals-actors\\\/#primaryimage\"},\"thumbnailUrl\":\"https:\\\/\\\/raed.academy\\\/wp-content\\\/uploads\\\/2024\\\/04\\\/IV-Observatorio-de-las-Finanzas-dst.webp\",\"articleSection\":[\"Economia i pol\u00edtica\",\"Trobades Cient\u00edfiques i Congressos\"],\"inLanguage\":\"ca-ES\"},{\"@type\":\"WebPage\",\"@id\":\"https:\\\/\\\/raed.academy\\\/ca\\\/prenent-el-pols-a-leconomia-espanyola-amb-els-seus-principals-actors\\\/\",\"url\":\"https:\\\/\\\/raed.academy\\\/ca\\\/prenent-el-pols-a-leconomia-espanyola-amb-els-seus-principals-actors\\\/\",\"name\":\"Prenent el pols a l'economia espanyola amb els seus principals actors - Reial Acad\u00e8mia Europea de Doctors\",\"isPartOf\":{\"@id\":\"https:\\\/\\\/raed.academy\\\/ca\\\/#website\"},\"primaryImageOfPage\":{\"@id\":\"https:\\\/\\\/raed.academy\\\/ca\\\/prenent-el-pols-a-leconomia-espanyola-amb-els-seus-principals-actors\\\/#primaryimage\"},\"image\":{\"@id\":\"https:\\\/\\\/raed.academy\\\/ca\\\/prenent-el-pols-a-leconomia-espanyola-amb-els-seus-principals-actors\\\/#primaryimage\"},\"thumbnailUrl\":\"https:\\\/\\\/raed.academy\\\/wp-content\\\/uploads\\\/2024\\\/04\\\/IV-Observatorio-de-las-Finanzas-dst.webp\",\"datePublished\":\"2024-04-08T09:05:00+00:00\",\"description\":\"Francisco L\u00f3pez Mu\u00f1oz inaugura el IV Observatori de les Finances que el diari digital L'Espanyol i Invertia van celebrar a la Universitat Camilo Jos\u00e9 Cela\",\"breadcrumb\":{\"@id\":\"https:\\\/\\\/raed.academy\\\/ca\\\/prenent-el-pols-a-leconomia-espanyola-amb-els-seus-principals-actors\\\/#breadcrumb\"},\"inLanguage\":\"ca-ES\",\"potentialAction\":[{\"@type\":\"ReadAction\",\"target\":[\"https:\\\/\\\/raed.academy\\\/ca\\\/prenent-el-pols-a-leconomia-espanyola-amb-els-seus-principals-actors\\\/\"]}]},{\"@type\":\"ImageObject\",\"inLanguage\":\"ca-ES\",\"@id\":\"https:\\\/\\\/raed.academy\\\/ca\\\/prenent-el-pols-a-leconomia-espanyola-amb-els-seus-principals-actors\\\/#primaryimage\",\"url\":\"https:\\\/\\\/raed.academy\\\/wp-content\\\/uploads\\\/2024\\\/04\\\/IV-Observatorio-de-las-Finanzas-dst.webp\",\"contentUrl\":\"https:\\\/\\\/raed.academy\\\/wp-content\\\/uploads\\\/2024\\\/04\\\/IV-Observatorio-de-las-Finanzas-dst.webp\",\"width\":600,\"height\":360},{\"@type\":\"BreadcrumbList\",\"@id\":\"https:\\\/\\\/raed.academy\\\/ca\\\/prenent-el-pols-a-leconomia-espanyola-amb-els-seus-principals-actors\\\/#breadcrumb\",\"itemListElement\":[{\"@type\":\"ListItem\",\"position\":1,\"name\":\"Inicio\",\"item\":\"https:\\\/\\\/raed.academy\\\/ca\\\/\"},{\"@type\":\"ListItem\",\"position\":2,\"name\":\"Prenent el pols a l&#8217;economia espanyola amb els seus principals actors\"}]},{\"@type\":\"WebSite\",\"@id\":\"https:\\\/\\\/raed.academy\\\/ca\\\/#website\",\"url\":\"https:\\\/\\\/raed.academy\\\/ca\\\/\",\"name\":\"Reial Acad\u00e8mia Europea de Doctors\",\"description\":\"Corporaci\u00f3n de derecho p\u00fablico de car\u00e1cter cient\u00edfico, t\u00e9cnico y art\u00edstico, que tiene por objeto la investigaci\u00f3n, el estudio, el fomento y la extensi\u00f3n del conocimiento en su sentido m\u00e1s amplio\",\"publisher\":{\"@id\":\"https:\\\/\\\/raed.academy\\\/ca\\\/#organization\"},\"potentialAction\":[{\"@type\":\"SearchAction\",\"target\":{\"@type\":\"EntryPoint\",\"urlTemplate\":\"https:\\\/\\\/raed.academy\\\/ca\\\/?s={search_term_string}\"},\"query-input\":{\"@type\":\"PropertyValueSpecification\",\"valueRequired\":true,\"valueName\":\"search_term_string\"}}],\"inLanguage\":\"ca-ES\"},{\"@type\":\"Organization\",\"@id\":\"https:\\\/\\\/raed.academy\\\/ca\\\/#organization\",\"name\":\"Real Academia Europea de Doctores\",\"url\":\"https:\\\/\\\/raed.academy\\\/ca\\\/\",\"logo\":{\"@type\":\"ImageObject\",\"inLanguage\":\"ca-ES\",\"@id\":\"https:\\\/\\\/raed.academy\\\/ca\\\/#\\\/schema\\\/logo\\\/image\\\/\",\"url\":\"https:\\\/\\\/raed.academy\\\/wp-content\\\/uploads\\\/2017\\\/01\\\/cropped-logo_raed.png\",\"contentUrl\":\"https:\\\/\\\/raed.academy\\\/wp-content\\\/uploads\\\/2017\\\/01\\\/cropped-logo_raed.png\",\"width\":512,\"height\":512,\"caption\":\"Real Academia Europea de Doctores\"},\"image\":{\"@id\":\"https:\\\/\\\/raed.academy\\\/ca\\\/#\\\/schema\\\/logo\\\/image\\\/\"},\"sameAs\":[\"http:\\\/\\\/fb.me\\\/raed.academy\",\"https:\\\/\\\/x.com\\\/raedacademy\",\"https:\\\/\\\/www.instagram.com\\\/raed.academy\\\/\",\"https:\\\/\\\/www.youtube.com\\\/channel\\\/UCUYQwW2KrdirNWihxMDObwg\"]},{\"@type\":\"Person\",\"@id\":\"https:\\\/\\\/raed.academy\\\/ca\\\/#\\\/schema\\\/person\\\/5a755da80d1d979fd66ba745c8702927\",\"name\":\"RAED\",\"image\":{\"@type\":\"ImageObject\",\"inLanguage\":\"ca-ES\",\"@id\":\"https:\\\/\\\/secure.gravatar.com\\\/avatar\\\/19fdfdc0d67fb9c45714b703a2ac82251c4fcea3637f002ac3c9b74c0183583c?s=96&d=mm&r=g\",\"url\":\"https:\\\/\\\/secure.gravatar.com\\\/avatar\\\/19fdfdc0d67fb9c45714b703a2ac82251c4fcea3637f002ac3c9b74c0183583c?s=96&d=mm&r=g\",\"contentUrl\":\"https:\\\/\\\/secure.gravatar.com\\\/avatar\\\/19fdfdc0d67fb9c45714b703a2ac82251c4fcea3637f002ac3c9b74c0183583c?s=96&d=mm&r=g\",\"caption\":\"RAED\"}}]}<\/script>\n<!-- \/ Yoast SEO plugin. -->","yoast_head_json":{"title":"Prenent el pols a l'economia espanyola amb els seus principals actors - Reial Acad\u00e8mia Europea de Doctors","description":"Francisco L\u00f3pez Mu\u00f1oz inaugura el IV Observatori de les Finances que el diari digital L'Espanyol i Invertia van celebrar a la Universitat Camilo Jos\u00e9 Cela","robots":{"index":"index","follow":"follow","max-snippet":"max-snippet:-1","max-image-preview":"max-image-preview:large","max-video-preview":"max-video-preview:-1"},"canonical":"https:\/\/raed.academy\/ca\/prenent-el-pols-a-leconomia-espanyola-amb-els-seus-principals-actors\/","og_locale":"ca_ES","og_type":"article","og_title":"Prenent el pols a l'economia espanyola amb els seus principals actors - Reial Acad\u00e8mia Europea de Doctors","og_description":"Francisco L\u00f3pez Mu\u00f1oz inaugura el IV Observatori de les Finances que el diari digital L'Espanyol i Invertia van celebrar a la Universitat Camilo Jos\u00e9 Cela","og_url":"https:\/\/raed.academy\/ca\/prenent-el-pols-a-leconomia-espanyola-amb-els-seus-principals-actors\/","og_site_name":"Reial Acad\u00e8mia Europea de Doctors","article_publisher":"http:\/\/fb.me\/raed.academy","article_published_time":"2024-04-08T09:05:00+00:00","og_image":[{"width":600,"height":360,"url":"https:\/\/raed.academy\/wp-content\/uploads\/2024\/04\/IV-Observatorio-de-las-Finanzas-dst.webp","type":"image\/webp"}],"author":"RAED","twitter_card":"summary_large_image","twitter_creator":"@raedacademy","twitter_site":"@raedacademy","twitter_misc":{"Written by":"RAED","Est. reading time":"4 minutes"},"schema":{"@context":"https:\/\/schema.org","@graph":[{"@type":"Article","@id":"https:\/\/raed.academy\/ca\/prenent-el-pols-a-leconomia-espanyola-amb-els-seus-principals-actors\/#article","isPartOf":{"@id":"https:\/\/raed.academy\/ca\/prenent-el-pols-a-leconomia-espanyola-amb-els-seus-principals-actors\/"},"author":{"name":"RAED","@id":"https:\/\/raed.academy\/ca\/#\/schema\/person\/5a755da80d1d979fd66ba745c8702927"},"headline":"Prenent el pols a l&#8217;economia espanyola amb els seus principals actors","datePublished":"2024-04-08T09:05:00+00:00","mainEntityOfPage":{"@id":"https:\/\/raed.academy\/ca\/prenent-el-pols-a-leconomia-espanyola-amb-els-seus-principals-actors\/"},"wordCount":658,"publisher":{"@id":"https:\/\/raed.academy\/ca\/#organization"},"image":{"@id":"https:\/\/raed.academy\/ca\/prenent-el-pols-a-leconomia-espanyola-amb-els-seus-principals-actors\/#primaryimage"},"thumbnailUrl":"https:\/\/raed.academy\/wp-content\/uploads\/2024\/04\/IV-Observatorio-de-las-Finanzas-dst.webp","articleSection":["Economia i pol\u00edtica","Trobades Cient\u00edfiques i Congressos"],"inLanguage":"ca-ES"},{"@type":"WebPage","@id":"https:\/\/raed.academy\/ca\/prenent-el-pols-a-leconomia-espanyola-amb-els-seus-principals-actors\/","url":"https:\/\/raed.academy\/ca\/prenent-el-pols-a-leconomia-espanyola-amb-els-seus-principals-actors\/","name":"Prenent el pols a l'economia espanyola amb els seus principals actors - Reial Acad\u00e8mia Europea de Doctors","isPartOf":{"@id":"https:\/\/raed.academy\/ca\/#website"},"primaryImageOfPage":{"@id":"https:\/\/raed.academy\/ca\/prenent-el-pols-a-leconomia-espanyola-amb-els-seus-principals-actors\/#primaryimage"},"image":{"@id":"https:\/\/raed.academy\/ca\/prenent-el-pols-a-leconomia-espanyola-amb-els-seus-principals-actors\/#primaryimage"},"thumbnailUrl":"https:\/\/raed.academy\/wp-content\/uploads\/2024\/04\/IV-Observatorio-de-las-Finanzas-dst.webp","datePublished":"2024-04-08T09:05:00+00:00","description":"Francisco L\u00f3pez Mu\u00f1oz inaugura el IV Observatori de les Finances que el diari digital L'Espanyol i Invertia van celebrar a la Universitat Camilo Jos\u00e9 Cela","breadcrumb":{"@id":"https:\/\/raed.academy\/ca\/prenent-el-pols-a-leconomia-espanyola-amb-els-seus-principals-actors\/#breadcrumb"},"inLanguage":"ca-ES","potentialAction":[{"@type":"ReadAction","target":["https:\/\/raed.academy\/ca\/prenent-el-pols-a-leconomia-espanyola-amb-els-seus-principals-actors\/"]}]},{"@type":"ImageObject","inLanguage":"ca-ES","@id":"https:\/\/raed.academy\/ca\/prenent-el-pols-a-leconomia-espanyola-amb-els-seus-principals-actors\/#primaryimage","url":"https:\/\/raed.academy\/wp-content\/uploads\/2024\/04\/IV-Observatorio-de-las-Finanzas-dst.webp","contentUrl":"https:\/\/raed.academy\/wp-content\/uploads\/2024\/04\/IV-Observatorio-de-las-Finanzas-dst.webp","width":600,"height":360},{"@type":"BreadcrumbList","@id":"https:\/\/raed.academy\/ca\/prenent-el-pols-a-leconomia-espanyola-amb-els-seus-principals-actors\/#breadcrumb","itemListElement":[{"@type":"ListItem","position":1,"name":"Inicio","item":"https:\/\/raed.academy\/ca\/"},{"@type":"ListItem","position":2,"name":"Prenent el pols a l&#8217;economia espanyola amb els seus principals actors"}]},{"@type":"WebSite","@id":"https:\/\/raed.academy\/ca\/#website","url":"https:\/\/raed.academy\/ca\/","name":"Reial Acad\u00e8mia Europea de Doctors","description":"Corporaci\u00f3n de derecho p\u00fablico de car\u00e1cter cient\u00edfico, t\u00e9cnico y art\u00edstico, que tiene por objeto la investigaci\u00f3n, el estudio, el fomento y la extensi\u00f3n del conocimiento en su sentido m\u00e1s amplio","publisher":{"@id":"https:\/\/raed.academy\/ca\/#organization"},"potentialAction":[{"@type":"SearchAction","target":{"@type":"EntryPoint","urlTemplate":"https:\/\/raed.academy\/ca\/?s={search_term_string}"},"query-input":{"@type":"PropertyValueSpecification","valueRequired":true,"valueName":"search_term_string"}}],"inLanguage":"ca-ES"},{"@type":"Organization","@id":"https:\/\/raed.academy\/ca\/#organization","name":"Real Academia Europea de Doctores","url":"https:\/\/raed.academy\/ca\/","logo":{"@type":"ImageObject","inLanguage":"ca-ES","@id":"https:\/\/raed.academy\/ca\/#\/schema\/logo\/image\/","url":"https:\/\/raed.academy\/wp-content\/uploads\/2017\/01\/cropped-logo_raed.png","contentUrl":"https:\/\/raed.academy\/wp-content\/uploads\/2017\/01\/cropped-logo_raed.png","width":512,"height":512,"caption":"Real Academia Europea de Doctores"},"image":{"@id":"https:\/\/raed.academy\/ca\/#\/schema\/logo\/image\/"},"sameAs":["http:\/\/fb.me\/raed.academy","https:\/\/x.com\/raedacademy","https:\/\/www.instagram.com\/raed.academy\/","https:\/\/www.youtube.com\/channel\/UCUYQwW2KrdirNWihxMDObwg"]},{"@type":"Person","@id":"https:\/\/raed.academy\/ca\/#\/schema\/person\/5a755da80d1d979fd66ba745c8702927","name":"RAED","image":{"@type":"ImageObject","inLanguage":"ca-ES","@id":"https:\/\/secure.gravatar.com\/avatar\/19fdfdc0d67fb9c45714b703a2ac82251c4fcea3637f002ac3c9b74c0183583c?s=96&d=mm&r=g","url":"https:\/\/secure.gravatar.com\/avatar\/19fdfdc0d67fb9c45714b703a2ac82251c4fcea3637f002ac3c9b74c0183583c?s=96&d=mm&r=g","contentUrl":"https:\/\/secure.gravatar.com\/avatar\/19fdfdc0d67fb9c45714b703a2ac82251c4fcea3637f002ac3c9b74c0183583c?s=96&d=mm&r=g","caption":"RAED"}}]}},"_links":{"self":[{"href":"https:\/\/raed.academy\/ca\/wp-json\/wp\/v2\/posts\/146929","targetHints":{"allow":["GET"]}}],"collection":[{"href":"https:\/\/raed.academy\/ca\/wp-json\/wp\/v2\/posts"}],"about":[{"href":"https:\/\/raed.academy\/ca\/wp-json\/wp\/v2\/types\/post"}],"author":[{"embeddable":true,"href":"https:\/\/raed.academy\/ca\/wp-json\/wp\/v2\/users\/12"}],"replies":[{"embeddable":true,"href":"https:\/\/raed.academy\/ca\/wp-json\/wp\/v2\/comments?post=146929"}],"version-history":[{"count":0,"href":"https:\/\/raed.academy\/ca\/wp-json\/wp\/v2\/posts\/146929\/revisions"}],"wp:featuredmedia":[{"embeddable":true,"href":"https:\/\/raed.academy\/ca\/wp-json\/wp\/v2\/media\/146918"}],"wp:attachment":[{"href":"https:\/\/raed.academy\/ca\/wp-json\/wp\/v2\/media?parent=146929"}],"wp:term":[{"taxonomy":"category","embeddable":true,"href":"https:\/\/raed.academy\/ca\/wp-json\/wp\/v2\/categories?post=146929"},{"taxonomy":"post_tag","embeddable":true,"href":"https:\/\/raed.academy\/ca\/wp-json\/wp\/v2\/tags?post=146929"}],"curies":[{"name":"wp","href":"https:\/\/api.w.org\/{rel}","templated":true}]}}