{"id":145116,"date":"2024-02-09T11:47:36","date_gmt":"2024-02-09T11:47:36","guid":{"rendered":"https:\/\/raed.academy\/?p=145116"},"modified":"2024-02-09T11:47:36","modified_gmt":"2024-02-09T11:47:36","slug":"i-ara-el-canal-de-panama","status":"publish","type":"post","link":"https:\/\/raed.academy\/ca\/i-ara-el-canal-de-panama\/","title":{"rendered":"I ara, el canal de Panam\u00e0"},"content":{"rendered":"<p><a href=\"https:\/\/raed.academy\/ca\/academics\/dr-amable-vicente-esparza-lorente\/\" target=\"_blank\" rel=\"noopener\"><em><strong><img loading=\"lazy\" decoding=\"async\" class=\"size-full wp-image-145072 alignright\" src=\"https:\/\/raed.academy\/wp-content\/uploads\/2024\/02\/canal-de-panama-mar-puerto.webp\" alt=\"\" width=\"600\" height=\"361\" srcset=\"https:\/\/raed.academy\/wp-content\/uploads\/2024\/02\/canal-de-panama-mar-puerto.webp 600w, https:\/\/raed.academy\/wp-content\/uploads\/2024\/02\/canal-de-panama-mar-puerto-440x264.webp 440w\" sizes=\"(max-width: 600px) 100vw, 600px\" \/>Amable Esparza<\/strong><\/em><\/a>, cap del <strong>Departament Comercial i de Qualitat<\/strong> de l&#8217;<strong>Autoritat Portu\u00e0ria de Sevilla<\/strong>, representant de l&#8217;<strong>Institut de l&#8217;Enginyeria Espanyola<\/strong> al <strong>Comit\u00e8 de Desenvolupament de Capacitats d&#8217;Enginyeria<\/strong> de la <strong>Federaci\u00f3 Mundial d&#8217;Organitzacions d&#8217;Enginyeria<\/strong> de la <strong>Unesco<\/strong> i acad\u00e8mic de n\u00famero de la <strong>Reial Acad\u00e8mia Europea de Doctors-Barcelona 1914<\/strong> (RAED), reflexiona sobre la nova dificultat que suposa per al comer\u00e7 internacional el tancament parcial del canal de Panam\u00e0 a causa del baix nivell de les aig\u00fces dels seus llacs interiors a l&#8217;article <strong>&#8220;Las restricciones del canal de Panam\u00e1 por sequ\u00eda ponen en jaque el comercio mundial&#8221;<\/strong>, publicat al diari <strong>&#8220;La Vanguardia&#8221;<\/strong> el 4 de febrer passat.<\/p>\n<p>Esparza va analitzar el passat 3 de gener, tamb\u00e9 a les p\u00e0gines de &#8220;La Vanguardia&#8221;, el repunt del cost dels n\u00f2lits arran de la crisi del mar Roig i la necessitat de frenar el model de globalitzaci\u00f3 basat en la complexa log\u00edstica actual al article <strong>&#8220;La crisis del mar Rojo triplica en dos semanas el coste del transporte mar\u00edtimo&#8221;<\/strong>, coincidint amb els atacs de combatents huties a la marina mercant a l&#8217;estret de Bab el Mandeb. L&#8217;acad\u00e8mic va publicar el 1r de gener passat l&#8217;article <a href=\"https:\/\/raed.academy\/ca\/entre-la-globalitzacio-i-la-sostenibilitat\/\" target=\"_blank\" rel=\"noopener\"><strong>&#8220;La globalitzaci\u00f3 i la sostenibilitat (II)&#8221;<\/strong><\/a>, que complementa el que ja va publicar l&#8217;any 2021 i que va recollir aquesta Newsletter sota el t\u00edtol <a href=\"https:\/\/raed.academy\/ca\/globalitzacio-i-sostenibilitat-conceptes-complementaris-o-antagonics\/\" target=\"_blank\" rel=\"noopener\"><strong>&#8220;La globalitzaci\u00f3 i la sostenibilitat. S\u00f3n conceptes complementaris o antag\u00f2nics?&#8221;<\/strong><\/a>.<\/p>\n<div id=\"attachment_101707\" style=\"width: 220px\" class=\"wp-caption alignleft\"><img loading=\"lazy\" decoding=\"async\" aria-describedby=\"caption-attachment-101707\" class=\"wp-image-101707\" src=\"https:\/\/raed.academy\/wp-content\/uploads\/2021\/04\/Amable-Esparza.jpg\" alt=\"Dr. Amable Esparza\" width=\"210\" height=\"238\" \/><p id=\"caption-attachment-101707\" class=\"wp-caption-text\">Dr. Amable Esparza<\/p><\/div>\n<p>Signat pel periodista econ\u00f2mic <strong>Piergiorgio Sandri<\/strong>, l&#8217;article explica com el 2023, segons les autoritats locals, va ploure un 30% menys en comparaci\u00f3 amb la mitjana hist\u00f2rica, deixant el segon any m\u00e9s sec de la hist\u00f2ria de la conca hidrogr\u00e0fica del canal, que nom\u00e9s va poder emmagatzemar el 50% de l&#8217;aigua que caldr\u00e0 per fer front a la demanda prevista per a aquest any. Com a conseq\u00fc\u00e8ncia, l&#8217;autoritat del canal de Panam\u00e0 ha hagut de reduir el tr\u00e0nsit d&#8217;embarcacions.<\/p>\n<p>En la seva an\u00e0lisi, Esparza explica que un contenidor que viatge de Shanghai a Nova York sol trigar 18 dies via canal de Panam\u00e0, per\u00f2 en vorejar pel Sud de Xile cal afegir-hi deu dies m\u00e9s. El temps de navegaci\u00f3 augmenta un 55%. Per a un vaixell de mida 22.000 contenidors de 20 peus, cada dia extra suposa pagar 200.000 euros de m\u00e9s. Anar per cap d&#8217;Hornos en lloc de Panam\u00e0 suposaria per a les navilieres desemborsar un extra de m\u00e9s de dos milions d&#8217;euros, \u00e9s a dir, un 50% m\u00e9s respecte al pressupost inicial via Panam\u00e0. Per als vaixells m\u00e9s petits, el sobrecost oscil\u00b7la entre els 73.000 i els 154.000 euros diaris. En aquest punt, l&#8217;acad\u00e8mic incideix en la necessitat d\u201fun canvi de model i en un concepte cada vegada m\u00e9s en voga: la desglobalitzaci\u00f3.<\/p>\n<h2><\/h2>\n<h2><a href=\"https:\/\/www.lavanguardia.com\/economia\/20240204\/9512375\/restricciones-canal-sequia-ponen-jaque-comercio-mundial-panama.html\" target=\"_blank\" rel=\"noopener\"><strong>Llegiu l&#8217;article<\/strong><\/a><\/h2>\n","protected":false},"excerpt":{"rendered":"<p>Amable Esparza reflexiona sobre la nova dificultat que suposa per al comer\u00e7 internacional el tancament parcial del canal de Panam\u00e0 a causa del baix nivell de les aig\u00fces dels seus llacs interiors<\/p>\n","protected":false},"author":12,"featured_media":145073,"comment_status":"closed","ping_status":"closed","sticky":false,"template":"","format":"standard","meta":{"_et_pb_use_builder":"","_et_pb_old_content":"","_et_gb_content_width":"","footnotes":""},"categories":[416,233,310],"tags":[],"class_list":["post-145116","post","type-post","status-publish","format-standard","has-post-thumbnail","hentry","category-canvi-climatic","category-economiques-i-empresarials","category-medi-ambient","et-has-post-format-content","et_post_format-et-post-format-standard"],"yoast_head":"<!-- This site is optimized with the Yoast SEO plugin v27.5 - https:\/\/yoast.com\/product\/yoast-seo-wordpress\/ -->\n<title>I ara, el canal de Panam\u00e0 - Reial Acad\u00e8mia Europea de Doctors<\/title>\n<meta name=\"description\" content=\"Amable Esparza reflexiona sobre la nova dificultat que suposa per al comer\u00e7 internacional el tancament parcial del canal de Panam\u00e0\" \/>\n<meta name=\"robots\" content=\"index, follow, max-snippet:-1, max-image-preview:large, max-video-preview:-1\" \/>\n<link rel=\"canonical\" href=\"https:\/\/raed.academy\/ca\/i-ara-el-canal-de-panama\/\" \/>\n<meta property=\"og:locale\" content=\"ca_ES\" \/>\n<meta property=\"og:type\" content=\"article\" \/>\n<meta property=\"og:title\" content=\"I ara, el canal de Panam\u00e0 - Reial Acad\u00e8mia Europea de Doctors\" \/>\n<meta property=\"og:description\" content=\"Amable Esparza reflexiona sobre la nova dificultat que suposa per al comer\u00e7 internacional el tancament parcial del canal de Panam\u00e0\" \/>\n<meta property=\"og:url\" content=\"https:\/\/raed.academy\/ca\/i-ara-el-canal-de-panama\/\" \/>\n<meta property=\"og:site_name\" content=\"Reial Acad\u00e8mia Europea de Doctors\" \/>\n<meta property=\"article:publisher\" content=\"http:\/\/fb.me\/raed.academy\" \/>\n<meta property=\"article:published_time\" content=\"2024-02-09T11:47:36+00:00\" \/>\n<meta property=\"og:image\" content=\"https:\/\/raed.academy\/wp-content\/uploads\/2024\/02\/canal-de-panama-mar-puerto.webp\" \/>\n\t<meta property=\"og:image:width\" content=\"600\" \/>\n\t<meta property=\"og:image:height\" content=\"361\" \/>\n\t<meta property=\"og:image:type\" content=\"image\/webp\" \/>\n<meta name=\"author\" content=\"RAED\" \/>\n<meta name=\"twitter:card\" content=\"summary_large_image\" \/>\n<meta name=\"twitter:creator\" content=\"@raedacademy\" \/>\n<meta name=\"twitter:site\" content=\"@raedacademy\" \/>\n<meta name=\"twitter:label1\" content=\"Written by\" \/>\n\t<meta name=\"twitter:data1\" content=\"RAED\" \/>\n\t<meta name=\"twitter:label2\" content=\"Est. reading time\" \/>\n\t<meta name=\"twitter:data2\" content=\"3 minutes\" \/>\n<script type=\"application\/ld+json\" class=\"yoast-schema-graph\">{\"@context\":\"https:\\\/\\\/schema.org\",\"@graph\":[{\"@type\":\"Article\",\"@id\":\"https:\\\/\\\/raed.academy\\\/ca\\\/i-ara-el-canal-de-panama\\\/#article\",\"isPartOf\":{\"@id\":\"https:\\\/\\\/raed.academy\\\/ca\\\/i-ara-el-canal-de-panama\\\/\"},\"author\":{\"name\":\"RAED\",\"@id\":\"https:\\\/\\\/raed.academy\\\/ca\\\/#\\\/schema\\\/person\\\/5a755da80d1d979fd66ba745c8702927\"},\"headline\":\"I ara, el canal de Panam\u00e0\",\"datePublished\":\"2024-02-09T11:47:36+00:00\",\"mainEntityOfPage\":{\"@id\":\"https:\\\/\\\/raed.academy\\\/ca\\\/i-ara-el-canal-de-panama\\\/\"},\"wordCount\":492,\"publisher\":{\"@id\":\"https:\\\/\\\/raed.academy\\\/ca\\\/#organization\"},\"image\":{\"@id\":\"https:\\\/\\\/raed.academy\\\/ca\\\/i-ara-el-canal-de-panama\\\/#primaryimage\"},\"thumbnailUrl\":\"https:\\\/\\\/raed.academy\\\/wp-content\\\/uploads\\\/2024\\\/02\\\/canal-de-panama-mar-puerto.webp\",\"articleSection\":[\"Canvi clim\u00e0tic\",\"Econ\u00f2miques i Empresarials\",\"Medi ambient\"],\"inLanguage\":\"ca-ES\"},{\"@type\":\"WebPage\",\"@id\":\"https:\\\/\\\/raed.academy\\\/ca\\\/i-ara-el-canal-de-panama\\\/\",\"url\":\"https:\\\/\\\/raed.academy\\\/ca\\\/i-ara-el-canal-de-panama\\\/\",\"name\":\"I ara, el canal de Panam\u00e0 - Reial Acad\u00e8mia Europea de Doctors\",\"isPartOf\":{\"@id\":\"https:\\\/\\\/raed.academy\\\/ca\\\/#website\"},\"primaryImageOfPage\":{\"@id\":\"https:\\\/\\\/raed.academy\\\/ca\\\/i-ara-el-canal-de-panama\\\/#primaryimage\"},\"image\":{\"@id\":\"https:\\\/\\\/raed.academy\\\/ca\\\/i-ara-el-canal-de-panama\\\/#primaryimage\"},\"thumbnailUrl\":\"https:\\\/\\\/raed.academy\\\/wp-content\\\/uploads\\\/2024\\\/02\\\/canal-de-panama-mar-puerto.webp\",\"datePublished\":\"2024-02-09T11:47:36+00:00\",\"description\":\"Amable Esparza reflexiona sobre la nova dificultat que suposa per al comer\u00e7 internacional el tancament parcial del canal de Panam\u00e0\",\"breadcrumb\":{\"@id\":\"https:\\\/\\\/raed.academy\\\/ca\\\/i-ara-el-canal-de-panama\\\/#breadcrumb\"},\"inLanguage\":\"ca-ES\",\"potentialAction\":[{\"@type\":\"ReadAction\",\"target\":[\"https:\\\/\\\/raed.academy\\\/ca\\\/i-ara-el-canal-de-panama\\\/\"]}]},{\"@type\":\"ImageObject\",\"inLanguage\":\"ca-ES\",\"@id\":\"https:\\\/\\\/raed.academy\\\/ca\\\/i-ara-el-canal-de-panama\\\/#primaryimage\",\"url\":\"https:\\\/\\\/raed.academy\\\/wp-content\\\/uploads\\\/2024\\\/02\\\/canal-de-panama-mar-puerto.webp\",\"contentUrl\":\"https:\\\/\\\/raed.academy\\\/wp-content\\\/uploads\\\/2024\\\/02\\\/canal-de-panama-mar-puerto.webp\",\"width\":600,\"height\":361},{\"@type\":\"BreadcrumbList\",\"@id\":\"https:\\\/\\\/raed.academy\\\/ca\\\/i-ara-el-canal-de-panama\\\/#breadcrumb\",\"itemListElement\":[{\"@type\":\"ListItem\",\"position\":1,\"name\":\"Inicio\",\"item\":\"https:\\\/\\\/raed.academy\\\/ca\\\/\"},{\"@type\":\"ListItem\",\"position\":2,\"name\":\"I ara, el canal de Panam\u00e0\"}]},{\"@type\":\"WebSite\",\"@id\":\"https:\\\/\\\/raed.academy\\\/ca\\\/#website\",\"url\":\"https:\\\/\\\/raed.academy\\\/ca\\\/\",\"name\":\"Reial Acad\u00e8mia Europea de Doctors\",\"description\":\"Corporaci\u00f3n de derecho p\u00fablico de car\u00e1cter cient\u00edfico, t\u00e9cnico y art\u00edstico, que tiene por objeto la investigaci\u00f3n, el estudio, el fomento y la extensi\u00f3n del conocimiento en su sentido m\u00e1s amplio\",\"publisher\":{\"@id\":\"https:\\\/\\\/raed.academy\\\/ca\\\/#organization\"},\"potentialAction\":[{\"@type\":\"SearchAction\",\"target\":{\"@type\":\"EntryPoint\",\"urlTemplate\":\"https:\\\/\\\/raed.academy\\\/ca\\\/?s={search_term_string}\"},\"query-input\":{\"@type\":\"PropertyValueSpecification\",\"valueRequired\":true,\"valueName\":\"search_term_string\"}}],\"inLanguage\":\"ca-ES\"},{\"@type\":\"Organization\",\"@id\":\"https:\\\/\\\/raed.academy\\\/ca\\\/#organization\",\"name\":\"Real Academia Europea de Doctores\",\"url\":\"https:\\\/\\\/raed.academy\\\/ca\\\/\",\"logo\":{\"@type\":\"ImageObject\",\"inLanguage\":\"ca-ES\",\"@id\":\"https:\\\/\\\/raed.academy\\\/ca\\\/#\\\/schema\\\/logo\\\/image\\\/\",\"url\":\"https:\\\/\\\/raed.academy\\\/wp-content\\\/uploads\\\/2017\\\/01\\\/cropped-logo_raed.png\",\"contentUrl\":\"https:\\\/\\\/raed.academy\\\/wp-content\\\/uploads\\\/2017\\\/01\\\/cropped-logo_raed.png\",\"width\":512,\"height\":512,\"caption\":\"Real Academia Europea de Doctores\"},\"image\":{\"@id\":\"https:\\\/\\\/raed.academy\\\/ca\\\/#\\\/schema\\\/logo\\\/image\\\/\"},\"sameAs\":[\"http:\\\/\\\/fb.me\\\/raed.academy\",\"https:\\\/\\\/x.com\\\/raedacademy\",\"https:\\\/\\\/www.instagram.com\\\/raed.academy\\\/\",\"https:\\\/\\\/www.youtube.com\\\/channel\\\/UCUYQwW2KrdirNWihxMDObwg\"]},{\"@type\":\"Person\",\"@id\":\"https:\\\/\\\/raed.academy\\\/ca\\\/#\\\/schema\\\/person\\\/5a755da80d1d979fd66ba745c8702927\",\"name\":\"RAED\",\"image\":{\"@type\":\"ImageObject\",\"inLanguage\":\"ca-ES\",\"@id\":\"https:\\\/\\\/secure.gravatar.com\\\/avatar\\\/19fdfdc0d67fb9c45714b703a2ac82251c4fcea3637f002ac3c9b74c0183583c?s=96&d=mm&r=g\",\"url\":\"https:\\\/\\\/secure.gravatar.com\\\/avatar\\\/19fdfdc0d67fb9c45714b703a2ac82251c4fcea3637f002ac3c9b74c0183583c?s=96&d=mm&r=g\",\"contentUrl\":\"https:\\\/\\\/secure.gravatar.com\\\/avatar\\\/19fdfdc0d67fb9c45714b703a2ac82251c4fcea3637f002ac3c9b74c0183583c?s=96&d=mm&r=g\",\"caption\":\"RAED\"}}]}<\/script>\n<!-- \/ Yoast SEO plugin. -->","yoast_head_json":{"title":"I ara, el canal de Panam\u00e0 - Reial Acad\u00e8mia Europea de Doctors","description":"Amable Esparza reflexiona sobre la nova dificultat que suposa per al comer\u00e7 internacional el tancament parcial del canal de Panam\u00e0","robots":{"index":"index","follow":"follow","max-snippet":"max-snippet:-1","max-image-preview":"max-image-preview:large","max-video-preview":"max-video-preview:-1"},"canonical":"https:\/\/raed.academy\/ca\/i-ara-el-canal-de-panama\/","og_locale":"ca_ES","og_type":"article","og_title":"I ara, el canal de Panam\u00e0 - Reial Acad\u00e8mia Europea de Doctors","og_description":"Amable Esparza reflexiona sobre la nova dificultat que suposa per al comer\u00e7 internacional el tancament parcial del canal de Panam\u00e0","og_url":"https:\/\/raed.academy\/ca\/i-ara-el-canal-de-panama\/","og_site_name":"Reial Acad\u00e8mia Europea de Doctors","article_publisher":"http:\/\/fb.me\/raed.academy","article_published_time":"2024-02-09T11:47:36+00:00","og_image":[{"width":600,"height":361,"url":"https:\/\/raed.academy\/wp-content\/uploads\/2024\/02\/canal-de-panama-mar-puerto.webp","type":"image\/webp"}],"author":"RAED","twitter_card":"summary_large_image","twitter_creator":"@raedacademy","twitter_site":"@raedacademy","twitter_misc":{"Written by":"RAED","Est. reading time":"3 minutes"},"schema":{"@context":"https:\/\/schema.org","@graph":[{"@type":"Article","@id":"https:\/\/raed.academy\/ca\/i-ara-el-canal-de-panama\/#article","isPartOf":{"@id":"https:\/\/raed.academy\/ca\/i-ara-el-canal-de-panama\/"},"author":{"name":"RAED","@id":"https:\/\/raed.academy\/ca\/#\/schema\/person\/5a755da80d1d979fd66ba745c8702927"},"headline":"I ara, el canal de Panam\u00e0","datePublished":"2024-02-09T11:47:36+00:00","mainEntityOfPage":{"@id":"https:\/\/raed.academy\/ca\/i-ara-el-canal-de-panama\/"},"wordCount":492,"publisher":{"@id":"https:\/\/raed.academy\/ca\/#organization"},"image":{"@id":"https:\/\/raed.academy\/ca\/i-ara-el-canal-de-panama\/#primaryimage"},"thumbnailUrl":"https:\/\/raed.academy\/wp-content\/uploads\/2024\/02\/canal-de-panama-mar-puerto.webp","articleSection":["Canvi clim\u00e0tic","Econ\u00f2miques i Empresarials","Medi ambient"],"inLanguage":"ca-ES"},{"@type":"WebPage","@id":"https:\/\/raed.academy\/ca\/i-ara-el-canal-de-panama\/","url":"https:\/\/raed.academy\/ca\/i-ara-el-canal-de-panama\/","name":"I ara, el canal de Panam\u00e0 - Reial Acad\u00e8mia Europea de Doctors","isPartOf":{"@id":"https:\/\/raed.academy\/ca\/#website"},"primaryImageOfPage":{"@id":"https:\/\/raed.academy\/ca\/i-ara-el-canal-de-panama\/#primaryimage"},"image":{"@id":"https:\/\/raed.academy\/ca\/i-ara-el-canal-de-panama\/#primaryimage"},"thumbnailUrl":"https:\/\/raed.academy\/wp-content\/uploads\/2024\/02\/canal-de-panama-mar-puerto.webp","datePublished":"2024-02-09T11:47:36+00:00","description":"Amable Esparza reflexiona sobre la nova dificultat que suposa per al comer\u00e7 internacional el tancament parcial del canal de Panam\u00e0","breadcrumb":{"@id":"https:\/\/raed.academy\/ca\/i-ara-el-canal-de-panama\/#breadcrumb"},"inLanguage":"ca-ES","potentialAction":[{"@type":"ReadAction","target":["https:\/\/raed.academy\/ca\/i-ara-el-canal-de-panama\/"]}]},{"@type":"ImageObject","inLanguage":"ca-ES","@id":"https:\/\/raed.academy\/ca\/i-ara-el-canal-de-panama\/#primaryimage","url":"https:\/\/raed.academy\/wp-content\/uploads\/2024\/02\/canal-de-panama-mar-puerto.webp","contentUrl":"https:\/\/raed.academy\/wp-content\/uploads\/2024\/02\/canal-de-panama-mar-puerto.webp","width":600,"height":361},{"@type":"BreadcrumbList","@id":"https:\/\/raed.academy\/ca\/i-ara-el-canal-de-panama\/#breadcrumb","itemListElement":[{"@type":"ListItem","position":1,"name":"Inicio","item":"https:\/\/raed.academy\/ca\/"},{"@type":"ListItem","position":2,"name":"I ara, el canal de Panam\u00e0"}]},{"@type":"WebSite","@id":"https:\/\/raed.academy\/ca\/#website","url":"https:\/\/raed.academy\/ca\/","name":"Reial Acad\u00e8mia Europea de Doctors","description":"Corporaci\u00f3n de derecho p\u00fablico de car\u00e1cter cient\u00edfico, t\u00e9cnico y art\u00edstico, que tiene por objeto la investigaci\u00f3n, el estudio, el fomento y la extensi\u00f3n del conocimiento en su sentido m\u00e1s amplio","publisher":{"@id":"https:\/\/raed.academy\/ca\/#organization"},"potentialAction":[{"@type":"SearchAction","target":{"@type":"EntryPoint","urlTemplate":"https:\/\/raed.academy\/ca\/?s={search_term_string}"},"query-input":{"@type":"PropertyValueSpecification","valueRequired":true,"valueName":"search_term_string"}}],"inLanguage":"ca-ES"},{"@type":"Organization","@id":"https:\/\/raed.academy\/ca\/#organization","name":"Real Academia Europea de Doctores","url":"https:\/\/raed.academy\/ca\/","logo":{"@type":"ImageObject","inLanguage":"ca-ES","@id":"https:\/\/raed.academy\/ca\/#\/schema\/logo\/image\/","url":"https:\/\/raed.academy\/wp-content\/uploads\/2017\/01\/cropped-logo_raed.png","contentUrl":"https:\/\/raed.academy\/wp-content\/uploads\/2017\/01\/cropped-logo_raed.png","width":512,"height":512,"caption":"Real Academia Europea de Doctores"},"image":{"@id":"https:\/\/raed.academy\/ca\/#\/schema\/logo\/image\/"},"sameAs":["http:\/\/fb.me\/raed.academy","https:\/\/x.com\/raedacademy","https:\/\/www.instagram.com\/raed.academy\/","https:\/\/www.youtube.com\/channel\/UCUYQwW2KrdirNWihxMDObwg"]},{"@type":"Person","@id":"https:\/\/raed.academy\/ca\/#\/schema\/person\/5a755da80d1d979fd66ba745c8702927","name":"RAED","image":{"@type":"ImageObject","inLanguage":"ca-ES","@id":"https:\/\/secure.gravatar.com\/avatar\/19fdfdc0d67fb9c45714b703a2ac82251c4fcea3637f002ac3c9b74c0183583c?s=96&d=mm&r=g","url":"https:\/\/secure.gravatar.com\/avatar\/19fdfdc0d67fb9c45714b703a2ac82251c4fcea3637f002ac3c9b74c0183583c?s=96&d=mm&r=g","contentUrl":"https:\/\/secure.gravatar.com\/avatar\/19fdfdc0d67fb9c45714b703a2ac82251c4fcea3637f002ac3c9b74c0183583c?s=96&d=mm&r=g","caption":"RAED"}}]}},"_links":{"self":[{"href":"https:\/\/raed.academy\/ca\/wp-json\/wp\/v2\/posts\/145116","targetHints":{"allow":["GET"]}}],"collection":[{"href":"https:\/\/raed.academy\/ca\/wp-json\/wp\/v2\/posts"}],"about":[{"href":"https:\/\/raed.academy\/ca\/wp-json\/wp\/v2\/types\/post"}],"author":[{"embeddable":true,"href":"https:\/\/raed.academy\/ca\/wp-json\/wp\/v2\/users\/12"}],"replies":[{"embeddable":true,"href":"https:\/\/raed.academy\/ca\/wp-json\/wp\/v2\/comments?post=145116"}],"version-history":[{"count":0,"href":"https:\/\/raed.academy\/ca\/wp-json\/wp\/v2\/posts\/145116\/revisions"}],"wp:featuredmedia":[{"embeddable":true,"href":"https:\/\/raed.academy\/ca\/wp-json\/wp\/v2\/media\/145073"}],"wp:attachment":[{"href":"https:\/\/raed.academy\/ca\/wp-json\/wp\/v2\/media?parent=145116"}],"wp:term":[{"taxonomy":"category","embeddable":true,"href":"https:\/\/raed.academy\/ca\/wp-json\/wp\/v2\/categories?post=145116"},{"taxonomy":"post_tag","embeddable":true,"href":"https:\/\/raed.academy\/ca\/wp-json\/wp\/v2\/tags?post=145116"}],"curies":[{"name":"wp","href":"https:\/\/api.w.org\/{rel}","templated":true}]}}