{"id":144916,"date":"2024-02-01T03:06:53","date_gmt":"2024-02-01T03:06:53","guid":{"rendered":"https:\/\/raed.academy\/?p=144916"},"modified":"2024-02-01T17:18:50","modified_gmt":"2024-02-01T17:18:50","slug":"consequencies-per-a-la-salut-humana-del-canvi-climatic","status":"publish","type":"post","link":"https:\/\/raed.academy\/ca\/consequencies-per-a-la-salut-humana-del-canvi-climatic\/","title":{"rendered":"Conseq\u00fc\u00e8ncies per a la salut humana del canvi clim\u00e0tic"},"content":{"rendered":"<div id=\"attachment_144452\" style=\"width: 532px\" class=\"wp-caption alignleft\"><img loading=\"lazy\" decoding=\"async\" aria-describedby=\"caption-attachment-144452\" class=\"wp-image-144452\" src=\"https:\/\/raed.academy\/wp-content\/uploads\/2014\/07\/Jose-Ramon-Calvo-1.67.webp\" alt=\"Dr. Jos\u00e9 Ram\u00f3n Calvo\" width=\"522\" height=\"313\" srcset=\"https:\/\/raed.academy\/wp-content\/uploads\/2014\/07\/Jose-Ramon-Calvo-1.67.webp 700w, https:\/\/raed.academy\/wp-content\/uploads\/2014\/07\/Jose-Ramon-Calvo-1.67-627x376.webp 627w, https:\/\/raed.academy\/wp-content\/uploads\/2014\/07\/Jose-Ramon-Calvo-1.67-440x264.webp 440w\" sizes=\"(max-width: 522px) 100vw, 522px\" \/><p id=\"caption-attachment-144452\" class=\"wp-caption-text\">Dr. Jos\u00e9 Ram\u00f3n Calvo<\/p><\/div>\n<p><a href=\"https:\/\/raed.academy\/ca\/academics\/dr-jose-ramon-calvo-fernandez\/\" target=\"_blank\" rel=\"noopener\"><em><strong>Jos\u00e9 Ram\u00f3n Calvo<\/strong><\/em><\/a>, assessor estrat\u00e8gic del <strong>Barcelona Supercomputing Center-Centre Nacional de Supercomputaci\u00f3<\/strong>, acad\u00e8mic corresponent de la<strong> Reial Acad\u00e8mia de Medicina del Pa\u00eds Basc<\/strong> i acad\u00e8mic de n\u00famero i president de l&#8217;<strong>Institut de Cooperaci\u00f3 Internacional<\/strong> de la <strong>Reial Acad\u00e8mia Europea de Doctors-Barcelona 1914<\/strong> (RAED), va obrir el passat 15 de gener un nou <strong>Cicle Telem\u00e0tic<\/strong> de l&#8217;<strong>Acad\u00e8mia de Ci\u00e8ncies, Enginyeries i Humanitats de Lanzarote<\/strong>, de la qual \u00e9s acad\u00e8mic numerari. Les sessions van portar com a t\u00edtol gen\u00e8ric <strong>&#8220;Consecuencias del calentamiento global antropog\u00e9nico&#8221;<\/strong> i Calvo va impartir la dedicada a les <strong>&#8220;Consecuencias en la salud humana&#8221;<\/strong>. Aquest f\u00f2rum va ser una reflexi\u00f3 acad\u00e8mica oberta que es va celebrar entre aquell dia 15 i el 19 de gener, en qu\u00e8 tamb\u00e9 van participar <strong>Abelardo Bethencourt<\/strong>, catedr\u00e0tic de la <strong>Universitat Polit\u00e8cnica de Madrid<\/strong> i acad\u00e8mic numerari de l&#8217;Acad\u00e8mia de Lanzarote; <strong>Roque Calero<\/strong>, catedr\u00e0tic d&#8217;Enginyeria Mec\u00e0nica de la <strong>Universitat de Las Palmas de Gran Can\u00e0ria<\/strong> i tamb\u00e9 acad\u00e8mic de n\u00famero de l&#8217;Acad\u00e8mia de Lanzarote; <strong>Tony Gallardo<\/strong>, expert en gesti\u00f3 d&#8217;espais naturals i reserves de la biosfera i tamb\u00e9 acad\u00e8mic numerari d&#8217;aquesta mateixa corporaci\u00f3, i <a href=\"https:\/\/raed.academy\/ca\/academics\/dr-francisco-gonzalez-de-posada\/\" target=\"_blank\" rel=\"noopener\"><em><strong>Francisco Gonz\u00e1lez de Posada<\/strong><\/em><\/a>, catedr\u00e0tic de la Universitat Polit\u00e8cnica de Madrid, acad\u00e8mic d&#8217;honor de la RAED i president de l&#8217;Acad\u00e8mia de Lanzarote.<\/p>\n<p>L&#8217;expert va iniciar la seva argumentaci\u00f3 partint de les conclusions que, l&#8217;any 2015, va realitzar la <strong>Comissi\u00f3 de Salut i Canvi Clim\u00e0tic<\/strong> de la prestigiosa revista cient\u00edfica<strong> &#8220;The Lancet&#8221;<\/strong>, que ja assenyalava fa gaireb\u00e9 una d\u00e8cada que la salut \u00e9s i ser\u00e0 afectada pels canvis de clima a trav\u00e9s d&#8217;impactes directes com onades de calor, sequeres, tempestes fortes i augment del nivell del mar, i impactes indirectes com a malalties de les vies respirat\u00f2ries i les transmeses per vectors, inseguretat aliment\u00e0ria i de l&#8217;aigua, desnutrici\u00f3 i despla\u00e7aments for\u00e7ats. Alhora, va recordar que l&#8217;<strong>Organitzaci\u00f3 Mundial de la Salut<\/strong> ha advertit que la salut de milions de persones es podria veure amena\u00e7ada per l&#8217;augment de malalties com el paludisme, la desnutrici\u00f3 i altres transmeses per l&#8217;aigua. \u201cEn la majoria dels estudis cient\u00edfics es projecten els efectes que el canvi clim\u00e0tic tindr\u00e0 sobre la salut de la poblaci\u00f3. Ja al setembre del 2013 el <strong>Grup Intergovernamental d&#8217;Experts sobre Canvi Clim\u00e0tic<\/strong>, al seu cinqu\u00e8 <strong>Informe d&#8217;Avaluaci\u00f3<\/strong> (WGI-AR5), que descriu i sintetitza i coneixement sobre els aspectes cient\u00edfics f\u00edsics del sistema clim\u00e0tic i el canvi clim\u00e0tic, confirmava que l&#8217;escalfament del sistema clim\u00e0tic \u00e9s inequ\u00edvoc i que la influ\u00e8ncia humana \u00e9s el factor dominant d&#8217;aquest canvi&#8221;, va explicar el ponent.<\/p>\n<p>Per a Calvo, el canvi clim\u00e0tic no es pot considerar un fenomen exclusivament ambiental, sin\u00f3 que cal contemplar tamb\u00e9 les profundes conseq\u00fc\u00e8ncies econ\u00f2miques i socials que comporta i, en especial, la seva influ\u00e8ncia sobre la salut p\u00fablica. &#8220;La comunitat internacional no ha estat aliena a aquest tema i ja el 2008, a l&#8217;<strong>Assemblea<\/strong> de l&#8217;Organitzaci\u00f3 Mundial de la Salut, 193 pa\u00efsos van assumir la urg\u00e8ncia de desenvolupar mesures en salut integrades als plans d&#8217;adaptaci\u00f3 al canvi clim\u00e0tic, reconeixent aix\u00ed el seu impacte en la salut p\u00fablica. Nombrosos determinants mediambientals i socials de la salut es veuran afectats pel canvi clim\u00e0tic. \u00c9s un repte significatiu per a l&#8217;acci\u00f3 en salut p\u00fablica. Els models que resumeixen els impactes en la salut dels individus situen els canvis clim\u00e0tics regionals, els esdeveniments extrems i les onades de calor, les precipitacions i les temperatures, com a factors que influiran en els agroecosistemes, en la demografia i socioeconomia, a les vies de contaminaci\u00f3 biol\u00f2gica i en la din\u00e0mica de transmissi\u00f3 de malalties&#8221;, va afegir.<\/p>\n<p><img loading=\"lazy\" decoding=\"async\" class=\"alignright wp-image-144896\" src=\"https:\/\/raed.academy\/wp-content\/uploads\/2024\/01\/consecuencias-del-calentamiento-global-en-la-salud-humana-dst.webp\" alt=\"\" width=\"473\" height=\"284\" srcset=\"https:\/\/raed.academy\/wp-content\/uploads\/2024\/01\/consecuencias-del-calentamiento-global-en-la-salud-humana-dst.webp 600w, https:\/\/raed.academy\/wp-content\/uploads\/2024\/01\/consecuencias-del-calentamiento-global-en-la-salud-humana-dst-440x264.webp 440w\" sizes=\"(max-width: 473px) 100vw, 473px\" \/>L&#8217;acad\u00e8mic va citar com a malalties el creixement de les quals est\u00e0 directament amb el canvi clim\u00e0tic el dengue, el paludisme o mal\u00e0ria, el c\u00f2lera, la diarrea per salmonel\u00b7les i altres microorganismes ent\u00e8rics, la desnutrici\u00f3, l&#8217;estr\u00e8s t\u00e8rmic, la hipot\u00e8rmia, l&#8217;asma, el tracoma (infecci\u00f3 ocular que causa ceguesa), les malalties card\u00edaques i respirat\u00f2ries, diverses infeccions a la pell, el sistema digestiu i l&#8217;aparell respiratori, el c\u00e0ncer de pell i les cataractes. &#8220;El canvi clim\u00e0tic afecta la disponibilitat i la qualitat dels aliments, que agreuja les crisis aliment\u00e0ries i nutricionals i fomenta la propagaci\u00f3 de malalties transmeses per l&#8217;aigua i per vectors. Els extrems t\u00e8rmics contribueixen directament a les defuncions per malalties cardiovasculars i neurodegeneratives, entre d&#8217;altres&#8221;, va exposar.<\/p>\n<p>El president de l&#8217;Institut de Cooperaci\u00f3 Internacional de la RAED va insistir que el canvi clim\u00e0tic no \u00e9s nom\u00e9s un problema per a les generacions futures, recordant que analitzant nom\u00e9s uns quants indicadors de salut es preveu que entre el 2030 i el 2050 el canvi clim\u00e0tic causi unes 250.000 morts addicionals cada any nom\u00e9s a conseq\u00fc\u00e8ncia de la desnutrici\u00f3, el paludisme, la diarrea i l&#8217;estr\u00e8s t\u00e8rmic, de les quals 38.000 per exposici\u00f3 de gent gran a la calor, 48.000 per diarrea, 60.000 per paludisme i 95.000 per desnutrici\u00f3 infantil. Segons el darrer informe del Grup Intergovernamental d&#8217;Experts sobre Canvi Clim\u00e0tic, 3.600 milions de persones ja viuen en zones molt vulnerables al canvi clim\u00e0tic. &#8220;Durant l&#8217;\u00faltima d\u00e8cada, la taxa de mortalitat deguda a fen\u00f2mens meteorol\u00f2gics extrems a les regions vulnerables va ser 15 vegades m\u00e9s gran que a les regions menys vulnerables&#8221;, va concloure.<\/p>\n<p><iframe loading=\"lazy\" title=\"CONSECUENCIAS DEL CALENTAMIENTO GLOBAL ANTROPOG\u00c9NICO: \u201cConsecuencias en la salud humana\u201d\" width=\"1080\" height=\"608\" src=\"https:\/\/www.youtube.com\/embed\/TauY_xsMA5Y?feature=oembed\" frameborder=\"0\" allow=\"accelerometer; autoplay; clipboard-write; encrypted-media; gyroscope; picture-in-picture; web-share\" allowfullscreen><\/iframe><\/p>\n","protected":false},"excerpt":{"rendered":"<p>Jos\u00e9 Ram\u00f3n Calvo aborda les conseq\u00fc\u00e8ncies de l&#8217;escalfament global antropog\u00e8nic a la salut humana, dins del cicle tem\u00e0tic &#8220;Consecuencias del calentamiento global antropog\u00e9nico&#8221; i argumenta que la salut \u00e9s i ser\u00e0 afectada pels canvis de clima a trav\u00e9s d&#8217;impactes directes i indirectes<\/p>\n","protected":false},"author":12,"featured_media":144897,"comment_status":"closed","ping_status":"closed","sticky":false,"template":"","format":"standard","meta":{"_et_pb_use_builder":"","_et_pb_old_content":"","_et_gb_content_width":"","footnotes":""},"categories":[416,455,310,213,472,492],"tags":[],"class_list":["post-144916","post","type-post","status-publish","format-standard","has-post-thumbnail","hentry","category-canvi-climatic","category-ciencies-de-la-salut","category-medi-ambient","category-medicina-i-cirurgia","category-psiquiatria-i-psicologia","category-trobades-cientifiques-i-congressos","et-has-post-format-content","et_post_format-et-post-format-standard"],"yoast_head":"<!-- This site is optimized with the Yoast SEO plugin v27.4 - https:\/\/yoast.com\/product\/yoast-seo-wordpress\/ -->\n<title>Conseq\u00fc\u00e8ncies per a la salut humana del canvi clim\u00e0tic - Reial Acad\u00e8mia Europea de Doctors<\/title>\n<meta name=\"description\" content=\"Jos\u00e9 Ram\u00f3n Calvo aborda les conseq\u00fc\u00e8ncies de l&#039;escalfament global dins del cicle tem\u00e0tic &quot;Conseq\u00fc\u00e8ncies de l&#039;escalfament global antropog\u00e8nic&quot;\" \/>\n<meta name=\"robots\" content=\"index, follow, max-snippet:-1, max-image-preview:large, max-video-preview:-1\" \/>\n<link rel=\"canonical\" href=\"https:\/\/raed.academy\/ca\/consequencies-per-a-la-salut-humana-del-canvi-climatic\/\" \/>\n<meta property=\"og:locale\" content=\"ca_ES\" \/>\n<meta property=\"og:type\" content=\"article\" \/>\n<meta property=\"og:title\" content=\"Conseq\u00fc\u00e8ncies per a la salut humana del canvi clim\u00e0tic - Reial Acad\u00e8mia Europea de Doctors\" \/>\n<meta property=\"og:description\" content=\"Jos\u00e9 Ram\u00f3n Calvo aborda les conseq\u00fc\u00e8ncies de l&#039;escalfament global dins del cicle tem\u00e0tic &quot;Conseq\u00fc\u00e8ncies de l&#039;escalfament global antropog\u00e8nic&quot;\" \/>\n<meta property=\"og:url\" content=\"https:\/\/raed.academy\/ca\/consequencies-per-a-la-salut-humana-del-canvi-climatic\/\" \/>\n<meta property=\"og:site_name\" content=\"Reial Acad\u00e8mia Europea de Doctors\" \/>\n<meta property=\"article:publisher\" content=\"http:\/\/fb.me\/raed.academy\" \/>\n<meta property=\"article:published_time\" content=\"2024-02-01T03:06:53+00:00\" \/>\n<meta property=\"article:modified_time\" content=\"2024-02-01T17:18:50+00:00\" \/>\n<meta property=\"og:image\" content=\"https:\/\/raed.academy\/wp-content\/uploads\/2024\/01\/consecuencias-del-calentamiento-global-en-la-salud-humana-dst.webp\" \/>\n\t<meta property=\"og:image:width\" content=\"600\" \/>\n\t<meta property=\"og:image:height\" content=\"360\" \/>\n\t<meta property=\"og:image:type\" content=\"image\/webp\" \/>\n<meta name=\"author\" content=\"RAED\" \/>\n<meta name=\"twitter:card\" content=\"summary_large_image\" \/>\n<meta name=\"twitter:creator\" content=\"@raedacademy\" \/>\n<meta name=\"twitter:site\" content=\"@raedacademy\" \/>\n<meta name=\"twitter:label1\" content=\"Written by\" \/>\n\t<meta name=\"twitter:data1\" content=\"RAED\" \/>\n\t<meta name=\"twitter:label2\" content=\"Est. reading time\" \/>\n\t<meta name=\"twitter:data2\" content=\"5 minutes\" \/>\n<script type=\"application\/ld+json\" class=\"yoast-schema-graph\">{\"@context\":\"https:\\\/\\\/schema.org\",\"@graph\":[{\"@type\":\"Article\",\"@id\":\"https:\\\/\\\/raed.academy\\\/ca\\\/consequencies-per-a-la-salut-humana-del-canvi-climatic\\\/#article\",\"isPartOf\":{\"@id\":\"https:\\\/\\\/raed.academy\\\/ca\\\/consequencies-per-a-la-salut-humana-del-canvi-climatic\\\/\"},\"author\":{\"name\":\"RAED\",\"@id\":\"https:\\\/\\\/raed.academy\\\/ca\\\/#\\\/schema\\\/person\\\/5a755da80d1d979fd66ba745c8702927\"},\"headline\":\"Conseq\u00fc\u00e8ncies per a la salut humana del canvi clim\u00e0tic\",\"datePublished\":\"2024-02-01T03:06:53+00:00\",\"dateModified\":\"2024-02-01T17:18:50+00:00\",\"mainEntityOfPage\":{\"@id\":\"https:\\\/\\\/raed.academy\\\/ca\\\/consequencies-per-a-la-salut-humana-del-canvi-climatic\\\/\"},\"wordCount\":981,\"publisher\":{\"@id\":\"https:\\\/\\\/raed.academy\\\/ca\\\/#organization\"},\"image\":{\"@id\":\"https:\\\/\\\/raed.academy\\\/ca\\\/consequencies-per-a-la-salut-humana-del-canvi-climatic\\\/#primaryimage\"},\"thumbnailUrl\":\"https:\\\/\\\/raed.academy\\\/wp-content\\\/uploads\\\/2024\\\/01\\\/consecuencias-del-calentamiento-global-en-la-salud-humana-dst.webp\",\"articleSection\":[\"Canvi clim\u00e0tic\",\"Ci\u00e8ncies de la salut\",\"Medi ambient\",\"Medicina i cirurgia\",\"Psiquiatria i Psicologia\",\"Trobades Cient\u00edfiques i Congressos\"],\"inLanguage\":\"ca-ES\"},{\"@type\":\"WebPage\",\"@id\":\"https:\\\/\\\/raed.academy\\\/ca\\\/consequencies-per-a-la-salut-humana-del-canvi-climatic\\\/\",\"url\":\"https:\\\/\\\/raed.academy\\\/ca\\\/consequencies-per-a-la-salut-humana-del-canvi-climatic\\\/\",\"name\":\"Conseq\u00fc\u00e8ncies per a la salut humana del canvi clim\u00e0tic - Reial Acad\u00e8mia Europea de Doctors\",\"isPartOf\":{\"@id\":\"https:\\\/\\\/raed.academy\\\/ca\\\/#website\"},\"primaryImageOfPage\":{\"@id\":\"https:\\\/\\\/raed.academy\\\/ca\\\/consequencies-per-a-la-salut-humana-del-canvi-climatic\\\/#primaryimage\"},\"image\":{\"@id\":\"https:\\\/\\\/raed.academy\\\/ca\\\/consequencies-per-a-la-salut-humana-del-canvi-climatic\\\/#primaryimage\"},\"thumbnailUrl\":\"https:\\\/\\\/raed.academy\\\/wp-content\\\/uploads\\\/2024\\\/01\\\/consecuencias-del-calentamiento-global-en-la-salud-humana-dst.webp\",\"datePublished\":\"2024-02-01T03:06:53+00:00\",\"dateModified\":\"2024-02-01T17:18:50+00:00\",\"description\":\"Jos\u00e9 Ram\u00f3n Calvo aborda les conseq\u00fc\u00e8ncies de l'escalfament global dins del cicle tem\u00e0tic \\\"Conseq\u00fc\u00e8ncies de l'escalfament global antropog\u00e8nic\\\"\",\"breadcrumb\":{\"@id\":\"https:\\\/\\\/raed.academy\\\/ca\\\/consequencies-per-a-la-salut-humana-del-canvi-climatic\\\/#breadcrumb\"},\"inLanguage\":\"ca-ES\",\"potentialAction\":[{\"@type\":\"ReadAction\",\"target\":[\"https:\\\/\\\/raed.academy\\\/ca\\\/consequencies-per-a-la-salut-humana-del-canvi-climatic\\\/\"]}]},{\"@type\":\"ImageObject\",\"inLanguage\":\"ca-ES\",\"@id\":\"https:\\\/\\\/raed.academy\\\/ca\\\/consequencies-per-a-la-salut-humana-del-canvi-climatic\\\/#primaryimage\",\"url\":\"https:\\\/\\\/raed.academy\\\/wp-content\\\/uploads\\\/2024\\\/01\\\/consecuencias-del-calentamiento-global-en-la-salud-humana-dst.webp\",\"contentUrl\":\"https:\\\/\\\/raed.academy\\\/wp-content\\\/uploads\\\/2024\\\/01\\\/consecuencias-del-calentamiento-global-en-la-salud-humana-dst.webp\",\"width\":600,\"height\":360},{\"@type\":\"BreadcrumbList\",\"@id\":\"https:\\\/\\\/raed.academy\\\/ca\\\/consequencies-per-a-la-salut-humana-del-canvi-climatic\\\/#breadcrumb\",\"itemListElement\":[{\"@type\":\"ListItem\",\"position\":1,\"name\":\"Inicio\",\"item\":\"https:\\\/\\\/raed.academy\\\/ca\\\/\"},{\"@type\":\"ListItem\",\"position\":2,\"name\":\"Conseq\u00fc\u00e8ncies per a la salut humana del canvi clim\u00e0tic\"}]},{\"@type\":\"WebSite\",\"@id\":\"https:\\\/\\\/raed.academy\\\/ca\\\/#website\",\"url\":\"https:\\\/\\\/raed.academy\\\/ca\\\/\",\"name\":\"Reial Acad\u00e8mia Europea de Doctors\",\"description\":\"Corporaci\u00f3n de derecho p\u00fablico de car\u00e1cter cient\u00edfico, t\u00e9cnico y art\u00edstico, que tiene por objeto la investigaci\u00f3n, el estudio, el fomento y la extensi\u00f3n del conocimiento en su sentido m\u00e1s amplio\",\"publisher\":{\"@id\":\"https:\\\/\\\/raed.academy\\\/ca\\\/#organization\"},\"potentialAction\":[{\"@type\":\"SearchAction\",\"target\":{\"@type\":\"EntryPoint\",\"urlTemplate\":\"https:\\\/\\\/raed.academy\\\/ca\\\/?s={search_term_string}\"},\"query-input\":{\"@type\":\"PropertyValueSpecification\",\"valueRequired\":true,\"valueName\":\"search_term_string\"}}],\"inLanguage\":\"ca-ES\"},{\"@type\":\"Organization\",\"@id\":\"https:\\\/\\\/raed.academy\\\/ca\\\/#organization\",\"name\":\"Real Academia Europea de Doctores\",\"url\":\"https:\\\/\\\/raed.academy\\\/ca\\\/\",\"logo\":{\"@type\":\"ImageObject\",\"inLanguage\":\"ca-ES\",\"@id\":\"https:\\\/\\\/raed.academy\\\/ca\\\/#\\\/schema\\\/logo\\\/image\\\/\",\"url\":\"https:\\\/\\\/raed.academy\\\/wp-content\\\/uploads\\\/2017\\\/01\\\/cropped-logo_raed.png\",\"contentUrl\":\"https:\\\/\\\/raed.academy\\\/wp-content\\\/uploads\\\/2017\\\/01\\\/cropped-logo_raed.png\",\"width\":512,\"height\":512,\"caption\":\"Real Academia Europea de Doctores\"},\"image\":{\"@id\":\"https:\\\/\\\/raed.academy\\\/ca\\\/#\\\/schema\\\/logo\\\/image\\\/\"},\"sameAs\":[\"http:\\\/\\\/fb.me\\\/raed.academy\",\"https:\\\/\\\/x.com\\\/raedacademy\",\"https:\\\/\\\/www.instagram.com\\\/raed.academy\\\/\",\"https:\\\/\\\/www.youtube.com\\\/channel\\\/UCUYQwW2KrdirNWihxMDObwg\"]},{\"@type\":\"Person\",\"@id\":\"https:\\\/\\\/raed.academy\\\/ca\\\/#\\\/schema\\\/person\\\/5a755da80d1d979fd66ba745c8702927\",\"name\":\"RAED\",\"image\":{\"@type\":\"ImageObject\",\"inLanguage\":\"ca-ES\",\"@id\":\"https:\\\/\\\/secure.gravatar.com\\\/avatar\\\/19fdfdc0d67fb9c45714b703a2ac82251c4fcea3637f002ac3c9b74c0183583c?s=96&d=mm&r=g\",\"url\":\"https:\\\/\\\/secure.gravatar.com\\\/avatar\\\/19fdfdc0d67fb9c45714b703a2ac82251c4fcea3637f002ac3c9b74c0183583c?s=96&d=mm&r=g\",\"contentUrl\":\"https:\\\/\\\/secure.gravatar.com\\\/avatar\\\/19fdfdc0d67fb9c45714b703a2ac82251c4fcea3637f002ac3c9b74c0183583c?s=96&d=mm&r=g\",\"caption\":\"RAED\"}}]}<\/script>\n<!-- \/ Yoast SEO plugin. -->","yoast_head_json":{"title":"Conseq\u00fc\u00e8ncies per a la salut humana del canvi clim\u00e0tic - Reial Acad\u00e8mia Europea de Doctors","description":"Jos\u00e9 Ram\u00f3n Calvo aborda les conseq\u00fc\u00e8ncies de l'escalfament global dins del cicle tem\u00e0tic \"Conseq\u00fc\u00e8ncies de l'escalfament global antropog\u00e8nic\"","robots":{"index":"index","follow":"follow","max-snippet":"max-snippet:-1","max-image-preview":"max-image-preview:large","max-video-preview":"max-video-preview:-1"},"canonical":"https:\/\/raed.academy\/ca\/consequencies-per-a-la-salut-humana-del-canvi-climatic\/","og_locale":"ca_ES","og_type":"article","og_title":"Conseq\u00fc\u00e8ncies per a la salut humana del canvi clim\u00e0tic - Reial Acad\u00e8mia Europea de Doctors","og_description":"Jos\u00e9 Ram\u00f3n Calvo aborda les conseq\u00fc\u00e8ncies de l'escalfament global dins del cicle tem\u00e0tic \"Conseq\u00fc\u00e8ncies de l'escalfament global antropog\u00e8nic\"","og_url":"https:\/\/raed.academy\/ca\/consequencies-per-a-la-salut-humana-del-canvi-climatic\/","og_site_name":"Reial Acad\u00e8mia Europea de Doctors","article_publisher":"http:\/\/fb.me\/raed.academy","article_published_time":"2024-02-01T03:06:53+00:00","article_modified_time":"2024-02-01T17:18:50+00:00","og_image":[{"width":600,"height":360,"url":"https:\/\/raed.academy\/wp-content\/uploads\/2024\/01\/consecuencias-del-calentamiento-global-en-la-salud-humana-dst.webp","type":"image\/webp"}],"author":"RAED","twitter_card":"summary_large_image","twitter_creator":"@raedacademy","twitter_site":"@raedacademy","twitter_misc":{"Written by":"RAED","Est. reading time":"5 minutes"},"schema":{"@context":"https:\/\/schema.org","@graph":[{"@type":"Article","@id":"https:\/\/raed.academy\/ca\/consequencies-per-a-la-salut-humana-del-canvi-climatic\/#article","isPartOf":{"@id":"https:\/\/raed.academy\/ca\/consequencies-per-a-la-salut-humana-del-canvi-climatic\/"},"author":{"name":"RAED","@id":"https:\/\/raed.academy\/ca\/#\/schema\/person\/5a755da80d1d979fd66ba745c8702927"},"headline":"Conseq\u00fc\u00e8ncies per a la salut humana del canvi clim\u00e0tic","datePublished":"2024-02-01T03:06:53+00:00","dateModified":"2024-02-01T17:18:50+00:00","mainEntityOfPage":{"@id":"https:\/\/raed.academy\/ca\/consequencies-per-a-la-salut-humana-del-canvi-climatic\/"},"wordCount":981,"publisher":{"@id":"https:\/\/raed.academy\/ca\/#organization"},"image":{"@id":"https:\/\/raed.academy\/ca\/consequencies-per-a-la-salut-humana-del-canvi-climatic\/#primaryimage"},"thumbnailUrl":"https:\/\/raed.academy\/wp-content\/uploads\/2024\/01\/consecuencias-del-calentamiento-global-en-la-salud-humana-dst.webp","articleSection":["Canvi clim\u00e0tic","Ci\u00e8ncies de la salut","Medi ambient","Medicina i cirurgia","Psiquiatria i Psicologia","Trobades Cient\u00edfiques i Congressos"],"inLanguage":"ca-ES"},{"@type":"WebPage","@id":"https:\/\/raed.academy\/ca\/consequencies-per-a-la-salut-humana-del-canvi-climatic\/","url":"https:\/\/raed.academy\/ca\/consequencies-per-a-la-salut-humana-del-canvi-climatic\/","name":"Conseq\u00fc\u00e8ncies per a la salut humana del canvi clim\u00e0tic - Reial Acad\u00e8mia Europea de Doctors","isPartOf":{"@id":"https:\/\/raed.academy\/ca\/#website"},"primaryImageOfPage":{"@id":"https:\/\/raed.academy\/ca\/consequencies-per-a-la-salut-humana-del-canvi-climatic\/#primaryimage"},"image":{"@id":"https:\/\/raed.academy\/ca\/consequencies-per-a-la-salut-humana-del-canvi-climatic\/#primaryimage"},"thumbnailUrl":"https:\/\/raed.academy\/wp-content\/uploads\/2024\/01\/consecuencias-del-calentamiento-global-en-la-salud-humana-dst.webp","datePublished":"2024-02-01T03:06:53+00:00","dateModified":"2024-02-01T17:18:50+00:00","description":"Jos\u00e9 Ram\u00f3n Calvo aborda les conseq\u00fc\u00e8ncies de l'escalfament global dins del cicle tem\u00e0tic \"Conseq\u00fc\u00e8ncies de l'escalfament global antropog\u00e8nic\"","breadcrumb":{"@id":"https:\/\/raed.academy\/ca\/consequencies-per-a-la-salut-humana-del-canvi-climatic\/#breadcrumb"},"inLanguage":"ca-ES","potentialAction":[{"@type":"ReadAction","target":["https:\/\/raed.academy\/ca\/consequencies-per-a-la-salut-humana-del-canvi-climatic\/"]}]},{"@type":"ImageObject","inLanguage":"ca-ES","@id":"https:\/\/raed.academy\/ca\/consequencies-per-a-la-salut-humana-del-canvi-climatic\/#primaryimage","url":"https:\/\/raed.academy\/wp-content\/uploads\/2024\/01\/consecuencias-del-calentamiento-global-en-la-salud-humana-dst.webp","contentUrl":"https:\/\/raed.academy\/wp-content\/uploads\/2024\/01\/consecuencias-del-calentamiento-global-en-la-salud-humana-dst.webp","width":600,"height":360},{"@type":"BreadcrumbList","@id":"https:\/\/raed.academy\/ca\/consequencies-per-a-la-salut-humana-del-canvi-climatic\/#breadcrumb","itemListElement":[{"@type":"ListItem","position":1,"name":"Inicio","item":"https:\/\/raed.academy\/ca\/"},{"@type":"ListItem","position":2,"name":"Conseq\u00fc\u00e8ncies per a la salut humana del canvi clim\u00e0tic"}]},{"@type":"WebSite","@id":"https:\/\/raed.academy\/ca\/#website","url":"https:\/\/raed.academy\/ca\/","name":"Reial Acad\u00e8mia Europea de Doctors","description":"Corporaci\u00f3n de derecho p\u00fablico de car\u00e1cter cient\u00edfico, t\u00e9cnico y art\u00edstico, que tiene por objeto la investigaci\u00f3n, el estudio, el fomento y la extensi\u00f3n del conocimiento en su sentido m\u00e1s amplio","publisher":{"@id":"https:\/\/raed.academy\/ca\/#organization"},"potentialAction":[{"@type":"SearchAction","target":{"@type":"EntryPoint","urlTemplate":"https:\/\/raed.academy\/ca\/?s={search_term_string}"},"query-input":{"@type":"PropertyValueSpecification","valueRequired":true,"valueName":"search_term_string"}}],"inLanguage":"ca-ES"},{"@type":"Organization","@id":"https:\/\/raed.academy\/ca\/#organization","name":"Real Academia Europea de Doctores","url":"https:\/\/raed.academy\/ca\/","logo":{"@type":"ImageObject","inLanguage":"ca-ES","@id":"https:\/\/raed.academy\/ca\/#\/schema\/logo\/image\/","url":"https:\/\/raed.academy\/wp-content\/uploads\/2017\/01\/cropped-logo_raed.png","contentUrl":"https:\/\/raed.academy\/wp-content\/uploads\/2017\/01\/cropped-logo_raed.png","width":512,"height":512,"caption":"Real Academia Europea de Doctores"},"image":{"@id":"https:\/\/raed.academy\/ca\/#\/schema\/logo\/image\/"},"sameAs":["http:\/\/fb.me\/raed.academy","https:\/\/x.com\/raedacademy","https:\/\/www.instagram.com\/raed.academy\/","https:\/\/www.youtube.com\/channel\/UCUYQwW2KrdirNWihxMDObwg"]},{"@type":"Person","@id":"https:\/\/raed.academy\/ca\/#\/schema\/person\/5a755da80d1d979fd66ba745c8702927","name":"RAED","image":{"@type":"ImageObject","inLanguage":"ca-ES","@id":"https:\/\/secure.gravatar.com\/avatar\/19fdfdc0d67fb9c45714b703a2ac82251c4fcea3637f002ac3c9b74c0183583c?s=96&d=mm&r=g","url":"https:\/\/secure.gravatar.com\/avatar\/19fdfdc0d67fb9c45714b703a2ac82251c4fcea3637f002ac3c9b74c0183583c?s=96&d=mm&r=g","contentUrl":"https:\/\/secure.gravatar.com\/avatar\/19fdfdc0d67fb9c45714b703a2ac82251c4fcea3637f002ac3c9b74c0183583c?s=96&d=mm&r=g","caption":"RAED"}}]}},"_links":{"self":[{"href":"https:\/\/raed.academy\/ca\/wp-json\/wp\/v2\/posts\/144916","targetHints":{"allow":["GET"]}}],"collection":[{"href":"https:\/\/raed.academy\/ca\/wp-json\/wp\/v2\/posts"}],"about":[{"href":"https:\/\/raed.academy\/ca\/wp-json\/wp\/v2\/types\/post"}],"author":[{"embeddable":true,"href":"https:\/\/raed.academy\/ca\/wp-json\/wp\/v2\/users\/12"}],"replies":[{"embeddable":true,"href":"https:\/\/raed.academy\/ca\/wp-json\/wp\/v2\/comments?post=144916"}],"version-history":[{"count":0,"href":"https:\/\/raed.academy\/ca\/wp-json\/wp\/v2\/posts\/144916\/revisions"}],"wp:featuredmedia":[{"embeddable":true,"href":"https:\/\/raed.academy\/ca\/wp-json\/wp\/v2\/media\/144897"}],"wp:attachment":[{"href":"https:\/\/raed.academy\/ca\/wp-json\/wp\/v2\/media?parent=144916"}],"wp:term":[{"taxonomy":"category","embeddable":true,"href":"https:\/\/raed.academy\/ca\/wp-json\/wp\/v2\/categories?post=144916"},{"taxonomy":"post_tag","embeddable":true,"href":"https:\/\/raed.academy\/ca\/wp-json\/wp\/v2\/tags?post=144916"}],"curies":[{"name":"wp","href":"https:\/\/api.w.org\/{rel}","templated":true}]}}