{"id":144544,"date":"2024-01-26T15:23:56","date_gmt":"2024-01-26T15:23:56","guid":{"rendered":"https:\/\/raed.academy\/?p=144544"},"modified":"2024-01-26T19:38:30","modified_gmt":"2024-01-26T19:38:30","slug":"exercici-i-nutricio-com-a-elements-clau-de-la-salut-a-totes-les-edats","status":"publish","type":"post","link":"https:\/\/raed.academy\/ca\/exercici-i-nutricio-com-a-elements-clau-de-la-salut-a-totes-les-edats\/","title":{"rendered":"Exercici i nutrici\u00f3 com a elements clau de la salut a totes les edats"},"content":{"rendered":"<p>[et_pb_section fb_built=&#8221;1&#8243; _builder_version=&#8221;4.16&#8243; global_colors_info=&#8221;{}&#8221;][et_pb_row use_custom_gutter=&#8221;on&#8221; gutter_width=&#8221;1&#8243; _builder_version=&#8221;4.23.4&#8243; background_size=&#8221;initial&#8221; background_position=&#8221;top_left&#8221; background_repeat=&#8221;repeat&#8221; max_width=&#8221;1400px&#8221; global_colors_info=&#8221;{}&#8221;][et_pb_column type=&#8221;4_4&#8243; _builder_version=&#8221;4.16&#8243; custom_padding=&#8221;|||&#8221; global_colors_info=&#8221;{}&#8221; custom_padding__hover=&#8221;|||&#8221;][et_pb_text _builder_version=&#8221;4.23.4&#8243; background_size=&#8221;initial&#8221; background_position=&#8221;top_left&#8221; background_repeat=&#8221;repeat&#8221; hover_enabled=&#8221;0&#8243; global_colors_info=&#8221;{}&#8221; sticky_enabled=&#8221;0&#8243;]<div id=\"attachment_144552\" style=\"width: 228px\" class=\"wp-caption alignleft\"><img loading=\"lazy\" decoding=\"async\" aria-describedby=\"caption-attachment-144552\" class=\"wp-image-144552\" src=\"https:\/\/raed.academy\/wp-content\/uploads\/2024\/01\/Dra-Marcela-Gonzalez-Gross-230x317px.jpg\" alt=\"\" width=\"218\" height=\"300\" \/><p id=\"caption-attachment-144552\" class=\"wp-caption-text\">Dra. Marcela Gonz\u00e1lez-Gross<\/p><\/div><\/p>\n<p><a href=\"https:\/\/raed.academy\/academicos\/dra-marcela-gonzalez-gross\/\"><strong>Marcela Gonz\u00e1lez-Gross<\/strong><\/a>, doctora en Farm\u00e0cia i presidenta de la <strong>Societat Espanyola de Nutrici\u00f3<\/strong>, va ingressar com a acad\u00e8mica de n\u00famero de la <strong>Reial Acad\u00e8mia Europea de Doctors-Barcelona 1914<\/strong> (RAED) durant una solemne sessi\u00f3 celebrada a la Sala d&#8217;Actes de<strong> Foment del Treball<\/strong>, seu de la Reial Corporaci\u00f3, el 25 de gener passat. L&#8217;acte es va poder seguir tant de forma presencial com per streaming a trav\u00e9s del canal de <strong>YouTube<\/strong> de la RAED, on es pot visionar. La recipien\u00e0ria va llegir el discurs d&#8217;ingr\u00e9s <a href=\"https:\/\/raed.academy\/wp-content\/uploads\/2024\/01\/ejercicio-fisico-y-nutricion-Marcela-Gonzalez-Gross.pdf\" target=\"_blank\" rel=\"noopener\"><strong>&#8220;Ejercicio f\u00edsico y nutrici\u00f3n: sinergia para un estilo de vida saludable&#8221;<\/strong><\/a>. Li va respondre en nom de la RAED l&#8217;acad\u00e8mic de n\u00famero <a href=\"https:\/\/raed.academy\/ca\/academics\/dr-rafael-urrialde-de-andres\/\" target=\"_blank\" rel=\"noopener\"><em><strong>Rafael Urrialde<\/strong><\/em><\/a>.<\/p>\n<p>Catedr\u00e0tica de Nutrici\u00f3 i Fisiologia de l&#8217;Exercici a l&#8217;\u00e0rea d&#8217;Educaci\u00f3 F\u00edsica i Esportiva i directora del <strong>Departament de Salut i Rendiment Hum\u00e0<\/strong> de la <strong>Facultat de Ci\u00e8ncies de l&#8217;Activitat F\u00edsica i de l&#8217;Esport-INEF<\/strong> de la <strong>Universitat Polit\u00e8cnica de Madrid<\/strong>, la recipiend\u00e0ria va partir de la que es considera primera visi\u00f3 hol\u00edstica de la salut, resumida a la sent\u00e8ncia &#8220;mens sana in corpore sano&#8221; de <strong>Juvenal<\/strong> al primer segle de la nostra era per considerar que, molts segles despr\u00e9s, es pot considerar que una dieta equilibrada i l&#8217;augment de la pr\u00e0ctica d&#8217;exercici f\u00edsic s\u00f3n els dos grans pilars modificables sobre els quals se sustenta la salut de la poblaci\u00f3 general. A partir d&#8217;aqu\u00ed va introduir els conceptes d&#8217;activitat f\u00edsica, exercici f\u00edsic, condici\u00f3 f\u00edsica i nutrici\u00f3 com a elements inseparables de la salut i el benestar.<\/p>\n<p>&#8220;Avui dia ning\u00fa no dubta que som el que mengem, tant en sentit estricte, ja que els aliments i begudes que ingerim ens aporten l&#8217;energia i els nutrients necessaris per cr\u00e9ixer i viure, com tamb\u00e9 en sentit figurat, ja que els aven\u00e7os cient\u00edfics han confirmat que una adequada elecci\u00f3 d&#8217;aliments pot influir en la nostra salut i reduir el risc de patir malalties cr\u00f2niques no transmissibles. Un exemple de dieta cient\u00edficament saludable \u00e9s la Dieta Mediterr\u00e0nia, declarada Patrimoni Cultural Immaterial de la Humanitat el 2010, que fa refer\u00e8ncia aliments i begudes i va associada a un estil de vida. Tampoc avui dia ning\u00fa no q\u00fcestiona els beneficis de l&#8217;exercici f\u00edsic i de portar una vida en moviment&#8221;, va assenyalar l&#8217;experta abans de pautar per edats una s\u00e8rie de recomanacions sobre un estil de vida saludable.<\/p>\n<p>Per a Gonz\u00e1lez-Gross, nutrici\u00f3 i exercici, juntament amb altres factors de l&#8217;estil de vida, van interaccionant al llarg de la vida, condicionant la salut, encara que a cada etapa aquesta interacci\u00f3 va variant i t\u00e9 diferents objectius. &#8220;L&#8217;adquisici\u00f3 d&#8217;uns h\u00e0bits alimentaris saludables i de les habilitats motrius b\u00e0siques a la inf\u00e0ncia hauria de facilitar la consecuci\u00f3 d&#8217;aquests objectius. Per adquirir, mantenir i no perdre l&#8217;estil saludable a les diferents etapes de la vida, considerem important l&#8217;acompanyament de professionals formats per educar els pares i fam\u00edlies, els nens a l&#8217;escola, a la formaci\u00f3 professional, a la universitat, els adults a la feina, al temps d&#8217;oci i despr\u00e9s de la jubilaci\u00f3&#8221;, va concloure.<\/p>\n<p>La nova acad\u00e8mica \u00e9s tamb\u00e9\u00a0membre de les juntes directives de la<strong> Federaci\u00f3 de Societats de Nutrici\u00f3 d&#8217;Europa<\/strong> i de la <strong>Iniciativa Europea L&#8217;Exercici \u00e9s Medicina<\/strong>, membre de la U<strong>ni\u00f3 Internacional de Ci\u00e8ncies de la Nutrici\u00f3<\/strong>, s\u00f2cia fundadora de la xarxa cient\u00edfica <strong>Exernet<\/strong>, membre de<strong> Xarxa C\u00edber d&#8217;Obesitat i Nutrici\u00f3<\/strong> i acad\u00e8mica corresponent de la <strong>Reial Acad\u00e8mia Nacional de Farm\u00e0cia<\/strong>. Les seves l\u00ednies de recerca principals inclouen la interacci\u00f3 d&#8217;exercici f\u00edsic i dieta en la qualitat de vida i l&#8217;envelliment, la recerca i la interpretaci\u00f3 de biomarcadors i la identificaci\u00f3 primerenca de malnutrici\u00f3, el deteriorament cognitiu i de la condici\u00f3 f\u00edsica, la seva relaci\u00f3 amb par\u00e0metres fisiopatol\u00f2gics (especialment vitamines i marcadors de risc metab\u00f2lic) i la nutrici\u00f3 i hidrataci\u00f3 esportiva i educaci\u00f3 per a la salut. \u00c9s autora de m\u00e9s de 400 publicacions, ha dirigit 45 treballs de fi de m\u00e0ster i 19 tesis doctorals a diferents universitats. Tamb\u00e9 ha participat en m\u00e9s de 70 projectes de recerca i ha impartit m\u00e9s de 250 confer\u00e8ncies en l&#8217;\u00e0mbit nacional i internacional. Ha rebut diversos premis, com ara el segon <strong>Premi Nacional de Recerca en Medicina de l&#8217;Esport<\/strong> el 2016, que concedeix la <strong>Universitat d&#8217;Oviedo<\/strong>.<\/p>\n<h2><a href=\"https:\/\/raed.academy\/wp-content\/uploads\/2024\/01\/ejercicio-fisico-y-nutricion-Marcela-Gonzalez-Gross.pdf\" target=\"_blank\" rel=\"noopener\">Discurs d&#8217;ingr\u00e9s<\/a><\/h2>\n<p>[\/et_pb_text][et_pb_divider show_divider=&#8221;off&#8221; _builder_version=&#8221;4.23.4&#8243; _module_preset=&#8221;default&#8221; height=&#8221;40px&#8221; global_colors_info=&#8221;{}&#8221;][\/et_pb_divider][et_pb_video src=&#8221;https:\/\/youtu.be\/wXZYSHZhhRs&#8221; _builder_version=&#8221;4.23.4&#8243; _module_preset=&#8221;default&#8221; global_colors_info=&#8221;{}&#8221;][\/et_pb_video][et_pb_divider show_divider=&#8221;off&#8221; _builder_version=&#8221;4.23.4&#8243; _module_preset=&#8221;default&#8221; height=&#8221;40px&#8221; global_colors_info=&#8221;{}&#8221;][\/et_pb_divider][et_pb_gallery gallery_ids=&#8221;144599,144596,144593,144590,144587,144584,144581,144578,144575,144572,144569,144566&#8243; posts_number=&#8221;12&#8243; show_title_and_caption=&#8221;off&#8221; show_pagination=&#8221;off&#8221; module_class=&#8221;galeria-pad-1&#8243; _builder_version=&#8221;4.23.4&#8243; _module_preset=&#8221;default&#8221; locked=&#8221;off&#8221; global_colors_info=&#8221;{}&#8221;][\/et_pb_gallery][\/et_pb_column][\/et_pb_row][\/et_pb_section]<\/p>\n","protected":false},"excerpt":{"rendered":"<p>Marcela Gonz\u00e1lez-Gross introdueix, durant el seu ingr\u00e9s a la RAED, els conceptes d&#8217;activitat f\u00edsica, exercici f\u00edsic, condici\u00f3 f\u00edsica i nutrici\u00f3 com a elements inseparables de la salut i el benestar<\/p>\n","protected":false},"author":12,"featured_media":128613,"comment_status":"closed","ping_status":"closed","sticky":false,"template":"","format":"standard","meta":{"_et_pb_use_builder":"on","_et_pb_old_content":"","_et_gb_content_width":"","footnotes":""},"categories":[237],"tags":[],"class_list":["post-144544","post","type-post","status-publish","format-standard","has-post-thumbnail","hentry","category-alimentacio-i-nutricio","et-has-post-format-content","et_post_format-et-post-format-standard"],"yoast_head":"<!-- This site is optimized with the Yoast SEO plugin v27.4 - https:\/\/yoast.com\/product\/yoast-seo-wordpress\/ -->\n<title>Exercici i nutrici\u00f3 com a elements clau de la salut a totes les edats - Reial Acad\u00e8mia Europea de Doctors<\/title>\n<meta name=\"description\" content=\"Marcela Gonz\u00e1lez-Gross introdueix, durant el seu ingr\u00e9s a la RAED, els conceptes d&#039;activitat f\u00edsica, exercici i nutrici\u00f3 com a elements clau de la salut i el benestar\" \/>\n<meta name=\"robots\" content=\"index, follow, max-snippet:-1, max-image-preview:large, max-video-preview:-1\" \/>\n<link rel=\"canonical\" href=\"https:\/\/raed.academy\/ca\/exercici-i-nutricio-com-a-elements-clau-de-la-salut-a-totes-les-edats\/\" \/>\n<meta property=\"og:locale\" content=\"ca_ES\" \/>\n<meta property=\"og:type\" content=\"article\" \/>\n<meta property=\"og:title\" content=\"Exercici i nutrici\u00f3 com a elements clau de la salut a totes les edats - Reial Acad\u00e8mia Europea de Doctors\" \/>\n<meta property=\"og:description\" content=\"Marcela Gonz\u00e1lez-Gross introdueix, durant el seu ingr\u00e9s a la RAED, els conceptes d&#039;activitat f\u00edsica, exercici i nutrici\u00f3 com a elements clau de la salut i el benestar\" \/>\n<meta property=\"og:url\" content=\"https:\/\/raed.academy\/ca\/exercici-i-nutricio-com-a-elements-clau-de-la-salut-a-totes-les-edats\/\" \/>\n<meta property=\"og:site_name\" content=\"Reial Acad\u00e8mia Europea de Doctors\" \/>\n<meta property=\"article:publisher\" content=\"http:\/\/fb.me\/raed.academy\" \/>\n<meta property=\"article:published_time\" content=\"2024-01-26T15:23:56+00:00\" \/>\n<meta property=\"article:modified_time\" content=\"2024-01-26T19:38:30+00:00\" \/>\n<meta property=\"og:image\" content=\"https:\/\/raed.academy\/wp-content\/uploads\/2023\/02\/shutterstock-deporte-y-nutricion-alimentacion-dst.webp\" \/>\n\t<meta property=\"og:image:width\" content=\"600\" \/>\n\t<meta property=\"og:image:height\" content=\"360\" \/>\n\t<meta property=\"og:image:type\" content=\"image\/webp\" \/>\n<meta name=\"author\" content=\"RAED\" \/>\n<meta name=\"twitter:card\" content=\"summary_large_image\" \/>\n<meta name=\"twitter:creator\" content=\"@raedacademy\" \/>\n<meta name=\"twitter:site\" content=\"@raedacademy\" \/>\n<meta name=\"twitter:label1\" content=\"Written by\" \/>\n\t<meta name=\"twitter:data1\" content=\"RAED\" \/>\n\t<meta name=\"twitter:label2\" content=\"Est. reading time\" \/>\n\t<meta name=\"twitter:data2\" content=\"6 minutes\" \/>\n<script type=\"application\/ld+json\" class=\"yoast-schema-graph\">{\"@context\":\"https:\\\/\\\/schema.org\",\"@graph\":[{\"@type\":\"Article\",\"@id\":\"https:\\\/\\\/raed.academy\\\/ca\\\/exercici-i-nutricio-com-a-elements-clau-de-la-salut-a-totes-les-edats\\\/#article\",\"isPartOf\":{\"@id\":\"https:\\\/\\\/raed.academy\\\/ca\\\/exercici-i-nutricio-com-a-elements-clau-de-la-salut-a-totes-les-edats\\\/\"},\"author\":{\"name\":\"RAED\",\"@id\":\"https:\\\/\\\/raed.academy\\\/ca\\\/#\\\/schema\\\/person\\\/5a755da80d1d979fd66ba745c8702927\"},\"headline\":\"Exercici i nutrici\u00f3 com a elements clau de la salut a totes les edats\",\"datePublished\":\"2024-01-26T15:23:56+00:00\",\"dateModified\":\"2024-01-26T19:38:30+00:00\",\"mainEntityOfPage\":{\"@id\":\"https:\\\/\\\/raed.academy\\\/ca\\\/exercici-i-nutricio-com-a-elements-clau-de-la-salut-a-totes-les-edats\\\/\"},\"wordCount\":969,\"publisher\":{\"@id\":\"https:\\\/\\\/raed.academy\\\/ca\\\/#organization\"},\"image\":{\"@id\":\"https:\\\/\\\/raed.academy\\\/ca\\\/exercici-i-nutricio-com-a-elements-clau-de-la-salut-a-totes-les-edats\\\/#primaryimage\"},\"thumbnailUrl\":\"https:\\\/\\\/raed.academy\\\/wp-content\\\/uploads\\\/2023\\\/02\\\/shutterstock-deporte-y-nutricion-alimentacion-dst.webp\",\"articleSection\":[\"Alimentaci\u00f3 i nutrici\u00f3\"],\"inLanguage\":\"ca-ES\"},{\"@type\":\"WebPage\",\"@id\":\"https:\\\/\\\/raed.academy\\\/ca\\\/exercici-i-nutricio-com-a-elements-clau-de-la-salut-a-totes-les-edats\\\/\",\"url\":\"https:\\\/\\\/raed.academy\\\/ca\\\/exercici-i-nutricio-com-a-elements-clau-de-la-salut-a-totes-les-edats\\\/\",\"name\":\"Exercici i nutrici\u00f3 com a elements clau de la salut a totes les edats - Reial Acad\u00e8mia Europea de Doctors\",\"isPartOf\":{\"@id\":\"https:\\\/\\\/raed.academy\\\/ca\\\/#website\"},\"primaryImageOfPage\":{\"@id\":\"https:\\\/\\\/raed.academy\\\/ca\\\/exercici-i-nutricio-com-a-elements-clau-de-la-salut-a-totes-les-edats\\\/#primaryimage\"},\"image\":{\"@id\":\"https:\\\/\\\/raed.academy\\\/ca\\\/exercici-i-nutricio-com-a-elements-clau-de-la-salut-a-totes-les-edats\\\/#primaryimage\"},\"thumbnailUrl\":\"https:\\\/\\\/raed.academy\\\/wp-content\\\/uploads\\\/2023\\\/02\\\/shutterstock-deporte-y-nutricion-alimentacion-dst.webp\",\"datePublished\":\"2024-01-26T15:23:56+00:00\",\"dateModified\":\"2024-01-26T19:38:30+00:00\",\"description\":\"Marcela Gonz\u00e1lez-Gross introdueix, durant el seu ingr\u00e9s a la RAED, els conceptes d'activitat f\u00edsica, exercici i nutrici\u00f3 com a elements clau de la salut i el benestar\",\"breadcrumb\":{\"@id\":\"https:\\\/\\\/raed.academy\\\/ca\\\/exercici-i-nutricio-com-a-elements-clau-de-la-salut-a-totes-les-edats\\\/#breadcrumb\"},\"inLanguage\":\"ca-ES\",\"potentialAction\":[{\"@type\":\"ReadAction\",\"target\":[\"https:\\\/\\\/raed.academy\\\/ca\\\/exercici-i-nutricio-com-a-elements-clau-de-la-salut-a-totes-les-edats\\\/\"]}]},{\"@type\":\"ImageObject\",\"inLanguage\":\"ca-ES\",\"@id\":\"https:\\\/\\\/raed.academy\\\/ca\\\/exercici-i-nutricio-com-a-elements-clau-de-la-salut-a-totes-les-edats\\\/#primaryimage\",\"url\":\"https:\\\/\\\/raed.academy\\\/wp-content\\\/uploads\\\/2023\\\/02\\\/shutterstock-deporte-y-nutricion-alimentacion-dst.webp\",\"contentUrl\":\"https:\\\/\\\/raed.academy\\\/wp-content\\\/uploads\\\/2023\\\/02\\\/shutterstock-deporte-y-nutricion-alimentacion-dst.webp\",\"width\":600,\"height\":360},{\"@type\":\"BreadcrumbList\",\"@id\":\"https:\\\/\\\/raed.academy\\\/ca\\\/exercici-i-nutricio-com-a-elements-clau-de-la-salut-a-totes-les-edats\\\/#breadcrumb\",\"itemListElement\":[{\"@type\":\"ListItem\",\"position\":1,\"name\":\"Inicio\",\"item\":\"https:\\\/\\\/raed.academy\\\/ca\\\/\"},{\"@type\":\"ListItem\",\"position\":2,\"name\":\"Exercici i nutrici\u00f3 com a elements clau de la salut a totes les edats\"}]},{\"@type\":\"WebSite\",\"@id\":\"https:\\\/\\\/raed.academy\\\/ca\\\/#website\",\"url\":\"https:\\\/\\\/raed.academy\\\/ca\\\/\",\"name\":\"Reial Acad\u00e8mia Europea de Doctors\",\"description\":\"Corporaci\u00f3n de derecho p\u00fablico de car\u00e1cter cient\u00edfico, t\u00e9cnico y art\u00edstico, que tiene por objeto la investigaci\u00f3n, el estudio, el fomento y la extensi\u00f3n del conocimiento en su sentido m\u00e1s amplio\",\"publisher\":{\"@id\":\"https:\\\/\\\/raed.academy\\\/ca\\\/#organization\"},\"potentialAction\":[{\"@type\":\"SearchAction\",\"target\":{\"@type\":\"EntryPoint\",\"urlTemplate\":\"https:\\\/\\\/raed.academy\\\/ca\\\/?s={search_term_string}\"},\"query-input\":{\"@type\":\"PropertyValueSpecification\",\"valueRequired\":true,\"valueName\":\"search_term_string\"}}],\"inLanguage\":\"ca-ES\"},{\"@type\":\"Organization\",\"@id\":\"https:\\\/\\\/raed.academy\\\/ca\\\/#organization\",\"name\":\"Real Academia Europea de Doctores\",\"url\":\"https:\\\/\\\/raed.academy\\\/ca\\\/\",\"logo\":{\"@type\":\"ImageObject\",\"inLanguage\":\"ca-ES\",\"@id\":\"https:\\\/\\\/raed.academy\\\/ca\\\/#\\\/schema\\\/logo\\\/image\\\/\",\"url\":\"https:\\\/\\\/raed.academy\\\/wp-content\\\/uploads\\\/2017\\\/01\\\/cropped-logo_raed.png\",\"contentUrl\":\"https:\\\/\\\/raed.academy\\\/wp-content\\\/uploads\\\/2017\\\/01\\\/cropped-logo_raed.png\",\"width\":512,\"height\":512,\"caption\":\"Real Academia Europea de Doctores\"},\"image\":{\"@id\":\"https:\\\/\\\/raed.academy\\\/ca\\\/#\\\/schema\\\/logo\\\/image\\\/\"},\"sameAs\":[\"http:\\\/\\\/fb.me\\\/raed.academy\",\"https:\\\/\\\/x.com\\\/raedacademy\",\"https:\\\/\\\/www.instagram.com\\\/raed.academy\\\/\",\"https:\\\/\\\/www.youtube.com\\\/channel\\\/UCUYQwW2KrdirNWihxMDObwg\"]},{\"@type\":\"Person\",\"@id\":\"https:\\\/\\\/raed.academy\\\/ca\\\/#\\\/schema\\\/person\\\/5a755da80d1d979fd66ba745c8702927\",\"name\":\"RAED\",\"image\":{\"@type\":\"ImageObject\",\"inLanguage\":\"ca-ES\",\"@id\":\"https:\\\/\\\/secure.gravatar.com\\\/avatar\\\/19fdfdc0d67fb9c45714b703a2ac82251c4fcea3637f002ac3c9b74c0183583c?s=96&d=mm&r=g\",\"url\":\"https:\\\/\\\/secure.gravatar.com\\\/avatar\\\/19fdfdc0d67fb9c45714b703a2ac82251c4fcea3637f002ac3c9b74c0183583c?s=96&d=mm&r=g\",\"contentUrl\":\"https:\\\/\\\/secure.gravatar.com\\\/avatar\\\/19fdfdc0d67fb9c45714b703a2ac82251c4fcea3637f002ac3c9b74c0183583c?s=96&d=mm&r=g\",\"caption\":\"RAED\"}}]}<\/script>\n<!-- \/ Yoast SEO plugin. -->","yoast_head_json":{"title":"Exercici i nutrici\u00f3 com a elements clau de la salut a totes les edats - Reial Acad\u00e8mia Europea de Doctors","description":"Marcela Gonz\u00e1lez-Gross introdueix, durant el seu ingr\u00e9s a la RAED, els conceptes d'activitat f\u00edsica, exercici i nutrici\u00f3 com a elements clau de la salut i el benestar","robots":{"index":"index","follow":"follow","max-snippet":"max-snippet:-1","max-image-preview":"max-image-preview:large","max-video-preview":"max-video-preview:-1"},"canonical":"https:\/\/raed.academy\/ca\/exercici-i-nutricio-com-a-elements-clau-de-la-salut-a-totes-les-edats\/","og_locale":"ca_ES","og_type":"article","og_title":"Exercici i nutrici\u00f3 com a elements clau de la salut a totes les edats - Reial Acad\u00e8mia Europea de Doctors","og_description":"Marcela Gonz\u00e1lez-Gross introdueix, durant el seu ingr\u00e9s a la RAED, els conceptes d'activitat f\u00edsica, exercici i nutrici\u00f3 com a elements clau de la salut i el benestar","og_url":"https:\/\/raed.academy\/ca\/exercici-i-nutricio-com-a-elements-clau-de-la-salut-a-totes-les-edats\/","og_site_name":"Reial Acad\u00e8mia Europea de Doctors","article_publisher":"http:\/\/fb.me\/raed.academy","article_published_time":"2024-01-26T15:23:56+00:00","article_modified_time":"2024-01-26T19:38:30+00:00","og_image":[{"width":600,"height":360,"url":"https:\/\/raed.academy\/wp-content\/uploads\/2023\/02\/shutterstock-deporte-y-nutricion-alimentacion-dst.webp","type":"image\/webp"}],"author":"RAED","twitter_card":"summary_large_image","twitter_creator":"@raedacademy","twitter_site":"@raedacademy","twitter_misc":{"Written by":"RAED","Est. reading time":"6 minutes"},"schema":{"@context":"https:\/\/schema.org","@graph":[{"@type":"Article","@id":"https:\/\/raed.academy\/ca\/exercici-i-nutricio-com-a-elements-clau-de-la-salut-a-totes-les-edats\/#article","isPartOf":{"@id":"https:\/\/raed.academy\/ca\/exercici-i-nutricio-com-a-elements-clau-de-la-salut-a-totes-les-edats\/"},"author":{"name":"RAED","@id":"https:\/\/raed.academy\/ca\/#\/schema\/person\/5a755da80d1d979fd66ba745c8702927"},"headline":"Exercici i nutrici\u00f3 com a elements clau de la salut a totes les edats","datePublished":"2024-01-26T15:23:56+00:00","dateModified":"2024-01-26T19:38:30+00:00","mainEntityOfPage":{"@id":"https:\/\/raed.academy\/ca\/exercici-i-nutricio-com-a-elements-clau-de-la-salut-a-totes-les-edats\/"},"wordCount":969,"publisher":{"@id":"https:\/\/raed.academy\/ca\/#organization"},"image":{"@id":"https:\/\/raed.academy\/ca\/exercici-i-nutricio-com-a-elements-clau-de-la-salut-a-totes-les-edats\/#primaryimage"},"thumbnailUrl":"https:\/\/raed.academy\/wp-content\/uploads\/2023\/02\/shutterstock-deporte-y-nutricion-alimentacion-dst.webp","articleSection":["Alimentaci\u00f3 i nutrici\u00f3"],"inLanguage":"ca-ES"},{"@type":"WebPage","@id":"https:\/\/raed.academy\/ca\/exercici-i-nutricio-com-a-elements-clau-de-la-salut-a-totes-les-edats\/","url":"https:\/\/raed.academy\/ca\/exercici-i-nutricio-com-a-elements-clau-de-la-salut-a-totes-les-edats\/","name":"Exercici i nutrici\u00f3 com a elements clau de la salut a totes les edats - Reial Acad\u00e8mia Europea de Doctors","isPartOf":{"@id":"https:\/\/raed.academy\/ca\/#website"},"primaryImageOfPage":{"@id":"https:\/\/raed.academy\/ca\/exercici-i-nutricio-com-a-elements-clau-de-la-salut-a-totes-les-edats\/#primaryimage"},"image":{"@id":"https:\/\/raed.academy\/ca\/exercici-i-nutricio-com-a-elements-clau-de-la-salut-a-totes-les-edats\/#primaryimage"},"thumbnailUrl":"https:\/\/raed.academy\/wp-content\/uploads\/2023\/02\/shutterstock-deporte-y-nutricion-alimentacion-dst.webp","datePublished":"2024-01-26T15:23:56+00:00","dateModified":"2024-01-26T19:38:30+00:00","description":"Marcela Gonz\u00e1lez-Gross introdueix, durant el seu ingr\u00e9s a la RAED, els conceptes d'activitat f\u00edsica, exercici i nutrici\u00f3 com a elements clau de la salut i el benestar","breadcrumb":{"@id":"https:\/\/raed.academy\/ca\/exercici-i-nutricio-com-a-elements-clau-de-la-salut-a-totes-les-edats\/#breadcrumb"},"inLanguage":"ca-ES","potentialAction":[{"@type":"ReadAction","target":["https:\/\/raed.academy\/ca\/exercici-i-nutricio-com-a-elements-clau-de-la-salut-a-totes-les-edats\/"]}]},{"@type":"ImageObject","inLanguage":"ca-ES","@id":"https:\/\/raed.academy\/ca\/exercici-i-nutricio-com-a-elements-clau-de-la-salut-a-totes-les-edats\/#primaryimage","url":"https:\/\/raed.academy\/wp-content\/uploads\/2023\/02\/shutterstock-deporte-y-nutricion-alimentacion-dst.webp","contentUrl":"https:\/\/raed.academy\/wp-content\/uploads\/2023\/02\/shutterstock-deporte-y-nutricion-alimentacion-dst.webp","width":600,"height":360},{"@type":"BreadcrumbList","@id":"https:\/\/raed.academy\/ca\/exercici-i-nutricio-com-a-elements-clau-de-la-salut-a-totes-les-edats\/#breadcrumb","itemListElement":[{"@type":"ListItem","position":1,"name":"Inicio","item":"https:\/\/raed.academy\/ca\/"},{"@type":"ListItem","position":2,"name":"Exercici i nutrici\u00f3 com a elements clau de la salut a totes les edats"}]},{"@type":"WebSite","@id":"https:\/\/raed.academy\/ca\/#website","url":"https:\/\/raed.academy\/ca\/","name":"Reial Acad\u00e8mia Europea de Doctors","description":"Corporaci\u00f3n de derecho p\u00fablico de car\u00e1cter cient\u00edfico, t\u00e9cnico y art\u00edstico, que tiene por objeto la investigaci\u00f3n, el estudio, el fomento y la extensi\u00f3n del conocimiento en su sentido m\u00e1s amplio","publisher":{"@id":"https:\/\/raed.academy\/ca\/#organization"},"potentialAction":[{"@type":"SearchAction","target":{"@type":"EntryPoint","urlTemplate":"https:\/\/raed.academy\/ca\/?s={search_term_string}"},"query-input":{"@type":"PropertyValueSpecification","valueRequired":true,"valueName":"search_term_string"}}],"inLanguage":"ca-ES"},{"@type":"Organization","@id":"https:\/\/raed.academy\/ca\/#organization","name":"Real Academia Europea de Doctores","url":"https:\/\/raed.academy\/ca\/","logo":{"@type":"ImageObject","inLanguage":"ca-ES","@id":"https:\/\/raed.academy\/ca\/#\/schema\/logo\/image\/","url":"https:\/\/raed.academy\/wp-content\/uploads\/2017\/01\/cropped-logo_raed.png","contentUrl":"https:\/\/raed.academy\/wp-content\/uploads\/2017\/01\/cropped-logo_raed.png","width":512,"height":512,"caption":"Real Academia Europea de Doctores"},"image":{"@id":"https:\/\/raed.academy\/ca\/#\/schema\/logo\/image\/"},"sameAs":["http:\/\/fb.me\/raed.academy","https:\/\/x.com\/raedacademy","https:\/\/www.instagram.com\/raed.academy\/","https:\/\/www.youtube.com\/channel\/UCUYQwW2KrdirNWihxMDObwg"]},{"@type":"Person","@id":"https:\/\/raed.academy\/ca\/#\/schema\/person\/5a755da80d1d979fd66ba745c8702927","name":"RAED","image":{"@type":"ImageObject","inLanguage":"ca-ES","@id":"https:\/\/secure.gravatar.com\/avatar\/19fdfdc0d67fb9c45714b703a2ac82251c4fcea3637f002ac3c9b74c0183583c?s=96&d=mm&r=g","url":"https:\/\/secure.gravatar.com\/avatar\/19fdfdc0d67fb9c45714b703a2ac82251c4fcea3637f002ac3c9b74c0183583c?s=96&d=mm&r=g","contentUrl":"https:\/\/secure.gravatar.com\/avatar\/19fdfdc0d67fb9c45714b703a2ac82251c4fcea3637f002ac3c9b74c0183583c?s=96&d=mm&r=g","caption":"RAED"}}]}},"_links":{"self":[{"href":"https:\/\/raed.academy\/ca\/wp-json\/wp\/v2\/posts\/144544","targetHints":{"allow":["GET"]}}],"collection":[{"href":"https:\/\/raed.academy\/ca\/wp-json\/wp\/v2\/posts"}],"about":[{"href":"https:\/\/raed.academy\/ca\/wp-json\/wp\/v2\/types\/post"}],"author":[{"embeddable":true,"href":"https:\/\/raed.academy\/ca\/wp-json\/wp\/v2\/users\/12"}],"replies":[{"embeddable":true,"href":"https:\/\/raed.academy\/ca\/wp-json\/wp\/v2\/comments?post=144544"}],"version-history":[{"count":0,"href":"https:\/\/raed.academy\/ca\/wp-json\/wp\/v2\/posts\/144544\/revisions"}],"wp:featuredmedia":[{"embeddable":true,"href":"https:\/\/raed.academy\/ca\/wp-json\/wp\/v2\/media\/128613"}],"wp:attachment":[{"href":"https:\/\/raed.academy\/ca\/wp-json\/wp\/v2\/media?parent=144544"}],"wp:term":[{"taxonomy":"category","embeddable":true,"href":"https:\/\/raed.academy\/ca\/wp-json\/wp\/v2\/categories?post=144544"},{"taxonomy":"post_tag","embeddable":true,"href":"https:\/\/raed.academy\/ca\/wp-json\/wp\/v2\/tags?post=144544"}],"curies":[{"name":"wp","href":"https:\/\/api.w.org\/{rel}","templated":true}]}}