{"id":144541,"date":"2024-01-26T15:15:15","date_gmt":"2024-01-26T15:15:15","guid":{"rendered":"https:\/\/raed.academy\/?p=144541"},"modified":"2024-01-26T15:15:15","modified_gmt":"2024-01-26T15:15:15","slug":"neurocompletisme-lemissio-i-la-recepcio-del-missatge-artistic-i-vital","status":"publish","type":"post","link":"https:\/\/raed.academy\/ca\/neurocompletisme-lemissio-i-la-recepcio-del-missatge-artistic-i-vital\/","title":{"rendered":"Neurocompletisme: l&#8217;emissi\u00f3 i la recepci\u00f3 del missatge art\u00edstic i vital"},"content":{"rendered":"<div id=\"attachment_91171\" style=\"width: 216px\" class=\"wp-caption alignright\"><img loading=\"lazy\" decoding=\"async\" aria-describedby=\"caption-attachment-91171\" class=\"wp-image-91171\" src=\"https:\/\/raed.academy\/wp-content\/uploads\/2020\/06\/Ernesto-Kahan.jpg\" alt=\"Ernesto Kahan\" width=\"206\" height=\"251\" \/><p id=\"caption-attachment-91171\" class=\"wp-caption-text\">Dr. Ernesto Kahan<\/p><\/div>\n<p><a href=\"https:\/\/raed.academy\/ca\/academics\/dr-ernesto-kahan\/\" target=\"_blank\" rel=\"noopener\"><em><strong>Ernesto Kahan<\/strong><\/em><\/a>, premi Nobel de la Pau en representaci\u00f3 de l&#8217;<strong>Associaci\u00f3 Internacional de Metges Contra la Guerra Nuclear<\/strong>, director de l&#8217;<strong>Organitzaci\u00f3 Mundial d&#8217;Escriptors<\/strong> i acad\u00e8mic d&#8217;honor de la <strong>Reial Acad\u00e8mia Europea de Doctors-Barcelona 1914<\/strong> (RAED), presenta la comunitat acad\u00e8mica la seva \u00faltima obra, <strong>&#8220;Neurocompletismo. Cruces de Caminos&#8221;<\/strong>, un assaig on tracta d&#8217;ampliar i millorar la comunicaci\u00f3 entre l&#8217;autor d&#8217;obres d&#8217;art i l&#8217;espectador mitjan\u00e7ant l&#8217;\u00fas d&#8217;un nou estil art\u00edstic que anomena neurocompletisme. A l&#8217;obra, editada per <strong>Long Island al D\u00eda Editores<\/strong>, hi participa la tamb\u00e9 acad\u00e8mica honor\u00e0ria de la RAED <a href=\"https:\/\/raed.academy\/ca\/academics\/dra-rosalia-arteaga-serrano\/\" target=\"_blank\" rel=\"noopener\"><em><strong>Rosal\u00eda Arteaga<\/strong><\/em><\/a>, expresidenta i exministra d&#8217;Educaci\u00f3 d&#8217;Equador, presidenta de la <strong>Fundaci\u00f3 per al Desenvolupament d&#8217;Am\u00e8rica Llatina<\/strong>, reconeguda activista per l&#8217;educaci\u00f3 i la inf\u00e0ncia i membre del <strong>Senat<\/strong> de la Reial Acad\u00e8mia.<\/p>\n<p><img loading=\"lazy\" decoding=\"async\" class=\"alignleft size-full wp-image-144503\" src=\"https:\/\/raed.academy\/wp-content\/uploads\/2024\/01\/portada-de-Neurocompletismo-Cruce-de-Caminos-de-Ernesto-Kahan.webp\" alt=\"\" width=\"370\" height=\"456\" \/>L&#8217;autor destaca la import\u00e0ncia creixent de la comunicaci\u00f3 a trav\u00e9s de les xarxes socials i Internet, descriu la base d&#8217;aquest estil i presenta els seus elements metodol\u00f2gics amb exemples pict\u00f2rics creats pel mateix autor per il\u00b7lustrar el concepte. &#8220;\u00c9s curi\u00f3s que aquesta obra, que ha estat dividida en dos blocs ben diferenciats entre Neurocompletisme i Encreuament de Camins, comenci donant pautes d&#8217;una t\u00e8cnica art\u00edstica que impel\u00b7leix a l&#8217;autor a preguntar-se tot el temps com completaria la meva obra el seu potencial destinatari, quines sensacions li provocar\u00e0 i com hi reaccionar\u00e0&#8221;, explica la introducci\u00f3 del llibre.<\/p>\n<p>&#8220;Caminar per la vida des de la meva Patag\u00f2nia de la infantesa fins al meu Israel actual no va fer sin\u00f3 proposar-me permanentment, davant de les diferents decisions que vaig prendre, la pregunta: &#8216;I si en lloc de&#8230; hagu\u00e9s decidit que&#8230;?&#8217;, a un joc ambivalent, amb un peu en aquest univers f\u00e0ctic i amb l&#8217;altre en un univers paral\u00b7lel i alternatiu, que em submergia impl\u00edcitament tot el temps en un neurocompletisme de la vida rica i m\u00faltiple d&#8217;un dels personatges contemporanis que s&#8217;ajusta m\u00e9s al concepte d&#8217;home del Renaixement&#8221;, assenyala el mateix Kahan.<\/p>\n<p>L&#8217;autor aconsegueix connectar el lector a les seves idees, a la seva forma de veure la vida i a la seva pr\u00f2pia persona en una obra que planteja des de la seva ximpleria temes tan complexos com les neuroci\u00e8ncies o el m\u00f3n probabil\u00edstic de la f\u00edsica qu\u00e0ntica mitjan\u00e7ant un relat am\u00e8 i fascinant que recorre una vida exemplar. &#8220;Rec\u00f3rrer aquest univers kahani\u00e0 sabent quins infinits universos m\u00e9s es van crear amb cada decisi\u00f3 que l&#8217;autor va prendre (a m\u00e9s dels multiversos que nosaltres mateixos vam crear quan prenem les nostres decisions individuals influenciades per les quals altres alhora van fer i aix\u00ed ad infinitum) i meravellar-se amb la concatenaci\u00f3 de totes les ocurr\u00e8ncies temporals que van haver d&#8217;esdevenir en milions i milions de vides entrella\u00e7ades, passades i presents, perqu\u00e8 avui estiguem tots a l&#8217;aqu\u00ed que coneixem, gaudint d&#8217;aquesta obra i celebrant la vida de l&#8217;Ernesto Kahan que ell mateix ens narra&#8221;, conclou la presentaci\u00f3.<\/p>\n<p>Kahan va publicar el 4 de gener passat a la <strong>Newsletter<\/strong> de la Reial Acad\u00e8mia l&#8217;article <a href=\"https:\/\/raed.academy\/ca\/proposta-per-al-futur-de-la-humanitat\/\" target=\"_blank\" rel=\"noopener\"><strong>&#8220;Proposta per al futur de la humanitat&#8221;<\/strong><\/a>, en qu\u00e8 advoca per la implementaci\u00f3 d&#8217;una utopia consistent en l&#8217;abolici\u00f3 dels diners i la creaci\u00f3 d&#8217;una religi\u00f3 laica. L&#8217;acad\u00e8mic \u00e9s un dels promotors del <strong>World Peace Forum<\/strong>, l&#8217;entitat amb qu\u00e8 s&#8217;ha aliat la RAED per organitzar el <strong>World Peace Forum Barcelona 2023<\/strong> juntament amb la <strong>Universitat de Barcelona<\/strong>, l&#8217;<strong>Ajuntament de Barcelona<\/strong>, la<strong> Creu Roja<\/strong>, la<strong> Fundaci\u00f3 Catalunya Cultura<\/strong>, <strong>Foment del Treball<\/strong> i el<strong> Reial Cercle Art\u00edstic de Barcelona<\/strong>.<\/p>\n","protected":false},"excerpt":{"rendered":"<p>Ernesto Kahan presenta &#8220;Neurocompletisme. Creus de Camins&#8221;, un assaig on tracta d&#8217;ampliar i millorar la comunicaci\u00f3 entre l&#8217;autor d&#8217;obres d&#8217;art i l&#8217;espectador mitjan\u00e7ant l&#8217;\u00fas d&#8217;un nou estil art\u00edstic<\/p>\n","protected":false},"author":12,"featured_media":144501,"comment_status":"closed","ping_status":"closed","sticky":false,"template":"","format":"standard","meta":{"_et_pb_use_builder":"","_et_pb_old_content":"","_et_gb_content_width":"","footnotes":""},"categories":[229,387,496],"tags":[],"class_list":["post-144541","post","type-post","status-publish","format-standard","has-post-thumbnail","hentry","category-art","category-ciencies-de-la-comunicacio","category-educacio-etica-i-valors-ca","et-has-post-format-content","et_post_format-et-post-format-standard"],"yoast_head":"<!-- This site is optimized with the Yoast SEO plugin v27.4 - https:\/\/yoast.com\/product\/yoast-seo-wordpress\/ -->\n<title>Neurocompletisme: l&#039;emissi\u00f3 i la recepci\u00f3 del missatge art\u00edstic i vital - Reial Acad\u00e8mia Europea de Doctors<\/title>\n<meta name=\"description\" content=\"Ernesto Kahan presenta &quot;Neurocompletisme. Creus de Camins&quot;, un assaig on tracta d&#039;ampliar i millorar la comunicaci\u00f3\" \/>\n<meta name=\"robots\" content=\"index, follow, max-snippet:-1, max-image-preview:large, max-video-preview:-1\" \/>\n<link rel=\"canonical\" href=\"https:\/\/raed.academy\/ca\/neurocompletisme-lemissio-i-la-recepcio-del-missatge-artistic-i-vital\/\" \/>\n<meta property=\"og:locale\" content=\"ca_ES\" \/>\n<meta property=\"og:type\" content=\"article\" \/>\n<meta property=\"og:title\" content=\"Neurocompletisme: l&#039;emissi\u00f3 i la recepci\u00f3 del missatge art\u00edstic i vital - Reial Acad\u00e8mia Europea de Doctors\" \/>\n<meta property=\"og:description\" content=\"Ernesto Kahan presenta &quot;Neurocompletisme. Creus de Camins&quot;, un assaig on tracta d&#039;ampliar i millorar la comunicaci\u00f3\" \/>\n<meta property=\"og:url\" content=\"https:\/\/raed.academy\/ca\/neurocompletisme-lemissio-i-la-recepcio-del-missatge-artistic-i-vital\/\" \/>\n<meta property=\"og:site_name\" content=\"Reial Acad\u00e8mia Europea de Doctors\" \/>\n<meta property=\"article:publisher\" content=\"http:\/\/fb.me\/raed.academy\" \/>\n<meta property=\"article:published_time\" content=\"2024-01-26T15:15:15+00:00\" \/>\n<meta property=\"og:image\" content=\"https:\/\/raed.academy\/wp-content\/uploads\/2024\/01\/Neurocompletismo-Cruce-de-Caminos-de-Ernesto-Kahan-dst.webp\" \/>\n\t<meta property=\"og:image:width\" content=\"500\" \/>\n\t<meta property=\"og:image:height\" content=\"300\" \/>\n\t<meta property=\"og:image:type\" content=\"image\/webp\" \/>\n<meta name=\"author\" content=\"RAED\" \/>\n<meta name=\"twitter:card\" content=\"summary_large_image\" \/>\n<meta name=\"twitter:creator\" content=\"@raedacademy\" \/>\n<meta name=\"twitter:site\" content=\"@raedacademy\" \/>\n<meta name=\"twitter:label1\" content=\"Written by\" \/>\n\t<meta name=\"twitter:data1\" content=\"RAED\" \/>\n\t<meta name=\"twitter:label2\" content=\"Est. reading time\" \/>\n\t<meta name=\"twitter:data2\" content=\"4 minutes\" \/>\n<script type=\"application\/ld+json\" class=\"yoast-schema-graph\">{\"@context\":\"https:\\\/\\\/schema.org\",\"@graph\":[{\"@type\":\"Article\",\"@id\":\"https:\\\/\\\/raed.academy\\\/ca\\\/neurocompletisme-lemissio-i-la-recepcio-del-missatge-artistic-i-vital\\\/#article\",\"isPartOf\":{\"@id\":\"https:\\\/\\\/raed.academy\\\/ca\\\/neurocompletisme-lemissio-i-la-recepcio-del-missatge-artistic-i-vital\\\/\"},\"author\":{\"name\":\"RAED\",\"@id\":\"https:\\\/\\\/raed.academy\\\/ca\\\/#\\\/schema\\\/person\\\/5a755da80d1d979fd66ba745c8702927\"},\"headline\":\"Neurocompletisme: l&#8217;emissi\u00f3 i la recepci\u00f3 del missatge art\u00edstic i vital\",\"datePublished\":\"2024-01-26T15:15:15+00:00\",\"mainEntityOfPage\":{\"@id\":\"https:\\\/\\\/raed.academy\\\/ca\\\/neurocompletisme-lemissio-i-la-recepcio-del-missatge-artistic-i-vital\\\/\"},\"wordCount\":654,\"publisher\":{\"@id\":\"https:\\\/\\\/raed.academy\\\/ca\\\/#organization\"},\"image\":{\"@id\":\"https:\\\/\\\/raed.academy\\\/ca\\\/neurocompletisme-lemissio-i-la-recepcio-del-missatge-artistic-i-vital\\\/#primaryimage\"},\"thumbnailUrl\":\"https:\\\/\\\/raed.academy\\\/wp-content\\\/uploads\\\/2024\\\/01\\\/Neurocompletismo-Cruce-de-Caminos-de-Ernesto-Kahan-dst.webp\",\"articleSection\":[\"Art\",\"Ci\u00e8ncies de la comunicaci\u00f3\",\"Educaci\u00f3, \u00e8tica i valors\"],\"inLanguage\":\"ca-ES\"},{\"@type\":\"WebPage\",\"@id\":\"https:\\\/\\\/raed.academy\\\/ca\\\/neurocompletisme-lemissio-i-la-recepcio-del-missatge-artistic-i-vital\\\/\",\"url\":\"https:\\\/\\\/raed.academy\\\/ca\\\/neurocompletisme-lemissio-i-la-recepcio-del-missatge-artistic-i-vital\\\/\",\"name\":\"Neurocompletisme: l'emissi\u00f3 i la recepci\u00f3 del missatge art\u00edstic i vital - Reial Acad\u00e8mia Europea de Doctors\",\"isPartOf\":{\"@id\":\"https:\\\/\\\/raed.academy\\\/ca\\\/#website\"},\"primaryImageOfPage\":{\"@id\":\"https:\\\/\\\/raed.academy\\\/ca\\\/neurocompletisme-lemissio-i-la-recepcio-del-missatge-artistic-i-vital\\\/#primaryimage\"},\"image\":{\"@id\":\"https:\\\/\\\/raed.academy\\\/ca\\\/neurocompletisme-lemissio-i-la-recepcio-del-missatge-artistic-i-vital\\\/#primaryimage\"},\"thumbnailUrl\":\"https:\\\/\\\/raed.academy\\\/wp-content\\\/uploads\\\/2024\\\/01\\\/Neurocompletismo-Cruce-de-Caminos-de-Ernesto-Kahan-dst.webp\",\"datePublished\":\"2024-01-26T15:15:15+00:00\",\"description\":\"Ernesto Kahan presenta \\\"Neurocompletisme. Creus de Camins\\\", un assaig on tracta d'ampliar i millorar la comunicaci\u00f3\",\"breadcrumb\":{\"@id\":\"https:\\\/\\\/raed.academy\\\/ca\\\/neurocompletisme-lemissio-i-la-recepcio-del-missatge-artistic-i-vital\\\/#breadcrumb\"},\"inLanguage\":\"ca-ES\",\"potentialAction\":[{\"@type\":\"ReadAction\",\"target\":[\"https:\\\/\\\/raed.academy\\\/ca\\\/neurocompletisme-lemissio-i-la-recepcio-del-missatge-artistic-i-vital\\\/\"]}]},{\"@type\":\"ImageObject\",\"inLanguage\":\"ca-ES\",\"@id\":\"https:\\\/\\\/raed.academy\\\/ca\\\/neurocompletisme-lemissio-i-la-recepcio-del-missatge-artistic-i-vital\\\/#primaryimage\",\"url\":\"https:\\\/\\\/raed.academy\\\/wp-content\\\/uploads\\\/2024\\\/01\\\/Neurocompletismo-Cruce-de-Caminos-de-Ernesto-Kahan-dst.webp\",\"contentUrl\":\"https:\\\/\\\/raed.academy\\\/wp-content\\\/uploads\\\/2024\\\/01\\\/Neurocompletismo-Cruce-de-Caminos-de-Ernesto-Kahan-dst.webp\",\"width\":500,\"height\":300},{\"@type\":\"BreadcrumbList\",\"@id\":\"https:\\\/\\\/raed.academy\\\/ca\\\/neurocompletisme-lemissio-i-la-recepcio-del-missatge-artistic-i-vital\\\/#breadcrumb\",\"itemListElement\":[{\"@type\":\"ListItem\",\"position\":1,\"name\":\"Inicio\",\"item\":\"https:\\\/\\\/raed.academy\\\/ca\\\/\"},{\"@type\":\"ListItem\",\"position\":2,\"name\":\"Neurocompletisme: l&#8217;emissi\u00f3 i la recepci\u00f3 del missatge art\u00edstic i vital\"}]},{\"@type\":\"WebSite\",\"@id\":\"https:\\\/\\\/raed.academy\\\/ca\\\/#website\",\"url\":\"https:\\\/\\\/raed.academy\\\/ca\\\/\",\"name\":\"Reial Acad\u00e8mia Europea de Doctors\",\"description\":\"Corporaci\u00f3n de derecho p\u00fablico de car\u00e1cter cient\u00edfico, t\u00e9cnico y art\u00edstico, que tiene por objeto la investigaci\u00f3n, el estudio, el fomento y la extensi\u00f3n del conocimiento en su sentido m\u00e1s amplio\",\"publisher\":{\"@id\":\"https:\\\/\\\/raed.academy\\\/ca\\\/#organization\"},\"potentialAction\":[{\"@type\":\"SearchAction\",\"target\":{\"@type\":\"EntryPoint\",\"urlTemplate\":\"https:\\\/\\\/raed.academy\\\/ca\\\/?s={search_term_string}\"},\"query-input\":{\"@type\":\"PropertyValueSpecification\",\"valueRequired\":true,\"valueName\":\"search_term_string\"}}],\"inLanguage\":\"ca-ES\"},{\"@type\":\"Organization\",\"@id\":\"https:\\\/\\\/raed.academy\\\/ca\\\/#organization\",\"name\":\"Real Academia Europea de Doctores\",\"url\":\"https:\\\/\\\/raed.academy\\\/ca\\\/\",\"logo\":{\"@type\":\"ImageObject\",\"inLanguage\":\"ca-ES\",\"@id\":\"https:\\\/\\\/raed.academy\\\/ca\\\/#\\\/schema\\\/logo\\\/image\\\/\",\"url\":\"https:\\\/\\\/raed.academy\\\/wp-content\\\/uploads\\\/2017\\\/01\\\/cropped-logo_raed.png\",\"contentUrl\":\"https:\\\/\\\/raed.academy\\\/wp-content\\\/uploads\\\/2017\\\/01\\\/cropped-logo_raed.png\",\"width\":512,\"height\":512,\"caption\":\"Real Academia Europea de Doctores\"},\"image\":{\"@id\":\"https:\\\/\\\/raed.academy\\\/ca\\\/#\\\/schema\\\/logo\\\/image\\\/\"},\"sameAs\":[\"http:\\\/\\\/fb.me\\\/raed.academy\",\"https:\\\/\\\/x.com\\\/raedacademy\",\"https:\\\/\\\/www.instagram.com\\\/raed.academy\\\/\",\"https:\\\/\\\/www.youtube.com\\\/channel\\\/UCUYQwW2KrdirNWihxMDObwg\"]},{\"@type\":\"Person\",\"@id\":\"https:\\\/\\\/raed.academy\\\/ca\\\/#\\\/schema\\\/person\\\/5a755da80d1d979fd66ba745c8702927\",\"name\":\"RAED\",\"image\":{\"@type\":\"ImageObject\",\"inLanguage\":\"ca-ES\",\"@id\":\"https:\\\/\\\/secure.gravatar.com\\\/avatar\\\/19fdfdc0d67fb9c45714b703a2ac82251c4fcea3637f002ac3c9b74c0183583c?s=96&d=mm&r=g\",\"url\":\"https:\\\/\\\/secure.gravatar.com\\\/avatar\\\/19fdfdc0d67fb9c45714b703a2ac82251c4fcea3637f002ac3c9b74c0183583c?s=96&d=mm&r=g\",\"contentUrl\":\"https:\\\/\\\/secure.gravatar.com\\\/avatar\\\/19fdfdc0d67fb9c45714b703a2ac82251c4fcea3637f002ac3c9b74c0183583c?s=96&d=mm&r=g\",\"caption\":\"RAED\"}}]}<\/script>\n<!-- \/ Yoast SEO plugin. -->","yoast_head_json":{"title":"Neurocompletisme: l'emissi\u00f3 i la recepci\u00f3 del missatge art\u00edstic i vital - Reial Acad\u00e8mia Europea de Doctors","description":"Ernesto Kahan presenta \"Neurocompletisme. Creus de Camins\", un assaig on tracta d'ampliar i millorar la comunicaci\u00f3","robots":{"index":"index","follow":"follow","max-snippet":"max-snippet:-1","max-image-preview":"max-image-preview:large","max-video-preview":"max-video-preview:-1"},"canonical":"https:\/\/raed.academy\/ca\/neurocompletisme-lemissio-i-la-recepcio-del-missatge-artistic-i-vital\/","og_locale":"ca_ES","og_type":"article","og_title":"Neurocompletisme: l'emissi\u00f3 i la recepci\u00f3 del missatge art\u00edstic i vital - Reial Acad\u00e8mia Europea de Doctors","og_description":"Ernesto Kahan presenta \"Neurocompletisme. Creus de Camins\", un assaig on tracta d'ampliar i millorar la comunicaci\u00f3","og_url":"https:\/\/raed.academy\/ca\/neurocompletisme-lemissio-i-la-recepcio-del-missatge-artistic-i-vital\/","og_site_name":"Reial Acad\u00e8mia Europea de Doctors","article_publisher":"http:\/\/fb.me\/raed.academy","article_published_time":"2024-01-26T15:15:15+00:00","og_image":[{"width":500,"height":300,"url":"https:\/\/raed.academy\/wp-content\/uploads\/2024\/01\/Neurocompletismo-Cruce-de-Caminos-de-Ernesto-Kahan-dst.webp","type":"image\/webp"}],"author":"RAED","twitter_card":"summary_large_image","twitter_creator":"@raedacademy","twitter_site":"@raedacademy","twitter_misc":{"Written by":"RAED","Est. reading time":"4 minutes"},"schema":{"@context":"https:\/\/schema.org","@graph":[{"@type":"Article","@id":"https:\/\/raed.academy\/ca\/neurocompletisme-lemissio-i-la-recepcio-del-missatge-artistic-i-vital\/#article","isPartOf":{"@id":"https:\/\/raed.academy\/ca\/neurocompletisme-lemissio-i-la-recepcio-del-missatge-artistic-i-vital\/"},"author":{"name":"RAED","@id":"https:\/\/raed.academy\/ca\/#\/schema\/person\/5a755da80d1d979fd66ba745c8702927"},"headline":"Neurocompletisme: l&#8217;emissi\u00f3 i la recepci\u00f3 del missatge art\u00edstic i vital","datePublished":"2024-01-26T15:15:15+00:00","mainEntityOfPage":{"@id":"https:\/\/raed.academy\/ca\/neurocompletisme-lemissio-i-la-recepcio-del-missatge-artistic-i-vital\/"},"wordCount":654,"publisher":{"@id":"https:\/\/raed.academy\/ca\/#organization"},"image":{"@id":"https:\/\/raed.academy\/ca\/neurocompletisme-lemissio-i-la-recepcio-del-missatge-artistic-i-vital\/#primaryimage"},"thumbnailUrl":"https:\/\/raed.academy\/wp-content\/uploads\/2024\/01\/Neurocompletismo-Cruce-de-Caminos-de-Ernesto-Kahan-dst.webp","articleSection":["Art","Ci\u00e8ncies de la comunicaci\u00f3","Educaci\u00f3, \u00e8tica i valors"],"inLanguage":"ca-ES"},{"@type":"WebPage","@id":"https:\/\/raed.academy\/ca\/neurocompletisme-lemissio-i-la-recepcio-del-missatge-artistic-i-vital\/","url":"https:\/\/raed.academy\/ca\/neurocompletisme-lemissio-i-la-recepcio-del-missatge-artistic-i-vital\/","name":"Neurocompletisme: l'emissi\u00f3 i la recepci\u00f3 del missatge art\u00edstic i vital - Reial Acad\u00e8mia Europea de Doctors","isPartOf":{"@id":"https:\/\/raed.academy\/ca\/#website"},"primaryImageOfPage":{"@id":"https:\/\/raed.academy\/ca\/neurocompletisme-lemissio-i-la-recepcio-del-missatge-artistic-i-vital\/#primaryimage"},"image":{"@id":"https:\/\/raed.academy\/ca\/neurocompletisme-lemissio-i-la-recepcio-del-missatge-artistic-i-vital\/#primaryimage"},"thumbnailUrl":"https:\/\/raed.academy\/wp-content\/uploads\/2024\/01\/Neurocompletismo-Cruce-de-Caminos-de-Ernesto-Kahan-dst.webp","datePublished":"2024-01-26T15:15:15+00:00","description":"Ernesto Kahan presenta \"Neurocompletisme. Creus de Camins\", un assaig on tracta d'ampliar i millorar la comunicaci\u00f3","breadcrumb":{"@id":"https:\/\/raed.academy\/ca\/neurocompletisme-lemissio-i-la-recepcio-del-missatge-artistic-i-vital\/#breadcrumb"},"inLanguage":"ca-ES","potentialAction":[{"@type":"ReadAction","target":["https:\/\/raed.academy\/ca\/neurocompletisme-lemissio-i-la-recepcio-del-missatge-artistic-i-vital\/"]}]},{"@type":"ImageObject","inLanguage":"ca-ES","@id":"https:\/\/raed.academy\/ca\/neurocompletisme-lemissio-i-la-recepcio-del-missatge-artistic-i-vital\/#primaryimage","url":"https:\/\/raed.academy\/wp-content\/uploads\/2024\/01\/Neurocompletismo-Cruce-de-Caminos-de-Ernesto-Kahan-dst.webp","contentUrl":"https:\/\/raed.academy\/wp-content\/uploads\/2024\/01\/Neurocompletismo-Cruce-de-Caminos-de-Ernesto-Kahan-dst.webp","width":500,"height":300},{"@type":"BreadcrumbList","@id":"https:\/\/raed.academy\/ca\/neurocompletisme-lemissio-i-la-recepcio-del-missatge-artistic-i-vital\/#breadcrumb","itemListElement":[{"@type":"ListItem","position":1,"name":"Inicio","item":"https:\/\/raed.academy\/ca\/"},{"@type":"ListItem","position":2,"name":"Neurocompletisme: l&#8217;emissi\u00f3 i la recepci\u00f3 del missatge art\u00edstic i vital"}]},{"@type":"WebSite","@id":"https:\/\/raed.academy\/ca\/#website","url":"https:\/\/raed.academy\/ca\/","name":"Reial Acad\u00e8mia Europea de Doctors","description":"Corporaci\u00f3n de derecho p\u00fablico de car\u00e1cter cient\u00edfico, t\u00e9cnico y art\u00edstico, que tiene por objeto la investigaci\u00f3n, el estudio, el fomento y la extensi\u00f3n del conocimiento en su sentido m\u00e1s amplio","publisher":{"@id":"https:\/\/raed.academy\/ca\/#organization"},"potentialAction":[{"@type":"SearchAction","target":{"@type":"EntryPoint","urlTemplate":"https:\/\/raed.academy\/ca\/?s={search_term_string}"},"query-input":{"@type":"PropertyValueSpecification","valueRequired":true,"valueName":"search_term_string"}}],"inLanguage":"ca-ES"},{"@type":"Organization","@id":"https:\/\/raed.academy\/ca\/#organization","name":"Real Academia Europea de Doctores","url":"https:\/\/raed.academy\/ca\/","logo":{"@type":"ImageObject","inLanguage":"ca-ES","@id":"https:\/\/raed.academy\/ca\/#\/schema\/logo\/image\/","url":"https:\/\/raed.academy\/wp-content\/uploads\/2017\/01\/cropped-logo_raed.png","contentUrl":"https:\/\/raed.academy\/wp-content\/uploads\/2017\/01\/cropped-logo_raed.png","width":512,"height":512,"caption":"Real Academia Europea de Doctores"},"image":{"@id":"https:\/\/raed.academy\/ca\/#\/schema\/logo\/image\/"},"sameAs":["http:\/\/fb.me\/raed.academy","https:\/\/x.com\/raedacademy","https:\/\/www.instagram.com\/raed.academy\/","https:\/\/www.youtube.com\/channel\/UCUYQwW2KrdirNWihxMDObwg"]},{"@type":"Person","@id":"https:\/\/raed.academy\/ca\/#\/schema\/person\/5a755da80d1d979fd66ba745c8702927","name":"RAED","image":{"@type":"ImageObject","inLanguage":"ca-ES","@id":"https:\/\/secure.gravatar.com\/avatar\/19fdfdc0d67fb9c45714b703a2ac82251c4fcea3637f002ac3c9b74c0183583c?s=96&d=mm&r=g","url":"https:\/\/secure.gravatar.com\/avatar\/19fdfdc0d67fb9c45714b703a2ac82251c4fcea3637f002ac3c9b74c0183583c?s=96&d=mm&r=g","contentUrl":"https:\/\/secure.gravatar.com\/avatar\/19fdfdc0d67fb9c45714b703a2ac82251c4fcea3637f002ac3c9b74c0183583c?s=96&d=mm&r=g","caption":"RAED"}}]}},"_links":{"self":[{"href":"https:\/\/raed.academy\/ca\/wp-json\/wp\/v2\/posts\/144541","targetHints":{"allow":["GET"]}}],"collection":[{"href":"https:\/\/raed.academy\/ca\/wp-json\/wp\/v2\/posts"}],"about":[{"href":"https:\/\/raed.academy\/ca\/wp-json\/wp\/v2\/types\/post"}],"author":[{"embeddable":true,"href":"https:\/\/raed.academy\/ca\/wp-json\/wp\/v2\/users\/12"}],"replies":[{"embeddable":true,"href":"https:\/\/raed.academy\/ca\/wp-json\/wp\/v2\/comments?post=144541"}],"version-history":[{"count":0,"href":"https:\/\/raed.academy\/ca\/wp-json\/wp\/v2\/posts\/144541\/revisions"}],"wp:featuredmedia":[{"embeddable":true,"href":"https:\/\/raed.academy\/ca\/wp-json\/wp\/v2\/media\/144501"}],"wp:attachment":[{"href":"https:\/\/raed.academy\/ca\/wp-json\/wp\/v2\/media?parent=144541"}],"wp:term":[{"taxonomy":"category","embeddable":true,"href":"https:\/\/raed.academy\/ca\/wp-json\/wp\/v2\/categories?post=144541"},{"taxonomy":"post_tag","embeddable":true,"href":"https:\/\/raed.academy\/ca\/wp-json\/wp\/v2\/tags?post=144541"}],"curies":[{"name":"wp","href":"https:\/\/api.w.org\/{rel}","templated":true}]}}