{"id":144511,"date":"2024-01-26T12:02:40","date_gmt":"2024-01-26T12:02:40","guid":{"rendered":"https:\/\/raed.academy\/?p=144511"},"modified":"2024-01-26T15:27:29","modified_gmt":"2024-01-26T15:27:29","slug":"atents-al-desenvolupament-i-la-salut-dels-menors","status":"publish","type":"post","link":"https:\/\/raed.academy\/ca\/atents-al-desenvolupament-i-la-salut-dels-menors\/","title":{"rendered":"Atents al desenvolupament i la salut dels menors"},"content":{"rendered":"<div id=\"attachment_63587\" style=\"width: 393px\" class=\"wp-caption alignright\"><img loading=\"lazy\" decoding=\"async\" aria-describedby=\"caption-attachment-63587\" class=\"wp-image-63587\" src=\"https:\/\/raed.academy\/wp-content\/uploads\/2018\/12\/Joaquin-callabed.Jornada-Enfermedades-Rarasa.jpeg\" alt=\"Joaqu\u00edn Callabed. Jornada Enfermedades Raras\" width=\"383\" height=\"255\" \/><p id=\"caption-attachment-63587\" class=\"wp-caption-text\">Dr. Joaqu\u00edn Callabed<\/p><\/div>\n<p><a href=\"https:\/\/raed.academy\/ca\/academics\/dr-joaquin-callabed-carracedo\/\" target=\"_blank\" rel=\"noopener\"><em><strong>Joaqu\u00edn Callabed<\/strong><\/em><\/a>, president del<strong> Club de Pediatria Social<\/strong>, acad\u00e8mic corresponent de la <strong>Reial Acad\u00e8mia de Medicina de Catalunya<\/strong> i acad\u00e8mic de n\u00famero i vicepresident de la Secci\u00f3 de Ci\u00e8ncies de la Salut de la<strong> Reial Acad\u00e8mia Europea de Doctors-Barcelona 1914<\/strong> (RAED), aborda alguns dels problemes que inquieten els pares amb nens de primera infantesa i edat escolar als articles <strong><span class=\"TextRun SCXW182606375 BCX0\" lang=\"ES-ES\" xml:lang=\"ES-ES\" data-contrast=\"auto\"><span class=\"NormalTextRun SCXW182606375 BCX0\"><span class=\"NormalTextRun SCXW92740859 BCX0\">&#8220;\u00bfQu\u00e9 hacer frente al fracaso escolar?<span class=\"TextRun SCXW139019449 BCX0\" lang=\"ES-ES\" xml:lang=\"ES-ES\" data-contrast=\"auto\"><span class=\"SpellingError SCXW139019449 BCX0\">&#8220;<\/span><\/span><\/span><\/span><\/span><\/strong><span class=\"TextRun SCXW182606375 BCX0\" lang=\"ES-ES\" xml:lang=\"ES-ES\" data-contrast=\"auto\"><span class=\"NormalTextRun SCXW182606375 BCX0\"><span class=\"NormalTextRun SCXW92740859 BCX0\"><span class=\"TextRun SCXW139019449 BCX0\" lang=\"ES-ES\" xml:lang=\"ES-ES\" data-contrast=\"auto\"><span class=\"NormalTextRun SCXW139019449 BCX0\">,<\/span><\/span><\/span><\/span><\/span><strong><span class=\"TextRun SCXW182606375 BCX0\" lang=\"ES-ES\" xml:lang=\"ES-ES\" data-contrast=\"auto\"><span class=\"NormalTextRun SCXW182606375 BCX0\"><span class=\"NormalTextRun SCXW92740859 BCX0\"><span class=\"TextRun SCXW139019449 BCX0\" lang=\"ES-ES\" xml:lang=\"ES-ES\" data-contrast=\"auto\"><span class=\"NormalTextRun SCXW139019449 BCX0\"> &#8220;Signos de alarma en el desarrollo infantil&#8221;<\/span><\/span><\/span><\/span><\/span><\/strong><span class=\"TextRun SCXW182606375 BCX0\" lang=\"ES-ES\" xml:lang=\"ES-ES\" data-contrast=\"auto\"><span class=\"NormalTextRun SCXW182606375 BCX0\"><span class=\"NormalTextRun SCXW92740859 BCX0\"><span class=\"TextRun SCXW139019449 BCX0\" lang=\"ES-ES\" xml:lang=\"ES-ES\" data-contrast=\"auto\"><span class=\"NormalTextRun SCXW139019449 BCX0\">,<\/span><\/span><\/span><\/span><\/span><strong><span class=\"TextRun SCXW182606375 BCX0\" lang=\"ES-ES\" xml:lang=\"ES-ES\" data-contrast=\"auto\"><span class=\"NormalTextRun SCXW182606375 BCX0\"><span class=\"NormalTextRun SCXW92740859 BCX0\"><span class=\"TextRun SCXW139019449 BCX0\" lang=\"ES-ES\" xml:lang=\"ES-ES\" data-contrast=\"auto\"><span class=\"NormalTextRun SCXW139019449 BCX0\"> &#8220;El desarrollo de los ni\u00f1os de 3 a 5 a\u00f1os&#8221;<\/span><\/span><\/span><\/span><\/span><\/strong><span class=\"TextRun SCXW182606375 BCX0\" lang=\"ES-ES\" xml:lang=\"ES-ES\" data-contrast=\"auto\"><span class=\"NormalTextRun SCXW182606375 BCX0\"><span class=\"NormalTextRun SCXW92740859 BCX0\"><span class=\"TextRun SCXW139019449 BCX0\" lang=\"ES-ES\" xml:lang=\"ES-ES\" data-contrast=\"auto\"><span class=\"NormalTextRun SCXW139019449 BCX0\">,<\/span><\/span><\/span><\/span><\/span><strong><span class=\"TextRun SCXW182606375 BCX0\" lang=\"ES-ES\" xml:lang=\"ES-ES\" data-contrast=\"auto\"><span class=\"NormalTextRun SCXW182606375 BCX0\"><span class=\"NormalTextRun SCXW92740859 BCX0\"><span class=\"TextRun SCXW139019449 BCX0\" lang=\"ES-ES\" xml:lang=\"ES-ES\" data-contrast=\"auto\"><span class=\"NormalTextRun SCXW139019449 BCX0\"> &#8220;\u00bfC\u00f3mo afecta la ciudad a la salud infantil?&#8221;<\/span><\/span><\/span><\/span><\/span><\/strong><span class=\"TextRun SCXW182606375 BCX0\" lang=\"ES-ES\" xml:lang=\"ES-ES\" data-contrast=\"auto\"><span class=\"NormalTextRun SCXW182606375 BCX0\"><span class=\"NormalTextRun SCXW92740859 BCX0\"><span class=\"TextRun SCXW139019449 BCX0\" lang=\"ES-ES\" xml:lang=\"ES-ES\" data-contrast=\"auto\"><span class=\"NormalTextRun SCXW139019449 BCX0\"> i<\/span><\/span><\/span><\/span><\/span>\u00a0<strong><span class=\"TextRun SCXW182606375 BCX0\" lang=\"ES-ES\" xml:lang=\"ES-ES\" data-contrast=\"auto\"><span class=\"NormalTextRun SCXW182606375 BCX0\"><span class=\"NormalTextRun SCXW92740859 BCX0\"><span class=\"TextRun SCXW139019449 BCX0\" lang=\"ES-ES\" xml:lang=\"ES-ES\" data-contrast=\"auto\"><span class=\"NormalTextRun SCXW139019449 BCX0\">&#8220;Infancia expuesta a la contaminaci\u00f3n ambiental&#8221;<\/span><\/span><\/span><\/span><\/span><\/strong>, publicats al llarg del passat mes de desembre a la secci\u00f3 <strong>&#8220;Lectores expertos&#8221;<\/strong> de l&#8217;edici\u00f3 digital del diari <strong>&#8220;La Vanguardia&#8221;<\/strong>, de la comunitat de lectors de la qual forma part activa.<\/p>\n<p>A &#8220;\u00bfQu\u00e9 hacer frente al fracaso escolar?&#8221;, l&#8217;expert defensa el concepte de comunitat escolar i considera que pediatre, alumnes, professors, fam\u00edlia i escola juguen el seu paper per combatre el problema del frac\u00e0s escolar, que va en augment. &#8220;El problema de les dificultats escolars pertany a diverses disciplines, per\u00f2 l&#8217;acci\u00f3 conv\u00e9 que sigui global per no afegir als factors de risc els de parcel\u00b7laci\u00f3 i reducci\u00f3 tan perjudicials per al nen i la fam\u00edlia. Val la pena recordar aquell pensament de <strong>Bertrand Russell<\/strong>: &#8216;No hi ha m\u00e9s que un cam\u00ed per al progr\u00e9s hum\u00e0, en l&#8217;educaci\u00f3, com en totes les coses humanes, i \u00e9s la ci\u00e8ncia guiada per l&#8217;amor. Sense ci\u00e8ncia, l&#8217;amor \u00e9s impotent; sense amor, la ci\u00e8ncia \u00e9s destructora'&#8221;, assenyala l&#8217;acad\u00e8mic.<\/p>\n<p>A &#8220;Signos de alarma en el desarrollo infantil&#8221;, d&#8217;altra banda, el president del Club de Pediatria Social recorda que els primers 24 mesos de vida del nad\u00f3 cal estar atents a alteracions del son, l&#8217;alimentaci\u00f3 o l&#8217;atenci\u00f3. &#8220;Quan parlem de signes d&#8217;alerta en el desenvolupament infantil, els entenem com un conjunt de manifestacions que ens indiquen que alguna cosa no est\u00e0 evolucionant adequadament en el desenvolupament del nostre fill segons l&#8217;edat i que \u00e9s important parar-hi atenci\u00f3 i identificar factors de salut, ambientals, familiars o socials. Recordem que la salut no \u00e9s \u00fanicament l&#8217;abs\u00e8ncia de malaltia, sin\u00f3 que inclou el benestar f\u00edsic, mental i social. Ser prudents sempre \u00e9s important i convenient&#8221;, explica abans de detallar alguns d&#8217;aquests signes d&#8217;alarma.<\/p>\n<p><span class=\"TextRun SCXW36602072 BCX0\" lang=\"ES-ES\" xml:lang=\"ES-ES\" data-contrast=\"auto\"><span class=\"NormalTextRun SCXW36602072 BCX0\"><img loading=\"lazy\" decoding=\"async\" class=\"size-full wp-image-138090 alignleft\" src=\"https:\/\/raed.academy\/wp-content\/uploads\/2023\/10\/pediatria-peluche-medicina-nino-infancia.webp\" alt=\"\" width=\"600\" height=\"358\" srcset=\"https:\/\/raed.academy\/wp-content\/uploads\/2023\/10\/pediatria-peluche-medicina-nino-infancia.webp 600w, https:\/\/raed.academy\/wp-content\/uploads\/2023\/10\/pediatria-peluche-medicina-nino-infancia-440x264.webp 440w\" sizes=\"(max-width: 600px) 100vw, 600px\" \/><\/span><\/span>Els primers anys de vida del menor s\u00f3n l&#8217;objecte d&#8217;atenci\u00f3 a &#8220;El desarrollo de los ni\u00f1os de 3 a 5 a\u00f1os&#8221;, on Callabed explica que hi ha un conjunt de signes i manifestacions que indiquen que alguna cosa no est\u00e0 evolucionant adequadament i introdueix el concepte de Pediatria Social. &#8220;La definici\u00f3 de salut parla d&#8217;abs\u00e8ncia de malaltia, per\u00f2 tamb\u00e9 del benestar f\u00edsic, mental i social. Aquest \u00e9s el motiu d&#8217;identificar factors de salut, ambientals, familiars o socials. Entenem per Pediatria Social com aquella que estudia la salut global del nen en interacci\u00f3 amb el seu entorn social, riscos per a la salut (infeccions, discapacitats, accidents, maltractaments, pol\u00b7luci\u00f3, guerra) i la relaci\u00f3 amb les institucions on conviu&#8221;, argumenta.<\/p>\n<p>Per la seva banda, a &#8220;\u00bfC\u00f3mo afecta la ciudad a la salud infantil?&#8221;, l&#8217;acad\u00e8mic indica que un medi ambient ben concebut ensenyar\u00e0 els nens a tenir menys accidents, estar menys inclinats a comportaments antisocials i ser m\u00e9s madurs, confiats i responsables quan arribin a l&#8217;edat adulta. &#8220;Els nens depenen de l&#8217;ambient per a la seva salut i el seu benestar, i la ciutat \u00e9s l&#8217;ambient educatiu en el qual desenvoluparan els diferents tipus de comportament. \u00c9s important que l&#8217;ambient satisfaci les necessitats socials i el desenvolupament dels nens i que alhora puguin comprendre la fragilitat de la seva ciutat i l&#8217;impacte sobre la societat i els ecosistemes naturals. S&#8217;ha investigat sobre els efectes de la casa i el seu ambient en la salut dels nens (espai, calor, humitat). No s&#8217;ha investigat gaire sobre el carrer i el barri, que juguen papers molt importants al m\u00f3n industrialitzat, amb la gran amena\u00e7a que suposen els accidents de circulaci\u00f3&#8221;, inicia l&#8217;expert la seva reflexi\u00f3.<\/p>\n<p>Finalment, a &#8220;Infancia expuesta a la contaminaci\u00f3n ambiental&#8221;, Callabed incideix que els nens s\u00f3n una poblaci\u00f3 de risc exposada a fums, pesticides, plom a l&#8217;ambient i altres riscos. &#8220;El nombre de nens exposats a la contaminaci\u00f3 ambiental creix a mesura que augmenten les activitats industrials i agr\u00edcoles&#8221;, explica l&#8217;expert abans d&#8217;assenyalar, un per un, els principals riscos ambientals a qu\u00e8 s&#8217;exposen els menors.<\/p>\n<ul>\n<li><a href=\"https:\/\/www.lavanguardia.com\/participacion\/cartas\/20231207\/9431384\/que-frente-fracaso-escolar.html\" target=\"_blank\" rel=\"noopener\"><strong>Llegiu &#8220;\u00bfQu\u00e9 hacer frente al fracaso escolar?&#8221;<\/strong><\/a><\/li>\n<li><a href=\"https:\/\/www.lavanguardia.com\/participacion\/cartas\/20231208\/9433491\/signos-alarma-desarrollo-infantil.html\" target=\"_blank\" rel=\"noopener\"><strong>Llegiu &#8220;Signos de alarma en el desarrollo infantil&#8221;<\/strong><\/a><\/li>\n<li><a href=\"https:\/\/www.lavanguardia.com\/participacion\/red-lectores\/20231209\/9435561\/desarrollo-ninos-3-5-anos.html\" target=\"_blank\" rel=\"noopener\"><strong>Llegiu &#8220;El desarrollo de los ni\u00f1os de 3 a 5 a\u00f1os&#8221;<\/strong><\/a><\/li>\n<li><a href=\"https:\/\/www.lavanguardia.com\/participacion\/red-lectores\/20231214\/9446398\/como-afecta-ciudad-salud-infantil.html\" target=\"_blank\" rel=\"noopener\"><strong>Llegiu &#8220;\u00bfC\u00f3mo afecta la ciudad a la salud infantil?&#8221;<\/strong><\/a><\/li>\n<li><a href=\"https:\/\/www.lavanguardia.com\/participacion\/red-lectores\/20231215\/9449294\/infancia-expuesta-contaminacion-ambiental.html\" target=\"_blank\" rel=\"noopener\"><strong>Llegiu &#8220;Infancia expuesta a la contaminaci\u00f3n ambiental&#8221;<\/strong><\/a><\/li>\n<\/ul>\n","protected":false},"excerpt":{"rendered":"<p>Joaqu\u00edn Callabed aborda alguns dels problemes que inquieten els pares amb nens de primerenca edat i en edat escolar en diversos articles publicats al llarg del passat mes de desembre a la secci\u00f3 &#8220;Lectors experts&#8221; de l&#8217;edici\u00f3 digital del diari &#8220;La Vanguardia&#8221;<\/p>\n","protected":false},"author":12,"featured_media":138091,"comment_status":"closed","ping_status":"closed","sticky":false,"template":"","format":"standard","meta":{"_et_pb_use_builder":"","_et_pb_old_content":"","_et_gb_content_width":"","footnotes":""},"categories":[416,455,310,213],"tags":[],"class_list":["post-144511","post","type-post","status-publish","format-standard","has-post-thumbnail","hentry","category-canvi-climatic","category-ciencies-de-la-salut","category-medi-ambient","category-medicina-i-cirurgia","et-has-post-format-content","et_post_format-et-post-format-standard"],"yoast_head":"<!-- This site is optimized with the Yoast SEO plugin v27.4 - https:\/\/yoast.com\/product\/yoast-seo-wordpress\/ -->\n<title>Atents al desenvolupament i la salut dels menors - Reial Acad\u00e8mia Europea de Doctors<\/title>\n<meta name=\"description\" content=\"Joaqu\u00edn Callabed aborda alguns dels problemes que inquieten els pares amb nens de primerenca edat i en edat escolar\" \/>\n<meta name=\"robots\" content=\"index, follow, max-snippet:-1, max-image-preview:large, max-video-preview:-1\" \/>\n<link rel=\"canonical\" href=\"https:\/\/raed.academy\/ca\/atents-al-desenvolupament-i-la-salut-dels-menors\/\" \/>\n<meta property=\"og:locale\" content=\"ca_ES\" \/>\n<meta property=\"og:type\" content=\"article\" \/>\n<meta property=\"og:title\" content=\"Atents al desenvolupament i la salut dels menors - Reial Acad\u00e8mia Europea de Doctors\" \/>\n<meta property=\"og:description\" content=\"Joaqu\u00edn Callabed aborda alguns dels problemes que inquieten els pares amb nens de primerenca edat i en edat escolar\" \/>\n<meta property=\"og:url\" content=\"https:\/\/raed.academy\/ca\/atents-al-desenvolupament-i-la-salut-dels-menors\/\" \/>\n<meta property=\"og:site_name\" content=\"Reial Acad\u00e8mia Europea de Doctors\" \/>\n<meta property=\"article:publisher\" content=\"http:\/\/fb.me\/raed.academy\" \/>\n<meta property=\"article:published_time\" content=\"2024-01-26T12:02:40+00:00\" \/>\n<meta property=\"article:modified_time\" content=\"2024-01-26T15:27:29+00:00\" \/>\n<meta property=\"og:image\" content=\"https:\/\/raed.academy\/wp-content\/uploads\/2023\/10\/pediatria-peluche-medicina-nino-infancia.webp\" \/>\n\t<meta property=\"og:image:width\" content=\"600\" \/>\n\t<meta property=\"og:image:height\" content=\"358\" \/>\n\t<meta property=\"og:image:type\" content=\"image\/webp\" \/>\n<meta name=\"author\" content=\"RAED\" \/>\n<meta name=\"twitter:card\" content=\"summary_large_image\" \/>\n<meta name=\"twitter:creator\" content=\"@raedacademy\" \/>\n<meta name=\"twitter:site\" content=\"@raedacademy\" \/>\n<meta name=\"twitter:label1\" content=\"Written by\" \/>\n\t<meta name=\"twitter:data1\" content=\"RAED\" \/>\n\t<meta name=\"twitter:label2\" content=\"Est. reading time\" \/>\n\t<meta name=\"twitter:data2\" content=\"5 minutes\" \/>\n<script type=\"application\/ld+json\" class=\"yoast-schema-graph\">{\"@context\":\"https:\\\/\\\/schema.org\",\"@graph\":[{\"@type\":\"Article\",\"@id\":\"https:\\\/\\\/raed.academy\\\/ca\\\/atents-al-desenvolupament-i-la-salut-dels-menors\\\/#article\",\"isPartOf\":{\"@id\":\"https:\\\/\\\/raed.academy\\\/ca\\\/atents-al-desenvolupament-i-la-salut-dels-menors\\\/\"},\"author\":{\"name\":\"RAED\",\"@id\":\"https:\\\/\\\/raed.academy\\\/ca\\\/#\\\/schema\\\/person\\\/5a755da80d1d979fd66ba745c8702927\"},\"headline\":\"Atents al desenvolupament i la salut dels menors\",\"datePublished\":\"2024-01-26T12:02:40+00:00\",\"dateModified\":\"2024-01-26T15:27:29+00:00\",\"mainEntityOfPage\":{\"@id\":\"https:\\\/\\\/raed.academy\\\/ca\\\/atents-al-desenvolupament-i-la-salut-dels-menors\\\/\"},\"wordCount\":837,\"publisher\":{\"@id\":\"https:\\\/\\\/raed.academy\\\/ca\\\/#organization\"},\"image\":{\"@id\":\"https:\\\/\\\/raed.academy\\\/ca\\\/atents-al-desenvolupament-i-la-salut-dels-menors\\\/#primaryimage\"},\"thumbnailUrl\":\"https:\\\/\\\/raed.academy\\\/wp-content\\\/uploads\\\/2023\\\/10\\\/pediatria-peluche-medicina-nino-infancia.webp\",\"articleSection\":[\"Canvi clim\u00e0tic\",\"Ci\u00e8ncies de la salut\",\"Medi ambient\",\"Medicina i cirurgia\"],\"inLanguage\":\"ca-ES\"},{\"@type\":\"WebPage\",\"@id\":\"https:\\\/\\\/raed.academy\\\/ca\\\/atents-al-desenvolupament-i-la-salut-dels-menors\\\/\",\"url\":\"https:\\\/\\\/raed.academy\\\/ca\\\/atents-al-desenvolupament-i-la-salut-dels-menors\\\/\",\"name\":\"Atents al desenvolupament i la salut dels menors - Reial Acad\u00e8mia Europea de Doctors\",\"isPartOf\":{\"@id\":\"https:\\\/\\\/raed.academy\\\/ca\\\/#website\"},\"primaryImageOfPage\":{\"@id\":\"https:\\\/\\\/raed.academy\\\/ca\\\/atents-al-desenvolupament-i-la-salut-dels-menors\\\/#primaryimage\"},\"image\":{\"@id\":\"https:\\\/\\\/raed.academy\\\/ca\\\/atents-al-desenvolupament-i-la-salut-dels-menors\\\/#primaryimage\"},\"thumbnailUrl\":\"https:\\\/\\\/raed.academy\\\/wp-content\\\/uploads\\\/2023\\\/10\\\/pediatria-peluche-medicina-nino-infancia.webp\",\"datePublished\":\"2024-01-26T12:02:40+00:00\",\"dateModified\":\"2024-01-26T15:27:29+00:00\",\"description\":\"Joaqu\u00edn Callabed aborda alguns dels problemes que inquieten els pares amb nens de primerenca edat i en edat escolar\",\"breadcrumb\":{\"@id\":\"https:\\\/\\\/raed.academy\\\/ca\\\/atents-al-desenvolupament-i-la-salut-dels-menors\\\/#breadcrumb\"},\"inLanguage\":\"ca-ES\",\"potentialAction\":[{\"@type\":\"ReadAction\",\"target\":[\"https:\\\/\\\/raed.academy\\\/ca\\\/atents-al-desenvolupament-i-la-salut-dels-menors\\\/\"]}]},{\"@type\":\"ImageObject\",\"inLanguage\":\"ca-ES\",\"@id\":\"https:\\\/\\\/raed.academy\\\/ca\\\/atents-al-desenvolupament-i-la-salut-dels-menors\\\/#primaryimage\",\"url\":\"https:\\\/\\\/raed.academy\\\/wp-content\\\/uploads\\\/2023\\\/10\\\/pediatria-peluche-medicina-nino-infancia.webp\",\"contentUrl\":\"https:\\\/\\\/raed.academy\\\/wp-content\\\/uploads\\\/2023\\\/10\\\/pediatria-peluche-medicina-nino-infancia.webp\",\"width\":600,\"height\":358},{\"@type\":\"BreadcrumbList\",\"@id\":\"https:\\\/\\\/raed.academy\\\/ca\\\/atents-al-desenvolupament-i-la-salut-dels-menors\\\/#breadcrumb\",\"itemListElement\":[{\"@type\":\"ListItem\",\"position\":1,\"name\":\"Inicio\",\"item\":\"https:\\\/\\\/raed.academy\\\/ca\\\/\"},{\"@type\":\"ListItem\",\"position\":2,\"name\":\"Atents al desenvolupament i la salut dels menors\"}]},{\"@type\":\"WebSite\",\"@id\":\"https:\\\/\\\/raed.academy\\\/ca\\\/#website\",\"url\":\"https:\\\/\\\/raed.academy\\\/ca\\\/\",\"name\":\"Reial Acad\u00e8mia Europea de Doctors\",\"description\":\"Corporaci\u00f3n de derecho p\u00fablico de car\u00e1cter cient\u00edfico, t\u00e9cnico y art\u00edstico, que tiene por objeto la investigaci\u00f3n, el estudio, el fomento y la extensi\u00f3n del conocimiento en su sentido m\u00e1s amplio\",\"publisher\":{\"@id\":\"https:\\\/\\\/raed.academy\\\/ca\\\/#organization\"},\"potentialAction\":[{\"@type\":\"SearchAction\",\"target\":{\"@type\":\"EntryPoint\",\"urlTemplate\":\"https:\\\/\\\/raed.academy\\\/ca\\\/?s={search_term_string}\"},\"query-input\":{\"@type\":\"PropertyValueSpecification\",\"valueRequired\":true,\"valueName\":\"search_term_string\"}}],\"inLanguage\":\"ca-ES\"},{\"@type\":\"Organization\",\"@id\":\"https:\\\/\\\/raed.academy\\\/ca\\\/#organization\",\"name\":\"Real Academia Europea de Doctores\",\"url\":\"https:\\\/\\\/raed.academy\\\/ca\\\/\",\"logo\":{\"@type\":\"ImageObject\",\"inLanguage\":\"ca-ES\",\"@id\":\"https:\\\/\\\/raed.academy\\\/ca\\\/#\\\/schema\\\/logo\\\/image\\\/\",\"url\":\"https:\\\/\\\/raed.academy\\\/wp-content\\\/uploads\\\/2017\\\/01\\\/cropped-logo_raed.png\",\"contentUrl\":\"https:\\\/\\\/raed.academy\\\/wp-content\\\/uploads\\\/2017\\\/01\\\/cropped-logo_raed.png\",\"width\":512,\"height\":512,\"caption\":\"Real Academia Europea de Doctores\"},\"image\":{\"@id\":\"https:\\\/\\\/raed.academy\\\/ca\\\/#\\\/schema\\\/logo\\\/image\\\/\"},\"sameAs\":[\"http:\\\/\\\/fb.me\\\/raed.academy\",\"https:\\\/\\\/x.com\\\/raedacademy\",\"https:\\\/\\\/www.instagram.com\\\/raed.academy\\\/\",\"https:\\\/\\\/www.youtube.com\\\/channel\\\/UCUYQwW2KrdirNWihxMDObwg\"]},{\"@type\":\"Person\",\"@id\":\"https:\\\/\\\/raed.academy\\\/ca\\\/#\\\/schema\\\/person\\\/5a755da80d1d979fd66ba745c8702927\",\"name\":\"RAED\",\"image\":{\"@type\":\"ImageObject\",\"inLanguage\":\"ca-ES\",\"@id\":\"https:\\\/\\\/secure.gravatar.com\\\/avatar\\\/19fdfdc0d67fb9c45714b703a2ac82251c4fcea3637f002ac3c9b74c0183583c?s=96&d=mm&r=g\",\"url\":\"https:\\\/\\\/secure.gravatar.com\\\/avatar\\\/19fdfdc0d67fb9c45714b703a2ac82251c4fcea3637f002ac3c9b74c0183583c?s=96&d=mm&r=g\",\"contentUrl\":\"https:\\\/\\\/secure.gravatar.com\\\/avatar\\\/19fdfdc0d67fb9c45714b703a2ac82251c4fcea3637f002ac3c9b74c0183583c?s=96&d=mm&r=g\",\"caption\":\"RAED\"}}]}<\/script>\n<!-- \/ Yoast SEO plugin. -->","yoast_head_json":{"title":"Atents al desenvolupament i la salut dels menors - Reial Acad\u00e8mia Europea de Doctors","description":"Joaqu\u00edn Callabed aborda alguns dels problemes que inquieten els pares amb nens de primerenca edat i en edat escolar","robots":{"index":"index","follow":"follow","max-snippet":"max-snippet:-1","max-image-preview":"max-image-preview:large","max-video-preview":"max-video-preview:-1"},"canonical":"https:\/\/raed.academy\/ca\/atents-al-desenvolupament-i-la-salut-dels-menors\/","og_locale":"ca_ES","og_type":"article","og_title":"Atents al desenvolupament i la salut dels menors - Reial Acad\u00e8mia Europea de Doctors","og_description":"Joaqu\u00edn Callabed aborda alguns dels problemes que inquieten els pares amb nens de primerenca edat i en edat escolar","og_url":"https:\/\/raed.academy\/ca\/atents-al-desenvolupament-i-la-salut-dels-menors\/","og_site_name":"Reial Acad\u00e8mia Europea de Doctors","article_publisher":"http:\/\/fb.me\/raed.academy","article_published_time":"2024-01-26T12:02:40+00:00","article_modified_time":"2024-01-26T15:27:29+00:00","og_image":[{"width":600,"height":358,"url":"https:\/\/raed.academy\/wp-content\/uploads\/2023\/10\/pediatria-peluche-medicina-nino-infancia.webp","type":"image\/webp"}],"author":"RAED","twitter_card":"summary_large_image","twitter_creator":"@raedacademy","twitter_site":"@raedacademy","twitter_misc":{"Written by":"RAED","Est. reading time":"5 minutes"},"schema":{"@context":"https:\/\/schema.org","@graph":[{"@type":"Article","@id":"https:\/\/raed.academy\/ca\/atents-al-desenvolupament-i-la-salut-dels-menors\/#article","isPartOf":{"@id":"https:\/\/raed.academy\/ca\/atents-al-desenvolupament-i-la-salut-dels-menors\/"},"author":{"name":"RAED","@id":"https:\/\/raed.academy\/ca\/#\/schema\/person\/5a755da80d1d979fd66ba745c8702927"},"headline":"Atents al desenvolupament i la salut dels menors","datePublished":"2024-01-26T12:02:40+00:00","dateModified":"2024-01-26T15:27:29+00:00","mainEntityOfPage":{"@id":"https:\/\/raed.academy\/ca\/atents-al-desenvolupament-i-la-salut-dels-menors\/"},"wordCount":837,"publisher":{"@id":"https:\/\/raed.academy\/ca\/#organization"},"image":{"@id":"https:\/\/raed.academy\/ca\/atents-al-desenvolupament-i-la-salut-dels-menors\/#primaryimage"},"thumbnailUrl":"https:\/\/raed.academy\/wp-content\/uploads\/2023\/10\/pediatria-peluche-medicina-nino-infancia.webp","articleSection":["Canvi clim\u00e0tic","Ci\u00e8ncies de la salut","Medi ambient","Medicina i cirurgia"],"inLanguage":"ca-ES"},{"@type":"WebPage","@id":"https:\/\/raed.academy\/ca\/atents-al-desenvolupament-i-la-salut-dels-menors\/","url":"https:\/\/raed.academy\/ca\/atents-al-desenvolupament-i-la-salut-dels-menors\/","name":"Atents al desenvolupament i la salut dels menors - Reial Acad\u00e8mia Europea de Doctors","isPartOf":{"@id":"https:\/\/raed.academy\/ca\/#website"},"primaryImageOfPage":{"@id":"https:\/\/raed.academy\/ca\/atents-al-desenvolupament-i-la-salut-dels-menors\/#primaryimage"},"image":{"@id":"https:\/\/raed.academy\/ca\/atents-al-desenvolupament-i-la-salut-dels-menors\/#primaryimage"},"thumbnailUrl":"https:\/\/raed.academy\/wp-content\/uploads\/2023\/10\/pediatria-peluche-medicina-nino-infancia.webp","datePublished":"2024-01-26T12:02:40+00:00","dateModified":"2024-01-26T15:27:29+00:00","description":"Joaqu\u00edn Callabed aborda alguns dels problemes que inquieten els pares amb nens de primerenca edat i en edat escolar","breadcrumb":{"@id":"https:\/\/raed.academy\/ca\/atents-al-desenvolupament-i-la-salut-dels-menors\/#breadcrumb"},"inLanguage":"ca-ES","potentialAction":[{"@type":"ReadAction","target":["https:\/\/raed.academy\/ca\/atents-al-desenvolupament-i-la-salut-dels-menors\/"]}]},{"@type":"ImageObject","inLanguage":"ca-ES","@id":"https:\/\/raed.academy\/ca\/atents-al-desenvolupament-i-la-salut-dels-menors\/#primaryimage","url":"https:\/\/raed.academy\/wp-content\/uploads\/2023\/10\/pediatria-peluche-medicina-nino-infancia.webp","contentUrl":"https:\/\/raed.academy\/wp-content\/uploads\/2023\/10\/pediatria-peluche-medicina-nino-infancia.webp","width":600,"height":358},{"@type":"BreadcrumbList","@id":"https:\/\/raed.academy\/ca\/atents-al-desenvolupament-i-la-salut-dels-menors\/#breadcrumb","itemListElement":[{"@type":"ListItem","position":1,"name":"Inicio","item":"https:\/\/raed.academy\/ca\/"},{"@type":"ListItem","position":2,"name":"Atents al desenvolupament i la salut dels menors"}]},{"@type":"WebSite","@id":"https:\/\/raed.academy\/ca\/#website","url":"https:\/\/raed.academy\/ca\/","name":"Reial Acad\u00e8mia Europea de Doctors","description":"Corporaci\u00f3n de derecho p\u00fablico de car\u00e1cter cient\u00edfico, t\u00e9cnico y art\u00edstico, que tiene por objeto la investigaci\u00f3n, el estudio, el fomento y la extensi\u00f3n del conocimiento en su sentido m\u00e1s amplio","publisher":{"@id":"https:\/\/raed.academy\/ca\/#organization"},"potentialAction":[{"@type":"SearchAction","target":{"@type":"EntryPoint","urlTemplate":"https:\/\/raed.academy\/ca\/?s={search_term_string}"},"query-input":{"@type":"PropertyValueSpecification","valueRequired":true,"valueName":"search_term_string"}}],"inLanguage":"ca-ES"},{"@type":"Organization","@id":"https:\/\/raed.academy\/ca\/#organization","name":"Real Academia Europea de Doctores","url":"https:\/\/raed.academy\/ca\/","logo":{"@type":"ImageObject","inLanguage":"ca-ES","@id":"https:\/\/raed.academy\/ca\/#\/schema\/logo\/image\/","url":"https:\/\/raed.academy\/wp-content\/uploads\/2017\/01\/cropped-logo_raed.png","contentUrl":"https:\/\/raed.academy\/wp-content\/uploads\/2017\/01\/cropped-logo_raed.png","width":512,"height":512,"caption":"Real Academia Europea de Doctores"},"image":{"@id":"https:\/\/raed.academy\/ca\/#\/schema\/logo\/image\/"},"sameAs":["http:\/\/fb.me\/raed.academy","https:\/\/x.com\/raedacademy","https:\/\/www.instagram.com\/raed.academy\/","https:\/\/www.youtube.com\/channel\/UCUYQwW2KrdirNWihxMDObwg"]},{"@type":"Person","@id":"https:\/\/raed.academy\/ca\/#\/schema\/person\/5a755da80d1d979fd66ba745c8702927","name":"RAED","image":{"@type":"ImageObject","inLanguage":"ca-ES","@id":"https:\/\/secure.gravatar.com\/avatar\/19fdfdc0d67fb9c45714b703a2ac82251c4fcea3637f002ac3c9b74c0183583c?s=96&d=mm&r=g","url":"https:\/\/secure.gravatar.com\/avatar\/19fdfdc0d67fb9c45714b703a2ac82251c4fcea3637f002ac3c9b74c0183583c?s=96&d=mm&r=g","contentUrl":"https:\/\/secure.gravatar.com\/avatar\/19fdfdc0d67fb9c45714b703a2ac82251c4fcea3637f002ac3c9b74c0183583c?s=96&d=mm&r=g","caption":"RAED"}}]}},"_links":{"self":[{"href":"https:\/\/raed.academy\/ca\/wp-json\/wp\/v2\/posts\/144511","targetHints":{"allow":["GET"]}}],"collection":[{"href":"https:\/\/raed.academy\/ca\/wp-json\/wp\/v2\/posts"}],"about":[{"href":"https:\/\/raed.academy\/ca\/wp-json\/wp\/v2\/types\/post"}],"author":[{"embeddable":true,"href":"https:\/\/raed.academy\/ca\/wp-json\/wp\/v2\/users\/12"}],"replies":[{"embeddable":true,"href":"https:\/\/raed.academy\/ca\/wp-json\/wp\/v2\/comments?post=144511"}],"version-history":[{"count":0,"href":"https:\/\/raed.academy\/ca\/wp-json\/wp\/v2\/posts\/144511\/revisions"}],"wp:featuredmedia":[{"embeddable":true,"href":"https:\/\/raed.academy\/ca\/wp-json\/wp\/v2\/media\/138091"}],"wp:attachment":[{"href":"https:\/\/raed.academy\/ca\/wp-json\/wp\/v2\/media?parent=144511"}],"wp:term":[{"taxonomy":"category","embeddable":true,"href":"https:\/\/raed.academy\/ca\/wp-json\/wp\/v2\/categories?post=144511"},{"taxonomy":"post_tag","embeddable":true,"href":"https:\/\/raed.academy\/ca\/wp-json\/wp\/v2\/tags?post=144511"}],"curies":[{"name":"wp","href":"https:\/\/api.w.org\/{rel}","templated":true}]}}