{"id":143933,"date":"2024-01-18T11:32:04","date_gmt":"2024-01-18T11:32:04","guid":{"rendered":"https:\/\/raed.academy\/?p=143933"},"modified":"2024-01-18T11:32:04","modified_gmt":"2024-01-18T11:32:04","slug":"ramon-llull-i-la-teologia","status":"publish","type":"post","link":"https:\/\/raed.academy\/ca\/ramon-llull-i-la-teologia\/","title":{"rendered":"Ramon Llull i la teologia"},"content":{"rendered":"<div id=\"attachment_143838\" style=\"width: 610px\" class=\"wp-caption aligncenter\"><img loading=\"lazy\" decoding=\"async\" aria-describedby=\"caption-attachment-143838\" class=\"wp-image-143838 size-full\" src=\"https:\/\/raed.academy\/wp-content\/uploads\/2024\/01\/Ramon-Llull-dst.webp\" alt=\"\" width=\"600\" height=\"360\" srcset=\"https:\/\/raed.academy\/wp-content\/uploads\/2024\/01\/Ramon-Llull-dst.webp 600w, https:\/\/raed.academy\/wp-content\/uploads\/2024\/01\/Ramon-Llull-dst-440x264.webp 440w\" sizes=\"(max-width: 600px) 100vw, 600px\" \/><p id=\"caption-attachment-143838\" class=\"wp-caption-text\">Ramon Llull<\/p><\/div>\n<p><a href=\"https:\/\/raed.academy\/ca\/academics\/dr-josep-ignasi-saranyana-closa\/\" target=\"_blank\" rel=\"noopener\"><em><strong>Josep Ignasi Saranyana<\/strong><\/em><\/a>, professor em\u00e8rit de la <strong>Universitat de Navarra<\/strong>, membre &#8220;in carica&#8221; del <strong>Pontifici Comit\u00e8 de Ci\u00e8ncies Hist\u00f2riques<\/strong> i acad\u00e8mic em\u00e8rit de la <strong>Reial Acad\u00e8mia Europea de Doctors-Barcelona 1914<\/strong> (RAED), comparteix amb la comunitat acad\u00e8mica l&#8217;article <strong>&#8220;Raons necess\u00e0ries i teologia en perspectiva lul\u00b7liana&#8221;<\/strong>, que es va publicar al n\u00famero 2, volum 38, de la <strong>&#8220;Revista Catalana de Teologia&#8221;<\/strong>, corresponent a l&#8217;any 2013. Un treball que analitza l&#8217;obra de <strong>Ramon Llull<\/strong> i la seva relaci\u00f3 amb la fe, la gr\u00e0cia de D\u00e9u i la necessitat de creure per comprendre el missatge de les seves obres. El treball tamb\u00e9 aborda la descripci\u00f3 dels cinc arbres a l&#8217;obra lul\u00b7liana i el seu significat metaf\u00edsic.<\/p>\n<p>El text analitza el <strong>&#8220;Libre del gentil i dels tres savis&#8221;<\/strong> de Llull, destacant el seu m\u00e8tode de les raons necess\u00e0ries i la seva atenci\u00f3 a la conversi\u00f3 dels gentils al cristianisme. Tamb\u00e9 assenyala la manca de claredat en la distinci\u00f3 entre l&#8217;ordre natural i sobrenatural a l&#8217;obra i reconeix Llull com un te\u00f2leg ecl\u00e8ctic i geni del seu temps. Saranyana analitza la perspectiva de Llull sobre les raons necess\u00e0ries i la teologia, destacant com va desenvolupar un sistema de raons necess\u00e0ries basat en idees primordials. Tamb\u00e9 analitza la relaci\u00f3 entre Llull i fil\u00f2sofs de segles posteriors com <strong>Hegel<\/strong> i <strong>Husserl<\/strong>, i destaca la import\u00e0ncia de les idees primordials de Llull per comprendre el coneixement i la realitat. El text explora la relaci\u00f3 entre fe i ra\u00f3 a l&#8217;obra de Llull, destacant la import\u00e0ncia de la teologia sobrenatural en la seva filosofia, i analitza com Llull va abordar aquestes relacions des de les primeres obres.<\/p>\n<p>&#8220;Al &#8216;Libre del gentil i dels tres savis&#8217;, escrit cap al 1272, es troba ja la llavor de tot el sistema demostratiu lul\u00b7li\u00e0 per raons necess\u00e0ries, que m\u00e9s endavant es desenvolupar\u00e0 en arbres, figures i combinacions de flors. El gentil passa per dues fases: abans que res, despr\u00e9s de molts plors i de sentir les explicacions dels tres savis, rep la llum de la fe, despr\u00e9s s&#8217;atura davant del primer arbre i intel\u00b7lectualment arriba a con\u00e8ixer els principals atributs divins, en qu\u00e8 per all\u00f2 aviat ja creia, a continuaci\u00f3 demana les virtuts infuses. No hi ha, doncs, dos Llull: un Llull preart\u00edstic i un Llull art\u00edstic. Tot i aix\u00ed, cal recordar que en aquest llibre sembla esmorte\u00efda de vegades la distinci\u00f3 entre l&#8217;ordre natural i l&#8217;ordre sobrenatural, el trencaclosques de tot el sistema lul\u00b7li\u00e0&#8221;, resumeix l&#8217;article el mateix autor.<\/p>\n<div id=\"attachment_117596\" style=\"width: 308px\" class=\"wp-caption alignright\"><img loading=\"lazy\" decoding=\"async\" aria-describedby=\"caption-attachment-117596\" class=\"wp-image-117596\" src=\"https:\/\/raed.academy\/wp-content\/uploads\/2022\/05\/Josep-ignasi-Saranyana.webp\" alt=\"Josep Ignasi Saranyana\" width=\"298\" height=\"191\" \/><p id=\"caption-attachment-117596\" class=\"wp-caption-text\">Dr. Josep Ignasi Saranyana<\/p><\/div>\n<p>L&#8217;acad\u00e8mic explora la possibilitat que Llull fos alhora m\u00edstic i racionalista per concloure que el seu misticisme va estar sempre present des de l&#8217;inici de la carrera intel\u00b7lectual. En aquest sentit analitza les idees de Ramon Llull sobre la fe i el raonament, destacant la seva creen\u00e7a en la necessitat de la gr\u00e0cia per a la conversi\u00f3 i la seva comprensi\u00f3 de les relacions entre all\u00f2 natural i sobrenatural, i discuteix la idea lulliana de continu\u00eftat entre el raonament previ i lacte de fe posterior. &#8220;Llull va ser un geni del seu temps, i tamb\u00e9 va ser un expositor desordenat i volc\u00e0nic. Res no li va ser ali\u00e8. I aix\u00f2 es percep al llarg de les seves monografies. Li va faltar, per\u00f2, el tempus acad\u00e8mic. No obstant, i cal repetir-ho una vegada m\u00e9s, de Llull nom\u00e9s n&#8217;hi ha hagut un al llarg de la hist\u00f2ria. L&#8217;atractiu lul\u00b7li\u00e0 rau precisament en la seva frescor i espontane\u00eftat. Aix\u00ed que no li demanem una precisi\u00f3 escol\u00e0stica no pretesa&#8221;, conclou Saranyana.<\/p>\n<p>&nbsp;<\/p>\n<h2><a href=\"https:\/\/raco.cat\/index.php\/RevistaTeologia\/article\/view\/275024.\" target=\"_blank\" rel=\"noopener\">Llegiu l&#8217;article<\/a><\/h2>\n","protected":false},"excerpt":{"rendered":"<p>Josep Ignasi Saranyana, a l&#8217;article &#8220;Raons necess\u00e0ries i teologia en perspectiva lul\u00b7liana&#8221;, analitza l&#8217;obra de Ramon Llull i la seva relaci\u00f3 amb la fe, la gr\u00e0cia de D\u00e9u i la necessitat de creure per comprendre el missatge de les seves obres<\/p>\n","protected":false},"author":12,"featured_media":143839,"comment_status":"closed","ping_status":"closed","sticky":false,"template":"","format":"standard","meta":{"_et_pb_use_builder":"","_et_pb_old_content":"","_et_gb_content_width":"","footnotes":""},"categories":[242,252],"tags":[],"class_list":["post-143933","post","type-post","status-publish","format-standard","has-post-thumbnail","hentry","category-categ-historia","category-teologia-ca","et-has-post-format-content","et_post_format-et-post-format-standard"],"yoast_head":"<!-- This site is optimized with the Yoast SEO plugin v27.4 - https:\/\/yoast.com\/product\/yoast-seo-wordpress\/ -->\n<title>Ramon Llull i la teologia - Reial Acad\u00e8mia Europea de Doctors<\/title>\n<meta name=\"description\" content=\"Josep Ignasi Saranyana analitza l&#039;obra de Ramon Llull i la relaci\u00f3 amb la fe, la gr\u00e0cia de D\u00e9u i la necessitat de creure per comprendre el missatge de les seves obres\" \/>\n<meta name=\"robots\" content=\"index, follow, max-snippet:-1, max-image-preview:large, max-video-preview:-1\" \/>\n<link rel=\"canonical\" href=\"https:\/\/raed.academy\/ca\/ramon-llull-i-la-teologia\/\" \/>\n<meta property=\"og:locale\" content=\"ca_ES\" \/>\n<meta property=\"og:type\" content=\"article\" \/>\n<meta property=\"og:title\" content=\"Ramon Llull i la teologia - Reial Acad\u00e8mia Europea de Doctors\" \/>\n<meta property=\"og:description\" content=\"Josep Ignasi Saranyana analitza l&#039;obra de Ramon Llull i la relaci\u00f3 amb la fe, la gr\u00e0cia de D\u00e9u i la necessitat de creure per comprendre el missatge de les seves obres\" \/>\n<meta property=\"og:url\" content=\"https:\/\/raed.academy\/ca\/ramon-llull-i-la-teologia\/\" \/>\n<meta property=\"og:site_name\" content=\"Reial Acad\u00e8mia Europea de Doctors\" \/>\n<meta property=\"article:publisher\" content=\"http:\/\/fb.me\/raed.academy\" \/>\n<meta property=\"article:published_time\" content=\"2024-01-18T11:32:04+00:00\" \/>\n<meta property=\"og:image\" content=\"https:\/\/raed.academy\/wp-content\/uploads\/2024\/01\/Ramon-Llull-dst.webp\" \/>\n\t<meta property=\"og:image:width\" content=\"600\" \/>\n\t<meta property=\"og:image:height\" content=\"360\" \/>\n\t<meta property=\"og:image:type\" content=\"image\/webp\" \/>\n<meta name=\"author\" content=\"RAED\" \/>\n<meta name=\"twitter:card\" content=\"summary_large_image\" \/>\n<meta name=\"twitter:creator\" content=\"@raedacademy\" \/>\n<meta name=\"twitter:site\" content=\"@raedacademy\" \/>\n<meta name=\"twitter:label1\" content=\"Written by\" \/>\n\t<meta name=\"twitter:data1\" content=\"RAED\" \/>\n\t<meta name=\"twitter:label2\" content=\"Est. reading time\" \/>\n\t<meta name=\"twitter:data2\" content=\"4 minutes\" \/>\n<script type=\"application\/ld+json\" class=\"yoast-schema-graph\">{\"@context\":\"https:\\\/\\\/schema.org\",\"@graph\":[{\"@type\":\"Article\",\"@id\":\"https:\\\/\\\/raed.academy\\\/ca\\\/ramon-llull-i-la-teologia\\\/#article\",\"isPartOf\":{\"@id\":\"https:\\\/\\\/raed.academy\\\/ca\\\/ramon-llull-i-la-teologia\\\/\"},\"author\":{\"name\":\"RAED\",\"@id\":\"https:\\\/\\\/raed.academy\\\/ca\\\/#\\\/schema\\\/person\\\/5a755da80d1d979fd66ba745c8702927\"},\"headline\":\"Ramon Llull i la teologia\",\"datePublished\":\"2024-01-18T11:32:04+00:00\",\"mainEntityOfPage\":{\"@id\":\"https:\\\/\\\/raed.academy\\\/ca\\\/ramon-llull-i-la-teologia\\\/\"},\"wordCount\":660,\"publisher\":{\"@id\":\"https:\\\/\\\/raed.academy\\\/ca\\\/#organization\"},\"image\":{\"@id\":\"https:\\\/\\\/raed.academy\\\/ca\\\/ramon-llull-i-la-teologia\\\/#primaryimage\"},\"thumbnailUrl\":\"https:\\\/\\\/raed.academy\\\/wp-content\\\/uploads\\\/2024\\\/01\\\/Ramon-Llull-dst.webp\",\"articleSection\":[\"Hist\u00f2ria\",\"Teologia\"],\"inLanguage\":\"ca-ES\"},{\"@type\":\"WebPage\",\"@id\":\"https:\\\/\\\/raed.academy\\\/ca\\\/ramon-llull-i-la-teologia\\\/\",\"url\":\"https:\\\/\\\/raed.academy\\\/ca\\\/ramon-llull-i-la-teologia\\\/\",\"name\":\"Ramon Llull i la teologia - Reial Acad\u00e8mia Europea de Doctors\",\"isPartOf\":{\"@id\":\"https:\\\/\\\/raed.academy\\\/ca\\\/#website\"},\"primaryImageOfPage\":{\"@id\":\"https:\\\/\\\/raed.academy\\\/ca\\\/ramon-llull-i-la-teologia\\\/#primaryimage\"},\"image\":{\"@id\":\"https:\\\/\\\/raed.academy\\\/ca\\\/ramon-llull-i-la-teologia\\\/#primaryimage\"},\"thumbnailUrl\":\"https:\\\/\\\/raed.academy\\\/wp-content\\\/uploads\\\/2024\\\/01\\\/Ramon-Llull-dst.webp\",\"datePublished\":\"2024-01-18T11:32:04+00:00\",\"description\":\"Josep Ignasi Saranyana analitza l'obra de Ramon Llull i la relaci\u00f3 amb la fe, la gr\u00e0cia de D\u00e9u i la necessitat de creure per comprendre el missatge de les seves obres\",\"breadcrumb\":{\"@id\":\"https:\\\/\\\/raed.academy\\\/ca\\\/ramon-llull-i-la-teologia\\\/#breadcrumb\"},\"inLanguage\":\"ca-ES\",\"potentialAction\":[{\"@type\":\"ReadAction\",\"target\":[\"https:\\\/\\\/raed.academy\\\/ca\\\/ramon-llull-i-la-teologia\\\/\"]}]},{\"@type\":\"ImageObject\",\"inLanguage\":\"ca-ES\",\"@id\":\"https:\\\/\\\/raed.academy\\\/ca\\\/ramon-llull-i-la-teologia\\\/#primaryimage\",\"url\":\"https:\\\/\\\/raed.academy\\\/wp-content\\\/uploads\\\/2024\\\/01\\\/Ramon-Llull-dst.webp\",\"contentUrl\":\"https:\\\/\\\/raed.academy\\\/wp-content\\\/uploads\\\/2024\\\/01\\\/Ramon-Llull-dst.webp\",\"width\":600,\"height\":360},{\"@type\":\"BreadcrumbList\",\"@id\":\"https:\\\/\\\/raed.academy\\\/ca\\\/ramon-llull-i-la-teologia\\\/#breadcrumb\",\"itemListElement\":[{\"@type\":\"ListItem\",\"position\":1,\"name\":\"Inicio\",\"item\":\"https:\\\/\\\/raed.academy\\\/ca\\\/\"},{\"@type\":\"ListItem\",\"position\":2,\"name\":\"Ramon Llull i la teologia\"}]},{\"@type\":\"WebSite\",\"@id\":\"https:\\\/\\\/raed.academy\\\/ca\\\/#website\",\"url\":\"https:\\\/\\\/raed.academy\\\/ca\\\/\",\"name\":\"Reial Acad\u00e8mia Europea de Doctors\",\"description\":\"Corporaci\u00f3n de derecho p\u00fablico de car\u00e1cter cient\u00edfico, t\u00e9cnico y art\u00edstico, que tiene por objeto la investigaci\u00f3n, el estudio, el fomento y la extensi\u00f3n del conocimiento en su sentido m\u00e1s amplio\",\"publisher\":{\"@id\":\"https:\\\/\\\/raed.academy\\\/ca\\\/#organization\"},\"potentialAction\":[{\"@type\":\"SearchAction\",\"target\":{\"@type\":\"EntryPoint\",\"urlTemplate\":\"https:\\\/\\\/raed.academy\\\/ca\\\/?s={search_term_string}\"},\"query-input\":{\"@type\":\"PropertyValueSpecification\",\"valueRequired\":true,\"valueName\":\"search_term_string\"}}],\"inLanguage\":\"ca-ES\"},{\"@type\":\"Organization\",\"@id\":\"https:\\\/\\\/raed.academy\\\/ca\\\/#organization\",\"name\":\"Real Academia Europea de Doctores\",\"url\":\"https:\\\/\\\/raed.academy\\\/ca\\\/\",\"logo\":{\"@type\":\"ImageObject\",\"inLanguage\":\"ca-ES\",\"@id\":\"https:\\\/\\\/raed.academy\\\/ca\\\/#\\\/schema\\\/logo\\\/image\\\/\",\"url\":\"https:\\\/\\\/raed.academy\\\/wp-content\\\/uploads\\\/2017\\\/01\\\/cropped-logo_raed.png\",\"contentUrl\":\"https:\\\/\\\/raed.academy\\\/wp-content\\\/uploads\\\/2017\\\/01\\\/cropped-logo_raed.png\",\"width\":512,\"height\":512,\"caption\":\"Real Academia Europea de Doctores\"},\"image\":{\"@id\":\"https:\\\/\\\/raed.academy\\\/ca\\\/#\\\/schema\\\/logo\\\/image\\\/\"},\"sameAs\":[\"http:\\\/\\\/fb.me\\\/raed.academy\",\"https:\\\/\\\/x.com\\\/raedacademy\",\"https:\\\/\\\/www.instagram.com\\\/raed.academy\\\/\",\"https:\\\/\\\/www.youtube.com\\\/channel\\\/UCUYQwW2KrdirNWihxMDObwg\"]},{\"@type\":\"Person\",\"@id\":\"https:\\\/\\\/raed.academy\\\/ca\\\/#\\\/schema\\\/person\\\/5a755da80d1d979fd66ba745c8702927\",\"name\":\"RAED\",\"image\":{\"@type\":\"ImageObject\",\"inLanguage\":\"ca-ES\",\"@id\":\"https:\\\/\\\/secure.gravatar.com\\\/avatar\\\/19fdfdc0d67fb9c45714b703a2ac82251c4fcea3637f002ac3c9b74c0183583c?s=96&d=mm&r=g\",\"url\":\"https:\\\/\\\/secure.gravatar.com\\\/avatar\\\/19fdfdc0d67fb9c45714b703a2ac82251c4fcea3637f002ac3c9b74c0183583c?s=96&d=mm&r=g\",\"contentUrl\":\"https:\\\/\\\/secure.gravatar.com\\\/avatar\\\/19fdfdc0d67fb9c45714b703a2ac82251c4fcea3637f002ac3c9b74c0183583c?s=96&d=mm&r=g\",\"caption\":\"RAED\"}}]}<\/script>\n<!-- \/ Yoast SEO plugin. -->","yoast_head_json":{"title":"Ramon Llull i la teologia - Reial Acad\u00e8mia Europea de Doctors","description":"Josep Ignasi Saranyana analitza l'obra de Ramon Llull i la relaci\u00f3 amb la fe, la gr\u00e0cia de D\u00e9u i la necessitat de creure per comprendre el missatge de les seves obres","robots":{"index":"index","follow":"follow","max-snippet":"max-snippet:-1","max-image-preview":"max-image-preview:large","max-video-preview":"max-video-preview:-1"},"canonical":"https:\/\/raed.academy\/ca\/ramon-llull-i-la-teologia\/","og_locale":"ca_ES","og_type":"article","og_title":"Ramon Llull i la teologia - Reial Acad\u00e8mia Europea de Doctors","og_description":"Josep Ignasi Saranyana analitza l'obra de Ramon Llull i la relaci\u00f3 amb la fe, la gr\u00e0cia de D\u00e9u i la necessitat de creure per comprendre el missatge de les seves obres","og_url":"https:\/\/raed.academy\/ca\/ramon-llull-i-la-teologia\/","og_site_name":"Reial Acad\u00e8mia Europea de Doctors","article_publisher":"http:\/\/fb.me\/raed.academy","article_published_time":"2024-01-18T11:32:04+00:00","og_image":[{"width":600,"height":360,"url":"https:\/\/raed.academy\/wp-content\/uploads\/2024\/01\/Ramon-Llull-dst.webp","type":"image\/webp"}],"author":"RAED","twitter_card":"summary_large_image","twitter_creator":"@raedacademy","twitter_site":"@raedacademy","twitter_misc":{"Written by":"RAED","Est. reading time":"4 minutes"},"schema":{"@context":"https:\/\/schema.org","@graph":[{"@type":"Article","@id":"https:\/\/raed.academy\/ca\/ramon-llull-i-la-teologia\/#article","isPartOf":{"@id":"https:\/\/raed.academy\/ca\/ramon-llull-i-la-teologia\/"},"author":{"name":"RAED","@id":"https:\/\/raed.academy\/ca\/#\/schema\/person\/5a755da80d1d979fd66ba745c8702927"},"headline":"Ramon Llull i la teologia","datePublished":"2024-01-18T11:32:04+00:00","mainEntityOfPage":{"@id":"https:\/\/raed.academy\/ca\/ramon-llull-i-la-teologia\/"},"wordCount":660,"publisher":{"@id":"https:\/\/raed.academy\/ca\/#organization"},"image":{"@id":"https:\/\/raed.academy\/ca\/ramon-llull-i-la-teologia\/#primaryimage"},"thumbnailUrl":"https:\/\/raed.academy\/wp-content\/uploads\/2024\/01\/Ramon-Llull-dst.webp","articleSection":["Hist\u00f2ria","Teologia"],"inLanguage":"ca-ES"},{"@type":"WebPage","@id":"https:\/\/raed.academy\/ca\/ramon-llull-i-la-teologia\/","url":"https:\/\/raed.academy\/ca\/ramon-llull-i-la-teologia\/","name":"Ramon Llull i la teologia - Reial Acad\u00e8mia Europea de Doctors","isPartOf":{"@id":"https:\/\/raed.academy\/ca\/#website"},"primaryImageOfPage":{"@id":"https:\/\/raed.academy\/ca\/ramon-llull-i-la-teologia\/#primaryimage"},"image":{"@id":"https:\/\/raed.academy\/ca\/ramon-llull-i-la-teologia\/#primaryimage"},"thumbnailUrl":"https:\/\/raed.academy\/wp-content\/uploads\/2024\/01\/Ramon-Llull-dst.webp","datePublished":"2024-01-18T11:32:04+00:00","description":"Josep Ignasi Saranyana analitza l'obra de Ramon Llull i la relaci\u00f3 amb la fe, la gr\u00e0cia de D\u00e9u i la necessitat de creure per comprendre el missatge de les seves obres","breadcrumb":{"@id":"https:\/\/raed.academy\/ca\/ramon-llull-i-la-teologia\/#breadcrumb"},"inLanguage":"ca-ES","potentialAction":[{"@type":"ReadAction","target":["https:\/\/raed.academy\/ca\/ramon-llull-i-la-teologia\/"]}]},{"@type":"ImageObject","inLanguage":"ca-ES","@id":"https:\/\/raed.academy\/ca\/ramon-llull-i-la-teologia\/#primaryimage","url":"https:\/\/raed.academy\/wp-content\/uploads\/2024\/01\/Ramon-Llull-dst.webp","contentUrl":"https:\/\/raed.academy\/wp-content\/uploads\/2024\/01\/Ramon-Llull-dst.webp","width":600,"height":360},{"@type":"BreadcrumbList","@id":"https:\/\/raed.academy\/ca\/ramon-llull-i-la-teologia\/#breadcrumb","itemListElement":[{"@type":"ListItem","position":1,"name":"Inicio","item":"https:\/\/raed.academy\/ca\/"},{"@type":"ListItem","position":2,"name":"Ramon Llull i la teologia"}]},{"@type":"WebSite","@id":"https:\/\/raed.academy\/ca\/#website","url":"https:\/\/raed.academy\/ca\/","name":"Reial Acad\u00e8mia Europea de Doctors","description":"Corporaci\u00f3n de derecho p\u00fablico de car\u00e1cter cient\u00edfico, t\u00e9cnico y art\u00edstico, que tiene por objeto la investigaci\u00f3n, el estudio, el fomento y la extensi\u00f3n del conocimiento en su sentido m\u00e1s amplio","publisher":{"@id":"https:\/\/raed.academy\/ca\/#organization"},"potentialAction":[{"@type":"SearchAction","target":{"@type":"EntryPoint","urlTemplate":"https:\/\/raed.academy\/ca\/?s={search_term_string}"},"query-input":{"@type":"PropertyValueSpecification","valueRequired":true,"valueName":"search_term_string"}}],"inLanguage":"ca-ES"},{"@type":"Organization","@id":"https:\/\/raed.academy\/ca\/#organization","name":"Real Academia Europea de Doctores","url":"https:\/\/raed.academy\/ca\/","logo":{"@type":"ImageObject","inLanguage":"ca-ES","@id":"https:\/\/raed.academy\/ca\/#\/schema\/logo\/image\/","url":"https:\/\/raed.academy\/wp-content\/uploads\/2017\/01\/cropped-logo_raed.png","contentUrl":"https:\/\/raed.academy\/wp-content\/uploads\/2017\/01\/cropped-logo_raed.png","width":512,"height":512,"caption":"Real Academia Europea de Doctores"},"image":{"@id":"https:\/\/raed.academy\/ca\/#\/schema\/logo\/image\/"},"sameAs":["http:\/\/fb.me\/raed.academy","https:\/\/x.com\/raedacademy","https:\/\/www.instagram.com\/raed.academy\/","https:\/\/www.youtube.com\/channel\/UCUYQwW2KrdirNWihxMDObwg"]},{"@type":"Person","@id":"https:\/\/raed.academy\/ca\/#\/schema\/person\/5a755da80d1d979fd66ba745c8702927","name":"RAED","image":{"@type":"ImageObject","inLanguage":"ca-ES","@id":"https:\/\/secure.gravatar.com\/avatar\/19fdfdc0d67fb9c45714b703a2ac82251c4fcea3637f002ac3c9b74c0183583c?s=96&d=mm&r=g","url":"https:\/\/secure.gravatar.com\/avatar\/19fdfdc0d67fb9c45714b703a2ac82251c4fcea3637f002ac3c9b74c0183583c?s=96&d=mm&r=g","contentUrl":"https:\/\/secure.gravatar.com\/avatar\/19fdfdc0d67fb9c45714b703a2ac82251c4fcea3637f002ac3c9b74c0183583c?s=96&d=mm&r=g","caption":"RAED"}}]}},"_links":{"self":[{"href":"https:\/\/raed.academy\/ca\/wp-json\/wp\/v2\/posts\/143933","targetHints":{"allow":["GET"]}}],"collection":[{"href":"https:\/\/raed.academy\/ca\/wp-json\/wp\/v2\/posts"}],"about":[{"href":"https:\/\/raed.academy\/ca\/wp-json\/wp\/v2\/types\/post"}],"author":[{"embeddable":true,"href":"https:\/\/raed.academy\/ca\/wp-json\/wp\/v2\/users\/12"}],"replies":[{"embeddable":true,"href":"https:\/\/raed.academy\/ca\/wp-json\/wp\/v2\/comments?post=143933"}],"version-history":[{"count":0,"href":"https:\/\/raed.academy\/ca\/wp-json\/wp\/v2\/posts\/143933\/revisions"}],"wp:featuredmedia":[{"embeddable":true,"href":"https:\/\/raed.academy\/ca\/wp-json\/wp\/v2\/media\/143839"}],"wp:attachment":[{"href":"https:\/\/raed.academy\/ca\/wp-json\/wp\/v2\/media?parent=143933"}],"wp:term":[{"taxonomy":"category","embeddable":true,"href":"https:\/\/raed.academy\/ca\/wp-json\/wp\/v2\/categories?post=143933"},{"taxonomy":"post_tag","embeddable":true,"href":"https:\/\/raed.academy\/ca\/wp-json\/wp\/v2\/tags?post=143933"}],"curies":[{"name":"wp","href":"https:\/\/api.w.org\/{rel}","templated":true}]}}