{"id":143910,"date":"2024-01-18T08:57:34","date_gmt":"2024-01-18T08:57:34","guid":{"rendered":"https:\/\/raed.academy\/?p=143910"},"modified":"2024-01-18T09:03:15","modified_gmt":"2024-01-18T09:03:15","slug":"bones-noticies-per-al-patrimoni","status":"publish","type":"post","link":"https:\/\/raed.academy\/ca\/bones-noticies-per-al-patrimoni\/","title":{"rendered":"Bones not\u00edcies per al patrimoni"},"content":{"rendered":"<p><img loading=\"lazy\" decoding=\"async\" class=\"wp-image-88327 alignleft\" src=\"https:\/\/raed.academy\/wp-content\/uploads\/2020\/03\/Ignacio-Buqueras.jpg\" alt=\"Ignacio Buqueras\" width=\"189\" height=\"252\" \/><\/p>\n<p><a href=\"https:\/\/raed.academy\/ca\/academics\/dr-ignacio-buqueras-bach\/\" target=\"_blank\" rel=\"noopener\"><em><strong>Ignacio Buqueras<\/strong><\/em><\/a>, president de l&#8217;<strong>Associaci\u00f3 per a la Difusi\u00f3 i Promoci\u00f3 del Patrimoni Espanyol<\/strong>, president d&#8217;honor de la <strong>Confederaci\u00f3 Espanyola d&#8217;Organitzacions de Gent Gran,<\/strong>\u00a0acad\u00e8mic de n\u00famero de la <strong>Reial Acad\u00e8mia de Doctors d&#8217;Espanya<\/strong> i acad\u00e8mic em\u00e8rit de la <strong>Reial Acad\u00e8mia Europea de Doctors-Barcelona 1914<\/strong> (RAED), va liderar els passats 16 i 17 de novembre el primer f\u00f2rum <span class=\"x_ContentPasted12\"><strong>&#8220;Patrimonio militar espa\u00f1ol con proyecci\u00f3n mundial&#8221;<\/strong><\/span>, que es va celebrar a Cartagena sota l&#8217;organitzaci\u00f3 de la <strong>Fundaci\u00f3 de l&#8217;Acad\u00e8mia de les Ci\u00e8ncies i les Arts Militars<\/strong> i la <strong>Fundaci\u00f3 per la Difusi\u00f3 i Promoci\u00f3 del Patrimoni Mundial d&#8217;Espanya<\/strong> amb la col\u00b7laboraci\u00f3 de la <strong>Universitat Polit\u00e8cnica de Cartagena<\/strong>. L&#8217;esdeveniment va comptar amb el patrocini de la <strong>Fundaci\u00f3 per al Foment de la Innovaci\u00f3 Industrial<\/strong>, l&#8217;empresa <strong>GAHN Gesti\u00f3n, Log\u00edstica y Consultor\u00eda<\/strong>\u00a0i la <strong>Fundaci\u00f3 Juanelo Turriano<\/strong>. Tamb\u00e9 hi van col\u00b7laborar l&#8217;<strong>Institut d&#8217;Hist\u00f2ria i Cultura Militar<\/strong>, l&#8217;<strong>Institut d&#8217;Hist\u00f2ria Naval<\/strong>, l&#8217;<strong>Associaci\u00f3 de Fortaleses i Castells de Cartagena<\/strong> i l&#8217;<strong>Associaci\u00f3 Comte de Gazola<\/strong>.<\/p>\n<p>Durant les dues jornades, reconeguts experts en la gesti\u00f3 del patrimoni es van reunir per departir sobre la gesti\u00f3, difusi\u00f3 i aprofitament de les riqueses materials i immaterials que es troben a tots els racons d&#8217;Espanya i en algunes expressions populars, aix\u00ed com en els aven\u00e7os cient\u00edfics i tecnol\u00f2gics. Despr\u00e9s de les sessions, participants i assistents a l&#8217;esdeveniment van tenir ocasi\u00f3 de visitar el <strong>Museu Naval<\/strong> i el <strong>Museu Militar<\/strong> de Cartagena. Entre les conclusions de la trobada, els experts van coincidir en la necessitat de protegir i gestionar llocs tan emblem\u00e0tics per al patrimoni d&#8217;origen militar com el jaciment de Num\u00e0ncia, la<strong> Reial F\u00e0brica de Tapissos<\/strong>, el conjunt de l&#8217;Illa del Rei a Ma\u00f3 i la Ciutadella de Sant Pere a Jaca, aix\u00ed com una ambiciosa iniciativa per a la conservaci\u00f3 del patrimoni militar i natural de l&#8217;Estret de Gibraltar fonamentada en la preservaci\u00f3 i difusi\u00f3 de les bateries de defensa de la costa. La cloenda d&#8217;aquesta primera i reeixida cita va correspondre a la subdirectora general de Publicacions i Patrimoni Cultural del <strong>Ministeri de Defensa<\/strong>, <strong>Margarita Garc\u00eda Moreno<\/strong>.<\/p>\n<p>D&#8217;altra banda, Buqueras va presidir la <strong>Junta General<\/strong> del <strong>Patronat<\/strong> de la Fundaci\u00f3 per la Difusi\u00f3 i Promoci\u00f3 del Patrimoni Mundial d&#8217;Espanya, que es va celebrar el 18 de desembre passat a la <strong>Reial Casa de Correus<\/strong>, seu del <strong>Govern de la Comunitat de Madrid<\/strong>. L&#8217;acte va comptar amb destacats patrons de la fundaci\u00f3 com ara <strong>Pl\u00e1cido Domingo<\/strong>, <strong>Amalio de Marichalar<\/strong>, <strong>Baldomero Falcones<\/strong>, el pare <strong>\u00c1ngel Garc\u00eda<\/strong>, <a href=\"https:\/\/raed.academy\/ca\/academics\/dr-aldo-olcese-santonja\/\" target=\"_blank\" rel=\"noopener\"><em><strong>Aldo Olcese<\/strong><\/em><\/a> o <strong>Antonio V\u00e1zquez<\/strong>. Buqueras va informar d&#8217;algunes de les importants activitats desenvolupades durant l&#8217;any 2023 com les <strong>II Jornades Nacionals Gaud\u00ed<\/strong> a Madrid, el<strong> I Concurs Nacional Escolar de Dibuix i Redacci\u00f3<\/strong>, el <strong>I F\u00f2rum <\/strong><span class=\"x_ContentPasted12\"><strong>&#8220;Patrimonio militar espa\u00f1ol con proyecci\u00f3n mundial&#8221;<\/strong><\/span> o el <strong>Dia Internacional del Patrimoni Mundial<\/strong>, i va fer esment dels diferents actes de presentaci\u00f3 dels llibres publicats per la fundaci\u00f3 en diverses ciutats i centres culturals.<\/p>\n<h2>Dia 1<\/h2>\n<p><iframe loading=\"lazy\" title=\"Foro: Patrimonio Militar espa\u00f1ol con proyecci\u00f3n mundial D\u00cdA 1\" src=\"https:\/\/www.youtube.com\/embed\/92WtIeagPSU\" width=\"951\" height=\"535\" frameborder=\"0\" allowfullscreen=\"allowfullscreen\" data-mce-fragment=\"1\"><\/iframe><\/p>\n<h2>Dia 2<\/h2>\n<p><iframe loading=\"lazy\" title=\"Foro: Patrimonio Militar espa\u00f1ol con proyecci\u00f3n mundial D\u00cdA 2\" src=\"https:\/\/www.youtube.com\/embed\/YSImem_LNxI\" width=\"951\" height=\"535\" frameborder=\"0\" allowfullscreen=\"allowfullscreen\" data-mce-fragment=\"1\"><\/iframe><\/p>\n","protected":false},"excerpt":{"rendered":"<p>Reconeguts experts en la gesti\u00f3 del patrimoni es reuneixen en el primer f\u00f2rum &#8220;Patrimoni militar espanyol amb projecci\u00f3 mundial&#8221;, liderat per Ignacio Buqueras, per departir sobre la gesti\u00f3, difusi\u00f3 i aprofitament de les riqueses materials i immaterials d&#8217;Espanya<\/p>\n","protected":false},"author":12,"featured_media":143831,"comment_status":"closed","ping_status":"closed","sticky":false,"template":"","format":"standard","meta":{"_et_pb_use_builder":"","_et_pb_old_content":"","_et_gb_content_width":"","footnotes":""},"categories":[229,242,401,404],"tags":[],"class_list":["post-143910","post","type-post","status-publish","format-standard","has-post-thumbnail","hentry","category-art","category-categ-historia","category-historia-de-lart-i-patrimoni-cultural","category-historia-nacional-ca","et-has-post-format-content","et_post_format-et-post-format-standard"],"yoast_head":"<!-- This site is optimized with the Yoast SEO plugin v27.5 - https:\/\/yoast.com\/product\/yoast-seo-wordpress\/ -->\n<title>Bones not\u00edcies per al patrimoni - Reial Acad\u00e8mia Europea de Doctors<\/title>\n<meta name=\"description\" content=\"Reconeguts experts en la gesti\u00f3 del patrimoni es reuneixen en el primer f\u00f2rum &quot;Patrimoni militar espanyol amb projecci\u00f3 mundial&quot;, liderat per Ignacio Buqueras\" \/>\n<meta name=\"robots\" content=\"index, follow, max-snippet:-1, max-image-preview:large, max-video-preview:-1\" \/>\n<link rel=\"canonical\" href=\"https:\/\/raed.academy\/ca\/bones-noticies-per-al-patrimoni\/\" \/>\n<meta property=\"og:locale\" content=\"ca_ES\" \/>\n<meta property=\"og:type\" content=\"article\" \/>\n<meta property=\"og:title\" content=\"Bones not\u00edcies per al patrimoni - Reial Acad\u00e8mia Europea de Doctors\" \/>\n<meta property=\"og:description\" content=\"Reconeguts experts en la gesti\u00f3 del patrimoni es reuneixen en el primer f\u00f2rum &quot;Patrimoni militar espanyol amb projecci\u00f3 mundial&quot;, liderat per Ignacio Buqueras\" \/>\n<meta property=\"og:url\" content=\"https:\/\/raed.academy\/ca\/bones-noticies-per-al-patrimoni\/\" \/>\n<meta property=\"og:site_name\" content=\"Reial Acad\u00e8mia Europea de Doctors\" \/>\n<meta property=\"article:publisher\" content=\"http:\/\/fb.me\/raed.academy\" \/>\n<meta property=\"article:published_time\" content=\"2024-01-18T08:57:34+00:00\" \/>\n<meta property=\"article:modified_time\" content=\"2024-01-18T09:03:15+00:00\" \/>\n<meta property=\"og:image\" content=\"https:\/\/raed.academy\/wp-content\/uploads\/2024\/01\/foro-Patrimonio-militar-espanol-con-proyeccion-mundial-dst.webp\" \/>\n\t<meta property=\"og:image:width\" content=\"600\" \/>\n\t<meta property=\"og:image:height\" content=\"360\" \/>\n\t<meta property=\"og:image:type\" content=\"image\/webp\" \/>\n<meta name=\"author\" content=\"RAED\" \/>\n<meta name=\"twitter:card\" content=\"summary_large_image\" \/>\n<meta name=\"twitter:creator\" content=\"@raedacademy\" \/>\n<meta name=\"twitter:site\" content=\"@raedacademy\" \/>\n<meta name=\"twitter:label1\" content=\"Written by\" \/>\n\t<meta name=\"twitter:data1\" content=\"RAED\" \/>\n\t<meta name=\"twitter:label2\" content=\"Est. reading time\" \/>\n\t<meta name=\"twitter:data2\" content=\"3 minutes\" \/>\n<script type=\"application\/ld+json\" class=\"yoast-schema-graph\">{\"@context\":\"https:\\\/\\\/schema.org\",\"@graph\":[{\"@type\":\"Article\",\"@id\":\"https:\\\/\\\/raed.academy\\\/ca\\\/bones-noticies-per-al-patrimoni\\\/#article\",\"isPartOf\":{\"@id\":\"https:\\\/\\\/raed.academy\\\/ca\\\/bones-noticies-per-al-patrimoni\\\/\"},\"author\":{\"name\":\"RAED\",\"@id\":\"https:\\\/\\\/raed.academy\\\/ca\\\/#\\\/schema\\\/person\\\/5a755da80d1d979fd66ba745c8702927\"},\"headline\":\"Bones not\u00edcies per al patrimoni\",\"datePublished\":\"2024-01-18T08:57:34+00:00\",\"dateModified\":\"2024-01-18T09:03:15+00:00\",\"mainEntityOfPage\":{\"@id\":\"https:\\\/\\\/raed.academy\\\/ca\\\/bones-noticies-per-al-patrimoni\\\/\"},\"wordCount\":536,\"publisher\":{\"@id\":\"https:\\\/\\\/raed.academy\\\/ca\\\/#organization\"},\"image\":{\"@id\":\"https:\\\/\\\/raed.academy\\\/ca\\\/bones-noticies-per-al-patrimoni\\\/#primaryimage\"},\"thumbnailUrl\":\"https:\\\/\\\/raed.academy\\\/wp-content\\\/uploads\\\/2024\\\/01\\\/foro-Patrimonio-militar-espanol-con-proyeccion-mundial-dst.webp\",\"articleSection\":[\"Art\",\"Hist\u00f2ria\",\"Hist\u00f2ria de l'art i patrimoni cultural\",\"Hist\u00f2ria nacional\"],\"inLanguage\":\"ca-ES\"},{\"@type\":\"WebPage\",\"@id\":\"https:\\\/\\\/raed.academy\\\/ca\\\/bones-noticies-per-al-patrimoni\\\/\",\"url\":\"https:\\\/\\\/raed.academy\\\/ca\\\/bones-noticies-per-al-patrimoni\\\/\",\"name\":\"Bones not\u00edcies per al patrimoni - Reial Acad\u00e8mia Europea de Doctors\",\"isPartOf\":{\"@id\":\"https:\\\/\\\/raed.academy\\\/ca\\\/#website\"},\"primaryImageOfPage\":{\"@id\":\"https:\\\/\\\/raed.academy\\\/ca\\\/bones-noticies-per-al-patrimoni\\\/#primaryimage\"},\"image\":{\"@id\":\"https:\\\/\\\/raed.academy\\\/ca\\\/bones-noticies-per-al-patrimoni\\\/#primaryimage\"},\"thumbnailUrl\":\"https:\\\/\\\/raed.academy\\\/wp-content\\\/uploads\\\/2024\\\/01\\\/foro-Patrimonio-militar-espanol-con-proyeccion-mundial-dst.webp\",\"datePublished\":\"2024-01-18T08:57:34+00:00\",\"dateModified\":\"2024-01-18T09:03:15+00:00\",\"description\":\"Reconeguts experts en la gesti\u00f3 del patrimoni es reuneixen en el primer f\u00f2rum \\\"Patrimoni militar espanyol amb projecci\u00f3 mundial\\\", liderat per Ignacio Buqueras\",\"breadcrumb\":{\"@id\":\"https:\\\/\\\/raed.academy\\\/ca\\\/bones-noticies-per-al-patrimoni\\\/#breadcrumb\"},\"inLanguage\":\"ca-ES\",\"potentialAction\":[{\"@type\":\"ReadAction\",\"target\":[\"https:\\\/\\\/raed.academy\\\/ca\\\/bones-noticies-per-al-patrimoni\\\/\"]}]},{\"@type\":\"ImageObject\",\"inLanguage\":\"ca-ES\",\"@id\":\"https:\\\/\\\/raed.academy\\\/ca\\\/bones-noticies-per-al-patrimoni\\\/#primaryimage\",\"url\":\"https:\\\/\\\/raed.academy\\\/wp-content\\\/uploads\\\/2024\\\/01\\\/foro-Patrimonio-militar-espanol-con-proyeccion-mundial-dst.webp\",\"contentUrl\":\"https:\\\/\\\/raed.academy\\\/wp-content\\\/uploads\\\/2024\\\/01\\\/foro-Patrimonio-militar-espanol-con-proyeccion-mundial-dst.webp\",\"width\":600,\"height\":360},{\"@type\":\"BreadcrumbList\",\"@id\":\"https:\\\/\\\/raed.academy\\\/ca\\\/bones-noticies-per-al-patrimoni\\\/#breadcrumb\",\"itemListElement\":[{\"@type\":\"ListItem\",\"position\":1,\"name\":\"Inicio\",\"item\":\"https:\\\/\\\/raed.academy\\\/ca\\\/\"},{\"@type\":\"ListItem\",\"position\":2,\"name\":\"Bones not\u00edcies per al patrimoni\"}]},{\"@type\":\"WebSite\",\"@id\":\"https:\\\/\\\/raed.academy\\\/ca\\\/#website\",\"url\":\"https:\\\/\\\/raed.academy\\\/ca\\\/\",\"name\":\"Reial Acad\u00e8mia Europea de Doctors\",\"description\":\"Corporaci\u00f3n de derecho p\u00fablico de car\u00e1cter cient\u00edfico, t\u00e9cnico y art\u00edstico, que tiene por objeto la investigaci\u00f3n, el estudio, el fomento y la extensi\u00f3n del conocimiento en su sentido m\u00e1s amplio\",\"publisher\":{\"@id\":\"https:\\\/\\\/raed.academy\\\/ca\\\/#organization\"},\"potentialAction\":[{\"@type\":\"SearchAction\",\"target\":{\"@type\":\"EntryPoint\",\"urlTemplate\":\"https:\\\/\\\/raed.academy\\\/ca\\\/?s={search_term_string}\"},\"query-input\":{\"@type\":\"PropertyValueSpecification\",\"valueRequired\":true,\"valueName\":\"search_term_string\"}}],\"inLanguage\":\"ca-ES\"},{\"@type\":\"Organization\",\"@id\":\"https:\\\/\\\/raed.academy\\\/ca\\\/#organization\",\"name\":\"Real Academia Europea de Doctores\",\"url\":\"https:\\\/\\\/raed.academy\\\/ca\\\/\",\"logo\":{\"@type\":\"ImageObject\",\"inLanguage\":\"ca-ES\",\"@id\":\"https:\\\/\\\/raed.academy\\\/ca\\\/#\\\/schema\\\/logo\\\/image\\\/\",\"url\":\"https:\\\/\\\/raed.academy\\\/wp-content\\\/uploads\\\/2017\\\/01\\\/cropped-logo_raed.png\",\"contentUrl\":\"https:\\\/\\\/raed.academy\\\/wp-content\\\/uploads\\\/2017\\\/01\\\/cropped-logo_raed.png\",\"width\":512,\"height\":512,\"caption\":\"Real Academia Europea de Doctores\"},\"image\":{\"@id\":\"https:\\\/\\\/raed.academy\\\/ca\\\/#\\\/schema\\\/logo\\\/image\\\/\"},\"sameAs\":[\"http:\\\/\\\/fb.me\\\/raed.academy\",\"https:\\\/\\\/x.com\\\/raedacademy\",\"https:\\\/\\\/www.instagram.com\\\/raed.academy\\\/\",\"https:\\\/\\\/www.youtube.com\\\/channel\\\/UCUYQwW2KrdirNWihxMDObwg\"]},{\"@type\":\"Person\",\"@id\":\"https:\\\/\\\/raed.academy\\\/ca\\\/#\\\/schema\\\/person\\\/5a755da80d1d979fd66ba745c8702927\",\"name\":\"RAED\",\"image\":{\"@type\":\"ImageObject\",\"inLanguage\":\"ca-ES\",\"@id\":\"https:\\\/\\\/secure.gravatar.com\\\/avatar\\\/19fdfdc0d67fb9c45714b703a2ac82251c4fcea3637f002ac3c9b74c0183583c?s=96&d=mm&r=g\",\"url\":\"https:\\\/\\\/secure.gravatar.com\\\/avatar\\\/19fdfdc0d67fb9c45714b703a2ac82251c4fcea3637f002ac3c9b74c0183583c?s=96&d=mm&r=g\",\"contentUrl\":\"https:\\\/\\\/secure.gravatar.com\\\/avatar\\\/19fdfdc0d67fb9c45714b703a2ac82251c4fcea3637f002ac3c9b74c0183583c?s=96&d=mm&r=g\",\"caption\":\"RAED\"}}]}<\/script>\n<!-- \/ Yoast SEO plugin. -->","yoast_head_json":{"title":"Bones not\u00edcies per al patrimoni - Reial Acad\u00e8mia Europea de Doctors","description":"Reconeguts experts en la gesti\u00f3 del patrimoni es reuneixen en el primer f\u00f2rum \"Patrimoni militar espanyol amb projecci\u00f3 mundial\", liderat per Ignacio Buqueras","robots":{"index":"index","follow":"follow","max-snippet":"max-snippet:-1","max-image-preview":"max-image-preview:large","max-video-preview":"max-video-preview:-1"},"canonical":"https:\/\/raed.academy\/ca\/bones-noticies-per-al-patrimoni\/","og_locale":"ca_ES","og_type":"article","og_title":"Bones not\u00edcies per al patrimoni - Reial Acad\u00e8mia Europea de Doctors","og_description":"Reconeguts experts en la gesti\u00f3 del patrimoni es reuneixen en el primer f\u00f2rum \"Patrimoni militar espanyol amb projecci\u00f3 mundial\", liderat per Ignacio Buqueras","og_url":"https:\/\/raed.academy\/ca\/bones-noticies-per-al-patrimoni\/","og_site_name":"Reial Acad\u00e8mia Europea de Doctors","article_publisher":"http:\/\/fb.me\/raed.academy","article_published_time":"2024-01-18T08:57:34+00:00","article_modified_time":"2024-01-18T09:03:15+00:00","og_image":[{"width":600,"height":360,"url":"https:\/\/raed.academy\/wp-content\/uploads\/2024\/01\/foro-Patrimonio-militar-espanol-con-proyeccion-mundial-dst.webp","type":"image\/webp"}],"author":"RAED","twitter_card":"summary_large_image","twitter_creator":"@raedacademy","twitter_site":"@raedacademy","twitter_misc":{"Written by":"RAED","Est. reading time":"3 minutes"},"schema":{"@context":"https:\/\/schema.org","@graph":[{"@type":"Article","@id":"https:\/\/raed.academy\/ca\/bones-noticies-per-al-patrimoni\/#article","isPartOf":{"@id":"https:\/\/raed.academy\/ca\/bones-noticies-per-al-patrimoni\/"},"author":{"name":"RAED","@id":"https:\/\/raed.academy\/ca\/#\/schema\/person\/5a755da80d1d979fd66ba745c8702927"},"headline":"Bones not\u00edcies per al patrimoni","datePublished":"2024-01-18T08:57:34+00:00","dateModified":"2024-01-18T09:03:15+00:00","mainEntityOfPage":{"@id":"https:\/\/raed.academy\/ca\/bones-noticies-per-al-patrimoni\/"},"wordCount":536,"publisher":{"@id":"https:\/\/raed.academy\/ca\/#organization"},"image":{"@id":"https:\/\/raed.academy\/ca\/bones-noticies-per-al-patrimoni\/#primaryimage"},"thumbnailUrl":"https:\/\/raed.academy\/wp-content\/uploads\/2024\/01\/foro-Patrimonio-militar-espanol-con-proyeccion-mundial-dst.webp","articleSection":["Art","Hist\u00f2ria","Hist\u00f2ria de l'art i patrimoni cultural","Hist\u00f2ria nacional"],"inLanguage":"ca-ES"},{"@type":"WebPage","@id":"https:\/\/raed.academy\/ca\/bones-noticies-per-al-patrimoni\/","url":"https:\/\/raed.academy\/ca\/bones-noticies-per-al-patrimoni\/","name":"Bones not\u00edcies per al patrimoni - Reial Acad\u00e8mia Europea de Doctors","isPartOf":{"@id":"https:\/\/raed.academy\/ca\/#website"},"primaryImageOfPage":{"@id":"https:\/\/raed.academy\/ca\/bones-noticies-per-al-patrimoni\/#primaryimage"},"image":{"@id":"https:\/\/raed.academy\/ca\/bones-noticies-per-al-patrimoni\/#primaryimage"},"thumbnailUrl":"https:\/\/raed.academy\/wp-content\/uploads\/2024\/01\/foro-Patrimonio-militar-espanol-con-proyeccion-mundial-dst.webp","datePublished":"2024-01-18T08:57:34+00:00","dateModified":"2024-01-18T09:03:15+00:00","description":"Reconeguts experts en la gesti\u00f3 del patrimoni es reuneixen en el primer f\u00f2rum \"Patrimoni militar espanyol amb projecci\u00f3 mundial\", liderat per Ignacio Buqueras","breadcrumb":{"@id":"https:\/\/raed.academy\/ca\/bones-noticies-per-al-patrimoni\/#breadcrumb"},"inLanguage":"ca-ES","potentialAction":[{"@type":"ReadAction","target":["https:\/\/raed.academy\/ca\/bones-noticies-per-al-patrimoni\/"]}]},{"@type":"ImageObject","inLanguage":"ca-ES","@id":"https:\/\/raed.academy\/ca\/bones-noticies-per-al-patrimoni\/#primaryimage","url":"https:\/\/raed.academy\/wp-content\/uploads\/2024\/01\/foro-Patrimonio-militar-espanol-con-proyeccion-mundial-dst.webp","contentUrl":"https:\/\/raed.academy\/wp-content\/uploads\/2024\/01\/foro-Patrimonio-militar-espanol-con-proyeccion-mundial-dst.webp","width":600,"height":360},{"@type":"BreadcrumbList","@id":"https:\/\/raed.academy\/ca\/bones-noticies-per-al-patrimoni\/#breadcrumb","itemListElement":[{"@type":"ListItem","position":1,"name":"Inicio","item":"https:\/\/raed.academy\/ca\/"},{"@type":"ListItem","position":2,"name":"Bones not\u00edcies per al patrimoni"}]},{"@type":"WebSite","@id":"https:\/\/raed.academy\/ca\/#website","url":"https:\/\/raed.academy\/ca\/","name":"Reial Acad\u00e8mia Europea de Doctors","description":"Corporaci\u00f3n de derecho p\u00fablico de car\u00e1cter cient\u00edfico, t\u00e9cnico y art\u00edstico, que tiene por objeto la investigaci\u00f3n, el estudio, el fomento y la extensi\u00f3n del conocimiento en su sentido m\u00e1s amplio","publisher":{"@id":"https:\/\/raed.academy\/ca\/#organization"},"potentialAction":[{"@type":"SearchAction","target":{"@type":"EntryPoint","urlTemplate":"https:\/\/raed.academy\/ca\/?s={search_term_string}"},"query-input":{"@type":"PropertyValueSpecification","valueRequired":true,"valueName":"search_term_string"}}],"inLanguage":"ca-ES"},{"@type":"Organization","@id":"https:\/\/raed.academy\/ca\/#organization","name":"Real Academia Europea de Doctores","url":"https:\/\/raed.academy\/ca\/","logo":{"@type":"ImageObject","inLanguage":"ca-ES","@id":"https:\/\/raed.academy\/ca\/#\/schema\/logo\/image\/","url":"https:\/\/raed.academy\/wp-content\/uploads\/2017\/01\/cropped-logo_raed.png","contentUrl":"https:\/\/raed.academy\/wp-content\/uploads\/2017\/01\/cropped-logo_raed.png","width":512,"height":512,"caption":"Real Academia Europea de Doctores"},"image":{"@id":"https:\/\/raed.academy\/ca\/#\/schema\/logo\/image\/"},"sameAs":["http:\/\/fb.me\/raed.academy","https:\/\/x.com\/raedacademy","https:\/\/www.instagram.com\/raed.academy\/","https:\/\/www.youtube.com\/channel\/UCUYQwW2KrdirNWihxMDObwg"]},{"@type":"Person","@id":"https:\/\/raed.academy\/ca\/#\/schema\/person\/5a755da80d1d979fd66ba745c8702927","name":"RAED","image":{"@type":"ImageObject","inLanguage":"ca-ES","@id":"https:\/\/secure.gravatar.com\/avatar\/19fdfdc0d67fb9c45714b703a2ac82251c4fcea3637f002ac3c9b74c0183583c?s=96&d=mm&r=g","url":"https:\/\/secure.gravatar.com\/avatar\/19fdfdc0d67fb9c45714b703a2ac82251c4fcea3637f002ac3c9b74c0183583c?s=96&d=mm&r=g","contentUrl":"https:\/\/secure.gravatar.com\/avatar\/19fdfdc0d67fb9c45714b703a2ac82251c4fcea3637f002ac3c9b74c0183583c?s=96&d=mm&r=g","caption":"RAED"}}]}},"_links":{"self":[{"href":"https:\/\/raed.academy\/ca\/wp-json\/wp\/v2\/posts\/143910","targetHints":{"allow":["GET"]}}],"collection":[{"href":"https:\/\/raed.academy\/ca\/wp-json\/wp\/v2\/posts"}],"about":[{"href":"https:\/\/raed.academy\/ca\/wp-json\/wp\/v2\/types\/post"}],"author":[{"embeddable":true,"href":"https:\/\/raed.academy\/ca\/wp-json\/wp\/v2\/users\/12"}],"replies":[{"embeddable":true,"href":"https:\/\/raed.academy\/ca\/wp-json\/wp\/v2\/comments?post=143910"}],"version-history":[{"count":0,"href":"https:\/\/raed.academy\/ca\/wp-json\/wp\/v2\/posts\/143910\/revisions"}],"wp:featuredmedia":[{"embeddable":true,"href":"https:\/\/raed.academy\/ca\/wp-json\/wp\/v2\/media\/143831"}],"wp:attachment":[{"href":"https:\/\/raed.academy\/ca\/wp-json\/wp\/v2\/media?parent=143910"}],"wp:term":[{"taxonomy":"category","embeddable":true,"href":"https:\/\/raed.academy\/ca\/wp-json\/wp\/v2\/categories?post=143910"},{"taxonomy":"post_tag","embeddable":true,"href":"https:\/\/raed.academy\/ca\/wp-json\/wp\/v2\/tags?post=143910"}],"curies":[{"name":"wp","href":"https:\/\/api.w.org\/{rel}","templated":true}]}}