{"id":143606,"date":"2024-01-11T15:44:30","date_gmt":"2024-01-11T15:44:30","guid":{"rendered":"https:\/\/raed.academy\/?p=143606"},"modified":"2024-01-11T17:34:35","modified_gmt":"2024-01-11T17:34:35","slug":"catastrofistes-de-mena","status":"publish","type":"post","link":"https:\/\/raed.academy\/ca\/catastrofistes-de-mena\/","title":{"rendered":"Catastrofistes de mena"},"content":{"rendered":"<p>[et_pb_section fb_built=&#8221;1&#8243; _builder_version=&#8221;4.16&#8243; global_colors_info=&#8221;{}&#8221;][et_pb_row use_custom_gutter=&#8221;on&#8221; gutter_width=&#8221;1&#8243; _builder_version=&#8221;4.23.4&#8243; background_size=&#8221;initial&#8221; background_position=&#8221;top_left&#8221; background_repeat=&#8221;repeat&#8221; max_width=&#8221;1400px&#8221; global_colors_info=&#8221;{}&#8221;][et_pb_column type=&#8221;4_4&#8243; _builder_version=&#8221;4.16&#8243; custom_padding=&#8221;|||&#8221; global_colors_info=&#8221;{}&#8221; custom_padding__hover=&#8221;|||&#8221;][et_pb_text _builder_version=&#8221;4.23.4&#8243; background_size=&#8221;initial&#8221; background_position=&#8221;top_left&#8221; background_repeat=&#8221;repeat&#8221; hover_enabled=&#8221;0&#8243; global_colors_info=&#8221;{}&#8221; sticky_enabled=&#8221;0&#8243;]<div id=\"attachment_143589\" style=\"width: 224px\" class=\"wp-caption alignleft\"><img loading=\"lazy\" decoding=\"async\" aria-describedby=\"caption-attachment-143589\" class=\"wp-image-143589\" src=\"https:\/\/raed.academy\/wp-content\/uploads\/2024\/01\/ingreso-RAED-Dr-Jorge-Molinero-Huguet-230x317px.jpg\" alt=\"Dr. Jorge Molinero Huguet\" width=\"214\" height=\"295\" \/><p id=\"caption-attachment-143589\" class=\"wp-caption-text\">Dr. Jorge Molinero<\/p><\/div><\/p>\n<p><strong>Jorge Molinero<\/strong>, doctor enginyer de Camins, Canals i Ports, va ingressar com a acad\u00e8mic de n\u00famero de la <strong>Reial Acad\u00e8mia Europea de Doctors-Barcelona 1914<\/strong> (RAED) durant una solemne sessi\u00f3 que es va celebrar a la Sala d&#8217;Actes de <strong>Foment del Treball<\/strong>, seu de la Reial Corporaci\u00f3, el 10 de gener passat. L&#8217;acte es va poder seguir tant de manera presencial com en streaming a trav\u00e9s del canal de <strong>YouTube<\/strong> de la RAED, on es pot visionar. El recipienari va llegir el discurs d&#8217;ingr\u00e9s <strong>&#8220;La tentaci\u00f3n del catastrofismo&#8221;<\/strong>, en qu\u00e8 va explicar amb un am\u00e8 relat nombroses lectures pessimistes del futur que s&#8217;han fet al llarg de la hist\u00f2ria. Li va respondre en nom de la RAED l&#8217;acad\u00e8mic de n\u00famero <a href=\"https:\/\/raed.academy\/ca\/academics\/dr-pablo-ignacio-de-dalmases-y-de-olabarria\/\" target=\"_blank\" rel=\"noopener\"><em><strong>Pablo Ignacio de Dalmases<\/strong><\/em><\/a>.<\/p>\n<p>&#8220;La predicci\u00f3 dels m\u00e9s prestigiosos experts, cient\u00edfics i intel\u00b7lectuals publicada per<strong> &#8216;The Times&#8217;<\/strong> el 1894 pronosticava una dist\u00f2pia en qu\u00e8 les ciutats serien llocs inhabitables per culpa dels fems equins. El que va passar, per\u00f2, va ser que tres d\u00e8cades despr\u00e9s amb prou feines quedaven cavalls a les ciutats i els autom\u00f2bils circulaven com si sempre hi haguessin estat. Al llarg del segle XX, Nova York va multiplicar per sis la seva poblaci\u00f3 sense que ning\u00fa trepitg\u00e9s un fem. Els experts van errar en els seus pron\u00f2stics estrepitosament perqu\u00e8 van caure en la temptaci\u00f3 del catastrofisme, una tend\u00e8ncia del pensament hum\u00e0 que acostuma a fracassar perqu\u00e8 omet en els seus raonaments un aspecte fonamental que no \u00e9s cap altre que la colossal capacitat d&#8217;adaptaci\u00f3 de l&#8217;esp\u00e8cie humana, que compta amb la poderosa eina del que avui dia es coneix com la innovaci\u00f3&#8221;, va iniciar Molinero la seva intervenci\u00f3.<\/p>\n<p>El recipiendari va abordar les avui desconegudes i sovint estramb\u00f2tiques teories del pic de <strong>Hubbert<\/strong>, la cronologia d&#8217;<strong>Ussher<\/strong>, la teoria del catastrofisme de <strong>Cuvier<\/strong> o la teoria de <strong>Malthus<\/strong> sobre el creixement de la poblaci\u00f3 i l&#8217;escassetat de recursos i va analitzar la influ\u00e8ncia d&#8217;aquestes teories en l&#8217;opini\u00f3 p\u00fablica contempor\u00e0nia, refor\u00e7ant la tend\u00e8ncia humana cap al pensament catastrofista, que va atribuir a biaixos cognitius. En la mateixa l\u00ednia, Molinero es va referir al discurs catastrofista relacionat amb el canvi clim\u00e0tic, i va criticar l&#8217;exageraci\u00f3 de les prediccions sense negar les evid\u00e8ncies, tot i que advocant per un enfocament m\u00e9s racional. L&#8217;expert va demanar de rebaixar la sobreactuaci\u00f3 catastrofista sobre el canvi clim\u00e0tic i concentrar-se a treballar en la transici\u00f3 energ\u00e8tica i la just\u00edcia clim\u00e0tica, que va considerar la nova cara de la just\u00edcia social.<\/p>\n<p>Molinero va citar com a grans mostres del catastrofisme contemporani la fam global definitiva dels anys 60 del segle XX, la nova edat del gel dels 70, el forat a la capa d&#8217;oz\u00f3 dels 90, l&#8217;holocaust nuclear sempre pendent d&#8217;un fil durant la Guerra Freda, la desocupaci\u00f3 mundial massiva per culpa dels aven\u00e7os tecnol\u00f2gics vaticinat durant el canvi de segle i el m\u00f3n dominat per les intel\u00b7lig\u00e8ncies artificials que convertiran els humans en mers esclaus dels algorismes a qu\u00e8 tant s&#8217;apel\u00b7la actualment. &#8220;Una successi\u00f3 interminable de cat\u00e0strofes globals enunciades en molts casos per prestigiosos professors i cient\u00edfics de provada capacitat i intel\u00b7lig\u00e8ncia que, tot i aix\u00f2, mai no s&#8217;han complert i, molt probablement, mai no es compliran, per\u00f2 que no deixen de ser imaginades i anunciades per tot arreu. La ci\u00e8ncia psiqui\u00e0trica ens diu que el nostre cervell est\u00e0 especialment adaptat per detectar amenaces i, per aix\u00f2, tendeix sempre a imaginar el pitjor dels casos&#8221;, va concloure.<\/p>\n<p>El nou acad\u00e8mic ha estat professor a l&#8217;<strong>Escola d&#8217;Enginyeria de Camins, Canals i Ports<\/strong> de la <strong>Universitat d&#8217;A Corunya<\/strong>, a l&#8217;<strong>Escola Polit\u00e8cnica Superior<\/strong> de la <strong>Universitat de Santiago de Compostela<\/strong> i a l&#8217;<strong>Escola d&#8217;Enginyeria de Camins, Canals i Ports<\/strong> de la <strong>Universitat Polit\u00e8cnica de Catalunya<\/strong>. Durant la seva etapa acad\u00e8mica, va ser investigador visitant a la<strong> Universitat de Florida<\/strong>, a l&#8217;<strong>Institut Reial de Tecnologia d&#8217;Estocolm<\/strong> i a la <strong>Universitat de G\u00f6teborg<\/strong>. Ha estat president del<strong> Grup Espanyol<\/strong> de l&#8217;<strong>Associaci\u00f3 Internacional d&#8217;Hidroge\u00f2legs<\/strong>, <strong>Premi Alfons Bay\u00f3<\/strong> per a joves investigadors i <strong>Premi Carlos Ruiz Cela\u00e1<\/strong>, atorgat per l&#8217;<strong>Associaci\u00f3 Nacional d&#8217;Enginyers de Mines<\/strong> en reconeixement a la seva contribuci\u00f3 al coneixement hidrogeol\u00f2gic. A l&#8217;\u00e0mbit literari, Molinero \u00e9s autor de les novel\u00b7les\u00a0<strong>&#8220;Toda la muerte para dormir&#8221;<\/strong>, <strong>&#8220;La enfermera del desierto&#8221;<\/strong> i <strong>&#8220;N\u00f3madas&#8221;<\/strong>.<\/p>\n<p>&nbsp;<\/p>\n<p><iframe loading=\"lazy\" title=\"Solemne Sesi\u00f3n Oficial de recepci\u00f3n como Acad\u00e9mico Numerario del Sr. Dr. Jorge Molinero Huguet\" width=\"1080\" height=\"608\" src=\"https:\/\/www.youtube.com\/embed\/_ajqD4-BHbo?feature=oembed\" frameborder=\"0\" allow=\"accelerometer; autoplay; clipboard-write; encrypted-media; gyroscope; picture-in-picture; web-share\" allowfullscreen><\/iframe><\/p>\n<p>[\/et_pb_text][et_pb_gallery gallery_ids=&#8221;143533,143536,143539,143542,143545,143548,143551,143554,143557,143560,143563,143566&#8243; posts_number=&#8221;16&#8243; show_title_and_caption=&#8221;off&#8221; show_pagination=&#8221;off&#8221; module_class=&#8221;galeria-pad-1&#8243; _builder_version=&#8221;4.23.4&#8243; _module_preset=&#8221;default&#8221; global_colors_info=&#8221;{}&#8221;][\/et_pb_gallery][\/et_pb_column][\/et_pb_row][\/et_pb_section]<\/p>\n","protected":false},"excerpt":{"rendered":"<p>Jorge Molinero, doctor enginyer de Camins, Canals i Ports, exposa amb un am\u00e8 relat durant el seu ingr\u00e9s a la RAED, nombroses lectures pessimistes del futur que s&#8217;han realitzat al llarg de la hist\u00f2ria<\/p>\n","protected":false},"author":12,"featured_media":0,"comment_status":"closed","ping_status":"closed","sticky":false,"template":"","format":"standard","meta":{"_et_pb_use_builder":"on","_et_pb_old_content":"","_et_gb_content_width":"","footnotes":""},"categories":[247,416,387,242,310,413],"tags":[],"class_list":["post-143606","post","type-post","status-publish","format-standard","hentry","category-antropologia-ca","category-canvi-climatic","category-ciencies-de-la-comunicacio","category-categ-historia","category-medi-ambient","category-transicio-energetica-i-energies-renovables","et-doesnt-have-format-content","et_post_format-et-post-format-standard"],"yoast_head":"<!-- This site is optimized with the Yoast SEO plugin v27.4 - https:\/\/yoast.com\/product\/yoast-seo-wordpress\/ -->\n<title>Catastrofistes de mena - Reial Acad\u00e8mia Europea de Doctors<\/title>\n<meta name=\"description\" content=\"Jorge Molinero, doctor enginyer de Camins, Canals i Ports, exposa amb un am\u00e8 relat durant el seu ingr\u00e9s a la RAED\" \/>\n<meta name=\"robots\" content=\"index, follow, max-snippet:-1, max-image-preview:large, max-video-preview:-1\" \/>\n<link rel=\"canonical\" href=\"https:\/\/raed.academy\/ca\/catastrofistes-de-mena\/\" \/>\n<meta property=\"og:locale\" content=\"ca_ES\" \/>\n<meta property=\"og:type\" content=\"article\" \/>\n<meta property=\"og:title\" content=\"Catastrofistes de mena - Reial Acad\u00e8mia Europea de Doctors\" \/>\n<meta property=\"og:description\" content=\"Jorge Molinero, doctor enginyer de Camins, Canals i Ports, exposa amb un am\u00e8 relat durant el seu ingr\u00e9s a la RAED\" \/>\n<meta property=\"og:url\" content=\"https:\/\/raed.academy\/ca\/catastrofistes-de-mena\/\" \/>\n<meta property=\"og:site_name\" content=\"Reial Acad\u00e8mia Europea de Doctors\" \/>\n<meta property=\"article:publisher\" content=\"http:\/\/fb.me\/raed.academy\" \/>\n<meta property=\"article:published_time\" content=\"2024-01-11T15:44:30+00:00\" \/>\n<meta property=\"article:modified_time\" content=\"2024-01-11T17:34:35+00:00\" \/>\n<meta property=\"og:image\" content=\"https:\/\/raed.academy\/wp-content\/uploads\/2024\/01\/catastrofes-calentamiento-global-crisis-climatica-lic-Pixabay.com-carrusel.webp\" \/>\n\t<meta property=\"og:image:width\" content=\"1600\" \/>\n\t<meta property=\"og:image:height\" content=\"550\" \/>\n\t<meta property=\"og:image:type\" content=\"image\/webp\" \/>\n<meta name=\"author\" content=\"RAED\" \/>\n<meta name=\"twitter:card\" content=\"summary_large_image\" \/>\n<meta name=\"twitter:creator\" content=\"@raedacademy\" \/>\n<meta name=\"twitter:site\" content=\"@raedacademy\" \/>\n<meta name=\"twitter:label1\" content=\"Written by\" \/>\n\t<meta name=\"twitter:data1\" content=\"RAED\" \/>\n\t<meta name=\"twitter:label2\" content=\"Est. reading time\" \/>\n\t<meta name=\"twitter:data2\" content=\"7 minutes\" \/>\n<script type=\"application\/ld+json\" class=\"yoast-schema-graph\">{\"@context\":\"https:\\\/\\\/schema.org\",\"@graph\":[{\"@type\":\"Article\",\"@id\":\"https:\\\/\\\/raed.academy\\\/ca\\\/catastrofistes-de-mena\\\/#article\",\"isPartOf\":{\"@id\":\"https:\\\/\\\/raed.academy\\\/ca\\\/catastrofistes-de-mena\\\/\"},\"author\":{\"name\":\"RAED\",\"@id\":\"https:\\\/\\\/raed.academy\\\/ca\\\/#\\\/schema\\\/person\\\/5a755da80d1d979fd66ba745c8702927\"},\"headline\":\"Catastrofistes de mena\",\"datePublished\":\"2024-01-11T15:44:30+00:00\",\"dateModified\":\"2024-01-11T17:34:35+00:00\",\"mainEntityOfPage\":{\"@id\":\"https:\\\/\\\/raed.academy\\\/ca\\\/catastrofistes-de-mena\\\/\"},\"wordCount\":910,\"publisher\":{\"@id\":\"https:\\\/\\\/raed.academy\\\/ca\\\/#organization\"},\"image\":{\"@id\":\"https:\\\/\\\/raed.academy\\\/ca\\\/catastrofistes-de-mena\\\/#primaryimage\"},\"thumbnailUrl\":\"https:\\\/\\\/raed.academy\\\/wp-content\\\/uploads\\\/2024\\\/01\\\/ingreso-RAED-Dr-Jorge-Molinero-Huguet-230x317px.jpg\",\"articleSection\":[\"Antropologia\",\"Canvi clim\u00e0tic\",\"Ci\u00e8ncies de la comunicaci\u00f3\",\"Hist\u00f2ria\",\"Medi ambient\",\"Transici\u00f3 energ\u00e8tica i energies renovables\"],\"inLanguage\":\"ca-ES\"},{\"@type\":\"WebPage\",\"@id\":\"https:\\\/\\\/raed.academy\\\/ca\\\/catastrofistes-de-mena\\\/\",\"url\":\"https:\\\/\\\/raed.academy\\\/ca\\\/catastrofistes-de-mena\\\/\",\"name\":\"Catastrofistes de mena - Reial Acad\u00e8mia Europea de Doctors\",\"isPartOf\":{\"@id\":\"https:\\\/\\\/raed.academy\\\/ca\\\/#website\"},\"primaryImageOfPage\":{\"@id\":\"https:\\\/\\\/raed.academy\\\/ca\\\/catastrofistes-de-mena\\\/#primaryimage\"},\"image\":{\"@id\":\"https:\\\/\\\/raed.academy\\\/ca\\\/catastrofistes-de-mena\\\/#primaryimage\"},\"thumbnailUrl\":\"https:\\\/\\\/raed.academy\\\/wp-content\\\/uploads\\\/2024\\\/01\\\/ingreso-RAED-Dr-Jorge-Molinero-Huguet-230x317px.jpg\",\"datePublished\":\"2024-01-11T15:44:30+00:00\",\"dateModified\":\"2024-01-11T17:34:35+00:00\",\"description\":\"Jorge Molinero, doctor enginyer de Camins, Canals i Ports, exposa amb un am\u00e8 relat durant el seu ingr\u00e9s a la RAED\",\"breadcrumb\":{\"@id\":\"https:\\\/\\\/raed.academy\\\/ca\\\/catastrofistes-de-mena\\\/#breadcrumb\"},\"inLanguage\":\"ca-ES\",\"potentialAction\":[{\"@type\":\"ReadAction\",\"target\":[\"https:\\\/\\\/raed.academy\\\/ca\\\/catastrofistes-de-mena\\\/\"]}]},{\"@type\":\"ImageObject\",\"inLanguage\":\"ca-ES\",\"@id\":\"https:\\\/\\\/raed.academy\\\/ca\\\/catastrofistes-de-mena\\\/#primaryimage\",\"url\":\"https:\\\/\\\/raed.academy\\\/wp-content\\\/uploads\\\/2024\\\/01\\\/ingreso-RAED-Dr-Jorge-Molinero-Huguet-230x317px.jpg\",\"contentUrl\":\"https:\\\/\\\/raed.academy\\\/wp-content\\\/uploads\\\/2024\\\/01\\\/ingreso-RAED-Dr-Jorge-Molinero-Huguet-230x317px.jpg\"},{\"@type\":\"BreadcrumbList\",\"@id\":\"https:\\\/\\\/raed.academy\\\/ca\\\/catastrofistes-de-mena\\\/#breadcrumb\",\"itemListElement\":[{\"@type\":\"ListItem\",\"position\":1,\"name\":\"Inicio\",\"item\":\"https:\\\/\\\/raed.academy\\\/ca\\\/\"},{\"@type\":\"ListItem\",\"position\":2,\"name\":\"Catastrofistes de mena\"}]},{\"@type\":\"WebSite\",\"@id\":\"https:\\\/\\\/raed.academy\\\/ca\\\/#website\",\"url\":\"https:\\\/\\\/raed.academy\\\/ca\\\/\",\"name\":\"Reial Acad\u00e8mia Europea de Doctors\",\"description\":\"Corporaci\u00f3n de derecho p\u00fablico de car\u00e1cter cient\u00edfico, t\u00e9cnico y art\u00edstico, que tiene por objeto la investigaci\u00f3n, el estudio, el fomento y la extensi\u00f3n del conocimiento en su sentido m\u00e1s amplio\",\"publisher\":{\"@id\":\"https:\\\/\\\/raed.academy\\\/ca\\\/#organization\"},\"potentialAction\":[{\"@type\":\"SearchAction\",\"target\":{\"@type\":\"EntryPoint\",\"urlTemplate\":\"https:\\\/\\\/raed.academy\\\/ca\\\/?s={search_term_string}\"},\"query-input\":{\"@type\":\"PropertyValueSpecification\",\"valueRequired\":true,\"valueName\":\"search_term_string\"}}],\"inLanguage\":\"ca-ES\"},{\"@type\":\"Organization\",\"@id\":\"https:\\\/\\\/raed.academy\\\/ca\\\/#organization\",\"name\":\"Real Academia Europea de Doctores\",\"url\":\"https:\\\/\\\/raed.academy\\\/ca\\\/\",\"logo\":{\"@type\":\"ImageObject\",\"inLanguage\":\"ca-ES\",\"@id\":\"https:\\\/\\\/raed.academy\\\/ca\\\/#\\\/schema\\\/logo\\\/image\\\/\",\"url\":\"https:\\\/\\\/raed.academy\\\/wp-content\\\/uploads\\\/2017\\\/01\\\/cropped-logo_raed.png\",\"contentUrl\":\"https:\\\/\\\/raed.academy\\\/wp-content\\\/uploads\\\/2017\\\/01\\\/cropped-logo_raed.png\",\"width\":512,\"height\":512,\"caption\":\"Real Academia Europea de Doctores\"},\"image\":{\"@id\":\"https:\\\/\\\/raed.academy\\\/ca\\\/#\\\/schema\\\/logo\\\/image\\\/\"},\"sameAs\":[\"http:\\\/\\\/fb.me\\\/raed.academy\",\"https:\\\/\\\/x.com\\\/raedacademy\",\"https:\\\/\\\/www.instagram.com\\\/raed.academy\\\/\",\"https:\\\/\\\/www.youtube.com\\\/channel\\\/UCUYQwW2KrdirNWihxMDObwg\"]},{\"@type\":\"Person\",\"@id\":\"https:\\\/\\\/raed.academy\\\/ca\\\/#\\\/schema\\\/person\\\/5a755da80d1d979fd66ba745c8702927\",\"name\":\"RAED\",\"image\":{\"@type\":\"ImageObject\",\"inLanguage\":\"ca-ES\",\"@id\":\"https:\\\/\\\/secure.gravatar.com\\\/avatar\\\/19fdfdc0d67fb9c45714b703a2ac82251c4fcea3637f002ac3c9b74c0183583c?s=96&d=mm&r=g\",\"url\":\"https:\\\/\\\/secure.gravatar.com\\\/avatar\\\/19fdfdc0d67fb9c45714b703a2ac82251c4fcea3637f002ac3c9b74c0183583c?s=96&d=mm&r=g\",\"contentUrl\":\"https:\\\/\\\/secure.gravatar.com\\\/avatar\\\/19fdfdc0d67fb9c45714b703a2ac82251c4fcea3637f002ac3c9b74c0183583c?s=96&d=mm&r=g\",\"caption\":\"RAED\"}}]}<\/script>\n<!-- \/ Yoast SEO plugin. -->","yoast_head_json":{"title":"Catastrofistes de mena - Reial Acad\u00e8mia Europea de Doctors","description":"Jorge Molinero, doctor enginyer de Camins, Canals i Ports, exposa amb un am\u00e8 relat durant el seu ingr\u00e9s a la RAED","robots":{"index":"index","follow":"follow","max-snippet":"max-snippet:-1","max-image-preview":"max-image-preview:large","max-video-preview":"max-video-preview:-1"},"canonical":"https:\/\/raed.academy\/ca\/catastrofistes-de-mena\/","og_locale":"ca_ES","og_type":"article","og_title":"Catastrofistes de mena - Reial Acad\u00e8mia Europea de Doctors","og_description":"Jorge Molinero, doctor enginyer de Camins, Canals i Ports, exposa amb un am\u00e8 relat durant el seu ingr\u00e9s a la RAED","og_url":"https:\/\/raed.academy\/ca\/catastrofistes-de-mena\/","og_site_name":"Reial Acad\u00e8mia Europea de Doctors","article_publisher":"http:\/\/fb.me\/raed.academy","article_published_time":"2024-01-11T15:44:30+00:00","article_modified_time":"2024-01-11T17:34:35+00:00","og_image":[{"width":1600,"height":550,"url":"https:\/\/raed.academy\/wp-content\/uploads\/2024\/01\/catastrofes-calentamiento-global-crisis-climatica-lic-Pixabay.com-carrusel.webp","type":"image\/webp"}],"author":"RAED","twitter_card":"summary_large_image","twitter_creator":"@raedacademy","twitter_site":"@raedacademy","twitter_misc":{"Written by":"RAED","Est. reading time":"7 minutes"},"schema":{"@context":"https:\/\/schema.org","@graph":[{"@type":"Article","@id":"https:\/\/raed.academy\/ca\/catastrofistes-de-mena\/#article","isPartOf":{"@id":"https:\/\/raed.academy\/ca\/catastrofistes-de-mena\/"},"author":{"name":"RAED","@id":"https:\/\/raed.academy\/ca\/#\/schema\/person\/5a755da80d1d979fd66ba745c8702927"},"headline":"Catastrofistes de mena","datePublished":"2024-01-11T15:44:30+00:00","dateModified":"2024-01-11T17:34:35+00:00","mainEntityOfPage":{"@id":"https:\/\/raed.academy\/ca\/catastrofistes-de-mena\/"},"wordCount":910,"publisher":{"@id":"https:\/\/raed.academy\/ca\/#organization"},"image":{"@id":"https:\/\/raed.academy\/ca\/catastrofistes-de-mena\/#primaryimage"},"thumbnailUrl":"https:\/\/raed.academy\/wp-content\/uploads\/2024\/01\/ingreso-RAED-Dr-Jorge-Molinero-Huguet-230x317px.jpg","articleSection":["Antropologia","Canvi clim\u00e0tic","Ci\u00e8ncies de la comunicaci\u00f3","Hist\u00f2ria","Medi ambient","Transici\u00f3 energ\u00e8tica i energies renovables"],"inLanguage":"ca-ES"},{"@type":"WebPage","@id":"https:\/\/raed.academy\/ca\/catastrofistes-de-mena\/","url":"https:\/\/raed.academy\/ca\/catastrofistes-de-mena\/","name":"Catastrofistes de mena - Reial Acad\u00e8mia Europea de Doctors","isPartOf":{"@id":"https:\/\/raed.academy\/ca\/#website"},"primaryImageOfPage":{"@id":"https:\/\/raed.academy\/ca\/catastrofistes-de-mena\/#primaryimage"},"image":{"@id":"https:\/\/raed.academy\/ca\/catastrofistes-de-mena\/#primaryimage"},"thumbnailUrl":"https:\/\/raed.academy\/wp-content\/uploads\/2024\/01\/ingreso-RAED-Dr-Jorge-Molinero-Huguet-230x317px.jpg","datePublished":"2024-01-11T15:44:30+00:00","dateModified":"2024-01-11T17:34:35+00:00","description":"Jorge Molinero, doctor enginyer de Camins, Canals i Ports, exposa amb un am\u00e8 relat durant el seu ingr\u00e9s a la RAED","breadcrumb":{"@id":"https:\/\/raed.academy\/ca\/catastrofistes-de-mena\/#breadcrumb"},"inLanguage":"ca-ES","potentialAction":[{"@type":"ReadAction","target":["https:\/\/raed.academy\/ca\/catastrofistes-de-mena\/"]}]},{"@type":"ImageObject","inLanguage":"ca-ES","@id":"https:\/\/raed.academy\/ca\/catastrofistes-de-mena\/#primaryimage","url":"https:\/\/raed.academy\/wp-content\/uploads\/2024\/01\/ingreso-RAED-Dr-Jorge-Molinero-Huguet-230x317px.jpg","contentUrl":"https:\/\/raed.academy\/wp-content\/uploads\/2024\/01\/ingreso-RAED-Dr-Jorge-Molinero-Huguet-230x317px.jpg"},{"@type":"BreadcrumbList","@id":"https:\/\/raed.academy\/ca\/catastrofistes-de-mena\/#breadcrumb","itemListElement":[{"@type":"ListItem","position":1,"name":"Inicio","item":"https:\/\/raed.academy\/ca\/"},{"@type":"ListItem","position":2,"name":"Catastrofistes de mena"}]},{"@type":"WebSite","@id":"https:\/\/raed.academy\/ca\/#website","url":"https:\/\/raed.academy\/ca\/","name":"Reial Acad\u00e8mia Europea de Doctors","description":"Corporaci\u00f3n de derecho p\u00fablico de car\u00e1cter cient\u00edfico, t\u00e9cnico y art\u00edstico, que tiene por objeto la investigaci\u00f3n, el estudio, el fomento y la extensi\u00f3n del conocimiento en su sentido m\u00e1s amplio","publisher":{"@id":"https:\/\/raed.academy\/ca\/#organization"},"potentialAction":[{"@type":"SearchAction","target":{"@type":"EntryPoint","urlTemplate":"https:\/\/raed.academy\/ca\/?s={search_term_string}"},"query-input":{"@type":"PropertyValueSpecification","valueRequired":true,"valueName":"search_term_string"}}],"inLanguage":"ca-ES"},{"@type":"Organization","@id":"https:\/\/raed.academy\/ca\/#organization","name":"Real Academia Europea de Doctores","url":"https:\/\/raed.academy\/ca\/","logo":{"@type":"ImageObject","inLanguage":"ca-ES","@id":"https:\/\/raed.academy\/ca\/#\/schema\/logo\/image\/","url":"https:\/\/raed.academy\/wp-content\/uploads\/2017\/01\/cropped-logo_raed.png","contentUrl":"https:\/\/raed.academy\/wp-content\/uploads\/2017\/01\/cropped-logo_raed.png","width":512,"height":512,"caption":"Real Academia Europea de Doctores"},"image":{"@id":"https:\/\/raed.academy\/ca\/#\/schema\/logo\/image\/"},"sameAs":["http:\/\/fb.me\/raed.academy","https:\/\/x.com\/raedacademy","https:\/\/www.instagram.com\/raed.academy\/","https:\/\/www.youtube.com\/channel\/UCUYQwW2KrdirNWihxMDObwg"]},{"@type":"Person","@id":"https:\/\/raed.academy\/ca\/#\/schema\/person\/5a755da80d1d979fd66ba745c8702927","name":"RAED","image":{"@type":"ImageObject","inLanguage":"ca-ES","@id":"https:\/\/secure.gravatar.com\/avatar\/19fdfdc0d67fb9c45714b703a2ac82251c4fcea3637f002ac3c9b74c0183583c?s=96&d=mm&r=g","url":"https:\/\/secure.gravatar.com\/avatar\/19fdfdc0d67fb9c45714b703a2ac82251c4fcea3637f002ac3c9b74c0183583c?s=96&d=mm&r=g","contentUrl":"https:\/\/secure.gravatar.com\/avatar\/19fdfdc0d67fb9c45714b703a2ac82251c4fcea3637f002ac3c9b74c0183583c?s=96&d=mm&r=g","caption":"RAED"}}]}},"_links":{"self":[{"href":"https:\/\/raed.academy\/ca\/wp-json\/wp\/v2\/posts\/143606","targetHints":{"allow":["GET"]}}],"collection":[{"href":"https:\/\/raed.academy\/ca\/wp-json\/wp\/v2\/posts"}],"about":[{"href":"https:\/\/raed.academy\/ca\/wp-json\/wp\/v2\/types\/post"}],"author":[{"embeddable":true,"href":"https:\/\/raed.academy\/ca\/wp-json\/wp\/v2\/users\/12"}],"replies":[{"embeddable":true,"href":"https:\/\/raed.academy\/ca\/wp-json\/wp\/v2\/comments?post=143606"}],"version-history":[{"count":0,"href":"https:\/\/raed.academy\/ca\/wp-json\/wp\/v2\/posts\/143606\/revisions"}],"wp:attachment":[{"href":"https:\/\/raed.academy\/ca\/wp-json\/wp\/v2\/media?parent=143606"}],"wp:term":[{"taxonomy":"category","embeddable":true,"href":"https:\/\/raed.academy\/ca\/wp-json\/wp\/v2\/categories?post=143606"},{"taxonomy":"post_tag","embeddable":true,"href":"https:\/\/raed.academy\/ca\/wp-json\/wp\/v2\/tags?post=143606"}],"curies":[{"name":"wp","href":"https:\/\/api.w.org\/{rel}","templated":true}]}}