{"id":142682,"date":"2023-12-22T14:49:48","date_gmt":"2023-12-22T14:49:48","guid":{"rendered":"https:\/\/raed.academy\/?p=142682"},"modified":"2023-12-22T14:50:04","modified_gmt":"2023-12-22T14:50:04","slug":"lantropologia-diberoamerica-un-viatge-danada-i-tornada","status":"publish","type":"post","link":"https:\/\/raed.academy\/ca\/lantropologia-diberoamerica-un-viatge-danada-i-tornada\/","title":{"rendered":"L&#8217;antropologia d&#8217;Iberoam\u00e8rica: un viatge d&#8217;anada i tornada"},"content":{"rendered":"<p>[et_pb_section fb_built=&#8221;1&#8243; _builder_version=&#8221;4.16&#8243; global_colors_info=&#8221;{}&#8221;][et_pb_row use_custom_gutter=&#8221;on&#8221; gutter_width=&#8221;1&#8243; _builder_version=&#8221;4.23.1&#8243; background_size=&#8221;initial&#8221; background_position=&#8221;top_left&#8221; background_repeat=&#8221;repeat&#8221; max_width=&#8221;1400px&#8221; global_colors_info=&#8221;{}&#8221;][et_pb_column type=&#8221;4_4&#8243; _builder_version=&#8221;4.16&#8243; custom_padding=&#8221;|||&#8221; global_colors_info=&#8221;{}&#8221; custom_padding__hover=&#8221;|||&#8221;][et_pb_text _builder_version=&#8221;4.23.1&#8243; background_size=&#8221;initial&#8221; background_position=&#8221;top_left&#8221; background_repeat=&#8221;repeat&#8221; hover_enabled=&#8221;0&#8243; global_colors_info=&#8221;{}&#8221; sticky_enabled=&#8221;0&#8243;]<div id=\"attachment_142513\" style=\"width: 216px\" class=\"wp-caption alignleft\"><img loading=\"lazy\" decoding=\"async\" aria-describedby=\"caption-attachment-142513\" class=\"wp-image-142513\" src=\"https:\/\/raed.academy\/wp-content\/uploads\/2023\/12\/Angel-Baldomero-Espina-Barrio-230x317px.jpg\" alt=\"Dr. \u00c1ngel Baldomero Espina\" width=\"206\" height=\"284\" aria-describedby=\"caption-attachment-142513\" \/><p id=\"caption-attachment-142513\" class=\"wp-caption-text\">Dr. \u00c1ngel Baldomero Espina<\/p><\/div><\/p>\n<p><strong>\u00c1ngel Baldomero Espina<\/strong>, doctor en Filosofia i Ci\u00e8ncies de l&#8217;Educaci\u00f3 i professor d&#8217;Antropologia Social de la <strong>Universitat de Salamanca<\/strong>, va ingressar com a acad\u00e8mic corresponent de la <strong>Reial Acad\u00e8mia Europea de Doctors-Barcelona 1914<\/strong> (RAED) durant una solemne sessi\u00f3 que es va celebrar a la Sala d&#8217;Actes de <strong>Foment del Treball<\/strong>, seu de la Reial Corporaci\u00f3, el 18 de desembre passat. L&#8217;acte es va poder seguir tant de manera presencial com en streaming a trav\u00e9s del canal de <strong>YouTube<\/strong> de la RAED, on es pot visionar. El recipiendari va llegir el discurs d&#8217;ingr\u00e9s <strong>&#8220;La antropolog\u00eda de Iberoam\u00e9rica: pasado y presente&#8221;<\/strong>. Li va respondre l&#8217;acad\u00e8mic de n\u00famero <a href=\"https:\/\/raed.academy\/ca\/academics\/dr-joaquim-gironella-coll\/\"><strong>Joaquim Gironella<\/strong><\/a>, en nom de l&#8217;acad\u00e8mic em\u00e8rit <a href=\"https:\/\/raed.academy\/ca\/academics\/dr-angel-aguirre-baztan\/\" target=\"_blank\" rel=\"noopener\"><em><strong>\u00c1ngel Aguirre<\/strong><\/em><\/a>, el qual no va poder estar present a l&#8217;acte.<\/p>\n<p>President de la <strong>Societat Espanyola d&#8217;Antropologia Aplicada<\/strong>, el recipiendari va resumir els seus amplis estudis sobre antropologia esbossant un estudi sociocultural i comparatiu dels pobles de la Pen\u00ednsula Ib\u00e8rica i d&#8217;Iberoam\u00e8rica, citant alguns dels seus s\u00edmbols, festes i mites m\u00e9s destacats per tra\u00e7ar una ruta de trobades i desacords. Espina va resumir l&#8217;evoluci\u00f3 de l&#8217;antropologia iberoamericana des de la consideraci\u00f3 del primer indigenisme a l&#8217;antropologia moderna, amb l&#8217;estudi dels anomenats indigenisme republic\u00e0 i el neoindigenisme i les postures actuals, per definir les cultures i identitats ind\u00edgenes, criolles i afroamericanes, tradici\u00f3 ib\u00e8rica a Am\u00e8rica i les identitats iberoamericanes fruit del mestissatge. Per entrar al detall, l&#8217;expert va posar exemples interculturals concrets de sincronisme, com ara les figures m\u00edtiques d&#8217;origen prof\u00e0 i religi\u00f3s i les seves festivitats.<\/p>\n<p>&#8220;S&#8217;afirma a la majoria dels tractats i manuals de l&#8217;especialitat antropol\u00f2gica que aquesta va comen\u00e7ar de manera cient\u00edfica al segle XIX amb l&#8217;eclosi\u00f3 de l&#8217;evolucionisme, primer biol\u00f2gic i despr\u00e9s cultural. Concretament, es data l&#8217;inici de l&#8217;antropologia moderna el 1859, quan es publica, per <strong>Charles Darwin<\/strong>,<strong> &#8216;L&#8217;origen de les esp\u00e8cies&#8217;<\/strong>. Posteriorment, amb aquest mateix paradigma evolucionista, es publiquen les obres dels primers anomenats ja antrop\u00f2legs: <strong>Lewis Henry Morgan<\/strong>, <strong>Edward Burnett Tylor<\/strong>,<strong> James George Frazer<\/strong>, entre d&#8217;altres. Aix\u00f2 pot tenir certa l\u00f2gica, per\u00f2 de cap manera pot significar que abans de la data indicada no hi hagu\u00e9s moltes obres que considerar\u00edem avui d&#8217;antropologia, ni tampoc que hi hagu\u00e9s abundants escriptors que, anomenats de diverses maneres, ens deixessin llibres d&#8217;alt inter\u00e8s antropol\u00f2gic cultural. I precisament en la conformaci\u00f3 d&#8217;aquesta branca del saber, el continent americ\u00e0 ser\u00e0 decisiu i d&#8217;extraordin\u00e0ria import\u00e0ncia&#8221;, va destacar Espina, fent valdre l&#8217;excel\u00b7lent model antropol\u00f2gic de la regi\u00f3.<\/p>\n<p>El nou acad\u00e8mic va acabar definint els mecanismes d&#8217;evoluci\u00f3 de la identitat cultural iberoamericana que ell mateix ha articulat al llarg de la seva traject\u00f2ria cient\u00edfica, resumits en el proc\u00e9s de sobredeterminaci\u00f3, transignificaci\u00f3, mimetitzaci\u00f3, polititzaci\u00f3, turistificaci\u00f3 i mercantilitzaci\u00f3. &#8220;Aquests mecanismes, que mai no hem vist d&#8217;aquesta manera formulats en la literatura sobre la identitat i que hem anat perfilant al llarg dels anys, a posteriori de moltes etnografies iberoamericanes, pensem que donen explicaci\u00f3 certa de com es formen, com evolucionen i com actuen els s\u00edmbols implicats en les nostres cultures i identitats transatl\u00e0ntiques i demostren la complexa, \u00edntima i transcendent exist\u00e8ncia d&#8217;una relaci\u00f3 forta entre aquestes&#8221;, va concloure.<\/p>\n<p>Investigador adscrit a l&#8217;<strong>Institut Universitari d&#8217;Iberoam\u00e8rica<\/strong>, Espina \u00e9s director del <strong>Programa de Doctorat Interuniversitari en Antropologia d&#8217;Iberoam\u00e8rica<\/strong> i del m\u00e0ster oficial adaptat a l&#8217;<strong>Espai Europeu d&#8217;Educaci\u00f3 Superior<\/strong> en la mateixa especialitat. \u00c9s director acad\u00e8mic de m\u00faltiples investigacions, publicacions de llibres, congressos internacionals, tesis doctorals i xarxes internacionals universit\u00e0ries, en tots els casos en relaci\u00f3 als estudis antropol\u00f2gics de les cultures d&#8217;Espanya, Portugal i Iberoam\u00e8rica. Ha impartit doc\u00e8ncia de postgrau com a professor convidat a m\u00e9s de trenta-cinc universitats i entre els seus llibres sobresurten <strong>&#8220;Freud y L\u00e9vi-Strauss&#8221;<\/strong> i <strong>&#8220;Manual de Antropolog\u00eda cultural&#8221;<\/strong>, pels quals ha rebut diversos premis acad\u00e8mics. \u00c9s director de la <strong>&#8220;Revista Euroamericana de Antropolog\u00eda&#8221;<\/strong>.<\/p>\n<p>[\/et_pb_text][et_pb_video src=&#8221;https:\/\/youtu.be\/F3aLzaGM-r8&#8243; _builder_version=&#8221;4.23.1&#8243; _module_preset=&#8221;default&#8221; animation_style=&#8221;flip&#8221; global_colors_info=&#8221;{}&#8221;][\/et_pb_video][et_pb_gallery gallery_ids=&#8221;142529,142532,142535,142538,142541,142544,142547,142550,142553,142556,142559,142562&#8243; posts_number=&#8221;12&#8243; show_title_and_caption=&#8221;off&#8221; show_pagination=&#8221;off&#8221; module_class=&#8221;galeria-pad-1&#8243; _builder_version=&#8221;4.23.1&#8243; _module_preset=&#8221;default&#8221; global_colors_info=&#8221;{}&#8221;][\/et_pb_gallery][\/et_pb_column][\/et_pb_row][\/et_pb_section]<\/p>\n","protected":false},"excerpt":{"rendered":"<p>\u00c1ngel Baldomero Espina, professor d&#8217;Antropologia Social, esbossa durant el seu ingr\u00e9s a la RAED un estudi sociocultural i comparatiu dels pobles de la Pen\u00ednsula Ib\u00e8rica i d&#8217;Iberoam\u00e8rica, citant alguns dels seus s\u00edmbols, festes i mites m\u00e9s destacats per tra\u00e7ar una ruta de trobades i desacords<\/p>\n","protected":false},"author":12,"featured_media":142622,"comment_status":"closed","ping_status":"closed","sticky":false,"template":"","format":"standard","meta":{"_et_pb_use_builder":"on","_et_pb_old_content":"<p>[et_pb_section fb_built=\"1\" _builder_version=\"4.16\" global_colors_info=\"{}\"][et_pb_row use_custom_gutter=\"on\" gutter_width=\"1\" _builder_version=\"4.23.1\" background_size=\"initial\" background_position=\"top_left\" background_repeat=\"repeat\" max_width=\"1400px\" global_colors_info=\"{}\"][et_pb_column type=\"4_4\" _builder_version=\"4.16\" custom_padding=\"|||\" global_colors_info=\"{}\" custom_padding__hover=\"|||\"][et_pb_text _builder_version=\"4.23.1\" background_size=\"initial\" background_position=\"top_left\" background_repeat=\"repeat\" hover_enabled=\"0\" global_colors_info=\"{}\" sticky_enabled=\"0\"]<\/p><p><strong>\u00c1ngel Baldomero Espina<\/strong>, doctor en Filosofia i Ci\u00e8ncies de l'Educaci\u00f3 i professor d'Antropologia Social de la <strong>Universitat de Salamanca<\/strong>, va ingressar com a acad\u00e8mic corresponent de la <strong>Reial Acad\u00e8mia Europea de Doctors-Barcelona 1914<\/strong> (RAED) durant una solemne sessi\u00f3 que es va celebrar a la Sala d'Actes de <strong>Foment del Treball<\/strong>, seu de la Reial Corporaci\u00f3, el 18 de desembre passat. L'acte es va poder seguir tant de manera presencial com en streaming a trav\u00e9s del canal de <strong>YouTube<\/strong> de la RAED, on es pot visionar. El recipienari va llegir el discurs d'ingr\u00e9s <strong>\"La antropolog\u00eda de Iberoam\u00e9rica: pasado y presente\"<\/strong>. Li va respondre, en nom de la Reial Acad\u00e8mia, l'acad\u00e8mic de n\u00famero <a href=\"https:\/\/raed.academy\/ca\/academics\/dr-angel-aguirre-baztan\/\" target=\"_blank\" rel=\"noopener\"><em><strong>\u00c1ngel Aguirre<\/strong><\/em><\/a>.<\/p><p>President de la <strong>Societat Espanyola d'Antropologia Aplicada<\/strong>, el recipienari va resumir els seus amplis estudis sobre antropologia esbossant un estudi sociocultural i comparatiu dels pobles de la Pen\u00ednsula Ib\u00e8rica i d'Iberoam\u00e8rica, citant alguns dels seus s\u00edmbols, festes i mites m\u00e9s destacats per tra\u00e7ar una ruta de trobades i desacords. Espina va resumir l'evoluci\u00f3 de l'antropologia iberoamericana des de la consideraci\u00f3 del primer indigenisme a l'antropologia moderna, amb l'estudi dels anomenats indigenisme republic\u00e0 i el neoindigenisme i les postures actuals, per definir les cultures i identitats ind\u00edgenes, criolles i afroamericanes, tradici\u00f3 ib\u00e8rica a Am\u00e8rica i les identitats iberoamericanes fruit del mestissatge. Per entrar al detall, l'expert va posar exemples interculturals concrets de sincronisme, com ara les figures m\u00edtiques d'origen prof\u00e0 i religi\u00f3s i les seves festivitats.<\/p><p>\"S'afirma a la majoria dels tractats i manuals de l'especialitat antropol\u00f2gica que aquesta va comen\u00e7ar de manera cient\u00edfica al segle XIX amb l'eclosi\u00f3 de l'evolucionisme, primer biol\u00f2gic i despr\u00e9s cultural. Concretament es data l'inici de l'antropologia moderna el 1859, quan es publica, per <strong>Charles Darwin<\/strong>,<strong> 'L'origen de les esp\u00e8cies'<\/strong>. Posteriorment, amb aquest mateix paradigma evolucionista, es publiquen les obres dels primers anomenats ja antrop\u00f2legs: <strong>Lewis Henry Morgan<\/strong>, <strong>Edward Burnett Tylor<\/strong>,<strong> James George Frazer<\/strong>, entre d'altres. Aix\u00f2 pot tenir certa l\u00f2gica, per\u00f2 de cap manera pot significar que abans de la data indicada no hi hagu\u00e9s moltes obres que considerar\u00edem avui d'antropologia, ni tampoc que hi hagu\u00e9s abundants escriptors que, anomenats de diverses maneres, ens deixessin llibres d'alt inter\u00e8s antropol\u00f2gic cultural. I precisament en la conformaci\u00f3 d'aquesta branca del saber, el continent americ\u00e0 ser\u00e0 decisiu i d'extraordin\u00e0ria import\u00e0ncia\", va destacar Espina, posant en valor l'excel\u00b7lent model antropol\u00f2gic de la regi\u00f3.<\/p><p>El nou acad\u00e8mic va acabar definint els mecanismes devoluci\u00f3 de la identitat cultural iberoamericana que ell mateix ha articulat al llarg de la seva traject\u00f2ria cient\u00edfica, resumits en el proc\u00e9s de sobredeterminaci\u00f3, transignificaci\u00f3, mimetitzaci\u00f3, polititzaci\u00f3, turistificaci\u00f3 i mercantilitzaci\u00f3. \"Aquests mecanismes, que mai no hem vist d'aquesta manera formulats en la literatura sobre la identitat i que hem anat perfilant al llarg dels anys, a posteriori de moltes etnografies iberoamericanes, pensem que donen explicaci\u00f3 certa de com es formen, com evolucionen i com actuen els s\u00edmbols implicats en les nostres cultures i identitats transatl\u00e0ntiques i demostren la complexa, \u00edntima i transcendent exist\u00e8ncia d'una relaci\u00f3 forta entre aquestes\", va concloure.<\/p><p>Investigador adscrit a l'<strong>Institut Universitari d'Iberoam\u00e8rica<\/strong>, Espina \u00e9s director del <strong>Programa de Doctorat Interuniversitari en Antropologia d'Iberoam\u00e8rica<\/strong> i del m\u00e0ster oficial adaptat a l'<strong>Espai Europeu d'Educaci\u00f3 Superior<\/strong> en la mateixa especialitat. \u00c9s director acad\u00e8mic de m\u00faltiples investigacions, publicacions de llibres, congressos internacionals, tesis doctorals i xarxes internacionals universit\u00e0ries, en tots els casos en relaci\u00f3 als estudis antropol\u00f2gics de les cultures d'Espanya, Portugal i Iberoam\u00e8rica. Ha impartit doc\u00e8ncia de postgrau com a professor convidat a m\u00e9s de trenta-cinc universitats i entre els seus llibres sobresurten <strong>\"Freud y L\u00e9vi-Strauss\"<\/strong> i <strong>\"Manual de Antropolog\u00eda cultural\"<\/strong>, pels quals ha rebut diversos premis acad\u00e8mics. \u00c9s director de la <strong>\"Revista Euroamericana de Antropolog\u00eda\"<\/strong>.<\/p><p>[\/et_pb_text][et_pb_video src=\"https:\/\/youtu.be\/F3aLzaGM-r8\" _builder_version=\"4.23.1\" _module_preset=\"default\" animation_style=\"flip\" global_colors_info=\"{}\"][\/et_pb_video][et_pb_gallery gallery_ids=\"142529,142532,142535,142538,142541,142544,142547,142550,142553,142556,142559,142562\" posts_number=\"12\" show_title_and_caption=\"off\" show_pagination=\"off\" module_class=\"galeria-pad-1\" _builder_version=\"4.23.1\" _module_preset=\"default\" global_colors_info=\"{}\"][\/et_pb_gallery][\/et_pb_column][\/et_pb_row][\/et_pb_section]<\/p><p>\u00a0<\/p>","_et_gb_content_width":"","footnotes":""},"categories":[247,242,404],"tags":[],"class_list":["post-142682","post","type-post","status-publish","format-standard","has-post-thumbnail","hentry","category-antropologia-ca","category-categ-historia","category-historia-nacional-ca","et-has-post-format-content","et_post_format-et-post-format-standard"],"yoast_head":"<!-- This site is optimized with the Yoast SEO plugin v27.4 - https:\/\/yoast.com\/product\/yoast-seo-wordpress\/ -->\n<title>L&#039;antropologia d&#039;Iberoam\u00e8rica: un viatge d&#039;anada i tornada - Reial Acad\u00e8mia Europea de Doctors<\/title>\n<meta name=\"description\" content=\"\u00c1ngel Baldomero Espina esbossa durant el seu ingr\u00e9s a la RAED un estudi sociocultural dels pobles de la Pen\u00ednsula Ib\u00e8rica\" \/>\n<meta name=\"robots\" content=\"index, follow, max-snippet:-1, max-image-preview:large, max-video-preview:-1\" \/>\n<link rel=\"canonical\" href=\"https:\/\/raed.academy\/ca\/lantropologia-diberoamerica-un-viatge-danada-i-tornada\/\" \/>\n<meta property=\"og:locale\" content=\"ca_ES\" \/>\n<meta property=\"og:type\" content=\"article\" \/>\n<meta property=\"og:title\" content=\"L&#039;antropologia d&#039;Iberoam\u00e8rica: un viatge d&#039;anada i tornada - Reial Acad\u00e8mia Europea de Doctors\" \/>\n<meta property=\"og:description\" content=\"\u00c1ngel Baldomero Espina esbossa durant el seu ingr\u00e9s a la RAED un estudi sociocultural dels pobles de la Pen\u00ednsula Ib\u00e8rica\" \/>\n<meta property=\"og:url\" content=\"https:\/\/raed.academy\/ca\/lantropologia-diberoamerica-un-viatge-danada-i-tornada\/\" \/>\n<meta property=\"og:site_name\" content=\"Reial Acad\u00e8mia Europea de Doctors\" \/>\n<meta property=\"article:publisher\" content=\"http:\/\/fb.me\/raed.academy\" \/>\n<meta property=\"article:published_time\" content=\"2023-12-22T14:49:48+00:00\" \/>\n<meta property=\"article:modified_time\" content=\"2023-12-22T14:50:04+00:00\" \/>\n<meta property=\"og:image\" content=\"https:\/\/raed.academy\/wp-content\/uploads\/2023\/12\/shutt-templo-maya-en-Mexico-antropologia-iberoamerica-dst.webp\" \/>\n\t<meta property=\"og:image:width\" content=\"600\" \/>\n\t<meta property=\"og:image:height\" content=\"360\" \/>\n\t<meta property=\"og:image:type\" content=\"image\/webp\" \/>\n<meta name=\"author\" content=\"RAED\" \/>\n<meta name=\"twitter:card\" content=\"summary_large_image\" \/>\n<meta name=\"twitter:creator\" content=\"@raedacademy\" \/>\n<meta name=\"twitter:site\" content=\"@raedacademy\" \/>\n<meta name=\"twitter:label1\" content=\"Written by\" \/>\n\t<meta name=\"twitter:data1\" content=\"RAED\" \/>\n\t<meta name=\"twitter:label2\" content=\"Est. reading time\" \/>\n\t<meta name=\"twitter:data2\" content=\"6 minutes\" \/>\n<script type=\"application\/ld+json\" class=\"yoast-schema-graph\">{\"@context\":\"https:\\\/\\\/schema.org\",\"@graph\":[{\"@type\":\"Article\",\"@id\":\"https:\\\/\\\/raed.academy\\\/ca\\\/lantropologia-diberoamerica-un-viatge-danada-i-tornada\\\/#article\",\"isPartOf\":{\"@id\":\"https:\\\/\\\/raed.academy\\\/ca\\\/lantropologia-diberoamerica-un-viatge-danada-i-tornada\\\/\"},\"author\":{\"name\":\"RAED\",\"@id\":\"https:\\\/\\\/raed.academy\\\/ca\\\/#\\\/schema\\\/person\\\/5a755da80d1d979fd66ba745c8702927\"},\"headline\":\"L&#8217;antropologia d&#8217;Iberoam\u00e8rica: un viatge d&#8217;anada i tornada\",\"datePublished\":\"2023-12-22T14:49:48+00:00\",\"dateModified\":\"2023-12-22T14:50:04+00:00\",\"mainEntityOfPage\":{\"@id\":\"https:\\\/\\\/raed.academy\\\/ca\\\/lantropologia-diberoamerica-un-viatge-danada-i-tornada\\\/\"},\"wordCount\":865,\"publisher\":{\"@id\":\"https:\\\/\\\/raed.academy\\\/ca\\\/#organization\"},\"image\":{\"@id\":\"https:\\\/\\\/raed.academy\\\/ca\\\/lantropologia-diberoamerica-un-viatge-danada-i-tornada\\\/#primaryimage\"},\"thumbnailUrl\":\"https:\\\/\\\/raed.academy\\\/wp-content\\\/uploads\\\/2023\\\/12\\\/shutt-templo-maya-en-Mexico-antropologia-iberoamerica-dst.webp\",\"articleSection\":[\"Antropologia\",\"Hist\u00f2ria\",\"Hist\u00f2ria nacional\"],\"inLanguage\":\"ca-ES\"},{\"@type\":\"WebPage\",\"@id\":\"https:\\\/\\\/raed.academy\\\/ca\\\/lantropologia-diberoamerica-un-viatge-danada-i-tornada\\\/\",\"url\":\"https:\\\/\\\/raed.academy\\\/ca\\\/lantropologia-diberoamerica-un-viatge-danada-i-tornada\\\/\",\"name\":\"L'antropologia d'Iberoam\u00e8rica: un viatge d'anada i tornada - Reial Acad\u00e8mia Europea de Doctors\",\"isPartOf\":{\"@id\":\"https:\\\/\\\/raed.academy\\\/ca\\\/#website\"},\"primaryImageOfPage\":{\"@id\":\"https:\\\/\\\/raed.academy\\\/ca\\\/lantropologia-diberoamerica-un-viatge-danada-i-tornada\\\/#primaryimage\"},\"image\":{\"@id\":\"https:\\\/\\\/raed.academy\\\/ca\\\/lantropologia-diberoamerica-un-viatge-danada-i-tornada\\\/#primaryimage\"},\"thumbnailUrl\":\"https:\\\/\\\/raed.academy\\\/wp-content\\\/uploads\\\/2023\\\/12\\\/shutt-templo-maya-en-Mexico-antropologia-iberoamerica-dst.webp\",\"datePublished\":\"2023-12-22T14:49:48+00:00\",\"dateModified\":\"2023-12-22T14:50:04+00:00\",\"description\":\"\u00c1ngel Baldomero Espina esbossa durant el seu ingr\u00e9s a la RAED un estudi sociocultural dels pobles de la Pen\u00ednsula Ib\u00e8rica\",\"breadcrumb\":{\"@id\":\"https:\\\/\\\/raed.academy\\\/ca\\\/lantropologia-diberoamerica-un-viatge-danada-i-tornada\\\/#breadcrumb\"},\"inLanguage\":\"ca-ES\",\"potentialAction\":[{\"@type\":\"ReadAction\",\"target\":[\"https:\\\/\\\/raed.academy\\\/ca\\\/lantropologia-diberoamerica-un-viatge-danada-i-tornada\\\/\"]}]},{\"@type\":\"ImageObject\",\"inLanguage\":\"ca-ES\",\"@id\":\"https:\\\/\\\/raed.academy\\\/ca\\\/lantropologia-diberoamerica-un-viatge-danada-i-tornada\\\/#primaryimage\",\"url\":\"https:\\\/\\\/raed.academy\\\/wp-content\\\/uploads\\\/2023\\\/12\\\/shutt-templo-maya-en-Mexico-antropologia-iberoamerica-dst.webp\",\"contentUrl\":\"https:\\\/\\\/raed.academy\\\/wp-content\\\/uploads\\\/2023\\\/12\\\/shutt-templo-maya-en-Mexico-antropologia-iberoamerica-dst.webp\",\"width\":600,\"height\":360},{\"@type\":\"BreadcrumbList\",\"@id\":\"https:\\\/\\\/raed.academy\\\/ca\\\/lantropologia-diberoamerica-un-viatge-danada-i-tornada\\\/#breadcrumb\",\"itemListElement\":[{\"@type\":\"ListItem\",\"position\":1,\"name\":\"Inicio\",\"item\":\"https:\\\/\\\/raed.academy\\\/ca\\\/\"},{\"@type\":\"ListItem\",\"position\":2,\"name\":\"L&#8217;antropologia d&#8217;Iberoam\u00e8rica: un viatge d&#8217;anada i tornada\"}]},{\"@type\":\"WebSite\",\"@id\":\"https:\\\/\\\/raed.academy\\\/ca\\\/#website\",\"url\":\"https:\\\/\\\/raed.academy\\\/ca\\\/\",\"name\":\"Reial Acad\u00e8mia Europea de Doctors\",\"description\":\"Corporaci\u00f3n de derecho p\u00fablico de car\u00e1cter cient\u00edfico, t\u00e9cnico y art\u00edstico, que tiene por objeto la investigaci\u00f3n, el estudio, el fomento y la extensi\u00f3n del conocimiento en su sentido m\u00e1s amplio\",\"publisher\":{\"@id\":\"https:\\\/\\\/raed.academy\\\/ca\\\/#organization\"},\"potentialAction\":[{\"@type\":\"SearchAction\",\"target\":{\"@type\":\"EntryPoint\",\"urlTemplate\":\"https:\\\/\\\/raed.academy\\\/ca\\\/?s={search_term_string}\"},\"query-input\":{\"@type\":\"PropertyValueSpecification\",\"valueRequired\":true,\"valueName\":\"search_term_string\"}}],\"inLanguage\":\"ca-ES\"},{\"@type\":\"Organization\",\"@id\":\"https:\\\/\\\/raed.academy\\\/ca\\\/#organization\",\"name\":\"Real Academia Europea de Doctores\",\"url\":\"https:\\\/\\\/raed.academy\\\/ca\\\/\",\"logo\":{\"@type\":\"ImageObject\",\"inLanguage\":\"ca-ES\",\"@id\":\"https:\\\/\\\/raed.academy\\\/ca\\\/#\\\/schema\\\/logo\\\/image\\\/\",\"url\":\"https:\\\/\\\/raed.academy\\\/wp-content\\\/uploads\\\/2017\\\/01\\\/cropped-logo_raed.png\",\"contentUrl\":\"https:\\\/\\\/raed.academy\\\/wp-content\\\/uploads\\\/2017\\\/01\\\/cropped-logo_raed.png\",\"width\":512,\"height\":512,\"caption\":\"Real Academia Europea de Doctores\"},\"image\":{\"@id\":\"https:\\\/\\\/raed.academy\\\/ca\\\/#\\\/schema\\\/logo\\\/image\\\/\"},\"sameAs\":[\"http:\\\/\\\/fb.me\\\/raed.academy\",\"https:\\\/\\\/x.com\\\/raedacademy\",\"https:\\\/\\\/www.instagram.com\\\/raed.academy\\\/\",\"https:\\\/\\\/www.youtube.com\\\/channel\\\/UCUYQwW2KrdirNWihxMDObwg\"]},{\"@type\":\"Person\",\"@id\":\"https:\\\/\\\/raed.academy\\\/ca\\\/#\\\/schema\\\/person\\\/5a755da80d1d979fd66ba745c8702927\",\"name\":\"RAED\",\"image\":{\"@type\":\"ImageObject\",\"inLanguage\":\"ca-ES\",\"@id\":\"https:\\\/\\\/secure.gravatar.com\\\/avatar\\\/19fdfdc0d67fb9c45714b703a2ac82251c4fcea3637f002ac3c9b74c0183583c?s=96&d=mm&r=g\",\"url\":\"https:\\\/\\\/secure.gravatar.com\\\/avatar\\\/19fdfdc0d67fb9c45714b703a2ac82251c4fcea3637f002ac3c9b74c0183583c?s=96&d=mm&r=g\",\"contentUrl\":\"https:\\\/\\\/secure.gravatar.com\\\/avatar\\\/19fdfdc0d67fb9c45714b703a2ac82251c4fcea3637f002ac3c9b74c0183583c?s=96&d=mm&r=g\",\"caption\":\"RAED\"}}]}<\/script>\n<!-- \/ Yoast SEO plugin. -->","yoast_head_json":{"title":"L'antropologia d'Iberoam\u00e8rica: un viatge d'anada i tornada - Reial Acad\u00e8mia Europea de Doctors","description":"\u00c1ngel Baldomero Espina esbossa durant el seu ingr\u00e9s a la RAED un estudi sociocultural dels pobles de la Pen\u00ednsula Ib\u00e8rica","robots":{"index":"index","follow":"follow","max-snippet":"max-snippet:-1","max-image-preview":"max-image-preview:large","max-video-preview":"max-video-preview:-1"},"canonical":"https:\/\/raed.academy\/ca\/lantropologia-diberoamerica-un-viatge-danada-i-tornada\/","og_locale":"ca_ES","og_type":"article","og_title":"L'antropologia d'Iberoam\u00e8rica: un viatge d'anada i tornada - Reial Acad\u00e8mia Europea de Doctors","og_description":"\u00c1ngel Baldomero Espina esbossa durant el seu ingr\u00e9s a la RAED un estudi sociocultural dels pobles de la Pen\u00ednsula Ib\u00e8rica","og_url":"https:\/\/raed.academy\/ca\/lantropologia-diberoamerica-un-viatge-danada-i-tornada\/","og_site_name":"Reial Acad\u00e8mia Europea de Doctors","article_publisher":"http:\/\/fb.me\/raed.academy","article_published_time":"2023-12-22T14:49:48+00:00","article_modified_time":"2023-12-22T14:50:04+00:00","og_image":[{"width":600,"height":360,"url":"https:\/\/raed.academy\/wp-content\/uploads\/2023\/12\/shutt-templo-maya-en-Mexico-antropologia-iberoamerica-dst.webp","type":"image\/webp"}],"author":"RAED","twitter_card":"summary_large_image","twitter_creator":"@raedacademy","twitter_site":"@raedacademy","twitter_misc":{"Written by":"RAED","Est. reading time":"6 minutes"},"schema":{"@context":"https:\/\/schema.org","@graph":[{"@type":"Article","@id":"https:\/\/raed.academy\/ca\/lantropologia-diberoamerica-un-viatge-danada-i-tornada\/#article","isPartOf":{"@id":"https:\/\/raed.academy\/ca\/lantropologia-diberoamerica-un-viatge-danada-i-tornada\/"},"author":{"name":"RAED","@id":"https:\/\/raed.academy\/ca\/#\/schema\/person\/5a755da80d1d979fd66ba745c8702927"},"headline":"L&#8217;antropologia d&#8217;Iberoam\u00e8rica: un viatge d&#8217;anada i tornada","datePublished":"2023-12-22T14:49:48+00:00","dateModified":"2023-12-22T14:50:04+00:00","mainEntityOfPage":{"@id":"https:\/\/raed.academy\/ca\/lantropologia-diberoamerica-un-viatge-danada-i-tornada\/"},"wordCount":865,"publisher":{"@id":"https:\/\/raed.academy\/ca\/#organization"},"image":{"@id":"https:\/\/raed.academy\/ca\/lantropologia-diberoamerica-un-viatge-danada-i-tornada\/#primaryimage"},"thumbnailUrl":"https:\/\/raed.academy\/wp-content\/uploads\/2023\/12\/shutt-templo-maya-en-Mexico-antropologia-iberoamerica-dst.webp","articleSection":["Antropologia","Hist\u00f2ria","Hist\u00f2ria nacional"],"inLanguage":"ca-ES"},{"@type":"WebPage","@id":"https:\/\/raed.academy\/ca\/lantropologia-diberoamerica-un-viatge-danada-i-tornada\/","url":"https:\/\/raed.academy\/ca\/lantropologia-diberoamerica-un-viatge-danada-i-tornada\/","name":"L'antropologia d'Iberoam\u00e8rica: un viatge d'anada i tornada - Reial Acad\u00e8mia Europea de Doctors","isPartOf":{"@id":"https:\/\/raed.academy\/ca\/#website"},"primaryImageOfPage":{"@id":"https:\/\/raed.academy\/ca\/lantropologia-diberoamerica-un-viatge-danada-i-tornada\/#primaryimage"},"image":{"@id":"https:\/\/raed.academy\/ca\/lantropologia-diberoamerica-un-viatge-danada-i-tornada\/#primaryimage"},"thumbnailUrl":"https:\/\/raed.academy\/wp-content\/uploads\/2023\/12\/shutt-templo-maya-en-Mexico-antropologia-iberoamerica-dst.webp","datePublished":"2023-12-22T14:49:48+00:00","dateModified":"2023-12-22T14:50:04+00:00","description":"\u00c1ngel Baldomero Espina esbossa durant el seu ingr\u00e9s a la RAED un estudi sociocultural dels pobles de la Pen\u00ednsula Ib\u00e8rica","breadcrumb":{"@id":"https:\/\/raed.academy\/ca\/lantropologia-diberoamerica-un-viatge-danada-i-tornada\/#breadcrumb"},"inLanguage":"ca-ES","potentialAction":[{"@type":"ReadAction","target":["https:\/\/raed.academy\/ca\/lantropologia-diberoamerica-un-viatge-danada-i-tornada\/"]}]},{"@type":"ImageObject","inLanguage":"ca-ES","@id":"https:\/\/raed.academy\/ca\/lantropologia-diberoamerica-un-viatge-danada-i-tornada\/#primaryimage","url":"https:\/\/raed.academy\/wp-content\/uploads\/2023\/12\/shutt-templo-maya-en-Mexico-antropologia-iberoamerica-dst.webp","contentUrl":"https:\/\/raed.academy\/wp-content\/uploads\/2023\/12\/shutt-templo-maya-en-Mexico-antropologia-iberoamerica-dst.webp","width":600,"height":360},{"@type":"BreadcrumbList","@id":"https:\/\/raed.academy\/ca\/lantropologia-diberoamerica-un-viatge-danada-i-tornada\/#breadcrumb","itemListElement":[{"@type":"ListItem","position":1,"name":"Inicio","item":"https:\/\/raed.academy\/ca\/"},{"@type":"ListItem","position":2,"name":"L&#8217;antropologia d&#8217;Iberoam\u00e8rica: un viatge d&#8217;anada i tornada"}]},{"@type":"WebSite","@id":"https:\/\/raed.academy\/ca\/#website","url":"https:\/\/raed.academy\/ca\/","name":"Reial Acad\u00e8mia Europea de Doctors","description":"Corporaci\u00f3n de derecho p\u00fablico de car\u00e1cter cient\u00edfico, t\u00e9cnico y art\u00edstico, que tiene por objeto la investigaci\u00f3n, el estudio, el fomento y la extensi\u00f3n del conocimiento en su sentido m\u00e1s amplio","publisher":{"@id":"https:\/\/raed.academy\/ca\/#organization"},"potentialAction":[{"@type":"SearchAction","target":{"@type":"EntryPoint","urlTemplate":"https:\/\/raed.academy\/ca\/?s={search_term_string}"},"query-input":{"@type":"PropertyValueSpecification","valueRequired":true,"valueName":"search_term_string"}}],"inLanguage":"ca-ES"},{"@type":"Organization","@id":"https:\/\/raed.academy\/ca\/#organization","name":"Real Academia Europea de Doctores","url":"https:\/\/raed.academy\/ca\/","logo":{"@type":"ImageObject","inLanguage":"ca-ES","@id":"https:\/\/raed.academy\/ca\/#\/schema\/logo\/image\/","url":"https:\/\/raed.academy\/wp-content\/uploads\/2017\/01\/cropped-logo_raed.png","contentUrl":"https:\/\/raed.academy\/wp-content\/uploads\/2017\/01\/cropped-logo_raed.png","width":512,"height":512,"caption":"Real Academia Europea de Doctores"},"image":{"@id":"https:\/\/raed.academy\/ca\/#\/schema\/logo\/image\/"},"sameAs":["http:\/\/fb.me\/raed.academy","https:\/\/x.com\/raedacademy","https:\/\/www.instagram.com\/raed.academy\/","https:\/\/www.youtube.com\/channel\/UCUYQwW2KrdirNWihxMDObwg"]},{"@type":"Person","@id":"https:\/\/raed.academy\/ca\/#\/schema\/person\/5a755da80d1d979fd66ba745c8702927","name":"RAED","image":{"@type":"ImageObject","inLanguage":"ca-ES","@id":"https:\/\/secure.gravatar.com\/avatar\/19fdfdc0d67fb9c45714b703a2ac82251c4fcea3637f002ac3c9b74c0183583c?s=96&d=mm&r=g","url":"https:\/\/secure.gravatar.com\/avatar\/19fdfdc0d67fb9c45714b703a2ac82251c4fcea3637f002ac3c9b74c0183583c?s=96&d=mm&r=g","contentUrl":"https:\/\/secure.gravatar.com\/avatar\/19fdfdc0d67fb9c45714b703a2ac82251c4fcea3637f002ac3c9b74c0183583c?s=96&d=mm&r=g","caption":"RAED"}}]}},"_links":{"self":[{"href":"https:\/\/raed.academy\/ca\/wp-json\/wp\/v2\/posts\/142682","targetHints":{"allow":["GET"]}}],"collection":[{"href":"https:\/\/raed.academy\/ca\/wp-json\/wp\/v2\/posts"}],"about":[{"href":"https:\/\/raed.academy\/ca\/wp-json\/wp\/v2\/types\/post"}],"author":[{"embeddable":true,"href":"https:\/\/raed.academy\/ca\/wp-json\/wp\/v2\/users\/12"}],"replies":[{"embeddable":true,"href":"https:\/\/raed.academy\/ca\/wp-json\/wp\/v2\/comments?post=142682"}],"version-history":[{"count":0,"href":"https:\/\/raed.academy\/ca\/wp-json\/wp\/v2\/posts\/142682\/revisions"}],"wp:featuredmedia":[{"embeddable":true,"href":"https:\/\/raed.academy\/ca\/wp-json\/wp\/v2\/media\/142622"}],"wp:attachment":[{"href":"https:\/\/raed.academy\/ca\/wp-json\/wp\/v2\/media?parent=142682"}],"wp:term":[{"taxonomy":"category","embeddable":true,"href":"https:\/\/raed.academy\/ca\/wp-json\/wp\/v2\/categories?post=142682"},{"taxonomy":"post_tag","embeddable":true,"href":"https:\/\/raed.academy\/ca\/wp-json\/wp\/v2\/tags?post=142682"}],"curies":[{"name":"wp","href":"https:\/\/api.w.org\/{rel}","templated":true}]}}