{"id":141919,"date":"2023-12-10T16:14:17","date_gmt":"2023-12-10T16:14:17","guid":{"rendered":"https:\/\/raed.academy\/?p=141919"},"modified":"2023-12-10T16:14:17","modified_gmt":"2023-12-10T16:14:17","slug":"biologia-i-cultura-als-moviments-queer-y-woke","status":"publish","type":"post","link":"https:\/\/raed.academy\/ca\/biologia-i-cultura-als-moviments-queer-y-woke\/","title":{"rendered":"Biologia i cultura als moviments &#8216;queer&#8217; y &#8216;woke&#8217;"},"content":{"rendered":"<p><img loading=\"lazy\" decoding=\"async\" class=\"aligncenter size-full wp-image-141876\" src=\"https:\/\/raed.academy\/wp-content\/uploads\/2023\/12\/debate-Biologia-y-cultura-en-los-movimientos-queer-y-woke-carrusel.webp\" alt=\"\" width=\"1600\" height=\"550\" srcset=\"https:\/\/raed.academy\/wp-content\/uploads\/2023\/12\/debate-Biologia-y-cultura-en-los-movimientos-queer-y-woke-carrusel.webp 1600w, https:\/\/raed.academy\/wp-content\/uploads\/2023\/12\/debate-Biologia-y-cultura-en-los-movimientos-queer-y-woke-carrusel-768x264.webp 768w, https:\/\/raed.academy\/wp-content\/uploads\/2023\/12\/debate-Biologia-y-cultura-en-los-movimientos-queer-y-woke-carrusel-1536x528.webp 1536w, https:\/\/raed.academy\/wp-content\/uploads\/2023\/12\/debate-Biologia-y-cultura-en-los-movimientos-queer-y-woke-carrusel-1080x371.webp 1080w\" sizes=\"(max-width: 1600px) 100vw, 1600px\" \/><\/p>\n<p>La <strong>Reial Acad\u00e8mia Europea de Doctors-Barcelona 1914<\/strong> (RAED) va analitzar el 28 de novembre passat, en una sessi\u00f3 que es va celebrar a la Sala B de l&#8217;edifici<strong> Foment del Treball<\/strong>, seu acad\u00e8mica, els idearis &#8220;woke&#8221; i &#8220;queer&#8221;, que abasten els camps pol\u00edtics i legislatius de l&#8217;\u00faltima d\u00e8cada al m\u00f3n occidental, a la sessi\u00f3 <strong>&#8220;Biologia i cultura en els moviments &#8216;queer&#8217; i &#8216;woke'&#8221;<\/strong>. La mesa del debat estava constitu\u00efda per <strong>Silvia Carrasco<\/strong>, professora d&#8217;Antropologia Social de la <strong>Universitat Aut\u00f2noma de Barcelona<\/strong>; <strong>Neri Daurella<\/strong>, psic\u00f2loga i psicoanalista; <a href=\"https:\/\/raed.academy\/academicos\/dr-jaume-llopis-casellas\/\" target=\"_blank\" rel=\"noopener\"><em><strong>Jaume Llopis<\/strong><\/em><\/a>, acad\u00e8mic numerari i membre de la <strong>Junta de Govern<\/strong> de la RAED; <a href=\"https:\/\/raed.academy\/academicos\/dr-josep-ignasi-saranyana-closa\/\" target=\"_blank\" rel=\"noopener\"><em><strong>Josep Ignasi Saranyana<\/strong><\/em><\/a>, te\u00f2leg, acad\u00e8mic em\u00e8rit de la RAED i membre de n\u00famero del <strong>Pontifici Comit\u00e8 de Ci\u00e8ncies Hist\u00f2riques<\/strong>, i <a href=\"https:\/\/raed.academy\/academicos\/dr-joaquim-gironella-coll\/\" target=\"_blank\" rel=\"noopener\"><em><strong>Joaquim Gironella<\/strong><\/em><\/a>, acad\u00e8mic numerari de la RAED, que va introduir i moderar el debat.<\/p>\n<p>Gironella va iniciar la ronda amb una breu introducci\u00f3 hist\u00f2rica de l&#8217;origen dels dos moviments socials, apareguts inicialment als Estats Units, amb una \u00e0mplia mirada retrospectiva cap al segle XIX, el punt de partida intel\u00b7lectual. Va referir el paper de <strong>Friedrich Nietzsche<\/strong>, qui va afirmar que la identitat \u00e9s un esdevenir de canvi permanent i que s&#8217;estructurava amb el llenguatge. Un pensament que va reprendre <strong>Michel Foucault<\/strong> als anys 70 del segle XX portant-lo al terreny social, afirmat que l&#8217;estructura social determina el significat dels conceptes que es converteixen en veritat. Per la seva banda, la pensadora nord-americana <strong>Judith Butler<\/strong> va prosseguir amb aquesta l\u00ednia de pensament i com a principal referent intel\u00b7lectual a la doctrina &#8220;queer&#8221;, suggerint que el g\u00e8nere es construeix per l&#8217;acci\u00f3 i la parla, advocant per una perspectiva m\u00e9s \u00e0mplia de la identitat de g\u00e8nere. Pel que fa al pensament &#8220;woke&#8221;, el terme transg\u00e8nere es considera com una identitat v\u00e0lida i s&#8217;advoca pel respecte i la igualtat de drets de les persones que han acceptat una transici\u00f3 de g\u00e8nere. En s\u00edntesi, el sexe \u00e9s biol\u00f2gic i g\u00e8nere \u00e9s una configuraci\u00f3 social del que \u00e9s biol\u00f2gic. Per a totes dues doctrines els rols masculins i femen\u00ed s\u00f3n invencions culturals.<\/p>\n<p>Durant el debat, l&#8217;acad\u00e8mic i fil\u00f2sof <a href=\"https:\/\/raed.academy\/ca\/academics\/dr-francesc-torralba-rosello\/\" target=\"_blank\" rel=\"noopener\"><em><strong>Francesc Torralba<\/strong><\/em><\/a>, en ser requerida la seva posici\u00f3 sobre el tema, va manifestar tant l&#8217;actualitat com la complexitat de la tem\u00e0tica, i va remarcar la import\u00e0ncia del vessant m\u00e8dico-quir\u00fargic per a la resoluci\u00f3 dels casos en el canvi de sexe en ser emparats aquests per la llei. Fet rellevant de presa de consci\u00e8ncia a qu\u00e8 se suma la incoher\u00e8ncia entre el codi \u00e8tic m\u00e8dic i la legislaci\u00f3 vigent.<\/p>\n<p>Silvia Carrasco va explicar que des del 2014 s&#8217;han anat aprovant als parlaments auton\u00f2mics i sense debat social m\u00e9s de 40 lleis trans en educaci\u00f3, sanitat i altres \u00e0mbits. &#8220;Estem assistint a una penetraci\u00f3 ideol\u00f2gica en tota regla, tamb\u00e9 a trav\u00e9s dels mitjans de comunicaci\u00f3 que pretenen instal\u00b7lar una nova veritat contr\u00e0ria a la ci\u00e8ncia, a la ra\u00f3 i als drets de les dones i de la inf\u00e0ncia. Sostenen i transmeten a l&#8217;escola que el sexe es pot canviar i escollir, que es pot n\u00e9ixer en un cos equivocat, i que \u00e9s un sentiment definit pels m\u00e9s rancis estereotips de g\u00e8nere associats tradicionalment a ser dona o ser home&#8221;, va argumentar. L&#8217;experta va assenyalar que despr\u00e9s de diversos estudis la &#8220;inf\u00e0ncia trans&#8221; no existeix, per\u00f2 s&#8217;est\u00e0 fabricant a gran escala: cada cop s&#8217;atenen m\u00e9s menors i m\u00e9s nenes i dones joves. Nom\u00e9s entre el 2016 i el 2021 va cr\u00e9ixer un 5.700% el grup de nenes 10 i 14 anys, sense que ning\u00fa s&#8217;immuti, receptant hormones a la primera visita, mentre a Su\u00e8cia, Finl\u00e0ndia i el Regne Unit estan fent marxa enrere.<\/p>\n<p>Per la seva banda, Neri Daurella va considerar que si la teoria &#8220;queer&#8221; fos un mer exercici intel\u00b7lectual en universitats nord-americanes, on les conseq\u00fc\u00e8ncies es limitaran a la cancel\u00b7laci\u00f3 de contractes de professors discrepants, no hi hauria preocupaci\u00f3. &#8220;Per\u00f2 al m\u00f3n globalitzat actual el que passa a Calif\u00f2rnia repercuteix en el nostre entorn en temps r\u00e8cord. Aqu\u00ed, aquesta ideologia postmoderna, caracteritzada per un ampli subjectivisme o relativisme, radicalment esc\u00e8ptica sobre el coneixement cient\u00edfic (per exemple, el que considera que el sexe \u00e9s una realitat biol\u00f2gica i el g\u00e8nere un constructe sociocultural) est\u00e0 afectant \u00e0mbits tan influents en la nostra societat com s\u00f3n les lleis estatals i auton\u00f2miques, els protocols datenci\u00f3 a la salut de nens i adolescents, i la confusi\u00f3 de pares i mares sobre la seva funci\u00f3 parental, arribant a imposar-los una neo-llengua a l&#8217;hora de referir-se als seus fills&#8221;, va assenyalar.<\/p>\n<p>Jaume Llopis va explicar que el dinamisme del canvi i les noves tend\u00e8ncies socials es desenvolupen a gran velocitat a trav\u00e9s de les xarxes socials. I les empreses amb \u00e8xit s\u00f3n les que s&#8217;adapten constantment al canvi. &#8220;Dels nous moviments socials, les empreses han de contemplar el negoci o el no negoci que suposen. Cada vegada m\u00e9s consumidors prenen les seves decisions de compra considerant la responsabilitat social de l&#8217;empresa, per aix\u00f2 moltes empreses inclouen en la seva estrat\u00e8gia el seu posicionament respecte a diversos temes socials com la diversitat de g\u00e8nere i la llibertat sexual. Cal tractar aquests temes amb una comunicaci\u00f3 clara, ja que es poden convertir en una arma de doble tall. Ser pioners o puntes de llan\u00e7a de reivindicacions no majorit\u00e0ries, \u00e9s a dir, anar en contra del gruix dels seus clients, pot resultar perill\u00f3s i contraproduent&#8221;, va exposar.<\/p>\n<p>Josep Ignasi Saranyana, per la seva banda, va apel\u00b7lar a la tradici\u00f3 cultural occidental per ressenyar una tradici\u00f3 mil\u00b7len\u00e0ria que, des del primer origen, mant\u00e9 una dualitat de sexes on la relaci\u00f3 del mascul\u00ed amb el femen\u00ed es complementa. Fins i tot la imatge de D\u00e9u \u00e9s constitu\u00efda pels dos parells, considerats complement\u00e0riament. &#8220;Home i dona s\u00f3n essencialment iguals, encara que accidentalment diferents. La difer\u00e8ncia est\u00e0 orientada a la comuni\u00f3 espiritual i a l&#8217;atracci\u00f3 f\u00edsica. S&#8217;assenyala expressament que la dona ha de ser estimada per l&#8217;home. Tot i aix\u00f2, l&#8217;harmonia inicial ha estat trastocada pel pecat original, que, entre altres coses, ha provocat el domini de l&#8217;home sobre la dona. Aquesta viol\u00e8ncia constitueix un c\u00e0stig, que tergiversa completament la manera de viure la diferenciaci\u00f3 sexual, i afecta tamb\u00e9 l&#8217;home. La tradici\u00f3 anuncia tamb\u00e9 un redemptor futur que, com s&#8217;entreveu pel context, resoldr\u00e0 d&#8217;una vegada per sempre la tergiversaci\u00f3 de la diferenciaci\u00f3 sexual. \u00c9s aliena a la genu\u00efna cultura judeo-cristiana la separaci\u00f3 entre g\u00e8nere i sexe, exasperada per idees que s\u00f3n estranyes a la nostra cultura tres vegades mil\u00b7len\u00e0ria&#8221;, va argumentar.<\/p>\n<p>En les seves conclusions, Gironella va apel\u00b7lar al sentit com\u00fa i l&#8217;\u00e9sser natural per sobre de les consideracions socials. &#8220;Estem, com remarca molt la psic\u00f2loga Neri Daurella, davant una ideologia postmodernista on el relat \u00e9s m\u00e9s important que l&#8217;estad\u00edstica, on el discurs condiciona la sent\u00e8ncia d&#8217;un tribunal com el de l&#8217;opini\u00f3 p\u00fablica. La patent desconfian\u00e7a a la ra\u00f3 i a la ci\u00e8ncia construeix una realitat purament discursiva on el que \u00e9s cultural substitueix la natura. I el sexe \u00e9s naturalesa en la seva m\u00e0xima pot\u00e8ncia&#8221;, va concloure.<\/p>\n<p><img loading=\"lazy\" decoding=\"async\" class=\"aligncenter size-full wp-image-141879\" src=\"https:\/\/raed.academy\/wp-content\/uploads\/2023\/12\/debate-Biologia-y-cultura-en-los-movimientos-queer-y-woke-02.webp\" alt=\"\" width=\"1400\" height=\"788\" srcset=\"https:\/\/raed.academy\/wp-content\/uploads\/2023\/12\/debate-Biologia-y-cultura-en-los-movimientos-queer-y-woke-02.webp 1400w, https:\/\/raed.academy\/wp-content\/uploads\/2023\/12\/debate-Biologia-y-cultura-en-los-movimientos-queer-y-woke-02-768x432.webp 768w, https:\/\/raed.academy\/wp-content\/uploads\/2023\/12\/debate-Biologia-y-cultura-en-los-movimientos-queer-y-woke-02-1080x608.webp 1080w\" sizes=\"(max-width: 1400px) 100vw, 1400px\" \/><\/p>\n","protected":false},"excerpt":{"rendered":"<p>La RAED analitza els idearis &#8220;woke&#8221; i &#8220;queer&#8221;, l&#8217;amplitud social dels quals abasta els camps pol\u00edtics i legislatius de l&#8217;\u00faltima d\u00e8cada al m\u00f3n occidental, a la sessi\u00f3 &#8220;Biologia i cultura en els moviments &#8216;queer&#8217; i &#8216;woke'&#8221;<\/p>\n","protected":false},"author":12,"featured_media":141880,"comment_status":"closed","ping_status":"closed","sticky":false,"template":"","format":"standard","meta":{"_et_pb_use_builder":"","_et_pb_old_content":"","_et_gb_content_width":"","footnotes":""},"categories":[247,332,225,496,457,481],"tags":[],"class_list":["post-141919","post","type-post","status-publish","format-standard","has-post-thumbnail","hentry","category-antropologia-ca","category-biologia-ca","category-dret","category-educacio-etica-i-valors-ca","category-sexologia-ca","category-sociologia-ca","et-has-post-format-content","et_post_format-et-post-format-standard"],"yoast_head":"<!-- This site is optimized with the Yoast SEO plugin v27.4 - https:\/\/yoast.com\/product\/yoast-seo-wordpress\/ -->\n<title>Biologia i cultura als moviments &#039;queer&#039; y &#039;woke&#039; - Reial Acad\u00e8mia Europea de Doctors<\/title>\n<meta name=\"description\" content=\"La RAED analitza els idearis &quot;woke&quot; i &quot;queer&quot;, l&#039;amplitud social dels quals abasta els camps pol\u00edtics i legislatius de l&#039;\u00faltima d\u00e8cada al m\u00f3n occidental, a la sessi\u00f3 &quot;Biologia i cultura en els moviments &#039;queer&#039; i &#039;woke&#039;&quot;\" \/>\n<meta name=\"robots\" content=\"index, follow, max-snippet:-1, max-image-preview:large, max-video-preview:-1\" \/>\n<link rel=\"canonical\" href=\"https:\/\/raed.academy\/ca\/biologia-i-cultura-als-moviments-queer-y-woke\/\" \/>\n<meta property=\"og:locale\" content=\"ca_ES\" \/>\n<meta property=\"og:type\" content=\"article\" \/>\n<meta property=\"og:title\" content=\"Biologia i cultura als moviments &#039;queer&#039; y &#039;woke&#039; - Reial Acad\u00e8mia Europea de Doctors\" \/>\n<meta property=\"og:description\" content=\"La RAED analitza els idearis &quot;woke&quot; i &quot;queer&quot;, l&#039;amplitud social dels quals abasta els camps pol\u00edtics i legislatius de l&#039;\u00faltima d\u00e8cada al m\u00f3n occidental, a la sessi\u00f3 &quot;Biologia i cultura en els moviments &#039;queer&#039; i &#039;woke&#039;&quot;\" \/>\n<meta property=\"og:url\" content=\"https:\/\/raed.academy\/ca\/biologia-i-cultura-als-moviments-queer-y-woke\/\" \/>\n<meta property=\"og:site_name\" content=\"Reial Acad\u00e8mia Europea de Doctors\" \/>\n<meta property=\"article:publisher\" content=\"http:\/\/fb.me\/raed.academy\" \/>\n<meta property=\"article:published_time\" content=\"2023-12-10T16:14:17+00:00\" \/>\n<meta property=\"og:image\" content=\"https:\/\/raed.academy\/wp-content\/uploads\/2023\/12\/debate-Biologia-y-cultura-en-los-movimientos-queer-y-woke-02.webp\" \/>\n\t<meta property=\"og:image:width\" content=\"1400\" \/>\n\t<meta property=\"og:image:height\" content=\"788\" \/>\n\t<meta property=\"og:image:type\" content=\"image\/webp\" \/>\n<meta name=\"author\" content=\"RAED\" \/>\n<meta name=\"twitter:card\" content=\"summary_large_image\" \/>\n<meta name=\"twitter:creator\" content=\"@raedacademy\" \/>\n<meta name=\"twitter:site\" content=\"@raedacademy\" \/>\n<meta name=\"twitter:label1\" content=\"Written by\" \/>\n\t<meta name=\"twitter:data1\" content=\"RAED\" \/>\n\t<meta name=\"twitter:label2\" content=\"Est. reading time\" \/>\n\t<meta name=\"twitter:data2\" content=\"6 minutes\" \/>\n<script type=\"application\/ld+json\" class=\"yoast-schema-graph\">{\"@context\":\"https:\\\/\\\/schema.org\",\"@graph\":[{\"@type\":\"Article\",\"@id\":\"https:\\\/\\\/raed.academy\\\/ca\\\/biologia-i-cultura-als-moviments-queer-y-woke\\\/#article\",\"isPartOf\":{\"@id\":\"https:\\\/\\\/raed.academy\\\/ca\\\/biologia-i-cultura-als-moviments-queer-y-woke\\\/\"},\"author\":{\"name\":\"RAED\",\"@id\":\"https:\\\/\\\/raed.academy\\\/ca\\\/#\\\/schema\\\/person\\\/5a755da80d1d979fd66ba745c8702927\"},\"headline\":\"Biologia i cultura als moviments &#8216;queer&#8217; y &#8216;woke&#8217;\",\"datePublished\":\"2023-12-10T16:14:17+00:00\",\"mainEntityOfPage\":{\"@id\":\"https:\\\/\\\/raed.academy\\\/ca\\\/biologia-i-cultura-als-moviments-queer-y-woke\\\/\"},\"wordCount\":1280,\"publisher\":{\"@id\":\"https:\\\/\\\/raed.academy\\\/ca\\\/#organization\"},\"image\":{\"@id\":\"https:\\\/\\\/raed.academy\\\/ca\\\/biologia-i-cultura-als-moviments-queer-y-woke\\\/#primaryimage\"},\"thumbnailUrl\":\"https:\\\/\\\/raed.academy\\\/wp-content\\\/uploads\\\/2023\\\/12\\\/debate-Biologia-y-cultura-en-los-movimientos-queer-y-woke-02.webp\",\"articleSection\":[\"Antropologia\",\"Biologia\",\"Dret\",\"Educaci\u00f3, \u00e8tica i valors\",\"Sexologia\",\"Sociologia\"],\"inLanguage\":\"ca-ES\"},{\"@type\":\"WebPage\",\"@id\":\"https:\\\/\\\/raed.academy\\\/ca\\\/biologia-i-cultura-als-moviments-queer-y-woke\\\/\",\"url\":\"https:\\\/\\\/raed.academy\\\/ca\\\/biologia-i-cultura-als-moviments-queer-y-woke\\\/\",\"name\":\"Biologia i cultura als moviments 'queer' y 'woke' - Reial Acad\u00e8mia Europea de Doctors\",\"isPartOf\":{\"@id\":\"https:\\\/\\\/raed.academy\\\/ca\\\/#website\"},\"primaryImageOfPage\":{\"@id\":\"https:\\\/\\\/raed.academy\\\/ca\\\/biologia-i-cultura-als-moviments-queer-y-woke\\\/#primaryimage\"},\"image\":{\"@id\":\"https:\\\/\\\/raed.academy\\\/ca\\\/biologia-i-cultura-als-moviments-queer-y-woke\\\/#primaryimage\"},\"thumbnailUrl\":\"https:\\\/\\\/raed.academy\\\/wp-content\\\/uploads\\\/2023\\\/12\\\/debate-Biologia-y-cultura-en-los-movimientos-queer-y-woke-02.webp\",\"datePublished\":\"2023-12-10T16:14:17+00:00\",\"description\":\"La RAED analitza els idearis \\\"woke\\\" i \\\"queer\\\", l'amplitud social dels quals abasta els camps pol\u00edtics i legislatius de l'\u00faltima d\u00e8cada al m\u00f3n occidental, a la sessi\u00f3 \\\"Biologia i cultura en els moviments 'queer' i 'woke'\\\"\",\"breadcrumb\":{\"@id\":\"https:\\\/\\\/raed.academy\\\/ca\\\/biologia-i-cultura-als-moviments-queer-y-woke\\\/#breadcrumb\"},\"inLanguage\":\"ca-ES\",\"potentialAction\":[{\"@type\":\"ReadAction\",\"target\":[\"https:\\\/\\\/raed.academy\\\/ca\\\/biologia-i-cultura-als-moviments-queer-y-woke\\\/\"]}]},{\"@type\":\"ImageObject\",\"inLanguage\":\"ca-ES\",\"@id\":\"https:\\\/\\\/raed.academy\\\/ca\\\/biologia-i-cultura-als-moviments-queer-y-woke\\\/#primaryimage\",\"url\":\"https:\\\/\\\/raed.academy\\\/wp-content\\\/uploads\\\/2023\\\/12\\\/debate-Biologia-y-cultura-en-los-movimientos-queer-y-woke-02.webp\",\"contentUrl\":\"https:\\\/\\\/raed.academy\\\/wp-content\\\/uploads\\\/2023\\\/12\\\/debate-Biologia-y-cultura-en-los-movimientos-queer-y-woke-02.webp\",\"width\":1400,\"height\":788},{\"@type\":\"BreadcrumbList\",\"@id\":\"https:\\\/\\\/raed.academy\\\/ca\\\/biologia-i-cultura-als-moviments-queer-y-woke\\\/#breadcrumb\",\"itemListElement\":[{\"@type\":\"ListItem\",\"position\":1,\"name\":\"Inicio\",\"item\":\"https:\\\/\\\/raed.academy\\\/ca\\\/\"},{\"@type\":\"ListItem\",\"position\":2,\"name\":\"Biologia i cultura als moviments &#8216;queer&#8217; y &#8216;woke&#8217;\"}]},{\"@type\":\"WebSite\",\"@id\":\"https:\\\/\\\/raed.academy\\\/ca\\\/#website\",\"url\":\"https:\\\/\\\/raed.academy\\\/ca\\\/\",\"name\":\"Reial Acad\u00e8mia Europea de Doctors\",\"description\":\"Corporaci\u00f3n de derecho p\u00fablico de car\u00e1cter cient\u00edfico, t\u00e9cnico y art\u00edstico, que tiene por objeto la investigaci\u00f3n, el estudio, el fomento y la extensi\u00f3n del conocimiento en su sentido m\u00e1s amplio\",\"publisher\":{\"@id\":\"https:\\\/\\\/raed.academy\\\/ca\\\/#organization\"},\"potentialAction\":[{\"@type\":\"SearchAction\",\"target\":{\"@type\":\"EntryPoint\",\"urlTemplate\":\"https:\\\/\\\/raed.academy\\\/ca\\\/?s={search_term_string}\"},\"query-input\":{\"@type\":\"PropertyValueSpecification\",\"valueRequired\":true,\"valueName\":\"search_term_string\"}}],\"inLanguage\":\"ca-ES\"},{\"@type\":\"Organization\",\"@id\":\"https:\\\/\\\/raed.academy\\\/ca\\\/#organization\",\"name\":\"Real Academia Europea de Doctores\",\"url\":\"https:\\\/\\\/raed.academy\\\/ca\\\/\",\"logo\":{\"@type\":\"ImageObject\",\"inLanguage\":\"ca-ES\",\"@id\":\"https:\\\/\\\/raed.academy\\\/ca\\\/#\\\/schema\\\/logo\\\/image\\\/\",\"url\":\"https:\\\/\\\/raed.academy\\\/wp-content\\\/uploads\\\/2017\\\/01\\\/cropped-logo_raed.png\",\"contentUrl\":\"https:\\\/\\\/raed.academy\\\/wp-content\\\/uploads\\\/2017\\\/01\\\/cropped-logo_raed.png\",\"width\":512,\"height\":512,\"caption\":\"Real Academia Europea de Doctores\"},\"image\":{\"@id\":\"https:\\\/\\\/raed.academy\\\/ca\\\/#\\\/schema\\\/logo\\\/image\\\/\"},\"sameAs\":[\"http:\\\/\\\/fb.me\\\/raed.academy\",\"https:\\\/\\\/x.com\\\/raedacademy\",\"https:\\\/\\\/www.instagram.com\\\/raed.academy\\\/\",\"https:\\\/\\\/www.youtube.com\\\/channel\\\/UCUYQwW2KrdirNWihxMDObwg\"]},{\"@type\":\"Person\",\"@id\":\"https:\\\/\\\/raed.academy\\\/ca\\\/#\\\/schema\\\/person\\\/5a755da80d1d979fd66ba745c8702927\",\"name\":\"RAED\",\"image\":{\"@type\":\"ImageObject\",\"inLanguage\":\"ca-ES\",\"@id\":\"https:\\\/\\\/secure.gravatar.com\\\/avatar\\\/19fdfdc0d67fb9c45714b703a2ac82251c4fcea3637f002ac3c9b74c0183583c?s=96&d=mm&r=g\",\"url\":\"https:\\\/\\\/secure.gravatar.com\\\/avatar\\\/19fdfdc0d67fb9c45714b703a2ac82251c4fcea3637f002ac3c9b74c0183583c?s=96&d=mm&r=g\",\"contentUrl\":\"https:\\\/\\\/secure.gravatar.com\\\/avatar\\\/19fdfdc0d67fb9c45714b703a2ac82251c4fcea3637f002ac3c9b74c0183583c?s=96&d=mm&r=g\",\"caption\":\"RAED\"}}]}<\/script>\n<!-- \/ Yoast SEO plugin. -->","yoast_head_json":{"title":"Biologia i cultura als moviments 'queer' y 'woke' - Reial Acad\u00e8mia Europea de Doctors","description":"La RAED analitza els idearis \"woke\" i \"queer\", l'amplitud social dels quals abasta els camps pol\u00edtics i legislatius de l'\u00faltima d\u00e8cada al m\u00f3n occidental, a la sessi\u00f3 \"Biologia i cultura en els moviments 'queer' i 'woke'\"","robots":{"index":"index","follow":"follow","max-snippet":"max-snippet:-1","max-image-preview":"max-image-preview:large","max-video-preview":"max-video-preview:-1"},"canonical":"https:\/\/raed.academy\/ca\/biologia-i-cultura-als-moviments-queer-y-woke\/","og_locale":"ca_ES","og_type":"article","og_title":"Biologia i cultura als moviments 'queer' y 'woke' - Reial Acad\u00e8mia Europea de Doctors","og_description":"La RAED analitza els idearis \"woke\" i \"queer\", l'amplitud social dels quals abasta els camps pol\u00edtics i legislatius de l'\u00faltima d\u00e8cada al m\u00f3n occidental, a la sessi\u00f3 \"Biologia i cultura en els moviments 'queer' i 'woke'\"","og_url":"https:\/\/raed.academy\/ca\/biologia-i-cultura-als-moviments-queer-y-woke\/","og_site_name":"Reial Acad\u00e8mia Europea de Doctors","article_publisher":"http:\/\/fb.me\/raed.academy","article_published_time":"2023-12-10T16:14:17+00:00","og_image":[{"width":1400,"height":788,"url":"https:\/\/raed.academy\/wp-content\/uploads\/2023\/12\/debate-Biologia-y-cultura-en-los-movimientos-queer-y-woke-02.webp","type":"image\/webp"}],"author":"RAED","twitter_card":"summary_large_image","twitter_creator":"@raedacademy","twitter_site":"@raedacademy","twitter_misc":{"Written by":"RAED","Est. reading time":"6 minutes"},"schema":{"@context":"https:\/\/schema.org","@graph":[{"@type":"Article","@id":"https:\/\/raed.academy\/ca\/biologia-i-cultura-als-moviments-queer-y-woke\/#article","isPartOf":{"@id":"https:\/\/raed.academy\/ca\/biologia-i-cultura-als-moviments-queer-y-woke\/"},"author":{"name":"RAED","@id":"https:\/\/raed.academy\/ca\/#\/schema\/person\/5a755da80d1d979fd66ba745c8702927"},"headline":"Biologia i cultura als moviments &#8216;queer&#8217; y &#8216;woke&#8217;","datePublished":"2023-12-10T16:14:17+00:00","mainEntityOfPage":{"@id":"https:\/\/raed.academy\/ca\/biologia-i-cultura-als-moviments-queer-y-woke\/"},"wordCount":1280,"publisher":{"@id":"https:\/\/raed.academy\/ca\/#organization"},"image":{"@id":"https:\/\/raed.academy\/ca\/biologia-i-cultura-als-moviments-queer-y-woke\/#primaryimage"},"thumbnailUrl":"https:\/\/raed.academy\/wp-content\/uploads\/2023\/12\/debate-Biologia-y-cultura-en-los-movimientos-queer-y-woke-02.webp","articleSection":["Antropologia","Biologia","Dret","Educaci\u00f3, \u00e8tica i valors","Sexologia","Sociologia"],"inLanguage":"ca-ES"},{"@type":"WebPage","@id":"https:\/\/raed.academy\/ca\/biologia-i-cultura-als-moviments-queer-y-woke\/","url":"https:\/\/raed.academy\/ca\/biologia-i-cultura-als-moviments-queer-y-woke\/","name":"Biologia i cultura als moviments 'queer' y 'woke' - Reial Acad\u00e8mia Europea de Doctors","isPartOf":{"@id":"https:\/\/raed.academy\/ca\/#website"},"primaryImageOfPage":{"@id":"https:\/\/raed.academy\/ca\/biologia-i-cultura-als-moviments-queer-y-woke\/#primaryimage"},"image":{"@id":"https:\/\/raed.academy\/ca\/biologia-i-cultura-als-moviments-queer-y-woke\/#primaryimage"},"thumbnailUrl":"https:\/\/raed.academy\/wp-content\/uploads\/2023\/12\/debate-Biologia-y-cultura-en-los-movimientos-queer-y-woke-02.webp","datePublished":"2023-12-10T16:14:17+00:00","description":"La RAED analitza els idearis \"woke\" i \"queer\", l'amplitud social dels quals abasta els camps pol\u00edtics i legislatius de l'\u00faltima d\u00e8cada al m\u00f3n occidental, a la sessi\u00f3 \"Biologia i cultura en els moviments 'queer' i 'woke'\"","breadcrumb":{"@id":"https:\/\/raed.academy\/ca\/biologia-i-cultura-als-moviments-queer-y-woke\/#breadcrumb"},"inLanguage":"ca-ES","potentialAction":[{"@type":"ReadAction","target":["https:\/\/raed.academy\/ca\/biologia-i-cultura-als-moviments-queer-y-woke\/"]}]},{"@type":"ImageObject","inLanguage":"ca-ES","@id":"https:\/\/raed.academy\/ca\/biologia-i-cultura-als-moviments-queer-y-woke\/#primaryimage","url":"https:\/\/raed.academy\/wp-content\/uploads\/2023\/12\/debate-Biologia-y-cultura-en-los-movimientos-queer-y-woke-02.webp","contentUrl":"https:\/\/raed.academy\/wp-content\/uploads\/2023\/12\/debate-Biologia-y-cultura-en-los-movimientos-queer-y-woke-02.webp","width":1400,"height":788},{"@type":"BreadcrumbList","@id":"https:\/\/raed.academy\/ca\/biologia-i-cultura-als-moviments-queer-y-woke\/#breadcrumb","itemListElement":[{"@type":"ListItem","position":1,"name":"Inicio","item":"https:\/\/raed.academy\/ca\/"},{"@type":"ListItem","position":2,"name":"Biologia i cultura als moviments &#8216;queer&#8217; y &#8216;woke&#8217;"}]},{"@type":"WebSite","@id":"https:\/\/raed.academy\/ca\/#website","url":"https:\/\/raed.academy\/ca\/","name":"Reial Acad\u00e8mia Europea de Doctors","description":"Corporaci\u00f3n de derecho p\u00fablico de car\u00e1cter cient\u00edfico, t\u00e9cnico y art\u00edstico, que tiene por objeto la investigaci\u00f3n, el estudio, el fomento y la extensi\u00f3n del conocimiento en su sentido m\u00e1s amplio","publisher":{"@id":"https:\/\/raed.academy\/ca\/#organization"},"potentialAction":[{"@type":"SearchAction","target":{"@type":"EntryPoint","urlTemplate":"https:\/\/raed.academy\/ca\/?s={search_term_string}"},"query-input":{"@type":"PropertyValueSpecification","valueRequired":true,"valueName":"search_term_string"}}],"inLanguage":"ca-ES"},{"@type":"Organization","@id":"https:\/\/raed.academy\/ca\/#organization","name":"Real Academia Europea de Doctores","url":"https:\/\/raed.academy\/ca\/","logo":{"@type":"ImageObject","inLanguage":"ca-ES","@id":"https:\/\/raed.academy\/ca\/#\/schema\/logo\/image\/","url":"https:\/\/raed.academy\/wp-content\/uploads\/2017\/01\/cropped-logo_raed.png","contentUrl":"https:\/\/raed.academy\/wp-content\/uploads\/2017\/01\/cropped-logo_raed.png","width":512,"height":512,"caption":"Real Academia Europea de Doctores"},"image":{"@id":"https:\/\/raed.academy\/ca\/#\/schema\/logo\/image\/"},"sameAs":["http:\/\/fb.me\/raed.academy","https:\/\/x.com\/raedacademy","https:\/\/www.instagram.com\/raed.academy\/","https:\/\/www.youtube.com\/channel\/UCUYQwW2KrdirNWihxMDObwg"]},{"@type":"Person","@id":"https:\/\/raed.academy\/ca\/#\/schema\/person\/5a755da80d1d979fd66ba745c8702927","name":"RAED","image":{"@type":"ImageObject","inLanguage":"ca-ES","@id":"https:\/\/secure.gravatar.com\/avatar\/19fdfdc0d67fb9c45714b703a2ac82251c4fcea3637f002ac3c9b74c0183583c?s=96&d=mm&r=g","url":"https:\/\/secure.gravatar.com\/avatar\/19fdfdc0d67fb9c45714b703a2ac82251c4fcea3637f002ac3c9b74c0183583c?s=96&d=mm&r=g","contentUrl":"https:\/\/secure.gravatar.com\/avatar\/19fdfdc0d67fb9c45714b703a2ac82251c4fcea3637f002ac3c9b74c0183583c?s=96&d=mm&r=g","caption":"RAED"}}]}},"_links":{"self":[{"href":"https:\/\/raed.academy\/ca\/wp-json\/wp\/v2\/posts\/141919","targetHints":{"allow":["GET"]}}],"collection":[{"href":"https:\/\/raed.academy\/ca\/wp-json\/wp\/v2\/posts"}],"about":[{"href":"https:\/\/raed.academy\/ca\/wp-json\/wp\/v2\/types\/post"}],"author":[{"embeddable":true,"href":"https:\/\/raed.academy\/ca\/wp-json\/wp\/v2\/users\/12"}],"replies":[{"embeddable":true,"href":"https:\/\/raed.academy\/ca\/wp-json\/wp\/v2\/comments?post=141919"}],"version-history":[{"count":0,"href":"https:\/\/raed.academy\/ca\/wp-json\/wp\/v2\/posts\/141919\/revisions"}],"wp:featuredmedia":[{"embeddable":true,"href":"https:\/\/raed.academy\/ca\/wp-json\/wp\/v2\/media\/141880"}],"wp:attachment":[{"href":"https:\/\/raed.academy\/ca\/wp-json\/wp\/v2\/media?parent=141919"}],"wp:term":[{"taxonomy":"category","embeddable":true,"href":"https:\/\/raed.academy\/ca\/wp-json\/wp\/v2\/categories?post=141919"},{"taxonomy":"post_tag","embeddable":true,"href":"https:\/\/raed.academy\/ca\/wp-json\/wp\/v2\/tags?post=141919"}],"curies":[{"name":"wp","href":"https:\/\/api.w.org\/{rel}","templated":true}]}}