{"id":140893,"date":"2023-11-16T18:08:56","date_gmt":"2023-11-16T18:08:56","guid":{"rendered":"https:\/\/raed.academy\/?p=140893"},"modified":"2023-11-16T18:08:56","modified_gmt":"2023-11-16T18:08:56","slug":"la-dieta-mediterrania-i-la-nova-dieta-nordica","status":"publish","type":"post","link":"https:\/\/raed.academy\/ca\/la-dieta-mediterrania-i-la-nova-dieta-nordica\/","title":{"rendered":"La dieta mediterr\u00e0nia i la nova dieta n\u00f2rdica"},"content":{"rendered":"<div id=\"attachment_83589\" style=\"width: 360px\" class=\"wp-caption alignright\"><img loading=\"lazy\" decoding=\"async\" aria-describedby=\"caption-attachment-83589\" class=\"wp-image-83589\" src=\"https:\/\/raed.academy\/wp-content\/uploads\/2019\/11\/Gregorio-Varela-Moreiras.jpg\" alt=\"Gregorio Varela Moreiras\" width=\"350\" height=\"233\" \/><p id=\"caption-attachment-83589\" class=\"wp-caption-text\">Dr. Gregorio Varela Moreiras<\/p><\/div>\n<p><a href=\"https:\/\/raed.academy\/ca\/academics\/dr-gregorio-varela-moreiras\/\" target=\"_blank\" rel=\"noopener\"><em><strong>Gregorio Varela<\/strong><\/em><\/a>, catedr\u00e0tic de Nutrici\u00f3 i Bromatologia de la <strong>Universitat CEU-San Pablo<\/strong>, president de la\u00a0<strong>Fundaci\u00f3 Espanyola de la Nutrici\u00f3<\/strong> i de la <strong>Federaci\u00f3 Espanyola de Societats de Nutrici\u00f3, Alimentaci\u00f3 i Diet\u00e8tica<\/strong> i acad\u00e8mic de n\u00famero de la <strong>Reial Acad\u00e8mia Europea de Doctors-Barcelona 1914<\/strong> (RAED), forma part del <strong>Consell Assessor Honorari<\/strong> de la <strong>Confer\u00e8ncia de Gastronomia d&#8217;Estocolm<\/strong>, que se celebrar\u00e0 entre els propers 23 i 26 de novembre a la <strong>Universitat d&#8217;Estocolm<\/strong>, dins del marc dels actes organitzats amb motiu de l&#8217;elecci\u00f3 d&#8217;Estocolm com a <strong>Capital Europea de la Gastronomia<\/strong> de 2023.<\/p>\n<p>L&#8217;acad\u00e8mic lidera, aix\u00ed mateix, el panell <strong>&#8220;La gastronomia al territori i la cultura&#8221;<\/strong>, que es focalitzar\u00e0 en la dieta mediterr\u00e0nia i el seu reconeixement per part de la <strong>Unesco<\/strong> com a <strong>Patrimoni Cultural Immaterial de la Humanitat<\/strong>. &#8220;La dieta mediterr\u00e0nia \u00e9s una filosofia de vida basada en una forma d&#8217;alimentar-nos, de cuinar els aliments, de compartir-los, de gaudir de l&#8217;entorn i el paisatge propis, de viure i relacionar-nos amb l&#8217;entorn, de generar art i cultura, hist\u00f2ria i tradici\u00f3. La dieta mediterr\u00e0nia tradicional es va definir originalment com una dieta amb un alt consum de cereals integrals, llegums, verdures, fruites, fruita seca i oli d&#8217;oliva, un consum baix o moderat de productes lactis i un baix consum de carns i aus&#8221;, assenyala el mateix Varela a la presentaci\u00f3 de la taula.<\/p>\n<p>El panell tamb\u00e9 analitzar\u00e0 la denominada nova dieta n\u00f2rdica, una dieta relativament nova constru\u00efda amb un fort ancoratge a les tradicions aliment\u00e0ries n\u00f2rdiques per contribuir positivament tant a la salut com al medi ambient. Va ser llan\u00e7ada l&#8217;any 2004 per xefs de la regi\u00f3 per redescobrir els productes locals i compr\u00e8n aliments obtinguts tradicionalment als pa\u00efsos n\u00f2rdics. La posada en valor de les tradicions aliment\u00e0ries nacionals a cadascun d&#8217;aquests pa\u00efsos va ajudar a una apropiaci\u00f3 cultural aix\u00ed com a augmentar el nombre d&#8217;adaptacions i variants gastron\u00f2miques sense hist\u00f2ria pr\u00e8via a l&#8217;\u00e0mbit culinari.<\/p>\n<p><img loading=\"lazy\" decoding=\"async\" class=\"alignleft wp-image-140729 \" src=\"https:\/\/raed.academy\/wp-content\/uploads\/2023\/11\/alimentos-comida-dieta-nordica-saludable.webp\" alt=\"\" width=\"570\" height=\"342\" srcset=\"https:\/\/raed.academy\/wp-content\/uploads\/2023\/11\/alimentos-comida-dieta-nordica-saludable.webp 600w, https:\/\/raed.academy\/wp-content\/uploads\/2023\/11\/alimentos-comida-dieta-nordica-saludable-440x264.webp 440w\" sizes=\"(max-width: 570px) 100vw, 570px\" \/>&#8220;L&#8217;alimentaci\u00f3 de cada societat, fins fa relativament poc, es basava en pautes diet\u00e8tiques heretades que es transmetien de generaci\u00f3 en generaci\u00f3, cosa que coneixem com a tradicions diet\u00e8tiques i culin\u00e0ries, h\u00e0bits alimentaris basats en productes de l&#8217;entorn i de temporada, utilitzant un savi combinaci\u00f3 d&#8217;aliments, que no podien dispensar-se sense tenir un impacte directe en la salut, i per aix\u00f2 aquests conceptes van ser transmesos i adquirits a la fam\u00edlia&#8221;, assenyala Varela. La industrialitzaci\u00f3 i la globalitzaci\u00f3, els sistemes de transport i conservaci\u00f3 dels aliments i els nous models de vida han generat una ruptura de les tradicions aliment\u00e0ries i d&#8217;aquests llegats que ara els experts del sector intenten revertir.<\/p>\n<p>&#8220;Ens trobem en un estat de transici\u00f3 nutricional i gastron\u00f2mica, molt sovint associat a la desorientaci\u00f3, a la manca de pautes en qu\u00e8 basar l&#8217;organitzaci\u00f3 del menjar diari, de vegades pel subministrament gaireb\u00e9 interminable d&#8217;aliments i begudes, que est\u00e0 fent que el coneixement cient\u00edfic de qu\u00e8 mengem i bevem \u00e9s cada cop m\u00e9s complex, per\u00f2 tamb\u00e9 per no prioritzar l&#8217;alimentaci\u00f3 i per l&#8217;exc\u00e9s d&#8217;errors i mites al seu voltant. En conseq\u00fc\u00e8ncia, sembla necessari reflexionar sobre si cal redissenyar la dieta mediterr\u00e0nia tradicional seguint l&#8217;exemple de la nova dieta n\u00f2rdica&#8221;, convida Varela a la reflexi\u00f3 dels experts.<\/p>\n<p>Varela ja va liderar el 8 de juny passat la celebraci\u00f3 del <strong>Dia Nacional de la Nutrici\u00f3<\/strong>, l&#8217;acte central del qual es va celebrar al Sal\u00f3 d&#8217;Actes del <strong>Ministeri d&#8217;Agricultura, Pesca i Alimentaci\u00f3<\/strong> sota el lema <strong>&#8220;Nutrici\u00f3n y gastronom\u00eda: una alianza de \u00e9xito&#8221;<\/strong> i la organitzaci\u00f3 de la <strong>Federaci\u00f3 de Societats de Nutrici\u00f3, Alimentaci\u00f3 i Diet\u00e8tica<\/strong>. Aix\u00ed mateix, \u00e9s autor de l&#8217;informe <strong>&#8220;Alimentaci\u00f3n en la sociedad del siglo XXI post pandemia: decisi\u00f3n alimentaria (2022)&#8221;<\/strong>, editat per la <strong>Fundaci\u00f3 Mapfre<\/strong> i l&#8217;<strong>Institut Universitari Alimentaci\u00f3 i Societat<\/strong> de la Universitat CEU-San Pablo.<\/p>\n","protected":false},"excerpt":{"rendered":"<p>Gregorio Varela forma part del Consell Assessor Honorari de la Confer\u00e8ncia de Gastronomia d&#8217;Estocolm, que se celebrar\u00e0 entre els propers 23 i 26 de novembre a la Universitat d&#8217;Estocolm<\/p>\n","protected":false},"author":12,"featured_media":140730,"comment_status":"closed","ping_status":"closed","sticky":false,"template":"","format":"standard","meta":{"_et_pb_use_builder":"","_et_pb_old_content":"","_et_gb_content_width":"","footnotes":""},"categories":[237,455,347,213],"tags":[],"class_list":["post-140893","post","type-post","status-publish","format-standard","has-post-thumbnail","hentry","category-alimentacio-i-nutricio","category-ciencies-de-la-salut","category-gastronomia-ca","category-medicina-i-cirurgia","et-has-post-format-content","et_post_format-et-post-format-standard"],"yoast_head":"<!-- This site is optimized with the Yoast SEO plugin v27.4 - https:\/\/yoast.com\/product\/yoast-seo-wordpress\/ -->\n<title>La dieta mediterr\u00e0nia i la nova dieta n\u00f2rdica - Reial Acad\u00e8mia Europea de Doctors<\/title>\n<meta name=\"description\" content=\"Gregorio Varela forma part del Consell Assessor Honorari de la Confer\u00e8ncia de Gastronomia d&#039;Estocolm\" \/>\n<meta name=\"robots\" content=\"index, follow, max-snippet:-1, max-image-preview:large, max-video-preview:-1\" \/>\n<link rel=\"canonical\" href=\"https:\/\/raed.academy\/ca\/la-dieta-mediterrania-i-la-nova-dieta-nordica\/\" \/>\n<meta property=\"og:locale\" content=\"ca_ES\" \/>\n<meta property=\"og:type\" content=\"article\" \/>\n<meta property=\"og:title\" content=\"La dieta mediterr\u00e0nia i la nova dieta n\u00f2rdica - Reial Acad\u00e8mia Europea de Doctors\" \/>\n<meta property=\"og:description\" content=\"Gregorio Varela forma part del Consell Assessor Honorari de la Confer\u00e8ncia de Gastronomia d&#039;Estocolm\" \/>\n<meta property=\"og:url\" content=\"https:\/\/raed.academy\/ca\/la-dieta-mediterrania-i-la-nova-dieta-nordica\/\" \/>\n<meta property=\"og:site_name\" content=\"Reial Acad\u00e8mia Europea de Doctors\" \/>\n<meta property=\"article:publisher\" content=\"http:\/\/fb.me\/raed.academy\" \/>\n<meta property=\"article:published_time\" content=\"2023-11-16T18:08:56+00:00\" \/>\n<meta property=\"og:image\" content=\"https:\/\/raed.academy\/wp-content\/uploads\/2023\/11\/alimentos-comida-dieta-nordica-saludable.webp\" \/>\n\t<meta property=\"og:image:width\" content=\"600\" \/>\n\t<meta property=\"og:image:height\" content=\"360\" \/>\n\t<meta property=\"og:image:type\" content=\"image\/webp\" \/>\n<meta name=\"author\" content=\"RAED\" \/>\n<meta name=\"twitter:card\" content=\"summary_large_image\" \/>\n<meta name=\"twitter:creator\" content=\"@raedacademy\" \/>\n<meta name=\"twitter:site\" content=\"@raedacademy\" \/>\n<meta name=\"twitter:label1\" content=\"Written by\" \/>\n\t<meta name=\"twitter:data1\" content=\"RAED\" \/>\n\t<meta name=\"twitter:label2\" content=\"Est. reading time\" \/>\n\t<meta name=\"twitter:data2\" content=\"4 minutes\" \/>\n<script type=\"application\/ld+json\" class=\"yoast-schema-graph\">{\"@context\":\"https:\\\/\\\/schema.org\",\"@graph\":[{\"@type\":\"Article\",\"@id\":\"https:\\\/\\\/raed.academy\\\/ca\\\/la-dieta-mediterrania-i-la-nova-dieta-nordica\\\/#article\",\"isPartOf\":{\"@id\":\"https:\\\/\\\/raed.academy\\\/ca\\\/la-dieta-mediterrania-i-la-nova-dieta-nordica\\\/\"},\"author\":{\"name\":\"RAED\",\"@id\":\"https:\\\/\\\/raed.academy\\\/ca\\\/#\\\/schema\\\/person\\\/5a755da80d1d979fd66ba745c8702927\"},\"headline\":\"La dieta mediterr\u00e0nia i la nova dieta n\u00f2rdica\",\"datePublished\":\"2023-11-16T18:08:56+00:00\",\"mainEntityOfPage\":{\"@id\":\"https:\\\/\\\/raed.academy\\\/ca\\\/la-dieta-mediterrania-i-la-nova-dieta-nordica\\\/\"},\"wordCount\":694,\"publisher\":{\"@id\":\"https:\\\/\\\/raed.academy\\\/ca\\\/#organization\"},\"image\":{\"@id\":\"https:\\\/\\\/raed.academy\\\/ca\\\/la-dieta-mediterrania-i-la-nova-dieta-nordica\\\/#primaryimage\"},\"thumbnailUrl\":\"https:\\\/\\\/raed.academy\\\/wp-content\\\/uploads\\\/2023\\\/11\\\/alimentos-comida-dieta-nordica-saludable.webp\",\"articleSection\":[\"Alimentaci\u00f3 i nutrici\u00f3\",\"Ci\u00e8ncies de la salut\",\"Gastronomia\",\"Medicina i cirurgia\"],\"inLanguage\":\"ca-ES\"},{\"@type\":\"WebPage\",\"@id\":\"https:\\\/\\\/raed.academy\\\/ca\\\/la-dieta-mediterrania-i-la-nova-dieta-nordica\\\/\",\"url\":\"https:\\\/\\\/raed.academy\\\/ca\\\/la-dieta-mediterrania-i-la-nova-dieta-nordica\\\/\",\"name\":\"La dieta mediterr\u00e0nia i la nova dieta n\u00f2rdica - Reial Acad\u00e8mia Europea de Doctors\",\"isPartOf\":{\"@id\":\"https:\\\/\\\/raed.academy\\\/ca\\\/#website\"},\"primaryImageOfPage\":{\"@id\":\"https:\\\/\\\/raed.academy\\\/ca\\\/la-dieta-mediterrania-i-la-nova-dieta-nordica\\\/#primaryimage\"},\"image\":{\"@id\":\"https:\\\/\\\/raed.academy\\\/ca\\\/la-dieta-mediterrania-i-la-nova-dieta-nordica\\\/#primaryimage\"},\"thumbnailUrl\":\"https:\\\/\\\/raed.academy\\\/wp-content\\\/uploads\\\/2023\\\/11\\\/alimentos-comida-dieta-nordica-saludable.webp\",\"datePublished\":\"2023-11-16T18:08:56+00:00\",\"description\":\"Gregorio Varela forma part del Consell Assessor Honorari de la Confer\u00e8ncia de Gastronomia d'Estocolm\",\"breadcrumb\":{\"@id\":\"https:\\\/\\\/raed.academy\\\/ca\\\/la-dieta-mediterrania-i-la-nova-dieta-nordica\\\/#breadcrumb\"},\"inLanguage\":\"ca-ES\",\"potentialAction\":[{\"@type\":\"ReadAction\",\"target\":[\"https:\\\/\\\/raed.academy\\\/ca\\\/la-dieta-mediterrania-i-la-nova-dieta-nordica\\\/\"]}]},{\"@type\":\"ImageObject\",\"inLanguage\":\"ca-ES\",\"@id\":\"https:\\\/\\\/raed.academy\\\/ca\\\/la-dieta-mediterrania-i-la-nova-dieta-nordica\\\/#primaryimage\",\"url\":\"https:\\\/\\\/raed.academy\\\/wp-content\\\/uploads\\\/2023\\\/11\\\/alimentos-comida-dieta-nordica-saludable.webp\",\"contentUrl\":\"https:\\\/\\\/raed.academy\\\/wp-content\\\/uploads\\\/2023\\\/11\\\/alimentos-comida-dieta-nordica-saludable.webp\",\"width\":600,\"height\":360},{\"@type\":\"BreadcrumbList\",\"@id\":\"https:\\\/\\\/raed.academy\\\/ca\\\/la-dieta-mediterrania-i-la-nova-dieta-nordica\\\/#breadcrumb\",\"itemListElement\":[{\"@type\":\"ListItem\",\"position\":1,\"name\":\"Inicio\",\"item\":\"https:\\\/\\\/raed.academy\\\/ca\\\/\"},{\"@type\":\"ListItem\",\"position\":2,\"name\":\"La dieta mediterr\u00e0nia i la nova dieta n\u00f2rdica\"}]},{\"@type\":\"WebSite\",\"@id\":\"https:\\\/\\\/raed.academy\\\/ca\\\/#website\",\"url\":\"https:\\\/\\\/raed.academy\\\/ca\\\/\",\"name\":\"Reial Acad\u00e8mia Europea de Doctors\",\"description\":\"Corporaci\u00f3n de derecho p\u00fablico de car\u00e1cter cient\u00edfico, t\u00e9cnico y art\u00edstico, que tiene por objeto la investigaci\u00f3n, el estudio, el fomento y la extensi\u00f3n del conocimiento en su sentido m\u00e1s amplio\",\"publisher\":{\"@id\":\"https:\\\/\\\/raed.academy\\\/ca\\\/#organization\"},\"potentialAction\":[{\"@type\":\"SearchAction\",\"target\":{\"@type\":\"EntryPoint\",\"urlTemplate\":\"https:\\\/\\\/raed.academy\\\/ca\\\/?s={search_term_string}\"},\"query-input\":{\"@type\":\"PropertyValueSpecification\",\"valueRequired\":true,\"valueName\":\"search_term_string\"}}],\"inLanguage\":\"ca-ES\"},{\"@type\":\"Organization\",\"@id\":\"https:\\\/\\\/raed.academy\\\/ca\\\/#organization\",\"name\":\"Real Academia Europea de Doctores\",\"url\":\"https:\\\/\\\/raed.academy\\\/ca\\\/\",\"logo\":{\"@type\":\"ImageObject\",\"inLanguage\":\"ca-ES\",\"@id\":\"https:\\\/\\\/raed.academy\\\/ca\\\/#\\\/schema\\\/logo\\\/image\\\/\",\"url\":\"https:\\\/\\\/raed.academy\\\/wp-content\\\/uploads\\\/2017\\\/01\\\/cropped-logo_raed.png\",\"contentUrl\":\"https:\\\/\\\/raed.academy\\\/wp-content\\\/uploads\\\/2017\\\/01\\\/cropped-logo_raed.png\",\"width\":512,\"height\":512,\"caption\":\"Real Academia Europea de Doctores\"},\"image\":{\"@id\":\"https:\\\/\\\/raed.academy\\\/ca\\\/#\\\/schema\\\/logo\\\/image\\\/\"},\"sameAs\":[\"http:\\\/\\\/fb.me\\\/raed.academy\",\"https:\\\/\\\/x.com\\\/raedacademy\",\"https:\\\/\\\/www.instagram.com\\\/raed.academy\\\/\",\"https:\\\/\\\/www.youtube.com\\\/channel\\\/UCUYQwW2KrdirNWihxMDObwg\"]},{\"@type\":\"Person\",\"@id\":\"https:\\\/\\\/raed.academy\\\/ca\\\/#\\\/schema\\\/person\\\/5a755da80d1d979fd66ba745c8702927\",\"name\":\"RAED\",\"image\":{\"@type\":\"ImageObject\",\"inLanguage\":\"ca-ES\",\"@id\":\"https:\\\/\\\/secure.gravatar.com\\\/avatar\\\/19fdfdc0d67fb9c45714b703a2ac82251c4fcea3637f002ac3c9b74c0183583c?s=96&d=mm&r=g\",\"url\":\"https:\\\/\\\/secure.gravatar.com\\\/avatar\\\/19fdfdc0d67fb9c45714b703a2ac82251c4fcea3637f002ac3c9b74c0183583c?s=96&d=mm&r=g\",\"contentUrl\":\"https:\\\/\\\/secure.gravatar.com\\\/avatar\\\/19fdfdc0d67fb9c45714b703a2ac82251c4fcea3637f002ac3c9b74c0183583c?s=96&d=mm&r=g\",\"caption\":\"RAED\"}}]}<\/script>\n<!-- \/ Yoast SEO plugin. -->","yoast_head_json":{"title":"La dieta mediterr\u00e0nia i la nova dieta n\u00f2rdica - Reial Acad\u00e8mia Europea de Doctors","description":"Gregorio Varela forma part del Consell Assessor Honorari de la Confer\u00e8ncia de Gastronomia d'Estocolm","robots":{"index":"index","follow":"follow","max-snippet":"max-snippet:-1","max-image-preview":"max-image-preview:large","max-video-preview":"max-video-preview:-1"},"canonical":"https:\/\/raed.academy\/ca\/la-dieta-mediterrania-i-la-nova-dieta-nordica\/","og_locale":"ca_ES","og_type":"article","og_title":"La dieta mediterr\u00e0nia i la nova dieta n\u00f2rdica - Reial Acad\u00e8mia Europea de Doctors","og_description":"Gregorio Varela forma part del Consell Assessor Honorari de la Confer\u00e8ncia de Gastronomia d'Estocolm","og_url":"https:\/\/raed.academy\/ca\/la-dieta-mediterrania-i-la-nova-dieta-nordica\/","og_site_name":"Reial Acad\u00e8mia Europea de Doctors","article_publisher":"http:\/\/fb.me\/raed.academy","article_published_time":"2023-11-16T18:08:56+00:00","og_image":[{"width":600,"height":360,"url":"https:\/\/raed.academy\/wp-content\/uploads\/2023\/11\/alimentos-comida-dieta-nordica-saludable.webp","type":"image\/webp"}],"author":"RAED","twitter_card":"summary_large_image","twitter_creator":"@raedacademy","twitter_site":"@raedacademy","twitter_misc":{"Written by":"RAED","Est. reading time":"4 minutes"},"schema":{"@context":"https:\/\/schema.org","@graph":[{"@type":"Article","@id":"https:\/\/raed.academy\/ca\/la-dieta-mediterrania-i-la-nova-dieta-nordica\/#article","isPartOf":{"@id":"https:\/\/raed.academy\/ca\/la-dieta-mediterrania-i-la-nova-dieta-nordica\/"},"author":{"name":"RAED","@id":"https:\/\/raed.academy\/ca\/#\/schema\/person\/5a755da80d1d979fd66ba745c8702927"},"headline":"La dieta mediterr\u00e0nia i la nova dieta n\u00f2rdica","datePublished":"2023-11-16T18:08:56+00:00","mainEntityOfPage":{"@id":"https:\/\/raed.academy\/ca\/la-dieta-mediterrania-i-la-nova-dieta-nordica\/"},"wordCount":694,"publisher":{"@id":"https:\/\/raed.academy\/ca\/#organization"},"image":{"@id":"https:\/\/raed.academy\/ca\/la-dieta-mediterrania-i-la-nova-dieta-nordica\/#primaryimage"},"thumbnailUrl":"https:\/\/raed.academy\/wp-content\/uploads\/2023\/11\/alimentos-comida-dieta-nordica-saludable.webp","articleSection":["Alimentaci\u00f3 i nutrici\u00f3","Ci\u00e8ncies de la salut","Gastronomia","Medicina i cirurgia"],"inLanguage":"ca-ES"},{"@type":"WebPage","@id":"https:\/\/raed.academy\/ca\/la-dieta-mediterrania-i-la-nova-dieta-nordica\/","url":"https:\/\/raed.academy\/ca\/la-dieta-mediterrania-i-la-nova-dieta-nordica\/","name":"La dieta mediterr\u00e0nia i la nova dieta n\u00f2rdica - Reial Acad\u00e8mia Europea de Doctors","isPartOf":{"@id":"https:\/\/raed.academy\/ca\/#website"},"primaryImageOfPage":{"@id":"https:\/\/raed.academy\/ca\/la-dieta-mediterrania-i-la-nova-dieta-nordica\/#primaryimage"},"image":{"@id":"https:\/\/raed.academy\/ca\/la-dieta-mediterrania-i-la-nova-dieta-nordica\/#primaryimage"},"thumbnailUrl":"https:\/\/raed.academy\/wp-content\/uploads\/2023\/11\/alimentos-comida-dieta-nordica-saludable.webp","datePublished":"2023-11-16T18:08:56+00:00","description":"Gregorio Varela forma part del Consell Assessor Honorari de la Confer\u00e8ncia de Gastronomia d'Estocolm","breadcrumb":{"@id":"https:\/\/raed.academy\/ca\/la-dieta-mediterrania-i-la-nova-dieta-nordica\/#breadcrumb"},"inLanguage":"ca-ES","potentialAction":[{"@type":"ReadAction","target":["https:\/\/raed.academy\/ca\/la-dieta-mediterrania-i-la-nova-dieta-nordica\/"]}]},{"@type":"ImageObject","inLanguage":"ca-ES","@id":"https:\/\/raed.academy\/ca\/la-dieta-mediterrania-i-la-nova-dieta-nordica\/#primaryimage","url":"https:\/\/raed.academy\/wp-content\/uploads\/2023\/11\/alimentos-comida-dieta-nordica-saludable.webp","contentUrl":"https:\/\/raed.academy\/wp-content\/uploads\/2023\/11\/alimentos-comida-dieta-nordica-saludable.webp","width":600,"height":360},{"@type":"BreadcrumbList","@id":"https:\/\/raed.academy\/ca\/la-dieta-mediterrania-i-la-nova-dieta-nordica\/#breadcrumb","itemListElement":[{"@type":"ListItem","position":1,"name":"Inicio","item":"https:\/\/raed.academy\/ca\/"},{"@type":"ListItem","position":2,"name":"La dieta mediterr\u00e0nia i la nova dieta n\u00f2rdica"}]},{"@type":"WebSite","@id":"https:\/\/raed.academy\/ca\/#website","url":"https:\/\/raed.academy\/ca\/","name":"Reial Acad\u00e8mia Europea de Doctors","description":"Corporaci\u00f3n de derecho p\u00fablico de car\u00e1cter cient\u00edfico, t\u00e9cnico y art\u00edstico, que tiene por objeto la investigaci\u00f3n, el estudio, el fomento y la extensi\u00f3n del conocimiento en su sentido m\u00e1s amplio","publisher":{"@id":"https:\/\/raed.academy\/ca\/#organization"},"potentialAction":[{"@type":"SearchAction","target":{"@type":"EntryPoint","urlTemplate":"https:\/\/raed.academy\/ca\/?s={search_term_string}"},"query-input":{"@type":"PropertyValueSpecification","valueRequired":true,"valueName":"search_term_string"}}],"inLanguage":"ca-ES"},{"@type":"Organization","@id":"https:\/\/raed.academy\/ca\/#organization","name":"Real Academia Europea de Doctores","url":"https:\/\/raed.academy\/ca\/","logo":{"@type":"ImageObject","inLanguage":"ca-ES","@id":"https:\/\/raed.academy\/ca\/#\/schema\/logo\/image\/","url":"https:\/\/raed.academy\/wp-content\/uploads\/2017\/01\/cropped-logo_raed.png","contentUrl":"https:\/\/raed.academy\/wp-content\/uploads\/2017\/01\/cropped-logo_raed.png","width":512,"height":512,"caption":"Real Academia Europea de Doctores"},"image":{"@id":"https:\/\/raed.academy\/ca\/#\/schema\/logo\/image\/"},"sameAs":["http:\/\/fb.me\/raed.academy","https:\/\/x.com\/raedacademy","https:\/\/www.instagram.com\/raed.academy\/","https:\/\/www.youtube.com\/channel\/UCUYQwW2KrdirNWihxMDObwg"]},{"@type":"Person","@id":"https:\/\/raed.academy\/ca\/#\/schema\/person\/5a755da80d1d979fd66ba745c8702927","name":"RAED","image":{"@type":"ImageObject","inLanguage":"ca-ES","@id":"https:\/\/secure.gravatar.com\/avatar\/19fdfdc0d67fb9c45714b703a2ac82251c4fcea3637f002ac3c9b74c0183583c?s=96&d=mm&r=g","url":"https:\/\/secure.gravatar.com\/avatar\/19fdfdc0d67fb9c45714b703a2ac82251c4fcea3637f002ac3c9b74c0183583c?s=96&d=mm&r=g","contentUrl":"https:\/\/secure.gravatar.com\/avatar\/19fdfdc0d67fb9c45714b703a2ac82251c4fcea3637f002ac3c9b74c0183583c?s=96&d=mm&r=g","caption":"RAED"}}]}},"_links":{"self":[{"href":"https:\/\/raed.academy\/ca\/wp-json\/wp\/v2\/posts\/140893","targetHints":{"allow":["GET"]}}],"collection":[{"href":"https:\/\/raed.academy\/ca\/wp-json\/wp\/v2\/posts"}],"about":[{"href":"https:\/\/raed.academy\/ca\/wp-json\/wp\/v2\/types\/post"}],"author":[{"embeddable":true,"href":"https:\/\/raed.academy\/ca\/wp-json\/wp\/v2\/users\/12"}],"replies":[{"embeddable":true,"href":"https:\/\/raed.academy\/ca\/wp-json\/wp\/v2\/comments?post=140893"}],"version-history":[{"count":0,"href":"https:\/\/raed.academy\/ca\/wp-json\/wp\/v2\/posts\/140893\/revisions"}],"wp:featuredmedia":[{"embeddable":true,"href":"https:\/\/raed.academy\/ca\/wp-json\/wp\/v2\/media\/140730"}],"wp:attachment":[{"href":"https:\/\/raed.academy\/ca\/wp-json\/wp\/v2\/media?parent=140893"}],"wp:term":[{"taxonomy":"category","embeddable":true,"href":"https:\/\/raed.academy\/ca\/wp-json\/wp\/v2\/categories?post=140893"},{"taxonomy":"post_tag","embeddable":true,"href":"https:\/\/raed.academy\/ca\/wp-json\/wp\/v2\/tags?post=140893"}],"curies":[{"name":"wp","href":"https:\/\/api.w.org\/{rel}","templated":true}]}}