{"id":139812,"date":"2023-11-03T11:18:59","date_gmt":"2023-11-03T11:18:59","guid":{"rendered":"https:\/\/raed.academy\/?p=139812"},"modified":"2023-11-07T17:30:55","modified_gmt":"2023-11-07T17:30:55","slug":"etiquetatge-publicitat-i-presentacio-de-la-informacio-alimentaria","status":"publish","type":"post","link":"https:\/\/raed.academy\/ca\/etiquetatge-publicitat-i-presentacio-de-la-informacio-alimentaria\/","title":{"rendered":"Etiquetatge, publicitat i presentaci\u00f3 de la informaci\u00f3 aliment\u00e0ria"},"content":{"rendered":"<div id=\"attachment_86136\" style=\"width: 207px\" class=\"wp-caption alignleft\"><img loading=\"lazy\" decoding=\"async\" aria-describedby=\"caption-attachment-86136\" class=\"wp-image-86136\" src=\"https:\/\/raed.academy\/wp-content\/uploads\/2020\/01\/Rafael-Urrialde.jpg\" alt=\"Rafael Urrialde\" width=\"197\" height=\"296\" \/><p id=\"caption-attachment-86136\" class=\"wp-caption-text\">Dr. Rafael Urrialde<\/p><\/div>\n<p><strong>Rafael Urrialde<\/strong>, professor del Departament de Gen\u00e8tica, Fisiologia i Microbiologia de la <strong>Universitat Complutense de Madrid<\/strong> i del Departament de Ci\u00e8ncies Farmac\u00e8utiques i de la Salut de la <strong>Universitat CEU-San Pablo<\/strong>, president de la <strong>Comissi\u00f3 Cient\u00edfica<\/strong> de la <strong>Societat Espanyola de Medicina de l&#8217;Esport<\/strong>, vocal de la <strong>Junta Directiva<\/strong> de la <strong>Societat Espanyola de Nutrici\u00f3<\/strong>, membre del <strong>Patronat<\/strong> de la <strong>Fundaci\u00f3 Espanyola de Nutrici\u00f3<\/strong>, acad\u00e8mic d&#8217;honor de l&#8217;<strong>Acad\u00e8mia Espanyola de Nutrici\u00f3 i Diet\u00e8tica<\/strong> i acad\u00e8mic de n\u00famero i membre de la Junta de Govern de la <strong>Reial Acad\u00e8mia Europea de Doctors-Barcelona 1914<\/strong> (RAED), incideix en la import\u00e0ncia de l&#8217;etiquetatge d&#8217;aliments i begudes, aix\u00ed com en la seva regulaci\u00f3 a la Uni\u00f3 Europea, a l&#8217;article <strong>&#8220;Etiquetado en productos alimenticios&#8221;<\/strong>, que signa juntament amb el docent i investigador de la Universitat Complutense <strong>Ra\u00fal Molero<\/strong>. El treball es va publicar al n\u00famero 138 de la revista especialitzada <strong>&#8220;IMFarmacias&#8221;<\/strong>, corresponent al passat octubre, i complementa la confer\u00e8ncia <strong>&#8220;Etiquetado, publicidad y presentaci\u00f3n de la informaci\u00f3n alimentaria&#8221;<\/strong>, que va oferir el 28 de setembre a l&#8217;\u00faltim dels <strong>&#8220;Encuentros de Salud y Nutrici\u00f3n&#8221;<\/strong> organitzats per la <strong>Fundaci\u00f3 Caja Rural de Segovia<\/strong> i la <strong>Fundaci\u00f3 Andr\u00e9s Laguna per a la Promoci\u00f3 de les Ci\u00e8ncies de la Salut<\/strong>.<\/p>\n<p>&#8220;Probablement, a la Uni\u00f3 Europea, fins a l&#8217;aprovaci\u00f3 del Reglament 1169\/2011 sobre informaci\u00f3 aliment\u00e0ria facilitada al consumidor, els conceptes d&#8217;etiquetatge, presentaci\u00f3 i publicitat dels aliments i begudes suposaven una valoraci\u00f3 i interpretaci\u00f3 diferent de la que avui es conceptua de forma gen\u00e8rica i global. \u00c9s per aix\u00f2 que, des del 2011, tota comunicaci\u00f3 comercial, realitzada a trav\u00e9s del medi o suport que es dugui a terme, es considerar\u00e0 informaci\u00f3 amb car\u00e0cter comercial dirigida al consumidor, no conceptuant com a tal, i aix\u00ed es considera en alguns considerants d&#8217;alguns reglaments, la comunicaci\u00f3 no comercial que seria la realitzada a trav\u00e9s de notes de premsa, publicacions cient\u00edfiques o de les recomanacions des de la prescripci\u00f3 m\u00e8dica, farmac\u00e8utica, infermeria, diet\u00e8tica i nutrici\u00f3. Englobant tots els aliments i begudes envasades, si tot plegat \u00e9s analitzat i avaluat com a informaci\u00f3 aliment\u00e0ria facilitada al consumidor, dut a terme per la ind\u00fastria aliment\u00e0ria de la producci\u00f3, la transformaci\u00f3, la distribuci\u00f3 i la restauraci\u00f3 d&#8217;aliments i begudes, ha de facilitar als consumidors tota la informaci\u00f3 necess\u00e0ria per ajudar-los a prendre decisions informades sobre les seves eleccions en l&#8217;adquisici\u00f3, la conservaci\u00f3, la preparaci\u00f3 i el consum d&#8217;aliments i begudes&#8221;, inicien els experts la seva argumentaci\u00f3.<\/p>\n<p>Per a Urrialde i Molero, aquesta informaci\u00f3 \u00e9s essencial per garantir els drets i defensa del consumidor a la Uni\u00f3 Europea i engloba tots els productes alimentaris i ha de ser clara i f\u00e0cil de comprendre per al consumidor, sense atribuir a cap aliment propietats de prevenir, tractar o curar cap malaltia humana. Quant al contingut, ha d&#8217;incloure la denominaci\u00f3 de l&#8217;aliment, tots els ingredients o coadjuvants tecnol\u00f2gics, la quantitat neta de l&#8217;aliment, la data de durada m\u00ednima o la data de caducitat, les condicions especials de conservaci\u00f3 i les condicions d&#8217;\u00fas, el nom o la ra\u00f3 social i la direcci\u00f3 de l&#8217;empresa aliment\u00e0ria que el comercialitza i assumeix la responsabilitat de la qualitat i el compliment de les normes de consum, el pa\u00eds d&#8217;origen o lloc de proced\u00e8ncia, la manera d&#8217;ocupaci\u00f3 en cas necessari, la informaci\u00f3 nutricional i, respecte de les begudes que tinguin m\u00e9s d&#8217;un 1,2% en volum d&#8217;alcohol, la seva graduaci\u00f3.<\/p>\n<p><img loading=\"lazy\" decoding=\"async\" class=\"aligncenter size-full wp-image-139907\" src=\"https:\/\/raed.academy\/wp-content\/uploads\/2023\/11\/etiquetado-informacion-nutricional.webp\" alt=\"\" width=\"1200\" height=\"896\" srcset=\"https:\/\/raed.academy\/wp-content\/uploads\/2023\/11\/etiquetado-informacion-nutricional.webp 1200w, https:\/\/raed.academy\/wp-content\/uploads\/2023\/11\/etiquetado-informacion-nutricional-768x573.webp 768w, https:\/\/raed.academy\/wp-content\/uploads\/2023\/11\/etiquetado-informacion-nutricional-1080x806.webp 1080w, https:\/\/raed.academy\/wp-content\/uploads\/2023\/11\/etiquetado-informacion-nutricional-400x300.webp 400w\" sizes=\"(max-width: 1200px) 100vw, 1200px\" \/><\/p>\n<p>&#8220;Hi ha altres aspectes en qu\u00e8 l&#8217;etiquetatge juga tamb\u00e9 un paper molt important com s\u00f3n l&#8217;educaci\u00f3 aliment\u00e0ria, els consells diet\u00e8tics o nutricionals, les receptes de preparaci\u00f3 culin\u00e0ria, la sostenibilitat, tenint en compte en el valor diferencial si nom\u00e9s es recull la referida a la ambiental o si tamb\u00e9 es t\u00e9 en compte la sostenibilitat econ\u00f2mica i la sostenibilitat social. L&#8217;etiquetatge \u00e9s l&#8217;element crucial per a la formaci\u00f3 del consumidor i ha de tenir el nombre m\u00e9s gran de dades i conceptes, aix\u00ed com de valors, per poder realitzar una compra informada; aix\u00ed com tenir altres aspectes i par\u00e0metres en compte per establir els seus propis conceptes o r\u00e0tios de relaci\u00f3 qualitat (com m\u00e9s par\u00e0metres millor) amb el preu&#8221;, conclouen els experts.<\/p>\n<p>Reconegut expert en la regulaci\u00f3 aliment\u00e0ria, Urrialde \u00e9s autor i coautor de publicacions cient\u00edfiques relacionades amb l&#8217;educaci\u00f3 nutricional. Va ser cap de Salut i Seguretat Aliment\u00e0ria a <strong>Puleva Food<\/strong>, director de l&#8217;\u00c0rea de Sanitat i Alimentaci\u00f3 a la <strong>Uni\u00f3 de Consumidors d&#8217;Espanya<\/strong>, coordinador t\u00e8cnic de la revista <strong>&#8220;Ciudadano&#8221;<\/strong>, director de Salut i Nutrici\u00f3 de <strong>Coca-Cola Iberia<\/strong>, t\u00e8cnic d&#8217;an\u00e0lisi del <strong>Institut del Fred<\/strong> del <strong>Consell Superior d&#8217;Investigacions Cient\u00edfiques<\/strong> i col\u00b7laborador de la <strong>C\u00e0tedra de Fisiologia Vegetal<\/strong> de la Facultat de Ci\u00e8ncies Biol\u00f2giques de la Universitat Complutense de Madrid.<\/p>\n<h2><a href=\"https:\/\/www.imfarmacias.es\/uploads\/2023\/10\/imfarmacias_etiquetado_productos_alimenticios_33667_10120045.pdf\" target=\"_blank\" rel=\"noopener\"><strong>Llegiu l&#8217;article<\/strong><\/a><\/h2>\n<p><iframe loading=\"lazy\" title=\"Etiquetado en productos alimenticios\" width=\"1080\" height=\"608\" src=\"https:\/\/www.youtube.com\/embed\/ufyh4dIlNvs?feature=oembed\" frameborder=\"0\" allow=\"accelerometer; autoplay; clipboard-write; encrypted-media; gyroscope; picture-in-picture; web-share\" allowfullscreen><\/iframe><\/p>\n","protected":false},"excerpt":{"rendered":"<p>Rafael Urrialde incideix en la import\u00e0ncia de l&#8217;etiquetatge d&#8217;aliments i begudes, aix\u00ed com en la seva regulaci\u00f3 a la Uni\u00f3 Europea, a l&#8217;article &#8220;Etiquetatge en productes alimentaris&#8221;, que signa juntament amb el docent i investigador de la Universitat Complutense Ra\u00fal Molero<\/p>\n","protected":false},"author":12,"featured_media":139910,"comment_status":"closed","ping_status":"closed","sticky":false,"template":"","format":"standard","meta":{"_et_pb_use_builder":"","_et_pb_old_content":"","_et_gb_content_width":"","footnotes":""},"categories":[237,225],"tags":[],"class_list":["post-139812","post","type-post","status-publish","format-standard","has-post-thumbnail","hentry","category-alimentacio-i-nutricio","category-dret","et-has-post-format-content","et_post_format-et-post-format-standard"],"yoast_head":"<!-- This site is optimized with the Yoast SEO plugin v27.4 - https:\/\/yoast.com\/product\/yoast-seo-wordpress\/ -->\n<title>Etiquetatge, publicitat i presentaci\u00f3 de la informaci\u00f3 aliment\u00e0ria - Reial Acad\u00e8mia Europea de Doctors<\/title>\n<meta name=\"description\" content=\"Rafael Urrialde incideix en la import\u00e0ncia de l&#039;etiquetatge d&#039;aliments i begudes a l&#039;article &quot;Etiquetatge en productes alimentaris&quot;\" \/>\n<meta name=\"robots\" content=\"index, follow, max-snippet:-1, max-image-preview:large, max-video-preview:-1\" \/>\n<link rel=\"canonical\" href=\"https:\/\/raed.academy\/ca\/etiquetatge-publicitat-i-presentacio-de-la-informacio-alimentaria\/\" \/>\n<meta property=\"og:locale\" content=\"ca_ES\" \/>\n<meta property=\"og:type\" content=\"article\" \/>\n<meta property=\"og:title\" content=\"Etiquetatge, publicitat i presentaci\u00f3 de la informaci\u00f3 aliment\u00e0ria - Reial Acad\u00e8mia Europea de Doctors\" \/>\n<meta property=\"og:description\" content=\"Rafael Urrialde incideix en la import\u00e0ncia de l&#039;etiquetatge d&#039;aliments i begudes a l&#039;article &quot;Etiquetatge en productes alimentaris&quot;\" \/>\n<meta property=\"og:url\" content=\"https:\/\/raed.academy\/ca\/etiquetatge-publicitat-i-presentacio-de-la-informacio-alimentaria\/\" \/>\n<meta property=\"og:site_name\" content=\"Reial Acad\u00e8mia Europea de Doctors\" \/>\n<meta property=\"article:publisher\" content=\"http:\/\/fb.me\/raed.academy\" \/>\n<meta property=\"article:published_time\" content=\"2023-11-03T11:18:59+00:00\" \/>\n<meta property=\"article:modified_time\" content=\"2023-11-07T17:30:55+00:00\" \/>\n<meta property=\"og:image\" content=\"https:\/\/raed.academy\/wp-content\/uploads\/2023\/11\/productos-alimentacion-dst.webp\" \/>\n\t<meta property=\"og:image:width\" content=\"600\" \/>\n\t<meta property=\"og:image:height\" content=\"360\" \/>\n\t<meta property=\"og:image:type\" content=\"image\/webp\" \/>\n<meta name=\"author\" content=\"RAED\" \/>\n<meta name=\"twitter:card\" content=\"summary_large_image\" \/>\n<meta name=\"twitter:creator\" content=\"@raedacademy\" \/>\n<meta name=\"twitter:site\" content=\"@raedacademy\" \/>\n<meta name=\"twitter:label1\" content=\"Written by\" \/>\n\t<meta name=\"twitter:data1\" content=\"RAED\" \/>\n\t<meta name=\"twitter:label2\" content=\"Est. reading time\" \/>\n\t<meta name=\"twitter:data2\" content=\"4 minutes\" \/>\n<script type=\"application\/ld+json\" class=\"yoast-schema-graph\">{\"@context\":\"https:\\\/\\\/schema.org\",\"@graph\":[{\"@type\":\"Article\",\"@id\":\"https:\\\/\\\/raed.academy\\\/ca\\\/etiquetatge-publicitat-i-presentacio-de-la-informacio-alimentaria\\\/#article\",\"isPartOf\":{\"@id\":\"https:\\\/\\\/raed.academy\\\/ca\\\/etiquetatge-publicitat-i-presentacio-de-la-informacio-alimentaria\\\/\"},\"author\":{\"name\":\"RAED\",\"@id\":\"https:\\\/\\\/raed.academy\\\/ca\\\/#\\\/schema\\\/person\\\/5a755da80d1d979fd66ba745c8702927\"},\"headline\":\"Etiquetatge, publicitat i presentaci\u00f3 de la informaci\u00f3 aliment\u00e0ria\",\"datePublished\":\"2023-11-03T11:18:59+00:00\",\"dateModified\":\"2023-11-07T17:30:55+00:00\",\"mainEntityOfPage\":{\"@id\":\"https:\\\/\\\/raed.academy\\\/ca\\\/etiquetatge-publicitat-i-presentacio-de-la-informacio-alimentaria\\\/\"},\"wordCount\":876,\"publisher\":{\"@id\":\"https:\\\/\\\/raed.academy\\\/ca\\\/#organization\"},\"image\":{\"@id\":\"https:\\\/\\\/raed.academy\\\/ca\\\/etiquetatge-publicitat-i-presentacio-de-la-informacio-alimentaria\\\/#primaryimage\"},\"thumbnailUrl\":\"https:\\\/\\\/raed.academy\\\/wp-content\\\/uploads\\\/2023\\\/11\\\/productos-alimentacion-dst.webp\",\"articleSection\":[\"Alimentaci\u00f3 i nutrici\u00f3\",\"Dret\"],\"inLanguage\":\"ca-ES\"},{\"@type\":\"WebPage\",\"@id\":\"https:\\\/\\\/raed.academy\\\/ca\\\/etiquetatge-publicitat-i-presentacio-de-la-informacio-alimentaria\\\/\",\"url\":\"https:\\\/\\\/raed.academy\\\/ca\\\/etiquetatge-publicitat-i-presentacio-de-la-informacio-alimentaria\\\/\",\"name\":\"Etiquetatge, publicitat i presentaci\u00f3 de la informaci\u00f3 aliment\u00e0ria - Reial Acad\u00e8mia Europea de Doctors\",\"isPartOf\":{\"@id\":\"https:\\\/\\\/raed.academy\\\/ca\\\/#website\"},\"primaryImageOfPage\":{\"@id\":\"https:\\\/\\\/raed.academy\\\/ca\\\/etiquetatge-publicitat-i-presentacio-de-la-informacio-alimentaria\\\/#primaryimage\"},\"image\":{\"@id\":\"https:\\\/\\\/raed.academy\\\/ca\\\/etiquetatge-publicitat-i-presentacio-de-la-informacio-alimentaria\\\/#primaryimage\"},\"thumbnailUrl\":\"https:\\\/\\\/raed.academy\\\/wp-content\\\/uploads\\\/2023\\\/11\\\/productos-alimentacion-dst.webp\",\"datePublished\":\"2023-11-03T11:18:59+00:00\",\"dateModified\":\"2023-11-07T17:30:55+00:00\",\"description\":\"Rafael Urrialde incideix en la import\u00e0ncia de l'etiquetatge d'aliments i begudes a l'article \\\"Etiquetatge en productes alimentaris\\\"\",\"breadcrumb\":{\"@id\":\"https:\\\/\\\/raed.academy\\\/ca\\\/etiquetatge-publicitat-i-presentacio-de-la-informacio-alimentaria\\\/#breadcrumb\"},\"inLanguage\":\"ca-ES\",\"potentialAction\":[{\"@type\":\"ReadAction\",\"target\":[\"https:\\\/\\\/raed.academy\\\/ca\\\/etiquetatge-publicitat-i-presentacio-de-la-informacio-alimentaria\\\/\"]}]},{\"@type\":\"ImageObject\",\"inLanguage\":\"ca-ES\",\"@id\":\"https:\\\/\\\/raed.academy\\\/ca\\\/etiquetatge-publicitat-i-presentacio-de-la-informacio-alimentaria\\\/#primaryimage\",\"url\":\"https:\\\/\\\/raed.academy\\\/wp-content\\\/uploads\\\/2023\\\/11\\\/productos-alimentacion-dst.webp\",\"contentUrl\":\"https:\\\/\\\/raed.academy\\\/wp-content\\\/uploads\\\/2023\\\/11\\\/productos-alimentacion-dst.webp\",\"width\":600,\"height\":360},{\"@type\":\"BreadcrumbList\",\"@id\":\"https:\\\/\\\/raed.academy\\\/ca\\\/etiquetatge-publicitat-i-presentacio-de-la-informacio-alimentaria\\\/#breadcrumb\",\"itemListElement\":[{\"@type\":\"ListItem\",\"position\":1,\"name\":\"Inicio\",\"item\":\"https:\\\/\\\/raed.academy\\\/ca\\\/\"},{\"@type\":\"ListItem\",\"position\":2,\"name\":\"Etiquetatge, publicitat i presentaci\u00f3 de la informaci\u00f3 aliment\u00e0ria\"}]},{\"@type\":\"WebSite\",\"@id\":\"https:\\\/\\\/raed.academy\\\/ca\\\/#website\",\"url\":\"https:\\\/\\\/raed.academy\\\/ca\\\/\",\"name\":\"Reial Acad\u00e8mia Europea de Doctors\",\"description\":\"Corporaci\u00f3n de derecho p\u00fablico de car\u00e1cter cient\u00edfico, t\u00e9cnico y art\u00edstico, que tiene por objeto la investigaci\u00f3n, el estudio, el fomento y la extensi\u00f3n del conocimiento en su sentido m\u00e1s amplio\",\"publisher\":{\"@id\":\"https:\\\/\\\/raed.academy\\\/ca\\\/#organization\"},\"potentialAction\":[{\"@type\":\"SearchAction\",\"target\":{\"@type\":\"EntryPoint\",\"urlTemplate\":\"https:\\\/\\\/raed.academy\\\/ca\\\/?s={search_term_string}\"},\"query-input\":{\"@type\":\"PropertyValueSpecification\",\"valueRequired\":true,\"valueName\":\"search_term_string\"}}],\"inLanguage\":\"ca-ES\"},{\"@type\":\"Organization\",\"@id\":\"https:\\\/\\\/raed.academy\\\/ca\\\/#organization\",\"name\":\"Real Academia Europea de Doctores\",\"url\":\"https:\\\/\\\/raed.academy\\\/ca\\\/\",\"logo\":{\"@type\":\"ImageObject\",\"inLanguage\":\"ca-ES\",\"@id\":\"https:\\\/\\\/raed.academy\\\/ca\\\/#\\\/schema\\\/logo\\\/image\\\/\",\"url\":\"https:\\\/\\\/raed.academy\\\/wp-content\\\/uploads\\\/2017\\\/01\\\/cropped-logo_raed.png\",\"contentUrl\":\"https:\\\/\\\/raed.academy\\\/wp-content\\\/uploads\\\/2017\\\/01\\\/cropped-logo_raed.png\",\"width\":512,\"height\":512,\"caption\":\"Real Academia Europea de Doctores\"},\"image\":{\"@id\":\"https:\\\/\\\/raed.academy\\\/ca\\\/#\\\/schema\\\/logo\\\/image\\\/\"},\"sameAs\":[\"http:\\\/\\\/fb.me\\\/raed.academy\",\"https:\\\/\\\/x.com\\\/raedacademy\",\"https:\\\/\\\/www.instagram.com\\\/raed.academy\\\/\",\"https:\\\/\\\/www.youtube.com\\\/channel\\\/UCUYQwW2KrdirNWihxMDObwg\"]},{\"@type\":\"Person\",\"@id\":\"https:\\\/\\\/raed.academy\\\/ca\\\/#\\\/schema\\\/person\\\/5a755da80d1d979fd66ba745c8702927\",\"name\":\"RAED\",\"image\":{\"@type\":\"ImageObject\",\"inLanguage\":\"ca-ES\",\"@id\":\"https:\\\/\\\/secure.gravatar.com\\\/avatar\\\/19fdfdc0d67fb9c45714b703a2ac82251c4fcea3637f002ac3c9b74c0183583c?s=96&d=mm&r=g\",\"url\":\"https:\\\/\\\/secure.gravatar.com\\\/avatar\\\/19fdfdc0d67fb9c45714b703a2ac82251c4fcea3637f002ac3c9b74c0183583c?s=96&d=mm&r=g\",\"contentUrl\":\"https:\\\/\\\/secure.gravatar.com\\\/avatar\\\/19fdfdc0d67fb9c45714b703a2ac82251c4fcea3637f002ac3c9b74c0183583c?s=96&d=mm&r=g\",\"caption\":\"RAED\"}}]}<\/script>\n<!-- \/ Yoast SEO plugin. -->","yoast_head_json":{"title":"Etiquetatge, publicitat i presentaci\u00f3 de la informaci\u00f3 aliment\u00e0ria - Reial Acad\u00e8mia Europea de Doctors","description":"Rafael Urrialde incideix en la import\u00e0ncia de l'etiquetatge d'aliments i begudes a l'article \"Etiquetatge en productes alimentaris\"","robots":{"index":"index","follow":"follow","max-snippet":"max-snippet:-1","max-image-preview":"max-image-preview:large","max-video-preview":"max-video-preview:-1"},"canonical":"https:\/\/raed.academy\/ca\/etiquetatge-publicitat-i-presentacio-de-la-informacio-alimentaria\/","og_locale":"ca_ES","og_type":"article","og_title":"Etiquetatge, publicitat i presentaci\u00f3 de la informaci\u00f3 aliment\u00e0ria - Reial Acad\u00e8mia Europea de Doctors","og_description":"Rafael Urrialde incideix en la import\u00e0ncia de l'etiquetatge d'aliments i begudes a l'article \"Etiquetatge en productes alimentaris\"","og_url":"https:\/\/raed.academy\/ca\/etiquetatge-publicitat-i-presentacio-de-la-informacio-alimentaria\/","og_site_name":"Reial Acad\u00e8mia Europea de Doctors","article_publisher":"http:\/\/fb.me\/raed.academy","article_published_time":"2023-11-03T11:18:59+00:00","article_modified_time":"2023-11-07T17:30:55+00:00","og_image":[{"width":600,"height":360,"url":"https:\/\/raed.academy\/wp-content\/uploads\/2023\/11\/productos-alimentacion-dst.webp","type":"image\/webp"}],"author":"RAED","twitter_card":"summary_large_image","twitter_creator":"@raedacademy","twitter_site":"@raedacademy","twitter_misc":{"Written by":"RAED","Est. reading time":"4 minutes"},"schema":{"@context":"https:\/\/schema.org","@graph":[{"@type":"Article","@id":"https:\/\/raed.academy\/ca\/etiquetatge-publicitat-i-presentacio-de-la-informacio-alimentaria\/#article","isPartOf":{"@id":"https:\/\/raed.academy\/ca\/etiquetatge-publicitat-i-presentacio-de-la-informacio-alimentaria\/"},"author":{"name":"RAED","@id":"https:\/\/raed.academy\/ca\/#\/schema\/person\/5a755da80d1d979fd66ba745c8702927"},"headline":"Etiquetatge, publicitat i presentaci\u00f3 de la informaci\u00f3 aliment\u00e0ria","datePublished":"2023-11-03T11:18:59+00:00","dateModified":"2023-11-07T17:30:55+00:00","mainEntityOfPage":{"@id":"https:\/\/raed.academy\/ca\/etiquetatge-publicitat-i-presentacio-de-la-informacio-alimentaria\/"},"wordCount":876,"publisher":{"@id":"https:\/\/raed.academy\/ca\/#organization"},"image":{"@id":"https:\/\/raed.academy\/ca\/etiquetatge-publicitat-i-presentacio-de-la-informacio-alimentaria\/#primaryimage"},"thumbnailUrl":"https:\/\/raed.academy\/wp-content\/uploads\/2023\/11\/productos-alimentacion-dst.webp","articleSection":["Alimentaci\u00f3 i nutrici\u00f3","Dret"],"inLanguage":"ca-ES"},{"@type":"WebPage","@id":"https:\/\/raed.academy\/ca\/etiquetatge-publicitat-i-presentacio-de-la-informacio-alimentaria\/","url":"https:\/\/raed.academy\/ca\/etiquetatge-publicitat-i-presentacio-de-la-informacio-alimentaria\/","name":"Etiquetatge, publicitat i presentaci\u00f3 de la informaci\u00f3 aliment\u00e0ria - Reial Acad\u00e8mia Europea de Doctors","isPartOf":{"@id":"https:\/\/raed.academy\/ca\/#website"},"primaryImageOfPage":{"@id":"https:\/\/raed.academy\/ca\/etiquetatge-publicitat-i-presentacio-de-la-informacio-alimentaria\/#primaryimage"},"image":{"@id":"https:\/\/raed.academy\/ca\/etiquetatge-publicitat-i-presentacio-de-la-informacio-alimentaria\/#primaryimage"},"thumbnailUrl":"https:\/\/raed.academy\/wp-content\/uploads\/2023\/11\/productos-alimentacion-dst.webp","datePublished":"2023-11-03T11:18:59+00:00","dateModified":"2023-11-07T17:30:55+00:00","description":"Rafael Urrialde incideix en la import\u00e0ncia de l'etiquetatge d'aliments i begudes a l'article \"Etiquetatge en productes alimentaris\"","breadcrumb":{"@id":"https:\/\/raed.academy\/ca\/etiquetatge-publicitat-i-presentacio-de-la-informacio-alimentaria\/#breadcrumb"},"inLanguage":"ca-ES","potentialAction":[{"@type":"ReadAction","target":["https:\/\/raed.academy\/ca\/etiquetatge-publicitat-i-presentacio-de-la-informacio-alimentaria\/"]}]},{"@type":"ImageObject","inLanguage":"ca-ES","@id":"https:\/\/raed.academy\/ca\/etiquetatge-publicitat-i-presentacio-de-la-informacio-alimentaria\/#primaryimage","url":"https:\/\/raed.academy\/wp-content\/uploads\/2023\/11\/productos-alimentacion-dst.webp","contentUrl":"https:\/\/raed.academy\/wp-content\/uploads\/2023\/11\/productos-alimentacion-dst.webp","width":600,"height":360},{"@type":"BreadcrumbList","@id":"https:\/\/raed.academy\/ca\/etiquetatge-publicitat-i-presentacio-de-la-informacio-alimentaria\/#breadcrumb","itemListElement":[{"@type":"ListItem","position":1,"name":"Inicio","item":"https:\/\/raed.academy\/ca\/"},{"@type":"ListItem","position":2,"name":"Etiquetatge, publicitat i presentaci\u00f3 de la informaci\u00f3 aliment\u00e0ria"}]},{"@type":"WebSite","@id":"https:\/\/raed.academy\/ca\/#website","url":"https:\/\/raed.academy\/ca\/","name":"Reial Acad\u00e8mia Europea de Doctors","description":"Corporaci\u00f3n de derecho p\u00fablico de car\u00e1cter cient\u00edfico, t\u00e9cnico y art\u00edstico, que tiene por objeto la investigaci\u00f3n, el estudio, el fomento y la extensi\u00f3n del conocimiento en su sentido m\u00e1s amplio","publisher":{"@id":"https:\/\/raed.academy\/ca\/#organization"},"potentialAction":[{"@type":"SearchAction","target":{"@type":"EntryPoint","urlTemplate":"https:\/\/raed.academy\/ca\/?s={search_term_string}"},"query-input":{"@type":"PropertyValueSpecification","valueRequired":true,"valueName":"search_term_string"}}],"inLanguage":"ca-ES"},{"@type":"Organization","@id":"https:\/\/raed.academy\/ca\/#organization","name":"Real Academia Europea de Doctores","url":"https:\/\/raed.academy\/ca\/","logo":{"@type":"ImageObject","inLanguage":"ca-ES","@id":"https:\/\/raed.academy\/ca\/#\/schema\/logo\/image\/","url":"https:\/\/raed.academy\/wp-content\/uploads\/2017\/01\/cropped-logo_raed.png","contentUrl":"https:\/\/raed.academy\/wp-content\/uploads\/2017\/01\/cropped-logo_raed.png","width":512,"height":512,"caption":"Real Academia Europea de Doctores"},"image":{"@id":"https:\/\/raed.academy\/ca\/#\/schema\/logo\/image\/"},"sameAs":["http:\/\/fb.me\/raed.academy","https:\/\/x.com\/raedacademy","https:\/\/www.instagram.com\/raed.academy\/","https:\/\/www.youtube.com\/channel\/UCUYQwW2KrdirNWihxMDObwg"]},{"@type":"Person","@id":"https:\/\/raed.academy\/ca\/#\/schema\/person\/5a755da80d1d979fd66ba745c8702927","name":"RAED","image":{"@type":"ImageObject","inLanguage":"ca-ES","@id":"https:\/\/secure.gravatar.com\/avatar\/19fdfdc0d67fb9c45714b703a2ac82251c4fcea3637f002ac3c9b74c0183583c?s=96&d=mm&r=g","url":"https:\/\/secure.gravatar.com\/avatar\/19fdfdc0d67fb9c45714b703a2ac82251c4fcea3637f002ac3c9b74c0183583c?s=96&d=mm&r=g","contentUrl":"https:\/\/secure.gravatar.com\/avatar\/19fdfdc0d67fb9c45714b703a2ac82251c4fcea3637f002ac3c9b74c0183583c?s=96&d=mm&r=g","caption":"RAED"}}]}},"_links":{"self":[{"href":"https:\/\/raed.academy\/ca\/wp-json\/wp\/v2\/posts\/139812","targetHints":{"allow":["GET"]}}],"collection":[{"href":"https:\/\/raed.academy\/ca\/wp-json\/wp\/v2\/posts"}],"about":[{"href":"https:\/\/raed.academy\/ca\/wp-json\/wp\/v2\/types\/post"}],"author":[{"embeddable":true,"href":"https:\/\/raed.academy\/ca\/wp-json\/wp\/v2\/users\/12"}],"replies":[{"embeddable":true,"href":"https:\/\/raed.academy\/ca\/wp-json\/wp\/v2\/comments?post=139812"}],"version-history":[{"count":0,"href":"https:\/\/raed.academy\/ca\/wp-json\/wp\/v2\/posts\/139812\/revisions"}],"wp:featuredmedia":[{"embeddable":true,"href":"https:\/\/raed.academy\/ca\/wp-json\/wp\/v2\/media\/139910"}],"wp:attachment":[{"href":"https:\/\/raed.academy\/ca\/wp-json\/wp\/v2\/media?parent=139812"}],"wp:term":[{"taxonomy":"category","embeddable":true,"href":"https:\/\/raed.academy\/ca\/wp-json\/wp\/v2\/categories?post=139812"},{"taxonomy":"post_tag","embeddable":true,"href":"https:\/\/raed.academy\/ca\/wp-json\/wp\/v2\/tags?post=139812"}],"curies":[{"name":"wp","href":"https:\/\/api.w.org\/{rel}","templated":true}]}}