{"id":139805,"date":"2023-11-03T11:18:47","date_gmt":"2023-11-03T11:18:47","guid":{"rendered":"https:\/\/raed.academy\/?p=139805"},"modified":"2023-11-03T11:18:47","modified_gmt":"2023-11-03T11:18:47","slug":"un-referent-internacional-al-mon-de-lauditoria","status":"publish","type":"post","link":"https:\/\/raed.academy\/ca\/un-referent-internacional-al-mon-de-lauditoria\/","title":{"rendered":"Un referent internacional al m\u00f3n de l&#8217;auditoria"},"content":{"rendered":"<div id=\"attachment_64667\" style=\"width: 209px\" class=\"wp-caption alignleft\"><img loading=\"lazy\" decoding=\"async\" aria-describedby=\"caption-attachment-64667\" class=\"wp-image-64667\" src=\"https:\/\/raed.academy\/wp-content\/uploads\/2019\/01\/Frederic-Borras.jpg\" alt=\"Dr. Frederic Borr\u00e0s P\u00e0mies\" width=\"199\" height=\"299\" \/><p id=\"caption-attachment-64667\" class=\"wp-caption-text\">Dr. Frederic Borr\u00e0s<\/p><\/div>\n<p><a href=\"https:\/\/raed.academy\/ca\/academics\/dr-frederic-borras-pamies\/\" target=\"_blank\" rel=\"noopener\"><em><strong>Frederic Borr\u00e0s<\/strong><\/em><\/a>, president del <strong>Consell Assessor<\/strong> de <strong>Morera Asesores &amp; Auditores<\/strong> i acad\u00e8mic de n\u00famero de la <strong>Reial Acad\u00e8mia Europea de Doctors-Barcelona 1914<\/strong> (RAED), ha estat reconegut com a membre d&#8217;honor d&#8217;<strong>IECnet<\/strong>, una de les principals firmes internacionals d&#8217;auditoria, assessorament fiscal i consultoria despr\u00e9s d&#8217;una llarga i reeixida traject\u00f2ria a la firma, present a 60 pa\u00efsos, on ha ocupat durant vuit anys una cadira al <strong>Consell d&#8217;Administraci\u00f3<\/strong> i la <strong>Presid\u00e8ncia<\/strong> de la Pr\u00e0ctica d&#8217;Auditoria. Borr\u00e0s ja va ser elegit per les societats internacionals d&#8217;auditoria que formen el<strong> F\u00f2rum de Firmes d&#8217;Auditoria<\/strong> com a membre del <strong>Comit\u00e8 Transnacional<\/strong> de la <strong>Federaci\u00f3 Internacional d&#8217;Auditors<\/strong>, la instituci\u00f3 amb seu a Nova York que regula la professi\u00f3 internacional, emetent les normes internacionals d&#8217;auditoria. \u00c9s la primera vegada que un professional espanyol del sector entra a formar part del comit\u00e8.<\/p>\n<p>&#8220;Frederic Borr\u00e0s ha estat un gran membre del Consell d&#8217;Administraci\u00f3. Ha assumit les seves responsabilitats directives amb una dedicaci\u00f3 i dilig\u00e8ncia tremenda i ha estat un contacte expert en totes les q\u00fcestions relacionades amb les innovacions d&#8217;auditoria, a m\u00e9s d&#8217;organitzar seminaris online d&#8217;auditoria peri\u00f2dics per a tots membres d&#8217;IECnet. Ha estat un plaer treballar amb ell, el seu tarann\u00e0 tranquil, per\u00f2 molt competent el converteix en un col\u00b7lega extremadament apreciat per tots. L&#8217;estranyarem molt i li desitgem molta felicitat i temps per a les seves nombroses aficions a partir d&#8217;ara&#8221;, va assenyalar <strong>Vincent Domon<\/strong>, president d&#8217;IECnet.<\/p>\n<p>&#8220;A m\u00e9s del comprom\u00eds amb les q\u00fcestions t\u00e8cniques de les reunions del F\u00f2rum de Firmes, Borr\u00e0s sempre ens han brindat amabilitat, calidesa i calma; aquests trets han d&#8217;estar al centre en tot moment en el nostre dia a dia personal, per\u00f2 podria dir-se que estan encara m\u00e9s justificats al m\u00f3n turbulent d&#8217;avui. Gr\u00e0cies pel to d&#8217;amabilitat que sempre has mostrat. Gr\u00e0cies, Frederic, per tot el que has fet&#8221;, va afegir<strong> Barry Naik<\/strong>, director del F\u00f2rum de Firmes.<\/p>\n<p><img loading=\"lazy\" decoding=\"async\" class=\"wp-image-80008 alignright\" src=\"https:\/\/raed.academy\/wp-content\/uploads\/2019\/10\/auditoria-dstNtc.jpg\" alt=\"\" width=\"371\" height=\"247\" \/>L&#8217;acad\u00e8mic tamb\u00e9 \u00e9s membre del <strong>Consell Global<\/strong> de l&#8217;<strong>Associaci\u00f3 per al Creixement Corporatiu<\/strong>, la principal comunitat de professionals dedicats a les fusions, adquisicions i creixement corporatiu a nivell internacional. L&#8217;acad\u00e8mic va treballar durant gaireb\u00e9 quatre d\u00e8cades a la firma <strong>KPMG<\/strong>, on va arribar a ser soci encarregat de les oficines de Barcelona, Girona, Palma i Andorra. Entre els c\u00e0rrecs institucionals, l&#8217;acad\u00e8mic \u00e9s president d&#8217;honor del <strong>Col\u00b7legi de Censors Jurats de Comptes de Catalunya<\/strong>.<\/p>\n<p>La seva tasca al Comit\u00e8 Transnacional de la Federaci\u00f3 Internacional d&#8217;Auditors li ha fet part\u00edcip dels treballs per aconseguir una millora a la normativa comptable internacional aix\u00ed com les normes internacionals d&#8217;auditoria. Aquest organisme t\u00e9 entre els seus objectius identificar les q\u00fcestions que puguin afectar la professi\u00f3 auditora i fer les recomanacions que cregui apropiades als organismes que estableixen les normes internacionals i facilitar la interacci\u00f3 de les firmes internacionals d&#8217;auditoria amb els reguladors internacionals i les institucions financeres a relaci\u00f3 amb la qualitat de l&#8217;auditoria, els sistemes de control de qualitat i la transpar\u00e8ncia de les firmes d&#8217;auditors internacionals.<\/p>\n","protected":false},"excerpt":{"rendered":"<p>Frederic Borr\u00e0s ha estat reconegut com a membre d&#8217;honor d&#8217;IECnet, una de les principals firmes internacionals d&#8217;auditoria, assessorament fiscal i consultoria despr\u00e9s d&#8217;una llarga i reeixida traject\u00f2ria a la firma, on ha ocupat durant vuit anys una cadira al Consell d&#8217;Administraci\u00f3 i ha ocupat la Presid\u00e8ncia de la Pr\u00e0ctica d\u00b4Auditoria<\/p>\n","protected":false},"author":12,"featured_media":84042,"comment_status":"closed","ping_status":"closed","sticky":false,"template":"","format":"standard","meta":{"_et_pb_use_builder":"","_et_pb_old_content":"","_et_gb_content_width":"","footnotes":""},"categories":[233,168],"tags":[],"class_list":["post-139805","post","type-post","status-publish","format-standard","has-post-thumbnail","hentry","category-economiques-i-empresarials","category-premis-distincions-i-nomenaments","et-has-post-format-content","et_post_format-et-post-format-standard"],"yoast_head":"<!-- This site is optimized with the Yoast SEO plugin v27.4 - https:\/\/yoast.com\/product\/yoast-seo-wordpress\/ -->\n<title>Un referent internacional al m\u00f3n de l&#039;auditoria - Reial Acad\u00e8mia Europea de Doctors<\/title>\n<meta name=\"description\" content=\"Frederic Borr\u00e0s ha estat reconegut com a membre d&#039;honor d&#039;IECnet, una de les principals firmes internacionals d&#039;auditoria i consultoria\" \/>\n<meta name=\"robots\" content=\"index, follow, max-snippet:-1, max-image-preview:large, max-video-preview:-1\" \/>\n<link rel=\"canonical\" href=\"https:\/\/raed.academy\/ca\/un-referent-internacional-al-mon-de-lauditoria\/\" \/>\n<meta property=\"og:locale\" content=\"ca_ES\" \/>\n<meta property=\"og:type\" content=\"article\" \/>\n<meta property=\"og:title\" content=\"Un referent internacional al m\u00f3n de l&#039;auditoria - Reial Acad\u00e8mia Europea de Doctors\" \/>\n<meta property=\"og:description\" content=\"Frederic Borr\u00e0s ha estat reconegut com a membre d&#039;honor d&#039;IECnet, una de les principals firmes internacionals d&#039;auditoria i consultoria\" \/>\n<meta property=\"og:url\" content=\"https:\/\/raed.academy\/ca\/un-referent-internacional-al-mon-de-lauditoria\/\" \/>\n<meta property=\"og:site_name\" content=\"Reial Acad\u00e8mia Europea de Doctors\" \/>\n<meta property=\"article:publisher\" content=\"http:\/\/fb.me\/raed.academy\" \/>\n<meta property=\"article:published_time\" content=\"2023-11-03T11:18:47+00:00\" \/>\n<meta property=\"og:image\" content=\"https:\/\/raed.academy\/wp-content\/uploads\/2019\/11\/auditoria-conjunta-dstNtc.jpg\" \/>\n\t<meta property=\"og:image:width\" content=\"400\" \/>\n\t<meta property=\"og:image:height\" content=\"207\" \/>\n\t<meta property=\"og:image:type\" content=\"image\/jpeg\" \/>\n<meta name=\"author\" content=\"RAED\" \/>\n<meta name=\"twitter:card\" content=\"summary_large_image\" \/>\n<meta name=\"twitter:creator\" content=\"@raedacademy\" \/>\n<meta name=\"twitter:site\" content=\"@raedacademy\" \/>\n<meta name=\"twitter:label1\" content=\"Written by\" \/>\n\t<meta name=\"twitter:data1\" content=\"RAED\" \/>\n\t<meta name=\"twitter:label2\" content=\"Est. reading time\" \/>\n\t<meta name=\"twitter:data2\" content=\"3 minutes\" \/>\n<script type=\"application\/ld+json\" class=\"yoast-schema-graph\">{\"@context\":\"https:\\\/\\\/schema.org\",\"@graph\":[{\"@type\":\"Article\",\"@id\":\"https:\\\/\\\/raed.academy\\\/ca\\\/un-referent-internacional-al-mon-de-lauditoria\\\/#article\",\"isPartOf\":{\"@id\":\"https:\\\/\\\/raed.academy\\\/ca\\\/un-referent-internacional-al-mon-de-lauditoria\\\/\"},\"author\":{\"name\":\"RAED\",\"@id\":\"https:\\\/\\\/raed.academy\\\/ca\\\/#\\\/schema\\\/person\\\/5a755da80d1d979fd66ba745c8702927\"},\"headline\":\"Un referent internacional al m\u00f3n de l&#8217;auditoria\",\"datePublished\":\"2023-11-03T11:18:47+00:00\",\"mainEntityOfPage\":{\"@id\":\"https:\\\/\\\/raed.academy\\\/ca\\\/un-referent-internacional-al-mon-de-lauditoria\\\/\"},\"wordCount\":567,\"publisher\":{\"@id\":\"https:\\\/\\\/raed.academy\\\/ca\\\/#organization\"},\"image\":{\"@id\":\"https:\\\/\\\/raed.academy\\\/ca\\\/un-referent-internacional-al-mon-de-lauditoria\\\/#primaryimage\"},\"thumbnailUrl\":\"https:\\\/\\\/raed.academy\\\/wp-content\\\/uploads\\\/2019\\\/11\\\/auditoria-conjunta-dstNtc.jpg\",\"articleSection\":[\"Econ\u00f2miques i Empresarials\",\"Premis, distincions i nomenaments\"],\"inLanguage\":\"ca-ES\"},{\"@type\":\"WebPage\",\"@id\":\"https:\\\/\\\/raed.academy\\\/ca\\\/un-referent-internacional-al-mon-de-lauditoria\\\/\",\"url\":\"https:\\\/\\\/raed.academy\\\/ca\\\/un-referent-internacional-al-mon-de-lauditoria\\\/\",\"name\":\"Un referent internacional al m\u00f3n de l'auditoria - Reial Acad\u00e8mia Europea de Doctors\",\"isPartOf\":{\"@id\":\"https:\\\/\\\/raed.academy\\\/ca\\\/#website\"},\"primaryImageOfPage\":{\"@id\":\"https:\\\/\\\/raed.academy\\\/ca\\\/un-referent-internacional-al-mon-de-lauditoria\\\/#primaryimage\"},\"image\":{\"@id\":\"https:\\\/\\\/raed.academy\\\/ca\\\/un-referent-internacional-al-mon-de-lauditoria\\\/#primaryimage\"},\"thumbnailUrl\":\"https:\\\/\\\/raed.academy\\\/wp-content\\\/uploads\\\/2019\\\/11\\\/auditoria-conjunta-dstNtc.jpg\",\"datePublished\":\"2023-11-03T11:18:47+00:00\",\"description\":\"Frederic Borr\u00e0s ha estat reconegut com a membre d'honor d'IECnet, una de les principals firmes internacionals d'auditoria i consultoria\",\"breadcrumb\":{\"@id\":\"https:\\\/\\\/raed.academy\\\/ca\\\/un-referent-internacional-al-mon-de-lauditoria\\\/#breadcrumb\"},\"inLanguage\":\"ca-ES\",\"potentialAction\":[{\"@type\":\"ReadAction\",\"target\":[\"https:\\\/\\\/raed.academy\\\/ca\\\/un-referent-internacional-al-mon-de-lauditoria\\\/\"]}]},{\"@type\":\"ImageObject\",\"inLanguage\":\"ca-ES\",\"@id\":\"https:\\\/\\\/raed.academy\\\/ca\\\/un-referent-internacional-al-mon-de-lauditoria\\\/#primaryimage\",\"url\":\"https:\\\/\\\/raed.academy\\\/wp-content\\\/uploads\\\/2019\\\/11\\\/auditoria-conjunta-dstNtc.jpg\",\"contentUrl\":\"https:\\\/\\\/raed.academy\\\/wp-content\\\/uploads\\\/2019\\\/11\\\/auditoria-conjunta-dstNtc.jpg\",\"width\":400,\"height\":207},{\"@type\":\"BreadcrumbList\",\"@id\":\"https:\\\/\\\/raed.academy\\\/ca\\\/un-referent-internacional-al-mon-de-lauditoria\\\/#breadcrumb\",\"itemListElement\":[{\"@type\":\"ListItem\",\"position\":1,\"name\":\"Inicio\",\"item\":\"https:\\\/\\\/raed.academy\\\/ca\\\/\"},{\"@type\":\"ListItem\",\"position\":2,\"name\":\"Un referent internacional al m\u00f3n de l&#8217;auditoria\"}]},{\"@type\":\"WebSite\",\"@id\":\"https:\\\/\\\/raed.academy\\\/ca\\\/#website\",\"url\":\"https:\\\/\\\/raed.academy\\\/ca\\\/\",\"name\":\"Reial Acad\u00e8mia Europea de Doctors\",\"description\":\"Corporaci\u00f3n de derecho p\u00fablico de car\u00e1cter cient\u00edfico, t\u00e9cnico y art\u00edstico, que tiene por objeto la investigaci\u00f3n, el estudio, el fomento y la extensi\u00f3n del conocimiento en su sentido m\u00e1s amplio\",\"publisher\":{\"@id\":\"https:\\\/\\\/raed.academy\\\/ca\\\/#organization\"},\"potentialAction\":[{\"@type\":\"SearchAction\",\"target\":{\"@type\":\"EntryPoint\",\"urlTemplate\":\"https:\\\/\\\/raed.academy\\\/ca\\\/?s={search_term_string}\"},\"query-input\":{\"@type\":\"PropertyValueSpecification\",\"valueRequired\":true,\"valueName\":\"search_term_string\"}}],\"inLanguage\":\"ca-ES\"},{\"@type\":\"Organization\",\"@id\":\"https:\\\/\\\/raed.academy\\\/ca\\\/#organization\",\"name\":\"Real Academia Europea de Doctores\",\"url\":\"https:\\\/\\\/raed.academy\\\/ca\\\/\",\"logo\":{\"@type\":\"ImageObject\",\"inLanguage\":\"ca-ES\",\"@id\":\"https:\\\/\\\/raed.academy\\\/ca\\\/#\\\/schema\\\/logo\\\/image\\\/\",\"url\":\"https:\\\/\\\/raed.academy\\\/wp-content\\\/uploads\\\/2017\\\/01\\\/cropped-logo_raed.png\",\"contentUrl\":\"https:\\\/\\\/raed.academy\\\/wp-content\\\/uploads\\\/2017\\\/01\\\/cropped-logo_raed.png\",\"width\":512,\"height\":512,\"caption\":\"Real Academia Europea de Doctores\"},\"image\":{\"@id\":\"https:\\\/\\\/raed.academy\\\/ca\\\/#\\\/schema\\\/logo\\\/image\\\/\"},\"sameAs\":[\"http:\\\/\\\/fb.me\\\/raed.academy\",\"https:\\\/\\\/x.com\\\/raedacademy\",\"https:\\\/\\\/www.instagram.com\\\/raed.academy\\\/\",\"https:\\\/\\\/www.youtube.com\\\/channel\\\/UCUYQwW2KrdirNWihxMDObwg\"]},{\"@type\":\"Person\",\"@id\":\"https:\\\/\\\/raed.academy\\\/ca\\\/#\\\/schema\\\/person\\\/5a755da80d1d979fd66ba745c8702927\",\"name\":\"RAED\",\"image\":{\"@type\":\"ImageObject\",\"inLanguage\":\"ca-ES\",\"@id\":\"https:\\\/\\\/secure.gravatar.com\\\/avatar\\\/19fdfdc0d67fb9c45714b703a2ac82251c4fcea3637f002ac3c9b74c0183583c?s=96&d=mm&r=g\",\"url\":\"https:\\\/\\\/secure.gravatar.com\\\/avatar\\\/19fdfdc0d67fb9c45714b703a2ac82251c4fcea3637f002ac3c9b74c0183583c?s=96&d=mm&r=g\",\"contentUrl\":\"https:\\\/\\\/secure.gravatar.com\\\/avatar\\\/19fdfdc0d67fb9c45714b703a2ac82251c4fcea3637f002ac3c9b74c0183583c?s=96&d=mm&r=g\",\"caption\":\"RAED\"}}]}<\/script>\n<!-- \/ Yoast SEO plugin. -->","yoast_head_json":{"title":"Un referent internacional al m\u00f3n de l'auditoria - Reial Acad\u00e8mia Europea de Doctors","description":"Frederic Borr\u00e0s ha estat reconegut com a membre d'honor d'IECnet, una de les principals firmes internacionals d'auditoria i consultoria","robots":{"index":"index","follow":"follow","max-snippet":"max-snippet:-1","max-image-preview":"max-image-preview:large","max-video-preview":"max-video-preview:-1"},"canonical":"https:\/\/raed.academy\/ca\/un-referent-internacional-al-mon-de-lauditoria\/","og_locale":"ca_ES","og_type":"article","og_title":"Un referent internacional al m\u00f3n de l'auditoria - Reial Acad\u00e8mia Europea de Doctors","og_description":"Frederic Borr\u00e0s ha estat reconegut com a membre d'honor d'IECnet, una de les principals firmes internacionals d'auditoria i consultoria","og_url":"https:\/\/raed.academy\/ca\/un-referent-internacional-al-mon-de-lauditoria\/","og_site_name":"Reial Acad\u00e8mia Europea de Doctors","article_publisher":"http:\/\/fb.me\/raed.academy","article_published_time":"2023-11-03T11:18:47+00:00","og_image":[{"width":400,"height":207,"url":"https:\/\/raed.academy\/wp-content\/uploads\/2019\/11\/auditoria-conjunta-dstNtc.jpg","type":"image\/jpeg"}],"author":"RAED","twitter_card":"summary_large_image","twitter_creator":"@raedacademy","twitter_site":"@raedacademy","twitter_misc":{"Written by":"RAED","Est. reading time":"3 minutes"},"schema":{"@context":"https:\/\/schema.org","@graph":[{"@type":"Article","@id":"https:\/\/raed.academy\/ca\/un-referent-internacional-al-mon-de-lauditoria\/#article","isPartOf":{"@id":"https:\/\/raed.academy\/ca\/un-referent-internacional-al-mon-de-lauditoria\/"},"author":{"name":"RAED","@id":"https:\/\/raed.academy\/ca\/#\/schema\/person\/5a755da80d1d979fd66ba745c8702927"},"headline":"Un referent internacional al m\u00f3n de l&#8217;auditoria","datePublished":"2023-11-03T11:18:47+00:00","mainEntityOfPage":{"@id":"https:\/\/raed.academy\/ca\/un-referent-internacional-al-mon-de-lauditoria\/"},"wordCount":567,"publisher":{"@id":"https:\/\/raed.academy\/ca\/#organization"},"image":{"@id":"https:\/\/raed.academy\/ca\/un-referent-internacional-al-mon-de-lauditoria\/#primaryimage"},"thumbnailUrl":"https:\/\/raed.academy\/wp-content\/uploads\/2019\/11\/auditoria-conjunta-dstNtc.jpg","articleSection":["Econ\u00f2miques i Empresarials","Premis, distincions i nomenaments"],"inLanguage":"ca-ES"},{"@type":"WebPage","@id":"https:\/\/raed.academy\/ca\/un-referent-internacional-al-mon-de-lauditoria\/","url":"https:\/\/raed.academy\/ca\/un-referent-internacional-al-mon-de-lauditoria\/","name":"Un referent internacional al m\u00f3n de l'auditoria - Reial Acad\u00e8mia Europea de Doctors","isPartOf":{"@id":"https:\/\/raed.academy\/ca\/#website"},"primaryImageOfPage":{"@id":"https:\/\/raed.academy\/ca\/un-referent-internacional-al-mon-de-lauditoria\/#primaryimage"},"image":{"@id":"https:\/\/raed.academy\/ca\/un-referent-internacional-al-mon-de-lauditoria\/#primaryimage"},"thumbnailUrl":"https:\/\/raed.academy\/wp-content\/uploads\/2019\/11\/auditoria-conjunta-dstNtc.jpg","datePublished":"2023-11-03T11:18:47+00:00","description":"Frederic Borr\u00e0s ha estat reconegut com a membre d'honor d'IECnet, una de les principals firmes internacionals d'auditoria i consultoria","breadcrumb":{"@id":"https:\/\/raed.academy\/ca\/un-referent-internacional-al-mon-de-lauditoria\/#breadcrumb"},"inLanguage":"ca-ES","potentialAction":[{"@type":"ReadAction","target":["https:\/\/raed.academy\/ca\/un-referent-internacional-al-mon-de-lauditoria\/"]}]},{"@type":"ImageObject","inLanguage":"ca-ES","@id":"https:\/\/raed.academy\/ca\/un-referent-internacional-al-mon-de-lauditoria\/#primaryimage","url":"https:\/\/raed.academy\/wp-content\/uploads\/2019\/11\/auditoria-conjunta-dstNtc.jpg","contentUrl":"https:\/\/raed.academy\/wp-content\/uploads\/2019\/11\/auditoria-conjunta-dstNtc.jpg","width":400,"height":207},{"@type":"BreadcrumbList","@id":"https:\/\/raed.academy\/ca\/un-referent-internacional-al-mon-de-lauditoria\/#breadcrumb","itemListElement":[{"@type":"ListItem","position":1,"name":"Inicio","item":"https:\/\/raed.academy\/ca\/"},{"@type":"ListItem","position":2,"name":"Un referent internacional al m\u00f3n de l&#8217;auditoria"}]},{"@type":"WebSite","@id":"https:\/\/raed.academy\/ca\/#website","url":"https:\/\/raed.academy\/ca\/","name":"Reial Acad\u00e8mia Europea de Doctors","description":"Corporaci\u00f3n de derecho p\u00fablico de car\u00e1cter cient\u00edfico, t\u00e9cnico y art\u00edstico, que tiene por objeto la investigaci\u00f3n, el estudio, el fomento y la extensi\u00f3n del conocimiento en su sentido m\u00e1s amplio","publisher":{"@id":"https:\/\/raed.academy\/ca\/#organization"},"potentialAction":[{"@type":"SearchAction","target":{"@type":"EntryPoint","urlTemplate":"https:\/\/raed.academy\/ca\/?s={search_term_string}"},"query-input":{"@type":"PropertyValueSpecification","valueRequired":true,"valueName":"search_term_string"}}],"inLanguage":"ca-ES"},{"@type":"Organization","@id":"https:\/\/raed.academy\/ca\/#organization","name":"Real Academia Europea de Doctores","url":"https:\/\/raed.academy\/ca\/","logo":{"@type":"ImageObject","inLanguage":"ca-ES","@id":"https:\/\/raed.academy\/ca\/#\/schema\/logo\/image\/","url":"https:\/\/raed.academy\/wp-content\/uploads\/2017\/01\/cropped-logo_raed.png","contentUrl":"https:\/\/raed.academy\/wp-content\/uploads\/2017\/01\/cropped-logo_raed.png","width":512,"height":512,"caption":"Real Academia Europea de Doctores"},"image":{"@id":"https:\/\/raed.academy\/ca\/#\/schema\/logo\/image\/"},"sameAs":["http:\/\/fb.me\/raed.academy","https:\/\/x.com\/raedacademy","https:\/\/www.instagram.com\/raed.academy\/","https:\/\/www.youtube.com\/channel\/UCUYQwW2KrdirNWihxMDObwg"]},{"@type":"Person","@id":"https:\/\/raed.academy\/ca\/#\/schema\/person\/5a755da80d1d979fd66ba745c8702927","name":"RAED","image":{"@type":"ImageObject","inLanguage":"ca-ES","@id":"https:\/\/secure.gravatar.com\/avatar\/19fdfdc0d67fb9c45714b703a2ac82251c4fcea3637f002ac3c9b74c0183583c?s=96&d=mm&r=g","url":"https:\/\/secure.gravatar.com\/avatar\/19fdfdc0d67fb9c45714b703a2ac82251c4fcea3637f002ac3c9b74c0183583c?s=96&d=mm&r=g","contentUrl":"https:\/\/secure.gravatar.com\/avatar\/19fdfdc0d67fb9c45714b703a2ac82251c4fcea3637f002ac3c9b74c0183583c?s=96&d=mm&r=g","caption":"RAED"}}]}},"_links":{"self":[{"href":"https:\/\/raed.academy\/ca\/wp-json\/wp\/v2\/posts\/139805","targetHints":{"allow":["GET"]}}],"collection":[{"href":"https:\/\/raed.academy\/ca\/wp-json\/wp\/v2\/posts"}],"about":[{"href":"https:\/\/raed.academy\/ca\/wp-json\/wp\/v2\/types\/post"}],"author":[{"embeddable":true,"href":"https:\/\/raed.academy\/ca\/wp-json\/wp\/v2\/users\/12"}],"replies":[{"embeddable":true,"href":"https:\/\/raed.academy\/ca\/wp-json\/wp\/v2\/comments?post=139805"}],"version-history":[{"count":0,"href":"https:\/\/raed.academy\/ca\/wp-json\/wp\/v2\/posts\/139805\/revisions"}],"wp:featuredmedia":[{"embeddable":true,"href":"https:\/\/raed.academy\/ca\/wp-json\/wp\/v2\/media\/84042"}],"wp:attachment":[{"href":"https:\/\/raed.academy\/ca\/wp-json\/wp\/v2\/media?parent=139805"}],"wp:term":[{"taxonomy":"category","embeddable":true,"href":"https:\/\/raed.academy\/ca\/wp-json\/wp\/v2\/categories?post=139805"},{"taxonomy":"post_tag","embeddable":true,"href":"https:\/\/raed.academy\/ca\/wp-json\/wp\/v2\/tags?post=139805"}],"curies":[{"name":"wp","href":"https:\/\/api.w.org\/{rel}","templated":true}]}}