{"id":139383,"date":"2023-10-27T09:35:02","date_gmt":"2023-10-27T09:35:02","guid":{"rendered":"https:\/\/raed.academy\/?p=139383"},"modified":"2023-10-27T10:43:39","modified_gmt":"2023-10-27T10:43:39","slug":"la-viabilitat-dels-estats-subsaharians","status":"publish","type":"post","link":"https:\/\/raed.academy\/ca\/la-viabilitat-dels-estats-subsaharians\/","title":{"rendered":"La viabilitat dels estats subsaharians"},"content":{"rendered":"<p>[et_pb_section fb_built=&#8221;1&#8243; fullwidth=&#8221;on&#8221; _builder_version=&#8221;4.22.1&#8243; _module_preset=&#8221;default&#8221; locked=&#8221;off&#8221; global_colors_info=&#8221;{}&#8221;][et_pb_fullwidth_image src=&#8221;https:\/\/raed.academy\/wp-content\/uploads\/2023\/10\/ingreso-RAED-Dr-Lukas-K-Sosoe-10.webp&#8221; title_text=&#8221;ingreso-RAED-Dr-Lukas-K-Sosoe-10&#8243; _builder_version=&#8221;4.23&#8243; _module_preset=&#8221;default&#8221; global_colors_info=&#8221;{}&#8221;][\/et_pb_fullwidth_image][\/et_pb_section][et_pb_section fb_built=&#8221;1&#8243; _builder_version=&#8221;4.16&#8243; locked=&#8221;off&#8221; global_colors_info=&#8221;{}&#8221;][et_pb_row use_custom_gutter=&#8221;on&#8221; gutter_width=&#8221;1&#8243; _builder_version=&#8221;4.22.2&#8243; background_size=&#8221;initial&#8221; background_position=&#8221;top_left&#8221; background_repeat=&#8221;repeat&#8221; max_width=&#8221;1400px&#8221; global_colors_info=&#8221;{}&#8221;][et_pb_column type=&#8221;4_4&#8243; _builder_version=&#8221;4.16&#8243; custom_padding=&#8221;|||&#8221; global_colors_info=&#8221;{}&#8221; custom_padding__hover=&#8221;|||&#8221;][et_pb_text _builder_version=&#8221;4.23&#8243; background_size=&#8221;initial&#8221; background_position=&#8221;top_left&#8221; background_repeat=&#8221;repeat&#8221; hover_enabled=&#8221;0&#8243; global_colors_info=&#8221;{}&#8221; sticky_enabled=&#8221;0&#8243;]<div id=\"attachment_138318\" style=\"width: 240px\" class=\"wp-caption alignleft\"><img loading=\"lazy\" decoding=\"async\" aria-describedby=\"caption-attachment-138318\" class=\"wp-image-138318 size-full\" src=\"https:\/\/raed.academy\/wp-content\/uploads\/2023\/10\/Lukas-K-Sosoe-230x317px.jpeg\" alt=\"\" width=\"230\" height=\"317\" \/><p id=\"caption-attachment-138318\" class=\"wp-caption-text\">Dr. Lukas K. Sosoe<\/p><\/div><\/p>\n<p><a href=\"https:\/\/raed.academy\/academicos\/dr-lukas-k-sosoe\/\"><strong>Lukas K. Sosoe<\/strong><\/a>, doctor en Filosofia, va ingressar com a acad\u00e8mic corresponent de la Reial Acad\u00e8mia Europea de Doctors-Barcelona 1914 (RAED) durant una solemne sessi\u00f3 que es va celebrar a la Sala d&#8217;Actes de Foment del Treball, seu de la Reial Corporaci\u00f3, el 16 d&#8217;octubre passat. L&#8217;acte es va poder seguir tant de forma presencial com en streaming a trav\u00e9s del canal de YouTube de la RAED, on es pot visionar. El recipiendari va llegir el discurs d&#8217;ingr\u00e9s <a href=\"https:\/\/raed.academy\/wp-content\/uploads\/2023\/10\/Souverainetes-negatives-Identites-culturelles-et-etat-de-droit-Lukas-K-Sosoe-compr.pdf\" target=\"_blank\" rel=\"noopener\"><strong>&#8220;Souverainetes negatives: Identites culturelles et etat de droit El cas de l&#8217;Afrique sub-saharienne. Un programme&#8221;<\/strong><\/a>. Li va respondre, en nom de la Reial Acad\u00e8mia, l&#8217;acad\u00e8mic de n\u00famero de la RAED i secretari general de la Fundaci\u00f3 Pro Real Acad\u00e8mia Europea de Doctors <a href=\"https:\/\/raed.academy\/ca\/academics\/dr-santiago-jose-castella-surribas\/\"><strong>Santiago Castell\u00e0<\/strong><\/a>.<\/p>\n<p>Professor d&#8217;\u00c8tica, Filosofia del Dret i Filosofia Pol\u00edtica a la Facultat de Lletres, Humanitats, Arts i Ci\u00e8ncies de l&#8217;Educaci\u00f3 de la Universitat de Luxemburg, el nou acad\u00e8mic va presentar el debat obert despr\u00e9s de la descolonitzaci\u00f3 de l&#8217;\u00c0frica subsahariana de la creaci\u00f3 de diferents estats afric\u00e0 atenent les circumst\u00e0ncies hist\u00f2riques, pol\u00edtiques i sociol\u00f2giques de la regi\u00f3 i el frac\u00e0s que s&#8217;ha evidenciat en molts casos en la seva estructura, cohesi\u00f3 i funcionament democr\u00e0tic. Per explicar les condicions sociopol\u00edtiques dels estats africans i el seu frac\u00e0s, els investigadors han proposat nombroses hip\u00f2tesis, que van des de teories d&#8217;evoluci\u00f3 social segons la qual el cam\u00ed cap a la democr\u00e0cia necessita temps i diferents etapes a esgrimir raons psicol\u00f2giques que definirien una mentalitat africana en particular amb caracter\u00edstiques estructurals que explicarien el subdesenvolupament pol\u00edtic, la viol\u00e8ncia i la inestabilitat social i econ\u00f2mica. En qualsevol cas, en tots els casos s&#8217;apel\u00b7la a una identitat cultural africana&#8221;, va exposar Sosoe determinant els que segons ell han de ser els fonaments d&#8217;aquests pa\u00efsos.<\/p>\n<p>Per a l&#8217;expert, la transposici\u00f3 del model d&#8217;estat europeu que es va fer a l&#8217;ordenaci\u00f3 pol\u00edtica d&#8217;\u00c0frica despr\u00e9s de la Segona Guerra Mundial mitjan\u00e7ant els processos de descolonitzaci\u00f3 i autodeterminaci\u00f3 emparats per les Nacions Unides estan en bona part darrere d&#8217;aquest frac\u00e0s. &#8220;En el cas dels pa\u00efsos de l&#8217;\u00c0frica subsahariana, la refer\u00e8ncia a la identitat cultural per part dels que eren al poder i les elits africanes van tenir l&#8217;efecte d&#8217;evadir la q\u00fcesti\u00f3 de la legitimitat de l&#8217;Estat. Es va oferir una resposta de facto, fonamentada en una identitat cultural hipot\u00e8tica i imagin\u00e0ria, per\u00f2 sociol\u00f2gicament \u00e9s inexistent. Bloquejant tot esfor\u00e7 per construir un Estat de Dret, la primacia donada a identitat cultural va servir de justificaci\u00f3 per a les pitjors atrocitats, inseguretat i violacions dels drets humans&#8221;, va argumentar Sosoe.<\/p>\n<p>El recipiendari va concloure el discurs apel\u00b7lant a la desmitificaci\u00f3 tant dels discursos de tall racista o realitzats des d&#8217;una suposada superioritat moral com els purament bonistes que, en refer\u00e8ncia a les cultures africanes i en nom de la lluita contra l&#8217;imperialisme cultural, consideren que l&#8217;Estat de Dret no pot ser un model per a \u00c0frica. Per a Sosoe, no es tracta que el model democr\u00e0tic sigui inviable a la regi\u00f3 per q\u00fcestions hist\u00f2riques o culturals, sin\u00f3 per la manera com es va articular al llarg del segle XX.<\/p>\n<p>&nbsp;<\/p>\n<p><iframe loading=\"lazy\" title=\"Acto de ingreso c de recepci\u00f3n como Acad\u00e9mico Correspondiente del Sr. Dr. Lukas K. Sosoe\" width=\"1080\" height=\"608\" src=\"https:\/\/www.youtube.com\/embed\/hEPMjQ35Fsc?feature=oembed\" frameborder=\"0\" allow=\"accelerometer; autoplay; clipboard-write; encrypted-media; gyroscope; picture-in-picture; web-share\" allowfullscreen><\/iframe><\/p>\n<p>[\/et_pb_text][et_pb_gallery gallery_ids=&#8221;138946,138949,138952,138955,138958,138961,138964,138967,138970,138973,138976,138943&#8243; posts_number=&#8221;16&#8243; show_title_and_caption=&#8221;off&#8221; show_pagination=&#8221;off&#8221; admin_label=&#8221;Galer\u00eda&#8221; module_class=&#8221;galeria-pad-1&#8243; _builder_version=&#8221;4.23&#8243; _module_preset=&#8221;default&#8221; locked=&#8221;off&#8221; global_colors_info=&#8221;{}&#8221;][\/et_pb_gallery][\/et_pb_column][\/et_pb_row][\/et_pb_section]<\/p>\n","protected":false},"excerpt":{"rendered":"<p>Lukas K. Sosoe presenta el debat de la creaci\u00f3 de diferents estats africans atenent les circumst\u00e0ncies hist\u00f2riques, pol\u00edtiques i sociol\u00f2giques de la regi\u00f3 i el frac\u00e0s que s&#8217;ha evidenciat en molts casos en la seva estructura, cohesi\u00f3 i funcionament democr\u00e0tic<\/p>\n","protected":false},"author":12,"featured_media":124443,"comment_status":"closed","ping_status":"closed","sticky":false,"template":"","format":"standard","meta":{"_et_pb_use_builder":"on","_et_pb_old_content":"<a href=\"https:\/\/raed.academy\/ca\/academics\/dr-lukas-k-sosoe\/\" target=\"_blank\" rel=\"noopener\"><em><strong>Lukas K. Sosoe<\/strong><\/em><\/a>, doctor en Filosofia, va ingressar com a acad\u00e8mic corresponent de la <strong>Reial Acad\u00e8mia Europea de Doctors-Barcelona 1914<\/strong> (RAED) durant una solemne sessi\u00f3 que es va celebrar a la Sala d'Actes de <strong>Foment del Treball<\/strong>, seu de la Reial Corporaci\u00f3, el passat 16 d'octubre. L'acte es va poder seguir tant de forma presencial com en streaming a trav\u00e9s del canal de <strong>YouTube<\/strong> de la RAED, on es pot visionar. El recipienari va llegir el discurs d'ingr\u00e9s <strong>\"Souverainetes negatives: Identites culturelles et etat de droit Le cas de l\u2019Afrique sub-saharienne. Un programme\"<\/strong>. Li va respondre, en nom de la Reial Acad\u00e8mia, l'acad\u00e8mic de n\u00famero de la RAED i secretari general de la <strong>Fundaci\u00f3 Pro Real Acad\u00e8mia Europea de Doctors <a href=\"https:\/\/raed.academy\/ca\/academics\/dr-santiago-jose-castella-surribas\/\" target=\"_blank\" rel=\"noopener\"><em>Santiago Castell\u00e0<\/em><\/a><\/strong>.\r\n\r\nProfessor d'\u00c8tica, Filosofia del Dret i Filosofia Pol\u00edtica a la Facultat de Lletres, Humanitats, Arts i Ci\u00e8ncies de l'Educaci\u00f3 de la <strong>Universitat de Luxemburg<\/strong>, el nou acad\u00e8mic va presentar el debat obert despr\u00e9s de la descolonitzaci\u00f3 de l'\u00c0frica subsahariana de la creaci\u00f3 de diferents estats afric\u00e0 atenent les circumst\u00e0ncies hist\u00f2riques, pol\u00edtiques i sociol\u00f2giques de la regi\u00f3 i el frac\u00e0s que s'evidencia en molts casos en la seva estructura, cohesi\u00f3 i funcionament democr\u00e0tic. \"Per explicar les condicions sociopol\u00edtiques dels estats africans i el seu frac\u00e0s, els investigadors han proposat nombroses hip\u00f2tesis, que van des de teories d'evoluci\u00f3 social segons la qual el cam\u00ed cap a la democr\u00e0cia necessita temps i diferents etapes per esgrimir raons psicol\u00f2giques que definirien una mentalitat africana particular amb caracter\u00edstiques estructurals que explicarien el subdesenvolupament pol\u00edtic, la viol\u00e8ncia i la inestabilitat social i econ\u00f2mica. En qualsevol cas, en tots els sup\u00f2sits s'apel\u00b7la a una identitat cultural africana\", va exposar Sosoe definint el que al seu entendre ha de ser el fonament d'aquests pa\u00efsos.\r\n\r\nPer a l'expert, la transposici\u00f3 del model d'estat europeu que es va fer a l'ordenaci\u00f3 pol\u00edtica d'\u00c0frica despr\u00e9s de la Segona Guerra Mundial mitjan\u00e7ant els processos de descolonitzaci\u00f3 i autodeterminaci\u00f3 emparats per les <strong>Nacions Unides<\/strong> estan en bona mesura darrere d'aquest frac\u00e0s. \"En el cas dels pa\u00efsos de l'\u00c0frica subsahariana, la refer\u00e8ncia a la identitat cultural per part dels que eren al poder i les elits africanes van tenir l'efecte d'evadir la q\u00fcesti\u00f3 de la legitimitat de l'Estat. Es va oferir una resposta de facto, fonamentada en una identitat cultural hipot\u00e8tica i imagin\u00e0ria, per\u00f2 sociol\u00f2gicament \u00e9s inexistent. Bloquejant tot esfor\u00e7 per construir un Estat de Dret, la primacia donada a identitat cultural va servir de justificaci\u00f3 per a les pitjors atrocitats, inseguretat i violacions dels drets humans\", va argumentar Sosoe.\r\n\r\nEl recipienari va concloure el discurs apel\u00b7lant a la desmitificaci\u00f3 tant dels discursos de tall racista o fets des d'una suposada superioritat moral com els purament bonistes que, en refer\u00e8ncia a les cultures africanes i en nom de la lluita contra l'imperialisme cultural, consideren que l'Estat de Dret no pot ser un model per a \u00c0frica. Per a Sosoe, no es tracta que el model democr\u00e0tic sigui inviable a la regi\u00f3 per q\u00fcestions hist\u00f2riques o culturals, sin\u00f3 per la manera com es va articular al llarg del segle XX.\r\n\r\n[embed]https:\/\/www.youtube.com\/watch?v=hEPMjQ35Fsc[\/embed]","_et_gb_content_width":"","footnotes":""},"categories":[350,380,242],"tags":[],"class_list":["post-139383","post","type-post","status-publish","format-standard","has-post-thumbnail","hentry","category-ciencies-politiques","category-conflictes-bellics","category-categ-historia","et-has-post-format-content","et_post_format-et-post-format-standard"],"yoast_head":"<!-- This site is optimized with the Yoast SEO plugin v27.4 - https:\/\/yoast.com\/product\/yoast-seo-wordpress\/ -->\n<title>La viabilitat dels estats subsaharians - Reial Acad\u00e8mia Europea de Doctors<\/title>\n<meta name=\"description\" content=\"Lukas K. Sosoe debat la creaci\u00f3 de diferents estats africans atenent les circumst\u00e0ncies hist\u00f2riques, pol\u00edtiques i sociol\u00f2giques de la regi\u00f3\" \/>\n<meta name=\"robots\" content=\"index, follow, max-snippet:-1, max-image-preview:large, max-video-preview:-1\" \/>\n<link rel=\"canonical\" href=\"https:\/\/raed.academy\/ca\/la-viabilitat-dels-estats-subsaharians\/\" \/>\n<meta property=\"og:locale\" content=\"ca_ES\" \/>\n<meta property=\"og:type\" content=\"article\" \/>\n<meta property=\"og:title\" content=\"La viabilitat dels estats subsaharians - Reial Acad\u00e8mia Europea de Doctors\" \/>\n<meta property=\"og:description\" content=\"Lukas K. Sosoe debat la creaci\u00f3 de diferents estats africans atenent les circumst\u00e0ncies hist\u00f2riques, pol\u00edtiques i sociol\u00f2giques de la regi\u00f3\" \/>\n<meta property=\"og:url\" content=\"https:\/\/raed.academy\/ca\/la-viabilitat-dels-estats-subsaharians\/\" \/>\n<meta property=\"og:site_name\" content=\"Reial Acad\u00e8mia Europea de Doctors\" \/>\n<meta property=\"article:publisher\" content=\"http:\/\/fb.me\/raed.academy\" \/>\n<meta property=\"article:published_time\" content=\"2023-10-27T09:35:02+00:00\" \/>\n<meta property=\"article:modified_time\" content=\"2023-10-27T10:43:39+00:00\" \/>\n<meta property=\"og:image\" content=\"https:\/\/raed.academy\/wp-content\/uploads\/2022\/11\/mapa-Africa-dst.webp\" \/>\n\t<meta property=\"og:image:width\" content=\"600\" \/>\n\t<meta property=\"og:image:height\" content=\"360\" \/>\n\t<meta property=\"og:image:type\" content=\"image\/webp\" \/>\n<meta name=\"author\" content=\"RAED\" \/>\n<meta name=\"twitter:card\" content=\"summary_large_image\" \/>\n<meta name=\"twitter:creator\" content=\"@raedacademy\" \/>\n<meta name=\"twitter:site\" content=\"@raedacademy\" \/>\n<meta name=\"twitter:label1\" content=\"Written by\" \/>\n\t<meta name=\"twitter:data1\" content=\"RAED\" \/>\n\t<meta name=\"twitter:label2\" content=\"Est. reading time\" \/>\n\t<meta name=\"twitter:data2\" content=\"3 minutes\" \/>\n<script type=\"application\/ld+json\" class=\"yoast-schema-graph\">{\"@context\":\"https:\\\/\\\/schema.org\",\"@graph\":[{\"@type\":\"Article\",\"@id\":\"https:\\\/\\\/raed.academy\\\/ca\\\/la-viabilitat-dels-estats-subsaharians\\\/#article\",\"isPartOf\":{\"@id\":\"https:\\\/\\\/raed.academy\\\/ca\\\/la-viabilitat-dels-estats-subsaharians\\\/\"},\"author\":{\"name\":\"RAED\",\"@id\":\"https:\\\/\\\/raed.academy\\\/ca\\\/#\\\/schema\\\/person\\\/5a755da80d1d979fd66ba745c8702927\"},\"headline\":\"La viabilitat dels estats subsaharians\",\"datePublished\":\"2023-10-27T09:35:02+00:00\",\"dateModified\":\"2023-10-27T10:43:39+00:00\",\"mainEntityOfPage\":{\"@id\":\"https:\\\/\\\/raed.academy\\\/ca\\\/la-viabilitat-dels-estats-subsaharians\\\/\"},\"wordCount\":771,\"publisher\":{\"@id\":\"https:\\\/\\\/raed.academy\\\/ca\\\/#organization\"},\"image\":{\"@id\":\"https:\\\/\\\/raed.academy\\\/ca\\\/la-viabilitat-dels-estats-subsaharians\\\/#primaryimage\"},\"thumbnailUrl\":\"https:\\\/\\\/raed.academy\\\/wp-content\\\/uploads\\\/2022\\\/11\\\/mapa-Africa-dst.webp\",\"articleSection\":[\"Ci\u00e8ncies pol\u00edtiques\",\"Conflictes b\u00e8l\u00b7lics\",\"Hist\u00f2ria\"],\"inLanguage\":\"ca-ES\"},{\"@type\":\"WebPage\",\"@id\":\"https:\\\/\\\/raed.academy\\\/ca\\\/la-viabilitat-dels-estats-subsaharians\\\/\",\"url\":\"https:\\\/\\\/raed.academy\\\/ca\\\/la-viabilitat-dels-estats-subsaharians\\\/\",\"name\":\"La viabilitat dels estats subsaharians - Reial Acad\u00e8mia Europea de Doctors\",\"isPartOf\":{\"@id\":\"https:\\\/\\\/raed.academy\\\/ca\\\/#website\"},\"primaryImageOfPage\":{\"@id\":\"https:\\\/\\\/raed.academy\\\/ca\\\/la-viabilitat-dels-estats-subsaharians\\\/#primaryimage\"},\"image\":{\"@id\":\"https:\\\/\\\/raed.academy\\\/ca\\\/la-viabilitat-dels-estats-subsaharians\\\/#primaryimage\"},\"thumbnailUrl\":\"https:\\\/\\\/raed.academy\\\/wp-content\\\/uploads\\\/2022\\\/11\\\/mapa-Africa-dst.webp\",\"datePublished\":\"2023-10-27T09:35:02+00:00\",\"dateModified\":\"2023-10-27T10:43:39+00:00\",\"description\":\"Lukas K. Sosoe debat la creaci\u00f3 de diferents estats africans atenent les circumst\u00e0ncies hist\u00f2riques, pol\u00edtiques i sociol\u00f2giques de la regi\u00f3\",\"breadcrumb\":{\"@id\":\"https:\\\/\\\/raed.academy\\\/ca\\\/la-viabilitat-dels-estats-subsaharians\\\/#breadcrumb\"},\"inLanguage\":\"ca-ES\",\"potentialAction\":[{\"@type\":\"ReadAction\",\"target\":[\"https:\\\/\\\/raed.academy\\\/ca\\\/la-viabilitat-dels-estats-subsaharians\\\/\"]}]},{\"@type\":\"ImageObject\",\"inLanguage\":\"ca-ES\",\"@id\":\"https:\\\/\\\/raed.academy\\\/ca\\\/la-viabilitat-dels-estats-subsaharians\\\/#primaryimage\",\"url\":\"https:\\\/\\\/raed.academy\\\/wp-content\\\/uploads\\\/2022\\\/11\\\/mapa-Africa-dst.webp\",\"contentUrl\":\"https:\\\/\\\/raed.academy\\\/wp-content\\\/uploads\\\/2022\\\/11\\\/mapa-Africa-dst.webp\",\"width\":600,\"height\":360},{\"@type\":\"BreadcrumbList\",\"@id\":\"https:\\\/\\\/raed.academy\\\/ca\\\/la-viabilitat-dels-estats-subsaharians\\\/#breadcrumb\",\"itemListElement\":[{\"@type\":\"ListItem\",\"position\":1,\"name\":\"Inicio\",\"item\":\"https:\\\/\\\/raed.academy\\\/ca\\\/\"},{\"@type\":\"ListItem\",\"position\":2,\"name\":\"La viabilitat dels estats subsaharians\"}]},{\"@type\":\"WebSite\",\"@id\":\"https:\\\/\\\/raed.academy\\\/ca\\\/#website\",\"url\":\"https:\\\/\\\/raed.academy\\\/ca\\\/\",\"name\":\"Reial Acad\u00e8mia Europea de Doctors\",\"description\":\"Corporaci\u00f3n de derecho p\u00fablico de car\u00e1cter cient\u00edfico, t\u00e9cnico y art\u00edstico, que tiene por objeto la investigaci\u00f3n, el estudio, el fomento y la extensi\u00f3n del conocimiento en su sentido m\u00e1s amplio\",\"publisher\":{\"@id\":\"https:\\\/\\\/raed.academy\\\/ca\\\/#organization\"},\"potentialAction\":[{\"@type\":\"SearchAction\",\"target\":{\"@type\":\"EntryPoint\",\"urlTemplate\":\"https:\\\/\\\/raed.academy\\\/ca\\\/?s={search_term_string}\"},\"query-input\":{\"@type\":\"PropertyValueSpecification\",\"valueRequired\":true,\"valueName\":\"search_term_string\"}}],\"inLanguage\":\"ca-ES\"},{\"@type\":\"Organization\",\"@id\":\"https:\\\/\\\/raed.academy\\\/ca\\\/#organization\",\"name\":\"Real Academia Europea de Doctores\",\"url\":\"https:\\\/\\\/raed.academy\\\/ca\\\/\",\"logo\":{\"@type\":\"ImageObject\",\"inLanguage\":\"ca-ES\",\"@id\":\"https:\\\/\\\/raed.academy\\\/ca\\\/#\\\/schema\\\/logo\\\/image\\\/\",\"url\":\"https:\\\/\\\/raed.academy\\\/wp-content\\\/uploads\\\/2017\\\/01\\\/cropped-logo_raed.png\",\"contentUrl\":\"https:\\\/\\\/raed.academy\\\/wp-content\\\/uploads\\\/2017\\\/01\\\/cropped-logo_raed.png\",\"width\":512,\"height\":512,\"caption\":\"Real Academia Europea de Doctores\"},\"image\":{\"@id\":\"https:\\\/\\\/raed.academy\\\/ca\\\/#\\\/schema\\\/logo\\\/image\\\/\"},\"sameAs\":[\"http:\\\/\\\/fb.me\\\/raed.academy\",\"https:\\\/\\\/x.com\\\/raedacademy\",\"https:\\\/\\\/www.instagram.com\\\/raed.academy\\\/\",\"https:\\\/\\\/www.youtube.com\\\/channel\\\/UCUYQwW2KrdirNWihxMDObwg\"]},{\"@type\":\"Person\",\"@id\":\"https:\\\/\\\/raed.academy\\\/ca\\\/#\\\/schema\\\/person\\\/5a755da80d1d979fd66ba745c8702927\",\"name\":\"RAED\",\"image\":{\"@type\":\"ImageObject\",\"inLanguage\":\"ca-ES\",\"@id\":\"https:\\\/\\\/secure.gravatar.com\\\/avatar\\\/19fdfdc0d67fb9c45714b703a2ac82251c4fcea3637f002ac3c9b74c0183583c?s=96&d=mm&r=g\",\"url\":\"https:\\\/\\\/secure.gravatar.com\\\/avatar\\\/19fdfdc0d67fb9c45714b703a2ac82251c4fcea3637f002ac3c9b74c0183583c?s=96&d=mm&r=g\",\"contentUrl\":\"https:\\\/\\\/secure.gravatar.com\\\/avatar\\\/19fdfdc0d67fb9c45714b703a2ac82251c4fcea3637f002ac3c9b74c0183583c?s=96&d=mm&r=g\",\"caption\":\"RAED\"}}]}<\/script>\n<!-- \/ Yoast SEO plugin. -->","yoast_head_json":{"title":"La viabilitat dels estats subsaharians - Reial Acad\u00e8mia Europea de Doctors","description":"Lukas K. Sosoe debat la creaci\u00f3 de diferents estats africans atenent les circumst\u00e0ncies hist\u00f2riques, pol\u00edtiques i sociol\u00f2giques de la regi\u00f3","robots":{"index":"index","follow":"follow","max-snippet":"max-snippet:-1","max-image-preview":"max-image-preview:large","max-video-preview":"max-video-preview:-1"},"canonical":"https:\/\/raed.academy\/ca\/la-viabilitat-dels-estats-subsaharians\/","og_locale":"ca_ES","og_type":"article","og_title":"La viabilitat dels estats subsaharians - Reial Acad\u00e8mia Europea de Doctors","og_description":"Lukas K. Sosoe debat la creaci\u00f3 de diferents estats africans atenent les circumst\u00e0ncies hist\u00f2riques, pol\u00edtiques i sociol\u00f2giques de la regi\u00f3","og_url":"https:\/\/raed.academy\/ca\/la-viabilitat-dels-estats-subsaharians\/","og_site_name":"Reial Acad\u00e8mia Europea de Doctors","article_publisher":"http:\/\/fb.me\/raed.academy","article_published_time":"2023-10-27T09:35:02+00:00","article_modified_time":"2023-10-27T10:43:39+00:00","og_image":[{"width":600,"height":360,"url":"https:\/\/raed.academy\/wp-content\/uploads\/2022\/11\/mapa-Africa-dst.webp","type":"image\/webp"}],"author":"RAED","twitter_card":"summary_large_image","twitter_creator":"@raedacademy","twitter_site":"@raedacademy","twitter_misc":{"Written by":"RAED","Est. reading time":"3 minutes"},"schema":{"@context":"https:\/\/schema.org","@graph":[{"@type":"Article","@id":"https:\/\/raed.academy\/ca\/la-viabilitat-dels-estats-subsaharians\/#article","isPartOf":{"@id":"https:\/\/raed.academy\/ca\/la-viabilitat-dels-estats-subsaharians\/"},"author":{"name":"RAED","@id":"https:\/\/raed.academy\/ca\/#\/schema\/person\/5a755da80d1d979fd66ba745c8702927"},"headline":"La viabilitat dels estats subsaharians","datePublished":"2023-10-27T09:35:02+00:00","dateModified":"2023-10-27T10:43:39+00:00","mainEntityOfPage":{"@id":"https:\/\/raed.academy\/ca\/la-viabilitat-dels-estats-subsaharians\/"},"wordCount":771,"publisher":{"@id":"https:\/\/raed.academy\/ca\/#organization"},"image":{"@id":"https:\/\/raed.academy\/ca\/la-viabilitat-dels-estats-subsaharians\/#primaryimage"},"thumbnailUrl":"https:\/\/raed.academy\/wp-content\/uploads\/2022\/11\/mapa-Africa-dst.webp","articleSection":["Ci\u00e8ncies pol\u00edtiques","Conflictes b\u00e8l\u00b7lics","Hist\u00f2ria"],"inLanguage":"ca-ES"},{"@type":"WebPage","@id":"https:\/\/raed.academy\/ca\/la-viabilitat-dels-estats-subsaharians\/","url":"https:\/\/raed.academy\/ca\/la-viabilitat-dels-estats-subsaharians\/","name":"La viabilitat dels estats subsaharians - Reial Acad\u00e8mia Europea de Doctors","isPartOf":{"@id":"https:\/\/raed.academy\/ca\/#website"},"primaryImageOfPage":{"@id":"https:\/\/raed.academy\/ca\/la-viabilitat-dels-estats-subsaharians\/#primaryimage"},"image":{"@id":"https:\/\/raed.academy\/ca\/la-viabilitat-dels-estats-subsaharians\/#primaryimage"},"thumbnailUrl":"https:\/\/raed.academy\/wp-content\/uploads\/2022\/11\/mapa-Africa-dst.webp","datePublished":"2023-10-27T09:35:02+00:00","dateModified":"2023-10-27T10:43:39+00:00","description":"Lukas K. Sosoe debat la creaci\u00f3 de diferents estats africans atenent les circumst\u00e0ncies hist\u00f2riques, pol\u00edtiques i sociol\u00f2giques de la regi\u00f3","breadcrumb":{"@id":"https:\/\/raed.academy\/ca\/la-viabilitat-dels-estats-subsaharians\/#breadcrumb"},"inLanguage":"ca-ES","potentialAction":[{"@type":"ReadAction","target":["https:\/\/raed.academy\/ca\/la-viabilitat-dels-estats-subsaharians\/"]}]},{"@type":"ImageObject","inLanguage":"ca-ES","@id":"https:\/\/raed.academy\/ca\/la-viabilitat-dels-estats-subsaharians\/#primaryimage","url":"https:\/\/raed.academy\/wp-content\/uploads\/2022\/11\/mapa-Africa-dst.webp","contentUrl":"https:\/\/raed.academy\/wp-content\/uploads\/2022\/11\/mapa-Africa-dst.webp","width":600,"height":360},{"@type":"BreadcrumbList","@id":"https:\/\/raed.academy\/ca\/la-viabilitat-dels-estats-subsaharians\/#breadcrumb","itemListElement":[{"@type":"ListItem","position":1,"name":"Inicio","item":"https:\/\/raed.academy\/ca\/"},{"@type":"ListItem","position":2,"name":"La viabilitat dels estats subsaharians"}]},{"@type":"WebSite","@id":"https:\/\/raed.academy\/ca\/#website","url":"https:\/\/raed.academy\/ca\/","name":"Reial Acad\u00e8mia Europea de Doctors","description":"Corporaci\u00f3n de derecho p\u00fablico de car\u00e1cter cient\u00edfico, t\u00e9cnico y art\u00edstico, que tiene por objeto la investigaci\u00f3n, el estudio, el fomento y la extensi\u00f3n del conocimiento en su sentido m\u00e1s amplio","publisher":{"@id":"https:\/\/raed.academy\/ca\/#organization"},"potentialAction":[{"@type":"SearchAction","target":{"@type":"EntryPoint","urlTemplate":"https:\/\/raed.academy\/ca\/?s={search_term_string}"},"query-input":{"@type":"PropertyValueSpecification","valueRequired":true,"valueName":"search_term_string"}}],"inLanguage":"ca-ES"},{"@type":"Organization","@id":"https:\/\/raed.academy\/ca\/#organization","name":"Real Academia Europea de Doctores","url":"https:\/\/raed.academy\/ca\/","logo":{"@type":"ImageObject","inLanguage":"ca-ES","@id":"https:\/\/raed.academy\/ca\/#\/schema\/logo\/image\/","url":"https:\/\/raed.academy\/wp-content\/uploads\/2017\/01\/cropped-logo_raed.png","contentUrl":"https:\/\/raed.academy\/wp-content\/uploads\/2017\/01\/cropped-logo_raed.png","width":512,"height":512,"caption":"Real Academia Europea de Doctores"},"image":{"@id":"https:\/\/raed.academy\/ca\/#\/schema\/logo\/image\/"},"sameAs":["http:\/\/fb.me\/raed.academy","https:\/\/x.com\/raedacademy","https:\/\/www.instagram.com\/raed.academy\/","https:\/\/www.youtube.com\/channel\/UCUYQwW2KrdirNWihxMDObwg"]},{"@type":"Person","@id":"https:\/\/raed.academy\/ca\/#\/schema\/person\/5a755da80d1d979fd66ba745c8702927","name":"RAED","image":{"@type":"ImageObject","inLanguage":"ca-ES","@id":"https:\/\/secure.gravatar.com\/avatar\/19fdfdc0d67fb9c45714b703a2ac82251c4fcea3637f002ac3c9b74c0183583c?s=96&d=mm&r=g","url":"https:\/\/secure.gravatar.com\/avatar\/19fdfdc0d67fb9c45714b703a2ac82251c4fcea3637f002ac3c9b74c0183583c?s=96&d=mm&r=g","contentUrl":"https:\/\/secure.gravatar.com\/avatar\/19fdfdc0d67fb9c45714b703a2ac82251c4fcea3637f002ac3c9b74c0183583c?s=96&d=mm&r=g","caption":"RAED"}}]}},"_links":{"self":[{"href":"https:\/\/raed.academy\/ca\/wp-json\/wp\/v2\/posts\/139383","targetHints":{"allow":["GET"]}}],"collection":[{"href":"https:\/\/raed.academy\/ca\/wp-json\/wp\/v2\/posts"}],"about":[{"href":"https:\/\/raed.academy\/ca\/wp-json\/wp\/v2\/types\/post"}],"author":[{"embeddable":true,"href":"https:\/\/raed.academy\/ca\/wp-json\/wp\/v2\/users\/12"}],"replies":[{"embeddable":true,"href":"https:\/\/raed.academy\/ca\/wp-json\/wp\/v2\/comments?post=139383"}],"version-history":[{"count":0,"href":"https:\/\/raed.academy\/ca\/wp-json\/wp\/v2\/posts\/139383\/revisions"}],"wp:featuredmedia":[{"embeddable":true,"href":"https:\/\/raed.academy\/ca\/wp-json\/wp\/v2\/media\/124443"}],"wp:attachment":[{"href":"https:\/\/raed.academy\/ca\/wp-json\/wp\/v2\/media?parent=139383"}],"wp:term":[{"taxonomy":"category","embeddable":true,"href":"https:\/\/raed.academy\/ca\/wp-json\/wp\/v2\/categories?post=139383"},{"taxonomy":"post_tag","embeddable":true,"href":"https:\/\/raed.academy\/ca\/wp-json\/wp\/v2\/tags?post=139383"}],"curies":[{"name":"wp","href":"https:\/\/api.w.org\/{rel}","templated":true}]}}