{"id":138303,"date":"2023-10-15T09:00:23","date_gmt":"2023-10-15T09:00:23","guid":{"rendered":"https:\/\/raed.academy\/?p=138303"},"modified":"2023-10-15T09:35:35","modified_gmt":"2023-10-15T09:35:35","slug":"les-consequencies-de-la-guerra-ducraina","status":"publish","type":"post","link":"https:\/\/raed.academy\/ca\/les-consequencies-de-la-guerra-ducraina\/","title":{"rendered":"Les conseq\u00fc\u00e8ncies de la guerra d&#8217;Ucra\u00efna"},"content":{"rendered":"<div id=\"attachment_97042\" style=\"width: 293px\" class=\"wp-caption alignright\"><img loading=\"lazy\" decoding=\"async\" aria-describedby=\"caption-attachment-97042\" class=\"wp-image-97042\" src=\"https:\/\/raed.academy\/wp-content\/uploads\/2020\/12\/Francisco-Gonzalez-de-Posada-dstNtc.jpg\" alt=\"Francisco Gonz\u00e1lez de Posada\" width=\"283\" height=\"170\" srcset=\"https:\/\/raed.academy\/wp-content\/uploads\/2020\/12\/Francisco-Gonzalez-de-Posada-dstNtc.jpg 500w, https:\/\/raed.academy\/wp-content\/uploads\/2020\/12\/Francisco-Gonzalez-de-Posada-dstNtc-440x264.jpg 440w\" sizes=\"(max-width: 283px) 100vw, 283px\" \/><p id=\"caption-attachment-97042\" class=\"wp-caption-text\">Dr. Francisco Gonz\u00e1lez de Posada<\/p><\/div>\n<p><a href=\"https:\/\/raed.academy\/ca\/academics\/dr-francisco-gonzalez-de-posada\/\" target=\"_blank\" rel=\"noopener\"><em><strong>Francisco Gonz\u00e1lez de Posada<\/strong><\/em><\/a>, catedr\u00e0tic de Fonaments F\u00edsics de la <strong>Universitat Polit\u00e8cnica de Madrid<\/strong> i acad\u00e8mic d&#8217;honor de la <strong>Reial Acad\u00e8mia Europea de Doctors-Barcelona 1914<\/strong> (RAED), i <a href=\"https:\/\/raed.academy\/ca\/academics\/dr-alfredo-rocafort-nicolau\/\" target=\"_blank\" rel=\"noopener\"><em><strong>Alfredo Rocafort<\/strong><\/em><\/a>, catedr\u00e0tic de Comptabilitat de la <strong>Universitat de Barcelona<\/strong>\u00a0i acad\u00e8mic de n\u00famero i president de la <strong>Junta de Govern<\/strong> de la RAED, van participar els passats 28 i 29 de setembre al cicle <strong>&#8220;La guerra de Ucrania: en momento de contraofensiva&#8221;<\/strong>, organitzat per l&#8217;<strong>Acad\u00e8mia de Ci\u00e8ncies, Enginyeries i Humanitats de Lanzarote<\/strong> a la seva <strong>Aula Telem\u00e0tica Virtual<\/strong>. Gonz\u00e1lez de Posada va presentar la pon\u00e8ncia<strong> &#8220;Guerra civil religiosa&#8221;<\/strong>, en qu\u00e8 va abordar, com en sessions anteriors, la perspectiva religiosa d&#8217;aquest conflicte entre R\u00fassia i Ucra\u00efna, mentre que Rocafort va presentar el treball <strong>&#8220;La guerra de Ucrania y su impacto en la econom\u00eda global&#8221;<\/strong>, on va abordar les conseq\u00fc\u00e8ncies de la guerra als mercats internacionals.<\/p>\n<p>Gonz\u00e1lez de Posada va repassar de manera succinta tant la hist\u00f2ria de l&#8217;imperi rus com de l&#8217;Esgl\u00e9sia Ortodoxa Oriental, que de forma paradoxal va cobrar la seva pr\u00f2pia personalitat sota el r\u00e8gim socialista i va tenir un gran ressorgir despr\u00e9s del col\u00b7lapse de la Uni\u00f3 Sovi\u00e8tica. El desmantellament de l&#8217;URSS i la independ\u00e8ncia de bona part de les rep\u00fabliques va portar tamb\u00e9 a la independ\u00e8ncia relativa de les esgl\u00e9sies ortodoxes nacionals, amb el gran cisma de l&#8217;Esgl\u00e9sia Ortodoxa Russa que es va donar l&#8217;any 2019 des que el patriarca<strong> Ciril I<\/strong> de Moscou adopt\u00e9s les tesis de la Gran R\u00fassia, que contempla la unitat pol\u00edtica i administrativa de R\u00fassia, Ucra\u00efna i Bielor\u00fassia. Despr\u00e9s de la invasi\u00f3 russa d&#8217;Ucra\u00efna, l&#8217;Epifani de K\u00edev i de tota Ucra\u00efna va assumir un rol actiu que va condemnar les accions de Moscou i va q\u00fcestionar la submissi\u00f3 de Ciril I a Vlad\u00edmir Putin. Un fet que, per al ponent, deixa clar que si b\u00e9 la religi\u00f3 no \u00e9s el fet que ha propiciat i ni tan sols encoratjat la guerra, s\u00ed que \u00e9s cert que les dues grans esgl\u00e9sies ortodoxes orientals s\u00ed que estan en guerra.<\/p>\n<div id=\"attachment_138459\" style=\"width: 420px\" class=\"wp-caption alignleft\"><img loading=\"lazy\" decoding=\"async\" aria-describedby=\"caption-attachment-138459\" class=\"wp-image-138459\" src=\"https:\/\/raed.academy\/wp-content\/uploads\/2023\/10\/Alfredo-rocafort-nicolau-guerra-ucrania-perspectiva-economica.webp\" alt=\"Dr. Alfredo Rocafort\" width=\"410\" height=\"231\" \/><p id=\"caption-attachment-138459\" class=\"wp-caption-text\">Dr. Alfredo Rocafort<\/p><\/div>\n<p>Rocafort, per la seva banda, va presentar els efectes primaris i secundaris del conflicte en una economia globalitzada, uns fets que estan influint decisivament als mercats energ\u00e8tics i a les tensions geopol\u00edtiques internacionals, que obren pas a noves aliances internacionals despertant el concepte del Sud Global i evidenciant les debilitats de les cadenes de subministrament, a m\u00e9s d&#8217;afectar de manera directa les pol\u00edtiques de transici\u00f3 energ\u00e8tica. L&#8217;acad\u00e8mic va analitzar els sectors m\u00e9s afectats, comen\u00e7ant per l&#8217;agricultura local, afectant els preus de nombrosos productes primaris i la seva escassetat a pa\u00efsos amb pocs recursos. Aix\u00ed mateix, va incidir en el fort impacte que el conflicte est\u00e0 tenint en els mercats financers, el ressorgiment de la inflaci\u00f3 i les conseg\u00fcents pol\u00edtiques d&#8217;al\u00e7a dels tipus d&#8217;inter\u00e8s.<\/p>\n<p>Gonz\u00e1lez de Posada \u00e9s acad\u00e8mic de n\u00famero de la <strong>Reial Acad\u00e8mia Nacional de Medicina d&#8217;Espanya<\/strong>, de la <strong>Reial Acad\u00e8mia de Doctors d&#8217;Espanya<\/strong> i membre de l&#8217;<strong>Acad\u00e8mia Mundial d&#8217;Arts i Ci\u00e8ncies<\/strong>, acad\u00e8mic corresponent de la <strong>Reial Acad\u00e8mia de Belles Arts de Cadis<\/strong>, de la <strong>Reial Acad\u00e8mia de Belles Arts de San Fernando<\/strong>\u00a0i la <strong>Reial Acad\u00e8mia de Ci\u00e8ncies, Belles Arts i Bones Lletres d&#8217;\u00c8cija<\/strong> i acad\u00e8mic d&#8217;honor de l&#8217;<strong>Acad\u00e8mia de Ci\u00e8ncies M\u00e8diques de Cant\u00e0bria<\/strong>, de la <strong>Reial Acad\u00e8mia de Cultura Valenciana<\/strong>, de la <strong>Reial Acad\u00e8mia de Medicina i Cirurgia de Cadis<\/strong> i de la <strong>Reial Acad\u00e8mia de Medicina de Can\u00e0ries<\/strong>. A m\u00e9s presideix l&#8217;Acad\u00e8mia de Ci\u00e8ncies, Enginyeries i Humanitats de Lanzarote.<\/p>\n<p>Rocafort, per la seva banda, \u00e9s conseller de l&#8217;<strong>Associaci\u00f3 Catalana de Comptabilitat i Direcci\u00f3<\/strong>, membre de la Junta de Govern de la <strong>Fundaci\u00f3 Independent<\/strong>, acad\u00e8mic de n\u00famero de la <strong>Reial Acad\u00e8mia de Ci\u00e8ncies Econ\u00f2miques i Financeres<\/strong> i acad\u00e8mic de n\u00famero de l&#8217;<strong>Acad\u00e8mia de la Diplom\u00e0cia del Regne d&#8217;Espanya<\/strong>.<\/p>\n<p><iframe loading=\"lazy\" title=\"PERSPECTIVA RELIGIOSA: \u201cGuerra civil religiosa\u201d\" width=\"1080\" height=\"608\" src=\"https:\/\/www.youtube.com\/embed\/0xfigvJJMPo?feature=oembed\" frameborder=\"0\" allow=\"accelerometer; autoplay; clipboard-write; encrypted-media; gyroscope; picture-in-picture; web-share\" allowfullscreen><\/iframe><\/p>\n<p><iframe loading=\"lazy\" title=\"PERSPECTIVA ECON\u00d3MICA: \u201cLa Guerra de Ucrania y su Impacto en la Econom\u00eda Global\u201d\" width=\"1080\" height=\"608\" src=\"https:\/\/www.youtube.com\/embed\/wH2GktUXJq4?feature=oembed\" frameborder=\"0\" allow=\"accelerometer; autoplay; clipboard-write; encrypted-media; gyroscope; picture-in-picture; web-share\" allowfullscreen><\/iframe><\/p>\n","protected":false},"excerpt":{"rendered":"<p>Francisco Gonz\u00e1lez de Posada aborda la perspectiva religiosa del conflicte entre R\u00fassia i Ucra\u00efna, mentre que Alfredo Rocafort aborda les conseq\u00fc\u00e8ncies de la guerra als mercats internacionals, al cicle de l&#8217;ACIL &#8220;La guerra de Ucrania: en momento de contraofensiva&#8221;<\/p>\n","protected":false},"author":12,"featured_media":132249,"comment_status":"closed","ping_status":"closed","sticky":false,"template":"","format":"standard","meta":{"_et_pb_use_builder":"","_et_pb_old_content":"","_et_gb_content_width":"","footnotes":""},"categories":[380,304,242,252],"tags":[],"class_list":["post-138303","post","type-post","status-publish","format-standard","has-post-thumbnail","hentry","category-conflictes-bellics","category-economia-i-politica-ca","category-categ-historia","category-teologia-ca","et-has-post-format-content","et_post_format-et-post-format-standard"],"yoast_head":"<!-- This site is optimized with the Yoast SEO plugin v27.4 - https:\/\/yoast.com\/product\/yoast-seo-wordpress\/ -->\n<title>Les conseq\u00fc\u00e8ncies de la guerra d&#039;Ucra\u00efna - Reial Acad\u00e8mia Europea de Doctors<\/title>\n<meta name=\"description\" content=\"Francisco Gonz\u00e1lez de Posada i Alfredo Rocafort aborden la guerra d&#039;Ucra\u00efna des dels punts de vista religi\u00f3s i econ\u00f2mic, respectivament\" \/>\n<meta name=\"robots\" content=\"index, follow, max-snippet:-1, max-image-preview:large, max-video-preview:-1\" \/>\n<link rel=\"canonical\" href=\"https:\/\/raed.academy\/ca\/les-consequencies-de-la-guerra-ducraina\/\" \/>\n<meta property=\"og:locale\" content=\"ca_ES\" \/>\n<meta property=\"og:type\" content=\"article\" \/>\n<meta property=\"og:title\" content=\"Les conseq\u00fc\u00e8ncies de la guerra d&#039;Ucra\u00efna - Reial Acad\u00e8mia Europea de Doctors\" \/>\n<meta property=\"og:description\" content=\"Francisco Gonz\u00e1lez de Posada i Alfredo Rocafort aborden la guerra d&#039;Ucra\u00efna des dels punts de vista religi\u00f3s i econ\u00f2mic, respectivament\" \/>\n<meta property=\"og:url\" content=\"https:\/\/raed.academy\/ca\/les-consequencies-de-la-guerra-ducraina\/\" \/>\n<meta property=\"og:site_name\" content=\"Reial Acad\u00e8mia Europea de Doctors\" \/>\n<meta property=\"article:publisher\" content=\"http:\/\/fb.me\/raed.academy\" \/>\n<meta property=\"article:published_time\" content=\"2023-10-15T09:00:23+00:00\" \/>\n<meta property=\"article:modified_time\" content=\"2023-10-15T09:35:35+00:00\" \/>\n<meta property=\"og:image\" content=\"https:\/\/raed.academy\/wp-content\/uploads\/2023\/04\/Guerra-Ucrania.webp\" \/>\n\t<meta property=\"og:image:width\" content=\"600\" \/>\n\t<meta property=\"og:image:height\" content=\"362\" \/>\n\t<meta property=\"og:image:type\" content=\"image\/webp\" \/>\n<meta name=\"author\" content=\"RAED\" \/>\n<meta name=\"twitter:card\" content=\"summary_large_image\" \/>\n<meta name=\"twitter:creator\" content=\"@raedacademy\" \/>\n<meta name=\"twitter:site\" content=\"@raedacademy\" \/>\n<meta name=\"twitter:label1\" content=\"Written by\" \/>\n\t<meta name=\"twitter:data1\" content=\"RAED\" \/>\n\t<meta name=\"twitter:label2\" content=\"Est. reading time\" \/>\n\t<meta name=\"twitter:data2\" content=\"4 minutes\" \/>\n<script type=\"application\/ld+json\" class=\"yoast-schema-graph\">{\"@context\":\"https:\\\/\\\/schema.org\",\"@graph\":[{\"@type\":\"Article\",\"@id\":\"https:\\\/\\\/raed.academy\\\/ca\\\/les-consequencies-de-la-guerra-ducraina\\\/#article\",\"isPartOf\":{\"@id\":\"https:\\\/\\\/raed.academy\\\/ca\\\/les-consequencies-de-la-guerra-ducraina\\\/\"},\"author\":{\"name\":\"RAED\",\"@id\":\"https:\\\/\\\/raed.academy\\\/ca\\\/#\\\/schema\\\/person\\\/5a755da80d1d979fd66ba745c8702927\"},\"headline\":\"Les conseq\u00fc\u00e8ncies de la guerra d&#8217;Ucra\u00efna\",\"datePublished\":\"2023-10-15T09:00:23+00:00\",\"dateModified\":\"2023-10-15T09:35:35+00:00\",\"mainEntityOfPage\":{\"@id\":\"https:\\\/\\\/raed.academy\\\/ca\\\/les-consequencies-de-la-guerra-ducraina\\\/\"},\"wordCount\":777,\"publisher\":{\"@id\":\"https:\\\/\\\/raed.academy\\\/ca\\\/#organization\"},\"image\":{\"@id\":\"https:\\\/\\\/raed.academy\\\/ca\\\/les-consequencies-de-la-guerra-ducraina\\\/#primaryimage\"},\"thumbnailUrl\":\"https:\\\/\\\/raed.academy\\\/wp-content\\\/uploads\\\/2023\\\/04\\\/Guerra-Ucrania.webp\",\"articleSection\":[\"Conflictes b\u00e8l\u00b7lics\",\"Economia i pol\u00edtica\",\"Hist\u00f2ria\",\"Teologia\"],\"inLanguage\":\"ca-ES\"},{\"@type\":\"WebPage\",\"@id\":\"https:\\\/\\\/raed.academy\\\/ca\\\/les-consequencies-de-la-guerra-ducraina\\\/\",\"url\":\"https:\\\/\\\/raed.academy\\\/ca\\\/les-consequencies-de-la-guerra-ducraina\\\/\",\"name\":\"Les conseq\u00fc\u00e8ncies de la guerra d'Ucra\u00efna - Reial Acad\u00e8mia Europea de Doctors\",\"isPartOf\":{\"@id\":\"https:\\\/\\\/raed.academy\\\/ca\\\/#website\"},\"primaryImageOfPage\":{\"@id\":\"https:\\\/\\\/raed.academy\\\/ca\\\/les-consequencies-de-la-guerra-ducraina\\\/#primaryimage\"},\"image\":{\"@id\":\"https:\\\/\\\/raed.academy\\\/ca\\\/les-consequencies-de-la-guerra-ducraina\\\/#primaryimage\"},\"thumbnailUrl\":\"https:\\\/\\\/raed.academy\\\/wp-content\\\/uploads\\\/2023\\\/04\\\/Guerra-Ucrania.webp\",\"datePublished\":\"2023-10-15T09:00:23+00:00\",\"dateModified\":\"2023-10-15T09:35:35+00:00\",\"description\":\"Francisco Gonz\u00e1lez de Posada i Alfredo Rocafort aborden la guerra d'Ucra\u00efna des dels punts de vista religi\u00f3s i econ\u00f2mic, respectivament\",\"breadcrumb\":{\"@id\":\"https:\\\/\\\/raed.academy\\\/ca\\\/les-consequencies-de-la-guerra-ducraina\\\/#breadcrumb\"},\"inLanguage\":\"ca-ES\",\"potentialAction\":[{\"@type\":\"ReadAction\",\"target\":[\"https:\\\/\\\/raed.academy\\\/ca\\\/les-consequencies-de-la-guerra-ducraina\\\/\"]}]},{\"@type\":\"ImageObject\",\"inLanguage\":\"ca-ES\",\"@id\":\"https:\\\/\\\/raed.academy\\\/ca\\\/les-consequencies-de-la-guerra-ducraina\\\/#primaryimage\",\"url\":\"https:\\\/\\\/raed.academy\\\/wp-content\\\/uploads\\\/2023\\\/04\\\/Guerra-Ucrania.webp\",\"contentUrl\":\"https:\\\/\\\/raed.academy\\\/wp-content\\\/uploads\\\/2023\\\/04\\\/Guerra-Ucrania.webp\",\"width\":600,\"height\":362},{\"@type\":\"BreadcrumbList\",\"@id\":\"https:\\\/\\\/raed.academy\\\/ca\\\/les-consequencies-de-la-guerra-ducraina\\\/#breadcrumb\",\"itemListElement\":[{\"@type\":\"ListItem\",\"position\":1,\"name\":\"Inicio\",\"item\":\"https:\\\/\\\/raed.academy\\\/ca\\\/\"},{\"@type\":\"ListItem\",\"position\":2,\"name\":\"Les conseq\u00fc\u00e8ncies de la guerra d&#8217;Ucra\u00efna\"}]},{\"@type\":\"WebSite\",\"@id\":\"https:\\\/\\\/raed.academy\\\/ca\\\/#website\",\"url\":\"https:\\\/\\\/raed.academy\\\/ca\\\/\",\"name\":\"Reial Acad\u00e8mia Europea de Doctors\",\"description\":\"Corporaci\u00f3n de derecho p\u00fablico de car\u00e1cter cient\u00edfico, t\u00e9cnico y art\u00edstico, que tiene por objeto la investigaci\u00f3n, el estudio, el fomento y la extensi\u00f3n del conocimiento en su sentido m\u00e1s amplio\",\"publisher\":{\"@id\":\"https:\\\/\\\/raed.academy\\\/ca\\\/#organization\"},\"potentialAction\":[{\"@type\":\"SearchAction\",\"target\":{\"@type\":\"EntryPoint\",\"urlTemplate\":\"https:\\\/\\\/raed.academy\\\/ca\\\/?s={search_term_string}\"},\"query-input\":{\"@type\":\"PropertyValueSpecification\",\"valueRequired\":true,\"valueName\":\"search_term_string\"}}],\"inLanguage\":\"ca-ES\"},{\"@type\":\"Organization\",\"@id\":\"https:\\\/\\\/raed.academy\\\/ca\\\/#organization\",\"name\":\"Real Academia Europea de Doctores\",\"url\":\"https:\\\/\\\/raed.academy\\\/ca\\\/\",\"logo\":{\"@type\":\"ImageObject\",\"inLanguage\":\"ca-ES\",\"@id\":\"https:\\\/\\\/raed.academy\\\/ca\\\/#\\\/schema\\\/logo\\\/image\\\/\",\"url\":\"https:\\\/\\\/raed.academy\\\/wp-content\\\/uploads\\\/2017\\\/01\\\/cropped-logo_raed.png\",\"contentUrl\":\"https:\\\/\\\/raed.academy\\\/wp-content\\\/uploads\\\/2017\\\/01\\\/cropped-logo_raed.png\",\"width\":512,\"height\":512,\"caption\":\"Real Academia Europea de Doctores\"},\"image\":{\"@id\":\"https:\\\/\\\/raed.academy\\\/ca\\\/#\\\/schema\\\/logo\\\/image\\\/\"},\"sameAs\":[\"http:\\\/\\\/fb.me\\\/raed.academy\",\"https:\\\/\\\/x.com\\\/raedacademy\",\"https:\\\/\\\/www.instagram.com\\\/raed.academy\\\/\",\"https:\\\/\\\/www.youtube.com\\\/channel\\\/UCUYQwW2KrdirNWihxMDObwg\"]},{\"@type\":\"Person\",\"@id\":\"https:\\\/\\\/raed.academy\\\/ca\\\/#\\\/schema\\\/person\\\/5a755da80d1d979fd66ba745c8702927\",\"name\":\"RAED\",\"image\":{\"@type\":\"ImageObject\",\"inLanguage\":\"ca-ES\",\"@id\":\"https:\\\/\\\/secure.gravatar.com\\\/avatar\\\/19fdfdc0d67fb9c45714b703a2ac82251c4fcea3637f002ac3c9b74c0183583c?s=96&d=mm&r=g\",\"url\":\"https:\\\/\\\/secure.gravatar.com\\\/avatar\\\/19fdfdc0d67fb9c45714b703a2ac82251c4fcea3637f002ac3c9b74c0183583c?s=96&d=mm&r=g\",\"contentUrl\":\"https:\\\/\\\/secure.gravatar.com\\\/avatar\\\/19fdfdc0d67fb9c45714b703a2ac82251c4fcea3637f002ac3c9b74c0183583c?s=96&d=mm&r=g\",\"caption\":\"RAED\"}}]}<\/script>\n<!-- \/ Yoast SEO plugin. -->","yoast_head_json":{"title":"Les conseq\u00fc\u00e8ncies de la guerra d'Ucra\u00efna - Reial Acad\u00e8mia Europea de Doctors","description":"Francisco Gonz\u00e1lez de Posada i Alfredo Rocafort aborden la guerra d'Ucra\u00efna des dels punts de vista religi\u00f3s i econ\u00f2mic, respectivament","robots":{"index":"index","follow":"follow","max-snippet":"max-snippet:-1","max-image-preview":"max-image-preview:large","max-video-preview":"max-video-preview:-1"},"canonical":"https:\/\/raed.academy\/ca\/les-consequencies-de-la-guerra-ducraina\/","og_locale":"ca_ES","og_type":"article","og_title":"Les conseq\u00fc\u00e8ncies de la guerra d'Ucra\u00efna - Reial Acad\u00e8mia Europea de Doctors","og_description":"Francisco Gonz\u00e1lez de Posada i Alfredo Rocafort aborden la guerra d'Ucra\u00efna des dels punts de vista religi\u00f3s i econ\u00f2mic, respectivament","og_url":"https:\/\/raed.academy\/ca\/les-consequencies-de-la-guerra-ducraina\/","og_site_name":"Reial Acad\u00e8mia Europea de Doctors","article_publisher":"http:\/\/fb.me\/raed.academy","article_published_time":"2023-10-15T09:00:23+00:00","article_modified_time":"2023-10-15T09:35:35+00:00","og_image":[{"width":600,"height":362,"url":"https:\/\/raed.academy\/wp-content\/uploads\/2023\/04\/Guerra-Ucrania.webp","type":"image\/webp"}],"author":"RAED","twitter_card":"summary_large_image","twitter_creator":"@raedacademy","twitter_site":"@raedacademy","twitter_misc":{"Written by":"RAED","Est. reading time":"4 minutes"},"schema":{"@context":"https:\/\/schema.org","@graph":[{"@type":"Article","@id":"https:\/\/raed.academy\/ca\/les-consequencies-de-la-guerra-ducraina\/#article","isPartOf":{"@id":"https:\/\/raed.academy\/ca\/les-consequencies-de-la-guerra-ducraina\/"},"author":{"name":"RAED","@id":"https:\/\/raed.academy\/ca\/#\/schema\/person\/5a755da80d1d979fd66ba745c8702927"},"headline":"Les conseq\u00fc\u00e8ncies de la guerra d&#8217;Ucra\u00efna","datePublished":"2023-10-15T09:00:23+00:00","dateModified":"2023-10-15T09:35:35+00:00","mainEntityOfPage":{"@id":"https:\/\/raed.academy\/ca\/les-consequencies-de-la-guerra-ducraina\/"},"wordCount":777,"publisher":{"@id":"https:\/\/raed.academy\/ca\/#organization"},"image":{"@id":"https:\/\/raed.academy\/ca\/les-consequencies-de-la-guerra-ducraina\/#primaryimage"},"thumbnailUrl":"https:\/\/raed.academy\/wp-content\/uploads\/2023\/04\/Guerra-Ucrania.webp","articleSection":["Conflictes b\u00e8l\u00b7lics","Economia i pol\u00edtica","Hist\u00f2ria","Teologia"],"inLanguage":"ca-ES"},{"@type":"WebPage","@id":"https:\/\/raed.academy\/ca\/les-consequencies-de-la-guerra-ducraina\/","url":"https:\/\/raed.academy\/ca\/les-consequencies-de-la-guerra-ducraina\/","name":"Les conseq\u00fc\u00e8ncies de la guerra d'Ucra\u00efna - Reial Acad\u00e8mia Europea de Doctors","isPartOf":{"@id":"https:\/\/raed.academy\/ca\/#website"},"primaryImageOfPage":{"@id":"https:\/\/raed.academy\/ca\/les-consequencies-de-la-guerra-ducraina\/#primaryimage"},"image":{"@id":"https:\/\/raed.academy\/ca\/les-consequencies-de-la-guerra-ducraina\/#primaryimage"},"thumbnailUrl":"https:\/\/raed.academy\/wp-content\/uploads\/2023\/04\/Guerra-Ucrania.webp","datePublished":"2023-10-15T09:00:23+00:00","dateModified":"2023-10-15T09:35:35+00:00","description":"Francisco Gonz\u00e1lez de Posada i Alfredo Rocafort aborden la guerra d'Ucra\u00efna des dels punts de vista religi\u00f3s i econ\u00f2mic, respectivament","breadcrumb":{"@id":"https:\/\/raed.academy\/ca\/les-consequencies-de-la-guerra-ducraina\/#breadcrumb"},"inLanguage":"ca-ES","potentialAction":[{"@type":"ReadAction","target":["https:\/\/raed.academy\/ca\/les-consequencies-de-la-guerra-ducraina\/"]}]},{"@type":"ImageObject","inLanguage":"ca-ES","@id":"https:\/\/raed.academy\/ca\/les-consequencies-de-la-guerra-ducraina\/#primaryimage","url":"https:\/\/raed.academy\/wp-content\/uploads\/2023\/04\/Guerra-Ucrania.webp","contentUrl":"https:\/\/raed.academy\/wp-content\/uploads\/2023\/04\/Guerra-Ucrania.webp","width":600,"height":362},{"@type":"BreadcrumbList","@id":"https:\/\/raed.academy\/ca\/les-consequencies-de-la-guerra-ducraina\/#breadcrumb","itemListElement":[{"@type":"ListItem","position":1,"name":"Inicio","item":"https:\/\/raed.academy\/ca\/"},{"@type":"ListItem","position":2,"name":"Les conseq\u00fc\u00e8ncies de la guerra d&#8217;Ucra\u00efna"}]},{"@type":"WebSite","@id":"https:\/\/raed.academy\/ca\/#website","url":"https:\/\/raed.academy\/ca\/","name":"Reial Acad\u00e8mia Europea de Doctors","description":"Corporaci\u00f3n de derecho p\u00fablico de car\u00e1cter cient\u00edfico, t\u00e9cnico y art\u00edstico, que tiene por objeto la investigaci\u00f3n, el estudio, el fomento y la extensi\u00f3n del conocimiento en su sentido m\u00e1s amplio","publisher":{"@id":"https:\/\/raed.academy\/ca\/#organization"},"potentialAction":[{"@type":"SearchAction","target":{"@type":"EntryPoint","urlTemplate":"https:\/\/raed.academy\/ca\/?s={search_term_string}"},"query-input":{"@type":"PropertyValueSpecification","valueRequired":true,"valueName":"search_term_string"}}],"inLanguage":"ca-ES"},{"@type":"Organization","@id":"https:\/\/raed.academy\/ca\/#organization","name":"Real Academia Europea de Doctores","url":"https:\/\/raed.academy\/ca\/","logo":{"@type":"ImageObject","inLanguage":"ca-ES","@id":"https:\/\/raed.academy\/ca\/#\/schema\/logo\/image\/","url":"https:\/\/raed.academy\/wp-content\/uploads\/2017\/01\/cropped-logo_raed.png","contentUrl":"https:\/\/raed.academy\/wp-content\/uploads\/2017\/01\/cropped-logo_raed.png","width":512,"height":512,"caption":"Real Academia Europea de Doctores"},"image":{"@id":"https:\/\/raed.academy\/ca\/#\/schema\/logo\/image\/"},"sameAs":["http:\/\/fb.me\/raed.academy","https:\/\/x.com\/raedacademy","https:\/\/www.instagram.com\/raed.academy\/","https:\/\/www.youtube.com\/channel\/UCUYQwW2KrdirNWihxMDObwg"]},{"@type":"Person","@id":"https:\/\/raed.academy\/ca\/#\/schema\/person\/5a755da80d1d979fd66ba745c8702927","name":"RAED","image":{"@type":"ImageObject","inLanguage":"ca-ES","@id":"https:\/\/secure.gravatar.com\/avatar\/19fdfdc0d67fb9c45714b703a2ac82251c4fcea3637f002ac3c9b74c0183583c?s=96&d=mm&r=g","url":"https:\/\/secure.gravatar.com\/avatar\/19fdfdc0d67fb9c45714b703a2ac82251c4fcea3637f002ac3c9b74c0183583c?s=96&d=mm&r=g","contentUrl":"https:\/\/secure.gravatar.com\/avatar\/19fdfdc0d67fb9c45714b703a2ac82251c4fcea3637f002ac3c9b74c0183583c?s=96&d=mm&r=g","caption":"RAED"}}]}},"_links":{"self":[{"href":"https:\/\/raed.academy\/ca\/wp-json\/wp\/v2\/posts\/138303","targetHints":{"allow":["GET"]}}],"collection":[{"href":"https:\/\/raed.academy\/ca\/wp-json\/wp\/v2\/posts"}],"about":[{"href":"https:\/\/raed.academy\/ca\/wp-json\/wp\/v2\/types\/post"}],"author":[{"embeddable":true,"href":"https:\/\/raed.academy\/ca\/wp-json\/wp\/v2\/users\/12"}],"replies":[{"embeddable":true,"href":"https:\/\/raed.academy\/ca\/wp-json\/wp\/v2\/comments?post=138303"}],"version-history":[{"count":0,"href":"https:\/\/raed.academy\/ca\/wp-json\/wp\/v2\/posts\/138303\/revisions"}],"wp:featuredmedia":[{"embeddable":true,"href":"https:\/\/raed.academy\/ca\/wp-json\/wp\/v2\/media\/132249"}],"wp:attachment":[{"href":"https:\/\/raed.academy\/ca\/wp-json\/wp\/v2\/media?parent=138303"}],"wp:term":[{"taxonomy":"category","embeddable":true,"href":"https:\/\/raed.academy\/ca\/wp-json\/wp\/v2\/categories?post=138303"},{"taxonomy":"post_tag","embeddable":true,"href":"https:\/\/raed.academy\/ca\/wp-json\/wp\/v2\/tags?post=138303"}],"curies":[{"name":"wp","href":"https:\/\/api.w.org\/{rel}","templated":true}]}}