{"id":138300,"date":"2023-10-15T09:28:53","date_gmt":"2023-10-15T09:28:53","guid":{"rendered":"https:\/\/raed.academy\/?p=138300"},"modified":"2023-10-15T09:35:58","modified_gmt":"2023-10-15T09:35:58","slug":"lamnistia-i-el-tribunal-constitucional","status":"publish","type":"post","link":"https:\/\/raed.academy\/ca\/lamnistia-i-el-tribunal-constitucional\/","title":{"rendered":"L&#8217;amnistia i el Tribunal Constitucional"},"content":{"rendered":"<div id=\"attachment_68073\" style=\"width: 344px\" class=\"wp-caption alignleft\"><img loading=\"lazy\" decoding=\"async\" aria-describedby=\"caption-attachment-68073\" class=\"wp-image-68073\" src=\"https:\/\/raed.academy\/wp-content\/uploads\/2019\/03\/Teresa-Freixes.jpg\" alt=\"Teresa Freixes\" width=\"334\" height=\"214\" \/><p id=\"caption-attachment-68073\" class=\"wp-caption-text\">Dra. Teresa Freixes<\/p><\/div>\n<p><a href=\"https:\/\/raed.academy\/ca\/academics\/dra-teresa-freixes-sanjuan\/\" target=\"_blank\" rel=\"noopener\"><em><strong>Teresa Freixes<\/strong><\/em><\/a>, catedr\u00e0tica Jean Monnet ad personam, presidenta del col\u00b7lectiu <strong>Citizens Pro Europe<\/strong> i acad\u00e8mica de n\u00famero i vicepresidenta de la <strong>Junta de Govern<\/strong> de la <strong>Reial Acad\u00e8mia Europea de Doctors-Barcelona 1914<\/strong> (RAED), aborda la llei d&#8217;Amnistia que negocia el <strong>Govern<\/strong> provisional presidit per <strong>Pedro S\u00e1nchez<\/strong> i el paper del paper del <strong>Tribunal Constitucional<\/strong> a l&#8217;article <strong>&#8220;Tribunal Constitucional. Realidades y apariencias&#8221;<\/strong>, publicat al diari <strong>&#8220;La Raz\u00f3n&#8221;<\/strong> el 23 de setembre passat, i a una entrevista concedida al portal <strong>El Debate<\/strong>, que es va publicar el mateix 23 de setembre sota el t\u00edtol <strong>&#8220;Una ley de amnist\u00eda supone dejar impune al golpismo y pretender que sus actos no fueron delito&#8221;<\/strong>.<\/p>\n<p>L&#8217;experta recorda en el seu article a &#8220;La Raz\u00f3n&#8221; que el <strong>Tribunal Constitucional<\/strong>, com a garant de la constitucionalitat de les lleis i dels drets dels ciutadans, ha de destacar per la seva independ\u00e8ncia i imparcialitat, cosa que implica que no ha d&#8217;estar influenciat pel poder pol\u00edtic. Els membres del tribunal s\u00f3n seleccionats pel seu prestigi professional i s&#8217;han d&#8217;abstenir de participar en casos en qu\u00e8 tinguin coneixement previ. En aquest sentit, resulta fonamental que sigui percebut com a independent del Govern, ja que aix\u00f2 garanteix la seva legitimitat i confian\u00e7a per part de la ciutadania. Per aconseguir-ho, el tribunal ha de ser cur\u00f3s en la seva actuaci\u00f3 i evitar qualsevol mena de connexi\u00f3 o influ\u00e8ncia del poder pol\u00edtic.<\/p>\n<p>Que el seu actual president, <strong>C\u00e1ndido Conde-Pumpido<\/strong>, hagi exercit de fiscal general de l&#8217;Estat durant el Govern de <strong>Jos\u00e9 Luis Rodr\u00edguez Zapatero<\/strong> no sembla, per\u00f2, garantir aquesta independ\u00e8ncia. &#8220;Els \u00f2rgans pol\u00edtics que intervenen en els nomenaments, haurien d&#8217;examinar minuciosament les candidatures, per evitar, com passa ara amb el Tribunal Constitucional espanyol, que diversos dels seus membres, en haver tingut responsabilitats governamentals o haver ocupat c\u00e0rrecs com el de fiscal general de l&#8217;Estat, s&#8217;hagin d&#8217;abstenir en tots els assumptes dels quals han pres coneixement amb anterioritat&#8221;, assenyala l&#8217;experta.<\/p>\n<p><img loading=\"lazy\" decoding=\"async\" class=\"wp-image-138416 alignright\" src=\"https:\/\/raed.academy\/wp-content\/uploads\/2023\/10\/Puigdemon-Amnistia-tribunal-constitucional.webp\" alt=\"\" width=\"343\" height=\"205\" srcset=\"https:\/\/raed.academy\/wp-content\/uploads\/2023\/10\/Puigdemon-Amnistia-tribunal-constitucional.webp 600w, https:\/\/raed.academy\/wp-content\/uploads\/2023\/10\/Puigdemon-Amnistia-tribunal-constitucional-440x264.webp 440w\" sizes=\"(max-width: 343px) 100vw, 343px\" \/>D&#8217;altra banda, Freixes argumenta a l&#8217;entrevista d&#8217;El Debate que una llei d&#8217;Amnistia a mida dels qui van protagonitzar el refer\u00e8ndum independetista de l&#8217;1 d&#8217;octubre del 2017 i van participar en els aldarulls que el van envoltar constituiria una tra\u00efci\u00f3 a l&#8217;esperit de la Transici\u00f3 i deixaria impunes els delictes comesos contra l&#8217;ordre constitucional. Per a la reconeguda jurista, no hi ha cap encaix d&#8217;una amnistia a l&#8217;ordenament jur\u00eddic espanyol i la <strong>Constituci\u00f3<\/strong> no esmenta expl\u00edcitament aquest mecanisme. A m\u00e9s, una amnistia en els termes proposats posaria en risc l&#8217;estabilitat jur\u00eddica i l&#8217;ordre constitucional del pa\u00eds i en cap cas no garantiria que els independentistes renunci\u00efn a les seves pretensions.<\/p>\n<p>&#8220;Que una llei inconstitucional estigui avalada per la majoria del <strong>Congr\u00e9s dels Diputats<\/strong> no anul\u00b7la la seva inconstitucionalitat. Que una norma il\u00b7leg\u00edtima estigui avalada per la majoria de la cambra no la transforma en leg\u00edtima. Que els arguments que aquesta amnistia ajudaria a una millor conviv\u00e8ncia a Catalunya calen en sectors desnortats, per m\u00e9s majoritaris que siguin, no transforma una injust\u00edcia en millora de la conviv\u00e8ncia&#8221;, conclou.<\/p>\n<h2><a href=\"https:\/\/www.larazon.es\/opinion\/tribunal-constitucional-realidades-apariencias_20230923650e165c98383a000195e60e.html?fbclid=IwAR2nimjXcybca3V2ehEbGR0VUuPYNyVl6tM6KQZc5kjpOQvLKvgqLi-pBXg\" target=\"_blank\" rel=\"noopener\"><strong>Llegiu l&#8217;article de &#8220;La Raz\u00f3n&#8221;<\/strong><\/a><br \/>\n<a href=\"https:\/\/www.eldebate.com\/espana\/20230923\/teresa-freixes_141637.html\" target=\"_blank\" rel=\"noopener\"><strong>Llegiu l&#8217;entrevista d&#8217;El Debate<\/strong><\/a><\/h2>\n","protected":false},"excerpt":{"rendered":"<p>Teresa Freixes aborda la llei d&#8217;Amnistia que negocia el Govern provisional presidit per Pedro S\u00e1nchez i el paper del Tribunal Constitucional a l&#8217;article &#8220;Tribunal Constitucional. Realidades y apariencias&#8221;<\/p>\n","protected":false},"author":12,"featured_media":138417,"comment_status":"closed","ping_status":"closed","sticky":false,"template":"","format":"standard","meta":{"_et_pb_use_builder":"","_et_pb_old_content":"","_et_gb_content_width":"","footnotes":""},"categories":[350,225,242,404],"tags":[],"class_list":["post-138300","post","type-post","status-publish","format-standard","has-post-thumbnail","hentry","category-ciencies-politiques","category-dret","category-categ-historia","category-historia-nacional-ca","et-has-post-format-content","et_post_format-et-post-format-standard"],"yoast_head":"<!-- This site is optimized with the Yoast SEO plugin v27.4 - https:\/\/yoast.com\/product\/yoast-seo-wordpress\/ -->\n<title>L&#039;amnistia i el Tribunal Constitucional - Reial Acad\u00e8mia Europea de Doctors<\/title>\n<meta name=\"description\" content=\"Teresa Freixes aborda la llei d&#039;Amnistia que negocia el Govern provisional presidit per Pedro S\u00e1nchez i el paper del Tribunal Constitucional\" \/>\n<meta name=\"robots\" content=\"index, follow, max-snippet:-1, max-image-preview:large, max-video-preview:-1\" \/>\n<link rel=\"canonical\" href=\"https:\/\/raed.academy\/ca\/lamnistia-i-el-tribunal-constitucional\/\" \/>\n<meta property=\"og:locale\" content=\"ca_ES\" \/>\n<meta property=\"og:type\" content=\"article\" \/>\n<meta property=\"og:title\" content=\"L&#039;amnistia i el Tribunal Constitucional - Reial Acad\u00e8mia Europea de Doctors\" \/>\n<meta property=\"og:description\" content=\"Teresa Freixes aborda la llei d&#039;Amnistia que negocia el Govern provisional presidit per Pedro S\u00e1nchez i el paper del Tribunal Constitucional\" \/>\n<meta property=\"og:url\" content=\"https:\/\/raed.academy\/ca\/lamnistia-i-el-tribunal-constitucional\/\" \/>\n<meta property=\"og:site_name\" content=\"Reial Acad\u00e8mia Europea de Doctors\" \/>\n<meta property=\"article:publisher\" content=\"http:\/\/fb.me\/raed.academy\" \/>\n<meta property=\"article:published_time\" content=\"2023-10-15T09:28:53+00:00\" \/>\n<meta property=\"article:modified_time\" content=\"2023-10-15T09:35:58+00:00\" \/>\n<meta property=\"og:image\" content=\"https:\/\/raed.academy\/wp-content\/uploads\/2023\/10\/Puigdemon-Amnistia-tribunal-constitucional.webp\" \/>\n\t<meta property=\"og:image:width\" content=\"600\" \/>\n\t<meta property=\"og:image:height\" content=\"359\" \/>\n\t<meta property=\"og:image:type\" content=\"image\/webp\" \/>\n<meta name=\"author\" content=\"RAED\" \/>\n<meta name=\"twitter:card\" content=\"summary_large_image\" \/>\n<meta name=\"twitter:creator\" content=\"@raedacademy\" \/>\n<meta name=\"twitter:site\" content=\"@raedacademy\" \/>\n<meta name=\"twitter:label1\" content=\"Written by\" \/>\n\t<meta name=\"twitter:data1\" content=\"RAED\" \/>\n\t<meta name=\"twitter:label2\" content=\"Est. reading time\" \/>\n\t<meta name=\"twitter:data2\" content=\"3 minutes\" \/>\n<script type=\"application\/ld+json\" class=\"yoast-schema-graph\">{\"@context\":\"https:\\\/\\\/schema.org\",\"@graph\":[{\"@type\":\"Article\",\"@id\":\"https:\\\/\\\/raed.academy\\\/ca\\\/lamnistia-i-el-tribunal-constitucional\\\/#article\",\"isPartOf\":{\"@id\":\"https:\\\/\\\/raed.academy\\\/ca\\\/lamnistia-i-el-tribunal-constitucional\\\/\"},\"author\":{\"name\":\"RAED\",\"@id\":\"https:\\\/\\\/raed.academy\\\/ca\\\/#\\\/schema\\\/person\\\/5a755da80d1d979fd66ba745c8702927\"},\"headline\":\"L&#8217;amnistia i el Tribunal Constitucional\",\"datePublished\":\"2023-10-15T09:28:53+00:00\",\"dateModified\":\"2023-10-15T09:35:58+00:00\",\"mainEntityOfPage\":{\"@id\":\"https:\\\/\\\/raed.academy\\\/ca\\\/lamnistia-i-el-tribunal-constitucional\\\/\"},\"wordCount\":578,\"publisher\":{\"@id\":\"https:\\\/\\\/raed.academy\\\/ca\\\/#organization\"},\"image\":{\"@id\":\"https:\\\/\\\/raed.academy\\\/ca\\\/lamnistia-i-el-tribunal-constitucional\\\/#primaryimage\"},\"thumbnailUrl\":\"https:\\\/\\\/raed.academy\\\/wp-content\\\/uploads\\\/2023\\\/10\\\/Puigdemon-Amnistia-tribunal-constitucional.webp\",\"articleSection\":[\"Ci\u00e8ncies pol\u00edtiques\",\"Dret\",\"Hist\u00f2ria\",\"Hist\u00f2ria nacional\"],\"inLanguage\":\"ca-ES\"},{\"@type\":\"WebPage\",\"@id\":\"https:\\\/\\\/raed.academy\\\/ca\\\/lamnistia-i-el-tribunal-constitucional\\\/\",\"url\":\"https:\\\/\\\/raed.academy\\\/ca\\\/lamnistia-i-el-tribunal-constitucional\\\/\",\"name\":\"L'amnistia i el Tribunal Constitucional - Reial Acad\u00e8mia Europea de Doctors\",\"isPartOf\":{\"@id\":\"https:\\\/\\\/raed.academy\\\/ca\\\/#website\"},\"primaryImageOfPage\":{\"@id\":\"https:\\\/\\\/raed.academy\\\/ca\\\/lamnistia-i-el-tribunal-constitucional\\\/#primaryimage\"},\"image\":{\"@id\":\"https:\\\/\\\/raed.academy\\\/ca\\\/lamnistia-i-el-tribunal-constitucional\\\/#primaryimage\"},\"thumbnailUrl\":\"https:\\\/\\\/raed.academy\\\/wp-content\\\/uploads\\\/2023\\\/10\\\/Puigdemon-Amnistia-tribunal-constitucional.webp\",\"datePublished\":\"2023-10-15T09:28:53+00:00\",\"dateModified\":\"2023-10-15T09:35:58+00:00\",\"description\":\"Teresa Freixes aborda la llei d'Amnistia que negocia el Govern provisional presidit per Pedro S\u00e1nchez i el paper del Tribunal Constitucional\",\"breadcrumb\":{\"@id\":\"https:\\\/\\\/raed.academy\\\/ca\\\/lamnistia-i-el-tribunal-constitucional\\\/#breadcrumb\"},\"inLanguage\":\"ca-ES\",\"potentialAction\":[{\"@type\":\"ReadAction\",\"target\":[\"https:\\\/\\\/raed.academy\\\/ca\\\/lamnistia-i-el-tribunal-constitucional\\\/\"]}]},{\"@type\":\"ImageObject\",\"inLanguage\":\"ca-ES\",\"@id\":\"https:\\\/\\\/raed.academy\\\/ca\\\/lamnistia-i-el-tribunal-constitucional\\\/#primaryimage\",\"url\":\"https:\\\/\\\/raed.academy\\\/wp-content\\\/uploads\\\/2023\\\/10\\\/Puigdemon-Amnistia-tribunal-constitucional.webp\",\"contentUrl\":\"https:\\\/\\\/raed.academy\\\/wp-content\\\/uploads\\\/2023\\\/10\\\/Puigdemon-Amnistia-tribunal-constitucional.webp\",\"width\":600,\"height\":359},{\"@type\":\"BreadcrumbList\",\"@id\":\"https:\\\/\\\/raed.academy\\\/ca\\\/lamnistia-i-el-tribunal-constitucional\\\/#breadcrumb\",\"itemListElement\":[{\"@type\":\"ListItem\",\"position\":1,\"name\":\"Inicio\",\"item\":\"https:\\\/\\\/raed.academy\\\/ca\\\/\"},{\"@type\":\"ListItem\",\"position\":2,\"name\":\"L&#8217;amnistia i el Tribunal Constitucional\"}]},{\"@type\":\"WebSite\",\"@id\":\"https:\\\/\\\/raed.academy\\\/ca\\\/#website\",\"url\":\"https:\\\/\\\/raed.academy\\\/ca\\\/\",\"name\":\"Reial Acad\u00e8mia Europea de Doctors\",\"description\":\"Corporaci\u00f3n de derecho p\u00fablico de car\u00e1cter cient\u00edfico, t\u00e9cnico y art\u00edstico, que tiene por objeto la investigaci\u00f3n, el estudio, el fomento y la extensi\u00f3n del conocimiento en su sentido m\u00e1s amplio\",\"publisher\":{\"@id\":\"https:\\\/\\\/raed.academy\\\/ca\\\/#organization\"},\"potentialAction\":[{\"@type\":\"SearchAction\",\"target\":{\"@type\":\"EntryPoint\",\"urlTemplate\":\"https:\\\/\\\/raed.academy\\\/ca\\\/?s={search_term_string}\"},\"query-input\":{\"@type\":\"PropertyValueSpecification\",\"valueRequired\":true,\"valueName\":\"search_term_string\"}}],\"inLanguage\":\"ca-ES\"},{\"@type\":\"Organization\",\"@id\":\"https:\\\/\\\/raed.academy\\\/ca\\\/#organization\",\"name\":\"Real Academia Europea de Doctores\",\"url\":\"https:\\\/\\\/raed.academy\\\/ca\\\/\",\"logo\":{\"@type\":\"ImageObject\",\"inLanguage\":\"ca-ES\",\"@id\":\"https:\\\/\\\/raed.academy\\\/ca\\\/#\\\/schema\\\/logo\\\/image\\\/\",\"url\":\"https:\\\/\\\/raed.academy\\\/wp-content\\\/uploads\\\/2017\\\/01\\\/cropped-logo_raed.png\",\"contentUrl\":\"https:\\\/\\\/raed.academy\\\/wp-content\\\/uploads\\\/2017\\\/01\\\/cropped-logo_raed.png\",\"width\":512,\"height\":512,\"caption\":\"Real Academia Europea de Doctores\"},\"image\":{\"@id\":\"https:\\\/\\\/raed.academy\\\/ca\\\/#\\\/schema\\\/logo\\\/image\\\/\"},\"sameAs\":[\"http:\\\/\\\/fb.me\\\/raed.academy\",\"https:\\\/\\\/x.com\\\/raedacademy\",\"https:\\\/\\\/www.instagram.com\\\/raed.academy\\\/\",\"https:\\\/\\\/www.youtube.com\\\/channel\\\/UCUYQwW2KrdirNWihxMDObwg\"]},{\"@type\":\"Person\",\"@id\":\"https:\\\/\\\/raed.academy\\\/ca\\\/#\\\/schema\\\/person\\\/5a755da80d1d979fd66ba745c8702927\",\"name\":\"RAED\",\"image\":{\"@type\":\"ImageObject\",\"inLanguage\":\"ca-ES\",\"@id\":\"https:\\\/\\\/secure.gravatar.com\\\/avatar\\\/19fdfdc0d67fb9c45714b703a2ac82251c4fcea3637f002ac3c9b74c0183583c?s=96&d=mm&r=g\",\"url\":\"https:\\\/\\\/secure.gravatar.com\\\/avatar\\\/19fdfdc0d67fb9c45714b703a2ac82251c4fcea3637f002ac3c9b74c0183583c?s=96&d=mm&r=g\",\"contentUrl\":\"https:\\\/\\\/secure.gravatar.com\\\/avatar\\\/19fdfdc0d67fb9c45714b703a2ac82251c4fcea3637f002ac3c9b74c0183583c?s=96&d=mm&r=g\",\"caption\":\"RAED\"}}]}<\/script>\n<!-- \/ Yoast SEO plugin. -->","yoast_head_json":{"title":"L'amnistia i el Tribunal Constitucional - Reial Acad\u00e8mia Europea de Doctors","description":"Teresa Freixes aborda la llei d'Amnistia que negocia el Govern provisional presidit per Pedro S\u00e1nchez i el paper del Tribunal Constitucional","robots":{"index":"index","follow":"follow","max-snippet":"max-snippet:-1","max-image-preview":"max-image-preview:large","max-video-preview":"max-video-preview:-1"},"canonical":"https:\/\/raed.academy\/ca\/lamnistia-i-el-tribunal-constitucional\/","og_locale":"ca_ES","og_type":"article","og_title":"L'amnistia i el Tribunal Constitucional - Reial Acad\u00e8mia Europea de Doctors","og_description":"Teresa Freixes aborda la llei d'Amnistia que negocia el Govern provisional presidit per Pedro S\u00e1nchez i el paper del Tribunal Constitucional","og_url":"https:\/\/raed.academy\/ca\/lamnistia-i-el-tribunal-constitucional\/","og_site_name":"Reial Acad\u00e8mia Europea de Doctors","article_publisher":"http:\/\/fb.me\/raed.academy","article_published_time":"2023-10-15T09:28:53+00:00","article_modified_time":"2023-10-15T09:35:58+00:00","og_image":[{"width":600,"height":359,"url":"https:\/\/raed.academy\/wp-content\/uploads\/2023\/10\/Puigdemon-Amnistia-tribunal-constitucional.webp","type":"image\/webp"}],"author":"RAED","twitter_card":"summary_large_image","twitter_creator":"@raedacademy","twitter_site":"@raedacademy","twitter_misc":{"Written by":"RAED","Est. reading time":"3 minutes"},"schema":{"@context":"https:\/\/schema.org","@graph":[{"@type":"Article","@id":"https:\/\/raed.academy\/ca\/lamnistia-i-el-tribunal-constitucional\/#article","isPartOf":{"@id":"https:\/\/raed.academy\/ca\/lamnistia-i-el-tribunal-constitucional\/"},"author":{"name":"RAED","@id":"https:\/\/raed.academy\/ca\/#\/schema\/person\/5a755da80d1d979fd66ba745c8702927"},"headline":"L&#8217;amnistia i el Tribunal Constitucional","datePublished":"2023-10-15T09:28:53+00:00","dateModified":"2023-10-15T09:35:58+00:00","mainEntityOfPage":{"@id":"https:\/\/raed.academy\/ca\/lamnistia-i-el-tribunal-constitucional\/"},"wordCount":578,"publisher":{"@id":"https:\/\/raed.academy\/ca\/#organization"},"image":{"@id":"https:\/\/raed.academy\/ca\/lamnistia-i-el-tribunal-constitucional\/#primaryimage"},"thumbnailUrl":"https:\/\/raed.academy\/wp-content\/uploads\/2023\/10\/Puigdemon-Amnistia-tribunal-constitucional.webp","articleSection":["Ci\u00e8ncies pol\u00edtiques","Dret","Hist\u00f2ria","Hist\u00f2ria nacional"],"inLanguage":"ca-ES"},{"@type":"WebPage","@id":"https:\/\/raed.academy\/ca\/lamnistia-i-el-tribunal-constitucional\/","url":"https:\/\/raed.academy\/ca\/lamnistia-i-el-tribunal-constitucional\/","name":"L'amnistia i el Tribunal Constitucional - Reial Acad\u00e8mia Europea de Doctors","isPartOf":{"@id":"https:\/\/raed.academy\/ca\/#website"},"primaryImageOfPage":{"@id":"https:\/\/raed.academy\/ca\/lamnistia-i-el-tribunal-constitucional\/#primaryimage"},"image":{"@id":"https:\/\/raed.academy\/ca\/lamnistia-i-el-tribunal-constitucional\/#primaryimage"},"thumbnailUrl":"https:\/\/raed.academy\/wp-content\/uploads\/2023\/10\/Puigdemon-Amnistia-tribunal-constitucional.webp","datePublished":"2023-10-15T09:28:53+00:00","dateModified":"2023-10-15T09:35:58+00:00","description":"Teresa Freixes aborda la llei d'Amnistia que negocia el Govern provisional presidit per Pedro S\u00e1nchez i el paper del Tribunal Constitucional","breadcrumb":{"@id":"https:\/\/raed.academy\/ca\/lamnistia-i-el-tribunal-constitucional\/#breadcrumb"},"inLanguage":"ca-ES","potentialAction":[{"@type":"ReadAction","target":["https:\/\/raed.academy\/ca\/lamnistia-i-el-tribunal-constitucional\/"]}]},{"@type":"ImageObject","inLanguage":"ca-ES","@id":"https:\/\/raed.academy\/ca\/lamnistia-i-el-tribunal-constitucional\/#primaryimage","url":"https:\/\/raed.academy\/wp-content\/uploads\/2023\/10\/Puigdemon-Amnistia-tribunal-constitucional.webp","contentUrl":"https:\/\/raed.academy\/wp-content\/uploads\/2023\/10\/Puigdemon-Amnistia-tribunal-constitucional.webp","width":600,"height":359},{"@type":"BreadcrumbList","@id":"https:\/\/raed.academy\/ca\/lamnistia-i-el-tribunal-constitucional\/#breadcrumb","itemListElement":[{"@type":"ListItem","position":1,"name":"Inicio","item":"https:\/\/raed.academy\/ca\/"},{"@type":"ListItem","position":2,"name":"L&#8217;amnistia i el Tribunal Constitucional"}]},{"@type":"WebSite","@id":"https:\/\/raed.academy\/ca\/#website","url":"https:\/\/raed.academy\/ca\/","name":"Reial Acad\u00e8mia Europea de Doctors","description":"Corporaci\u00f3n de derecho p\u00fablico de car\u00e1cter cient\u00edfico, t\u00e9cnico y art\u00edstico, que tiene por objeto la investigaci\u00f3n, el estudio, el fomento y la extensi\u00f3n del conocimiento en su sentido m\u00e1s amplio","publisher":{"@id":"https:\/\/raed.academy\/ca\/#organization"},"potentialAction":[{"@type":"SearchAction","target":{"@type":"EntryPoint","urlTemplate":"https:\/\/raed.academy\/ca\/?s={search_term_string}"},"query-input":{"@type":"PropertyValueSpecification","valueRequired":true,"valueName":"search_term_string"}}],"inLanguage":"ca-ES"},{"@type":"Organization","@id":"https:\/\/raed.academy\/ca\/#organization","name":"Real Academia Europea de Doctores","url":"https:\/\/raed.academy\/ca\/","logo":{"@type":"ImageObject","inLanguage":"ca-ES","@id":"https:\/\/raed.academy\/ca\/#\/schema\/logo\/image\/","url":"https:\/\/raed.academy\/wp-content\/uploads\/2017\/01\/cropped-logo_raed.png","contentUrl":"https:\/\/raed.academy\/wp-content\/uploads\/2017\/01\/cropped-logo_raed.png","width":512,"height":512,"caption":"Real Academia Europea de Doctores"},"image":{"@id":"https:\/\/raed.academy\/ca\/#\/schema\/logo\/image\/"},"sameAs":["http:\/\/fb.me\/raed.academy","https:\/\/x.com\/raedacademy","https:\/\/www.instagram.com\/raed.academy\/","https:\/\/www.youtube.com\/channel\/UCUYQwW2KrdirNWihxMDObwg"]},{"@type":"Person","@id":"https:\/\/raed.academy\/ca\/#\/schema\/person\/5a755da80d1d979fd66ba745c8702927","name":"RAED","image":{"@type":"ImageObject","inLanguage":"ca-ES","@id":"https:\/\/secure.gravatar.com\/avatar\/19fdfdc0d67fb9c45714b703a2ac82251c4fcea3637f002ac3c9b74c0183583c?s=96&d=mm&r=g","url":"https:\/\/secure.gravatar.com\/avatar\/19fdfdc0d67fb9c45714b703a2ac82251c4fcea3637f002ac3c9b74c0183583c?s=96&d=mm&r=g","contentUrl":"https:\/\/secure.gravatar.com\/avatar\/19fdfdc0d67fb9c45714b703a2ac82251c4fcea3637f002ac3c9b74c0183583c?s=96&d=mm&r=g","caption":"RAED"}}]}},"_links":{"self":[{"href":"https:\/\/raed.academy\/ca\/wp-json\/wp\/v2\/posts\/138300","targetHints":{"allow":["GET"]}}],"collection":[{"href":"https:\/\/raed.academy\/ca\/wp-json\/wp\/v2\/posts"}],"about":[{"href":"https:\/\/raed.academy\/ca\/wp-json\/wp\/v2\/types\/post"}],"author":[{"embeddable":true,"href":"https:\/\/raed.academy\/ca\/wp-json\/wp\/v2\/users\/12"}],"replies":[{"embeddable":true,"href":"https:\/\/raed.academy\/ca\/wp-json\/wp\/v2\/comments?post=138300"}],"version-history":[{"count":0,"href":"https:\/\/raed.academy\/ca\/wp-json\/wp\/v2\/posts\/138300\/revisions"}],"wp:featuredmedia":[{"embeddable":true,"href":"https:\/\/raed.academy\/ca\/wp-json\/wp\/v2\/media\/138417"}],"wp:attachment":[{"href":"https:\/\/raed.academy\/ca\/wp-json\/wp\/v2\/media?parent=138300"}],"wp:term":[{"taxonomy":"category","embeddable":true,"href":"https:\/\/raed.academy\/ca\/wp-json\/wp\/v2\/categories?post=138300"},{"taxonomy":"post_tag","embeddable":true,"href":"https:\/\/raed.academy\/ca\/wp-json\/wp\/v2\/tags?post=138300"}],"curies":[{"name":"wp","href":"https:\/\/api.w.org\/{rel}","templated":true}]}}