{"id":138295,"date":"2023-10-14T09:37:00","date_gmt":"2023-10-14T09:37:00","guid":{"rendered":"https:\/\/raed.academy\/?p=138295"},"modified":"2023-10-14T09:37:00","modified_gmt":"2023-10-14T09:37:00","slug":"el-paper-de-la-medicina-a-la-postmodernitat","status":"publish","type":"post","link":"https:\/\/raed.academy\/ca\/el-paper-de-la-medicina-a-la-postmodernitat\/","title":{"rendered":"El paper de la medicina a la postmodernitat"},"content":{"rendered":"<p><img loading=\"lazy\" decoding=\"async\" class=\"aligncenter size-full wp-image-138306\" src=\"https:\/\/raed.academy\/wp-content\/uploads\/2023\/10\/Seminario-Internacional-Penser-Monde-Academia-Rumana.webp\" alt=\"\" width=\"1100\" height=\"657\" srcset=\"https:\/\/raed.academy\/wp-content\/uploads\/2023\/10\/Seminario-Internacional-Penser-Monde-Academia-Rumana.webp 1100w, https:\/\/raed.academy\/wp-content\/uploads\/2023\/10\/Seminario-Internacional-Penser-Monde-Academia-Rumana-768x459.webp 768w, https:\/\/raed.academy\/wp-content\/uploads\/2023\/10\/Seminario-Internacional-Penser-Monde-Academia-Rumana-1080x645.webp 1080w, https:\/\/raed.academy\/wp-content\/uploads\/2023\/10\/Seminario-Internacional-Penser-Monde-Academia-Rumana-440x264.webp 440w\" sizes=\"(max-width: 1100px) 100vw, 1100px\" \/><\/p>\n<p><a href=\"https:\/\/raed.academy\/ca\/academics\/dr-joaquim-gironella-coll\/\" target=\"_blank\" rel=\"noopener\"><em><strong>Joaquim Gironella<\/strong><\/em><\/a>, reconegut ur\u00f2leg, codirector m\u00e8dic del centre <strong>Laser Medical Rent<\/strong>, acad\u00e8mic de n\u00famero de la R<strong>eial Acad\u00e8mia Europea de Doctors-Barcelona 1914<\/strong> (RAED) i membre del seu <strong>Senat<\/strong>, va participar els passats 28 i 29 de setembre a Bucarest la vintena edici\u00f3 del <strong>Seminari Internacional Penser l&#8217;Europe, Penser le Monde<\/strong>, organitzat per la <strong>Fundaci\u00f3 Nacional per a les Ci\u00e8ncies i les Arts<\/strong> de l&#8217;<strong>Acad\u00e8mia Romanesa<\/strong>, en representaci\u00f3 de la RAED. L&#8217;acad\u00e8mic va ser l&#8217;\u00fanic representant espanyol present de forma presencial en aquesta cita de refer\u00e8ncia, que s&#8217;ha tornat a celebrar despr\u00e9s de tres anys d&#8217;interrupci\u00f3 a causa de les restriccions de mobilitat provocades per la pand\u00e8mia. Aquesta edici\u00f3 va estar dedicada a la mem\u00f2ria del principal impulsor, <strong>Eugen Simion<\/strong>, expresident de l&#8217;Acad\u00e8mia Romanesa i principal impulsor d&#8217;aquest f\u00f2rum, mort recentment.<\/p>\n<div id=\"attachment_99313\" style=\"width: 373px\" class=\"wp-caption alignleft\"><img loading=\"lazy\" decoding=\"async\" aria-describedby=\"caption-attachment-99313\" class=\"wp-image-99313\" src=\"https:\/\/raed.academy\/wp-content\/uploads\/2021\/02\/Joaquim-Gironella-dstNtc.jpg\" alt=\"Joaquim Gironella\" width=\"363\" height=\"218\" srcset=\"https:\/\/raed.academy\/wp-content\/uploads\/2021\/02\/Joaquim-Gironella-dstNtc.jpg 500w, https:\/\/raed.academy\/wp-content\/uploads\/2021\/02\/Joaquim-Gironella-dstNtc-440x264.jpg 440w\" sizes=\"(max-width: 363px) 100vw, 363px\" \/><p id=\"caption-attachment-99313\" class=\"wp-caption-text\">Dr. Joaquim Gironella<\/p><\/div>\n<p>L&#8217;acad\u00e8mic participar a la tercera sessi\u00f3 del seminari, que es celebrar sota el t\u00edtol<strong> &#8220;L&#8217;union \u00e9urop\u00e9ene, protagoniste de la biopolitique actuelle&#8221;<\/strong>, on presentar el treball <strong>&#8220;Biopolitique, le cadre critique de la m\u00e9decine dans la postmodernit\u00e9&#8221;<\/strong>. El van acompanyar altres experts internacionals en bio\u00e8tica com ara <strong>Virgil T\u0103nase<\/strong>, que va intervenir amb<strong> &#8220;Genre prochain et diff\u00e9rence sp\u00e9cifique&#8221;<\/strong>; <strong>Petre Roman<\/strong>, exprimer ministre de Romania, amb la pon\u00e8ncia <strong>&#8220;Pour une globalit\u00e9 socio-humaine dans un monde soumis \u00e0 des vagues d&#8217;incertitude&#8221;<\/strong>; <strong>Oana Soare<\/strong>, amb la confer\u00e8ncia <strong>&#8220;Les intraduisibles. Un d\u00e9fi pour la litt\u00e9rature mondiale?&#8221;<\/strong>, i<strong> Slobodan Gruba\u010di\u0107<\/strong>, que va llegir el treball <strong>&#8220;Cultures and models towards a changing idea of Europe&#8221;<\/strong>. La sessi\u00f3 va ser moderada per <strong>Michael Metzeltin<\/strong> i <strong>Marius Andruh<\/strong>.<\/p>\n<p>L&#8217;organitzaci\u00f3 va decidir obrir el seu \u00e0mbit d&#8217;estudi a un pla mundial atesa l&#8217;evoluci\u00f3 de la geopol\u00edtica global contempor\u00e0nia i les conseq\u00fc\u00e8ncies considerables per al futur de la Uni\u00f3 Europea despr\u00e9s de dedicar les \u00faltimes edicions a temes com la globalitzaci\u00f3 i les cultures nacionals, el paper de les acad\u00e8mies europees al segle XXI, les religions i la identitat europea, les lli\u00e7ons d&#8217;Europa un segle despr\u00e9s de la Primera Guerra Mundial, o el futur d&#8217;Europa d&#8217;aqu\u00ed a 50 anys. &#8220;En trobar-nos a l&#8217;epicentre d&#8217;un extens proc\u00e9s de restabliment de tot l&#8217;ordre mundial ja no \u00e9s un secret que el m\u00f3n en qu\u00e8 vivim ha arribat als seus l\u00edmits, sent cada cop menys capa\u00e7 i buscant noves solucions als problemes del tercer mil\u00b7lenni&#8221;, van assenyalar els organitzadors.<\/p>\n<p>Penser l&#8217;Europe \u00e9s un espai de debat cient\u00edfic acad\u00e8mic multidisciplinari que demostra des de la seva primera edici\u00f3, l&#8217;any 2002, que es pot aconseguir un di\u00e0leg multicultural exit\u00f3s. Els impulsors de la cita consideren que, en recuperar Europa un lloc de rellev\u00e0ncia a la taula de les pot\u00e8ncies globals, la cultura juga un paper important. Per tant, fins que no cristal\u00b7litzi una veritable cultura europea, les cultures nacionals s\u00f3n les \u00faniques que realment tenen la possibilitat de donar al continent identitat i rellev\u00e0ncia al m\u00f3n.<\/p>\n","protected":false},"excerpt":{"rendered":"<p>Joaquim Gironella va participar els passats 28 i 29 de setembre a Bucarest a la vintena edici\u00f3 del Seminari Internacional &#8220;Penser l&#8217;Europe, Penser le Monde&#8221;, organitzat per la Fundaci\u00f3 Nacional per a les Ci\u00e8ncies i les Arts de l&#8217;Acad\u00e8mia Romanesa<\/p>\n","protected":false},"author":12,"featured_media":99887,"comment_status":"closed","ping_status":"closed","sticky":false,"template":"","format":"standard","meta":{"_et_pb_use_builder":"","_et_pb_old_content":"","_et_gb_content_width":"","footnotes":""},"categories":[455,242,213,492],"tags":[],"class_list":["post-138295","post","type-post","status-publish","format-standard","has-post-thumbnail","hentry","category-ciencies-de-la-salut","category-categ-historia","category-medicina-i-cirurgia","category-trobades-cientifiques-i-congressos","et-has-post-format-content","et_post_format-et-post-format-standard"],"yoast_head":"<!-- This site is optimized with the Yoast SEO plugin v27.4 - https:\/\/yoast.com\/product\/yoast-seo-wordpress\/ -->\n<title>El paper de la medicina a la postmodernitat - Reial Acad\u00e8mia Europea de Doctors<\/title>\n<meta name=\"description\" content=\"Joaquim Gironella va participar a la vintena edici\u00f3 del Seminari Internacional &quot;Penser l&#039;Europe, Penser le Monde&quot;\" \/>\n<meta name=\"robots\" content=\"index, follow, max-snippet:-1, max-image-preview:large, max-video-preview:-1\" \/>\n<link rel=\"canonical\" href=\"https:\/\/raed.academy\/ca\/el-paper-de-la-medicina-a-la-postmodernitat\/\" \/>\n<meta property=\"og:locale\" content=\"ca_ES\" \/>\n<meta property=\"og:type\" content=\"article\" \/>\n<meta property=\"og:title\" content=\"El paper de la medicina a la postmodernitat - Reial Acad\u00e8mia Europea de Doctors\" \/>\n<meta property=\"og:description\" content=\"Joaquim Gironella va participar a la vintena edici\u00f3 del Seminari Internacional &quot;Penser l&#039;Europe, Penser le Monde&quot;\" \/>\n<meta property=\"og:url\" content=\"https:\/\/raed.academy\/ca\/el-paper-de-la-medicina-a-la-postmodernitat\/\" \/>\n<meta property=\"og:site_name\" content=\"Reial Acad\u00e8mia Europea de Doctors\" \/>\n<meta property=\"article:publisher\" content=\"http:\/\/fb.me\/raed.academy\" \/>\n<meta property=\"article:published_time\" content=\"2023-10-14T09:37:00+00:00\" \/>\n<meta property=\"og:image\" content=\"https:\/\/raed.academy\/wp-content\/uploads\/2021\/02\/medicina-bioetica-dstNtc.jpg\" \/>\n\t<meta property=\"og:image:width\" content=\"600\" \/>\n\t<meta property=\"og:image:height\" content=\"360\" \/>\n\t<meta property=\"og:image:type\" content=\"image\/jpeg\" \/>\n<meta name=\"author\" content=\"RAED\" \/>\n<meta name=\"twitter:card\" content=\"summary_large_image\" \/>\n<meta name=\"twitter:creator\" content=\"@raedacademy\" \/>\n<meta name=\"twitter:site\" content=\"@raedacademy\" \/>\n<meta name=\"twitter:label1\" content=\"Written by\" \/>\n\t<meta name=\"twitter:data1\" content=\"RAED\" \/>\n\t<meta name=\"twitter:label2\" content=\"Est. reading time\" \/>\n\t<meta name=\"twitter:data2\" content=\"3 minutes\" \/>\n<script type=\"application\/ld+json\" class=\"yoast-schema-graph\">{\"@context\":\"https:\\\/\\\/schema.org\",\"@graph\":[{\"@type\":\"Article\",\"@id\":\"https:\\\/\\\/raed.academy\\\/ca\\\/el-paper-de-la-medicina-a-la-postmodernitat\\\/#article\",\"isPartOf\":{\"@id\":\"https:\\\/\\\/raed.academy\\\/ca\\\/el-paper-de-la-medicina-a-la-postmodernitat\\\/\"},\"author\":{\"name\":\"RAED\",\"@id\":\"https:\\\/\\\/raed.academy\\\/ca\\\/#\\\/schema\\\/person\\\/5a755da80d1d979fd66ba745c8702927\"},\"headline\":\"El paper de la medicina a la postmodernitat\",\"datePublished\":\"2023-10-14T09:37:00+00:00\",\"mainEntityOfPage\":{\"@id\":\"https:\\\/\\\/raed.academy\\\/ca\\\/el-paper-de-la-medicina-a-la-postmodernitat\\\/\"},\"wordCount\":541,\"publisher\":{\"@id\":\"https:\\\/\\\/raed.academy\\\/ca\\\/#organization\"},\"image\":{\"@id\":\"https:\\\/\\\/raed.academy\\\/ca\\\/el-paper-de-la-medicina-a-la-postmodernitat\\\/#primaryimage\"},\"thumbnailUrl\":\"https:\\\/\\\/raed.academy\\\/wp-content\\\/uploads\\\/2021\\\/02\\\/medicina-bioetica-dstNtc.jpg\",\"articleSection\":[\"Ci\u00e8ncies de la salut\",\"Hist\u00f2ria\",\"Medicina i cirurgia\",\"Trobades Cient\u00edfiques i Congressos\"],\"inLanguage\":\"ca-ES\"},{\"@type\":\"WebPage\",\"@id\":\"https:\\\/\\\/raed.academy\\\/ca\\\/el-paper-de-la-medicina-a-la-postmodernitat\\\/\",\"url\":\"https:\\\/\\\/raed.academy\\\/ca\\\/el-paper-de-la-medicina-a-la-postmodernitat\\\/\",\"name\":\"El paper de la medicina a la postmodernitat - Reial Acad\u00e8mia Europea de Doctors\",\"isPartOf\":{\"@id\":\"https:\\\/\\\/raed.academy\\\/ca\\\/#website\"},\"primaryImageOfPage\":{\"@id\":\"https:\\\/\\\/raed.academy\\\/ca\\\/el-paper-de-la-medicina-a-la-postmodernitat\\\/#primaryimage\"},\"image\":{\"@id\":\"https:\\\/\\\/raed.academy\\\/ca\\\/el-paper-de-la-medicina-a-la-postmodernitat\\\/#primaryimage\"},\"thumbnailUrl\":\"https:\\\/\\\/raed.academy\\\/wp-content\\\/uploads\\\/2021\\\/02\\\/medicina-bioetica-dstNtc.jpg\",\"datePublished\":\"2023-10-14T09:37:00+00:00\",\"description\":\"Joaquim Gironella va participar a la vintena edici\u00f3 del Seminari Internacional \\\"Penser l'Europe, Penser le Monde\\\"\",\"breadcrumb\":{\"@id\":\"https:\\\/\\\/raed.academy\\\/ca\\\/el-paper-de-la-medicina-a-la-postmodernitat\\\/#breadcrumb\"},\"inLanguage\":\"ca-ES\",\"potentialAction\":[{\"@type\":\"ReadAction\",\"target\":[\"https:\\\/\\\/raed.academy\\\/ca\\\/el-paper-de-la-medicina-a-la-postmodernitat\\\/\"]}]},{\"@type\":\"ImageObject\",\"inLanguage\":\"ca-ES\",\"@id\":\"https:\\\/\\\/raed.academy\\\/ca\\\/el-paper-de-la-medicina-a-la-postmodernitat\\\/#primaryimage\",\"url\":\"https:\\\/\\\/raed.academy\\\/wp-content\\\/uploads\\\/2021\\\/02\\\/medicina-bioetica-dstNtc.jpg\",\"contentUrl\":\"https:\\\/\\\/raed.academy\\\/wp-content\\\/uploads\\\/2021\\\/02\\\/medicina-bioetica-dstNtc.jpg\",\"width\":600,\"height\":360},{\"@type\":\"BreadcrumbList\",\"@id\":\"https:\\\/\\\/raed.academy\\\/ca\\\/el-paper-de-la-medicina-a-la-postmodernitat\\\/#breadcrumb\",\"itemListElement\":[{\"@type\":\"ListItem\",\"position\":1,\"name\":\"Inicio\",\"item\":\"https:\\\/\\\/raed.academy\\\/ca\\\/\"},{\"@type\":\"ListItem\",\"position\":2,\"name\":\"El paper de la medicina a la postmodernitat\"}]},{\"@type\":\"WebSite\",\"@id\":\"https:\\\/\\\/raed.academy\\\/ca\\\/#website\",\"url\":\"https:\\\/\\\/raed.academy\\\/ca\\\/\",\"name\":\"Reial Acad\u00e8mia Europea de Doctors\",\"description\":\"Corporaci\u00f3n de derecho p\u00fablico de car\u00e1cter cient\u00edfico, t\u00e9cnico y art\u00edstico, que tiene por objeto la investigaci\u00f3n, el estudio, el fomento y la extensi\u00f3n del conocimiento en su sentido m\u00e1s amplio\",\"publisher\":{\"@id\":\"https:\\\/\\\/raed.academy\\\/ca\\\/#organization\"},\"potentialAction\":[{\"@type\":\"SearchAction\",\"target\":{\"@type\":\"EntryPoint\",\"urlTemplate\":\"https:\\\/\\\/raed.academy\\\/ca\\\/?s={search_term_string}\"},\"query-input\":{\"@type\":\"PropertyValueSpecification\",\"valueRequired\":true,\"valueName\":\"search_term_string\"}}],\"inLanguage\":\"ca-ES\"},{\"@type\":\"Organization\",\"@id\":\"https:\\\/\\\/raed.academy\\\/ca\\\/#organization\",\"name\":\"Real Academia Europea de Doctores\",\"url\":\"https:\\\/\\\/raed.academy\\\/ca\\\/\",\"logo\":{\"@type\":\"ImageObject\",\"inLanguage\":\"ca-ES\",\"@id\":\"https:\\\/\\\/raed.academy\\\/ca\\\/#\\\/schema\\\/logo\\\/image\\\/\",\"url\":\"https:\\\/\\\/raed.academy\\\/wp-content\\\/uploads\\\/2017\\\/01\\\/cropped-logo_raed.png\",\"contentUrl\":\"https:\\\/\\\/raed.academy\\\/wp-content\\\/uploads\\\/2017\\\/01\\\/cropped-logo_raed.png\",\"width\":512,\"height\":512,\"caption\":\"Real Academia Europea de Doctores\"},\"image\":{\"@id\":\"https:\\\/\\\/raed.academy\\\/ca\\\/#\\\/schema\\\/logo\\\/image\\\/\"},\"sameAs\":[\"http:\\\/\\\/fb.me\\\/raed.academy\",\"https:\\\/\\\/x.com\\\/raedacademy\",\"https:\\\/\\\/www.instagram.com\\\/raed.academy\\\/\",\"https:\\\/\\\/www.youtube.com\\\/channel\\\/UCUYQwW2KrdirNWihxMDObwg\"]},{\"@type\":\"Person\",\"@id\":\"https:\\\/\\\/raed.academy\\\/ca\\\/#\\\/schema\\\/person\\\/5a755da80d1d979fd66ba745c8702927\",\"name\":\"RAED\",\"image\":{\"@type\":\"ImageObject\",\"inLanguage\":\"ca-ES\",\"@id\":\"https:\\\/\\\/secure.gravatar.com\\\/avatar\\\/19fdfdc0d67fb9c45714b703a2ac82251c4fcea3637f002ac3c9b74c0183583c?s=96&d=mm&r=g\",\"url\":\"https:\\\/\\\/secure.gravatar.com\\\/avatar\\\/19fdfdc0d67fb9c45714b703a2ac82251c4fcea3637f002ac3c9b74c0183583c?s=96&d=mm&r=g\",\"contentUrl\":\"https:\\\/\\\/secure.gravatar.com\\\/avatar\\\/19fdfdc0d67fb9c45714b703a2ac82251c4fcea3637f002ac3c9b74c0183583c?s=96&d=mm&r=g\",\"caption\":\"RAED\"}}]}<\/script>\n<!-- \/ Yoast SEO plugin. -->","yoast_head_json":{"title":"El paper de la medicina a la postmodernitat - Reial Acad\u00e8mia Europea de Doctors","description":"Joaquim Gironella va participar a la vintena edici\u00f3 del Seminari Internacional \"Penser l'Europe, Penser le Monde\"","robots":{"index":"index","follow":"follow","max-snippet":"max-snippet:-1","max-image-preview":"max-image-preview:large","max-video-preview":"max-video-preview:-1"},"canonical":"https:\/\/raed.academy\/ca\/el-paper-de-la-medicina-a-la-postmodernitat\/","og_locale":"ca_ES","og_type":"article","og_title":"El paper de la medicina a la postmodernitat - Reial Acad\u00e8mia Europea de Doctors","og_description":"Joaquim Gironella va participar a la vintena edici\u00f3 del Seminari Internacional \"Penser l'Europe, Penser le Monde\"","og_url":"https:\/\/raed.academy\/ca\/el-paper-de-la-medicina-a-la-postmodernitat\/","og_site_name":"Reial Acad\u00e8mia Europea de Doctors","article_publisher":"http:\/\/fb.me\/raed.academy","article_published_time":"2023-10-14T09:37:00+00:00","og_image":[{"width":600,"height":360,"url":"https:\/\/raed.academy\/wp-content\/uploads\/2021\/02\/medicina-bioetica-dstNtc.jpg","type":"image\/jpeg"}],"author":"RAED","twitter_card":"summary_large_image","twitter_creator":"@raedacademy","twitter_site":"@raedacademy","twitter_misc":{"Written by":"RAED","Est. reading time":"3 minutes"},"schema":{"@context":"https:\/\/schema.org","@graph":[{"@type":"Article","@id":"https:\/\/raed.academy\/ca\/el-paper-de-la-medicina-a-la-postmodernitat\/#article","isPartOf":{"@id":"https:\/\/raed.academy\/ca\/el-paper-de-la-medicina-a-la-postmodernitat\/"},"author":{"name":"RAED","@id":"https:\/\/raed.academy\/ca\/#\/schema\/person\/5a755da80d1d979fd66ba745c8702927"},"headline":"El paper de la medicina a la postmodernitat","datePublished":"2023-10-14T09:37:00+00:00","mainEntityOfPage":{"@id":"https:\/\/raed.academy\/ca\/el-paper-de-la-medicina-a-la-postmodernitat\/"},"wordCount":541,"publisher":{"@id":"https:\/\/raed.academy\/ca\/#organization"},"image":{"@id":"https:\/\/raed.academy\/ca\/el-paper-de-la-medicina-a-la-postmodernitat\/#primaryimage"},"thumbnailUrl":"https:\/\/raed.academy\/wp-content\/uploads\/2021\/02\/medicina-bioetica-dstNtc.jpg","articleSection":["Ci\u00e8ncies de la salut","Hist\u00f2ria","Medicina i cirurgia","Trobades Cient\u00edfiques i Congressos"],"inLanguage":"ca-ES"},{"@type":"WebPage","@id":"https:\/\/raed.academy\/ca\/el-paper-de-la-medicina-a-la-postmodernitat\/","url":"https:\/\/raed.academy\/ca\/el-paper-de-la-medicina-a-la-postmodernitat\/","name":"El paper de la medicina a la postmodernitat - Reial Acad\u00e8mia Europea de Doctors","isPartOf":{"@id":"https:\/\/raed.academy\/ca\/#website"},"primaryImageOfPage":{"@id":"https:\/\/raed.academy\/ca\/el-paper-de-la-medicina-a-la-postmodernitat\/#primaryimage"},"image":{"@id":"https:\/\/raed.academy\/ca\/el-paper-de-la-medicina-a-la-postmodernitat\/#primaryimage"},"thumbnailUrl":"https:\/\/raed.academy\/wp-content\/uploads\/2021\/02\/medicina-bioetica-dstNtc.jpg","datePublished":"2023-10-14T09:37:00+00:00","description":"Joaquim Gironella va participar a la vintena edici\u00f3 del Seminari Internacional \"Penser l'Europe, Penser le Monde\"","breadcrumb":{"@id":"https:\/\/raed.academy\/ca\/el-paper-de-la-medicina-a-la-postmodernitat\/#breadcrumb"},"inLanguage":"ca-ES","potentialAction":[{"@type":"ReadAction","target":["https:\/\/raed.academy\/ca\/el-paper-de-la-medicina-a-la-postmodernitat\/"]}]},{"@type":"ImageObject","inLanguage":"ca-ES","@id":"https:\/\/raed.academy\/ca\/el-paper-de-la-medicina-a-la-postmodernitat\/#primaryimage","url":"https:\/\/raed.academy\/wp-content\/uploads\/2021\/02\/medicina-bioetica-dstNtc.jpg","contentUrl":"https:\/\/raed.academy\/wp-content\/uploads\/2021\/02\/medicina-bioetica-dstNtc.jpg","width":600,"height":360},{"@type":"BreadcrumbList","@id":"https:\/\/raed.academy\/ca\/el-paper-de-la-medicina-a-la-postmodernitat\/#breadcrumb","itemListElement":[{"@type":"ListItem","position":1,"name":"Inicio","item":"https:\/\/raed.academy\/ca\/"},{"@type":"ListItem","position":2,"name":"El paper de la medicina a la postmodernitat"}]},{"@type":"WebSite","@id":"https:\/\/raed.academy\/ca\/#website","url":"https:\/\/raed.academy\/ca\/","name":"Reial Acad\u00e8mia Europea de Doctors","description":"Corporaci\u00f3n de derecho p\u00fablico de car\u00e1cter cient\u00edfico, t\u00e9cnico y art\u00edstico, que tiene por objeto la investigaci\u00f3n, el estudio, el fomento y la extensi\u00f3n del conocimiento en su sentido m\u00e1s amplio","publisher":{"@id":"https:\/\/raed.academy\/ca\/#organization"},"potentialAction":[{"@type":"SearchAction","target":{"@type":"EntryPoint","urlTemplate":"https:\/\/raed.academy\/ca\/?s={search_term_string}"},"query-input":{"@type":"PropertyValueSpecification","valueRequired":true,"valueName":"search_term_string"}}],"inLanguage":"ca-ES"},{"@type":"Organization","@id":"https:\/\/raed.academy\/ca\/#organization","name":"Real Academia Europea de Doctores","url":"https:\/\/raed.academy\/ca\/","logo":{"@type":"ImageObject","inLanguage":"ca-ES","@id":"https:\/\/raed.academy\/ca\/#\/schema\/logo\/image\/","url":"https:\/\/raed.academy\/wp-content\/uploads\/2017\/01\/cropped-logo_raed.png","contentUrl":"https:\/\/raed.academy\/wp-content\/uploads\/2017\/01\/cropped-logo_raed.png","width":512,"height":512,"caption":"Real Academia Europea de Doctores"},"image":{"@id":"https:\/\/raed.academy\/ca\/#\/schema\/logo\/image\/"},"sameAs":["http:\/\/fb.me\/raed.academy","https:\/\/x.com\/raedacademy","https:\/\/www.instagram.com\/raed.academy\/","https:\/\/www.youtube.com\/channel\/UCUYQwW2KrdirNWihxMDObwg"]},{"@type":"Person","@id":"https:\/\/raed.academy\/ca\/#\/schema\/person\/5a755da80d1d979fd66ba745c8702927","name":"RAED","image":{"@type":"ImageObject","inLanguage":"ca-ES","@id":"https:\/\/secure.gravatar.com\/avatar\/19fdfdc0d67fb9c45714b703a2ac82251c4fcea3637f002ac3c9b74c0183583c?s=96&d=mm&r=g","url":"https:\/\/secure.gravatar.com\/avatar\/19fdfdc0d67fb9c45714b703a2ac82251c4fcea3637f002ac3c9b74c0183583c?s=96&d=mm&r=g","contentUrl":"https:\/\/secure.gravatar.com\/avatar\/19fdfdc0d67fb9c45714b703a2ac82251c4fcea3637f002ac3c9b74c0183583c?s=96&d=mm&r=g","caption":"RAED"}}]}},"_links":{"self":[{"href":"https:\/\/raed.academy\/ca\/wp-json\/wp\/v2\/posts\/138295","targetHints":{"allow":["GET"]}}],"collection":[{"href":"https:\/\/raed.academy\/ca\/wp-json\/wp\/v2\/posts"}],"about":[{"href":"https:\/\/raed.academy\/ca\/wp-json\/wp\/v2\/types\/post"}],"author":[{"embeddable":true,"href":"https:\/\/raed.academy\/ca\/wp-json\/wp\/v2\/users\/12"}],"replies":[{"embeddable":true,"href":"https:\/\/raed.academy\/ca\/wp-json\/wp\/v2\/comments?post=138295"}],"version-history":[{"count":0,"href":"https:\/\/raed.academy\/ca\/wp-json\/wp\/v2\/posts\/138295\/revisions"}],"wp:featuredmedia":[{"embeddable":true,"href":"https:\/\/raed.academy\/ca\/wp-json\/wp\/v2\/media\/99887"}],"wp:attachment":[{"href":"https:\/\/raed.academy\/ca\/wp-json\/wp\/v2\/media?parent=138295"}],"wp:term":[{"taxonomy":"category","embeddable":true,"href":"https:\/\/raed.academy\/ca\/wp-json\/wp\/v2\/categories?post=138295"},{"taxonomy":"post_tag","embeddable":true,"href":"https:\/\/raed.academy\/ca\/wp-json\/wp\/v2\/tags?post=138295"}],"curies":[{"name":"wp","href":"https:\/\/api.w.org\/{rel}","templated":true}]}}