{"id":137238,"date":"2023-09-15T18:07:54","date_gmt":"2023-09-15T18:07:54","guid":{"rendered":"https:\/\/raed.academy\/?p=137238"},"modified":"2023-09-19T08:11:22","modified_gmt":"2023-09-19T08:11:22","slug":"doctor-honorari-en-ciencies","status":"publish","type":"post","link":"https:\/\/raed.academy\/ca\/doctor-honorari-en-ciencies\/","title":{"rendered":"Doctor honorari en ci\u00e8ncies"},"content":{"rendered":"<div id=\"attachment_123006\" style=\"width: 510px\" class=\"wp-caption aligncenter\"><img loading=\"lazy\" decoding=\"async\" aria-describedby=\"caption-attachment-123006\" class=\"wp-image-123006 size-full\" src=\"https:\/\/raed.academy\/wp-content\/uploads\/2022\/10\/Francisco-Gonzalez-de-Posada.webp\" alt=\"\" width=\"500\" height=\"300\" srcset=\"https:\/\/raed.academy\/wp-content\/uploads\/2022\/10\/Francisco-Gonzalez-de-Posada.webp 500w, https:\/\/raed.academy\/wp-content\/uploads\/2022\/10\/Francisco-Gonzalez-de-Posada-440x264.webp 440w\" sizes=\"(max-width: 500px) 100vw, 500px\" \/><p id=\"caption-attachment-123006\" class=\"wp-caption-text\">Dr. Francisco Gonz\u00e1lez de Posada<\/p><\/div>\n<p><a href=\"https:\/\/raed.academy\/ca\/academics\/dr-francisco-gonzalez-de-posada\/\" target=\"_blank\" rel=\"noopener\"><em><strong>Francisco Gonz\u00e1lez de Posada<\/strong><\/em><\/a>, catedr\u00e0tic de Fonaments F\u00edsics de la <strong>Universitat Polit\u00e8cnica de Madrid<\/strong> i acad\u00e8mic d&#8217;honor de la<strong> Reial Acad\u00e8mia Europea de Doctors-Barcelona 1914<\/strong> (RAED), ha estat reconegut per la <strong>Universitat Cat\u00f2lica de Nova Espanya<\/strong> com a doctor honorari en ci\u00e8ncies atenent a el seu extens curr\u00edculum com a docent i investigador en diferents \u00e0mbits relacionats amb la f\u00edsica, l&#8217;enginyeria industrial i les humanitats. El reconeixement va ser aprovat pel rectorat el 10 d&#8217;agost passat.<\/p>\n<p>Constitu\u00efda com a instituci\u00f3 privada d&#8217;educaci\u00f3 superior amb seu a Miami (Florida), la Universitat Cat\u00f2lica de Nova Espanya est\u00e0 avalada pel <strong>Servei d&#8217;Acreditaci\u00f3 d&#8217;Escoles, Col\u00b7legis i Universitats Internacionals<\/strong> i compta entre el claustre amb reconeguts experts entre els quals hi ha l&#8217;acad\u00e8mica d&#8217;honor de la RAED <a href=\"https:\/\/raed.academy\/ca\/academics\/dra-rosalia-arteaga-serrano\/\" target=\"_blank\" rel=\"noopener\"><em><strong>Rosal\u00eda Arteaga<\/strong><\/em><\/a>, membre del seu <strong>Consell Assessor<\/strong>; <a href=\"https:\/\/raed.academy\/ca\/academics\/dr-francisco-lopez-munoz\/\" target=\"_blank\" rel=\"noopener\"><em><strong>Francisco L\u00f3pez Mu\u00f1oz<\/strong><\/em><\/a>, professor de Farmacologia i vicerector de Recerca, Ci\u00e8ncia i Doctorat de la <strong>Universitat Camilo Jos\u00e9 Cela<\/strong> i acad\u00e8mic de n\u00famero de la RAED, que exerceix com a professor honorari de Salut P\u00fablica, o <strong>Antonio Bascones<\/strong>, president de la <strong>Reial Acad\u00e8mia de Doctors de Espanya<\/strong>, deg\u00e0 em\u00e8rit i professor visitant. Mant\u00e9 convenis de col\u00b7laboraci\u00f3 amb centres espanyols com la <strong>Universitat Cat\u00f2lica de M\u00farcia<\/strong> o la Universitat Camilo Jos\u00e9 Cela.<\/p>\n<p>Fonamentada en els valors i principis cat\u00f2lics, el centre ofereix programes d&#8217;educaci\u00f3 superior, m\u00e0ster i doctorat en una \u00e0mplia gamma de camps per preparar els estudiants per a les vocacions religioses i per treballar com a membres del personal en institucions religioses que s&#8217;imparteixen a trav\u00e9s de un innovador sistema educatiu h\u00edbrid. La recerca tamb\u00e9 \u00e9s una part important de la seva missi\u00f3 educativa.<\/p>\n<p>Gonz\u00e1lez de Posada \u00e9s enginyer i doctor de Camins, Canals i Ports per la Universitat Polit\u00e8cnica de Madrid, llicenciat en Filosofia i Lletres per la <strong>Universitat Pontif\u00edcia de Salamanca<\/strong> i llicenciat en Ci\u00e8ncies F\u00edsiques per la Universitat Complutense de Madrid. Posse\u00efdor de vuit doctorats, ha impulsat i dirigit nombrosos projectes i estudis de diverses branques del saber. Va ser reconegut amb la Medalla d&#8217;Honor al Foment de la Invenci\u00f3.<\/p>\n<p>\u00c9s acad\u00e8mic de n\u00famero de la<strong> Reial Acad\u00e8mia Nacional de Medicina d&#8217;Espanya<\/strong>, de la <strong>Reial Acad\u00e8mia de Doctors d&#8217;Espanya<\/strong> i membre de l&#8217;<strong>Acad\u00e8mia Mundial d&#8217;Arts i Ci\u00e8ncies<\/strong>, acad\u00e8mic corresponent de la<strong> Reial Acad\u00e8mia de Belles Arts de Cadis<\/strong>, de la <strong>Reial Acad\u00e8mia de Belles Arts de San Fernando<\/strong>\u00a0i la <strong>Reial Acad\u00e8mia de Ci\u00e8ncies, Belles Arts i Bones Lletres d&#8217;\u00c8cija<\/strong> i acad\u00e8mic d&#8217;honor de l&#8217;<strong>Acad\u00e8mia de Ci\u00e8ncies M\u00e8diques de Cant\u00e0bria<\/strong>, de la <strong>Reial Acad\u00e8mia de Cultura Valenciana<\/strong>, de la <strong>Reial Acad\u00e8mia de Medicina i Cirurgia de Cadis<\/strong> i de la <strong>Reial Acad\u00e8mia de Medicina de Can\u00e0ries<\/strong>. \u00c9s tamb\u00e9 acad\u00e8mic i presideix l&#8217;<strong>Acad\u00e8mia de Ci\u00e8ncies i Enginyeries de Lanzarote<\/strong>.<\/p>\n","protected":false},"excerpt":{"rendered":"<p>Francisco Gonz\u00e1lez de Posada ha estat reconegut per la Universitat Cat\u00f2lica de Nova Espanya com a doctor honorari en ci\u00e8ncies atenent el seu extens curr\u00edculum com a docent i investigador en diferents \u00e0mbits relacionats amb la f\u00edsica, l&#8217;enginyeria industrial i les humanitats<\/p>\n","protected":false},"author":12,"featured_media":123007,"comment_status":"closed","ping_status":"closed","sticky":false,"template":"","format":"standard","meta":{"_et_pb_use_builder":"","_et_pb_old_content":"","_et_gb_content_width":"","footnotes":""},"categories":[316,168],"tags":[],"class_list":["post-137238","post","type-post","status-publish","format-standard","has-post-thumbnail","hentry","category-docencia-ca","category-premis-distincions-i-nomenaments","et-has-post-format-content","et_post_format-et-post-format-standard"],"yoast_head":"<!-- This site is optimized with the Yoast SEO plugin v27.4 - https:\/\/yoast.com\/product\/yoast-seo-wordpress\/ -->\n<title>Doctor honorari en ci\u00e8ncies - Reial Acad\u00e8mia Europea de Doctors<\/title>\n<meta name=\"description\" content=\"Francisco Gonz\u00e1lez de Posada ha estat reconegut per la Universitat Cat\u00f2lica de Nova Espanya com a doctor honorari en ci\u00e8ncies\" \/>\n<meta name=\"robots\" content=\"index, follow, max-snippet:-1, max-image-preview:large, max-video-preview:-1\" \/>\n<link rel=\"canonical\" href=\"https:\/\/raed.academy\/ca\/doctor-honorari-en-ciencies\/\" \/>\n<meta property=\"og:locale\" content=\"ca_ES\" \/>\n<meta property=\"og:type\" content=\"article\" \/>\n<meta property=\"og:title\" content=\"Doctor honorari en ci\u00e8ncies - Reial Acad\u00e8mia Europea de Doctors\" \/>\n<meta property=\"og:description\" content=\"Francisco Gonz\u00e1lez de Posada ha estat reconegut per la Universitat Cat\u00f2lica de Nova Espanya com a doctor honorari en ci\u00e8ncies\" \/>\n<meta property=\"og:url\" content=\"https:\/\/raed.academy\/ca\/doctor-honorari-en-ciencies\/\" \/>\n<meta property=\"og:site_name\" content=\"Reial Acad\u00e8mia Europea de Doctors\" \/>\n<meta property=\"article:publisher\" content=\"http:\/\/fb.me\/raed.academy\" \/>\n<meta property=\"article:published_time\" content=\"2023-09-15T18:07:54+00:00\" \/>\n<meta property=\"article:modified_time\" content=\"2023-09-19T08:11:22+00:00\" \/>\n<meta property=\"og:image\" content=\"https:\/\/raed.academy\/wp-content\/uploads\/2022\/10\/Francisco-Gonzalez-de-Posada.webp\" \/>\n\t<meta property=\"og:image:width\" content=\"500\" \/>\n\t<meta property=\"og:image:height\" content=\"300\" \/>\n\t<meta property=\"og:image:type\" content=\"image\/webp\" \/>\n<meta name=\"author\" content=\"RAED\" \/>\n<meta name=\"twitter:card\" content=\"summary_large_image\" \/>\n<meta name=\"twitter:creator\" content=\"@raedacademy\" \/>\n<meta name=\"twitter:site\" content=\"@raedacademy\" \/>\n<meta name=\"twitter:label1\" content=\"Written by\" \/>\n\t<meta name=\"twitter:data1\" content=\"RAED\" \/>\n\t<meta name=\"twitter:label2\" content=\"Est. reading time\" \/>\n\t<meta name=\"twitter:data2\" content=\"3 minutes\" \/>\n<script type=\"application\/ld+json\" class=\"yoast-schema-graph\">{\"@context\":\"https:\\\/\\\/schema.org\",\"@graph\":[{\"@type\":\"Article\",\"@id\":\"https:\\\/\\\/raed.academy\\\/ca\\\/doctor-honorari-en-ciencies\\\/#article\",\"isPartOf\":{\"@id\":\"https:\\\/\\\/raed.academy\\\/ca\\\/doctor-honorari-en-ciencies\\\/\"},\"author\":{\"name\":\"RAED\",\"@id\":\"https:\\\/\\\/raed.academy\\\/ca\\\/#\\\/schema\\\/person\\\/5a755da80d1d979fd66ba745c8702927\"},\"headline\":\"Doctor honorari en ci\u00e8ncies\",\"datePublished\":\"2023-09-15T18:07:54+00:00\",\"dateModified\":\"2023-09-19T08:11:22+00:00\",\"mainEntityOfPage\":{\"@id\":\"https:\\\/\\\/raed.academy\\\/ca\\\/doctor-honorari-en-ciencies\\\/\"},\"wordCount\":535,\"publisher\":{\"@id\":\"https:\\\/\\\/raed.academy\\\/ca\\\/#organization\"},\"image\":{\"@id\":\"https:\\\/\\\/raed.academy\\\/ca\\\/doctor-honorari-en-ciencies\\\/#primaryimage\"},\"thumbnailUrl\":\"https:\\\/\\\/raed.academy\\\/wp-content\\\/uploads\\\/2022\\\/10\\\/Francisco-Gonzalez-de-Posada.webp\",\"articleSection\":[\"Doc\u00e8ncia\",\"Premis, distincions i nomenaments\"],\"inLanguage\":\"ca-ES\"},{\"@type\":\"WebPage\",\"@id\":\"https:\\\/\\\/raed.academy\\\/ca\\\/doctor-honorari-en-ciencies\\\/\",\"url\":\"https:\\\/\\\/raed.academy\\\/ca\\\/doctor-honorari-en-ciencies\\\/\",\"name\":\"Doctor honorari en ci\u00e8ncies - Reial Acad\u00e8mia Europea de Doctors\",\"isPartOf\":{\"@id\":\"https:\\\/\\\/raed.academy\\\/ca\\\/#website\"},\"primaryImageOfPage\":{\"@id\":\"https:\\\/\\\/raed.academy\\\/ca\\\/doctor-honorari-en-ciencies\\\/#primaryimage\"},\"image\":{\"@id\":\"https:\\\/\\\/raed.academy\\\/ca\\\/doctor-honorari-en-ciencies\\\/#primaryimage\"},\"thumbnailUrl\":\"https:\\\/\\\/raed.academy\\\/wp-content\\\/uploads\\\/2022\\\/10\\\/Francisco-Gonzalez-de-Posada.webp\",\"datePublished\":\"2023-09-15T18:07:54+00:00\",\"dateModified\":\"2023-09-19T08:11:22+00:00\",\"description\":\"Francisco Gonz\u00e1lez de Posada ha estat reconegut per la Universitat Cat\u00f2lica de Nova Espanya com a doctor honorari en ci\u00e8ncies\",\"breadcrumb\":{\"@id\":\"https:\\\/\\\/raed.academy\\\/ca\\\/doctor-honorari-en-ciencies\\\/#breadcrumb\"},\"inLanguage\":\"ca-ES\",\"potentialAction\":[{\"@type\":\"ReadAction\",\"target\":[\"https:\\\/\\\/raed.academy\\\/ca\\\/doctor-honorari-en-ciencies\\\/\"]}]},{\"@type\":\"ImageObject\",\"inLanguage\":\"ca-ES\",\"@id\":\"https:\\\/\\\/raed.academy\\\/ca\\\/doctor-honorari-en-ciencies\\\/#primaryimage\",\"url\":\"https:\\\/\\\/raed.academy\\\/wp-content\\\/uploads\\\/2022\\\/10\\\/Francisco-Gonzalez-de-Posada.webp\",\"contentUrl\":\"https:\\\/\\\/raed.academy\\\/wp-content\\\/uploads\\\/2022\\\/10\\\/Francisco-Gonzalez-de-Posada.webp\",\"width\":500,\"height\":300},{\"@type\":\"BreadcrumbList\",\"@id\":\"https:\\\/\\\/raed.academy\\\/ca\\\/doctor-honorari-en-ciencies\\\/#breadcrumb\",\"itemListElement\":[{\"@type\":\"ListItem\",\"position\":1,\"name\":\"Inicio\",\"item\":\"https:\\\/\\\/raed.academy\\\/ca\\\/\"},{\"@type\":\"ListItem\",\"position\":2,\"name\":\"Doctor honorari en ci\u00e8ncies\"}]},{\"@type\":\"WebSite\",\"@id\":\"https:\\\/\\\/raed.academy\\\/ca\\\/#website\",\"url\":\"https:\\\/\\\/raed.academy\\\/ca\\\/\",\"name\":\"Reial Acad\u00e8mia Europea de Doctors\",\"description\":\"Corporaci\u00f3n de derecho p\u00fablico de car\u00e1cter cient\u00edfico, t\u00e9cnico y art\u00edstico, que tiene por objeto la investigaci\u00f3n, el estudio, el fomento y la extensi\u00f3n del conocimiento en su sentido m\u00e1s amplio\",\"publisher\":{\"@id\":\"https:\\\/\\\/raed.academy\\\/ca\\\/#organization\"},\"potentialAction\":[{\"@type\":\"SearchAction\",\"target\":{\"@type\":\"EntryPoint\",\"urlTemplate\":\"https:\\\/\\\/raed.academy\\\/ca\\\/?s={search_term_string}\"},\"query-input\":{\"@type\":\"PropertyValueSpecification\",\"valueRequired\":true,\"valueName\":\"search_term_string\"}}],\"inLanguage\":\"ca-ES\"},{\"@type\":\"Organization\",\"@id\":\"https:\\\/\\\/raed.academy\\\/ca\\\/#organization\",\"name\":\"Real Academia Europea de Doctores\",\"url\":\"https:\\\/\\\/raed.academy\\\/ca\\\/\",\"logo\":{\"@type\":\"ImageObject\",\"inLanguage\":\"ca-ES\",\"@id\":\"https:\\\/\\\/raed.academy\\\/ca\\\/#\\\/schema\\\/logo\\\/image\\\/\",\"url\":\"https:\\\/\\\/raed.academy\\\/wp-content\\\/uploads\\\/2017\\\/01\\\/cropped-logo_raed.png\",\"contentUrl\":\"https:\\\/\\\/raed.academy\\\/wp-content\\\/uploads\\\/2017\\\/01\\\/cropped-logo_raed.png\",\"width\":512,\"height\":512,\"caption\":\"Real Academia Europea de Doctores\"},\"image\":{\"@id\":\"https:\\\/\\\/raed.academy\\\/ca\\\/#\\\/schema\\\/logo\\\/image\\\/\"},\"sameAs\":[\"http:\\\/\\\/fb.me\\\/raed.academy\",\"https:\\\/\\\/x.com\\\/raedacademy\",\"https:\\\/\\\/www.instagram.com\\\/raed.academy\\\/\",\"https:\\\/\\\/www.youtube.com\\\/channel\\\/UCUYQwW2KrdirNWihxMDObwg\"]},{\"@type\":\"Person\",\"@id\":\"https:\\\/\\\/raed.academy\\\/ca\\\/#\\\/schema\\\/person\\\/5a755da80d1d979fd66ba745c8702927\",\"name\":\"RAED\",\"image\":{\"@type\":\"ImageObject\",\"inLanguage\":\"ca-ES\",\"@id\":\"https:\\\/\\\/secure.gravatar.com\\\/avatar\\\/19fdfdc0d67fb9c45714b703a2ac82251c4fcea3637f002ac3c9b74c0183583c?s=96&d=mm&r=g\",\"url\":\"https:\\\/\\\/secure.gravatar.com\\\/avatar\\\/19fdfdc0d67fb9c45714b703a2ac82251c4fcea3637f002ac3c9b74c0183583c?s=96&d=mm&r=g\",\"contentUrl\":\"https:\\\/\\\/secure.gravatar.com\\\/avatar\\\/19fdfdc0d67fb9c45714b703a2ac82251c4fcea3637f002ac3c9b74c0183583c?s=96&d=mm&r=g\",\"caption\":\"RAED\"}}]}<\/script>\n<!-- \/ Yoast SEO plugin. -->","yoast_head_json":{"title":"Doctor honorari en ci\u00e8ncies - Reial Acad\u00e8mia Europea de Doctors","description":"Francisco Gonz\u00e1lez de Posada ha estat reconegut per la Universitat Cat\u00f2lica de Nova Espanya com a doctor honorari en ci\u00e8ncies","robots":{"index":"index","follow":"follow","max-snippet":"max-snippet:-1","max-image-preview":"max-image-preview:large","max-video-preview":"max-video-preview:-1"},"canonical":"https:\/\/raed.academy\/ca\/doctor-honorari-en-ciencies\/","og_locale":"ca_ES","og_type":"article","og_title":"Doctor honorari en ci\u00e8ncies - Reial Acad\u00e8mia Europea de Doctors","og_description":"Francisco Gonz\u00e1lez de Posada ha estat reconegut per la Universitat Cat\u00f2lica de Nova Espanya com a doctor honorari en ci\u00e8ncies","og_url":"https:\/\/raed.academy\/ca\/doctor-honorari-en-ciencies\/","og_site_name":"Reial Acad\u00e8mia Europea de Doctors","article_publisher":"http:\/\/fb.me\/raed.academy","article_published_time":"2023-09-15T18:07:54+00:00","article_modified_time":"2023-09-19T08:11:22+00:00","og_image":[{"width":500,"height":300,"url":"https:\/\/raed.academy\/wp-content\/uploads\/2022\/10\/Francisco-Gonzalez-de-Posada.webp","type":"image\/webp"}],"author":"RAED","twitter_card":"summary_large_image","twitter_creator":"@raedacademy","twitter_site":"@raedacademy","twitter_misc":{"Written by":"RAED","Est. reading time":"3 minutes"},"schema":{"@context":"https:\/\/schema.org","@graph":[{"@type":"Article","@id":"https:\/\/raed.academy\/ca\/doctor-honorari-en-ciencies\/#article","isPartOf":{"@id":"https:\/\/raed.academy\/ca\/doctor-honorari-en-ciencies\/"},"author":{"name":"RAED","@id":"https:\/\/raed.academy\/ca\/#\/schema\/person\/5a755da80d1d979fd66ba745c8702927"},"headline":"Doctor honorari en ci\u00e8ncies","datePublished":"2023-09-15T18:07:54+00:00","dateModified":"2023-09-19T08:11:22+00:00","mainEntityOfPage":{"@id":"https:\/\/raed.academy\/ca\/doctor-honorari-en-ciencies\/"},"wordCount":535,"publisher":{"@id":"https:\/\/raed.academy\/ca\/#organization"},"image":{"@id":"https:\/\/raed.academy\/ca\/doctor-honorari-en-ciencies\/#primaryimage"},"thumbnailUrl":"https:\/\/raed.academy\/wp-content\/uploads\/2022\/10\/Francisco-Gonzalez-de-Posada.webp","articleSection":["Doc\u00e8ncia","Premis, distincions i nomenaments"],"inLanguage":"ca-ES"},{"@type":"WebPage","@id":"https:\/\/raed.academy\/ca\/doctor-honorari-en-ciencies\/","url":"https:\/\/raed.academy\/ca\/doctor-honorari-en-ciencies\/","name":"Doctor honorari en ci\u00e8ncies - Reial Acad\u00e8mia Europea de Doctors","isPartOf":{"@id":"https:\/\/raed.academy\/ca\/#website"},"primaryImageOfPage":{"@id":"https:\/\/raed.academy\/ca\/doctor-honorari-en-ciencies\/#primaryimage"},"image":{"@id":"https:\/\/raed.academy\/ca\/doctor-honorari-en-ciencies\/#primaryimage"},"thumbnailUrl":"https:\/\/raed.academy\/wp-content\/uploads\/2022\/10\/Francisco-Gonzalez-de-Posada.webp","datePublished":"2023-09-15T18:07:54+00:00","dateModified":"2023-09-19T08:11:22+00:00","description":"Francisco Gonz\u00e1lez de Posada ha estat reconegut per la Universitat Cat\u00f2lica de Nova Espanya com a doctor honorari en ci\u00e8ncies","breadcrumb":{"@id":"https:\/\/raed.academy\/ca\/doctor-honorari-en-ciencies\/#breadcrumb"},"inLanguage":"ca-ES","potentialAction":[{"@type":"ReadAction","target":["https:\/\/raed.academy\/ca\/doctor-honorari-en-ciencies\/"]}]},{"@type":"ImageObject","inLanguage":"ca-ES","@id":"https:\/\/raed.academy\/ca\/doctor-honorari-en-ciencies\/#primaryimage","url":"https:\/\/raed.academy\/wp-content\/uploads\/2022\/10\/Francisco-Gonzalez-de-Posada.webp","contentUrl":"https:\/\/raed.academy\/wp-content\/uploads\/2022\/10\/Francisco-Gonzalez-de-Posada.webp","width":500,"height":300},{"@type":"BreadcrumbList","@id":"https:\/\/raed.academy\/ca\/doctor-honorari-en-ciencies\/#breadcrumb","itemListElement":[{"@type":"ListItem","position":1,"name":"Inicio","item":"https:\/\/raed.academy\/ca\/"},{"@type":"ListItem","position":2,"name":"Doctor honorari en ci\u00e8ncies"}]},{"@type":"WebSite","@id":"https:\/\/raed.academy\/ca\/#website","url":"https:\/\/raed.academy\/ca\/","name":"Reial Acad\u00e8mia Europea de Doctors","description":"Corporaci\u00f3n de derecho p\u00fablico de car\u00e1cter cient\u00edfico, t\u00e9cnico y art\u00edstico, que tiene por objeto la investigaci\u00f3n, el estudio, el fomento y la extensi\u00f3n del conocimiento en su sentido m\u00e1s amplio","publisher":{"@id":"https:\/\/raed.academy\/ca\/#organization"},"potentialAction":[{"@type":"SearchAction","target":{"@type":"EntryPoint","urlTemplate":"https:\/\/raed.academy\/ca\/?s={search_term_string}"},"query-input":{"@type":"PropertyValueSpecification","valueRequired":true,"valueName":"search_term_string"}}],"inLanguage":"ca-ES"},{"@type":"Organization","@id":"https:\/\/raed.academy\/ca\/#organization","name":"Real Academia Europea de Doctores","url":"https:\/\/raed.academy\/ca\/","logo":{"@type":"ImageObject","inLanguage":"ca-ES","@id":"https:\/\/raed.academy\/ca\/#\/schema\/logo\/image\/","url":"https:\/\/raed.academy\/wp-content\/uploads\/2017\/01\/cropped-logo_raed.png","contentUrl":"https:\/\/raed.academy\/wp-content\/uploads\/2017\/01\/cropped-logo_raed.png","width":512,"height":512,"caption":"Real Academia Europea de Doctores"},"image":{"@id":"https:\/\/raed.academy\/ca\/#\/schema\/logo\/image\/"},"sameAs":["http:\/\/fb.me\/raed.academy","https:\/\/x.com\/raedacademy","https:\/\/www.instagram.com\/raed.academy\/","https:\/\/www.youtube.com\/channel\/UCUYQwW2KrdirNWihxMDObwg"]},{"@type":"Person","@id":"https:\/\/raed.academy\/ca\/#\/schema\/person\/5a755da80d1d979fd66ba745c8702927","name":"RAED","image":{"@type":"ImageObject","inLanguage":"ca-ES","@id":"https:\/\/secure.gravatar.com\/avatar\/19fdfdc0d67fb9c45714b703a2ac82251c4fcea3637f002ac3c9b74c0183583c?s=96&d=mm&r=g","url":"https:\/\/secure.gravatar.com\/avatar\/19fdfdc0d67fb9c45714b703a2ac82251c4fcea3637f002ac3c9b74c0183583c?s=96&d=mm&r=g","contentUrl":"https:\/\/secure.gravatar.com\/avatar\/19fdfdc0d67fb9c45714b703a2ac82251c4fcea3637f002ac3c9b74c0183583c?s=96&d=mm&r=g","caption":"RAED"}}]}},"_links":{"self":[{"href":"https:\/\/raed.academy\/ca\/wp-json\/wp\/v2\/posts\/137238","targetHints":{"allow":["GET"]}}],"collection":[{"href":"https:\/\/raed.academy\/ca\/wp-json\/wp\/v2\/posts"}],"about":[{"href":"https:\/\/raed.academy\/ca\/wp-json\/wp\/v2\/types\/post"}],"author":[{"embeddable":true,"href":"https:\/\/raed.academy\/ca\/wp-json\/wp\/v2\/users\/12"}],"replies":[{"embeddable":true,"href":"https:\/\/raed.academy\/ca\/wp-json\/wp\/v2\/comments?post=137238"}],"version-history":[{"count":0,"href":"https:\/\/raed.academy\/ca\/wp-json\/wp\/v2\/posts\/137238\/revisions"}],"wp:featuredmedia":[{"embeddable":true,"href":"https:\/\/raed.academy\/ca\/wp-json\/wp\/v2\/media\/123007"}],"wp:attachment":[{"href":"https:\/\/raed.academy\/ca\/wp-json\/wp\/v2\/media?parent=137238"}],"wp:term":[{"taxonomy":"category","embeddable":true,"href":"https:\/\/raed.academy\/ca\/wp-json\/wp\/v2\/categories?post=137238"},{"taxonomy":"post_tag","embeddable":true,"href":"https:\/\/raed.academy\/ca\/wp-json\/wp\/v2\/tags?post=137238"}],"curies":[{"name":"wp","href":"https:\/\/api.w.org\/{rel}","templated":true}]}}