{"id":137233,"date":"2023-09-15T17:44:17","date_gmt":"2023-09-15T17:44:17","guid":{"rendered":"https:\/\/raed.academy\/?p=137233"},"modified":"2023-09-19T08:03:45","modified_gmt":"2023-09-19T08:03:45","slug":"doctor-honoris-causa-per-la-universitat-de-montpeller","status":"publish","type":"post","link":"https:\/\/raed.academy\/ca\/doctor-honoris-causa-per-la-universitat-de-montpeller\/","title":{"rendered":"Doctor honoris causa per la Universitat de Montpeller"},"content":{"rendered":"<div id=\"attachment_86122\" style=\"width: 468px\" class=\"wp-caption aligncenter\"><img loading=\"lazy\" decoding=\"async\" aria-describedby=\"caption-attachment-86122\" class=\"wp-image-86122 \" src=\"https:\/\/raed.academy\/wp-content\/uploads\/2020\/01\/Oriol-Amat.jpg\" alt=\"\" width=\"458\" height=\"306\" \/><p id=\"caption-attachment-86122\" class=\"wp-caption-text\">Dr. Oriol Amat<\/p><\/div>\n<p><a href=\"https:\/\/raed.academy\/ca\/academics\/dr-oriol-amat-salas\/\" target=\"_blank\" rel=\"noopener\"><em><strong>Oriol Ama<\/strong><\/em><\/a>t, catedr\u00e0tic d&#8217;Economia Financera i Comptabilitat de la <strong>Barcelona School of Management<\/strong> de la <strong>Universitat Pompeu Fabra<\/strong> (UPF) i acad\u00e8mic supernumerari de la <strong>Reial Acad\u00e8mia Europea de Doctors-Barcelona 1914<\/strong> (RAED), ha estat reconegut com a doctor honoris causa per la <strong>Universitat de Montpeller<\/strong>, que li lliurar\u00e0 el t\u00edtol dins del marc d&#8217;un solemne acte que tindr\u00e0 lloc el 20 de setembre a la resid\u00e8ncia d&#8217;estudiants <strong>Aim\u00e9 Schoenig<\/strong> d&#8217;aquesta ciutat francesa. El centre reconeix la seva tasca primer com a deg\u00e0 de la Barcelona School of Management i despr\u00e9s com a rector de la UPF i els seus estudis en comptabilitat financera, control de gesti\u00f3 i frau empresarial. &#8220;Des de l&#8217;any 2001, Amat centra la seva recerca en l&#8217;an\u00e0lisi dels factors d&#8217;\u00e8xit de les organitzacions i els aspectes \u00e8tics financers&#8221;, destaca el centre.<\/p>\n<p>L&#8217;acad\u00e8mic ha dirigit m\u00e9s d&#8217;una quinzena de tesis i \u00e9s autor d&#8217;articles cient\u00edfics i m\u00e9s d&#8217;una quarantena de llibres, entre els quals destaquen <strong>&#8220;Informe anual de la empresa catalana&#8221;<\/strong> (2020), <strong>&#8220;La botella medio llena: aprender de las crisis y de los que lo hacen mejor&#8221;<\/strong> (2020), <strong>&#8220;Detectar fraudes contables antes de que sea demasiado tarde&#8221;<\/strong> (2019), <strong>&#8220;Renta B\u00e1sica Universal: an\u00e1lisis de una propuesta disruptiva&#8221;<\/strong> (2019) o<strong> &#8220;Valoraci\u00f3n y compraventa de empresas&#8221;<\/strong> (2018). Tamb\u00e9 col\u00b7labora i \u00e9s membre del consell editorial de diverses publicacions cient\u00edfiques internacionals.<\/p>\n<p>A l&#8217;\u00e0mbit de la gesti\u00f3, a m\u00e9s dels c\u00e0rrecs esmentats, a la UPF tamb\u00e9 va ser director del Departament d&#8217;Economia i Empresa, vicerector d&#8217;Economia, Sistemes d&#8217;Informaci\u00f3 i Serveis i director del <strong>Centre per a la Qualitat i Innovaci\u00f3 Docent<\/strong>. Va ocupar tamb\u00e9 el c\u00e0rrec de deg\u00e0 del <strong>Col\u00b7legi d&#8217;Economistes de Catalunya<\/strong> i va ser membre del consell assessor de la<strong> Cambra de Comer\u00e7 de Barcelona<\/strong> i de la patronal catalana <strong>Pimec<\/strong>. \u00c9s membre del <strong>F\u00f2rum Acad\u00e8mic de Finances Sostenibles d&#8217;Espanya<\/strong> i va ser fundador i president de l&#8217;<strong>Associaci\u00f3 Catalana de Comptabilitat i Direcci\u00f3<\/strong>, una entitat amb qu\u00e8 la Reial Acad\u00e8mia mant\u00e9 un vincle estret de col\u00b7laboraci\u00f3 des de la seva presid\u00e8ncia.<\/p>\n<p>En els \u00e0mbits de la pol\u00edtica i l&#8217;administraci\u00f3, el 2015 va ser elegit diputat del <strong>Parlament de Catalunya<\/strong> despr\u00e9s de conc\u00f3rrer a les llistes de <strong>Junts pel S\u00ed<\/strong> i va ser membre del grup de treball <strong>Catalunya 2022<\/strong> de la <strong>Generalitat de Catalunya<\/strong> juntament amb altres destacats experts de diversos \u00e0mbits. Abans de la seva arribada a la Universitat Pompeu Fabra va ser professor de la <strong>Universitat Aut\u00f2noma de Barcelona<\/strong>, professor d&#8217;<strong>EADA Business School<\/strong> i auditor a la prestigiosa firma <strong>Arthur Andersen<\/strong>. Aix\u00ed mateix, des del 1979 havia fet consultoria i dict\u00e0mens professionals i havia participat en la creaci\u00f3 de diverses empreses. Va participar als grups de treball que van elaborar el nou <strong>Pla General de Comptabilitat<\/strong>. \u00c9s tamb\u00e9 membre del consell d&#8217;administraci\u00f3 de diverses empreses.<\/p>\n","protected":false},"excerpt":{"rendered":"<p>Oriol Amat ha estat reconegut com a doctor honoris causa per la Universitat de Montpeller, que li lliurar\u00e0 el t\u00edtol durant un solemne acte que tindr\u00e0 lloc el 20 de setembre a la resid\u00e8ncia d&#8217;estudiants Aim\u00e9 Schoenig d&#8217;aquesta ciutat francesa<\/p>\n","protected":false},"author":12,"featured_media":92703,"comment_status":"closed","ping_status":"closed","sticky":false,"template":"","format":"standard","meta":{"_et_pb_use_builder":"","_et_pb_old_content":"","_et_gb_content_width":"","footnotes":""},"categories":[316,233,168],"tags":[],"class_list":["post-137233","post","type-post","status-publish","format-standard","has-post-thumbnail","hentry","category-docencia-ca","category-economiques-i-empresarials","category-premis-distincions-i-nomenaments","et-has-post-format-content","et_post_format-et-post-format-standard"],"yoast_head":"<!-- This site is optimized with the Yoast SEO plugin v27.4 - https:\/\/yoast.com\/product\/yoast-seo-wordpress\/ -->\n<title>Doctor honoris causa per la Universitat de Montpeller - Reial Acad\u00e8mia Europea de Doctors<\/title>\n<meta name=\"description\" content=\"Oriol Amat ha estat reconegut com a doctor honoris causa per la Universitat de Montpeller\" \/>\n<meta name=\"robots\" content=\"index, follow, max-snippet:-1, max-image-preview:large, max-video-preview:-1\" \/>\n<link rel=\"canonical\" href=\"https:\/\/raed.academy\/ca\/doctor-honoris-causa-per-la-universitat-de-montpeller\/\" \/>\n<meta property=\"og:locale\" content=\"ca_ES\" \/>\n<meta property=\"og:type\" content=\"article\" \/>\n<meta property=\"og:title\" content=\"Doctor honoris causa per la Universitat de Montpeller - Reial Acad\u00e8mia Europea de Doctors\" \/>\n<meta property=\"og:description\" content=\"Oriol Amat ha estat reconegut com a doctor honoris causa per la Universitat de Montpeller\" \/>\n<meta property=\"og:url\" content=\"https:\/\/raed.academy\/ca\/doctor-honoris-causa-per-la-universitat-de-montpeller\/\" \/>\n<meta property=\"og:site_name\" content=\"Reial Acad\u00e8mia Europea de Doctors\" \/>\n<meta property=\"article:publisher\" content=\"http:\/\/fb.me\/raed.academy\" \/>\n<meta property=\"article:published_time\" content=\"2023-09-15T17:44:17+00:00\" \/>\n<meta property=\"article:modified_time\" content=\"2023-09-19T08:03:45+00:00\" \/>\n<meta property=\"og:image\" content=\"https:\/\/raed.academy\/wp-content\/uploads\/2020\/07\/Oriol-Amat-dstNtc.jpg\" \/>\n\t<meta property=\"og:image:width\" content=\"600\" \/>\n\t<meta property=\"og:image:height\" content=\"360\" \/>\n\t<meta property=\"og:image:type\" content=\"image\/jpeg\" \/>\n<meta name=\"author\" content=\"RAED\" \/>\n<meta name=\"twitter:card\" content=\"summary_large_image\" \/>\n<meta name=\"twitter:creator\" content=\"@raedacademy\" \/>\n<meta name=\"twitter:site\" content=\"@raedacademy\" \/>\n<meta name=\"twitter:label1\" content=\"Written by\" \/>\n\t<meta name=\"twitter:data1\" content=\"RAED\" \/>\n\t<meta name=\"twitter:label2\" content=\"Est. reading time\" \/>\n\t<meta name=\"twitter:data2\" content=\"3 minutes\" \/>\n<script type=\"application\/ld+json\" class=\"yoast-schema-graph\">{\"@context\":\"https:\\\/\\\/schema.org\",\"@graph\":[{\"@type\":\"Article\",\"@id\":\"https:\\\/\\\/raed.academy\\\/ca\\\/doctor-honoris-causa-per-la-universitat-de-montpeller\\\/#article\",\"isPartOf\":{\"@id\":\"https:\\\/\\\/raed.academy\\\/ca\\\/doctor-honoris-causa-per-la-universitat-de-montpeller\\\/\"},\"author\":{\"name\":\"RAED\",\"@id\":\"https:\\\/\\\/raed.academy\\\/ca\\\/#\\\/schema\\\/person\\\/5a755da80d1d979fd66ba745c8702927\"},\"headline\":\"Doctor honoris causa per la Universitat de Montpeller\",\"datePublished\":\"2023-09-15T17:44:17+00:00\",\"dateModified\":\"2023-09-19T08:03:45+00:00\",\"mainEntityOfPage\":{\"@id\":\"https:\\\/\\\/raed.academy\\\/ca\\\/doctor-honoris-causa-per-la-universitat-de-montpeller\\\/\"},\"wordCount\":514,\"publisher\":{\"@id\":\"https:\\\/\\\/raed.academy\\\/ca\\\/#organization\"},\"image\":{\"@id\":\"https:\\\/\\\/raed.academy\\\/ca\\\/doctor-honoris-causa-per-la-universitat-de-montpeller\\\/#primaryimage\"},\"thumbnailUrl\":\"https:\\\/\\\/raed.academy\\\/wp-content\\\/uploads\\\/2020\\\/07\\\/Oriol-Amat-dstNtc.jpg\",\"articleSection\":[\"Doc\u00e8ncia\",\"Econ\u00f2miques i Empresarials\",\"Premis, distincions i nomenaments\"],\"inLanguage\":\"ca-ES\"},{\"@type\":\"WebPage\",\"@id\":\"https:\\\/\\\/raed.academy\\\/ca\\\/doctor-honoris-causa-per-la-universitat-de-montpeller\\\/\",\"url\":\"https:\\\/\\\/raed.academy\\\/ca\\\/doctor-honoris-causa-per-la-universitat-de-montpeller\\\/\",\"name\":\"Doctor honoris causa per la Universitat de Montpeller - Reial Acad\u00e8mia Europea de Doctors\",\"isPartOf\":{\"@id\":\"https:\\\/\\\/raed.academy\\\/ca\\\/#website\"},\"primaryImageOfPage\":{\"@id\":\"https:\\\/\\\/raed.academy\\\/ca\\\/doctor-honoris-causa-per-la-universitat-de-montpeller\\\/#primaryimage\"},\"image\":{\"@id\":\"https:\\\/\\\/raed.academy\\\/ca\\\/doctor-honoris-causa-per-la-universitat-de-montpeller\\\/#primaryimage\"},\"thumbnailUrl\":\"https:\\\/\\\/raed.academy\\\/wp-content\\\/uploads\\\/2020\\\/07\\\/Oriol-Amat-dstNtc.jpg\",\"datePublished\":\"2023-09-15T17:44:17+00:00\",\"dateModified\":\"2023-09-19T08:03:45+00:00\",\"description\":\"Oriol Amat ha estat reconegut com a doctor honoris causa per la Universitat de Montpeller\",\"breadcrumb\":{\"@id\":\"https:\\\/\\\/raed.academy\\\/ca\\\/doctor-honoris-causa-per-la-universitat-de-montpeller\\\/#breadcrumb\"},\"inLanguage\":\"ca-ES\",\"potentialAction\":[{\"@type\":\"ReadAction\",\"target\":[\"https:\\\/\\\/raed.academy\\\/ca\\\/doctor-honoris-causa-per-la-universitat-de-montpeller\\\/\"]}]},{\"@type\":\"ImageObject\",\"inLanguage\":\"ca-ES\",\"@id\":\"https:\\\/\\\/raed.academy\\\/ca\\\/doctor-honoris-causa-per-la-universitat-de-montpeller\\\/#primaryimage\",\"url\":\"https:\\\/\\\/raed.academy\\\/wp-content\\\/uploads\\\/2020\\\/07\\\/Oriol-Amat-dstNtc.jpg\",\"contentUrl\":\"https:\\\/\\\/raed.academy\\\/wp-content\\\/uploads\\\/2020\\\/07\\\/Oriol-Amat-dstNtc.jpg\",\"width\":600,\"height\":360},{\"@type\":\"BreadcrumbList\",\"@id\":\"https:\\\/\\\/raed.academy\\\/ca\\\/doctor-honoris-causa-per-la-universitat-de-montpeller\\\/#breadcrumb\",\"itemListElement\":[{\"@type\":\"ListItem\",\"position\":1,\"name\":\"Inicio\",\"item\":\"https:\\\/\\\/raed.academy\\\/ca\\\/\"},{\"@type\":\"ListItem\",\"position\":2,\"name\":\"Doctor honoris causa per la Universitat de Montpeller\"}]},{\"@type\":\"WebSite\",\"@id\":\"https:\\\/\\\/raed.academy\\\/ca\\\/#website\",\"url\":\"https:\\\/\\\/raed.academy\\\/ca\\\/\",\"name\":\"Reial Acad\u00e8mia Europea de Doctors\",\"description\":\"Corporaci\u00f3n de derecho p\u00fablico de car\u00e1cter cient\u00edfico, t\u00e9cnico y art\u00edstico, que tiene por objeto la investigaci\u00f3n, el estudio, el fomento y la extensi\u00f3n del conocimiento en su sentido m\u00e1s amplio\",\"publisher\":{\"@id\":\"https:\\\/\\\/raed.academy\\\/ca\\\/#organization\"},\"potentialAction\":[{\"@type\":\"SearchAction\",\"target\":{\"@type\":\"EntryPoint\",\"urlTemplate\":\"https:\\\/\\\/raed.academy\\\/ca\\\/?s={search_term_string}\"},\"query-input\":{\"@type\":\"PropertyValueSpecification\",\"valueRequired\":true,\"valueName\":\"search_term_string\"}}],\"inLanguage\":\"ca-ES\"},{\"@type\":\"Organization\",\"@id\":\"https:\\\/\\\/raed.academy\\\/ca\\\/#organization\",\"name\":\"Real Academia Europea de Doctores\",\"url\":\"https:\\\/\\\/raed.academy\\\/ca\\\/\",\"logo\":{\"@type\":\"ImageObject\",\"inLanguage\":\"ca-ES\",\"@id\":\"https:\\\/\\\/raed.academy\\\/ca\\\/#\\\/schema\\\/logo\\\/image\\\/\",\"url\":\"https:\\\/\\\/raed.academy\\\/wp-content\\\/uploads\\\/2017\\\/01\\\/cropped-logo_raed.png\",\"contentUrl\":\"https:\\\/\\\/raed.academy\\\/wp-content\\\/uploads\\\/2017\\\/01\\\/cropped-logo_raed.png\",\"width\":512,\"height\":512,\"caption\":\"Real Academia Europea de Doctores\"},\"image\":{\"@id\":\"https:\\\/\\\/raed.academy\\\/ca\\\/#\\\/schema\\\/logo\\\/image\\\/\"},\"sameAs\":[\"http:\\\/\\\/fb.me\\\/raed.academy\",\"https:\\\/\\\/x.com\\\/raedacademy\",\"https:\\\/\\\/www.instagram.com\\\/raed.academy\\\/\",\"https:\\\/\\\/www.youtube.com\\\/channel\\\/UCUYQwW2KrdirNWihxMDObwg\"]},{\"@type\":\"Person\",\"@id\":\"https:\\\/\\\/raed.academy\\\/ca\\\/#\\\/schema\\\/person\\\/5a755da80d1d979fd66ba745c8702927\",\"name\":\"RAED\",\"image\":{\"@type\":\"ImageObject\",\"inLanguage\":\"ca-ES\",\"@id\":\"https:\\\/\\\/secure.gravatar.com\\\/avatar\\\/19fdfdc0d67fb9c45714b703a2ac82251c4fcea3637f002ac3c9b74c0183583c?s=96&d=mm&r=g\",\"url\":\"https:\\\/\\\/secure.gravatar.com\\\/avatar\\\/19fdfdc0d67fb9c45714b703a2ac82251c4fcea3637f002ac3c9b74c0183583c?s=96&d=mm&r=g\",\"contentUrl\":\"https:\\\/\\\/secure.gravatar.com\\\/avatar\\\/19fdfdc0d67fb9c45714b703a2ac82251c4fcea3637f002ac3c9b74c0183583c?s=96&d=mm&r=g\",\"caption\":\"RAED\"}}]}<\/script>\n<!-- \/ Yoast SEO plugin. -->","yoast_head_json":{"title":"Doctor honoris causa per la Universitat de Montpeller - Reial Acad\u00e8mia Europea de Doctors","description":"Oriol Amat ha estat reconegut com a doctor honoris causa per la Universitat de Montpeller","robots":{"index":"index","follow":"follow","max-snippet":"max-snippet:-1","max-image-preview":"max-image-preview:large","max-video-preview":"max-video-preview:-1"},"canonical":"https:\/\/raed.academy\/ca\/doctor-honoris-causa-per-la-universitat-de-montpeller\/","og_locale":"ca_ES","og_type":"article","og_title":"Doctor honoris causa per la Universitat de Montpeller - Reial Acad\u00e8mia Europea de Doctors","og_description":"Oriol Amat ha estat reconegut com a doctor honoris causa per la Universitat de Montpeller","og_url":"https:\/\/raed.academy\/ca\/doctor-honoris-causa-per-la-universitat-de-montpeller\/","og_site_name":"Reial Acad\u00e8mia Europea de Doctors","article_publisher":"http:\/\/fb.me\/raed.academy","article_published_time":"2023-09-15T17:44:17+00:00","article_modified_time":"2023-09-19T08:03:45+00:00","og_image":[{"width":600,"height":360,"url":"https:\/\/raed.academy\/wp-content\/uploads\/2020\/07\/Oriol-Amat-dstNtc.jpg","type":"image\/jpeg"}],"author":"RAED","twitter_card":"summary_large_image","twitter_creator":"@raedacademy","twitter_site":"@raedacademy","twitter_misc":{"Written by":"RAED","Est. reading time":"3 minutes"},"schema":{"@context":"https:\/\/schema.org","@graph":[{"@type":"Article","@id":"https:\/\/raed.academy\/ca\/doctor-honoris-causa-per-la-universitat-de-montpeller\/#article","isPartOf":{"@id":"https:\/\/raed.academy\/ca\/doctor-honoris-causa-per-la-universitat-de-montpeller\/"},"author":{"name":"RAED","@id":"https:\/\/raed.academy\/ca\/#\/schema\/person\/5a755da80d1d979fd66ba745c8702927"},"headline":"Doctor honoris causa per la Universitat de Montpeller","datePublished":"2023-09-15T17:44:17+00:00","dateModified":"2023-09-19T08:03:45+00:00","mainEntityOfPage":{"@id":"https:\/\/raed.academy\/ca\/doctor-honoris-causa-per-la-universitat-de-montpeller\/"},"wordCount":514,"publisher":{"@id":"https:\/\/raed.academy\/ca\/#organization"},"image":{"@id":"https:\/\/raed.academy\/ca\/doctor-honoris-causa-per-la-universitat-de-montpeller\/#primaryimage"},"thumbnailUrl":"https:\/\/raed.academy\/wp-content\/uploads\/2020\/07\/Oriol-Amat-dstNtc.jpg","articleSection":["Doc\u00e8ncia","Econ\u00f2miques i Empresarials","Premis, distincions i nomenaments"],"inLanguage":"ca-ES"},{"@type":"WebPage","@id":"https:\/\/raed.academy\/ca\/doctor-honoris-causa-per-la-universitat-de-montpeller\/","url":"https:\/\/raed.academy\/ca\/doctor-honoris-causa-per-la-universitat-de-montpeller\/","name":"Doctor honoris causa per la Universitat de Montpeller - Reial Acad\u00e8mia Europea de Doctors","isPartOf":{"@id":"https:\/\/raed.academy\/ca\/#website"},"primaryImageOfPage":{"@id":"https:\/\/raed.academy\/ca\/doctor-honoris-causa-per-la-universitat-de-montpeller\/#primaryimage"},"image":{"@id":"https:\/\/raed.academy\/ca\/doctor-honoris-causa-per-la-universitat-de-montpeller\/#primaryimage"},"thumbnailUrl":"https:\/\/raed.academy\/wp-content\/uploads\/2020\/07\/Oriol-Amat-dstNtc.jpg","datePublished":"2023-09-15T17:44:17+00:00","dateModified":"2023-09-19T08:03:45+00:00","description":"Oriol Amat ha estat reconegut com a doctor honoris causa per la Universitat de Montpeller","breadcrumb":{"@id":"https:\/\/raed.academy\/ca\/doctor-honoris-causa-per-la-universitat-de-montpeller\/#breadcrumb"},"inLanguage":"ca-ES","potentialAction":[{"@type":"ReadAction","target":["https:\/\/raed.academy\/ca\/doctor-honoris-causa-per-la-universitat-de-montpeller\/"]}]},{"@type":"ImageObject","inLanguage":"ca-ES","@id":"https:\/\/raed.academy\/ca\/doctor-honoris-causa-per-la-universitat-de-montpeller\/#primaryimage","url":"https:\/\/raed.academy\/wp-content\/uploads\/2020\/07\/Oriol-Amat-dstNtc.jpg","contentUrl":"https:\/\/raed.academy\/wp-content\/uploads\/2020\/07\/Oriol-Amat-dstNtc.jpg","width":600,"height":360},{"@type":"BreadcrumbList","@id":"https:\/\/raed.academy\/ca\/doctor-honoris-causa-per-la-universitat-de-montpeller\/#breadcrumb","itemListElement":[{"@type":"ListItem","position":1,"name":"Inicio","item":"https:\/\/raed.academy\/ca\/"},{"@type":"ListItem","position":2,"name":"Doctor honoris causa per la Universitat de Montpeller"}]},{"@type":"WebSite","@id":"https:\/\/raed.academy\/ca\/#website","url":"https:\/\/raed.academy\/ca\/","name":"Reial Acad\u00e8mia Europea de Doctors","description":"Corporaci\u00f3n de derecho p\u00fablico de car\u00e1cter cient\u00edfico, t\u00e9cnico y art\u00edstico, que tiene por objeto la investigaci\u00f3n, el estudio, el fomento y la extensi\u00f3n del conocimiento en su sentido m\u00e1s amplio","publisher":{"@id":"https:\/\/raed.academy\/ca\/#organization"},"potentialAction":[{"@type":"SearchAction","target":{"@type":"EntryPoint","urlTemplate":"https:\/\/raed.academy\/ca\/?s={search_term_string}"},"query-input":{"@type":"PropertyValueSpecification","valueRequired":true,"valueName":"search_term_string"}}],"inLanguage":"ca-ES"},{"@type":"Organization","@id":"https:\/\/raed.academy\/ca\/#organization","name":"Real Academia Europea de Doctores","url":"https:\/\/raed.academy\/ca\/","logo":{"@type":"ImageObject","inLanguage":"ca-ES","@id":"https:\/\/raed.academy\/ca\/#\/schema\/logo\/image\/","url":"https:\/\/raed.academy\/wp-content\/uploads\/2017\/01\/cropped-logo_raed.png","contentUrl":"https:\/\/raed.academy\/wp-content\/uploads\/2017\/01\/cropped-logo_raed.png","width":512,"height":512,"caption":"Real Academia Europea de Doctores"},"image":{"@id":"https:\/\/raed.academy\/ca\/#\/schema\/logo\/image\/"},"sameAs":["http:\/\/fb.me\/raed.academy","https:\/\/x.com\/raedacademy","https:\/\/www.instagram.com\/raed.academy\/","https:\/\/www.youtube.com\/channel\/UCUYQwW2KrdirNWihxMDObwg"]},{"@type":"Person","@id":"https:\/\/raed.academy\/ca\/#\/schema\/person\/5a755da80d1d979fd66ba745c8702927","name":"RAED","image":{"@type":"ImageObject","inLanguage":"ca-ES","@id":"https:\/\/secure.gravatar.com\/avatar\/19fdfdc0d67fb9c45714b703a2ac82251c4fcea3637f002ac3c9b74c0183583c?s=96&d=mm&r=g","url":"https:\/\/secure.gravatar.com\/avatar\/19fdfdc0d67fb9c45714b703a2ac82251c4fcea3637f002ac3c9b74c0183583c?s=96&d=mm&r=g","contentUrl":"https:\/\/secure.gravatar.com\/avatar\/19fdfdc0d67fb9c45714b703a2ac82251c4fcea3637f002ac3c9b74c0183583c?s=96&d=mm&r=g","caption":"RAED"}}]}},"_links":{"self":[{"href":"https:\/\/raed.academy\/ca\/wp-json\/wp\/v2\/posts\/137233","targetHints":{"allow":["GET"]}}],"collection":[{"href":"https:\/\/raed.academy\/ca\/wp-json\/wp\/v2\/posts"}],"about":[{"href":"https:\/\/raed.academy\/ca\/wp-json\/wp\/v2\/types\/post"}],"author":[{"embeddable":true,"href":"https:\/\/raed.academy\/ca\/wp-json\/wp\/v2\/users\/12"}],"replies":[{"embeddable":true,"href":"https:\/\/raed.academy\/ca\/wp-json\/wp\/v2\/comments?post=137233"}],"version-history":[{"count":0,"href":"https:\/\/raed.academy\/ca\/wp-json\/wp\/v2\/posts\/137233\/revisions"}],"wp:featuredmedia":[{"embeddable":true,"href":"https:\/\/raed.academy\/ca\/wp-json\/wp\/v2\/media\/92703"}],"wp:attachment":[{"href":"https:\/\/raed.academy\/ca\/wp-json\/wp\/v2\/media?parent=137233"}],"wp:term":[{"taxonomy":"category","embeddable":true,"href":"https:\/\/raed.academy\/ca\/wp-json\/wp\/v2\/categories?post=137233"},{"taxonomy":"post_tag","embeddable":true,"href":"https:\/\/raed.academy\/ca\/wp-json\/wp\/v2\/tags?post=137233"}],"curies":[{"name":"wp","href":"https:\/\/api.w.org\/{rel}","templated":true}]}}