{"id":136742,"date":"2023-09-01T08:33:32","date_gmt":"2023-09-01T08:33:32","guid":{"rendered":"https:\/\/raed.academy\/?p=136742"},"modified":"2023-09-05T13:44:11","modified_gmt":"2023-09-05T13:44:11","slug":"leconomia-de-la-longevitat","status":"publish","type":"post","link":"https:\/\/raed.academy\/ca\/leconomia-de-la-longevitat\/","title":{"rendered":"L&#8217;economia de la longevitat"},"content":{"rendered":"<div id=\"attachment_96800\" style=\"width: 352px\" class=\"wp-caption alignright\"><img loading=\"lazy\" decoding=\"async\" aria-describedby=\"caption-attachment-96800\" class=\"wp-image-96800 \" src=\"https:\/\/raed.academy\/wp-content\/uploads\/2020\/11\/Aldo-Olcese-dstNtc.jpg\" alt=\"\" width=\"342\" height=\"205\" \/><p id=\"caption-attachment-96800\" class=\"wp-caption-text\">Dr. Aldo Olcese<\/p><\/div>\n<p><a href=\"https:\/\/raed.academy\/ca\/academics\/dr-aldo-olcese-santonja\/\" target=\"_blank\" rel=\"noopener\"><em><strong>Aldo Olcese<\/strong><\/em><\/a>, president de la\u00a0<strong>Fundaci\u00f3 Independent<\/strong> i de l&#8217;<strong>Associaci\u00f3 Nacional Societat Civil Ara<\/strong>, i acad\u00e8mic de n\u00famero i vicepresident de la <strong>Reial Acad\u00e8mia Europea de Doctors-Barcelona 1914<\/strong> (RAED), aborda les oportunitats que obre la denominada economia de la longevitat -o &#8216;Silver Economy&#8217;, en la seva accepci\u00f3 en angl\u00e8s-, vinculada a l&#8217;esperan\u00e7a m\u00e9s gran de vida que es dona a les societats occidentals, en una entrevista concedida al portal especialitzat <strong>65ym\u00e1s<\/strong>, del qual \u00e9s president del <strong>Comit\u00e8 d&#8217;Experts d&#8217;Economia i Dret<\/strong>. Per a l&#8217;expert, l&#8217;estat del benestar, que garanteix el poder adquisitiu de la gent gran, i les seves necessitats i lleure obren nombroses possibilitats per a un nou n\u00ednxol de mercat en creixement continu.<\/p>\n<p>Olcese considera que la principal amena\u00e7a d&#8217;aquest sector incipient passa per la manipulaci\u00f3 pol\u00edtica que, segons la seva opini\u00f3, es dona sobre les dues inquietuds principals d&#8217;aquest sector de la poblaci\u00f3: la sanitat i les pensions. &#8220;S\u00f3n temes delicats que estan sempre en boca dels pol\u00edtics i sobre els quals es genera alarma i un neguit generalitzat que \u00e9s injust per manipulada i que a m\u00e9s no es correspon a una realitat. Ni tot \u00e9s blanc ni tot \u00e9s negre. No \u00e9s cert que la sanitat espanyola sigui un desastre: \u00e9s molt bona. I hi ha una altra cosa que la nostra gent gran ha de tenir molt clara: el sistema de pensions no far\u00e0 fallida. En cap pa\u00eds occidental modern i fort, i Espanya ho \u00e9s, trencar\u00e0 el sistema de pensions, perqu\u00e8, afortunadament, hi ha moltes solucions perqu\u00e8 no faci fallida&#8221;, afirma.<\/p>\n<p><img loading=\"lazy\" decoding=\"async\" class=\"wp-image-131220 alignleft\" src=\"https:\/\/raed.academy\/wp-content\/uploads\/2023\/03\/Longevidad.webp\" alt=\"\" width=\"484\" height=\"291\" srcset=\"https:\/\/raed.academy\/wp-content\/uploads\/2023\/03\/Longevidad.webp 600w, https:\/\/raed.academy\/wp-content\/uploads\/2023\/03\/Longevidad-440x264.webp 440w\" sizes=\"(max-width: 484px) 100vw, 484px\" \/>M\u00e9s enll\u00e0 del necessari i cada cop m\u00e9s urgent debat sobre aquest model, Olcese considera que la solidaritat intergeneracional i les f\u00f3rmules que ofereix el sistema financer permeten garantir la seva continu\u00eftat, el poder adquisitiu dels pensionistes, el seu benestar i aquesta economia de la longevitat que deu impulsar tamb\u00e9 el creixement i la prosperitat de tothom. &#8220;Hi ha un principi essencial que \u00e9s irrenunciable, i que jo crec que \u00e9s connatural a qualsevol \u00e9sser hum\u00e0, que \u00e9s el de la solidaritat. Hi ha molts eixos de la solidaritat (de les noves generacions amb les velles, de les empreses amb els individus&#8230;) que fan que en un pa\u00eds modern i fort com Espanya puguem estar tranquils amb qu\u00e8 el sistema de pensions mai no far\u00e0 fallida&#8221;, considera.<\/p>\n<p>El president de la Fundaci\u00f3 Independent apunta, a m\u00e9s, la maduresa de l&#8217;economia espanyola per aprofitar els avantatges que ofereix aquest sector creixent. &#8220;Tots els agents econ\u00f2mics s&#8217;estan transformant i preparant perqu\u00e8 aquesta economia de la longevitat, transversal a tota la societat, pugui ser ben recollida i optimitzada, perqu\u00e8 els grans s\u00f3n agents econ\u00f2mics en igualtat de condicions que qualsevol altre grup d&#8217;edat i per aix\u00f2 tant, han de prestar-los atenci\u00f3. Hi ha d&#8217;haver productes i serveis que cobreixin les seves necessitats. La gent gran no es dedica nom\u00e9s a anar al metge i rebre la seva paga a final de mes. Est\u00e0 vivint, gaudint de la vida, actuant a la societat i tenint un nou protagonisme que cada vegada ser\u00e0 m\u00e9s gran, perqu\u00e8 la longevitat \u00e9s cada vegada major i perqu\u00e8 les oportunitats per participar-hi s\u00f3n cada vegada m\u00e9s grans&#8221;, argumenta.<\/p>\n<p>Olcese apunta, a m\u00e9s, una nova via que pot ajudar aquest segment poblacional i fer cr\u00e9ixer la Silver Economy: la tecnologia. &#8220;A Espanya s&#8217;ha reactivat el sentiment que cal atendre la gent gran, no nom\u00e9s solid\u00e0riament, sin\u00f3 perqu\u00e8 \u00e9s un col\u00b7lectiu interessant. A partir d&#8217;ara veurem una transformaci\u00f3 galopant de totes les empreses que produeixen b\u00e9ns i serveis per a una atenci\u00f3 m\u00e9s gran al col\u00b7lectiu s\u00e8nior: la calor i el consol hum\u00e0 no es pot ni s&#8217;ha de substituir de cap de les maneres, per\u00f2 \u00e9s cert que les m\u00e0quines ajuden a produir serveis que la m\u00e0 de l&#8217;home potser en un moment determinat no arriba, de manera que ha de rebre les oportunitats d&#8217;aquest nou m\u00f3n que ens ha tocat viure amb un sentit positiu i amb l&#8217;esperan\u00e7a que ens ajudar\u00e0 a millorar molt&#8221;, conclou.<\/p>\n<p><iframe loading=\"lazy\" title=\"Aldo Olcese: &quot;El sistema de pensiones no va a quebrar&quot;\" width=\"1080\" height=\"608\" src=\"https:\/\/www.youtube.com\/embed\/nT6k5PgQvew?feature=oembed\" frameborder=\"0\" allow=\"accelerometer; autoplay; clipboard-write; encrypted-media; gyroscope; picture-in-picture; web-share\" allowfullscreen><\/iframe><\/p>\n","protected":false},"excerpt":{"rendered":"<p>Aldo Olcese aborda les oportunitats que obre la denominada economia de la longevitat vinculada a l&#8217;esperan\u00e7a m\u00e9s gran de vida que es dona a les societats occidentals<\/p>\n","protected":false},"author":12,"featured_media":131221,"comment_status":"closed","ping_status":"closed","sticky":false,"template":"","format":"standard","meta":{"_et_pb_use_builder":"","_et_pb_old_content":"","_et_gb_content_width":"","footnotes":""},"categories":[455,304,213],"tags":[],"class_list":["post-136742","post","type-post","status-publish","format-standard","has-post-thumbnail","hentry","category-ciencies-de-la-salut","category-economia-i-politica-ca","category-medicina-i-cirurgia","et-has-post-format-content","et_post_format-et-post-format-standard"],"yoast_head":"<!-- This site is optimized with the Yoast SEO plugin v27.4 - https:\/\/yoast.com\/product\/yoast-seo-wordpress\/ -->\n<title>L&#039;economia de la longevitat - Reial Acad\u00e8mia Europea de Doctors<\/title>\n<meta name=\"description\" content=\"Aldo Olcese aborda las oportunidades que abre la denominada econom\u00eda de la longevidad\" \/>\n<meta name=\"robots\" content=\"index, follow, max-snippet:-1, max-image-preview:large, max-video-preview:-1\" \/>\n<link rel=\"canonical\" href=\"https:\/\/raed.academy\/ca\/leconomia-de-la-longevitat\/\" \/>\n<meta property=\"og:locale\" content=\"ca_ES\" \/>\n<meta property=\"og:type\" content=\"article\" \/>\n<meta property=\"og:title\" content=\"L&#039;economia de la longevitat - Reial Acad\u00e8mia Europea de Doctors\" \/>\n<meta property=\"og:description\" content=\"Aldo Olcese aborda las oportunidades que abre la denominada econom\u00eda de la longevidad\" \/>\n<meta property=\"og:url\" content=\"https:\/\/raed.academy\/ca\/leconomia-de-la-longevitat\/\" \/>\n<meta property=\"og:site_name\" content=\"Reial Acad\u00e8mia Europea de Doctors\" \/>\n<meta property=\"article:publisher\" content=\"http:\/\/fb.me\/raed.academy\" \/>\n<meta property=\"article:published_time\" content=\"2023-09-01T08:33:32+00:00\" \/>\n<meta property=\"article:modified_time\" content=\"2023-09-05T13:44:11+00:00\" \/>\n<meta property=\"og:image\" content=\"https:\/\/raed.academy\/wp-content\/uploads\/2023\/03\/Longevidad.webp\" \/>\n\t<meta property=\"og:image:width\" content=\"600\" \/>\n\t<meta property=\"og:image:height\" content=\"361\" \/>\n\t<meta property=\"og:image:type\" content=\"image\/webp\" \/>\n<meta name=\"author\" content=\"RAED\" \/>\n<meta name=\"twitter:card\" content=\"summary_large_image\" \/>\n<meta name=\"twitter:creator\" content=\"@raedacademy\" \/>\n<meta name=\"twitter:site\" content=\"@raedacademy\" \/>\n<meta name=\"twitter:label1\" content=\"Written by\" \/>\n\t<meta name=\"twitter:data1\" content=\"RAED\" \/>\n\t<meta name=\"twitter:label2\" content=\"Est. reading time\" \/>\n\t<meta name=\"twitter:data2\" content=\"4 minutes\" \/>\n<script type=\"application\/ld+json\" class=\"yoast-schema-graph\">{\"@context\":\"https:\\\/\\\/schema.org\",\"@graph\":[{\"@type\":\"Article\",\"@id\":\"https:\\\/\\\/raed.academy\\\/ca\\\/leconomia-de-la-longevitat\\\/#article\",\"isPartOf\":{\"@id\":\"https:\\\/\\\/raed.academy\\\/ca\\\/leconomia-de-la-longevitat\\\/\"},\"author\":{\"name\":\"RAED\",\"@id\":\"https:\\\/\\\/raed.academy\\\/ca\\\/#\\\/schema\\\/person\\\/5a755da80d1d979fd66ba745c8702927\"},\"headline\":\"L&#8217;economia de la longevitat\",\"datePublished\":\"2023-09-01T08:33:32+00:00\",\"dateModified\":\"2023-09-05T13:44:11+00:00\",\"mainEntityOfPage\":{\"@id\":\"https:\\\/\\\/raed.academy\\\/ca\\\/leconomia-de-la-longevitat\\\/\"},\"wordCount\":746,\"publisher\":{\"@id\":\"https:\\\/\\\/raed.academy\\\/ca\\\/#organization\"},\"image\":{\"@id\":\"https:\\\/\\\/raed.academy\\\/ca\\\/leconomia-de-la-longevitat\\\/#primaryimage\"},\"thumbnailUrl\":\"https:\\\/\\\/raed.academy\\\/wp-content\\\/uploads\\\/2023\\\/03\\\/Longevidad.webp\",\"articleSection\":[\"Ci\u00e8ncies de la salut\",\"Economia i pol\u00edtica\",\"Medicina i cirurgia\"],\"inLanguage\":\"ca-ES\"},{\"@type\":\"WebPage\",\"@id\":\"https:\\\/\\\/raed.academy\\\/ca\\\/leconomia-de-la-longevitat\\\/\",\"url\":\"https:\\\/\\\/raed.academy\\\/ca\\\/leconomia-de-la-longevitat\\\/\",\"name\":\"L'economia de la longevitat - Reial Acad\u00e8mia Europea de Doctors\",\"isPartOf\":{\"@id\":\"https:\\\/\\\/raed.academy\\\/ca\\\/#website\"},\"primaryImageOfPage\":{\"@id\":\"https:\\\/\\\/raed.academy\\\/ca\\\/leconomia-de-la-longevitat\\\/#primaryimage\"},\"image\":{\"@id\":\"https:\\\/\\\/raed.academy\\\/ca\\\/leconomia-de-la-longevitat\\\/#primaryimage\"},\"thumbnailUrl\":\"https:\\\/\\\/raed.academy\\\/wp-content\\\/uploads\\\/2023\\\/03\\\/Longevidad.webp\",\"datePublished\":\"2023-09-01T08:33:32+00:00\",\"dateModified\":\"2023-09-05T13:44:11+00:00\",\"description\":\"Aldo Olcese aborda las oportunidades que abre la denominada econom\u00eda de la longevidad\",\"breadcrumb\":{\"@id\":\"https:\\\/\\\/raed.academy\\\/ca\\\/leconomia-de-la-longevitat\\\/#breadcrumb\"},\"inLanguage\":\"ca-ES\",\"potentialAction\":[{\"@type\":\"ReadAction\",\"target\":[\"https:\\\/\\\/raed.academy\\\/ca\\\/leconomia-de-la-longevitat\\\/\"]}]},{\"@type\":\"ImageObject\",\"inLanguage\":\"ca-ES\",\"@id\":\"https:\\\/\\\/raed.academy\\\/ca\\\/leconomia-de-la-longevitat\\\/#primaryimage\",\"url\":\"https:\\\/\\\/raed.academy\\\/wp-content\\\/uploads\\\/2023\\\/03\\\/Longevidad.webp\",\"contentUrl\":\"https:\\\/\\\/raed.academy\\\/wp-content\\\/uploads\\\/2023\\\/03\\\/Longevidad.webp\",\"width\":600,\"height\":361},{\"@type\":\"BreadcrumbList\",\"@id\":\"https:\\\/\\\/raed.academy\\\/ca\\\/leconomia-de-la-longevitat\\\/#breadcrumb\",\"itemListElement\":[{\"@type\":\"ListItem\",\"position\":1,\"name\":\"Inicio\",\"item\":\"https:\\\/\\\/raed.academy\\\/ca\\\/\"},{\"@type\":\"ListItem\",\"position\":2,\"name\":\"L&#8217;economia de la longevitat\"}]},{\"@type\":\"WebSite\",\"@id\":\"https:\\\/\\\/raed.academy\\\/ca\\\/#website\",\"url\":\"https:\\\/\\\/raed.academy\\\/ca\\\/\",\"name\":\"Reial Acad\u00e8mia Europea de Doctors\",\"description\":\"Corporaci\u00f3n de derecho p\u00fablico de car\u00e1cter cient\u00edfico, t\u00e9cnico y art\u00edstico, que tiene por objeto la investigaci\u00f3n, el estudio, el fomento y la extensi\u00f3n del conocimiento en su sentido m\u00e1s amplio\",\"publisher\":{\"@id\":\"https:\\\/\\\/raed.academy\\\/ca\\\/#organization\"},\"potentialAction\":[{\"@type\":\"SearchAction\",\"target\":{\"@type\":\"EntryPoint\",\"urlTemplate\":\"https:\\\/\\\/raed.academy\\\/ca\\\/?s={search_term_string}\"},\"query-input\":{\"@type\":\"PropertyValueSpecification\",\"valueRequired\":true,\"valueName\":\"search_term_string\"}}],\"inLanguage\":\"ca-ES\"},{\"@type\":\"Organization\",\"@id\":\"https:\\\/\\\/raed.academy\\\/ca\\\/#organization\",\"name\":\"Real Academia Europea de Doctores\",\"url\":\"https:\\\/\\\/raed.academy\\\/ca\\\/\",\"logo\":{\"@type\":\"ImageObject\",\"inLanguage\":\"ca-ES\",\"@id\":\"https:\\\/\\\/raed.academy\\\/ca\\\/#\\\/schema\\\/logo\\\/image\\\/\",\"url\":\"https:\\\/\\\/raed.academy\\\/wp-content\\\/uploads\\\/2017\\\/01\\\/cropped-logo_raed.png\",\"contentUrl\":\"https:\\\/\\\/raed.academy\\\/wp-content\\\/uploads\\\/2017\\\/01\\\/cropped-logo_raed.png\",\"width\":512,\"height\":512,\"caption\":\"Real Academia Europea de Doctores\"},\"image\":{\"@id\":\"https:\\\/\\\/raed.academy\\\/ca\\\/#\\\/schema\\\/logo\\\/image\\\/\"},\"sameAs\":[\"http:\\\/\\\/fb.me\\\/raed.academy\",\"https:\\\/\\\/x.com\\\/raedacademy\",\"https:\\\/\\\/www.instagram.com\\\/raed.academy\\\/\",\"https:\\\/\\\/www.youtube.com\\\/channel\\\/UCUYQwW2KrdirNWihxMDObwg\"]},{\"@type\":\"Person\",\"@id\":\"https:\\\/\\\/raed.academy\\\/ca\\\/#\\\/schema\\\/person\\\/5a755da80d1d979fd66ba745c8702927\",\"name\":\"RAED\",\"image\":{\"@type\":\"ImageObject\",\"inLanguage\":\"ca-ES\",\"@id\":\"https:\\\/\\\/secure.gravatar.com\\\/avatar\\\/19fdfdc0d67fb9c45714b703a2ac82251c4fcea3637f002ac3c9b74c0183583c?s=96&d=mm&r=g\",\"url\":\"https:\\\/\\\/secure.gravatar.com\\\/avatar\\\/19fdfdc0d67fb9c45714b703a2ac82251c4fcea3637f002ac3c9b74c0183583c?s=96&d=mm&r=g\",\"contentUrl\":\"https:\\\/\\\/secure.gravatar.com\\\/avatar\\\/19fdfdc0d67fb9c45714b703a2ac82251c4fcea3637f002ac3c9b74c0183583c?s=96&d=mm&r=g\",\"caption\":\"RAED\"}}]}<\/script>\n<!-- \/ Yoast SEO plugin. -->","yoast_head_json":{"title":"L'economia de la longevitat - Reial Acad\u00e8mia Europea de Doctors","description":"Aldo Olcese aborda las oportunidades que abre la denominada econom\u00eda de la longevidad","robots":{"index":"index","follow":"follow","max-snippet":"max-snippet:-1","max-image-preview":"max-image-preview:large","max-video-preview":"max-video-preview:-1"},"canonical":"https:\/\/raed.academy\/ca\/leconomia-de-la-longevitat\/","og_locale":"ca_ES","og_type":"article","og_title":"L'economia de la longevitat - Reial Acad\u00e8mia Europea de Doctors","og_description":"Aldo Olcese aborda las oportunidades que abre la denominada econom\u00eda de la longevidad","og_url":"https:\/\/raed.academy\/ca\/leconomia-de-la-longevitat\/","og_site_name":"Reial Acad\u00e8mia Europea de Doctors","article_publisher":"http:\/\/fb.me\/raed.academy","article_published_time":"2023-09-01T08:33:32+00:00","article_modified_time":"2023-09-05T13:44:11+00:00","og_image":[{"width":600,"height":361,"url":"https:\/\/raed.academy\/wp-content\/uploads\/2023\/03\/Longevidad.webp","type":"image\/webp"}],"author":"RAED","twitter_card":"summary_large_image","twitter_creator":"@raedacademy","twitter_site":"@raedacademy","twitter_misc":{"Written by":"RAED","Est. reading time":"4 minutes"},"schema":{"@context":"https:\/\/schema.org","@graph":[{"@type":"Article","@id":"https:\/\/raed.academy\/ca\/leconomia-de-la-longevitat\/#article","isPartOf":{"@id":"https:\/\/raed.academy\/ca\/leconomia-de-la-longevitat\/"},"author":{"name":"RAED","@id":"https:\/\/raed.academy\/ca\/#\/schema\/person\/5a755da80d1d979fd66ba745c8702927"},"headline":"L&#8217;economia de la longevitat","datePublished":"2023-09-01T08:33:32+00:00","dateModified":"2023-09-05T13:44:11+00:00","mainEntityOfPage":{"@id":"https:\/\/raed.academy\/ca\/leconomia-de-la-longevitat\/"},"wordCount":746,"publisher":{"@id":"https:\/\/raed.academy\/ca\/#organization"},"image":{"@id":"https:\/\/raed.academy\/ca\/leconomia-de-la-longevitat\/#primaryimage"},"thumbnailUrl":"https:\/\/raed.academy\/wp-content\/uploads\/2023\/03\/Longevidad.webp","articleSection":["Ci\u00e8ncies de la salut","Economia i pol\u00edtica","Medicina i cirurgia"],"inLanguage":"ca-ES"},{"@type":"WebPage","@id":"https:\/\/raed.academy\/ca\/leconomia-de-la-longevitat\/","url":"https:\/\/raed.academy\/ca\/leconomia-de-la-longevitat\/","name":"L'economia de la longevitat - Reial Acad\u00e8mia Europea de Doctors","isPartOf":{"@id":"https:\/\/raed.academy\/ca\/#website"},"primaryImageOfPage":{"@id":"https:\/\/raed.academy\/ca\/leconomia-de-la-longevitat\/#primaryimage"},"image":{"@id":"https:\/\/raed.academy\/ca\/leconomia-de-la-longevitat\/#primaryimage"},"thumbnailUrl":"https:\/\/raed.academy\/wp-content\/uploads\/2023\/03\/Longevidad.webp","datePublished":"2023-09-01T08:33:32+00:00","dateModified":"2023-09-05T13:44:11+00:00","description":"Aldo Olcese aborda las oportunidades que abre la denominada econom\u00eda de la longevidad","breadcrumb":{"@id":"https:\/\/raed.academy\/ca\/leconomia-de-la-longevitat\/#breadcrumb"},"inLanguage":"ca-ES","potentialAction":[{"@type":"ReadAction","target":["https:\/\/raed.academy\/ca\/leconomia-de-la-longevitat\/"]}]},{"@type":"ImageObject","inLanguage":"ca-ES","@id":"https:\/\/raed.academy\/ca\/leconomia-de-la-longevitat\/#primaryimage","url":"https:\/\/raed.academy\/wp-content\/uploads\/2023\/03\/Longevidad.webp","contentUrl":"https:\/\/raed.academy\/wp-content\/uploads\/2023\/03\/Longevidad.webp","width":600,"height":361},{"@type":"BreadcrumbList","@id":"https:\/\/raed.academy\/ca\/leconomia-de-la-longevitat\/#breadcrumb","itemListElement":[{"@type":"ListItem","position":1,"name":"Inicio","item":"https:\/\/raed.academy\/ca\/"},{"@type":"ListItem","position":2,"name":"L&#8217;economia de la longevitat"}]},{"@type":"WebSite","@id":"https:\/\/raed.academy\/ca\/#website","url":"https:\/\/raed.academy\/ca\/","name":"Reial Acad\u00e8mia Europea de Doctors","description":"Corporaci\u00f3n de derecho p\u00fablico de car\u00e1cter cient\u00edfico, t\u00e9cnico y art\u00edstico, que tiene por objeto la investigaci\u00f3n, el estudio, el fomento y la extensi\u00f3n del conocimiento en su sentido m\u00e1s amplio","publisher":{"@id":"https:\/\/raed.academy\/ca\/#organization"},"potentialAction":[{"@type":"SearchAction","target":{"@type":"EntryPoint","urlTemplate":"https:\/\/raed.academy\/ca\/?s={search_term_string}"},"query-input":{"@type":"PropertyValueSpecification","valueRequired":true,"valueName":"search_term_string"}}],"inLanguage":"ca-ES"},{"@type":"Organization","@id":"https:\/\/raed.academy\/ca\/#organization","name":"Real Academia Europea de Doctores","url":"https:\/\/raed.academy\/ca\/","logo":{"@type":"ImageObject","inLanguage":"ca-ES","@id":"https:\/\/raed.academy\/ca\/#\/schema\/logo\/image\/","url":"https:\/\/raed.academy\/wp-content\/uploads\/2017\/01\/cropped-logo_raed.png","contentUrl":"https:\/\/raed.academy\/wp-content\/uploads\/2017\/01\/cropped-logo_raed.png","width":512,"height":512,"caption":"Real Academia Europea de Doctores"},"image":{"@id":"https:\/\/raed.academy\/ca\/#\/schema\/logo\/image\/"},"sameAs":["http:\/\/fb.me\/raed.academy","https:\/\/x.com\/raedacademy","https:\/\/www.instagram.com\/raed.academy\/","https:\/\/www.youtube.com\/channel\/UCUYQwW2KrdirNWihxMDObwg"]},{"@type":"Person","@id":"https:\/\/raed.academy\/ca\/#\/schema\/person\/5a755da80d1d979fd66ba745c8702927","name":"RAED","image":{"@type":"ImageObject","inLanguage":"ca-ES","@id":"https:\/\/secure.gravatar.com\/avatar\/19fdfdc0d67fb9c45714b703a2ac82251c4fcea3637f002ac3c9b74c0183583c?s=96&d=mm&r=g","url":"https:\/\/secure.gravatar.com\/avatar\/19fdfdc0d67fb9c45714b703a2ac82251c4fcea3637f002ac3c9b74c0183583c?s=96&d=mm&r=g","contentUrl":"https:\/\/secure.gravatar.com\/avatar\/19fdfdc0d67fb9c45714b703a2ac82251c4fcea3637f002ac3c9b74c0183583c?s=96&d=mm&r=g","caption":"RAED"}}]}},"_links":{"self":[{"href":"https:\/\/raed.academy\/ca\/wp-json\/wp\/v2\/posts\/136742","targetHints":{"allow":["GET"]}}],"collection":[{"href":"https:\/\/raed.academy\/ca\/wp-json\/wp\/v2\/posts"}],"about":[{"href":"https:\/\/raed.academy\/ca\/wp-json\/wp\/v2\/types\/post"}],"author":[{"embeddable":true,"href":"https:\/\/raed.academy\/ca\/wp-json\/wp\/v2\/users\/12"}],"replies":[{"embeddable":true,"href":"https:\/\/raed.academy\/ca\/wp-json\/wp\/v2\/comments?post=136742"}],"version-history":[{"count":0,"href":"https:\/\/raed.academy\/ca\/wp-json\/wp\/v2\/posts\/136742\/revisions"}],"wp:featuredmedia":[{"embeddable":true,"href":"https:\/\/raed.academy\/ca\/wp-json\/wp\/v2\/media\/131221"}],"wp:attachment":[{"href":"https:\/\/raed.academy\/ca\/wp-json\/wp\/v2\/media?parent=136742"}],"wp:term":[{"taxonomy":"category","embeddable":true,"href":"https:\/\/raed.academy\/ca\/wp-json\/wp\/v2\/categories?post=136742"},{"taxonomy":"post_tag","embeddable":true,"href":"https:\/\/raed.academy\/ca\/wp-json\/wp\/v2\/tags?post=136742"}],"curies":[{"name":"wp","href":"https:\/\/api.w.org\/{rel}","templated":true}]}}