{"id":136737,"date":"2023-09-01T08:24:26","date_gmt":"2023-09-01T08:24:26","guid":{"rendered":"https:\/\/raed.academy\/?p=136737"},"modified":"2023-09-05T13:57:32","modified_gmt":"2023-09-05T13:57:32","slug":"la-xacra-que-pateix-lequador-i-tota-latinoamerica","status":"publish","type":"post","link":"https:\/\/raed.academy\/ca\/la-xacra-que-pateix-lequador-i-tota-latinoamerica\/","title":{"rendered":"La xacra que pateix l&#8217;Equador i tota Latinoam\u00e8rica"},"content":{"rendered":"<div id=\"attachment_75116\" style=\"width: 380px\" class=\"wp-caption aligncenter\"><img loading=\"lazy\" decoding=\"async\" aria-describedby=\"caption-attachment-75116\" class=\"wp-image-75116 size-full\" src=\"https:\/\/raed.academy\/wp-content\/uploads\/2019\/07\/Rosalia-Arteaga.jpg\" alt=\"Rosal\u00eda Arteaga\" width=\"370\" height=\"208\" \/><p id=\"caption-attachment-75116\" class=\"wp-caption-text\">Rosal\u00eda Arteaga<\/p><\/div>\n<p><a href=\"https:\/\/raed.academy\/ca\/academics\/dra-rosalia-arteaga-serrano\/\" target=\"_blank\" rel=\"noopener\"><em><strong>Rosal\u00eda Arteaga<\/strong><\/em><\/a>, expresidenta i exministra d&#8217;Educaci\u00f3 de l&#8217;Equador, presidenta de la <strong>Fundaci\u00f3 per al Desenvolupament d&#8217;Am\u00e8rica Llatina<\/strong>, reconeguda activista per l&#8217;educaci\u00f3 i la inf\u00e0ncia i acad\u00e8mica d&#8217;honor i membre del <strong>Senat<\/strong> de la <strong>Reial Acad\u00e8mia Europea de Doctors-Barcelona 1914<\/strong> (RAED), ha condemnat en\u00e8rgicament aquests dies en diversos mitjans de comunicaci\u00f3 locals i internacionals l&#8217;assassinat del candidat a la <strong>Presid\u00e8ncia<\/strong> de l&#8217;Equador <strong>Fernando Villavicencio<\/strong> i ha reflexionat sobre el problema del narcotr\u00e0fic i la delinq\u00fc\u00e8ncia vinculada a aquest, no nom\u00e9s a l&#8217;Equador, sin\u00f3 a nombrosos pa\u00efsos de la regi\u00f3.<\/p>\n<p>En una entrevista concedida al canal televisiu colombi\u00e0 <strong>NTN24<\/strong>, emesa al programa <strong>&#8220;La Tarde&#8221;<\/strong> el passat 10 d&#8217;agost, Arteaga va abordar els problemes legals amb qu\u00e8 es troben les autoritats equatorianes per combatre la delinq\u00fc\u00e8ncia organitzada i la corrupci\u00f3 generalitzada, a la l\u00ednia del que denunciava el mateix Villavicencio. &#8220;Cal buscar els antecedents en alguns temes d&#8217;ordre legal. El 2008 el president <strong>Rafael Correa<\/strong> va declarar ciutadania universal i va anunciar que al pa\u00eds podrien entrar totes les persones de qualsevol part del m\u00f3n. Aix\u00f2 va obrir la porta perqu\u00e8 persones sense escr\u00fapols de cartells i narcotr\u00e0fic veiessin que a l&#8217;Equador \u00e9s molt f\u00e0cil operar. Tamb\u00e9 es parla d&#8217;impunitat ja que en la majoria dels casos els delinq\u00fcents s\u00f3n capturats per la policia, enjudiciats per la Fiscalia i se&#8217;ls declara lliures&#8221;, va explicar l&#8217;acad\u00e8mica.<\/p>\n<p><img loading=\"lazy\" decoding=\"async\" class=\"wp-image-136795 alignleft\" src=\"https:\/\/raed.academy\/wp-content\/uploads\/2023\/08\/Ecuador-protestas-dst.webp\" alt=\"\" width=\"525\" height=\"316\" srcset=\"https:\/\/raed.academy\/wp-content\/uploads\/2023\/08\/Ecuador-protestas-dst.webp 562w, https:\/\/raed.academy\/wp-content\/uploads\/2023\/08\/Ecuador-protestas-dst-440x264.webp 440w\" sizes=\"(max-width: 525px) 100vw, 525px\" \/>Per a l&#8217;expresidenta de l&#8217;Equador, no nom\u00e9s el pa\u00eds, sin\u00f3 tota la regi\u00f3 es troba en un punt d&#8217;inflexi\u00f3 i pot acabar perdent la batalla contra el narcotr\u00e0fic i el crim organitzat si no es prenen mesures tant policials com legals i, fonamentalment, s&#8217;estableixen pol\u00edtiques comunes contra aquesta xacra. &#8220;Sembla que Am\u00e8rica Llatina est\u00e0 perdent la batalla contra el narcotr\u00e0fic i contra els grans cartells delinq\u00fcencials del m\u00f3n. \u00c9s hora que els l\u00edders d&#8217;Am\u00e8rica Llatina conversin, defineixin pol\u00edtiques en conjunt i actu\u00efn contra aquests delinq\u00fcents organitzats que estan destruint un continent &#8220;, va assenyalar.<\/p>\n<p>D&#8217;altra banda, als seus articles setmanals al diari <strong>&#8220;La Hora&#8221;<\/strong>, Arteaga tamb\u00e9 ha analitzat profusament la situaci\u00f3 del seu pa\u00eds, lamentant la manca de mesures efectives contra la degeneraci\u00f3 pol\u00edtica i social de l&#8217;Equador, comen\u00e7ant per l&#8217;educaci\u00f3. &#8220;Un pa\u00eds com l&#8217;Equador, que abans era considerat una illa de pau, \u00e9s ara un dels pa\u00efsos m\u00e9s violents del m\u00f3n, amb taxes d&#8217;assassinats que superen tot el que podr\u00edem haver imaginat, que es cobren la vida de persones vinculades amb les activitats delictives, per\u00f2 que tamb\u00e9 han comen\u00e7at a atemptar contra la vida de pol\u00edtics, de persones rellevants de la societat&#8221;, assenyala en un d&#8217;aquests articles.<\/p>\n<p>&#8220;Per combatre aquesta onada de viol\u00e8ncia cal, per descomptat, voluntat pol\u00edtica, lleis que coadjuvin a reprimir les activitats delictives, un <strong>Executiu<\/strong> fort, un poder legislatiu conscient del seu paper fonamental en aquest tema a l&#8217;hora de crear i modificar lleis, com la d&#8217;extinci\u00f3 de domini per tallar el poder econ\u00f2mic de les m\u00e0fies enquistades a la nostra societat, aix\u00ed com un <strong>Poder Judicial<\/strong> incorruptible, que no cedeixi davant les temptacions i amenaces per alliberar els delinq\u00fcents&#8221;, conclou a la mateixa columna, publicada el passat 17 d&#8217;agost.<\/p>\n<h2><a href=\"https:\/\/www.ntn24.com\/noticias-actualidad\/america-latina-esta-perdiendo-la-batalla-contra-el-narcotrafico-y-los-grandes-carteles-delincuenciales-del-mundo-expresidenta-de-ecuador-436816\" target=\"_blank\" rel=\"noopener\"><strong>Veieu l&#8217;entrevista a Rosal\u00eda Arteaga<\/strong><\/a><\/h2>\n","protected":false},"excerpt":{"rendered":"<p>Rosal\u00eda Arteaga ha condemnat en\u00e8rgicament aquests dies a diversos mitjans de comunicaci\u00f3 locals i internacionals l&#8217;assassinat del candidat a la Presid\u00e8ncia d&#8217;Equador Fernando Villavicencio<\/p>\n","protected":false},"author":12,"featured_media":136796,"comment_status":"closed","ping_status":"closed","sticky":false,"template":"","format":"standard","meta":{"_et_pb_use_builder":"","_et_pb_old_content":"","_et_gb_content_width":"","footnotes":""},"categories":[350,496],"tags":[],"class_list":["post-136737","post","type-post","status-publish","format-standard","has-post-thumbnail","hentry","category-ciencies-politiques","category-educacio-etica-i-valors-ca","et-has-post-format-content","et_post_format-et-post-format-standard"],"yoast_head":"<!-- This site is optimized with the Yoast SEO plugin v27.4 - https:\/\/yoast.com\/product\/yoast-seo-wordpress\/ -->\n<title>La xacra que pateix l&#039;Equador i tota Latinoam\u00e8rica - Reial Acad\u00e8mia Europea de Doctors<\/title>\n<meta name=\"description\" content=\"Rosal\u00eda Arteaga ha condemnat l&#039;assassinat del candidat a la Presid\u00e8ncia de l&#039;Equador Fernando Villavicencio\" \/>\n<meta name=\"robots\" content=\"index, follow, max-snippet:-1, max-image-preview:large, max-video-preview:-1\" \/>\n<link rel=\"canonical\" href=\"https:\/\/raed.academy\/ca\/la-xacra-que-pateix-lequador-i-tota-latinoamerica\/\" \/>\n<meta property=\"og:locale\" content=\"ca_ES\" \/>\n<meta property=\"og:type\" content=\"article\" \/>\n<meta property=\"og:title\" content=\"La xacra que pateix l&#039;Equador i tota Latinoam\u00e8rica - Reial Acad\u00e8mia Europea de Doctors\" \/>\n<meta property=\"og:description\" content=\"Rosal\u00eda Arteaga ha condemnat l&#039;assassinat del candidat a la Presid\u00e8ncia de l&#039;Equador Fernando Villavicencio\" \/>\n<meta property=\"og:url\" content=\"https:\/\/raed.academy\/ca\/la-xacra-que-pateix-lequador-i-tota-latinoamerica\/\" \/>\n<meta property=\"og:site_name\" content=\"Reial Acad\u00e8mia Europea de Doctors\" \/>\n<meta property=\"article:publisher\" content=\"http:\/\/fb.me\/raed.academy\" \/>\n<meta property=\"article:published_time\" content=\"2023-09-01T08:24:26+00:00\" \/>\n<meta property=\"article:modified_time\" content=\"2023-09-05T13:57:32+00:00\" \/>\n<meta property=\"og:image\" content=\"https:\/\/raed.academy\/wp-content\/uploads\/2023\/08\/Ecuador-protestas-dst.webp\" \/>\n\t<meta property=\"og:image:width\" content=\"562\" \/>\n\t<meta property=\"og:image:height\" content=\"338\" \/>\n\t<meta property=\"og:image:type\" content=\"image\/webp\" \/>\n<meta name=\"author\" content=\"RAED\" \/>\n<meta name=\"twitter:card\" content=\"summary_large_image\" \/>\n<meta name=\"twitter:creator\" content=\"@raedacademy\" \/>\n<meta name=\"twitter:site\" content=\"@raedacademy\" \/>\n<meta name=\"twitter:label1\" content=\"Written by\" \/>\n\t<meta name=\"twitter:data1\" content=\"RAED\" \/>\n\t<meta name=\"twitter:label2\" content=\"Est. reading time\" \/>\n\t<meta name=\"twitter:data2\" content=\"3 minutes\" \/>\n<script type=\"application\/ld+json\" class=\"yoast-schema-graph\">{\"@context\":\"https:\\\/\\\/schema.org\",\"@graph\":[{\"@type\":\"Article\",\"@id\":\"https:\\\/\\\/raed.academy\\\/ca\\\/la-xacra-que-pateix-lequador-i-tota-latinoamerica\\\/#article\",\"isPartOf\":{\"@id\":\"https:\\\/\\\/raed.academy\\\/ca\\\/la-xacra-que-pateix-lequador-i-tota-latinoamerica\\\/\"},\"author\":{\"name\":\"RAED\",\"@id\":\"https:\\\/\\\/raed.academy\\\/ca\\\/#\\\/schema\\\/person\\\/5a755da80d1d979fd66ba745c8702927\"},\"headline\":\"La xacra que pateix l&#8217;Equador i tota Latinoam\u00e8rica\",\"datePublished\":\"2023-09-01T08:24:26+00:00\",\"dateModified\":\"2023-09-05T13:57:32+00:00\",\"mainEntityOfPage\":{\"@id\":\"https:\\\/\\\/raed.academy\\\/ca\\\/la-xacra-que-pateix-lequador-i-tota-latinoamerica\\\/\"},\"wordCount\":605,\"publisher\":{\"@id\":\"https:\\\/\\\/raed.academy\\\/ca\\\/#organization\"},\"image\":{\"@id\":\"https:\\\/\\\/raed.academy\\\/ca\\\/la-xacra-que-pateix-lequador-i-tota-latinoamerica\\\/#primaryimage\"},\"thumbnailUrl\":\"https:\\\/\\\/raed.academy\\\/wp-content\\\/uploads\\\/2023\\\/08\\\/Ecuador-protestas-dst.webp\",\"articleSection\":[\"Ci\u00e8ncies pol\u00edtiques\",\"Educaci\u00f3, \u00e8tica i valors\"],\"inLanguage\":\"ca-ES\"},{\"@type\":\"WebPage\",\"@id\":\"https:\\\/\\\/raed.academy\\\/ca\\\/la-xacra-que-pateix-lequador-i-tota-latinoamerica\\\/\",\"url\":\"https:\\\/\\\/raed.academy\\\/ca\\\/la-xacra-que-pateix-lequador-i-tota-latinoamerica\\\/\",\"name\":\"La xacra que pateix l'Equador i tota Latinoam\u00e8rica - Reial Acad\u00e8mia Europea de Doctors\",\"isPartOf\":{\"@id\":\"https:\\\/\\\/raed.academy\\\/ca\\\/#website\"},\"primaryImageOfPage\":{\"@id\":\"https:\\\/\\\/raed.academy\\\/ca\\\/la-xacra-que-pateix-lequador-i-tota-latinoamerica\\\/#primaryimage\"},\"image\":{\"@id\":\"https:\\\/\\\/raed.academy\\\/ca\\\/la-xacra-que-pateix-lequador-i-tota-latinoamerica\\\/#primaryimage\"},\"thumbnailUrl\":\"https:\\\/\\\/raed.academy\\\/wp-content\\\/uploads\\\/2023\\\/08\\\/Ecuador-protestas-dst.webp\",\"datePublished\":\"2023-09-01T08:24:26+00:00\",\"dateModified\":\"2023-09-05T13:57:32+00:00\",\"description\":\"Rosal\u00eda Arteaga ha condemnat l'assassinat del candidat a la Presid\u00e8ncia de l'Equador Fernando Villavicencio\",\"breadcrumb\":{\"@id\":\"https:\\\/\\\/raed.academy\\\/ca\\\/la-xacra-que-pateix-lequador-i-tota-latinoamerica\\\/#breadcrumb\"},\"inLanguage\":\"ca-ES\",\"potentialAction\":[{\"@type\":\"ReadAction\",\"target\":[\"https:\\\/\\\/raed.academy\\\/ca\\\/la-xacra-que-pateix-lequador-i-tota-latinoamerica\\\/\"]}]},{\"@type\":\"ImageObject\",\"inLanguage\":\"ca-ES\",\"@id\":\"https:\\\/\\\/raed.academy\\\/ca\\\/la-xacra-que-pateix-lequador-i-tota-latinoamerica\\\/#primaryimage\",\"url\":\"https:\\\/\\\/raed.academy\\\/wp-content\\\/uploads\\\/2023\\\/08\\\/Ecuador-protestas-dst.webp\",\"contentUrl\":\"https:\\\/\\\/raed.academy\\\/wp-content\\\/uploads\\\/2023\\\/08\\\/Ecuador-protestas-dst.webp\",\"width\":562,\"height\":338},{\"@type\":\"BreadcrumbList\",\"@id\":\"https:\\\/\\\/raed.academy\\\/ca\\\/la-xacra-que-pateix-lequador-i-tota-latinoamerica\\\/#breadcrumb\",\"itemListElement\":[{\"@type\":\"ListItem\",\"position\":1,\"name\":\"Inicio\",\"item\":\"https:\\\/\\\/raed.academy\\\/ca\\\/\"},{\"@type\":\"ListItem\",\"position\":2,\"name\":\"La xacra que pateix l&#8217;Equador i tota Latinoam\u00e8rica\"}]},{\"@type\":\"WebSite\",\"@id\":\"https:\\\/\\\/raed.academy\\\/ca\\\/#website\",\"url\":\"https:\\\/\\\/raed.academy\\\/ca\\\/\",\"name\":\"Reial Acad\u00e8mia Europea de Doctors\",\"description\":\"Corporaci\u00f3n de derecho p\u00fablico de car\u00e1cter cient\u00edfico, t\u00e9cnico y art\u00edstico, que tiene por objeto la investigaci\u00f3n, el estudio, el fomento y la extensi\u00f3n del conocimiento en su sentido m\u00e1s amplio\",\"publisher\":{\"@id\":\"https:\\\/\\\/raed.academy\\\/ca\\\/#organization\"},\"potentialAction\":[{\"@type\":\"SearchAction\",\"target\":{\"@type\":\"EntryPoint\",\"urlTemplate\":\"https:\\\/\\\/raed.academy\\\/ca\\\/?s={search_term_string}\"},\"query-input\":{\"@type\":\"PropertyValueSpecification\",\"valueRequired\":true,\"valueName\":\"search_term_string\"}}],\"inLanguage\":\"ca-ES\"},{\"@type\":\"Organization\",\"@id\":\"https:\\\/\\\/raed.academy\\\/ca\\\/#organization\",\"name\":\"Real Academia Europea de Doctores\",\"url\":\"https:\\\/\\\/raed.academy\\\/ca\\\/\",\"logo\":{\"@type\":\"ImageObject\",\"inLanguage\":\"ca-ES\",\"@id\":\"https:\\\/\\\/raed.academy\\\/ca\\\/#\\\/schema\\\/logo\\\/image\\\/\",\"url\":\"https:\\\/\\\/raed.academy\\\/wp-content\\\/uploads\\\/2017\\\/01\\\/cropped-logo_raed.png\",\"contentUrl\":\"https:\\\/\\\/raed.academy\\\/wp-content\\\/uploads\\\/2017\\\/01\\\/cropped-logo_raed.png\",\"width\":512,\"height\":512,\"caption\":\"Real Academia Europea de Doctores\"},\"image\":{\"@id\":\"https:\\\/\\\/raed.academy\\\/ca\\\/#\\\/schema\\\/logo\\\/image\\\/\"},\"sameAs\":[\"http:\\\/\\\/fb.me\\\/raed.academy\",\"https:\\\/\\\/x.com\\\/raedacademy\",\"https:\\\/\\\/www.instagram.com\\\/raed.academy\\\/\",\"https:\\\/\\\/www.youtube.com\\\/channel\\\/UCUYQwW2KrdirNWihxMDObwg\"]},{\"@type\":\"Person\",\"@id\":\"https:\\\/\\\/raed.academy\\\/ca\\\/#\\\/schema\\\/person\\\/5a755da80d1d979fd66ba745c8702927\",\"name\":\"RAED\",\"image\":{\"@type\":\"ImageObject\",\"inLanguage\":\"ca-ES\",\"@id\":\"https:\\\/\\\/secure.gravatar.com\\\/avatar\\\/19fdfdc0d67fb9c45714b703a2ac82251c4fcea3637f002ac3c9b74c0183583c?s=96&d=mm&r=g\",\"url\":\"https:\\\/\\\/secure.gravatar.com\\\/avatar\\\/19fdfdc0d67fb9c45714b703a2ac82251c4fcea3637f002ac3c9b74c0183583c?s=96&d=mm&r=g\",\"contentUrl\":\"https:\\\/\\\/secure.gravatar.com\\\/avatar\\\/19fdfdc0d67fb9c45714b703a2ac82251c4fcea3637f002ac3c9b74c0183583c?s=96&d=mm&r=g\",\"caption\":\"RAED\"}}]}<\/script>\n<!-- \/ Yoast SEO plugin. -->","yoast_head_json":{"title":"La xacra que pateix l'Equador i tota Latinoam\u00e8rica - Reial Acad\u00e8mia Europea de Doctors","description":"Rosal\u00eda Arteaga ha condemnat l'assassinat del candidat a la Presid\u00e8ncia de l'Equador Fernando Villavicencio","robots":{"index":"index","follow":"follow","max-snippet":"max-snippet:-1","max-image-preview":"max-image-preview:large","max-video-preview":"max-video-preview:-1"},"canonical":"https:\/\/raed.academy\/ca\/la-xacra-que-pateix-lequador-i-tota-latinoamerica\/","og_locale":"ca_ES","og_type":"article","og_title":"La xacra que pateix l'Equador i tota Latinoam\u00e8rica - Reial Acad\u00e8mia Europea de Doctors","og_description":"Rosal\u00eda Arteaga ha condemnat l'assassinat del candidat a la Presid\u00e8ncia de l'Equador Fernando Villavicencio","og_url":"https:\/\/raed.academy\/ca\/la-xacra-que-pateix-lequador-i-tota-latinoamerica\/","og_site_name":"Reial Acad\u00e8mia Europea de Doctors","article_publisher":"http:\/\/fb.me\/raed.academy","article_published_time":"2023-09-01T08:24:26+00:00","article_modified_time":"2023-09-05T13:57:32+00:00","og_image":[{"width":562,"height":338,"url":"https:\/\/raed.academy\/wp-content\/uploads\/2023\/08\/Ecuador-protestas-dst.webp","type":"image\/webp"}],"author":"RAED","twitter_card":"summary_large_image","twitter_creator":"@raedacademy","twitter_site":"@raedacademy","twitter_misc":{"Written by":"RAED","Est. reading time":"3 minutes"},"schema":{"@context":"https:\/\/schema.org","@graph":[{"@type":"Article","@id":"https:\/\/raed.academy\/ca\/la-xacra-que-pateix-lequador-i-tota-latinoamerica\/#article","isPartOf":{"@id":"https:\/\/raed.academy\/ca\/la-xacra-que-pateix-lequador-i-tota-latinoamerica\/"},"author":{"name":"RAED","@id":"https:\/\/raed.academy\/ca\/#\/schema\/person\/5a755da80d1d979fd66ba745c8702927"},"headline":"La xacra que pateix l&#8217;Equador i tota Latinoam\u00e8rica","datePublished":"2023-09-01T08:24:26+00:00","dateModified":"2023-09-05T13:57:32+00:00","mainEntityOfPage":{"@id":"https:\/\/raed.academy\/ca\/la-xacra-que-pateix-lequador-i-tota-latinoamerica\/"},"wordCount":605,"publisher":{"@id":"https:\/\/raed.academy\/ca\/#organization"},"image":{"@id":"https:\/\/raed.academy\/ca\/la-xacra-que-pateix-lequador-i-tota-latinoamerica\/#primaryimage"},"thumbnailUrl":"https:\/\/raed.academy\/wp-content\/uploads\/2023\/08\/Ecuador-protestas-dst.webp","articleSection":["Ci\u00e8ncies pol\u00edtiques","Educaci\u00f3, \u00e8tica i valors"],"inLanguage":"ca-ES"},{"@type":"WebPage","@id":"https:\/\/raed.academy\/ca\/la-xacra-que-pateix-lequador-i-tota-latinoamerica\/","url":"https:\/\/raed.academy\/ca\/la-xacra-que-pateix-lequador-i-tota-latinoamerica\/","name":"La xacra que pateix l'Equador i tota Latinoam\u00e8rica - Reial Acad\u00e8mia Europea de Doctors","isPartOf":{"@id":"https:\/\/raed.academy\/ca\/#website"},"primaryImageOfPage":{"@id":"https:\/\/raed.academy\/ca\/la-xacra-que-pateix-lequador-i-tota-latinoamerica\/#primaryimage"},"image":{"@id":"https:\/\/raed.academy\/ca\/la-xacra-que-pateix-lequador-i-tota-latinoamerica\/#primaryimage"},"thumbnailUrl":"https:\/\/raed.academy\/wp-content\/uploads\/2023\/08\/Ecuador-protestas-dst.webp","datePublished":"2023-09-01T08:24:26+00:00","dateModified":"2023-09-05T13:57:32+00:00","description":"Rosal\u00eda Arteaga ha condemnat l'assassinat del candidat a la Presid\u00e8ncia de l'Equador Fernando Villavicencio","breadcrumb":{"@id":"https:\/\/raed.academy\/ca\/la-xacra-que-pateix-lequador-i-tota-latinoamerica\/#breadcrumb"},"inLanguage":"ca-ES","potentialAction":[{"@type":"ReadAction","target":["https:\/\/raed.academy\/ca\/la-xacra-que-pateix-lequador-i-tota-latinoamerica\/"]}]},{"@type":"ImageObject","inLanguage":"ca-ES","@id":"https:\/\/raed.academy\/ca\/la-xacra-que-pateix-lequador-i-tota-latinoamerica\/#primaryimage","url":"https:\/\/raed.academy\/wp-content\/uploads\/2023\/08\/Ecuador-protestas-dst.webp","contentUrl":"https:\/\/raed.academy\/wp-content\/uploads\/2023\/08\/Ecuador-protestas-dst.webp","width":562,"height":338},{"@type":"BreadcrumbList","@id":"https:\/\/raed.academy\/ca\/la-xacra-que-pateix-lequador-i-tota-latinoamerica\/#breadcrumb","itemListElement":[{"@type":"ListItem","position":1,"name":"Inicio","item":"https:\/\/raed.academy\/ca\/"},{"@type":"ListItem","position":2,"name":"La xacra que pateix l&#8217;Equador i tota Latinoam\u00e8rica"}]},{"@type":"WebSite","@id":"https:\/\/raed.academy\/ca\/#website","url":"https:\/\/raed.academy\/ca\/","name":"Reial Acad\u00e8mia Europea de Doctors","description":"Corporaci\u00f3n de derecho p\u00fablico de car\u00e1cter cient\u00edfico, t\u00e9cnico y art\u00edstico, que tiene por objeto la investigaci\u00f3n, el estudio, el fomento y la extensi\u00f3n del conocimiento en su sentido m\u00e1s amplio","publisher":{"@id":"https:\/\/raed.academy\/ca\/#organization"},"potentialAction":[{"@type":"SearchAction","target":{"@type":"EntryPoint","urlTemplate":"https:\/\/raed.academy\/ca\/?s={search_term_string}"},"query-input":{"@type":"PropertyValueSpecification","valueRequired":true,"valueName":"search_term_string"}}],"inLanguage":"ca-ES"},{"@type":"Organization","@id":"https:\/\/raed.academy\/ca\/#organization","name":"Real Academia Europea de Doctores","url":"https:\/\/raed.academy\/ca\/","logo":{"@type":"ImageObject","inLanguage":"ca-ES","@id":"https:\/\/raed.academy\/ca\/#\/schema\/logo\/image\/","url":"https:\/\/raed.academy\/wp-content\/uploads\/2017\/01\/cropped-logo_raed.png","contentUrl":"https:\/\/raed.academy\/wp-content\/uploads\/2017\/01\/cropped-logo_raed.png","width":512,"height":512,"caption":"Real Academia Europea de Doctores"},"image":{"@id":"https:\/\/raed.academy\/ca\/#\/schema\/logo\/image\/"},"sameAs":["http:\/\/fb.me\/raed.academy","https:\/\/x.com\/raedacademy","https:\/\/www.instagram.com\/raed.academy\/","https:\/\/www.youtube.com\/channel\/UCUYQwW2KrdirNWihxMDObwg"]},{"@type":"Person","@id":"https:\/\/raed.academy\/ca\/#\/schema\/person\/5a755da80d1d979fd66ba745c8702927","name":"RAED","image":{"@type":"ImageObject","inLanguage":"ca-ES","@id":"https:\/\/secure.gravatar.com\/avatar\/19fdfdc0d67fb9c45714b703a2ac82251c4fcea3637f002ac3c9b74c0183583c?s=96&d=mm&r=g","url":"https:\/\/secure.gravatar.com\/avatar\/19fdfdc0d67fb9c45714b703a2ac82251c4fcea3637f002ac3c9b74c0183583c?s=96&d=mm&r=g","contentUrl":"https:\/\/secure.gravatar.com\/avatar\/19fdfdc0d67fb9c45714b703a2ac82251c4fcea3637f002ac3c9b74c0183583c?s=96&d=mm&r=g","caption":"RAED"}}]}},"_links":{"self":[{"href":"https:\/\/raed.academy\/ca\/wp-json\/wp\/v2\/posts\/136737","targetHints":{"allow":["GET"]}}],"collection":[{"href":"https:\/\/raed.academy\/ca\/wp-json\/wp\/v2\/posts"}],"about":[{"href":"https:\/\/raed.academy\/ca\/wp-json\/wp\/v2\/types\/post"}],"author":[{"embeddable":true,"href":"https:\/\/raed.academy\/ca\/wp-json\/wp\/v2\/users\/12"}],"replies":[{"embeddable":true,"href":"https:\/\/raed.academy\/ca\/wp-json\/wp\/v2\/comments?post=136737"}],"version-history":[{"count":0,"href":"https:\/\/raed.academy\/ca\/wp-json\/wp\/v2\/posts\/136737\/revisions"}],"wp:featuredmedia":[{"embeddable":true,"href":"https:\/\/raed.academy\/ca\/wp-json\/wp\/v2\/media\/136796"}],"wp:attachment":[{"href":"https:\/\/raed.academy\/ca\/wp-json\/wp\/v2\/media?parent=136737"}],"wp:term":[{"taxonomy":"category","embeddable":true,"href":"https:\/\/raed.academy\/ca\/wp-json\/wp\/v2\/categories?post=136737"},{"taxonomy":"post_tag","embeddable":true,"href":"https:\/\/raed.academy\/ca\/wp-json\/wp\/v2\/tags?post=136737"}],"curies":[{"name":"wp","href":"https:\/\/api.w.org\/{rel}","templated":true}]}}