{"id":136725,"date":"2023-08-31T14:53:00","date_gmt":"2023-08-31T14:53:00","guid":{"rendered":"https:\/\/raed.academy\/?p=136725"},"modified":"2023-09-04T15:41:14","modified_gmt":"2023-09-04T15:41:14","slug":"els-detalls-de-la-coronacio-dels-reis-carles-iii-i-camila","status":"publish","type":"post","link":"https:\/\/raed.academy\/ca\/els-detalls-de-la-coronacio-dels-reis-carles-iii-i-camila\/","title":{"rendered":"Els detalls de la coronaci\u00f3 dels Reis Carles III i Camila"},"content":{"rendered":"<div id=\"attachment_108145\" style=\"width: 510px\" class=\"wp-caption aligncenter\"><img loading=\"lazy\" decoding=\"async\" aria-describedby=\"caption-attachment-108145\" class=\"wp-image-108145 size-full\" src=\"https:\/\/raed.academy\/wp-content\/uploads\/2021\/11\/Carlos-Cortina-Riu-dst.webp\" alt=\"Dr. Carlos Cortina Riu\" width=\"500\" height=\"300\" srcset=\"https:\/\/raed.academy\/wp-content\/uploads\/2021\/11\/Carlos-Cortina-Riu-dst.webp 500w, https:\/\/raed.academy\/wp-content\/uploads\/2021\/11\/Carlos-Cortina-Riu-dst-440x264.webp 440w\" sizes=\"(max-width: 500px) 100vw, 500px\" \/><p id=\"caption-attachment-108145\" class=\"wp-caption-text\">Dr. Carlos Cortina Riu<\/p><\/div>\n<p><a href=\"https:\/\/raed.academy\/ca\/academics\/dr-carlos-cortina-riu\/\" target=\"_blank\" rel=\"noopener\"><em><strong>Carlos Cortina<\/strong><\/em><\/a>, delegat per a Espanya de les <strong>Ordres Din\u00e0stiques de la Casa Reial de Savoia<\/strong> i acad\u00e8mic de n\u00famero de la <strong>Reial Acad\u00e8mia Europea de Doctors-Barcelona 1914<\/strong> (RAED), comparteix amb la comunitat acad\u00e8mica l&#8217;article <strong>&#8220;La coronaci\u00f3n del Rey Carlos III y de la Reina Camila del Reino Unido&#8221;<\/strong>, en qu\u00e8 repr\u00e8n les seves reflexions sobre la cerim\u00f2nia celebrada a la londinenca Abadia de Westminster el mes de maig passat. L&#8217;acad\u00e8mic ja va participar al programa <strong>&#8220;Tot \u00e9s mou&#8221;<\/strong> del canal de televisi\u00f3 <strong>TV3<\/strong> com a reconegut expert en protocol per analitzar la coronaci\u00f3, tant abans com despr\u00e9s d&#8217;una cerim\u00f2nia que va considerar allunyada de la tradici\u00f3 i, en certa mesura, impr\u00f2pia d&#8217;una Monarquia hist\u00f2rica com la brit\u00e0nica.<\/p>\n<p>Defugint tota mena de pol\u00e8mica, Cortina explica la cerim\u00f2nia de coronaci\u00f3 pas a pas i d\u00f3na detalls sobre tots els seus elements. &#8220;La coronaci\u00f3 del Rei d&#8217;Anglaterra \u00e9s, alhora, un acte confessional i eclesial, a m\u00e9s d&#8217;un fet simb\u00f2lic i de comuni\u00f3 dels temps pel qual, el rei, que ja \u00e9s rei, \u00e9s ungit i consagrat, en el moment \u00e0lgid de la cerim\u00f2nia, aquell que ha de ser invisible als ulls de tot el m\u00f3n perqu\u00e8 D\u00e9u es fa present al monarca, i, a partir d&#8217;aquell instant i com a signe visible i diferenciador del sobir\u00e0 davant de la resta dels mortals, rep la corona de sant Eduard&#8221;, inicia Cortina la seva exposici\u00f3.<\/p>\n<p>L&#8217;acad\u00e8mic detalla el programa de la coronaci\u00f3, incloent-hi un servei religi\u00f3s, la unci\u00f3, la coronaci\u00f3 i el concert posterior. Els escenaris de la coronaci\u00f3 s\u00f3n l&#8217;Abadia de Westminster i el Palau de Buckingham. L&#8217;expert destaca el Tron de Sant Eduard i la Pedra del Dest\u00ed com a s\u00edmbols importants a la coronaci\u00f3. Aix\u00ed mateix, descriuen les caracter\u00edstiques de les corones utilitzades a la cerim\u00f2nia de coronaci\u00f3, com la corona de sant Eduard el Confessor, la corona imperial d&#8217;Estat i la corona de la Reina Maria.<\/p>\n<p><img loading=\"lazy\" decoding=\"async\" class=\"wp-image-136782 alignleft\" src=\"https:\/\/raed.academy\/wp-content\/uploads\/2023\/08\/Coronacion-Carloslll-Camila-DST.webp\" alt=\"\" width=\"352\" height=\"210\" srcset=\"https:\/\/raed.academy\/wp-content\/uploads\/2023\/08\/Coronacion-Carloslll-Camila-DST.webp 600w, https:\/\/raed.academy\/wp-content\/uploads\/2023\/08\/Coronacion-Carloslll-Camila-DST-440x264.webp 440w\" sizes=\"(max-width: 352px) 100vw, 352px\" \/>L&#8217;article aborda el cerimonial de la coronaci\u00f3, que comen\u00e7a amb els seguicis d&#8217;entrada, la rebuda al rei i la presentaci\u00f3 i el reconeixement i prossegueix amb l&#8217;obsequi de la <strong>Sagrada B\u00edblia<\/strong>, el jurament, la lit\u00fargia de la paraula i la preg\u00e0ria. Entre els elements utilitzats a la cerim\u00f2nia, Cortina exposa la import\u00e0ncia del Sant Crisma, la vestimenta del rei, les esperones d&#8217;or, l&#8217;espasa de l&#8217;oferiment, els bra\u00e7alets i l&#8217;estola reial.<\/p>\n<p>Cortina ha desenvolupat la seva activitat professional i de recerca en les disciplines de cerimonial, protocol i relacions p\u00fabliques, exercint el c\u00e0rrec de cap de Relacions Institucionals i de Protocol a diverses empreses i institucions p\u00fabliques. \u00c9s autor d&#8217;obres de refer\u00e8ncia en l&#8217;\u00e0mbit del protocol com el <strong>&#8220;Reglament de Protocol, Cerimonial, Honors i Distincions per als Ajuntaments&#8221;<\/strong> (2010). Soci fundador de l&#8217;<strong>Associaci\u00f3 Catalana de Protocol i Relacions Institucionals<\/strong>, ha estat distingit amb la <strong>Medalla de Plata<\/strong> i la <strong>Medalla de la Const\u00e0ncia<\/strong> de la <strong>Creu Roja<\/strong> (1991 i 1992), la <strong>Creu Oficial de l&#8217;Ordre del M\u00e8rit Civil<\/strong> (2000), el<strong> Premi Nacional de Cerimonial i Protocol Marqu\u00e8s de Mond\u00e9jar<\/strong> (2001), el <strong>Premi Nacional de Protocol i Relacions Institucionals<\/strong> (2017), la <strong>Medalla d&#8217;Or del Papa Lle\u00f3 XIII per a la Cust\u00f2dia de Terra Santa<\/strong> (2019) i la <strong>Medalla Benemer\u00e8ncia d&#8217;Or de l&#8217;Ordre Constantiniana<\/strong> (2021).<\/p>\n","protected":false},"excerpt":{"rendered":"<p>Carlos Cortina comparteix amb la comunitat acad\u00e8mica l&#8217;article &#8220;La coronaci\u00f3 del Rei Carles III i de la Reina Camil\u00b7la del Regne Unit&#8221; en qu\u00e8 repr\u00e8n les seves reflexions sobre la cerim\u00f2nia celebrada a la londinenca Abadia de Westminster el mes de maig passat<\/p>\n","protected":false},"author":12,"featured_media":136783,"comment_status":"closed","ping_status":"closed","sticky":false,"template":"","format":"standard","meta":{"_et_pb_use_builder":"","_et_pb_old_content":"","_et_gb_content_width":"","footnotes":""},"categories":[350,242,487],"tags":[],"class_list":["post-136725","post","type-post","status-publish","format-standard","has-post-thumbnail","hentry","category-ciencies-politiques","category-categ-historia","category-monarquia-ca","et-has-post-format-content","et_post_format-et-post-format-standard"],"yoast_head":"<!-- This site is optimized with the Yoast SEO plugin v27.4 - https:\/\/yoast.com\/product\/yoast-seo-wordpress\/ -->\n<title>Els detalls de la coronaci\u00f3 dels Reis Carles III i Camila - Reial Acad\u00e8mia Europea de Doctors<\/title>\n<meta name=\"description\" content=\"Carlos Cortina comparte con la comunidad acad\u00e9mica el art\u00edculo &quot;La coronaci\u00f3n del Rey Carlos III y de la Reina Camila del Reino Unido&quot;\" \/>\n<meta name=\"robots\" content=\"index, follow, max-snippet:-1, max-image-preview:large, max-video-preview:-1\" \/>\n<link rel=\"canonical\" href=\"https:\/\/raed.academy\/ca\/els-detalls-de-la-coronacio-dels-reis-carles-iii-i-camila\/\" \/>\n<meta property=\"og:locale\" content=\"ca_ES\" \/>\n<meta property=\"og:type\" content=\"article\" \/>\n<meta property=\"og:title\" content=\"Els detalls de la coronaci\u00f3 dels Reis Carles III i Camila - Reial Acad\u00e8mia Europea de Doctors\" \/>\n<meta property=\"og:description\" content=\"Carlos Cortina comparte con la comunidad acad\u00e9mica el art\u00edculo &quot;La coronaci\u00f3n del Rey Carlos III y de la Reina Camila del Reino Unido&quot;\" \/>\n<meta property=\"og:url\" content=\"https:\/\/raed.academy\/ca\/els-detalls-de-la-coronacio-dels-reis-carles-iii-i-camila\/\" \/>\n<meta property=\"og:site_name\" content=\"Reial Acad\u00e8mia Europea de Doctors\" \/>\n<meta property=\"article:publisher\" content=\"http:\/\/fb.me\/raed.academy\" \/>\n<meta property=\"article:published_time\" content=\"2023-08-31T14:53:00+00:00\" \/>\n<meta property=\"article:modified_time\" content=\"2023-09-04T15:41:14+00:00\" \/>\n<meta property=\"og:image\" content=\"https:\/\/raed.academy\/wp-content\/uploads\/2023\/08\/Coronacion-Carloslll-Camila-DST.webp\" \/>\n\t<meta property=\"og:image:width\" content=\"600\" \/>\n\t<meta property=\"og:image:height\" content=\"358\" \/>\n\t<meta property=\"og:image:type\" content=\"image\/webp\" \/>\n<meta name=\"author\" content=\"RAED\" \/>\n<meta name=\"twitter:card\" content=\"summary_large_image\" \/>\n<meta name=\"twitter:creator\" content=\"@raedacademy\" \/>\n<meta name=\"twitter:site\" content=\"@raedacademy\" \/>\n<meta name=\"twitter:label1\" content=\"Written by\" \/>\n\t<meta name=\"twitter:data1\" content=\"RAED\" \/>\n\t<meta name=\"twitter:label2\" content=\"Est. reading time\" \/>\n\t<meta name=\"twitter:data2\" content=\"3 minutes\" \/>\n<script type=\"application\/ld+json\" class=\"yoast-schema-graph\">{\"@context\":\"https:\\\/\\\/schema.org\",\"@graph\":[{\"@type\":\"Article\",\"@id\":\"https:\\\/\\\/raed.academy\\\/ca\\\/els-detalls-de-la-coronacio-dels-reis-carles-iii-i-camila\\\/#article\",\"isPartOf\":{\"@id\":\"https:\\\/\\\/raed.academy\\\/ca\\\/els-detalls-de-la-coronacio-dels-reis-carles-iii-i-camila\\\/\"},\"author\":{\"name\":\"RAED\",\"@id\":\"https:\\\/\\\/raed.academy\\\/ca\\\/#\\\/schema\\\/person\\\/5a755da80d1d979fd66ba745c8702927\"},\"headline\":\"Els detalls de la coronaci\u00f3 dels Reis Carles III i Camila\",\"datePublished\":\"2023-08-31T14:53:00+00:00\",\"dateModified\":\"2023-09-04T15:41:14+00:00\",\"mainEntityOfPage\":{\"@id\":\"https:\\\/\\\/raed.academy\\\/ca\\\/els-detalls-de-la-coronacio-dels-reis-carles-iii-i-camila\\\/\"},\"wordCount\":611,\"publisher\":{\"@id\":\"https:\\\/\\\/raed.academy\\\/ca\\\/#organization\"},\"image\":{\"@id\":\"https:\\\/\\\/raed.academy\\\/ca\\\/els-detalls-de-la-coronacio-dels-reis-carles-iii-i-camila\\\/#primaryimage\"},\"thumbnailUrl\":\"https:\\\/\\\/raed.academy\\\/wp-content\\\/uploads\\\/2023\\\/08\\\/Coronacion-Carloslll-Camila-DST.webp\",\"articleSection\":[\"Ci\u00e8ncies pol\u00edtiques\",\"Hist\u00f2ria\",\"Monarquia\"],\"inLanguage\":\"ca-ES\"},{\"@type\":\"WebPage\",\"@id\":\"https:\\\/\\\/raed.academy\\\/ca\\\/els-detalls-de-la-coronacio-dels-reis-carles-iii-i-camila\\\/\",\"url\":\"https:\\\/\\\/raed.academy\\\/ca\\\/els-detalls-de-la-coronacio-dels-reis-carles-iii-i-camila\\\/\",\"name\":\"Els detalls de la coronaci\u00f3 dels Reis Carles III i Camila - Reial Acad\u00e8mia Europea de Doctors\",\"isPartOf\":{\"@id\":\"https:\\\/\\\/raed.academy\\\/ca\\\/#website\"},\"primaryImageOfPage\":{\"@id\":\"https:\\\/\\\/raed.academy\\\/ca\\\/els-detalls-de-la-coronacio-dels-reis-carles-iii-i-camila\\\/#primaryimage\"},\"image\":{\"@id\":\"https:\\\/\\\/raed.academy\\\/ca\\\/els-detalls-de-la-coronacio-dels-reis-carles-iii-i-camila\\\/#primaryimage\"},\"thumbnailUrl\":\"https:\\\/\\\/raed.academy\\\/wp-content\\\/uploads\\\/2023\\\/08\\\/Coronacion-Carloslll-Camila-DST.webp\",\"datePublished\":\"2023-08-31T14:53:00+00:00\",\"dateModified\":\"2023-09-04T15:41:14+00:00\",\"description\":\"Carlos Cortina comparte con la comunidad acad\u00e9mica el art\u00edculo \\\"La coronaci\u00f3n del Rey Carlos III y de la Reina Camila del Reino Unido\\\"\",\"breadcrumb\":{\"@id\":\"https:\\\/\\\/raed.academy\\\/ca\\\/els-detalls-de-la-coronacio-dels-reis-carles-iii-i-camila\\\/#breadcrumb\"},\"inLanguage\":\"ca-ES\",\"potentialAction\":[{\"@type\":\"ReadAction\",\"target\":[\"https:\\\/\\\/raed.academy\\\/ca\\\/els-detalls-de-la-coronacio-dels-reis-carles-iii-i-camila\\\/\"]}]},{\"@type\":\"ImageObject\",\"inLanguage\":\"ca-ES\",\"@id\":\"https:\\\/\\\/raed.academy\\\/ca\\\/els-detalls-de-la-coronacio-dels-reis-carles-iii-i-camila\\\/#primaryimage\",\"url\":\"https:\\\/\\\/raed.academy\\\/wp-content\\\/uploads\\\/2023\\\/08\\\/Coronacion-Carloslll-Camila-DST.webp\",\"contentUrl\":\"https:\\\/\\\/raed.academy\\\/wp-content\\\/uploads\\\/2023\\\/08\\\/Coronacion-Carloslll-Camila-DST.webp\",\"width\":600,\"height\":358},{\"@type\":\"BreadcrumbList\",\"@id\":\"https:\\\/\\\/raed.academy\\\/ca\\\/els-detalls-de-la-coronacio-dels-reis-carles-iii-i-camila\\\/#breadcrumb\",\"itemListElement\":[{\"@type\":\"ListItem\",\"position\":1,\"name\":\"Inicio\",\"item\":\"https:\\\/\\\/raed.academy\\\/ca\\\/\"},{\"@type\":\"ListItem\",\"position\":2,\"name\":\"Els detalls de la coronaci\u00f3 dels Reis Carles III i Camila\"}]},{\"@type\":\"WebSite\",\"@id\":\"https:\\\/\\\/raed.academy\\\/ca\\\/#website\",\"url\":\"https:\\\/\\\/raed.academy\\\/ca\\\/\",\"name\":\"Reial Acad\u00e8mia Europea de Doctors\",\"description\":\"Corporaci\u00f3n de derecho p\u00fablico de car\u00e1cter cient\u00edfico, t\u00e9cnico y art\u00edstico, que tiene por objeto la investigaci\u00f3n, el estudio, el fomento y la extensi\u00f3n del conocimiento en su sentido m\u00e1s amplio\",\"publisher\":{\"@id\":\"https:\\\/\\\/raed.academy\\\/ca\\\/#organization\"},\"potentialAction\":[{\"@type\":\"SearchAction\",\"target\":{\"@type\":\"EntryPoint\",\"urlTemplate\":\"https:\\\/\\\/raed.academy\\\/ca\\\/?s={search_term_string}\"},\"query-input\":{\"@type\":\"PropertyValueSpecification\",\"valueRequired\":true,\"valueName\":\"search_term_string\"}}],\"inLanguage\":\"ca-ES\"},{\"@type\":\"Organization\",\"@id\":\"https:\\\/\\\/raed.academy\\\/ca\\\/#organization\",\"name\":\"Real Academia Europea de Doctores\",\"url\":\"https:\\\/\\\/raed.academy\\\/ca\\\/\",\"logo\":{\"@type\":\"ImageObject\",\"inLanguage\":\"ca-ES\",\"@id\":\"https:\\\/\\\/raed.academy\\\/ca\\\/#\\\/schema\\\/logo\\\/image\\\/\",\"url\":\"https:\\\/\\\/raed.academy\\\/wp-content\\\/uploads\\\/2017\\\/01\\\/cropped-logo_raed.png\",\"contentUrl\":\"https:\\\/\\\/raed.academy\\\/wp-content\\\/uploads\\\/2017\\\/01\\\/cropped-logo_raed.png\",\"width\":512,\"height\":512,\"caption\":\"Real Academia Europea de Doctores\"},\"image\":{\"@id\":\"https:\\\/\\\/raed.academy\\\/ca\\\/#\\\/schema\\\/logo\\\/image\\\/\"},\"sameAs\":[\"http:\\\/\\\/fb.me\\\/raed.academy\",\"https:\\\/\\\/x.com\\\/raedacademy\",\"https:\\\/\\\/www.instagram.com\\\/raed.academy\\\/\",\"https:\\\/\\\/www.youtube.com\\\/channel\\\/UCUYQwW2KrdirNWihxMDObwg\"]},{\"@type\":\"Person\",\"@id\":\"https:\\\/\\\/raed.academy\\\/ca\\\/#\\\/schema\\\/person\\\/5a755da80d1d979fd66ba745c8702927\",\"name\":\"RAED\",\"image\":{\"@type\":\"ImageObject\",\"inLanguage\":\"ca-ES\",\"@id\":\"https:\\\/\\\/secure.gravatar.com\\\/avatar\\\/19fdfdc0d67fb9c45714b703a2ac82251c4fcea3637f002ac3c9b74c0183583c?s=96&d=mm&r=g\",\"url\":\"https:\\\/\\\/secure.gravatar.com\\\/avatar\\\/19fdfdc0d67fb9c45714b703a2ac82251c4fcea3637f002ac3c9b74c0183583c?s=96&d=mm&r=g\",\"contentUrl\":\"https:\\\/\\\/secure.gravatar.com\\\/avatar\\\/19fdfdc0d67fb9c45714b703a2ac82251c4fcea3637f002ac3c9b74c0183583c?s=96&d=mm&r=g\",\"caption\":\"RAED\"}}]}<\/script>\n<!-- \/ Yoast SEO plugin. -->","yoast_head_json":{"title":"Els detalls de la coronaci\u00f3 dels Reis Carles III i Camila - Reial Acad\u00e8mia Europea de Doctors","description":"Carlos Cortina comparte con la comunidad acad\u00e9mica el art\u00edculo \"La coronaci\u00f3n del Rey Carlos III y de la Reina Camila del Reino Unido\"","robots":{"index":"index","follow":"follow","max-snippet":"max-snippet:-1","max-image-preview":"max-image-preview:large","max-video-preview":"max-video-preview:-1"},"canonical":"https:\/\/raed.academy\/ca\/els-detalls-de-la-coronacio-dels-reis-carles-iii-i-camila\/","og_locale":"ca_ES","og_type":"article","og_title":"Els detalls de la coronaci\u00f3 dels Reis Carles III i Camila - Reial Acad\u00e8mia Europea de Doctors","og_description":"Carlos Cortina comparte con la comunidad acad\u00e9mica el art\u00edculo \"La coronaci\u00f3n del Rey Carlos III y de la Reina Camila del Reino Unido\"","og_url":"https:\/\/raed.academy\/ca\/els-detalls-de-la-coronacio-dels-reis-carles-iii-i-camila\/","og_site_name":"Reial Acad\u00e8mia Europea de Doctors","article_publisher":"http:\/\/fb.me\/raed.academy","article_published_time":"2023-08-31T14:53:00+00:00","article_modified_time":"2023-09-04T15:41:14+00:00","og_image":[{"width":600,"height":358,"url":"https:\/\/raed.academy\/wp-content\/uploads\/2023\/08\/Coronacion-Carloslll-Camila-DST.webp","type":"image\/webp"}],"author":"RAED","twitter_card":"summary_large_image","twitter_creator":"@raedacademy","twitter_site":"@raedacademy","twitter_misc":{"Written by":"RAED","Est. reading time":"3 minutes"},"schema":{"@context":"https:\/\/schema.org","@graph":[{"@type":"Article","@id":"https:\/\/raed.academy\/ca\/els-detalls-de-la-coronacio-dels-reis-carles-iii-i-camila\/#article","isPartOf":{"@id":"https:\/\/raed.academy\/ca\/els-detalls-de-la-coronacio-dels-reis-carles-iii-i-camila\/"},"author":{"name":"RAED","@id":"https:\/\/raed.academy\/ca\/#\/schema\/person\/5a755da80d1d979fd66ba745c8702927"},"headline":"Els detalls de la coronaci\u00f3 dels Reis Carles III i Camila","datePublished":"2023-08-31T14:53:00+00:00","dateModified":"2023-09-04T15:41:14+00:00","mainEntityOfPage":{"@id":"https:\/\/raed.academy\/ca\/els-detalls-de-la-coronacio-dels-reis-carles-iii-i-camila\/"},"wordCount":611,"publisher":{"@id":"https:\/\/raed.academy\/ca\/#organization"},"image":{"@id":"https:\/\/raed.academy\/ca\/els-detalls-de-la-coronacio-dels-reis-carles-iii-i-camila\/#primaryimage"},"thumbnailUrl":"https:\/\/raed.academy\/wp-content\/uploads\/2023\/08\/Coronacion-Carloslll-Camila-DST.webp","articleSection":["Ci\u00e8ncies pol\u00edtiques","Hist\u00f2ria","Monarquia"],"inLanguage":"ca-ES"},{"@type":"WebPage","@id":"https:\/\/raed.academy\/ca\/els-detalls-de-la-coronacio-dels-reis-carles-iii-i-camila\/","url":"https:\/\/raed.academy\/ca\/els-detalls-de-la-coronacio-dels-reis-carles-iii-i-camila\/","name":"Els detalls de la coronaci\u00f3 dels Reis Carles III i Camila - Reial Acad\u00e8mia Europea de Doctors","isPartOf":{"@id":"https:\/\/raed.academy\/ca\/#website"},"primaryImageOfPage":{"@id":"https:\/\/raed.academy\/ca\/els-detalls-de-la-coronacio-dels-reis-carles-iii-i-camila\/#primaryimage"},"image":{"@id":"https:\/\/raed.academy\/ca\/els-detalls-de-la-coronacio-dels-reis-carles-iii-i-camila\/#primaryimage"},"thumbnailUrl":"https:\/\/raed.academy\/wp-content\/uploads\/2023\/08\/Coronacion-Carloslll-Camila-DST.webp","datePublished":"2023-08-31T14:53:00+00:00","dateModified":"2023-09-04T15:41:14+00:00","description":"Carlos Cortina comparte con la comunidad acad\u00e9mica el art\u00edculo \"La coronaci\u00f3n del Rey Carlos III y de la Reina Camila del Reino Unido\"","breadcrumb":{"@id":"https:\/\/raed.academy\/ca\/els-detalls-de-la-coronacio-dels-reis-carles-iii-i-camila\/#breadcrumb"},"inLanguage":"ca-ES","potentialAction":[{"@type":"ReadAction","target":["https:\/\/raed.academy\/ca\/els-detalls-de-la-coronacio-dels-reis-carles-iii-i-camila\/"]}]},{"@type":"ImageObject","inLanguage":"ca-ES","@id":"https:\/\/raed.academy\/ca\/els-detalls-de-la-coronacio-dels-reis-carles-iii-i-camila\/#primaryimage","url":"https:\/\/raed.academy\/wp-content\/uploads\/2023\/08\/Coronacion-Carloslll-Camila-DST.webp","contentUrl":"https:\/\/raed.academy\/wp-content\/uploads\/2023\/08\/Coronacion-Carloslll-Camila-DST.webp","width":600,"height":358},{"@type":"BreadcrumbList","@id":"https:\/\/raed.academy\/ca\/els-detalls-de-la-coronacio-dels-reis-carles-iii-i-camila\/#breadcrumb","itemListElement":[{"@type":"ListItem","position":1,"name":"Inicio","item":"https:\/\/raed.academy\/ca\/"},{"@type":"ListItem","position":2,"name":"Els detalls de la coronaci\u00f3 dels Reis Carles III i Camila"}]},{"@type":"WebSite","@id":"https:\/\/raed.academy\/ca\/#website","url":"https:\/\/raed.academy\/ca\/","name":"Reial Acad\u00e8mia Europea de Doctors","description":"Corporaci\u00f3n de derecho p\u00fablico de car\u00e1cter cient\u00edfico, t\u00e9cnico y art\u00edstico, que tiene por objeto la investigaci\u00f3n, el estudio, el fomento y la extensi\u00f3n del conocimiento en su sentido m\u00e1s amplio","publisher":{"@id":"https:\/\/raed.academy\/ca\/#organization"},"potentialAction":[{"@type":"SearchAction","target":{"@type":"EntryPoint","urlTemplate":"https:\/\/raed.academy\/ca\/?s={search_term_string}"},"query-input":{"@type":"PropertyValueSpecification","valueRequired":true,"valueName":"search_term_string"}}],"inLanguage":"ca-ES"},{"@type":"Organization","@id":"https:\/\/raed.academy\/ca\/#organization","name":"Real Academia Europea de Doctores","url":"https:\/\/raed.academy\/ca\/","logo":{"@type":"ImageObject","inLanguage":"ca-ES","@id":"https:\/\/raed.academy\/ca\/#\/schema\/logo\/image\/","url":"https:\/\/raed.academy\/wp-content\/uploads\/2017\/01\/cropped-logo_raed.png","contentUrl":"https:\/\/raed.academy\/wp-content\/uploads\/2017\/01\/cropped-logo_raed.png","width":512,"height":512,"caption":"Real Academia Europea de Doctores"},"image":{"@id":"https:\/\/raed.academy\/ca\/#\/schema\/logo\/image\/"},"sameAs":["http:\/\/fb.me\/raed.academy","https:\/\/x.com\/raedacademy","https:\/\/www.instagram.com\/raed.academy\/","https:\/\/www.youtube.com\/channel\/UCUYQwW2KrdirNWihxMDObwg"]},{"@type":"Person","@id":"https:\/\/raed.academy\/ca\/#\/schema\/person\/5a755da80d1d979fd66ba745c8702927","name":"RAED","image":{"@type":"ImageObject","inLanguage":"ca-ES","@id":"https:\/\/secure.gravatar.com\/avatar\/19fdfdc0d67fb9c45714b703a2ac82251c4fcea3637f002ac3c9b74c0183583c?s=96&d=mm&r=g","url":"https:\/\/secure.gravatar.com\/avatar\/19fdfdc0d67fb9c45714b703a2ac82251c4fcea3637f002ac3c9b74c0183583c?s=96&d=mm&r=g","contentUrl":"https:\/\/secure.gravatar.com\/avatar\/19fdfdc0d67fb9c45714b703a2ac82251c4fcea3637f002ac3c9b74c0183583c?s=96&d=mm&r=g","caption":"RAED"}}]}},"_links":{"self":[{"href":"https:\/\/raed.academy\/ca\/wp-json\/wp\/v2\/posts\/136725","targetHints":{"allow":["GET"]}}],"collection":[{"href":"https:\/\/raed.academy\/ca\/wp-json\/wp\/v2\/posts"}],"about":[{"href":"https:\/\/raed.academy\/ca\/wp-json\/wp\/v2\/types\/post"}],"author":[{"embeddable":true,"href":"https:\/\/raed.academy\/ca\/wp-json\/wp\/v2\/users\/12"}],"replies":[{"embeddable":true,"href":"https:\/\/raed.academy\/ca\/wp-json\/wp\/v2\/comments?post=136725"}],"version-history":[{"count":0,"href":"https:\/\/raed.academy\/ca\/wp-json\/wp\/v2\/posts\/136725\/revisions"}],"wp:featuredmedia":[{"embeddable":true,"href":"https:\/\/raed.academy\/ca\/wp-json\/wp\/v2\/media\/136783"}],"wp:attachment":[{"href":"https:\/\/raed.academy\/ca\/wp-json\/wp\/v2\/media?parent=136725"}],"wp:term":[{"taxonomy":"category","embeddable":true,"href":"https:\/\/raed.academy\/ca\/wp-json\/wp\/v2\/categories?post=136725"},{"taxonomy":"post_tag","embeddable":true,"href":"https:\/\/raed.academy\/ca\/wp-json\/wp\/v2\/tags?post=136725"}],"curies":[{"name":"wp","href":"https:\/\/api.w.org\/{rel}","templated":true}]}}