{"id":136594,"date":"2023-08-25T09:42:05","date_gmt":"2023-08-25T09:42:05","guid":{"rendered":"https:\/\/raed.academy\/?p=136594"},"modified":"2023-08-26T12:00:35","modified_gmt":"2023-08-26T12:00:35","slug":"salou-com-a-model-de-convivencia-i-progres","status":"publish","type":"post","link":"https:\/\/raed.academy\/ca\/salou-com-a-model-de-convivencia-i-progres\/","title":{"rendered":"Salou com a model de conviv\u00e8ncia i progr\u00e9s"},"content":{"rendered":"<div id=\"attachment_66010\" style=\"width: 510px\" class=\"wp-caption alignright\"><img loading=\"lazy\" decoding=\"async\" aria-describedby=\"caption-attachment-66010\" class=\"wp-image-66010 size-full\" src=\"https:\/\/raed.academy\/wp-content\/uploads\/2019\/02\/Santiago-Castell\u00e0.jpg\" alt=\"Santiago Castell\u00e0\" width=\"500\" height=\"344\" \/><p id=\"caption-attachment-66010\" class=\"wp-caption-text\">Dr. Santiago Castell\u00e0<\/p><\/div>\n<p><a href=\"https:\/\/raed.academy\/ca\/academics\/dr-santiago-jose-castella-surribas\/\" target=\"_blank\" rel=\"noopener\"><em><strong>Santiago Castell\u00e0<\/strong><\/em><\/a>, subdelegat del Govern a Tarragona, director de la <strong>C\u00e0tedra Tarragona Smart Mediterranean City<\/strong> i del <strong>M\u00e0ster de Smart City Management Zigurat-Universitat de Barcelona<\/strong>, secretari general de la <strong>Fundaci\u00f3 Pro Reial Acad\u00e8mia Europea de Doctors<\/strong> i acad\u00e8mic de n\u00famero de la <strong>Reial Acad\u00e8mia Europea de Doctors-Barcelona 1914<\/strong> (RAED), va pronunciar el 7 d&#8217;agost passat el preg\u00f3 de les <strong>Nits Daurades de Salou<\/strong>, les tradicionals festes del municipi tur\u00edstic per excel\u00b7l\u00e8ncia de la Costa Daurada. Castell\u00e0 va destacar el paper hist\u00f2ric de la ciutat i els valors que transmet amb un model econ\u00f2mic sostenible.<\/p>\n<p>&#8220;Salou en un bressol dels valors universals que configuren un m\u00f3n millor. Un municipi que ha sabut recollir i conservar la riquesa de la cru\u00eflla de diverses civilitzacions antigues, com els egipcis, fenicis, hebreus, grecs, cartaginesos i romans, que van influir en la formaci\u00f3 de la cultura mediterr\u00e0nia. La Mediterr\u00e0nia ha catalitzat ideals com la llibertat, la igualtat i la fraternitat, nascuts de la complexa intersecci\u00f3 entre el judeocristianisme, la filosofia grega i el Dret Rom\u00e0, i aquestes festes no s\u00f3n nom\u00e9s una celebraci\u00f3, sin\u00f3 tamb\u00e9 una afirmaci\u00f3 permanent de la civilitzaci\u00f3, universalitat i esperan\u00e7a en el progr\u00e9s de la humanitat\u201d, va proclamar l&#8217;acad\u00e8mic des del Xalet Torremar, seu del <strong>Patronat de Turisme de Salou<\/strong>.<\/p>\n<p>Castell\u00e0 va elogiar el model tur\u00edstic del municipi, motor econ\u00f2mic de tota la prov\u00edncia. &#8220;Salou \u00e9s una afirmaci\u00f3 permanent desestacionalitzada, alegre i vital de la Mediterr\u00e0nia, que \u00e9s platja, descans, cultura, nits d&#8217;amor i cerca de petons, per\u00f2 que \u00e9s, sobretot, civilitzaci\u00f3, universalitat i esperan\u00e7a en el progr\u00e9s de la humanitat&#8221;, va assenyalar el subdelegat del Govern a la demarcaci\u00f3.<\/p>\n<p>Doctor en Dret Internacional P\u00fablic per la <strong>Universitat de Barcelona<\/strong>, Castell\u00e0 ha exercit durant 25 anys com a professor del Departament de Dret P\u00fablic de la <strong>Universitat Rovira i Virgili<\/strong>, centre on tamb\u00e9 ha estat deg\u00e0 de la Facultat de Ci\u00e8ncies Jur\u00eddiques, vicerector de Relacions Externes i Internacionals, director del <strong>M\u00e0ster de Dret Ambiental<\/strong>, del <strong>M\u00e0ster en Gesti\u00f3 Global de la Immigraci\u00f3<\/strong>, del <strong>M\u00e0ster en Cooperaci\u00f3 Internacional al Desenvolupament<\/strong> i del <strong>M\u00e0ster en Just\u00edcia Penal Internacional<\/strong>. Actualment, combina la seva responsabilitat com a director de la C\u00e0tedra Tarragona Smart Mediterranean City amb la direcci\u00f3 del M\u00e0ster de Smart City Management Zigurat-Universitat de Barcelona.<\/p>\n<p>Castell\u00e0 \u00e9s tamb\u00e9 director cient\u00edfic de l&#8217;<strong>Observatori de les Desaparicions For\u00e7ades de Menors<\/strong> i director acad\u00e8mic del seminari <strong>&#8220;El Dret Internacional Humanitari al M\u00f3n Actual&#8221;<\/strong>, que organitza la Universitat Rovira i Virgili, l&#8217;<strong>Institut Catal\u00e0 Internacional per a la Pau<\/strong> i l&#8217;<strong>Assemblea de la Creu Roja de Tarragona<\/strong>, i col\u00b7laborador habitual del <strong>Centre d&#8217;Estudis Jur\u00eddics i Formaci\u00f3 Especialitzada de la Generalitat de Catalunya<\/strong> i del <strong>Col\u00b7legi d&#8217;Advocats Penal Internacional<\/strong>. Com a senador, un c\u00e0rrec que ha deixat per fer-se c\u00e0rrec de la Subdelegaci\u00f3, ocupava la vicepresid\u00e8ncia primera de la <strong>Comissi\u00f3 Constitucional<\/strong> i era portaveu de la <strong>Comissi\u00f3 de Funci\u00f3 P\u00fablica<\/strong>. A nivell pol\u00edtic \u00e9s primer secretari del <strong>PSC<\/strong> a la ciutat de Tarragona.<\/p>\n","protected":false},"excerpt":{"rendered":"<p>Santiago Castell\u00e0 va pronunciar el 7 d&#8217;agost passat el preg\u00f3 de les Nits Daurades de Salou, les tradicionals festes del municipi tur\u00edstic per excel\u00b7l\u00e8ncia de la Costa Daurada. Castell\u00e0 va destacar el paper hist\u00f2ric de la ciutat i els valors que transmet amb un model econ\u00f2mic sostenible<\/p>\n","protected":false},"author":12,"featured_media":136638,"comment_status":"closed","ping_status":"closed","sticky":false,"template":"","format":"standard","meta":{"_et_pb_use_builder":"","_et_pb_old_content":"","_et_gb_content_width":"","footnotes":""},"categories":[176,242,404,168],"tags":[],"class_list":["post-136594","post","type-post","status-publish","format-standard","has-post-thumbnail","hentry","category-academics-a-la-societat","category-categ-historia","category-historia-nacional-ca","category-premis-distincions-i-nomenaments","et-has-post-format-content","et_post_format-et-post-format-standard"],"yoast_head":"<!-- This site is optimized with the Yoast SEO plugin v27.4 - https:\/\/yoast.com\/product\/yoast-seo-wordpress\/ -->\n<title>Salou com a model de conviv\u00e8ncia i progr\u00e9s - Reial Acad\u00e8mia Europea de Doctors<\/title>\n<meta name=\"description\" content=\"Santiago Castell\u00e0 va pronunciar el 7 d&#039;agost passat el preg\u00f3 de les Nits Daurades de Salou, les tradicionals festes del municipi tur\u00edstic per excel\u00b7l\u00e8ncia de la Costa Daurada\" \/>\n<meta name=\"robots\" content=\"index, follow, max-snippet:-1, max-image-preview:large, max-video-preview:-1\" \/>\n<link rel=\"canonical\" href=\"https:\/\/raed.academy\/ca\/salou-com-a-model-de-convivencia-i-progres\/\" \/>\n<meta property=\"og:locale\" content=\"ca_ES\" \/>\n<meta property=\"og:type\" content=\"article\" \/>\n<meta property=\"og:title\" content=\"Salou com a model de conviv\u00e8ncia i progr\u00e9s - Reial Acad\u00e8mia Europea de Doctors\" \/>\n<meta property=\"og:description\" content=\"Santiago Castell\u00e0 va pronunciar el 7 d&#039;agost passat el preg\u00f3 de les Nits Daurades de Salou, les tradicionals festes del municipi tur\u00edstic per excel\u00b7l\u00e8ncia de la Costa Daurada\" \/>\n<meta property=\"og:url\" content=\"https:\/\/raed.academy\/ca\/salou-com-a-model-de-convivencia-i-progres\/\" \/>\n<meta property=\"og:site_name\" content=\"Reial Acad\u00e8mia Europea de Doctors\" \/>\n<meta property=\"article:publisher\" content=\"http:\/\/fb.me\/raed.academy\" \/>\n<meta property=\"article:published_time\" content=\"2023-08-25T09:42:05+00:00\" \/>\n<meta property=\"article:modified_time\" content=\"2023-08-26T12:00:35+00:00\" \/>\n<meta property=\"og:image\" content=\"https:\/\/raed.academy\/wp-content\/uploads\/2023\/08\/Salou-costa-dorada-DST.webp\" \/>\n\t<meta property=\"og:image:width\" content=\"600\" \/>\n\t<meta property=\"og:image:height\" content=\"360\" \/>\n\t<meta property=\"og:image:type\" content=\"image\/webp\" \/>\n<meta name=\"author\" content=\"RAED\" \/>\n<meta name=\"twitter:card\" content=\"summary_large_image\" \/>\n<meta name=\"twitter:creator\" content=\"@raedacademy\" \/>\n<meta name=\"twitter:site\" content=\"@raedacademy\" \/>\n<meta name=\"twitter:label1\" content=\"Written by\" \/>\n\t<meta name=\"twitter:data1\" content=\"RAED\" \/>\n\t<meta name=\"twitter:label2\" content=\"Est. reading time\" \/>\n\t<meta name=\"twitter:data2\" content=\"3 minutes\" \/>\n<script type=\"application\/ld+json\" class=\"yoast-schema-graph\">{\"@context\":\"https:\\\/\\\/schema.org\",\"@graph\":[{\"@type\":\"Article\",\"@id\":\"https:\\\/\\\/raed.academy\\\/ca\\\/salou-com-a-model-de-convivencia-i-progres\\\/#article\",\"isPartOf\":{\"@id\":\"https:\\\/\\\/raed.academy\\\/ca\\\/salou-com-a-model-de-convivencia-i-progres\\\/\"},\"author\":{\"name\":\"RAED\",\"@id\":\"https:\\\/\\\/raed.academy\\\/ca\\\/#\\\/schema\\\/person\\\/5a755da80d1d979fd66ba745c8702927\"},\"headline\":\"Salou com a model de conviv\u00e8ncia i progr\u00e9s\",\"datePublished\":\"2023-08-25T09:42:05+00:00\",\"dateModified\":\"2023-08-26T12:00:35+00:00\",\"mainEntityOfPage\":{\"@id\":\"https:\\\/\\\/raed.academy\\\/ca\\\/salou-com-a-model-de-convivencia-i-progres\\\/\"},\"wordCount\":558,\"publisher\":{\"@id\":\"https:\\\/\\\/raed.academy\\\/ca\\\/#organization\"},\"image\":{\"@id\":\"https:\\\/\\\/raed.academy\\\/ca\\\/salou-com-a-model-de-convivencia-i-progres\\\/#primaryimage\"},\"thumbnailUrl\":\"https:\\\/\\\/raed.academy\\\/wp-content\\\/uploads\\\/2023\\\/08\\\/Salou-costa-dorada-DST.webp\",\"articleSection\":[\"Acad\u00e8mics a la societat\",\"Hist\u00f2ria\",\"Hist\u00f2ria nacional\",\"Premis, distincions i nomenaments\"],\"inLanguage\":\"ca-ES\"},{\"@type\":\"WebPage\",\"@id\":\"https:\\\/\\\/raed.academy\\\/ca\\\/salou-com-a-model-de-convivencia-i-progres\\\/\",\"url\":\"https:\\\/\\\/raed.academy\\\/ca\\\/salou-com-a-model-de-convivencia-i-progres\\\/\",\"name\":\"Salou com a model de conviv\u00e8ncia i progr\u00e9s - Reial Acad\u00e8mia Europea de Doctors\",\"isPartOf\":{\"@id\":\"https:\\\/\\\/raed.academy\\\/ca\\\/#website\"},\"primaryImageOfPage\":{\"@id\":\"https:\\\/\\\/raed.academy\\\/ca\\\/salou-com-a-model-de-convivencia-i-progres\\\/#primaryimage\"},\"image\":{\"@id\":\"https:\\\/\\\/raed.academy\\\/ca\\\/salou-com-a-model-de-convivencia-i-progres\\\/#primaryimage\"},\"thumbnailUrl\":\"https:\\\/\\\/raed.academy\\\/wp-content\\\/uploads\\\/2023\\\/08\\\/Salou-costa-dorada-DST.webp\",\"datePublished\":\"2023-08-25T09:42:05+00:00\",\"dateModified\":\"2023-08-26T12:00:35+00:00\",\"description\":\"Santiago Castell\u00e0 va pronunciar el 7 d'agost passat el preg\u00f3 de les Nits Daurades de Salou, les tradicionals festes del municipi tur\u00edstic per excel\u00b7l\u00e8ncia de la Costa Daurada\",\"breadcrumb\":{\"@id\":\"https:\\\/\\\/raed.academy\\\/ca\\\/salou-com-a-model-de-convivencia-i-progres\\\/#breadcrumb\"},\"inLanguage\":\"ca-ES\",\"potentialAction\":[{\"@type\":\"ReadAction\",\"target\":[\"https:\\\/\\\/raed.academy\\\/ca\\\/salou-com-a-model-de-convivencia-i-progres\\\/\"]}]},{\"@type\":\"ImageObject\",\"inLanguage\":\"ca-ES\",\"@id\":\"https:\\\/\\\/raed.academy\\\/ca\\\/salou-com-a-model-de-convivencia-i-progres\\\/#primaryimage\",\"url\":\"https:\\\/\\\/raed.academy\\\/wp-content\\\/uploads\\\/2023\\\/08\\\/Salou-costa-dorada-DST.webp\",\"contentUrl\":\"https:\\\/\\\/raed.academy\\\/wp-content\\\/uploads\\\/2023\\\/08\\\/Salou-costa-dorada-DST.webp\",\"width\":600,\"height\":360},{\"@type\":\"BreadcrumbList\",\"@id\":\"https:\\\/\\\/raed.academy\\\/ca\\\/salou-com-a-model-de-convivencia-i-progres\\\/#breadcrumb\",\"itemListElement\":[{\"@type\":\"ListItem\",\"position\":1,\"name\":\"Inicio\",\"item\":\"https:\\\/\\\/raed.academy\\\/ca\\\/\"},{\"@type\":\"ListItem\",\"position\":2,\"name\":\"Salou com a model de conviv\u00e8ncia i progr\u00e9s\"}]},{\"@type\":\"WebSite\",\"@id\":\"https:\\\/\\\/raed.academy\\\/ca\\\/#website\",\"url\":\"https:\\\/\\\/raed.academy\\\/ca\\\/\",\"name\":\"Reial Acad\u00e8mia Europea de Doctors\",\"description\":\"Corporaci\u00f3n de derecho p\u00fablico de car\u00e1cter cient\u00edfico, t\u00e9cnico y art\u00edstico, que tiene por objeto la investigaci\u00f3n, el estudio, el fomento y la extensi\u00f3n del conocimiento en su sentido m\u00e1s amplio\",\"publisher\":{\"@id\":\"https:\\\/\\\/raed.academy\\\/ca\\\/#organization\"},\"potentialAction\":[{\"@type\":\"SearchAction\",\"target\":{\"@type\":\"EntryPoint\",\"urlTemplate\":\"https:\\\/\\\/raed.academy\\\/ca\\\/?s={search_term_string}\"},\"query-input\":{\"@type\":\"PropertyValueSpecification\",\"valueRequired\":true,\"valueName\":\"search_term_string\"}}],\"inLanguage\":\"ca-ES\"},{\"@type\":\"Organization\",\"@id\":\"https:\\\/\\\/raed.academy\\\/ca\\\/#organization\",\"name\":\"Real Academia Europea de Doctores\",\"url\":\"https:\\\/\\\/raed.academy\\\/ca\\\/\",\"logo\":{\"@type\":\"ImageObject\",\"inLanguage\":\"ca-ES\",\"@id\":\"https:\\\/\\\/raed.academy\\\/ca\\\/#\\\/schema\\\/logo\\\/image\\\/\",\"url\":\"https:\\\/\\\/raed.academy\\\/wp-content\\\/uploads\\\/2017\\\/01\\\/cropped-logo_raed.png\",\"contentUrl\":\"https:\\\/\\\/raed.academy\\\/wp-content\\\/uploads\\\/2017\\\/01\\\/cropped-logo_raed.png\",\"width\":512,\"height\":512,\"caption\":\"Real Academia Europea de Doctores\"},\"image\":{\"@id\":\"https:\\\/\\\/raed.academy\\\/ca\\\/#\\\/schema\\\/logo\\\/image\\\/\"},\"sameAs\":[\"http:\\\/\\\/fb.me\\\/raed.academy\",\"https:\\\/\\\/x.com\\\/raedacademy\",\"https:\\\/\\\/www.instagram.com\\\/raed.academy\\\/\",\"https:\\\/\\\/www.youtube.com\\\/channel\\\/UCUYQwW2KrdirNWihxMDObwg\"]},{\"@type\":\"Person\",\"@id\":\"https:\\\/\\\/raed.academy\\\/ca\\\/#\\\/schema\\\/person\\\/5a755da80d1d979fd66ba745c8702927\",\"name\":\"RAED\",\"image\":{\"@type\":\"ImageObject\",\"inLanguage\":\"ca-ES\",\"@id\":\"https:\\\/\\\/secure.gravatar.com\\\/avatar\\\/19fdfdc0d67fb9c45714b703a2ac82251c4fcea3637f002ac3c9b74c0183583c?s=96&d=mm&r=g\",\"url\":\"https:\\\/\\\/secure.gravatar.com\\\/avatar\\\/19fdfdc0d67fb9c45714b703a2ac82251c4fcea3637f002ac3c9b74c0183583c?s=96&d=mm&r=g\",\"contentUrl\":\"https:\\\/\\\/secure.gravatar.com\\\/avatar\\\/19fdfdc0d67fb9c45714b703a2ac82251c4fcea3637f002ac3c9b74c0183583c?s=96&d=mm&r=g\",\"caption\":\"RAED\"}}]}<\/script>\n<!-- \/ Yoast SEO plugin. -->","yoast_head_json":{"title":"Salou com a model de conviv\u00e8ncia i progr\u00e9s - Reial Acad\u00e8mia Europea de Doctors","description":"Santiago Castell\u00e0 va pronunciar el 7 d'agost passat el preg\u00f3 de les Nits Daurades de Salou, les tradicionals festes del municipi tur\u00edstic per excel\u00b7l\u00e8ncia de la Costa Daurada","robots":{"index":"index","follow":"follow","max-snippet":"max-snippet:-1","max-image-preview":"max-image-preview:large","max-video-preview":"max-video-preview:-1"},"canonical":"https:\/\/raed.academy\/ca\/salou-com-a-model-de-convivencia-i-progres\/","og_locale":"ca_ES","og_type":"article","og_title":"Salou com a model de conviv\u00e8ncia i progr\u00e9s - Reial Acad\u00e8mia Europea de Doctors","og_description":"Santiago Castell\u00e0 va pronunciar el 7 d'agost passat el preg\u00f3 de les Nits Daurades de Salou, les tradicionals festes del municipi tur\u00edstic per excel\u00b7l\u00e8ncia de la Costa Daurada","og_url":"https:\/\/raed.academy\/ca\/salou-com-a-model-de-convivencia-i-progres\/","og_site_name":"Reial Acad\u00e8mia Europea de Doctors","article_publisher":"http:\/\/fb.me\/raed.academy","article_published_time":"2023-08-25T09:42:05+00:00","article_modified_time":"2023-08-26T12:00:35+00:00","og_image":[{"width":600,"height":360,"url":"https:\/\/raed.academy\/wp-content\/uploads\/2023\/08\/Salou-costa-dorada-DST.webp","type":"image\/webp"}],"author":"RAED","twitter_card":"summary_large_image","twitter_creator":"@raedacademy","twitter_site":"@raedacademy","twitter_misc":{"Written by":"RAED","Est. reading time":"3 minutes"},"schema":{"@context":"https:\/\/schema.org","@graph":[{"@type":"Article","@id":"https:\/\/raed.academy\/ca\/salou-com-a-model-de-convivencia-i-progres\/#article","isPartOf":{"@id":"https:\/\/raed.academy\/ca\/salou-com-a-model-de-convivencia-i-progres\/"},"author":{"name":"RAED","@id":"https:\/\/raed.academy\/ca\/#\/schema\/person\/5a755da80d1d979fd66ba745c8702927"},"headline":"Salou com a model de conviv\u00e8ncia i progr\u00e9s","datePublished":"2023-08-25T09:42:05+00:00","dateModified":"2023-08-26T12:00:35+00:00","mainEntityOfPage":{"@id":"https:\/\/raed.academy\/ca\/salou-com-a-model-de-convivencia-i-progres\/"},"wordCount":558,"publisher":{"@id":"https:\/\/raed.academy\/ca\/#organization"},"image":{"@id":"https:\/\/raed.academy\/ca\/salou-com-a-model-de-convivencia-i-progres\/#primaryimage"},"thumbnailUrl":"https:\/\/raed.academy\/wp-content\/uploads\/2023\/08\/Salou-costa-dorada-DST.webp","articleSection":["Acad\u00e8mics a la societat","Hist\u00f2ria","Hist\u00f2ria nacional","Premis, distincions i nomenaments"],"inLanguage":"ca-ES"},{"@type":"WebPage","@id":"https:\/\/raed.academy\/ca\/salou-com-a-model-de-convivencia-i-progres\/","url":"https:\/\/raed.academy\/ca\/salou-com-a-model-de-convivencia-i-progres\/","name":"Salou com a model de conviv\u00e8ncia i progr\u00e9s - Reial Acad\u00e8mia Europea de Doctors","isPartOf":{"@id":"https:\/\/raed.academy\/ca\/#website"},"primaryImageOfPage":{"@id":"https:\/\/raed.academy\/ca\/salou-com-a-model-de-convivencia-i-progres\/#primaryimage"},"image":{"@id":"https:\/\/raed.academy\/ca\/salou-com-a-model-de-convivencia-i-progres\/#primaryimage"},"thumbnailUrl":"https:\/\/raed.academy\/wp-content\/uploads\/2023\/08\/Salou-costa-dorada-DST.webp","datePublished":"2023-08-25T09:42:05+00:00","dateModified":"2023-08-26T12:00:35+00:00","description":"Santiago Castell\u00e0 va pronunciar el 7 d'agost passat el preg\u00f3 de les Nits Daurades de Salou, les tradicionals festes del municipi tur\u00edstic per excel\u00b7l\u00e8ncia de la Costa Daurada","breadcrumb":{"@id":"https:\/\/raed.academy\/ca\/salou-com-a-model-de-convivencia-i-progres\/#breadcrumb"},"inLanguage":"ca-ES","potentialAction":[{"@type":"ReadAction","target":["https:\/\/raed.academy\/ca\/salou-com-a-model-de-convivencia-i-progres\/"]}]},{"@type":"ImageObject","inLanguage":"ca-ES","@id":"https:\/\/raed.academy\/ca\/salou-com-a-model-de-convivencia-i-progres\/#primaryimage","url":"https:\/\/raed.academy\/wp-content\/uploads\/2023\/08\/Salou-costa-dorada-DST.webp","contentUrl":"https:\/\/raed.academy\/wp-content\/uploads\/2023\/08\/Salou-costa-dorada-DST.webp","width":600,"height":360},{"@type":"BreadcrumbList","@id":"https:\/\/raed.academy\/ca\/salou-com-a-model-de-convivencia-i-progres\/#breadcrumb","itemListElement":[{"@type":"ListItem","position":1,"name":"Inicio","item":"https:\/\/raed.academy\/ca\/"},{"@type":"ListItem","position":2,"name":"Salou com a model de conviv\u00e8ncia i progr\u00e9s"}]},{"@type":"WebSite","@id":"https:\/\/raed.academy\/ca\/#website","url":"https:\/\/raed.academy\/ca\/","name":"Reial Acad\u00e8mia Europea de Doctors","description":"Corporaci\u00f3n de derecho p\u00fablico de car\u00e1cter cient\u00edfico, t\u00e9cnico y art\u00edstico, que tiene por objeto la investigaci\u00f3n, el estudio, el fomento y la extensi\u00f3n del conocimiento en su sentido m\u00e1s amplio","publisher":{"@id":"https:\/\/raed.academy\/ca\/#organization"},"potentialAction":[{"@type":"SearchAction","target":{"@type":"EntryPoint","urlTemplate":"https:\/\/raed.academy\/ca\/?s={search_term_string}"},"query-input":{"@type":"PropertyValueSpecification","valueRequired":true,"valueName":"search_term_string"}}],"inLanguage":"ca-ES"},{"@type":"Organization","@id":"https:\/\/raed.academy\/ca\/#organization","name":"Real Academia Europea de Doctores","url":"https:\/\/raed.academy\/ca\/","logo":{"@type":"ImageObject","inLanguage":"ca-ES","@id":"https:\/\/raed.academy\/ca\/#\/schema\/logo\/image\/","url":"https:\/\/raed.academy\/wp-content\/uploads\/2017\/01\/cropped-logo_raed.png","contentUrl":"https:\/\/raed.academy\/wp-content\/uploads\/2017\/01\/cropped-logo_raed.png","width":512,"height":512,"caption":"Real Academia Europea de Doctores"},"image":{"@id":"https:\/\/raed.academy\/ca\/#\/schema\/logo\/image\/"},"sameAs":["http:\/\/fb.me\/raed.academy","https:\/\/x.com\/raedacademy","https:\/\/www.instagram.com\/raed.academy\/","https:\/\/www.youtube.com\/channel\/UCUYQwW2KrdirNWihxMDObwg"]},{"@type":"Person","@id":"https:\/\/raed.academy\/ca\/#\/schema\/person\/5a755da80d1d979fd66ba745c8702927","name":"RAED","image":{"@type":"ImageObject","inLanguage":"ca-ES","@id":"https:\/\/secure.gravatar.com\/avatar\/19fdfdc0d67fb9c45714b703a2ac82251c4fcea3637f002ac3c9b74c0183583c?s=96&d=mm&r=g","url":"https:\/\/secure.gravatar.com\/avatar\/19fdfdc0d67fb9c45714b703a2ac82251c4fcea3637f002ac3c9b74c0183583c?s=96&d=mm&r=g","contentUrl":"https:\/\/secure.gravatar.com\/avatar\/19fdfdc0d67fb9c45714b703a2ac82251c4fcea3637f002ac3c9b74c0183583c?s=96&d=mm&r=g","caption":"RAED"}}]}},"_links":{"self":[{"href":"https:\/\/raed.academy\/ca\/wp-json\/wp\/v2\/posts\/136594","targetHints":{"allow":["GET"]}}],"collection":[{"href":"https:\/\/raed.academy\/ca\/wp-json\/wp\/v2\/posts"}],"about":[{"href":"https:\/\/raed.academy\/ca\/wp-json\/wp\/v2\/types\/post"}],"author":[{"embeddable":true,"href":"https:\/\/raed.academy\/ca\/wp-json\/wp\/v2\/users\/12"}],"replies":[{"embeddable":true,"href":"https:\/\/raed.academy\/ca\/wp-json\/wp\/v2\/comments?post=136594"}],"version-history":[{"count":0,"href":"https:\/\/raed.academy\/ca\/wp-json\/wp\/v2\/posts\/136594\/revisions"}],"wp:featuredmedia":[{"embeddable":true,"href":"https:\/\/raed.academy\/ca\/wp-json\/wp\/v2\/media\/136638"}],"wp:attachment":[{"href":"https:\/\/raed.academy\/ca\/wp-json\/wp\/v2\/media?parent=136594"}],"wp:term":[{"taxonomy":"category","embeddable":true,"href":"https:\/\/raed.academy\/ca\/wp-json\/wp\/v2\/categories?post=136594"},{"taxonomy":"post_tag","embeddable":true,"href":"https:\/\/raed.academy\/ca\/wp-json\/wp\/v2\/tags?post=136594"}],"curies":[{"name":"wp","href":"https:\/\/api.w.org\/{rel}","templated":true}]}}