{"id":136515,"date":"2023-08-01T21:22:58","date_gmt":"2023-08-01T21:22:58","guid":{"rendered":"https:\/\/raed.academy\/?p=136515"},"modified":"2023-08-25T10:18:00","modified_gmt":"2023-08-25T10:18:00","slug":"homenatge-a-rafael-arozarena-icona-de-les-lletres-canaries","status":"publish","type":"post","link":"https:\/\/raed.academy\/ca\/homenatge-a-rafael-arozarena-icona-de-les-lletres-canaries\/","title":{"rendered":"Homenatge a Rafael Arozarena, icona de les lletres can\u00e0ries"},"content":{"rendered":"<div id=\"attachment_40316\" style=\"width: 305px\" class=\"wp-caption alignright\"><img loading=\"lazy\" decoding=\"async\" aria-describedby=\"caption-attachment-40316\" class=\"wp-image-40316 size-full\" src=\"https:\/\/raed.academy\/wp-content\/uploads\/2018\/01\/Francisco-Gonzalez-de-Posada.jpg\" alt=\"Dr. Francisco Gonz\u00e1lez de Posada\" width=\"295\" height=\"442\" \/><p id=\"caption-attachment-40316\" class=\"wp-caption-text\">Dr. Francisco Gonz\u00e1lez de Posada<\/p><\/div>\n<p><a href=\"https:\/\/raed.academy\/ca\/academics\/dr-francisco-gonzalez-de-posada\/\" target=\"_blank\" rel=\"noopener\"><em><strong>Francisco Gonz\u00e1lez de Posada<\/strong><\/em><\/a>, catedr\u00e0tic de Fonaments F\u00edsics de la <strong>Universitat Polit\u00e8cnica de Madrid<\/strong> i acad\u00e8mic d&#8217;honor de la <strong>Reial Acad\u00e8mia Europea de Doctors-Barcelona 1914<\/strong> (RAED), va participar el passat 10 de juliol a l&#8217;<strong>&#8220;Homenaje acad\u00e9mico a Rafael Arozarena en el centenario de su nacimiento, 1923-2023&#8221;<\/strong>, organitzat per l&#8217;<strong>Acad\u00e8mia de Ci\u00e8ncies Enginyeria i Humanitats de Lanzarote<\/strong>, presidida pel mateix acad\u00e8mic, dins del marc de la <strong>&#8220;Semana Cultural de Verano, julio 2023&#8221;<\/strong>, que es va celebrar a l&#8217;<strong>Hotel Lancelot Playa<\/strong> d&#8217;Arrecife. Gonz\u00e1lez de Posada va intervenir amb l&#8217;exposici\u00f3 <strong>&#8220;Rafael Arozarena: sus estancias en Lanzarote&#8221;<\/strong>.<\/p>\n<p>Tamb\u00e9 van intervenir a la sessi\u00f3 <strong>Mar\u00eda Jos\u00e9 P\u00e9rez Andreu<\/strong>, companya de l&#8217;homenatjat, que va presentar la pon\u00e8ncia <strong>&#8220;Rafael Arozarena: cien a\u00f1os de vida, cien a\u00f1os de poes\u00eda&#8221;<\/strong>; <strong>Manuel Mart\u00edn-Arroyo Flores<\/strong>, coordinador de l&#8217;<strong>&#8220;Espacio de Lectura en voz alta&#8221;<\/strong> de la <strong>Biblioteca Insular de Lanzarote<\/strong>\u00a0i acad\u00e8mic numerari de l&#8217;Acad\u00e8mia de Lanzarote, amb una lectura de poemes d&#8217;Arozarena, i <strong>Mar\u00eda Esther Mart\u00edn Gonz\u00e1lez<\/strong>, conservadora de Geologia i Paleontologia del <strong>Museu de Ci\u00e8ncies Naturals de Tenerife<\/strong> i acad\u00e8mica numer\u00e0ria, que va presentar el treball <strong>&#8220;Arozarena: un naturalista de vocaci\u00f3n&#8221;<\/strong>.<\/p>\n<p>Gonz\u00e1lez de Posada va iniciar la seva exposici\u00f3 recordant el dia en qu\u00e8 el reconegut escriptor de Tenerife va ingressar a l&#8217;Acad\u00e8mia de Lanzarote, a m\u00e9s de la seva participaci\u00f3 en diverses activitats acad\u00e8miques i l&#8217;homenatge que se li va tributar l&#8217;any 2000. Una aut\u00e8ntica excepci\u00f3 al que va ser la seva vida, ja que l&#8217;acad\u00e8mic va explicar com Arozarena portava pr\u00e0cticament una vida d&#8217;anacoreta en el que es coneixia com El Tel\u00e9grafo, a la localitat llan\u00e7arotenya de Fem\u00e9s, en una zona de dif\u00edcil acc\u00e9s de la qual gaireb\u00e9 no sortia. El ponent tamb\u00e9 es va referir a la influ\u00e8ncia que va tenir l&#8217;illa a la seva obra i va concloure amb les seves darreres trobades, molt emotives, amb l&#8217;autor. Una exposici\u00f3 acompanyada de la projecci\u00f3 de nombroses imatges d&#8217;Arozarena.<\/p>\n<p>Gonz\u00e1lez de Posada \u00e9s enginyer i doctor de Camins, Canals i Ports per la Universitat Polit\u00e8cnica de Madrid, llicenciat en Filosofia i Lletres per la <strong>Universitat Pontif\u00edcia de Salamanca<\/strong> i llicenciat en Ci\u00e8ncies F\u00edsiques per la Universitat Complutense de Madrid. Posse\u00efdor de vuit doctorats, ha impulsat i dirigit nombrosos projectes i estudis de diverses branques del saber. Va ser reconegut amb la Medalla d&#8217;Honor al Foment de la Invenci\u00f3.<\/p>\n<p>\u00c9s acad\u00e8mic de n\u00famero de la<strong> Reial Acad\u00e8mia Nacional de Medicina d&#8217;Espanya<\/strong>, de la <strong>Reial Acad\u00e8mia de Doctors d&#8217;Espanya<\/strong> i membre de l&#8217;<strong>Acad\u00e8mia Mundial d&#8217;Arts i Ci\u00e8ncies<\/strong>, acad\u00e8mic corresponent de la<strong> Reial Acad\u00e8mia de Belles Arts de Cadis<\/strong>, de la <strong>Reial Acad\u00e8mia de Belles Arts de San Fernando<\/strong>\u00a0i la <strong>Reial Acad\u00e8mia de Ci\u00e8ncies, Belles Arts i Bones Lletres d&#8217;\u00c8cija<\/strong> i acad\u00e8mic d&#8217;honor de l&#8217;<strong>Acad\u00e8mia de Ci\u00e8ncies M\u00e8diques de Cant\u00e0bria<\/strong>, de la <strong>Reial Acad\u00e8mia de Cultura Valenciana<\/strong>, de la <strong>Reial Acad\u00e8mia de Medicina i Cirurgia de Cadis<\/strong> i de la <strong>Reial Acad\u00e8mia de Medicina de Can\u00e0ries<\/strong>. \u00c9s tamb\u00e9 acad\u00e8mic i presideix l&#8217;Acad\u00e8mia de Ci\u00e8ncies i Enginyeries de Lanzarote.<\/p>\n<p><iframe loading=\"lazy\" title=\"HOMENAJE ACAD\u00c9MICO A RAFAEL AROZARENA EN EL CENTENARIO DE SU NACIMIENTO, 1923-2023\" width=\"1080\" height=\"608\" src=\"https:\/\/www.youtube.com\/embed\/nLj-6Ob1F24?feature=oembed\" frameborder=\"0\" allow=\"accelerometer; autoplay; clipboard-write; encrypted-media; gyroscope; picture-in-picture; web-share\" allowfullscreen><\/iframe><\/p>\n","protected":false},"excerpt":{"rendered":"<p>Francisco Gonz\u00e1lez de Posada participa a l&#8217;Homenatge acad\u00e8mic a Rafael Arozarena al centenari del seu naixement, 1923-2023, amb l&#8217;exposici\u00f3 &#8220;Rafael Arozarena: les seves estades a Lanzarote&#8221;<\/p>\n","protected":false},"author":12,"featured_media":136488,"comment_status":"closed","ping_status":"closed","sticky":false,"template":"","format":"standard","meta":{"_et_pb_use_builder":"","_et_pb_old_content":"","_et_gb_content_width":"","footnotes":""},"categories":[229,439,168],"tags":[],"class_list":["post-136515","post","type-post","status-publish","format-standard","has-post-thumbnail","hentry","category-art","category-literatura-ca","category-premis-distincions-i-nomenaments","et-has-post-format-content","et_post_format-et-post-format-standard"],"yoast_head":"<!-- This site is optimized with the Yoast SEO plugin v27.4 - https:\/\/yoast.com\/product\/yoast-seo-wordpress\/ -->\n<title>Homenatge a Rafael Arozarena, icona de les lletres can\u00e0ries - Reial Acad\u00e8mia Europea de Doctors<\/title>\n<meta name=\"description\" content=\"Francisco Gonz\u00e1lez de Posada va participar el passat 10 de juliol al &quot;Homenatge acad\u00e8mic a Rafael Arozarena al centenari del seu naixement, 1923-2023&quot;\" \/>\n<meta name=\"robots\" content=\"index, follow, max-snippet:-1, max-image-preview:large, max-video-preview:-1\" \/>\n<link rel=\"canonical\" href=\"https:\/\/raed.academy\/ca\/homenatge-a-rafael-arozarena-icona-de-les-lletres-canaries\/\" \/>\n<meta property=\"og:locale\" content=\"ca_ES\" \/>\n<meta property=\"og:type\" content=\"article\" \/>\n<meta property=\"og:title\" content=\"Homenatge a Rafael Arozarena, icona de les lletres can\u00e0ries - Reial Acad\u00e8mia Europea de Doctors\" \/>\n<meta property=\"og:description\" content=\"Francisco Gonz\u00e1lez de Posada va participar el passat 10 de juliol al &quot;Homenatge acad\u00e8mic a Rafael Arozarena al centenari del seu naixement, 1923-2023&quot;\" \/>\n<meta property=\"og:url\" content=\"https:\/\/raed.academy\/ca\/homenatge-a-rafael-arozarena-icona-de-les-lletres-canaries\/\" \/>\n<meta property=\"og:site_name\" content=\"Reial Acad\u00e8mia Europea de Doctors\" \/>\n<meta property=\"article:publisher\" content=\"http:\/\/fb.me\/raed.academy\" \/>\n<meta property=\"article:published_time\" content=\"2023-08-01T21:22:58+00:00\" \/>\n<meta property=\"article:modified_time\" content=\"2023-08-25T10:18:00+00:00\" \/>\n<meta property=\"og:image\" content=\"https:\/\/raed.academy\/wp-content\/uploads\/2023\/07\/rafael-arozarena-dst.webp\" \/>\n\t<meta property=\"og:image:width\" content=\"600\" \/>\n\t<meta property=\"og:image:height\" content=\"360\" \/>\n\t<meta property=\"og:image:type\" content=\"image\/webp\" \/>\n<meta name=\"author\" content=\"RAED\" \/>\n<meta name=\"twitter:card\" content=\"summary_large_image\" \/>\n<meta name=\"twitter:creator\" content=\"@raedacademy\" \/>\n<meta name=\"twitter:site\" content=\"@raedacademy\" \/>\n<meta name=\"twitter:label1\" content=\"Written by\" \/>\n\t<meta name=\"twitter:data1\" content=\"RAED\" \/>\n\t<meta name=\"twitter:label2\" content=\"Est. reading time\" \/>\n\t<meta name=\"twitter:data2\" content=\"3 minutes\" \/>\n<script type=\"application\/ld+json\" class=\"yoast-schema-graph\">{\"@context\":\"https:\\\/\\\/schema.org\",\"@graph\":[{\"@type\":\"Article\",\"@id\":\"https:\\\/\\\/raed.academy\\\/ca\\\/homenatge-a-rafael-arozarena-icona-de-les-lletres-canaries\\\/#article\",\"isPartOf\":{\"@id\":\"https:\\\/\\\/raed.academy\\\/ca\\\/homenatge-a-rafael-arozarena-icona-de-les-lletres-canaries\\\/\"},\"author\":{\"name\":\"RAED\",\"@id\":\"https:\\\/\\\/raed.academy\\\/ca\\\/#\\\/schema\\\/person\\\/5a755da80d1d979fd66ba745c8702927\"},\"headline\":\"Homenatge a Rafael Arozarena, icona de les lletres can\u00e0ries\",\"datePublished\":\"2023-08-01T21:22:58+00:00\",\"dateModified\":\"2023-08-25T10:18:00+00:00\",\"mainEntityOfPage\":{\"@id\":\"https:\\\/\\\/raed.academy\\\/ca\\\/homenatge-a-rafael-arozarena-icona-de-les-lletres-canaries\\\/\"},\"wordCount\":611,\"publisher\":{\"@id\":\"https:\\\/\\\/raed.academy\\\/ca\\\/#organization\"},\"image\":{\"@id\":\"https:\\\/\\\/raed.academy\\\/ca\\\/homenatge-a-rafael-arozarena-icona-de-les-lletres-canaries\\\/#primaryimage\"},\"thumbnailUrl\":\"https:\\\/\\\/raed.academy\\\/wp-content\\\/uploads\\\/2023\\\/07\\\/rafael-arozarena-dst.webp\",\"articleSection\":[\"Art\",\"Literatura\",\"Premis, distincions i nomenaments\"],\"inLanguage\":\"ca-ES\"},{\"@type\":\"WebPage\",\"@id\":\"https:\\\/\\\/raed.academy\\\/ca\\\/homenatge-a-rafael-arozarena-icona-de-les-lletres-canaries\\\/\",\"url\":\"https:\\\/\\\/raed.academy\\\/ca\\\/homenatge-a-rafael-arozarena-icona-de-les-lletres-canaries\\\/\",\"name\":\"Homenatge a Rafael Arozarena, icona de les lletres can\u00e0ries - Reial Acad\u00e8mia Europea de Doctors\",\"isPartOf\":{\"@id\":\"https:\\\/\\\/raed.academy\\\/ca\\\/#website\"},\"primaryImageOfPage\":{\"@id\":\"https:\\\/\\\/raed.academy\\\/ca\\\/homenatge-a-rafael-arozarena-icona-de-les-lletres-canaries\\\/#primaryimage\"},\"image\":{\"@id\":\"https:\\\/\\\/raed.academy\\\/ca\\\/homenatge-a-rafael-arozarena-icona-de-les-lletres-canaries\\\/#primaryimage\"},\"thumbnailUrl\":\"https:\\\/\\\/raed.academy\\\/wp-content\\\/uploads\\\/2023\\\/07\\\/rafael-arozarena-dst.webp\",\"datePublished\":\"2023-08-01T21:22:58+00:00\",\"dateModified\":\"2023-08-25T10:18:00+00:00\",\"description\":\"Francisco Gonz\u00e1lez de Posada va participar el passat 10 de juliol al \\\"Homenatge acad\u00e8mic a Rafael Arozarena al centenari del seu naixement, 1923-2023\\\"\",\"breadcrumb\":{\"@id\":\"https:\\\/\\\/raed.academy\\\/ca\\\/homenatge-a-rafael-arozarena-icona-de-les-lletres-canaries\\\/#breadcrumb\"},\"inLanguage\":\"ca-ES\",\"potentialAction\":[{\"@type\":\"ReadAction\",\"target\":[\"https:\\\/\\\/raed.academy\\\/ca\\\/homenatge-a-rafael-arozarena-icona-de-les-lletres-canaries\\\/\"]}]},{\"@type\":\"ImageObject\",\"inLanguage\":\"ca-ES\",\"@id\":\"https:\\\/\\\/raed.academy\\\/ca\\\/homenatge-a-rafael-arozarena-icona-de-les-lletres-canaries\\\/#primaryimage\",\"url\":\"https:\\\/\\\/raed.academy\\\/wp-content\\\/uploads\\\/2023\\\/07\\\/rafael-arozarena-dst.webp\",\"contentUrl\":\"https:\\\/\\\/raed.academy\\\/wp-content\\\/uploads\\\/2023\\\/07\\\/rafael-arozarena-dst.webp\",\"width\":600,\"height\":360},{\"@type\":\"BreadcrumbList\",\"@id\":\"https:\\\/\\\/raed.academy\\\/ca\\\/homenatge-a-rafael-arozarena-icona-de-les-lletres-canaries\\\/#breadcrumb\",\"itemListElement\":[{\"@type\":\"ListItem\",\"position\":1,\"name\":\"Inicio\",\"item\":\"https:\\\/\\\/raed.academy\\\/ca\\\/\"},{\"@type\":\"ListItem\",\"position\":2,\"name\":\"Homenatge a Rafael Arozarena, icona de les lletres can\u00e0ries\"}]},{\"@type\":\"WebSite\",\"@id\":\"https:\\\/\\\/raed.academy\\\/ca\\\/#website\",\"url\":\"https:\\\/\\\/raed.academy\\\/ca\\\/\",\"name\":\"Reial Acad\u00e8mia Europea de Doctors\",\"description\":\"Corporaci\u00f3n de derecho p\u00fablico de car\u00e1cter cient\u00edfico, t\u00e9cnico y art\u00edstico, que tiene por objeto la investigaci\u00f3n, el estudio, el fomento y la extensi\u00f3n del conocimiento en su sentido m\u00e1s amplio\",\"publisher\":{\"@id\":\"https:\\\/\\\/raed.academy\\\/ca\\\/#organization\"},\"potentialAction\":[{\"@type\":\"SearchAction\",\"target\":{\"@type\":\"EntryPoint\",\"urlTemplate\":\"https:\\\/\\\/raed.academy\\\/ca\\\/?s={search_term_string}\"},\"query-input\":{\"@type\":\"PropertyValueSpecification\",\"valueRequired\":true,\"valueName\":\"search_term_string\"}}],\"inLanguage\":\"ca-ES\"},{\"@type\":\"Organization\",\"@id\":\"https:\\\/\\\/raed.academy\\\/ca\\\/#organization\",\"name\":\"Real Academia Europea de Doctores\",\"url\":\"https:\\\/\\\/raed.academy\\\/ca\\\/\",\"logo\":{\"@type\":\"ImageObject\",\"inLanguage\":\"ca-ES\",\"@id\":\"https:\\\/\\\/raed.academy\\\/ca\\\/#\\\/schema\\\/logo\\\/image\\\/\",\"url\":\"https:\\\/\\\/raed.academy\\\/wp-content\\\/uploads\\\/2017\\\/01\\\/cropped-logo_raed.png\",\"contentUrl\":\"https:\\\/\\\/raed.academy\\\/wp-content\\\/uploads\\\/2017\\\/01\\\/cropped-logo_raed.png\",\"width\":512,\"height\":512,\"caption\":\"Real Academia Europea de Doctores\"},\"image\":{\"@id\":\"https:\\\/\\\/raed.academy\\\/ca\\\/#\\\/schema\\\/logo\\\/image\\\/\"},\"sameAs\":[\"http:\\\/\\\/fb.me\\\/raed.academy\",\"https:\\\/\\\/x.com\\\/raedacademy\",\"https:\\\/\\\/www.instagram.com\\\/raed.academy\\\/\",\"https:\\\/\\\/www.youtube.com\\\/channel\\\/UCUYQwW2KrdirNWihxMDObwg\"]},{\"@type\":\"Person\",\"@id\":\"https:\\\/\\\/raed.academy\\\/ca\\\/#\\\/schema\\\/person\\\/5a755da80d1d979fd66ba745c8702927\",\"name\":\"RAED\",\"image\":{\"@type\":\"ImageObject\",\"inLanguage\":\"ca-ES\",\"@id\":\"https:\\\/\\\/secure.gravatar.com\\\/avatar\\\/19fdfdc0d67fb9c45714b703a2ac82251c4fcea3637f002ac3c9b74c0183583c?s=96&d=mm&r=g\",\"url\":\"https:\\\/\\\/secure.gravatar.com\\\/avatar\\\/19fdfdc0d67fb9c45714b703a2ac82251c4fcea3637f002ac3c9b74c0183583c?s=96&d=mm&r=g\",\"contentUrl\":\"https:\\\/\\\/secure.gravatar.com\\\/avatar\\\/19fdfdc0d67fb9c45714b703a2ac82251c4fcea3637f002ac3c9b74c0183583c?s=96&d=mm&r=g\",\"caption\":\"RAED\"}}]}<\/script>\n<!-- \/ Yoast SEO plugin. -->","yoast_head_json":{"title":"Homenatge a Rafael Arozarena, icona de les lletres can\u00e0ries - Reial Acad\u00e8mia Europea de Doctors","description":"Francisco Gonz\u00e1lez de Posada va participar el passat 10 de juliol al \"Homenatge acad\u00e8mic a Rafael Arozarena al centenari del seu naixement, 1923-2023\"","robots":{"index":"index","follow":"follow","max-snippet":"max-snippet:-1","max-image-preview":"max-image-preview:large","max-video-preview":"max-video-preview:-1"},"canonical":"https:\/\/raed.academy\/ca\/homenatge-a-rafael-arozarena-icona-de-les-lletres-canaries\/","og_locale":"ca_ES","og_type":"article","og_title":"Homenatge a Rafael Arozarena, icona de les lletres can\u00e0ries - Reial Acad\u00e8mia Europea de Doctors","og_description":"Francisco Gonz\u00e1lez de Posada va participar el passat 10 de juliol al \"Homenatge acad\u00e8mic a Rafael Arozarena al centenari del seu naixement, 1923-2023\"","og_url":"https:\/\/raed.academy\/ca\/homenatge-a-rafael-arozarena-icona-de-les-lletres-canaries\/","og_site_name":"Reial Acad\u00e8mia Europea de Doctors","article_publisher":"http:\/\/fb.me\/raed.academy","article_published_time":"2023-08-01T21:22:58+00:00","article_modified_time":"2023-08-25T10:18:00+00:00","og_image":[{"width":600,"height":360,"url":"https:\/\/raed.academy\/wp-content\/uploads\/2023\/07\/rafael-arozarena-dst.webp","type":"image\/webp"}],"author":"RAED","twitter_card":"summary_large_image","twitter_creator":"@raedacademy","twitter_site":"@raedacademy","twitter_misc":{"Written by":"RAED","Est. reading time":"3 minutes"},"schema":{"@context":"https:\/\/schema.org","@graph":[{"@type":"Article","@id":"https:\/\/raed.academy\/ca\/homenatge-a-rafael-arozarena-icona-de-les-lletres-canaries\/#article","isPartOf":{"@id":"https:\/\/raed.academy\/ca\/homenatge-a-rafael-arozarena-icona-de-les-lletres-canaries\/"},"author":{"name":"RAED","@id":"https:\/\/raed.academy\/ca\/#\/schema\/person\/5a755da80d1d979fd66ba745c8702927"},"headline":"Homenatge a Rafael Arozarena, icona de les lletres can\u00e0ries","datePublished":"2023-08-01T21:22:58+00:00","dateModified":"2023-08-25T10:18:00+00:00","mainEntityOfPage":{"@id":"https:\/\/raed.academy\/ca\/homenatge-a-rafael-arozarena-icona-de-les-lletres-canaries\/"},"wordCount":611,"publisher":{"@id":"https:\/\/raed.academy\/ca\/#organization"},"image":{"@id":"https:\/\/raed.academy\/ca\/homenatge-a-rafael-arozarena-icona-de-les-lletres-canaries\/#primaryimage"},"thumbnailUrl":"https:\/\/raed.academy\/wp-content\/uploads\/2023\/07\/rafael-arozarena-dst.webp","articleSection":["Art","Literatura","Premis, distincions i nomenaments"],"inLanguage":"ca-ES"},{"@type":"WebPage","@id":"https:\/\/raed.academy\/ca\/homenatge-a-rafael-arozarena-icona-de-les-lletres-canaries\/","url":"https:\/\/raed.academy\/ca\/homenatge-a-rafael-arozarena-icona-de-les-lletres-canaries\/","name":"Homenatge a Rafael Arozarena, icona de les lletres can\u00e0ries - Reial Acad\u00e8mia Europea de Doctors","isPartOf":{"@id":"https:\/\/raed.academy\/ca\/#website"},"primaryImageOfPage":{"@id":"https:\/\/raed.academy\/ca\/homenatge-a-rafael-arozarena-icona-de-les-lletres-canaries\/#primaryimage"},"image":{"@id":"https:\/\/raed.academy\/ca\/homenatge-a-rafael-arozarena-icona-de-les-lletres-canaries\/#primaryimage"},"thumbnailUrl":"https:\/\/raed.academy\/wp-content\/uploads\/2023\/07\/rafael-arozarena-dst.webp","datePublished":"2023-08-01T21:22:58+00:00","dateModified":"2023-08-25T10:18:00+00:00","description":"Francisco Gonz\u00e1lez de Posada va participar el passat 10 de juliol al \"Homenatge acad\u00e8mic a Rafael Arozarena al centenari del seu naixement, 1923-2023\"","breadcrumb":{"@id":"https:\/\/raed.academy\/ca\/homenatge-a-rafael-arozarena-icona-de-les-lletres-canaries\/#breadcrumb"},"inLanguage":"ca-ES","potentialAction":[{"@type":"ReadAction","target":["https:\/\/raed.academy\/ca\/homenatge-a-rafael-arozarena-icona-de-les-lletres-canaries\/"]}]},{"@type":"ImageObject","inLanguage":"ca-ES","@id":"https:\/\/raed.academy\/ca\/homenatge-a-rafael-arozarena-icona-de-les-lletres-canaries\/#primaryimage","url":"https:\/\/raed.academy\/wp-content\/uploads\/2023\/07\/rafael-arozarena-dst.webp","contentUrl":"https:\/\/raed.academy\/wp-content\/uploads\/2023\/07\/rafael-arozarena-dst.webp","width":600,"height":360},{"@type":"BreadcrumbList","@id":"https:\/\/raed.academy\/ca\/homenatge-a-rafael-arozarena-icona-de-les-lletres-canaries\/#breadcrumb","itemListElement":[{"@type":"ListItem","position":1,"name":"Inicio","item":"https:\/\/raed.academy\/ca\/"},{"@type":"ListItem","position":2,"name":"Homenatge a Rafael Arozarena, icona de les lletres can\u00e0ries"}]},{"@type":"WebSite","@id":"https:\/\/raed.academy\/ca\/#website","url":"https:\/\/raed.academy\/ca\/","name":"Reial Acad\u00e8mia Europea de Doctors","description":"Corporaci\u00f3n de derecho p\u00fablico de car\u00e1cter cient\u00edfico, t\u00e9cnico y art\u00edstico, que tiene por objeto la investigaci\u00f3n, el estudio, el fomento y la extensi\u00f3n del conocimiento en su sentido m\u00e1s amplio","publisher":{"@id":"https:\/\/raed.academy\/ca\/#organization"},"potentialAction":[{"@type":"SearchAction","target":{"@type":"EntryPoint","urlTemplate":"https:\/\/raed.academy\/ca\/?s={search_term_string}"},"query-input":{"@type":"PropertyValueSpecification","valueRequired":true,"valueName":"search_term_string"}}],"inLanguage":"ca-ES"},{"@type":"Organization","@id":"https:\/\/raed.academy\/ca\/#organization","name":"Real Academia Europea de Doctores","url":"https:\/\/raed.academy\/ca\/","logo":{"@type":"ImageObject","inLanguage":"ca-ES","@id":"https:\/\/raed.academy\/ca\/#\/schema\/logo\/image\/","url":"https:\/\/raed.academy\/wp-content\/uploads\/2017\/01\/cropped-logo_raed.png","contentUrl":"https:\/\/raed.academy\/wp-content\/uploads\/2017\/01\/cropped-logo_raed.png","width":512,"height":512,"caption":"Real Academia Europea de Doctores"},"image":{"@id":"https:\/\/raed.academy\/ca\/#\/schema\/logo\/image\/"},"sameAs":["http:\/\/fb.me\/raed.academy","https:\/\/x.com\/raedacademy","https:\/\/www.instagram.com\/raed.academy\/","https:\/\/www.youtube.com\/channel\/UCUYQwW2KrdirNWihxMDObwg"]},{"@type":"Person","@id":"https:\/\/raed.academy\/ca\/#\/schema\/person\/5a755da80d1d979fd66ba745c8702927","name":"RAED","image":{"@type":"ImageObject","inLanguage":"ca-ES","@id":"https:\/\/secure.gravatar.com\/avatar\/19fdfdc0d67fb9c45714b703a2ac82251c4fcea3637f002ac3c9b74c0183583c?s=96&d=mm&r=g","url":"https:\/\/secure.gravatar.com\/avatar\/19fdfdc0d67fb9c45714b703a2ac82251c4fcea3637f002ac3c9b74c0183583c?s=96&d=mm&r=g","contentUrl":"https:\/\/secure.gravatar.com\/avatar\/19fdfdc0d67fb9c45714b703a2ac82251c4fcea3637f002ac3c9b74c0183583c?s=96&d=mm&r=g","caption":"RAED"}}]}},"_links":{"self":[{"href":"https:\/\/raed.academy\/ca\/wp-json\/wp\/v2\/posts\/136515","targetHints":{"allow":["GET"]}}],"collection":[{"href":"https:\/\/raed.academy\/ca\/wp-json\/wp\/v2\/posts"}],"about":[{"href":"https:\/\/raed.academy\/ca\/wp-json\/wp\/v2\/types\/post"}],"author":[{"embeddable":true,"href":"https:\/\/raed.academy\/ca\/wp-json\/wp\/v2\/users\/12"}],"replies":[{"embeddable":true,"href":"https:\/\/raed.academy\/ca\/wp-json\/wp\/v2\/comments?post=136515"}],"version-history":[{"count":0,"href":"https:\/\/raed.academy\/ca\/wp-json\/wp\/v2\/posts\/136515\/revisions"}],"wp:featuredmedia":[{"embeddable":true,"href":"https:\/\/raed.academy\/ca\/wp-json\/wp\/v2\/media\/136488"}],"wp:attachment":[{"href":"https:\/\/raed.academy\/ca\/wp-json\/wp\/v2\/media?parent=136515"}],"wp:term":[{"taxonomy":"category","embeddable":true,"href":"https:\/\/raed.academy\/ca\/wp-json\/wp\/v2\/categories?post=136515"},{"taxonomy":"post_tag","embeddable":true,"href":"https:\/\/raed.academy\/ca\/wp-json\/wp\/v2\/tags?post=136515"}],"curies":[{"name":"wp","href":"https:\/\/api.w.org\/{rel}","templated":true}]}}