{"id":135650,"date":"2023-07-13T16:28:26","date_gmt":"2023-07-13T16:28:26","guid":{"rendered":"https:\/\/raed.academy\/?p=135650"},"modified":"2023-07-13T16:36:52","modified_gmt":"2023-07-13T16:36:52","slug":"dels-sanfermins-als-caganers","status":"publish","type":"post","link":"https:\/\/raed.academy\/ca\/dels-sanfermins-als-caganers\/","title":{"rendered":"Dels sanfermins als caganers"},"content":{"rendered":"<div id=\"attachment_131191\" style=\"width: 418px\" class=\"wp-caption aligncenter\"><img loading=\"lazy\" decoding=\"async\" aria-describedby=\"caption-attachment-131191\" class=\"wp-image-131191\" src=\"https:\/\/raed.academy\/wp-content\/uploads\/2023\/03\/Anoveros-Destacada.webp\" alt=\"Dr. Xabier A\u00f1overos\" width=\"408\" height=\"244\" srcset=\"https:\/\/raed.academy\/wp-content\/uploads\/2023\/03\/Anoveros-Destacada.webp 600w, https:\/\/raed.academy\/wp-content\/uploads\/2023\/03\/Anoveros-Destacada-440x264.webp 440w\" sizes=\"(max-width: 408px) 100vw, 408px\" \/><p id=\"caption-attachment-131191\" class=\"wp-caption-text\">Dr. Xabier A\u00f1overos<\/p><\/div>\n<p><a href=\"https:\/\/raed.academy\/ca\/academics\/dr-xabier-anoveros-trias-de-bes\/\" target=\"_blank\" rel=\"noopener\"><em><strong>Xabier A\u00f1overos<\/strong><\/em><\/a>, acad\u00e8mic de n\u00famero i vicepresident de la <strong>Junta de Govern<\/strong> de la <strong>Reial Acad\u00e8mia Europea de Doctors-Barcelona 1914<\/strong> (RAED), va protagonitzar el passat 6 de juliol l&#8217;entrevista de la secci\u00f3 <strong>&#8220;La Contra&#8221;<\/strong> del diari <strong>&#8220;La Vanguardia&#8221;<\/strong>, en la que va conversar amb el periodista <strong>V\u00edctor Amela<\/strong> sobre les seves aficions i vocacions quan la seva condici\u00f3 de professor em\u00e8rit despr\u00e9s de 46 anys de classes li deixa temps per dedicar-se, a m\u00e9s de l&#8217;advocacia, als seus interessos intel\u00b7lectuals. No en va \u00e9s posse\u00efdor de cinc doctorats i un empedre\u00eft investigador a les \u00e0rees de coneixement m\u00e9s diverses.<\/p>\n<p>&#8220;He completat vuit maratons i tinc cinc doctorats, gaireb\u00e9 ja redactat un sis\u00e8. Per\u00f2 guanyen els sanfermins. M\u00e9s de cinquanta, des dels 16 anys. I sense cap incident. M\u00e9s perill va tenir c\u00f3rrer davant els grisos amb 18 anys. C\u00f3rrer en mig de la multitud t\u00e9 la seva t\u00e8cnica. Punys per para-xocs, colzes en angle recte, ulls al clatell. I a c\u00f3rrer&#8221;, inicia el vicepresident de la Reial Acad\u00e8mia la seva conversa, coincidint amb la celebraci\u00f3 de les festes de sant <strong>Ferm\u00ed<\/strong> a Pamplona.<\/p>\n<p>A aquesta passi\u00f3, l&#8217;acad\u00e8mic suma moltes altres: &#8220;El meu orgull m\u00e9s gran \u00e9s haver estat a la junta del <strong>Reial Club Esportiu Espanyol<\/strong>. I un altre immens orgull \u00e9s haver presidit la llibreria <strong>Catal\u00f2nia<\/strong> i l&#8217;editorial <strong>Selecta<\/strong>. Amag\u00e0vem llibres pol\u00edtics prohibits, de <strong>Ruedo Ib\u00e9rico<\/strong>, als anys setanta&#8230; Els llibres, una altra passi\u00f3: vaig tenir 17.000 volums, m&#8217;he quedat amb 9.000, per manca d&#8217;espai&#8230; I per gust, com aquesta col\u00b7lecci\u00f3 enquadernada d&#8217;obres carlines, o aquests llibres sobre caganers&#8230; Amb anys, paci\u00e8ncia i il\u00b7lusi\u00f3 he aplegat una important col\u00b7lecci\u00f3, una de les m\u00e9s grans, dues mil figuretes! Representen la nostra connexi\u00f3 amb la terra, la seva fertilitat&#8230; Aquesta figureta va debutar al segle XVIII en algun pessebre nadalenc d&#8217;una masia catalana&#8230; i als seg\u00fcents segles es va difondre&#8221;, prossegueix el seu di\u00e0leg, avan\u00e7ant que la seva propera tesi doctoral, d&#8217;Etnologia, ser\u00e0 precisament sobre aquest peculiar personatge nadalenc.<\/p>\n<p>Xabier A\u00f1overos \u00e9s doctor en Dret amb una tesi titulada <strong>&#8220;Los \u00f3rganos rectores de las cajas de ahorros&#8221;<\/strong>, que va defensar el 1987 a la <strong>Universitat de Barcelona<\/strong>; en Ci\u00e8ncies Econ\u00f2miques i Empresarials amb la tesi <strong>&#8220;Conceptos, ideas y contenidos econ\u00f3micos en El Quijote&#8221;<\/strong>, que va llegir el 2016 a la <strong>Universitat Camilo Jos\u00e9 Cela<\/strong>; en Humanitats, amb <strong>&#8220;San Francisco Javier. Vida y misi\u00f3n&#8221;<\/strong>, defensada el 2018 a la <strong>Universitat Internacional de Catalunya<\/strong>; en Hist\u00f2ria, amb <strong>&#8220;Papeles y familia. El archivo de la Casa de la Canicouba de Tui&#8221;<\/strong>, que va defensar el 2020 a la <strong>Universitat de Santiago de Compostel\u00b7la<\/strong>, i\u00a0en Literatura, amb<strong>\u00a0&#8220;Las dos \u00faltimas novelas del ciclo gallego de Camilo Jos\u00e9 Cela: &#8216;La cruz de san Andr\u00e9s&#8217;\u00a0y &#8216;Madera de boj'&#8221;<\/strong>, tesi defensada el 2023.<\/p>\n<h2><a href=\"https:\/\/raed.academy\/wp-content\/uploads\/2023\/07\/entrevista-Xabier-Anoveros-La-Contra-La-Vanguardia_compr.pdf\" target=\"_blank\" rel=\"noopener\">Llegiu l&#8217;entrevista<\/a><\/h2>\n","protected":false},"excerpt":{"rendered":"<p>Xabier A\u00f1overos protagonitza l&#8217;entrevista de la secci\u00f3 &#8220;La Contra&#8221; del diari &#8220;La Vanguardia&#8221;, en qu\u00e8 conversa sobre les seves aficions i vocacions<\/p>\n","protected":false},"author":12,"featured_media":131192,"comment_status":"closed","ping_status":"closed","sticky":false,"template":"","format":"standard","meta":{"_et_pb_use_builder":"","_et_pb_old_content":"","_et_gb_content_width":"","footnotes":""},"categories":[176,247,229,316,225,304,242,401,404,439,481],"tags":[],"class_list":["post-135650","post","type-post","status-publish","format-standard","has-post-thumbnail","hentry","category-academics-a-la-societat","category-antropologia-ca","category-art","category-docencia-ca","category-dret","category-economia-i-politica-ca","category-categ-historia","category-historia-de-lart-i-patrimoni-cultural","category-historia-nacional-ca","category-literatura-ca","category-sociologia-ca","et-has-post-format-content","et_post_format-et-post-format-standard"],"yoast_head":"<!-- This site is optimized with the Yoast SEO plugin v27.4 - https:\/\/yoast.com\/product\/yoast-seo-wordpress\/ -->\n<title>Dels sanfermins als caganers - Reial Acad\u00e8mia Europea de Doctors<\/title>\n<meta name=\"description\" content=\"Xabier A\u00f1overos protagonitza l&#039;entrevista de la secci\u00f3 &quot;La Contra&quot; del diari &quot;La Vanguardia&quot;, en qu\u00e8 conversa sobre les seves aficions\" \/>\n<meta name=\"robots\" content=\"index, follow, max-snippet:-1, max-image-preview:large, max-video-preview:-1\" \/>\n<link rel=\"canonical\" href=\"https:\/\/raed.academy\/ca\/dels-sanfermins-als-caganers\/\" \/>\n<meta property=\"og:locale\" content=\"ca_ES\" \/>\n<meta property=\"og:type\" content=\"article\" \/>\n<meta property=\"og:title\" content=\"Dels sanfermins als caganers - Reial Acad\u00e8mia Europea de Doctors\" \/>\n<meta property=\"og:description\" content=\"Xabier A\u00f1overos protagonitza l&#039;entrevista de la secci\u00f3 &quot;La Contra&quot; del diari &quot;La Vanguardia&quot;, en qu\u00e8 conversa sobre les seves aficions\" \/>\n<meta property=\"og:url\" content=\"https:\/\/raed.academy\/ca\/dels-sanfermins-als-caganers\/\" \/>\n<meta property=\"og:site_name\" content=\"Reial Acad\u00e8mia Europea de Doctors\" \/>\n<meta property=\"article:publisher\" content=\"http:\/\/fb.me\/raed.academy\" \/>\n<meta property=\"article:published_time\" content=\"2023-07-13T16:28:26+00:00\" \/>\n<meta property=\"article:modified_time\" content=\"2023-07-13T16:36:52+00:00\" \/>\n<meta property=\"og:image\" content=\"https:\/\/raed.academy\/wp-content\/uploads\/2023\/03\/Anoveros-Destacada.webp\" \/>\n\t<meta property=\"og:image:width\" content=\"600\" \/>\n\t<meta property=\"og:image:height\" content=\"359\" \/>\n\t<meta property=\"og:image:type\" content=\"image\/webp\" \/>\n<meta name=\"author\" content=\"RAED\" \/>\n<meta name=\"twitter:card\" content=\"summary_large_image\" \/>\n<meta name=\"twitter:creator\" content=\"@raedacademy\" \/>\n<meta name=\"twitter:site\" content=\"@raedacademy\" \/>\n<meta name=\"twitter:label1\" content=\"Written by\" \/>\n\t<meta name=\"twitter:data1\" content=\"RAED\" \/>\n\t<meta name=\"twitter:label2\" content=\"Est. reading time\" \/>\n\t<meta name=\"twitter:data2\" content=\"3 minutes\" \/>\n<script type=\"application\/ld+json\" class=\"yoast-schema-graph\">{\"@context\":\"https:\\\/\\\/schema.org\",\"@graph\":[{\"@type\":\"Article\",\"@id\":\"https:\\\/\\\/raed.academy\\\/ca\\\/dels-sanfermins-als-caganers\\\/#article\",\"isPartOf\":{\"@id\":\"https:\\\/\\\/raed.academy\\\/ca\\\/dels-sanfermins-als-caganers\\\/\"},\"author\":{\"name\":\"RAED\",\"@id\":\"https:\\\/\\\/raed.academy\\\/ca\\\/#\\\/schema\\\/person\\\/5a755da80d1d979fd66ba745c8702927\"},\"headline\":\"Dels sanfermins als caganers\",\"datePublished\":\"2023-07-13T16:28:26+00:00\",\"dateModified\":\"2023-07-13T16:36:52+00:00\",\"mainEntityOfPage\":{\"@id\":\"https:\\\/\\\/raed.academy\\\/ca\\\/dels-sanfermins-als-caganers\\\/\"},\"wordCount\":513,\"publisher\":{\"@id\":\"https:\\\/\\\/raed.academy\\\/ca\\\/#organization\"},\"image\":{\"@id\":\"https:\\\/\\\/raed.academy\\\/ca\\\/dels-sanfermins-als-caganers\\\/#primaryimage\"},\"thumbnailUrl\":\"https:\\\/\\\/raed.academy\\\/wp-content\\\/uploads\\\/2023\\\/03\\\/Anoveros-Destacada.webp\",\"articleSection\":[\"Acad\u00e8mics a la societat\",\"Antropologia\",\"Art\",\"Doc\u00e8ncia\",\"Dret\",\"Economia i pol\u00edtica\",\"Hist\u00f2ria\",\"Hist\u00f2ria de l'art i patrimoni cultural\",\"Hist\u00f2ria nacional\",\"Literatura\",\"Sociologia\"],\"inLanguage\":\"ca-ES\"},{\"@type\":\"WebPage\",\"@id\":\"https:\\\/\\\/raed.academy\\\/ca\\\/dels-sanfermins-als-caganers\\\/\",\"url\":\"https:\\\/\\\/raed.academy\\\/ca\\\/dels-sanfermins-als-caganers\\\/\",\"name\":\"Dels sanfermins als caganers - Reial Acad\u00e8mia Europea de Doctors\",\"isPartOf\":{\"@id\":\"https:\\\/\\\/raed.academy\\\/ca\\\/#website\"},\"primaryImageOfPage\":{\"@id\":\"https:\\\/\\\/raed.academy\\\/ca\\\/dels-sanfermins-als-caganers\\\/#primaryimage\"},\"image\":{\"@id\":\"https:\\\/\\\/raed.academy\\\/ca\\\/dels-sanfermins-als-caganers\\\/#primaryimage\"},\"thumbnailUrl\":\"https:\\\/\\\/raed.academy\\\/wp-content\\\/uploads\\\/2023\\\/03\\\/Anoveros-Destacada.webp\",\"datePublished\":\"2023-07-13T16:28:26+00:00\",\"dateModified\":\"2023-07-13T16:36:52+00:00\",\"description\":\"Xabier A\u00f1overos protagonitza l'entrevista de la secci\u00f3 \\\"La Contra\\\" del diari \\\"La Vanguardia\\\", en qu\u00e8 conversa sobre les seves aficions\",\"breadcrumb\":{\"@id\":\"https:\\\/\\\/raed.academy\\\/ca\\\/dels-sanfermins-als-caganers\\\/#breadcrumb\"},\"inLanguage\":\"ca-ES\",\"potentialAction\":[{\"@type\":\"ReadAction\",\"target\":[\"https:\\\/\\\/raed.academy\\\/ca\\\/dels-sanfermins-als-caganers\\\/\"]}]},{\"@type\":\"ImageObject\",\"inLanguage\":\"ca-ES\",\"@id\":\"https:\\\/\\\/raed.academy\\\/ca\\\/dels-sanfermins-als-caganers\\\/#primaryimage\",\"url\":\"https:\\\/\\\/raed.academy\\\/wp-content\\\/uploads\\\/2023\\\/03\\\/Anoveros-Destacada.webp\",\"contentUrl\":\"https:\\\/\\\/raed.academy\\\/wp-content\\\/uploads\\\/2023\\\/03\\\/Anoveros-Destacada.webp\",\"width\":600,\"height\":359,\"caption\":\"Dr. Xabier A\u00f1overos\"},{\"@type\":\"BreadcrumbList\",\"@id\":\"https:\\\/\\\/raed.academy\\\/ca\\\/dels-sanfermins-als-caganers\\\/#breadcrumb\",\"itemListElement\":[{\"@type\":\"ListItem\",\"position\":1,\"name\":\"Inicio\",\"item\":\"https:\\\/\\\/raed.academy\\\/ca\\\/\"},{\"@type\":\"ListItem\",\"position\":2,\"name\":\"Dels sanfermins als caganers\"}]},{\"@type\":\"WebSite\",\"@id\":\"https:\\\/\\\/raed.academy\\\/ca\\\/#website\",\"url\":\"https:\\\/\\\/raed.academy\\\/ca\\\/\",\"name\":\"Reial Acad\u00e8mia Europea de Doctors\",\"description\":\"Corporaci\u00f3n de derecho p\u00fablico de car\u00e1cter cient\u00edfico, t\u00e9cnico y art\u00edstico, que tiene por objeto la investigaci\u00f3n, el estudio, el fomento y la extensi\u00f3n del conocimiento en su sentido m\u00e1s amplio\",\"publisher\":{\"@id\":\"https:\\\/\\\/raed.academy\\\/ca\\\/#organization\"},\"potentialAction\":[{\"@type\":\"SearchAction\",\"target\":{\"@type\":\"EntryPoint\",\"urlTemplate\":\"https:\\\/\\\/raed.academy\\\/ca\\\/?s={search_term_string}\"},\"query-input\":{\"@type\":\"PropertyValueSpecification\",\"valueRequired\":true,\"valueName\":\"search_term_string\"}}],\"inLanguage\":\"ca-ES\"},{\"@type\":\"Organization\",\"@id\":\"https:\\\/\\\/raed.academy\\\/ca\\\/#organization\",\"name\":\"Real Academia Europea de Doctores\",\"url\":\"https:\\\/\\\/raed.academy\\\/ca\\\/\",\"logo\":{\"@type\":\"ImageObject\",\"inLanguage\":\"ca-ES\",\"@id\":\"https:\\\/\\\/raed.academy\\\/ca\\\/#\\\/schema\\\/logo\\\/image\\\/\",\"url\":\"https:\\\/\\\/raed.academy\\\/wp-content\\\/uploads\\\/2017\\\/01\\\/cropped-logo_raed.png\",\"contentUrl\":\"https:\\\/\\\/raed.academy\\\/wp-content\\\/uploads\\\/2017\\\/01\\\/cropped-logo_raed.png\",\"width\":512,\"height\":512,\"caption\":\"Real Academia Europea de Doctores\"},\"image\":{\"@id\":\"https:\\\/\\\/raed.academy\\\/ca\\\/#\\\/schema\\\/logo\\\/image\\\/\"},\"sameAs\":[\"http:\\\/\\\/fb.me\\\/raed.academy\",\"https:\\\/\\\/x.com\\\/raedacademy\",\"https:\\\/\\\/www.instagram.com\\\/raed.academy\\\/\",\"https:\\\/\\\/www.youtube.com\\\/channel\\\/UCUYQwW2KrdirNWihxMDObwg\"]},{\"@type\":\"Person\",\"@id\":\"https:\\\/\\\/raed.academy\\\/ca\\\/#\\\/schema\\\/person\\\/5a755da80d1d979fd66ba745c8702927\",\"name\":\"RAED\",\"image\":{\"@type\":\"ImageObject\",\"inLanguage\":\"ca-ES\",\"@id\":\"https:\\\/\\\/secure.gravatar.com\\\/avatar\\\/19fdfdc0d67fb9c45714b703a2ac82251c4fcea3637f002ac3c9b74c0183583c?s=96&d=mm&r=g\",\"url\":\"https:\\\/\\\/secure.gravatar.com\\\/avatar\\\/19fdfdc0d67fb9c45714b703a2ac82251c4fcea3637f002ac3c9b74c0183583c?s=96&d=mm&r=g\",\"contentUrl\":\"https:\\\/\\\/secure.gravatar.com\\\/avatar\\\/19fdfdc0d67fb9c45714b703a2ac82251c4fcea3637f002ac3c9b74c0183583c?s=96&d=mm&r=g\",\"caption\":\"RAED\"}}]}<\/script>\n<!-- \/ Yoast SEO plugin. -->","yoast_head_json":{"title":"Dels sanfermins als caganers - Reial Acad\u00e8mia Europea de Doctors","description":"Xabier A\u00f1overos protagonitza l'entrevista de la secci\u00f3 \"La Contra\" del diari \"La Vanguardia\", en qu\u00e8 conversa sobre les seves aficions","robots":{"index":"index","follow":"follow","max-snippet":"max-snippet:-1","max-image-preview":"max-image-preview:large","max-video-preview":"max-video-preview:-1"},"canonical":"https:\/\/raed.academy\/ca\/dels-sanfermins-als-caganers\/","og_locale":"ca_ES","og_type":"article","og_title":"Dels sanfermins als caganers - Reial Acad\u00e8mia Europea de Doctors","og_description":"Xabier A\u00f1overos protagonitza l'entrevista de la secci\u00f3 \"La Contra\" del diari \"La Vanguardia\", en qu\u00e8 conversa sobre les seves aficions","og_url":"https:\/\/raed.academy\/ca\/dels-sanfermins-als-caganers\/","og_site_name":"Reial Acad\u00e8mia Europea de Doctors","article_publisher":"http:\/\/fb.me\/raed.academy","article_published_time":"2023-07-13T16:28:26+00:00","article_modified_time":"2023-07-13T16:36:52+00:00","og_image":[{"width":600,"height":359,"url":"https:\/\/raed.academy\/wp-content\/uploads\/2023\/03\/Anoveros-Destacada.webp","type":"image\/webp"}],"author":"RAED","twitter_card":"summary_large_image","twitter_creator":"@raedacademy","twitter_site":"@raedacademy","twitter_misc":{"Written by":"RAED","Est. reading time":"3 minutes"},"schema":{"@context":"https:\/\/schema.org","@graph":[{"@type":"Article","@id":"https:\/\/raed.academy\/ca\/dels-sanfermins-als-caganers\/#article","isPartOf":{"@id":"https:\/\/raed.academy\/ca\/dels-sanfermins-als-caganers\/"},"author":{"name":"RAED","@id":"https:\/\/raed.academy\/ca\/#\/schema\/person\/5a755da80d1d979fd66ba745c8702927"},"headline":"Dels sanfermins als caganers","datePublished":"2023-07-13T16:28:26+00:00","dateModified":"2023-07-13T16:36:52+00:00","mainEntityOfPage":{"@id":"https:\/\/raed.academy\/ca\/dels-sanfermins-als-caganers\/"},"wordCount":513,"publisher":{"@id":"https:\/\/raed.academy\/ca\/#organization"},"image":{"@id":"https:\/\/raed.academy\/ca\/dels-sanfermins-als-caganers\/#primaryimage"},"thumbnailUrl":"https:\/\/raed.academy\/wp-content\/uploads\/2023\/03\/Anoveros-Destacada.webp","articleSection":["Acad\u00e8mics a la societat","Antropologia","Art","Doc\u00e8ncia","Dret","Economia i pol\u00edtica","Hist\u00f2ria","Hist\u00f2ria de l'art i patrimoni cultural","Hist\u00f2ria nacional","Literatura","Sociologia"],"inLanguage":"ca-ES"},{"@type":"WebPage","@id":"https:\/\/raed.academy\/ca\/dels-sanfermins-als-caganers\/","url":"https:\/\/raed.academy\/ca\/dels-sanfermins-als-caganers\/","name":"Dels sanfermins als caganers - Reial Acad\u00e8mia Europea de Doctors","isPartOf":{"@id":"https:\/\/raed.academy\/ca\/#website"},"primaryImageOfPage":{"@id":"https:\/\/raed.academy\/ca\/dels-sanfermins-als-caganers\/#primaryimage"},"image":{"@id":"https:\/\/raed.academy\/ca\/dels-sanfermins-als-caganers\/#primaryimage"},"thumbnailUrl":"https:\/\/raed.academy\/wp-content\/uploads\/2023\/03\/Anoveros-Destacada.webp","datePublished":"2023-07-13T16:28:26+00:00","dateModified":"2023-07-13T16:36:52+00:00","description":"Xabier A\u00f1overos protagonitza l'entrevista de la secci\u00f3 \"La Contra\" del diari \"La Vanguardia\", en qu\u00e8 conversa sobre les seves aficions","breadcrumb":{"@id":"https:\/\/raed.academy\/ca\/dels-sanfermins-als-caganers\/#breadcrumb"},"inLanguage":"ca-ES","potentialAction":[{"@type":"ReadAction","target":["https:\/\/raed.academy\/ca\/dels-sanfermins-als-caganers\/"]}]},{"@type":"ImageObject","inLanguage":"ca-ES","@id":"https:\/\/raed.academy\/ca\/dels-sanfermins-als-caganers\/#primaryimage","url":"https:\/\/raed.academy\/wp-content\/uploads\/2023\/03\/Anoveros-Destacada.webp","contentUrl":"https:\/\/raed.academy\/wp-content\/uploads\/2023\/03\/Anoveros-Destacada.webp","width":600,"height":359,"caption":"Dr. Xabier A\u00f1overos"},{"@type":"BreadcrumbList","@id":"https:\/\/raed.academy\/ca\/dels-sanfermins-als-caganers\/#breadcrumb","itemListElement":[{"@type":"ListItem","position":1,"name":"Inicio","item":"https:\/\/raed.academy\/ca\/"},{"@type":"ListItem","position":2,"name":"Dels sanfermins als caganers"}]},{"@type":"WebSite","@id":"https:\/\/raed.academy\/ca\/#website","url":"https:\/\/raed.academy\/ca\/","name":"Reial Acad\u00e8mia Europea de Doctors","description":"Corporaci\u00f3n de derecho p\u00fablico de car\u00e1cter cient\u00edfico, t\u00e9cnico y art\u00edstico, que tiene por objeto la investigaci\u00f3n, el estudio, el fomento y la extensi\u00f3n del conocimiento en su sentido m\u00e1s amplio","publisher":{"@id":"https:\/\/raed.academy\/ca\/#organization"},"potentialAction":[{"@type":"SearchAction","target":{"@type":"EntryPoint","urlTemplate":"https:\/\/raed.academy\/ca\/?s={search_term_string}"},"query-input":{"@type":"PropertyValueSpecification","valueRequired":true,"valueName":"search_term_string"}}],"inLanguage":"ca-ES"},{"@type":"Organization","@id":"https:\/\/raed.academy\/ca\/#organization","name":"Real Academia Europea de Doctores","url":"https:\/\/raed.academy\/ca\/","logo":{"@type":"ImageObject","inLanguage":"ca-ES","@id":"https:\/\/raed.academy\/ca\/#\/schema\/logo\/image\/","url":"https:\/\/raed.academy\/wp-content\/uploads\/2017\/01\/cropped-logo_raed.png","contentUrl":"https:\/\/raed.academy\/wp-content\/uploads\/2017\/01\/cropped-logo_raed.png","width":512,"height":512,"caption":"Real Academia Europea de Doctores"},"image":{"@id":"https:\/\/raed.academy\/ca\/#\/schema\/logo\/image\/"},"sameAs":["http:\/\/fb.me\/raed.academy","https:\/\/x.com\/raedacademy","https:\/\/www.instagram.com\/raed.academy\/","https:\/\/www.youtube.com\/channel\/UCUYQwW2KrdirNWihxMDObwg"]},{"@type":"Person","@id":"https:\/\/raed.academy\/ca\/#\/schema\/person\/5a755da80d1d979fd66ba745c8702927","name":"RAED","image":{"@type":"ImageObject","inLanguage":"ca-ES","@id":"https:\/\/secure.gravatar.com\/avatar\/19fdfdc0d67fb9c45714b703a2ac82251c4fcea3637f002ac3c9b74c0183583c?s=96&d=mm&r=g","url":"https:\/\/secure.gravatar.com\/avatar\/19fdfdc0d67fb9c45714b703a2ac82251c4fcea3637f002ac3c9b74c0183583c?s=96&d=mm&r=g","contentUrl":"https:\/\/secure.gravatar.com\/avatar\/19fdfdc0d67fb9c45714b703a2ac82251c4fcea3637f002ac3c9b74c0183583c?s=96&d=mm&r=g","caption":"RAED"}}]}},"_links":{"self":[{"href":"https:\/\/raed.academy\/ca\/wp-json\/wp\/v2\/posts\/135650","targetHints":{"allow":["GET"]}}],"collection":[{"href":"https:\/\/raed.academy\/ca\/wp-json\/wp\/v2\/posts"}],"about":[{"href":"https:\/\/raed.academy\/ca\/wp-json\/wp\/v2\/types\/post"}],"author":[{"embeddable":true,"href":"https:\/\/raed.academy\/ca\/wp-json\/wp\/v2\/users\/12"}],"replies":[{"embeddable":true,"href":"https:\/\/raed.academy\/ca\/wp-json\/wp\/v2\/comments?post=135650"}],"version-history":[{"count":0,"href":"https:\/\/raed.academy\/ca\/wp-json\/wp\/v2\/posts\/135650\/revisions"}],"wp:featuredmedia":[{"embeddable":true,"href":"https:\/\/raed.academy\/ca\/wp-json\/wp\/v2\/media\/131192"}],"wp:attachment":[{"href":"https:\/\/raed.academy\/ca\/wp-json\/wp\/v2\/media?parent=135650"}],"wp:term":[{"taxonomy":"category","embeddable":true,"href":"https:\/\/raed.academy\/ca\/wp-json\/wp\/v2\/categories?post=135650"},{"taxonomy":"post_tag","embeddable":true,"href":"https:\/\/raed.academy\/ca\/wp-json\/wp\/v2\/tags?post=135650"}],"curies":[{"name":"wp","href":"https:\/\/api.w.org\/{rel}","templated":true}]}}