{"id":135421,"date":"2023-07-06T12:12:31","date_gmt":"2023-07-06T12:12:31","guid":{"rendered":"https:\/\/raed.academy\/?p=135421"},"modified":"2023-07-06T16:16:22","modified_gmt":"2023-07-06T16:16:22","slug":"el-nou-model-de-treballador","status":"publish","type":"post","link":"https:\/\/raed.academy\/ca\/el-nou-model-de-treballador\/","title":{"rendered":"El nou model de treballador"},"content":{"rendered":"<p>[et_pb_section fb_built=&#8221;1&#8243; fullwidth=&#8221;on&#8221; _builder_version=&#8221;4.21.0&#8243; _module_preset=&#8221;default&#8221; global_colors_info=&#8221;{}&#8221;][et_pb_fullwidth_image src=&#8221;https:\/\/raed.academy\/wp-content\/uploads\/2023\/07\/ingreso-RAED-Dr-Carlos-Grau-Alguero-carrusel.webp&#8221; title_text=&#8221;ingreso-RAED-Dr-Carlos-Grau-Alguero-carrusel&#8221; _builder_version=&#8221;4.21.0&#8243; _module_preset=&#8221;default&#8221; global_colors_info=&#8221;{}&#8221;][\/et_pb_fullwidth_image][\/et_pb_section][et_pb_section fb_built=&#8221;1&#8243; _builder_version=&#8221;4.16&#8243; global_colors_info=&#8221;{}&#8221;][et_pb_row use_custom_gutter=&#8221;on&#8221; gutter_width=&#8221;1&#8243; module_class=&#8221;galeria-pad-1&#8243; _builder_version=&#8221;4.21.0&#8243; background_size=&#8221;initial&#8221; background_position=&#8221;top_left&#8221; background_repeat=&#8221;repeat&#8221; max_width=&#8221;1600px&#8221; global_colors_info=&#8221;{}&#8221;][et_pb_column type=&#8221;4_4&#8243; _builder_version=&#8221;4.16&#8243; custom_padding=&#8221;|||&#8221; global_colors_info=&#8221;{}&#8221; custom_padding__hover=&#8221;|||&#8221;][et_pb_text _builder_version=&#8221;4.21.0&#8243; background_size=&#8221;initial&#8221; background_position=&#8221;top_left&#8221; background_repeat=&#8221;repeat&#8221; global_colors_info=&#8221;{}&#8221;]<strong>Carlos Grau<\/strong>, doctor en Ci\u00e8ncies Econ\u00f2miques i Empresarials i professor d&#8217;Economia i Organitzaci\u00f3 d&#8217;Empreses de la U<strong>niversitat de Barcelona<\/strong>, va ingressar com a acad\u00e8mic de n\u00famero de la <strong>Reial Acad\u00e8mia Europea de Doctors-Barcelona 1914<\/strong> (RAED) durant una solemne sessi\u00f3 que es va celebrar a la Sala d&#8217;Actes de <strong>Foment del Treball<\/strong>, seu de la Reial Corporaci\u00f3, el 3 de juliol passat. L&#8217;acte es va poder seguir tant de manera presencial com en streaming a trav\u00e9s del canal de <strong>YouTube<\/strong> de la RAED, on es pot visionar. El recipienari va llegir el discurs d&#8217;ingr\u00e9s <strong>&#8220;El largo camino de la eficiencia&#8221;<\/strong>. Li va respondre, en nom de la Reial Acad\u00e8mia, l&#8217;acad\u00e8mica de n\u00famero <a href=\"https:\/\/raed.academy\/ca\/academics\/dra-maria-esther-subira-lobera\/\" target=\"_blank\" rel=\"noopener\"><em><strong>Esther Subir\u00e1<\/strong><\/em><\/a>.<\/p>\n<p>Autor d&#8217;obres de refer\u00e8ncia al camp dels Recursos Humans, el nou acad\u00e8mic va realitzar en la seva intervenci\u00f3 un recorregut al llarg del temps, per analitzar com la humanitat ha anat buscant i millorant l&#8217;efici\u00e8ncia empresarial per millorar les seves condicions de vida des de l&#8217;abolici\u00f3 de l&#8217;esclavatge i la Revoluci\u00f3 Industrial fins a assolir la figura d&#8217;<strong>Adam Smith<\/strong>, considerat el pare de l&#8217;economia pol\u00edtica i de l&#8217;economia de l&#8217;empresa. Aix\u00ed mateix, va abordar els canvis d&#8217;estructura social que es van produir a principis del segle XX, l&#8217;evoluci\u00f3 de la cultura empresarial i de treball al llarg d&#8217;aquesta cent\u00faria, i despr\u00e9s de la Segona Guerra Mundial, la necessitat de crear espais comuns i valors compartits perqu\u00e8 la cultura empresarial d&#8217;Orient i Occident donessin uns fruits en com\u00fa que culminarien amb la globalitzaci\u00f3 en qu\u00e8 ens trobem al present.<\/p>\n<p>Per al recipienari, el temps, la ci\u00e8ncia, la tecnologia i els aven\u00e7os operatius han demostrat que les empreses i l&#8217;economia necessiten cada cop m\u00e9s d&#8217;un tipus de treballador altament qualificat i motivat en les seves funcions, amb capacitat de desenvolupar-se alhora que projecte empresarial que lidera, fins i tot va vaticinar una era en qu\u00e8 la majoria dels treballadors respondran a aquest perfil especialitzat, amb enormes capacitats. &#8220;Persones generalment amb estudis universitaris de tipus superior i una gran experi\u00e8ncia, que saben gestionar l&#8217;empresa millor que el propietari i que l&#8217;emprenedor. Persones que gaudeixen treballant i altament compromeses amb l&#8217;empresa. Persones molt dif\u00edcils de trobar i dif\u00edcils de substituir&#8221;, va assenyalar.<\/p>\n<p>&#8220;La nostra proposta de relaci\u00f3 entre empresa i aquest tipus de treballadors altament qualificats \u00e9s la de compartir valors. No es tracta de cap teoria nova, m\u00faltiples tractadistes avalen aquesta proposta. Els canvis culturals s\u00f3n tan complexos que possiblement la nostra proposta es quedi en un cant al sol, per\u00f2 si aquesta feina es pogu\u00e9s convertir en una petit\u00edssima aportaci\u00f3 a l&#8217;increment de l&#8217;efici\u00e8ncia entre empresari i treballador ens donar\u00edem per molt satisfets&#8221;, va concloure Grau.<\/p>\n<p><iframe loading=\"lazy\" title=\"Acto de ingreso como Acad\u00e9mico Numerario del Excmo. Sr. Dr. Carlos Grau Alguer\u00f3\" width=\"1080\" height=\"608\" src=\"https:\/\/www.youtube.com\/embed\/Zlgzca5sweY?feature=oembed\" frameborder=\"0\" allow=\"accelerometer; autoplay; clipboard-write; encrypted-media; gyroscope; picture-in-picture; web-share\" allowfullscreen><\/iframe><br \/>\n[\/et_pb_text][et_pb_divider show_divider=&#8221;off&#8221; _builder_version=&#8221;4.21.0&#8243; _module_preset=&#8221;default&#8221; custom_padding=&#8221;25px||||false|false&#8221; global_colors_info=&#8221;{}&#8221;][\/et_pb_divider][et_pb_gallery gallery_ids=&#8221;135242,135245,135248,135251,135254,135257,135260,135263,135266,135269,135272,135275&#8243; posts_number=&#8221;12&#8243; show_title_and_caption=&#8221;off&#8221; show_pagination=&#8221;off&#8221; _builder_version=&#8221;4.21.0&#8243; _module_preset=&#8221;default&#8221; global_colors_info=&#8221;{}&#8221;][\/et_pb_gallery][\/et_pb_column][\/et_pb_row][\/et_pb_section]<\/p>\n","protected":false},"excerpt":{"rendered":"<p>Carlos Grau, doctor en Ci\u00e8ncies Econ\u00f2miques i Empresarials, ingressa com a acad\u00e8mic de n\u00famero de la RAED, amb el discurs &#8220;El largo camino de la efici\u00e8ncia&#8221;<\/p>\n","protected":false},"author":12,"featured_media":135264,"comment_status":"closed","ping_status":"closed","sticky":false,"template":"","format":"standard","meta":{"_et_pb_use_builder":"on","_et_pb_old_content":"","_et_gb_content_width":"","footnotes":""},"categories":[233],"tags":[],"class_list":["post-135421","post","type-post","status-publish","format-standard","has-post-thumbnail","hentry","category-economiques-i-empresarials","et-has-post-format-content","et_post_format-et-post-format-standard"],"yoast_head":"<!-- This site is optimized with the Yoast SEO plugin v27.4 - https:\/\/yoast.com\/product\/yoast-seo-wordpress\/ -->\n<title>El nou model de treballador - Reial Acad\u00e8mia Europea de Doctors<\/title>\n<meta name=\"description\" content=\"Carlos Grau, doctor en Ci\u00e8ncies Econ\u00f2miques i Empresarials, ingressa com a acad\u00e8mic de n\u00famero de la RAED, amb el discurs &quot;El largo camino de la efici\u00e8ncia&quot;\" \/>\n<meta name=\"robots\" content=\"index, follow, max-snippet:-1, max-image-preview:large, max-video-preview:-1\" \/>\n<link rel=\"canonical\" href=\"https:\/\/raed.academy\/ca\/el-nou-model-de-treballador\/\" \/>\n<meta property=\"og:locale\" content=\"ca_ES\" \/>\n<meta property=\"og:type\" content=\"article\" \/>\n<meta property=\"og:title\" content=\"El nou model de treballador - Reial Acad\u00e8mia Europea de Doctors\" \/>\n<meta property=\"og:description\" content=\"Carlos Grau, doctor en Ci\u00e8ncies Econ\u00f2miques i Empresarials, ingressa com a acad\u00e8mic de n\u00famero de la RAED, amb el discurs &quot;El largo camino de la efici\u00e8ncia&quot;\" \/>\n<meta property=\"og:url\" content=\"https:\/\/raed.academy\/ca\/el-nou-model-de-treballador\/\" \/>\n<meta property=\"og:site_name\" content=\"Reial Acad\u00e8mia Europea de Doctors\" \/>\n<meta property=\"article:publisher\" content=\"http:\/\/fb.me\/raed.academy\" \/>\n<meta property=\"article:published_time\" content=\"2023-07-06T12:12:31+00:00\" \/>\n<meta property=\"article:modified_time\" content=\"2023-07-06T16:16:22+00:00\" \/>\n<meta property=\"og:image\" content=\"https:\/\/raed.academy\/wp-content\/uploads\/2023\/07\/ingreso-RAED-Dr-Carlos-Grau-Alguero-43.webp\" \/>\n\t<meta property=\"og:image:width\" content=\"950\" \/>\n\t<meta property=\"og:image:height\" content=\"634\" \/>\n\t<meta property=\"og:image:type\" content=\"image\/webp\" \/>\n<meta name=\"author\" content=\"RAED\" \/>\n<meta name=\"twitter:card\" content=\"summary_large_image\" \/>\n<meta name=\"twitter:creator\" content=\"@raedacademy\" \/>\n<meta name=\"twitter:site\" content=\"@raedacademy\" \/>\n<meta name=\"twitter:label1\" content=\"Written by\" \/>\n\t<meta name=\"twitter:data1\" content=\"RAED\" \/>\n\t<meta name=\"twitter:label2\" content=\"Est. reading time\" \/>\n\t<meta name=\"twitter:data2\" content=\"3 minutes\" \/>\n<script type=\"application\/ld+json\" class=\"yoast-schema-graph\">{\"@context\":\"https:\\\/\\\/schema.org\",\"@graph\":[{\"@type\":\"Article\",\"@id\":\"https:\\\/\\\/raed.academy\\\/ca\\\/el-nou-model-de-treballador\\\/#article\",\"isPartOf\":{\"@id\":\"https:\\\/\\\/raed.academy\\\/ca\\\/el-nou-model-de-treballador\\\/\"},\"author\":{\"name\":\"RAED\",\"@id\":\"https:\\\/\\\/raed.academy\\\/ca\\\/#\\\/schema\\\/person\\\/5a755da80d1d979fd66ba745c8702927\"},\"headline\":\"El nou model de treballador\",\"datePublished\":\"2023-07-06T12:12:31+00:00\",\"dateModified\":\"2023-07-06T16:16:22+00:00\",\"mainEntityOfPage\":{\"@id\":\"https:\\\/\\\/raed.academy\\\/ca\\\/el-nou-model-de-treballador\\\/\"},\"wordCount\":680,\"publisher\":{\"@id\":\"https:\\\/\\\/raed.academy\\\/ca\\\/#organization\"},\"image\":{\"@id\":\"https:\\\/\\\/raed.academy\\\/ca\\\/el-nou-model-de-treballador\\\/#primaryimage\"},\"thumbnailUrl\":\"https:\\\/\\\/raed.academy\\\/wp-content\\\/uploads\\\/2023\\\/07\\\/ingreso-RAED-Dr-Carlos-Grau-Alguero-43.webp\",\"articleSection\":[\"Econ\u00f2miques i Empresarials\"],\"inLanguage\":\"ca-ES\"},{\"@type\":\"WebPage\",\"@id\":\"https:\\\/\\\/raed.academy\\\/ca\\\/el-nou-model-de-treballador\\\/\",\"url\":\"https:\\\/\\\/raed.academy\\\/ca\\\/el-nou-model-de-treballador\\\/\",\"name\":\"El nou model de treballador - Reial Acad\u00e8mia Europea de Doctors\",\"isPartOf\":{\"@id\":\"https:\\\/\\\/raed.academy\\\/ca\\\/#website\"},\"primaryImageOfPage\":{\"@id\":\"https:\\\/\\\/raed.academy\\\/ca\\\/el-nou-model-de-treballador\\\/#primaryimage\"},\"image\":{\"@id\":\"https:\\\/\\\/raed.academy\\\/ca\\\/el-nou-model-de-treballador\\\/#primaryimage\"},\"thumbnailUrl\":\"https:\\\/\\\/raed.academy\\\/wp-content\\\/uploads\\\/2023\\\/07\\\/ingreso-RAED-Dr-Carlos-Grau-Alguero-43.webp\",\"datePublished\":\"2023-07-06T12:12:31+00:00\",\"dateModified\":\"2023-07-06T16:16:22+00:00\",\"description\":\"Carlos Grau, doctor en Ci\u00e8ncies Econ\u00f2miques i Empresarials, ingressa com a acad\u00e8mic de n\u00famero de la RAED, amb el discurs \\\"El largo camino de la efici\u00e8ncia\\\"\",\"breadcrumb\":{\"@id\":\"https:\\\/\\\/raed.academy\\\/ca\\\/el-nou-model-de-treballador\\\/#breadcrumb\"},\"inLanguage\":\"ca-ES\",\"potentialAction\":[{\"@type\":\"ReadAction\",\"target\":[\"https:\\\/\\\/raed.academy\\\/ca\\\/el-nou-model-de-treballador\\\/\"]}]},{\"@type\":\"ImageObject\",\"inLanguage\":\"ca-ES\",\"@id\":\"https:\\\/\\\/raed.academy\\\/ca\\\/el-nou-model-de-treballador\\\/#primaryimage\",\"url\":\"https:\\\/\\\/raed.academy\\\/wp-content\\\/uploads\\\/2023\\\/07\\\/ingreso-RAED-Dr-Carlos-Grau-Alguero-43.webp\",\"contentUrl\":\"https:\\\/\\\/raed.academy\\\/wp-content\\\/uploads\\\/2023\\\/07\\\/ingreso-RAED-Dr-Carlos-Grau-Alguero-43.webp\",\"width\":950,\"height\":634,\"caption\":\"ingreso en la RAED del Dr. Carlos Grau Alguer\u00f3\"},{\"@type\":\"BreadcrumbList\",\"@id\":\"https:\\\/\\\/raed.academy\\\/ca\\\/el-nou-model-de-treballador\\\/#breadcrumb\",\"itemListElement\":[{\"@type\":\"ListItem\",\"position\":1,\"name\":\"Inicio\",\"item\":\"https:\\\/\\\/raed.academy\\\/ca\\\/\"},{\"@type\":\"ListItem\",\"position\":2,\"name\":\"El nou model de treballador\"}]},{\"@type\":\"WebSite\",\"@id\":\"https:\\\/\\\/raed.academy\\\/ca\\\/#website\",\"url\":\"https:\\\/\\\/raed.academy\\\/ca\\\/\",\"name\":\"Reial Acad\u00e8mia Europea de Doctors\",\"description\":\"Corporaci\u00f3n de derecho p\u00fablico de car\u00e1cter cient\u00edfico, t\u00e9cnico y art\u00edstico, que tiene por objeto la investigaci\u00f3n, el estudio, el fomento y la extensi\u00f3n del conocimiento en su sentido m\u00e1s amplio\",\"publisher\":{\"@id\":\"https:\\\/\\\/raed.academy\\\/ca\\\/#organization\"},\"potentialAction\":[{\"@type\":\"SearchAction\",\"target\":{\"@type\":\"EntryPoint\",\"urlTemplate\":\"https:\\\/\\\/raed.academy\\\/ca\\\/?s={search_term_string}\"},\"query-input\":{\"@type\":\"PropertyValueSpecification\",\"valueRequired\":true,\"valueName\":\"search_term_string\"}}],\"inLanguage\":\"ca-ES\"},{\"@type\":\"Organization\",\"@id\":\"https:\\\/\\\/raed.academy\\\/ca\\\/#organization\",\"name\":\"Real Academia Europea de Doctores\",\"url\":\"https:\\\/\\\/raed.academy\\\/ca\\\/\",\"logo\":{\"@type\":\"ImageObject\",\"inLanguage\":\"ca-ES\",\"@id\":\"https:\\\/\\\/raed.academy\\\/ca\\\/#\\\/schema\\\/logo\\\/image\\\/\",\"url\":\"https:\\\/\\\/raed.academy\\\/wp-content\\\/uploads\\\/2017\\\/01\\\/cropped-logo_raed.png\",\"contentUrl\":\"https:\\\/\\\/raed.academy\\\/wp-content\\\/uploads\\\/2017\\\/01\\\/cropped-logo_raed.png\",\"width\":512,\"height\":512,\"caption\":\"Real Academia Europea de Doctores\"},\"image\":{\"@id\":\"https:\\\/\\\/raed.academy\\\/ca\\\/#\\\/schema\\\/logo\\\/image\\\/\"},\"sameAs\":[\"http:\\\/\\\/fb.me\\\/raed.academy\",\"https:\\\/\\\/x.com\\\/raedacademy\",\"https:\\\/\\\/www.instagram.com\\\/raed.academy\\\/\",\"https:\\\/\\\/www.youtube.com\\\/channel\\\/UCUYQwW2KrdirNWihxMDObwg\"]},{\"@type\":\"Person\",\"@id\":\"https:\\\/\\\/raed.academy\\\/ca\\\/#\\\/schema\\\/person\\\/5a755da80d1d979fd66ba745c8702927\",\"name\":\"RAED\",\"image\":{\"@type\":\"ImageObject\",\"inLanguage\":\"ca-ES\",\"@id\":\"https:\\\/\\\/secure.gravatar.com\\\/avatar\\\/19fdfdc0d67fb9c45714b703a2ac82251c4fcea3637f002ac3c9b74c0183583c?s=96&d=mm&r=g\",\"url\":\"https:\\\/\\\/secure.gravatar.com\\\/avatar\\\/19fdfdc0d67fb9c45714b703a2ac82251c4fcea3637f002ac3c9b74c0183583c?s=96&d=mm&r=g\",\"contentUrl\":\"https:\\\/\\\/secure.gravatar.com\\\/avatar\\\/19fdfdc0d67fb9c45714b703a2ac82251c4fcea3637f002ac3c9b74c0183583c?s=96&d=mm&r=g\",\"caption\":\"RAED\"}}]}<\/script>\n<!-- \/ Yoast SEO plugin. -->","yoast_head_json":{"title":"El nou model de treballador - Reial Acad\u00e8mia Europea de Doctors","description":"Carlos Grau, doctor en Ci\u00e8ncies Econ\u00f2miques i Empresarials, ingressa com a acad\u00e8mic de n\u00famero de la RAED, amb el discurs \"El largo camino de la efici\u00e8ncia\"","robots":{"index":"index","follow":"follow","max-snippet":"max-snippet:-1","max-image-preview":"max-image-preview:large","max-video-preview":"max-video-preview:-1"},"canonical":"https:\/\/raed.academy\/ca\/el-nou-model-de-treballador\/","og_locale":"ca_ES","og_type":"article","og_title":"El nou model de treballador - Reial Acad\u00e8mia Europea de Doctors","og_description":"Carlos Grau, doctor en Ci\u00e8ncies Econ\u00f2miques i Empresarials, ingressa com a acad\u00e8mic de n\u00famero de la RAED, amb el discurs \"El largo camino de la efici\u00e8ncia\"","og_url":"https:\/\/raed.academy\/ca\/el-nou-model-de-treballador\/","og_site_name":"Reial Acad\u00e8mia Europea de Doctors","article_publisher":"http:\/\/fb.me\/raed.academy","article_published_time":"2023-07-06T12:12:31+00:00","article_modified_time":"2023-07-06T16:16:22+00:00","og_image":[{"width":950,"height":634,"url":"https:\/\/raed.academy\/wp-content\/uploads\/2023\/07\/ingreso-RAED-Dr-Carlos-Grau-Alguero-43.webp","type":"image\/webp"}],"author":"RAED","twitter_card":"summary_large_image","twitter_creator":"@raedacademy","twitter_site":"@raedacademy","twitter_misc":{"Written by":"RAED","Est. reading time":"3 minutes"},"schema":{"@context":"https:\/\/schema.org","@graph":[{"@type":"Article","@id":"https:\/\/raed.academy\/ca\/el-nou-model-de-treballador\/#article","isPartOf":{"@id":"https:\/\/raed.academy\/ca\/el-nou-model-de-treballador\/"},"author":{"name":"RAED","@id":"https:\/\/raed.academy\/ca\/#\/schema\/person\/5a755da80d1d979fd66ba745c8702927"},"headline":"El nou model de treballador","datePublished":"2023-07-06T12:12:31+00:00","dateModified":"2023-07-06T16:16:22+00:00","mainEntityOfPage":{"@id":"https:\/\/raed.academy\/ca\/el-nou-model-de-treballador\/"},"wordCount":680,"publisher":{"@id":"https:\/\/raed.academy\/ca\/#organization"},"image":{"@id":"https:\/\/raed.academy\/ca\/el-nou-model-de-treballador\/#primaryimage"},"thumbnailUrl":"https:\/\/raed.academy\/wp-content\/uploads\/2023\/07\/ingreso-RAED-Dr-Carlos-Grau-Alguero-43.webp","articleSection":["Econ\u00f2miques i Empresarials"],"inLanguage":"ca-ES"},{"@type":"WebPage","@id":"https:\/\/raed.academy\/ca\/el-nou-model-de-treballador\/","url":"https:\/\/raed.academy\/ca\/el-nou-model-de-treballador\/","name":"El nou model de treballador - Reial Acad\u00e8mia Europea de Doctors","isPartOf":{"@id":"https:\/\/raed.academy\/ca\/#website"},"primaryImageOfPage":{"@id":"https:\/\/raed.academy\/ca\/el-nou-model-de-treballador\/#primaryimage"},"image":{"@id":"https:\/\/raed.academy\/ca\/el-nou-model-de-treballador\/#primaryimage"},"thumbnailUrl":"https:\/\/raed.academy\/wp-content\/uploads\/2023\/07\/ingreso-RAED-Dr-Carlos-Grau-Alguero-43.webp","datePublished":"2023-07-06T12:12:31+00:00","dateModified":"2023-07-06T16:16:22+00:00","description":"Carlos Grau, doctor en Ci\u00e8ncies Econ\u00f2miques i Empresarials, ingressa com a acad\u00e8mic de n\u00famero de la RAED, amb el discurs \"El largo camino de la efici\u00e8ncia\"","breadcrumb":{"@id":"https:\/\/raed.academy\/ca\/el-nou-model-de-treballador\/#breadcrumb"},"inLanguage":"ca-ES","potentialAction":[{"@type":"ReadAction","target":["https:\/\/raed.academy\/ca\/el-nou-model-de-treballador\/"]}]},{"@type":"ImageObject","inLanguage":"ca-ES","@id":"https:\/\/raed.academy\/ca\/el-nou-model-de-treballador\/#primaryimage","url":"https:\/\/raed.academy\/wp-content\/uploads\/2023\/07\/ingreso-RAED-Dr-Carlos-Grau-Alguero-43.webp","contentUrl":"https:\/\/raed.academy\/wp-content\/uploads\/2023\/07\/ingreso-RAED-Dr-Carlos-Grau-Alguero-43.webp","width":950,"height":634,"caption":"ingreso en la RAED del Dr. Carlos Grau Alguer\u00f3"},{"@type":"BreadcrumbList","@id":"https:\/\/raed.academy\/ca\/el-nou-model-de-treballador\/#breadcrumb","itemListElement":[{"@type":"ListItem","position":1,"name":"Inicio","item":"https:\/\/raed.academy\/ca\/"},{"@type":"ListItem","position":2,"name":"El nou model de treballador"}]},{"@type":"WebSite","@id":"https:\/\/raed.academy\/ca\/#website","url":"https:\/\/raed.academy\/ca\/","name":"Reial Acad\u00e8mia Europea de Doctors","description":"Corporaci\u00f3n de derecho p\u00fablico de car\u00e1cter cient\u00edfico, t\u00e9cnico y art\u00edstico, que tiene por objeto la investigaci\u00f3n, el estudio, el fomento y la extensi\u00f3n del conocimiento en su sentido m\u00e1s amplio","publisher":{"@id":"https:\/\/raed.academy\/ca\/#organization"},"potentialAction":[{"@type":"SearchAction","target":{"@type":"EntryPoint","urlTemplate":"https:\/\/raed.academy\/ca\/?s={search_term_string}"},"query-input":{"@type":"PropertyValueSpecification","valueRequired":true,"valueName":"search_term_string"}}],"inLanguage":"ca-ES"},{"@type":"Organization","@id":"https:\/\/raed.academy\/ca\/#organization","name":"Real Academia Europea de Doctores","url":"https:\/\/raed.academy\/ca\/","logo":{"@type":"ImageObject","inLanguage":"ca-ES","@id":"https:\/\/raed.academy\/ca\/#\/schema\/logo\/image\/","url":"https:\/\/raed.academy\/wp-content\/uploads\/2017\/01\/cropped-logo_raed.png","contentUrl":"https:\/\/raed.academy\/wp-content\/uploads\/2017\/01\/cropped-logo_raed.png","width":512,"height":512,"caption":"Real Academia Europea de Doctores"},"image":{"@id":"https:\/\/raed.academy\/ca\/#\/schema\/logo\/image\/"},"sameAs":["http:\/\/fb.me\/raed.academy","https:\/\/x.com\/raedacademy","https:\/\/www.instagram.com\/raed.academy\/","https:\/\/www.youtube.com\/channel\/UCUYQwW2KrdirNWihxMDObwg"]},{"@type":"Person","@id":"https:\/\/raed.academy\/ca\/#\/schema\/person\/5a755da80d1d979fd66ba745c8702927","name":"RAED","image":{"@type":"ImageObject","inLanguage":"ca-ES","@id":"https:\/\/secure.gravatar.com\/avatar\/19fdfdc0d67fb9c45714b703a2ac82251c4fcea3637f002ac3c9b74c0183583c?s=96&d=mm&r=g","url":"https:\/\/secure.gravatar.com\/avatar\/19fdfdc0d67fb9c45714b703a2ac82251c4fcea3637f002ac3c9b74c0183583c?s=96&d=mm&r=g","contentUrl":"https:\/\/secure.gravatar.com\/avatar\/19fdfdc0d67fb9c45714b703a2ac82251c4fcea3637f002ac3c9b74c0183583c?s=96&d=mm&r=g","caption":"RAED"}}]}},"_links":{"self":[{"href":"https:\/\/raed.academy\/ca\/wp-json\/wp\/v2\/posts\/135421","targetHints":{"allow":["GET"]}}],"collection":[{"href":"https:\/\/raed.academy\/ca\/wp-json\/wp\/v2\/posts"}],"about":[{"href":"https:\/\/raed.academy\/ca\/wp-json\/wp\/v2\/types\/post"}],"author":[{"embeddable":true,"href":"https:\/\/raed.academy\/ca\/wp-json\/wp\/v2\/users\/12"}],"replies":[{"embeddable":true,"href":"https:\/\/raed.academy\/ca\/wp-json\/wp\/v2\/comments?post=135421"}],"version-history":[{"count":0,"href":"https:\/\/raed.academy\/ca\/wp-json\/wp\/v2\/posts\/135421\/revisions"}],"wp:featuredmedia":[{"embeddable":true,"href":"https:\/\/raed.academy\/ca\/wp-json\/wp\/v2\/media\/135264"}],"wp:attachment":[{"href":"https:\/\/raed.academy\/ca\/wp-json\/wp\/v2\/media?parent=135421"}],"wp:term":[{"taxonomy":"category","embeddable":true,"href":"https:\/\/raed.academy\/ca\/wp-json\/wp\/v2\/categories?post=135421"},{"taxonomy":"post_tag","embeddable":true,"href":"https:\/\/raed.academy\/ca\/wp-json\/wp\/v2\/tags?post=135421"}],"curies":[{"name":"wp","href":"https:\/\/api.w.org\/{rel}","templated":true}]}}