{"id":134303,"date":"2023-06-15T11:24:47","date_gmt":"2023-06-15T11:24:47","guid":{"rendered":"https:\/\/raed.academy\/?p=134303"},"modified":"2023-06-15T14:55:50","modified_gmt":"2023-06-15T14:55:50","slug":"lacademic-que-vetllara-per-la-qualitat-educativa","status":"publish","type":"post","link":"https:\/\/raed.academy\/ca\/lacademic-que-vetllara-per-la-qualitat-educativa\/","title":{"rendered":"L&#8217;acad\u00e8mic que vetllar\u00e0 per la qualitat educativa"},"content":{"rendered":"<p>&nbsp;<\/p>\n<div id=\"attachment_95270\" style=\"width: 350px\" class=\"wp-caption alignleft\"><img loading=\"lazy\" decoding=\"async\" aria-describedby=\"caption-attachment-95270\" class=\"wp-image-95270\" src=\"https:\/\/raed.academy\/wp-content\/uploads\/2020\/10\/Armand-Puig-Tarrech-dstNtc.png\" alt=\"\" width=\"340\" height=\"204\" srcset=\"https:\/\/raed.academy\/wp-content\/uploads\/2020\/10\/Armand-Puig-Tarrech-dstNtc.png 500w, https:\/\/raed.academy\/wp-content\/uploads\/2020\/10\/Armand-Puig-Tarrech-dstNtc-440x264.png 440w\" sizes=\"(max-width: 340px) 100vw, 340px\" \/><p id=\"caption-attachment-95270\" class=\"wp-caption-text\">Dr. Armand Puig<\/p><\/div>\n<p><a href=\"https:\/\/raed.academy\/ca\/academics\/dr-armand-puig-tarrech\/\" target=\"_blank\" rel=\"noopener\"><em><strong>Armand Puig<\/strong><\/em><\/a>, rector de l&#8217;<strong>Ateneu Universitari Sant Paci\u00e0<\/strong>, rector del<strong> Seminari Major Interdioces\u00e0 de Catalunya<\/strong> i acad\u00e8mic supernumerari de la <strong>Reial Acad\u00e8mia Europea de Doctors-Barcelona 1914<\/strong> (RAED), ha estat nomenat pel papa <strong>Francesc<\/strong> president de l&#8217;<strong>Ag\u00e8ncia de Verificaci\u00f3 i Promoci\u00f3 de la Qualitat de l&#8217;Ensenyament a les Universitats i Facultats Eclesi\u00e0stiques<\/strong>, l&#8217;organisme que vetlla per la qualitat dels centres i ensenyaments a les universitats i facultats eclesi\u00e0stiques de tot el m\u00f3n. Puig haur\u00e0 de traslladar la seva resid\u00e8ncia habitual a Roma, i abandonar tant la doc\u00e8ncia al Departament de Sagrada Escriptura com el rectorat de l&#8217;Ateneu.<\/p>\n<p>L&#8217;Ag\u00e8ncia que presidir\u00e0 Puig va ser fundada pel papa <strong>Benet XVI<\/strong> el 2007 i est\u00e0 directament vinculada a la Santa Seu i regulada per la constituci\u00f3 apost\u00f2lica Veritatis Gaudium. Segueix les principals normes i directrius europees en educaci\u00f3 i els acords internacionals relatius a les normes i els procediments d&#8217;avaluaci\u00f3 de la qualitat en l&#8217;educaci\u00f3 superior. Sota un criteri col\u00b7laboratiu i de recerca de consensos, porta a terme la seva tasca amb l&#8217;acord de les pr\u00f2pies institucions regulades, la <strong>Congregaci\u00f3 per a l&#8217;Educaci\u00f3 Cat\u00f2lica<\/strong>, les confer\u00e8ncies episcopals de cada pa\u00eds, autoritats internacionals, nacionals i regionals i tots aquells que treballen a les diferents di\u00f2cesi dels pa\u00efsos on es troben les institucions acad\u00e8miques eclesi\u00e0stiques.<\/p>\n<p>L&#8217;acad\u00e8mic s&#8217;ha mostrat summament agra\u00eft per la confian\u00e7a que hi ha dipositat el Summe Pont\u00edfex i ha felicitat per la feina feta al si de l&#8217;Ateneu Universitari Sant Paci\u00e0 al llarg de les \u00faltimes quatre d\u00e8cades d&#8217;intensa dedicaci\u00f3 docent. &#8220;Estic particularment agra\u00eft i satisfet perqu\u00e8 a m\u00e9s de les facultats que conformen l&#8217;Ateneu tamb\u00e9 s&#8217;ha creat una xarxa, uns centres de recerca que tenen una import\u00e0ncia alta en relaci\u00f3 amb les activitats d&#8217;aprofundiment d&#8217;algunes tem\u00e0tiques: el <strong>Centre Antoni Gaud\u00ed<\/strong> i els seus col\u00b7laboradors, un centre internacional d&#8217;estudis avan\u00e7ats que donar\u00e0 grans fruits sobre la persona i l&#8217;obra de l&#8217;arquitecte, i tamb\u00e9 el <strong>Centre de Teologia i Filosofia Medieval Catalanes<\/strong>, destinat a la investigaci\u00f3 sobre <strong>Ramon Llull<\/strong>, <strong>Arnau de Vilanova<\/strong> i d&#8217;altres autors, des del punt de vista teol\u00f2gic i filos\u00f2fic&#8221;, va assenyalar en unes declaracions recollides pel portal <strong>Vida Nueva Digital<\/strong>.<\/p>\n<p><img loading=\"lazy\" decoding=\"async\" class=\"alignright wp-image-134264 size-full\" src=\"https:\/\/raed.academy\/wp-content\/uploads\/2023\/06\/Educacion-Universidad-Teologia-Colegio-DST.webp\" alt=\"\" width=\"600\" height=\"360\" srcset=\"https:\/\/raed.academy\/wp-content\/uploads\/2023\/06\/Educacion-Universidad-Teologia-Colegio-DST.webp 600w, https:\/\/raed.academy\/wp-content\/uploads\/2023\/06\/Educacion-Universidad-Teologia-Colegio-DST-440x264.webp 440w\" sizes=\"(max-width: 600px) 100vw, 600px\" \/>Rector de l&#8217;Ateneu Universitari Sant Paci\u00e0 i rector de la bas\u00edlica dels Sants M\u00e0rtirs Just i Pastor de Barcelona, Puig destaca pels seus coneixements b\u00edblics profunds i \u00e9s autor de m\u00e9s d&#8217;una desena de llibres. \u00c9s doctor en Ci\u00e8ncies B\u00edbliques per la <strong>Pontif\u00edcia Comissi\u00f3 B\u00edblica de Roma<\/strong>. Va ser deg\u00e0 de la <strong>Facultat de Teologia de Catalunya<\/strong> entre el 2006 i el 2015, d&#8217;on \u00e9s professor ordinari de Nou Testament, i el deg\u00e0 de la <strong>Facultat Antoni Gaud\u00ed d&#8217;Hist\u00f2ria de l&#8217;Esgl\u00e9sia, Arqueologia i Arts Cristianes<\/strong> entre el 2014 i el 2015.<\/p>\n<p>A la seva tasca docent i investigadora suma una gran capacitat divulgativa que desenvolupa en tota mena de confer\u00e8ncies adre\u00e7ades a un p\u00fablic general i mitjan\u00e7ant les seves col\u00b7laboracions habituals al diari <strong>&#8220;El Peri\u00f3dico&#8221;<\/strong> sobre temes d&#8217;actualitat relacionats amb l&#8217;Esgl\u00e9sia en un sentit ampli. Els camps principals de la seva recerca b\u00edblica han estat els evangelis sin\u00f2ptics, els Fets dels Ap\u00f2stols, la Primera Carta de Pere i les versions b\u00edbliques catalanes medievals.<\/p>\n<p>Durant onze anys va coordinar l&#8217;equip de traducci\u00f3 de la<strong> &#8220;B\u00edblia Catalana Interconfessional&#8221;<\/strong>, publicada el 1993. Tamb\u00e9 ha publicat un estudi bibliocoteol\u00f2gic sobre les <strong>&#8220;Homilies d&#8217;Organy\u00e0&#8221;<\/strong> (Barcino) i va coordinar el llibre <strong>&#8220;La terra i la llavor. L&#8217;Esgl\u00e9sia catalana a l&#8217;inici del mil\u00b7lenni&#8221;<\/strong> (Proa). La seva obra <strong>&#8220;Jes\u00fas. Un perfil hist\u00f2ric&#8221;<\/strong> (Proa) ha aconseguit sis edicions en catal\u00e0 i ha estat tradu\u00efda al castell\u00e0, roman\u00e8s, portugu\u00e8s i itali\u00e0.<\/p>\n","protected":false},"excerpt":{"rendered":"<p>Armand Puig ha estat nomenat pel papa Francesc president de l&#8217;Ag\u00e8ncia de Verificaci\u00f3 i Promoci\u00f3 de la Qualitat de l&#8217;Ensenyament a les Universitats i Facultats Eclesi\u00e0stiques<\/p>\n","protected":false},"author":12,"featured_media":134265,"comment_status":"closed","ping_status":"closed","sticky":false,"template":"","format":"standard","meta":{"_et_pb_use_builder":"","_et_pb_old_content":"","_et_gb_content_width":"","footnotes":""},"categories":[316,168,252],"tags":[],"class_list":["post-134303","post","type-post","status-publish","format-standard","has-post-thumbnail","hentry","category-docencia-ca","category-premis-distincions-i-nomenaments","category-teologia-ca","et-has-post-format-content","et_post_format-et-post-format-standard"],"yoast_head":"<!-- This site is optimized with the Yoast SEO plugin v27.4 - https:\/\/yoast.com\/product\/yoast-seo-wordpress\/ -->\n<title>L&#039;acad\u00e8mic que vetllar\u00e0 per la qualitat educativa - Reial Acad\u00e8mia Europea de Doctors<\/title>\n<meta name=\"description\" content=\"Armand Puig, nomenat president de l&#039;Ag\u00e8ncia de Verificaci\u00f3 i Promoci\u00f3 de la Qualitat de l&#039;Ensenyament a les Universitats i Facultats Eclesi\u00e0stiques\" \/>\n<meta name=\"robots\" content=\"index, follow, max-snippet:-1, max-image-preview:large, max-video-preview:-1\" \/>\n<link rel=\"canonical\" href=\"https:\/\/raed.academy\/ca\/lacademic-que-vetllara-per-la-qualitat-educativa\/\" \/>\n<meta property=\"og:locale\" content=\"ca_ES\" \/>\n<meta property=\"og:type\" content=\"article\" \/>\n<meta property=\"og:title\" content=\"L&#039;acad\u00e8mic que vetllar\u00e0 per la qualitat educativa - Reial Acad\u00e8mia Europea de Doctors\" \/>\n<meta property=\"og:description\" content=\"Armand Puig, nomenat president de l&#039;Ag\u00e8ncia de Verificaci\u00f3 i Promoci\u00f3 de la Qualitat de l&#039;Ensenyament a les Universitats i Facultats Eclesi\u00e0stiques\" \/>\n<meta property=\"og:url\" content=\"https:\/\/raed.academy\/ca\/lacademic-que-vetllara-per-la-qualitat-educativa\/\" \/>\n<meta property=\"og:site_name\" content=\"Reial Acad\u00e8mia Europea de Doctors\" \/>\n<meta property=\"article:publisher\" content=\"http:\/\/fb.me\/raed.academy\" \/>\n<meta property=\"article:published_time\" content=\"2023-06-15T11:24:47+00:00\" \/>\n<meta property=\"article:modified_time\" content=\"2023-06-15T14:55:50+00:00\" \/>\n<meta property=\"og:image\" content=\"https:\/\/raed.academy\/wp-content\/uploads\/2023\/06\/Educacion-Universidad-Teologia-Colegio-DST.webp\" \/>\n\t<meta property=\"og:image:width\" content=\"600\" \/>\n\t<meta property=\"og:image:height\" content=\"360\" \/>\n\t<meta property=\"og:image:type\" content=\"image\/webp\" \/>\n<meta name=\"author\" content=\"RAED\" \/>\n<meta name=\"twitter:card\" content=\"summary_large_image\" \/>\n<meta name=\"twitter:creator\" content=\"@raedacademy\" \/>\n<meta name=\"twitter:site\" content=\"@raedacademy\" \/>\n<meta name=\"twitter:label1\" content=\"Written by\" \/>\n\t<meta name=\"twitter:data1\" content=\"RAED\" \/>\n\t<meta name=\"twitter:label2\" content=\"Est. reading time\" \/>\n\t<meta name=\"twitter:data2\" content=\"4 minutes\" \/>\n<script type=\"application\/ld+json\" class=\"yoast-schema-graph\">{\"@context\":\"https:\\\/\\\/schema.org\",\"@graph\":[{\"@type\":\"Article\",\"@id\":\"https:\\\/\\\/raed.academy\\\/ca\\\/lacademic-que-vetllara-per-la-qualitat-educativa\\\/#article\",\"isPartOf\":{\"@id\":\"https:\\\/\\\/raed.academy\\\/ca\\\/lacademic-que-vetllara-per-la-qualitat-educativa\\\/\"},\"author\":{\"name\":\"RAED\",\"@id\":\"https:\\\/\\\/raed.academy\\\/ca\\\/#\\\/schema\\\/person\\\/5a755da80d1d979fd66ba745c8702927\"},\"headline\":\"L&#8217;acad\u00e8mic que vetllar\u00e0 per la qualitat educativa\",\"datePublished\":\"2023-06-15T11:24:47+00:00\",\"dateModified\":\"2023-06-15T14:55:50+00:00\",\"mainEntityOfPage\":{\"@id\":\"https:\\\/\\\/raed.academy\\\/ca\\\/lacademic-que-vetllara-per-la-qualitat-educativa\\\/\"},\"wordCount\":689,\"publisher\":{\"@id\":\"https:\\\/\\\/raed.academy\\\/ca\\\/#organization\"},\"image\":{\"@id\":\"https:\\\/\\\/raed.academy\\\/ca\\\/lacademic-que-vetllara-per-la-qualitat-educativa\\\/#primaryimage\"},\"thumbnailUrl\":\"https:\\\/\\\/raed.academy\\\/wp-content\\\/uploads\\\/2023\\\/06\\\/Educacion-Universidad-Teologia-Colegio-DST.webp\",\"articleSection\":[\"Doc\u00e8ncia\",\"Premis, distincions i nomenaments\",\"Teologia\"],\"inLanguage\":\"ca-ES\"},{\"@type\":\"WebPage\",\"@id\":\"https:\\\/\\\/raed.academy\\\/ca\\\/lacademic-que-vetllara-per-la-qualitat-educativa\\\/\",\"url\":\"https:\\\/\\\/raed.academy\\\/ca\\\/lacademic-que-vetllara-per-la-qualitat-educativa\\\/\",\"name\":\"L'acad\u00e8mic que vetllar\u00e0 per la qualitat educativa - Reial Acad\u00e8mia Europea de Doctors\",\"isPartOf\":{\"@id\":\"https:\\\/\\\/raed.academy\\\/ca\\\/#website\"},\"primaryImageOfPage\":{\"@id\":\"https:\\\/\\\/raed.academy\\\/ca\\\/lacademic-que-vetllara-per-la-qualitat-educativa\\\/#primaryimage\"},\"image\":{\"@id\":\"https:\\\/\\\/raed.academy\\\/ca\\\/lacademic-que-vetllara-per-la-qualitat-educativa\\\/#primaryimage\"},\"thumbnailUrl\":\"https:\\\/\\\/raed.academy\\\/wp-content\\\/uploads\\\/2023\\\/06\\\/Educacion-Universidad-Teologia-Colegio-DST.webp\",\"datePublished\":\"2023-06-15T11:24:47+00:00\",\"dateModified\":\"2023-06-15T14:55:50+00:00\",\"description\":\"Armand Puig, nomenat president de l'Ag\u00e8ncia de Verificaci\u00f3 i Promoci\u00f3 de la Qualitat de l'Ensenyament a les Universitats i Facultats Eclesi\u00e0stiques\",\"breadcrumb\":{\"@id\":\"https:\\\/\\\/raed.academy\\\/ca\\\/lacademic-que-vetllara-per-la-qualitat-educativa\\\/#breadcrumb\"},\"inLanguage\":\"ca-ES\",\"potentialAction\":[{\"@type\":\"ReadAction\",\"target\":[\"https:\\\/\\\/raed.academy\\\/ca\\\/lacademic-que-vetllara-per-la-qualitat-educativa\\\/\"]}]},{\"@type\":\"ImageObject\",\"inLanguage\":\"ca-ES\",\"@id\":\"https:\\\/\\\/raed.academy\\\/ca\\\/lacademic-que-vetllara-per-la-qualitat-educativa\\\/#primaryimage\",\"url\":\"https:\\\/\\\/raed.academy\\\/wp-content\\\/uploads\\\/2023\\\/06\\\/Educacion-Universidad-Teologia-Colegio-DST.webp\",\"contentUrl\":\"https:\\\/\\\/raed.academy\\\/wp-content\\\/uploads\\\/2023\\\/06\\\/Educacion-Universidad-Teologia-Colegio-DST.webp\",\"width\":600,\"height\":360},{\"@type\":\"BreadcrumbList\",\"@id\":\"https:\\\/\\\/raed.academy\\\/ca\\\/lacademic-que-vetllara-per-la-qualitat-educativa\\\/#breadcrumb\",\"itemListElement\":[{\"@type\":\"ListItem\",\"position\":1,\"name\":\"Inicio\",\"item\":\"https:\\\/\\\/raed.academy\\\/ca\\\/\"},{\"@type\":\"ListItem\",\"position\":2,\"name\":\"L&#8217;acad\u00e8mic que vetllar\u00e0 per la qualitat educativa\"}]},{\"@type\":\"WebSite\",\"@id\":\"https:\\\/\\\/raed.academy\\\/ca\\\/#website\",\"url\":\"https:\\\/\\\/raed.academy\\\/ca\\\/\",\"name\":\"Reial Acad\u00e8mia Europea de Doctors\",\"description\":\"Corporaci\u00f3n de derecho p\u00fablico de car\u00e1cter cient\u00edfico, t\u00e9cnico y art\u00edstico, que tiene por objeto la investigaci\u00f3n, el estudio, el fomento y la extensi\u00f3n del conocimiento en su sentido m\u00e1s amplio\",\"publisher\":{\"@id\":\"https:\\\/\\\/raed.academy\\\/ca\\\/#organization\"},\"potentialAction\":[{\"@type\":\"SearchAction\",\"target\":{\"@type\":\"EntryPoint\",\"urlTemplate\":\"https:\\\/\\\/raed.academy\\\/ca\\\/?s={search_term_string}\"},\"query-input\":{\"@type\":\"PropertyValueSpecification\",\"valueRequired\":true,\"valueName\":\"search_term_string\"}}],\"inLanguage\":\"ca-ES\"},{\"@type\":\"Organization\",\"@id\":\"https:\\\/\\\/raed.academy\\\/ca\\\/#organization\",\"name\":\"Real Academia Europea de Doctores\",\"url\":\"https:\\\/\\\/raed.academy\\\/ca\\\/\",\"logo\":{\"@type\":\"ImageObject\",\"inLanguage\":\"ca-ES\",\"@id\":\"https:\\\/\\\/raed.academy\\\/ca\\\/#\\\/schema\\\/logo\\\/image\\\/\",\"url\":\"https:\\\/\\\/raed.academy\\\/wp-content\\\/uploads\\\/2017\\\/01\\\/cropped-logo_raed.png\",\"contentUrl\":\"https:\\\/\\\/raed.academy\\\/wp-content\\\/uploads\\\/2017\\\/01\\\/cropped-logo_raed.png\",\"width\":512,\"height\":512,\"caption\":\"Real Academia Europea de Doctores\"},\"image\":{\"@id\":\"https:\\\/\\\/raed.academy\\\/ca\\\/#\\\/schema\\\/logo\\\/image\\\/\"},\"sameAs\":[\"http:\\\/\\\/fb.me\\\/raed.academy\",\"https:\\\/\\\/x.com\\\/raedacademy\",\"https:\\\/\\\/www.instagram.com\\\/raed.academy\\\/\",\"https:\\\/\\\/www.youtube.com\\\/channel\\\/UCUYQwW2KrdirNWihxMDObwg\"]},{\"@type\":\"Person\",\"@id\":\"https:\\\/\\\/raed.academy\\\/ca\\\/#\\\/schema\\\/person\\\/5a755da80d1d979fd66ba745c8702927\",\"name\":\"RAED\",\"image\":{\"@type\":\"ImageObject\",\"inLanguage\":\"ca-ES\",\"@id\":\"https:\\\/\\\/secure.gravatar.com\\\/avatar\\\/19fdfdc0d67fb9c45714b703a2ac82251c4fcea3637f002ac3c9b74c0183583c?s=96&d=mm&r=g\",\"url\":\"https:\\\/\\\/secure.gravatar.com\\\/avatar\\\/19fdfdc0d67fb9c45714b703a2ac82251c4fcea3637f002ac3c9b74c0183583c?s=96&d=mm&r=g\",\"contentUrl\":\"https:\\\/\\\/secure.gravatar.com\\\/avatar\\\/19fdfdc0d67fb9c45714b703a2ac82251c4fcea3637f002ac3c9b74c0183583c?s=96&d=mm&r=g\",\"caption\":\"RAED\"}}]}<\/script>\n<!-- \/ Yoast SEO plugin. -->","yoast_head_json":{"title":"L'acad\u00e8mic que vetllar\u00e0 per la qualitat educativa - Reial Acad\u00e8mia Europea de Doctors","description":"Armand Puig, nomenat president de l'Ag\u00e8ncia de Verificaci\u00f3 i Promoci\u00f3 de la Qualitat de l'Ensenyament a les Universitats i Facultats Eclesi\u00e0stiques","robots":{"index":"index","follow":"follow","max-snippet":"max-snippet:-1","max-image-preview":"max-image-preview:large","max-video-preview":"max-video-preview:-1"},"canonical":"https:\/\/raed.academy\/ca\/lacademic-que-vetllara-per-la-qualitat-educativa\/","og_locale":"ca_ES","og_type":"article","og_title":"L'acad\u00e8mic que vetllar\u00e0 per la qualitat educativa - Reial Acad\u00e8mia Europea de Doctors","og_description":"Armand Puig, nomenat president de l'Ag\u00e8ncia de Verificaci\u00f3 i Promoci\u00f3 de la Qualitat de l'Ensenyament a les Universitats i Facultats Eclesi\u00e0stiques","og_url":"https:\/\/raed.academy\/ca\/lacademic-que-vetllara-per-la-qualitat-educativa\/","og_site_name":"Reial Acad\u00e8mia Europea de Doctors","article_publisher":"http:\/\/fb.me\/raed.academy","article_published_time":"2023-06-15T11:24:47+00:00","article_modified_time":"2023-06-15T14:55:50+00:00","og_image":[{"width":600,"height":360,"url":"https:\/\/raed.academy\/wp-content\/uploads\/2023\/06\/Educacion-Universidad-Teologia-Colegio-DST.webp","type":"image\/webp"}],"author":"RAED","twitter_card":"summary_large_image","twitter_creator":"@raedacademy","twitter_site":"@raedacademy","twitter_misc":{"Written by":"RAED","Est. reading time":"4 minutes"},"schema":{"@context":"https:\/\/schema.org","@graph":[{"@type":"Article","@id":"https:\/\/raed.academy\/ca\/lacademic-que-vetllara-per-la-qualitat-educativa\/#article","isPartOf":{"@id":"https:\/\/raed.academy\/ca\/lacademic-que-vetllara-per-la-qualitat-educativa\/"},"author":{"name":"RAED","@id":"https:\/\/raed.academy\/ca\/#\/schema\/person\/5a755da80d1d979fd66ba745c8702927"},"headline":"L&#8217;acad\u00e8mic que vetllar\u00e0 per la qualitat educativa","datePublished":"2023-06-15T11:24:47+00:00","dateModified":"2023-06-15T14:55:50+00:00","mainEntityOfPage":{"@id":"https:\/\/raed.academy\/ca\/lacademic-que-vetllara-per-la-qualitat-educativa\/"},"wordCount":689,"publisher":{"@id":"https:\/\/raed.academy\/ca\/#organization"},"image":{"@id":"https:\/\/raed.academy\/ca\/lacademic-que-vetllara-per-la-qualitat-educativa\/#primaryimage"},"thumbnailUrl":"https:\/\/raed.academy\/wp-content\/uploads\/2023\/06\/Educacion-Universidad-Teologia-Colegio-DST.webp","articleSection":["Doc\u00e8ncia","Premis, distincions i nomenaments","Teologia"],"inLanguage":"ca-ES"},{"@type":"WebPage","@id":"https:\/\/raed.academy\/ca\/lacademic-que-vetllara-per-la-qualitat-educativa\/","url":"https:\/\/raed.academy\/ca\/lacademic-que-vetllara-per-la-qualitat-educativa\/","name":"L'acad\u00e8mic que vetllar\u00e0 per la qualitat educativa - Reial Acad\u00e8mia Europea de Doctors","isPartOf":{"@id":"https:\/\/raed.academy\/ca\/#website"},"primaryImageOfPage":{"@id":"https:\/\/raed.academy\/ca\/lacademic-que-vetllara-per-la-qualitat-educativa\/#primaryimage"},"image":{"@id":"https:\/\/raed.academy\/ca\/lacademic-que-vetllara-per-la-qualitat-educativa\/#primaryimage"},"thumbnailUrl":"https:\/\/raed.academy\/wp-content\/uploads\/2023\/06\/Educacion-Universidad-Teologia-Colegio-DST.webp","datePublished":"2023-06-15T11:24:47+00:00","dateModified":"2023-06-15T14:55:50+00:00","description":"Armand Puig, nomenat president de l'Ag\u00e8ncia de Verificaci\u00f3 i Promoci\u00f3 de la Qualitat de l'Ensenyament a les Universitats i Facultats Eclesi\u00e0stiques","breadcrumb":{"@id":"https:\/\/raed.academy\/ca\/lacademic-que-vetllara-per-la-qualitat-educativa\/#breadcrumb"},"inLanguage":"ca-ES","potentialAction":[{"@type":"ReadAction","target":["https:\/\/raed.academy\/ca\/lacademic-que-vetllara-per-la-qualitat-educativa\/"]}]},{"@type":"ImageObject","inLanguage":"ca-ES","@id":"https:\/\/raed.academy\/ca\/lacademic-que-vetllara-per-la-qualitat-educativa\/#primaryimage","url":"https:\/\/raed.academy\/wp-content\/uploads\/2023\/06\/Educacion-Universidad-Teologia-Colegio-DST.webp","contentUrl":"https:\/\/raed.academy\/wp-content\/uploads\/2023\/06\/Educacion-Universidad-Teologia-Colegio-DST.webp","width":600,"height":360},{"@type":"BreadcrumbList","@id":"https:\/\/raed.academy\/ca\/lacademic-que-vetllara-per-la-qualitat-educativa\/#breadcrumb","itemListElement":[{"@type":"ListItem","position":1,"name":"Inicio","item":"https:\/\/raed.academy\/ca\/"},{"@type":"ListItem","position":2,"name":"L&#8217;acad\u00e8mic que vetllar\u00e0 per la qualitat educativa"}]},{"@type":"WebSite","@id":"https:\/\/raed.academy\/ca\/#website","url":"https:\/\/raed.academy\/ca\/","name":"Reial Acad\u00e8mia Europea de Doctors","description":"Corporaci\u00f3n de derecho p\u00fablico de car\u00e1cter cient\u00edfico, t\u00e9cnico y art\u00edstico, que tiene por objeto la investigaci\u00f3n, el estudio, el fomento y la extensi\u00f3n del conocimiento en su sentido m\u00e1s amplio","publisher":{"@id":"https:\/\/raed.academy\/ca\/#organization"},"potentialAction":[{"@type":"SearchAction","target":{"@type":"EntryPoint","urlTemplate":"https:\/\/raed.academy\/ca\/?s={search_term_string}"},"query-input":{"@type":"PropertyValueSpecification","valueRequired":true,"valueName":"search_term_string"}}],"inLanguage":"ca-ES"},{"@type":"Organization","@id":"https:\/\/raed.academy\/ca\/#organization","name":"Real Academia Europea de Doctores","url":"https:\/\/raed.academy\/ca\/","logo":{"@type":"ImageObject","inLanguage":"ca-ES","@id":"https:\/\/raed.academy\/ca\/#\/schema\/logo\/image\/","url":"https:\/\/raed.academy\/wp-content\/uploads\/2017\/01\/cropped-logo_raed.png","contentUrl":"https:\/\/raed.academy\/wp-content\/uploads\/2017\/01\/cropped-logo_raed.png","width":512,"height":512,"caption":"Real Academia Europea de Doctores"},"image":{"@id":"https:\/\/raed.academy\/ca\/#\/schema\/logo\/image\/"},"sameAs":["http:\/\/fb.me\/raed.academy","https:\/\/x.com\/raedacademy","https:\/\/www.instagram.com\/raed.academy\/","https:\/\/www.youtube.com\/channel\/UCUYQwW2KrdirNWihxMDObwg"]},{"@type":"Person","@id":"https:\/\/raed.academy\/ca\/#\/schema\/person\/5a755da80d1d979fd66ba745c8702927","name":"RAED","image":{"@type":"ImageObject","inLanguage":"ca-ES","@id":"https:\/\/secure.gravatar.com\/avatar\/19fdfdc0d67fb9c45714b703a2ac82251c4fcea3637f002ac3c9b74c0183583c?s=96&d=mm&r=g","url":"https:\/\/secure.gravatar.com\/avatar\/19fdfdc0d67fb9c45714b703a2ac82251c4fcea3637f002ac3c9b74c0183583c?s=96&d=mm&r=g","contentUrl":"https:\/\/secure.gravatar.com\/avatar\/19fdfdc0d67fb9c45714b703a2ac82251c4fcea3637f002ac3c9b74c0183583c?s=96&d=mm&r=g","caption":"RAED"}}]}},"_links":{"self":[{"href":"https:\/\/raed.academy\/ca\/wp-json\/wp\/v2\/posts\/134303","targetHints":{"allow":["GET"]}}],"collection":[{"href":"https:\/\/raed.academy\/ca\/wp-json\/wp\/v2\/posts"}],"about":[{"href":"https:\/\/raed.academy\/ca\/wp-json\/wp\/v2\/types\/post"}],"author":[{"embeddable":true,"href":"https:\/\/raed.academy\/ca\/wp-json\/wp\/v2\/users\/12"}],"replies":[{"embeddable":true,"href":"https:\/\/raed.academy\/ca\/wp-json\/wp\/v2\/comments?post=134303"}],"version-history":[{"count":0,"href":"https:\/\/raed.academy\/ca\/wp-json\/wp\/v2\/posts\/134303\/revisions"}],"wp:featuredmedia":[{"embeddable":true,"href":"https:\/\/raed.academy\/ca\/wp-json\/wp\/v2\/media\/134265"}],"wp:attachment":[{"href":"https:\/\/raed.academy\/ca\/wp-json\/wp\/v2\/media?parent=134303"}],"wp:term":[{"taxonomy":"category","embeddable":true,"href":"https:\/\/raed.academy\/ca\/wp-json\/wp\/v2\/categories?post=134303"},{"taxonomy":"post_tag","embeddable":true,"href":"https:\/\/raed.academy\/ca\/wp-json\/wp\/v2\/tags?post=134303"}],"curies":[{"name":"wp","href":"https:\/\/api.w.org\/{rel}","templated":true}]}}