{"id":134288,"date":"2023-06-15T10:00:43","date_gmt":"2023-06-15T10:00:43","guid":{"rendered":"https:\/\/raed.academy\/?p=134288"},"modified":"2023-06-16T11:20:38","modified_gmt":"2023-06-16T11:20:38","slug":"la-monarquia-parlamentaria-com-a-garant-de-la-democracia","status":"publish","type":"post","link":"https:\/\/raed.academy\/ca\/la-monarquia-parlamentaria-com-a-garant-de-la-democracia\/","title":{"rendered":"La Monarquia parlament\u00e0ria com a garant de la democr\u00e0cia"},"content":{"rendered":"<div id=\"attachment_131468\" style=\"width: 597px\" class=\"wp-caption aligncenter\"><img loading=\"lazy\" decoding=\"async\" aria-describedby=\"caption-attachment-131468\" class=\"wp-image-131468\" src=\"https:\/\/raed.academy\/wp-content\/uploads\/2023\/04\/Daniel-Berzosa.webp\" alt=\"\" width=\"587\" height=\"274\" \/><p id=\"caption-attachment-131468\" class=\"wp-caption-text\">Dr. Daniel Berzosa<\/p><\/div>\n<p><a href=\"https:\/\/raed.academy\/ca\/academics\/dr-daniel-berzosa-lopez\/\" target=\"_blank\" rel=\"noopener\"><em><strong>Daniel Berzosa<\/strong><\/em><\/a>, professor de Dret Constitucional i Drets Fonamentals de <strong>Cunef Universitat<\/strong>, de l&#8217;<strong>Institut d&#8217;Estudis Borsaris<\/strong> i de l&#8217;<strong>Institut d&#8217;Empresa-Law &amp; Business School<\/strong>, membre de l&#8217;<strong>Acad\u00e8mia Global<\/strong> i del<strong> Consell Cient\u00edfic<\/strong> del col\u00b7lectiu <strong>Citizens pro Europe<\/strong> i acad\u00e8mic de n\u00famero i membre de la <strong>Junta de Govern<\/strong> de la <strong>Reial Acad\u00e8mia Europea de Doctors-Barcelona 1914<\/strong> (RAED), va reflexionar sobre la seva traject\u00f2ria personal i professional i, abordant aspectes de l&#8217;actualitat, sobre el sentit de les monarquies europees i espanyola al podcast <strong>&#8220;Las entrevistas de &#8216;Tiempo de ley'&#8221;<\/strong>, dirigit per l&#8217;advocat i comunicador <strong>Jorge Fuset<\/strong>, director tamb\u00e9 de l&#8217;espai <strong>&#8220;Tiempo de ley&#8221;<\/strong>, del canal <strong>O\u00edr y ver<\/strong>.<\/p>\n<p>&#8220;Jo no s\u00f3c mon\u00e0rquic per una ra\u00f3 familiar, per\u00f2 des que era molt petit em vaig adonar que la Monarquia juga un paper fonamental, per descomptat a Espanya. A Occident, en general, les monarquies s\u00f3n una garantia democr\u00e0tica, no aix\u00ed a pa\u00efsos on emmascaren una dictadura: Aquestes monarquies europees estan assentades en la tradici\u00f3 i es dona la paradoxa que all\u00e0 on hi ha el nivell de vida \u00e9s superior a la resta. A Espanya, la justificaci\u00f3 racional de la Monarquia \u00e9s la seva millor defensa. Protegir la llibertat requereix un joc de pesos i contrapesos i les monarquies, a les societats democr\u00e0tiques, exerceixen aquest paper. I \u00e9s clar que en societats complexes i lliures el monarca pot tenir un paper pr\u00e0ctic&#8221;, va argumentar l&#8217;acad\u00e8mic.<\/p>\n<p><strong>Berzosa<\/strong> va recordar com el 1947 Espanya es constitueix com un Regne sense rei despr\u00e9s del per\u00edode de la Segona Rep\u00fablica, com ho va fer el 1868 despr\u00e9s de la Primera Rep\u00fablica, donant fi als breus per\u00edodes en la hist\u00f2ria en qu\u00e8 va deixar de ser-ho com a model d&#8217;estat. Pel que fa a la restauraci\u00f3 de la Monarquia en la Transici\u00f3, va destacar que ni els poders constituents ni el consens social van dubtar de la legitimitat de <strong>Joan Carles I<\/strong>. &#8220;No hi pot haver cap dubte i els mateixos constituents de 1978 van tenir cura de recordar que Joan Carles de Borb\u00f3 era el leg\u00edtim hereu de la dinastia hist\u00f2rica d&#8217;Espanya&#8221;, va afirmar. L&#8217;acad\u00e8mic tamb\u00e9 va incidir en el debat que es d\u00f3na als estats democr\u00e0tics sobre qui representa la totalitat de la societat i de les seves institucions dins de la diversitat, apostant per la figura del president altres pa\u00efsos democr\u00e0tics sense tradici\u00f3 mon\u00e0rquica.<\/p>\n<p><img loading=\"lazy\" decoding=\"async\" class=\"alignleft wp-image-134251\" src=\"https:\/\/raed.academy\/wp-content\/uploads\/2023\/06\/Monarquia-Parlamentaria-DST-Licencia-Pexels.webp\" sizes=\"(max-width: 550px) 100vw, 550px\" srcset=\"https:\/\/raed.academy\/wp-content\/uploads\/2023\/06\/Monarquia-Parlamentaria-DST-Licencia-Pexels.webp 600w, https:\/\/raed.academy\/wp-content\/uploads\/2023\/06\/Monarquia-Parlamentaria-DST-Licencia-Pexels-440x264.webp 440w\" alt=\"\" width=\"550\" height=\"329\" \/>Per a l&#8217;acad\u00e8mic, la figura de la Monarquia t\u00e9 a Espanya un paper cohesionador fonamental. &#8220;Tenim un desavantatge, i \u00e9s una classe pol\u00edtica que comparteix en alguns aspectes fonamentals els mateixos principis i valors, com s\u00ed que passa en aspectes fonamentals als pa\u00efsos del nostre entorn. El poder moderador de la Monarquia a Espanya ens permet superar aquestes dificultats. \u00c9s una feina discreta, per\u00f2 efica\u00e7&#8221;, va destacar. <strong>Berzosa<\/strong>, per altra banda, va celebrar el nivell de formaci\u00f3 tant de l&#8217;actual monarca, <strong>Felip VI<\/strong>, com de l&#8217;hereva al tron, la princesa <strong>Elionor<\/strong>, incloent-hi la formaci\u00f3 militar.<\/p>\n<p>L&#8217;expert tamb\u00e9 va entrar en el debat obert sobre el model d&#8217;estat que hi ha a les institucions pol\u00edtica. &#8220;Totes les forces que estan a l&#8217;esquerra del <strong>PSOE<\/strong> i, per motius diferents, els partits independentistes, insisteixen a obrir el debat per canviar el model pol\u00edtic i substituir la Monarquia per la Rep\u00fablica. Per\u00f2 estem parlant d&#8217;una instituci\u00f3 s\u00f2lida i consolidada. Societats amb una llarga tradici\u00f3 democr\u00e0tica tenen la Monarquia com a garant de les seves llibertats&#8221;, va assenyalar. Aix\u00ed mateix va explicar la legitimitat dels propis monarques a abdicar a favor dels seus hereus, com ho va fer el mateix rei Joan Carles I i ho han fet diversos monarques europeus en les darreres d\u00e8cades.<\/p>\n<p><strong>Berzosa<\/strong> \u00e9s membre de la<strong> Societat de Diplom\u00e0cia i Ci\u00e8ncies Pol\u00edtiques dels Estats Units<\/strong>, coordinador de l&#8217;<strong>Observatori Internacional de la Regulaci\u00f3 de les Entitats del Sector P\u00fablic<\/strong> de la <strong>Universitat de Santiago de Compostela<\/strong>, membre dels comit\u00e8s organitzadors dels congressos del <strong>World Law Congress<\/strong> de Cartagena d&#8217;\u00cdndies 2021 i Madrid 2019 i autor de llibres i articles cient\u00edfics publicats en revistes de prestigi. \u00c9s aix\u00ed mateix un reconegut divulgador de temes legals i ci\u00e8ncies pol\u00edtiques als principals mitjans de comunicaci\u00f3 espanyols.<\/p>\n<h2><a href=\"https:\/\/oiryver.com\/2023\/05\/15\/entrevista-a-daniel-berzosa-abogado-y-profesor-de-cunef\/\" target=\"_blank\" rel=\"noopener\">Escolteu el podcast<\/a><\/h2>\n<p>&nbsp;<\/p>\n","protected":false},"excerpt":{"rendered":"<p>Daniel Berzosa va reflexionar sobre la seva traject\u00f2ria personal i professional i, abordant aspectes de l&#8217;actualitat, sobre el sentit de les monarquies europees i espanyola al podcast &#8220;Les entrevistes de &#8216;Temps de llei&#8217;<\/p>\n","protected":false},"author":12,"featured_media":134252,"comment_status":"closed","ping_status":"closed","sticky":false,"template":"","format":"standard","meta":{"_et_pb_use_builder":"","_et_pb_old_content":"","_et_gb_content_width":"","footnotes":""},"categories":[350,225,242,404,487],"tags":[],"class_list":["post-134288","post","type-post","status-publish","format-standard","has-post-thumbnail","hentry","category-ciencies-politiques","category-dret","category-categ-historia","category-historia-nacional-ca","category-monarquia-ca","et-has-post-format-content","et_post_format-et-post-format-standard"],"yoast_head":"<!-- This site is optimized with the Yoast SEO plugin v27.4 - https:\/\/yoast.com\/product\/yoast-seo-wordpress\/ -->\n<title>La Monarquia parlament\u00e0ria com a garant de la democr\u00e0cia - Reial Acad\u00e8mia Europea de Doctors<\/title>\n<meta name=\"description\" content=\"Daniel Berzosa va reflexionar sobre la seva traject\u00f2ria personal i professional abordant aspectes sobre el sentit de les monarquies europees\" \/>\n<meta name=\"robots\" content=\"index, follow, max-snippet:-1, max-image-preview:large, max-video-preview:-1\" \/>\n<link rel=\"canonical\" href=\"https:\/\/raed.academy\/ca\/la-monarquia-parlamentaria-com-a-garant-de-la-democracia\/\" \/>\n<meta property=\"og:locale\" content=\"ca_ES\" \/>\n<meta property=\"og:type\" content=\"article\" \/>\n<meta property=\"og:title\" content=\"La Monarquia parlament\u00e0ria com a garant de la democr\u00e0cia - Reial Acad\u00e8mia Europea de Doctors\" \/>\n<meta property=\"og:description\" content=\"Daniel Berzosa va reflexionar sobre la seva traject\u00f2ria personal i professional abordant aspectes sobre el sentit de les monarquies europees\" \/>\n<meta property=\"og:url\" content=\"https:\/\/raed.academy\/ca\/la-monarquia-parlamentaria-com-a-garant-de-la-democracia\/\" \/>\n<meta property=\"og:site_name\" content=\"Reial Acad\u00e8mia Europea de Doctors\" \/>\n<meta property=\"article:publisher\" content=\"http:\/\/fb.me\/raed.academy\" \/>\n<meta property=\"article:published_time\" content=\"2023-06-15T10:00:43+00:00\" \/>\n<meta property=\"article:modified_time\" content=\"2023-06-16T11:20:38+00:00\" \/>\n<meta property=\"og:image\" content=\"https:\/\/raed.academy\/wp-content\/uploads\/2023\/06\/Monarquia-Parlamentaria-DST-Licencia-Pexels.webp\" \/>\n\t<meta property=\"og:image:width\" content=\"600\" \/>\n\t<meta property=\"og:image:height\" content=\"359\" \/>\n\t<meta property=\"og:image:type\" content=\"image\/webp\" \/>\n<meta name=\"author\" content=\"RAED\" \/>\n<meta name=\"twitter:card\" content=\"summary_large_image\" \/>\n<meta name=\"twitter:creator\" content=\"@raedacademy\" \/>\n<meta name=\"twitter:site\" content=\"@raedacademy\" \/>\n<meta name=\"twitter:label1\" content=\"Written by\" \/>\n\t<meta name=\"twitter:data1\" content=\"RAED\" \/>\n\t<meta name=\"twitter:label2\" content=\"Est. reading time\" \/>\n\t<meta name=\"twitter:data2\" content=\"4 minutes\" \/>\n<script type=\"application\/ld+json\" class=\"yoast-schema-graph\">{\"@context\":\"https:\\\/\\\/schema.org\",\"@graph\":[{\"@type\":\"Article\",\"@id\":\"https:\\\/\\\/raed.academy\\\/ca\\\/la-monarquia-parlamentaria-com-a-garant-de-la-democracia\\\/#article\",\"isPartOf\":{\"@id\":\"https:\\\/\\\/raed.academy\\\/ca\\\/la-monarquia-parlamentaria-com-a-garant-de-la-democracia\\\/\"},\"author\":{\"name\":\"RAED\",\"@id\":\"https:\\\/\\\/raed.academy\\\/ca\\\/#\\\/schema\\\/person\\\/5a755da80d1d979fd66ba745c8702927\"},\"headline\":\"La Monarquia parlament\u00e0ria com a garant de la democr\u00e0cia\",\"datePublished\":\"2023-06-15T10:00:43+00:00\",\"dateModified\":\"2023-06-16T11:20:38+00:00\",\"mainEntityOfPage\":{\"@id\":\"https:\\\/\\\/raed.academy\\\/ca\\\/la-monarquia-parlamentaria-com-a-garant-de-la-democracia\\\/\"},\"wordCount\":767,\"publisher\":{\"@id\":\"https:\\\/\\\/raed.academy\\\/ca\\\/#organization\"},\"image\":{\"@id\":\"https:\\\/\\\/raed.academy\\\/ca\\\/la-monarquia-parlamentaria-com-a-garant-de-la-democracia\\\/#primaryimage\"},\"thumbnailUrl\":\"https:\\\/\\\/raed.academy\\\/wp-content\\\/uploads\\\/2023\\\/06\\\/Monarquia-Parlamentaria-DST-Licencia-Pexels.webp\",\"articleSection\":[\"Ci\u00e8ncies pol\u00edtiques\",\"Dret\",\"Hist\u00f2ria\",\"Hist\u00f2ria nacional\",\"Monarquia\"],\"inLanguage\":\"ca-ES\"},{\"@type\":\"WebPage\",\"@id\":\"https:\\\/\\\/raed.academy\\\/ca\\\/la-monarquia-parlamentaria-com-a-garant-de-la-democracia\\\/\",\"url\":\"https:\\\/\\\/raed.academy\\\/ca\\\/la-monarquia-parlamentaria-com-a-garant-de-la-democracia\\\/\",\"name\":\"La Monarquia parlament\u00e0ria com a garant de la democr\u00e0cia - Reial Acad\u00e8mia Europea de Doctors\",\"isPartOf\":{\"@id\":\"https:\\\/\\\/raed.academy\\\/ca\\\/#website\"},\"primaryImageOfPage\":{\"@id\":\"https:\\\/\\\/raed.academy\\\/ca\\\/la-monarquia-parlamentaria-com-a-garant-de-la-democracia\\\/#primaryimage\"},\"image\":{\"@id\":\"https:\\\/\\\/raed.academy\\\/ca\\\/la-monarquia-parlamentaria-com-a-garant-de-la-democracia\\\/#primaryimage\"},\"thumbnailUrl\":\"https:\\\/\\\/raed.academy\\\/wp-content\\\/uploads\\\/2023\\\/06\\\/Monarquia-Parlamentaria-DST-Licencia-Pexels.webp\",\"datePublished\":\"2023-06-15T10:00:43+00:00\",\"dateModified\":\"2023-06-16T11:20:38+00:00\",\"description\":\"Daniel Berzosa va reflexionar sobre la seva traject\u00f2ria personal i professional abordant aspectes sobre el sentit de les monarquies europees\",\"breadcrumb\":{\"@id\":\"https:\\\/\\\/raed.academy\\\/ca\\\/la-monarquia-parlamentaria-com-a-garant-de-la-democracia\\\/#breadcrumb\"},\"inLanguage\":\"ca-ES\",\"potentialAction\":[{\"@type\":\"ReadAction\",\"target\":[\"https:\\\/\\\/raed.academy\\\/ca\\\/la-monarquia-parlamentaria-com-a-garant-de-la-democracia\\\/\"]}]},{\"@type\":\"ImageObject\",\"inLanguage\":\"ca-ES\",\"@id\":\"https:\\\/\\\/raed.academy\\\/ca\\\/la-monarquia-parlamentaria-com-a-garant-de-la-democracia\\\/#primaryimage\",\"url\":\"https:\\\/\\\/raed.academy\\\/wp-content\\\/uploads\\\/2023\\\/06\\\/Monarquia-Parlamentaria-DST-Licencia-Pexels.webp\",\"contentUrl\":\"https:\\\/\\\/raed.academy\\\/wp-content\\\/uploads\\\/2023\\\/06\\\/Monarquia-Parlamentaria-DST-Licencia-Pexels.webp\",\"width\":600,\"height\":359},{\"@type\":\"BreadcrumbList\",\"@id\":\"https:\\\/\\\/raed.academy\\\/ca\\\/la-monarquia-parlamentaria-com-a-garant-de-la-democracia\\\/#breadcrumb\",\"itemListElement\":[{\"@type\":\"ListItem\",\"position\":1,\"name\":\"Inicio\",\"item\":\"https:\\\/\\\/raed.academy\\\/ca\\\/\"},{\"@type\":\"ListItem\",\"position\":2,\"name\":\"La Monarquia parlament\u00e0ria com a garant de la democr\u00e0cia\"}]},{\"@type\":\"WebSite\",\"@id\":\"https:\\\/\\\/raed.academy\\\/ca\\\/#website\",\"url\":\"https:\\\/\\\/raed.academy\\\/ca\\\/\",\"name\":\"Reial Acad\u00e8mia Europea de Doctors\",\"description\":\"Corporaci\u00f3n de derecho p\u00fablico de car\u00e1cter cient\u00edfico, t\u00e9cnico y art\u00edstico, que tiene por objeto la investigaci\u00f3n, el estudio, el fomento y la extensi\u00f3n del conocimiento en su sentido m\u00e1s amplio\",\"publisher\":{\"@id\":\"https:\\\/\\\/raed.academy\\\/ca\\\/#organization\"},\"potentialAction\":[{\"@type\":\"SearchAction\",\"target\":{\"@type\":\"EntryPoint\",\"urlTemplate\":\"https:\\\/\\\/raed.academy\\\/ca\\\/?s={search_term_string}\"},\"query-input\":{\"@type\":\"PropertyValueSpecification\",\"valueRequired\":true,\"valueName\":\"search_term_string\"}}],\"inLanguage\":\"ca-ES\"},{\"@type\":\"Organization\",\"@id\":\"https:\\\/\\\/raed.academy\\\/ca\\\/#organization\",\"name\":\"Real Academia Europea de Doctores\",\"url\":\"https:\\\/\\\/raed.academy\\\/ca\\\/\",\"logo\":{\"@type\":\"ImageObject\",\"inLanguage\":\"ca-ES\",\"@id\":\"https:\\\/\\\/raed.academy\\\/ca\\\/#\\\/schema\\\/logo\\\/image\\\/\",\"url\":\"https:\\\/\\\/raed.academy\\\/wp-content\\\/uploads\\\/2017\\\/01\\\/cropped-logo_raed.png\",\"contentUrl\":\"https:\\\/\\\/raed.academy\\\/wp-content\\\/uploads\\\/2017\\\/01\\\/cropped-logo_raed.png\",\"width\":512,\"height\":512,\"caption\":\"Real Academia Europea de Doctores\"},\"image\":{\"@id\":\"https:\\\/\\\/raed.academy\\\/ca\\\/#\\\/schema\\\/logo\\\/image\\\/\"},\"sameAs\":[\"http:\\\/\\\/fb.me\\\/raed.academy\",\"https:\\\/\\\/x.com\\\/raedacademy\",\"https:\\\/\\\/www.instagram.com\\\/raed.academy\\\/\",\"https:\\\/\\\/www.youtube.com\\\/channel\\\/UCUYQwW2KrdirNWihxMDObwg\"]},{\"@type\":\"Person\",\"@id\":\"https:\\\/\\\/raed.academy\\\/ca\\\/#\\\/schema\\\/person\\\/5a755da80d1d979fd66ba745c8702927\",\"name\":\"RAED\",\"image\":{\"@type\":\"ImageObject\",\"inLanguage\":\"ca-ES\",\"@id\":\"https:\\\/\\\/secure.gravatar.com\\\/avatar\\\/19fdfdc0d67fb9c45714b703a2ac82251c4fcea3637f002ac3c9b74c0183583c?s=96&d=mm&r=g\",\"url\":\"https:\\\/\\\/secure.gravatar.com\\\/avatar\\\/19fdfdc0d67fb9c45714b703a2ac82251c4fcea3637f002ac3c9b74c0183583c?s=96&d=mm&r=g\",\"contentUrl\":\"https:\\\/\\\/secure.gravatar.com\\\/avatar\\\/19fdfdc0d67fb9c45714b703a2ac82251c4fcea3637f002ac3c9b74c0183583c?s=96&d=mm&r=g\",\"caption\":\"RAED\"}}]}<\/script>\n<!-- \/ Yoast SEO plugin. -->","yoast_head_json":{"title":"La Monarquia parlament\u00e0ria com a garant de la democr\u00e0cia - Reial Acad\u00e8mia Europea de Doctors","description":"Daniel Berzosa va reflexionar sobre la seva traject\u00f2ria personal i professional abordant aspectes sobre el sentit de les monarquies europees","robots":{"index":"index","follow":"follow","max-snippet":"max-snippet:-1","max-image-preview":"max-image-preview:large","max-video-preview":"max-video-preview:-1"},"canonical":"https:\/\/raed.academy\/ca\/la-monarquia-parlamentaria-com-a-garant-de-la-democracia\/","og_locale":"ca_ES","og_type":"article","og_title":"La Monarquia parlament\u00e0ria com a garant de la democr\u00e0cia - Reial Acad\u00e8mia Europea de Doctors","og_description":"Daniel Berzosa va reflexionar sobre la seva traject\u00f2ria personal i professional abordant aspectes sobre el sentit de les monarquies europees","og_url":"https:\/\/raed.academy\/ca\/la-monarquia-parlamentaria-com-a-garant-de-la-democracia\/","og_site_name":"Reial Acad\u00e8mia Europea de Doctors","article_publisher":"http:\/\/fb.me\/raed.academy","article_published_time":"2023-06-15T10:00:43+00:00","article_modified_time":"2023-06-16T11:20:38+00:00","og_image":[{"width":600,"height":359,"url":"https:\/\/raed.academy\/wp-content\/uploads\/2023\/06\/Monarquia-Parlamentaria-DST-Licencia-Pexels.webp","type":"image\/webp"}],"author":"RAED","twitter_card":"summary_large_image","twitter_creator":"@raedacademy","twitter_site":"@raedacademy","twitter_misc":{"Written by":"RAED","Est. reading time":"4 minutes"},"schema":{"@context":"https:\/\/schema.org","@graph":[{"@type":"Article","@id":"https:\/\/raed.academy\/ca\/la-monarquia-parlamentaria-com-a-garant-de-la-democracia\/#article","isPartOf":{"@id":"https:\/\/raed.academy\/ca\/la-monarquia-parlamentaria-com-a-garant-de-la-democracia\/"},"author":{"name":"RAED","@id":"https:\/\/raed.academy\/ca\/#\/schema\/person\/5a755da80d1d979fd66ba745c8702927"},"headline":"La Monarquia parlament\u00e0ria com a garant de la democr\u00e0cia","datePublished":"2023-06-15T10:00:43+00:00","dateModified":"2023-06-16T11:20:38+00:00","mainEntityOfPage":{"@id":"https:\/\/raed.academy\/ca\/la-monarquia-parlamentaria-com-a-garant-de-la-democracia\/"},"wordCount":767,"publisher":{"@id":"https:\/\/raed.academy\/ca\/#organization"},"image":{"@id":"https:\/\/raed.academy\/ca\/la-monarquia-parlamentaria-com-a-garant-de-la-democracia\/#primaryimage"},"thumbnailUrl":"https:\/\/raed.academy\/wp-content\/uploads\/2023\/06\/Monarquia-Parlamentaria-DST-Licencia-Pexels.webp","articleSection":["Ci\u00e8ncies pol\u00edtiques","Dret","Hist\u00f2ria","Hist\u00f2ria nacional","Monarquia"],"inLanguage":"ca-ES"},{"@type":"WebPage","@id":"https:\/\/raed.academy\/ca\/la-monarquia-parlamentaria-com-a-garant-de-la-democracia\/","url":"https:\/\/raed.academy\/ca\/la-monarquia-parlamentaria-com-a-garant-de-la-democracia\/","name":"La Monarquia parlament\u00e0ria com a garant de la democr\u00e0cia - Reial Acad\u00e8mia Europea de Doctors","isPartOf":{"@id":"https:\/\/raed.academy\/ca\/#website"},"primaryImageOfPage":{"@id":"https:\/\/raed.academy\/ca\/la-monarquia-parlamentaria-com-a-garant-de-la-democracia\/#primaryimage"},"image":{"@id":"https:\/\/raed.academy\/ca\/la-monarquia-parlamentaria-com-a-garant-de-la-democracia\/#primaryimage"},"thumbnailUrl":"https:\/\/raed.academy\/wp-content\/uploads\/2023\/06\/Monarquia-Parlamentaria-DST-Licencia-Pexels.webp","datePublished":"2023-06-15T10:00:43+00:00","dateModified":"2023-06-16T11:20:38+00:00","description":"Daniel Berzosa va reflexionar sobre la seva traject\u00f2ria personal i professional abordant aspectes sobre el sentit de les monarquies europees","breadcrumb":{"@id":"https:\/\/raed.academy\/ca\/la-monarquia-parlamentaria-com-a-garant-de-la-democracia\/#breadcrumb"},"inLanguage":"ca-ES","potentialAction":[{"@type":"ReadAction","target":["https:\/\/raed.academy\/ca\/la-monarquia-parlamentaria-com-a-garant-de-la-democracia\/"]}]},{"@type":"ImageObject","inLanguage":"ca-ES","@id":"https:\/\/raed.academy\/ca\/la-monarquia-parlamentaria-com-a-garant-de-la-democracia\/#primaryimage","url":"https:\/\/raed.academy\/wp-content\/uploads\/2023\/06\/Monarquia-Parlamentaria-DST-Licencia-Pexels.webp","contentUrl":"https:\/\/raed.academy\/wp-content\/uploads\/2023\/06\/Monarquia-Parlamentaria-DST-Licencia-Pexels.webp","width":600,"height":359},{"@type":"BreadcrumbList","@id":"https:\/\/raed.academy\/ca\/la-monarquia-parlamentaria-com-a-garant-de-la-democracia\/#breadcrumb","itemListElement":[{"@type":"ListItem","position":1,"name":"Inicio","item":"https:\/\/raed.academy\/ca\/"},{"@type":"ListItem","position":2,"name":"La Monarquia parlament\u00e0ria com a garant de la democr\u00e0cia"}]},{"@type":"WebSite","@id":"https:\/\/raed.academy\/ca\/#website","url":"https:\/\/raed.academy\/ca\/","name":"Reial Acad\u00e8mia Europea de Doctors","description":"Corporaci\u00f3n de derecho p\u00fablico de car\u00e1cter cient\u00edfico, t\u00e9cnico y art\u00edstico, que tiene por objeto la investigaci\u00f3n, el estudio, el fomento y la extensi\u00f3n del conocimiento en su sentido m\u00e1s amplio","publisher":{"@id":"https:\/\/raed.academy\/ca\/#organization"},"potentialAction":[{"@type":"SearchAction","target":{"@type":"EntryPoint","urlTemplate":"https:\/\/raed.academy\/ca\/?s={search_term_string}"},"query-input":{"@type":"PropertyValueSpecification","valueRequired":true,"valueName":"search_term_string"}}],"inLanguage":"ca-ES"},{"@type":"Organization","@id":"https:\/\/raed.academy\/ca\/#organization","name":"Real Academia Europea de Doctores","url":"https:\/\/raed.academy\/ca\/","logo":{"@type":"ImageObject","inLanguage":"ca-ES","@id":"https:\/\/raed.academy\/ca\/#\/schema\/logo\/image\/","url":"https:\/\/raed.academy\/wp-content\/uploads\/2017\/01\/cropped-logo_raed.png","contentUrl":"https:\/\/raed.academy\/wp-content\/uploads\/2017\/01\/cropped-logo_raed.png","width":512,"height":512,"caption":"Real Academia Europea de Doctores"},"image":{"@id":"https:\/\/raed.academy\/ca\/#\/schema\/logo\/image\/"},"sameAs":["http:\/\/fb.me\/raed.academy","https:\/\/x.com\/raedacademy","https:\/\/www.instagram.com\/raed.academy\/","https:\/\/www.youtube.com\/channel\/UCUYQwW2KrdirNWihxMDObwg"]},{"@type":"Person","@id":"https:\/\/raed.academy\/ca\/#\/schema\/person\/5a755da80d1d979fd66ba745c8702927","name":"RAED","image":{"@type":"ImageObject","inLanguage":"ca-ES","@id":"https:\/\/secure.gravatar.com\/avatar\/19fdfdc0d67fb9c45714b703a2ac82251c4fcea3637f002ac3c9b74c0183583c?s=96&d=mm&r=g","url":"https:\/\/secure.gravatar.com\/avatar\/19fdfdc0d67fb9c45714b703a2ac82251c4fcea3637f002ac3c9b74c0183583c?s=96&d=mm&r=g","contentUrl":"https:\/\/secure.gravatar.com\/avatar\/19fdfdc0d67fb9c45714b703a2ac82251c4fcea3637f002ac3c9b74c0183583c?s=96&d=mm&r=g","caption":"RAED"}}]}},"_links":{"self":[{"href":"https:\/\/raed.academy\/ca\/wp-json\/wp\/v2\/posts\/134288","targetHints":{"allow":["GET"]}}],"collection":[{"href":"https:\/\/raed.academy\/ca\/wp-json\/wp\/v2\/posts"}],"about":[{"href":"https:\/\/raed.academy\/ca\/wp-json\/wp\/v2\/types\/post"}],"author":[{"embeddable":true,"href":"https:\/\/raed.academy\/ca\/wp-json\/wp\/v2\/users\/12"}],"replies":[{"embeddable":true,"href":"https:\/\/raed.academy\/ca\/wp-json\/wp\/v2\/comments?post=134288"}],"version-history":[{"count":0,"href":"https:\/\/raed.academy\/ca\/wp-json\/wp\/v2\/posts\/134288\/revisions"}],"wp:featuredmedia":[{"embeddable":true,"href":"https:\/\/raed.academy\/ca\/wp-json\/wp\/v2\/media\/134252"}],"wp:attachment":[{"href":"https:\/\/raed.academy\/ca\/wp-json\/wp\/v2\/media?parent=134288"}],"wp:term":[{"taxonomy":"category","embeddable":true,"href":"https:\/\/raed.academy\/ca\/wp-json\/wp\/v2\/categories?post=134288"},{"taxonomy":"post_tag","embeddable":true,"href":"https:\/\/raed.academy\/ca\/wp-json\/wp\/v2\/tags?post=134288"}],"curies":[{"name":"wp","href":"https:\/\/api.w.org\/{rel}","templated":true}]}}