{"id":132302,"date":"2023-04-28T08:52:41","date_gmt":"2023-04-28T08:52:41","guid":{"rendered":"https:\/\/raed.academy\/?p=132302"},"modified":"2023-04-30T16:12:56","modified_gmt":"2023-04-30T16:12:56","slug":"que-no-sens-mori-el-consens","status":"publish","type":"post","link":"https:\/\/raed.academy\/ca\/que-no-sens-mori-el-consens\/","title":{"rendered":"Que no se&#8217;ns mori el consens"},"content":{"rendered":"<p>&nbsp;<\/p>\n<div id=\"attachment_56301\" style=\"width: 369px\" class=\"wp-caption alignleft\"><img loading=\"lazy\" decoding=\"async\" aria-describedby=\"caption-attachment-56301\" class=\"wp-image-56301\" src=\"https:\/\/raed.academy\/wp-content\/uploads\/2018\/09\/Aldo-Olcese.jpg\" alt=\"Dr. Aldo Olcese Santonja\" width=\"359\" height=\"289\" \/><p id=\"caption-attachment-56301\" class=\"wp-caption-text\">Dr. Aldo Olcese<\/p><\/div>\n<p><a href=\"https:\/\/raed.academy\/ca\/academics\/dr-aldo-olcese-santonja\/\" target=\"_blank\" rel=\"noopener\"><em><strong>Aldo Olcese<\/strong><\/em><\/a>, president de la\u00a0<strong>Fundaci\u00f3 Independent\u00a0<\/strong>i de l&#8217;<strong>Associaci\u00f3 Nacional Societat Civil Ara<\/strong>, acad\u00e8mic de n\u00famero de la <strong>Reial Acad\u00e8mia de Ci\u00e8ncies Econ\u00f2miques i Financeres<\/strong> i vicepresident i acad\u00e8mic de n\u00famero de la <strong>Reial Acad\u00e8mia Europea de Doctors-Barcelona 1914<\/strong> (RAED) rendeix tribut a l&#8217;article <strong>&#8220;\u00bfSe nos muere el consenso?&#8221;<\/strong>, publicat el passat 8 d&#8217;abril al diari digital <strong>vozp\u00f3puli.com<\/strong>, a quatre figures recentment desaparegudes que en van guiar sempre pel consens i la conc\u00f2rdia en el seu dia a dia i pr\u00e0ctica professional i pol\u00edtica: <strong>Josep Piqu\u00e9<\/strong>, <strong>Pedro Solbes<\/strong>, <strong>Juan Velarde<\/strong> i <strong>Salvador S\u00e1nchez Ter\u00e1n<\/strong>. Quatre humanistes i intel\u00b7lectuals que, des del postfranquisme i la transici\u00f3, i fins fa pocs mesos, van exercir les seves tasques per aconseguir objectius elevats a partir de la reconciliaci\u00f3 entre espanyols, el rigor i l&#8217;honestedat intel\u00b7lectual. I tot aix\u00f2 des de posicions ideol\u00f2giques diferents. Davant d&#8217;aquestes p\u00e8rdues, Olcese es planteja si ens trobem davant d&#8217;una fase declinant de l&#8217;esperit del consens.<\/p>\n<p>L&#8217;acad\u00e8mic recorda que <strong>S\u00e1nchez Ter\u00e1n<\/strong> va negociar el retorn de l&#8217;exili de <strong>Josep Tarradellas<\/strong>, president de la <strong>Generalitat<\/strong>, una mesura que va obrir pas a la reconciliaci\u00f3 del catalanisme amb el<strong> Govern d&#8217;Espanya<\/strong>. Ho va fer, a m\u00e9s, sense cap afany de protagonisme, convertint en pe\u00e7a angular de la construcci\u00f3 democr\u00e0tica la llavors injuriada figura franquista del governador civil. Va ser el titular del <strong>Govern Civil de Barcelona<\/strong> que va dignificar aquell c\u00e0rrec de manera superlativa posant-lo aix\u00ed al servei de la democr\u00e0cia.<\/p>\n<p>Per la seva banda, rememora <strong>Olcese<\/strong>, l&#8217;economista <strong>Juan Velarde<\/strong> va sustentar t\u00e8cnicament els <strong>Pactes de la Moncloa<\/strong> d&#8217;<strong>Enrique Fuentes Quintana<\/strong>, posant la solidaritat al frontispici dels freds n\u00fameros i demostrant que una fiscalitat responsable podia obrir cam\u00ed per solucionar les fins llavors injustes i profundes difer\u00e8ncies socials i econ\u00f2miques al nostre pa\u00eds. Anys m\u00e9s tard, l&#8217;economista, jurista i polit\u00f2leg Pedro Solbes seria la figura indispensable per temperar els \u00e0nims en diverses mat\u00e8ries entre el <strong>PSOE<\/strong> de <strong>Felipe Gonz\u00e1lez<\/strong> i el <strong>PP<\/strong> de <strong>Jos\u00e9 Mar\u00eda Aznar<\/strong>. Ho va fer des de l&#8217;economia i les finances internacionals i en pro de la solidaritat, la conciliaci\u00f3 i la voluntat de mantenir a ratlla la cobd\u00edcia del mal capitalisme, cosa que tamb\u00e9 va destacar una vegada nomenat comissari europeu d&#8217;Economia.<\/p>\n<p>Finalment aborda la figura de Josep Piqu\u00e9, economista i empresari que va tenir a c\u00e0rrec seu diferents carteres durant els governs de <strong>Jos\u00e9 Mar\u00eda Aznar<\/strong>, entre el 1996 i el 2003, abans de tornar al sector privat. El seu ferm comprom\u00eds amb la societat civil es posa de manifest per la seva participaci\u00f3 activa a diverses organitzacions i entitats, ocupant c\u00e0rrecs com el de president de la <strong>Fundaci\u00f3 Iberoamericana Empresarial<\/strong>, del <strong>Centre Internacional de Toledo per la Pau<\/strong>, del <strong>F\u00f2rum i Fundaci\u00f3 Espanya-Jap\u00f3<\/strong>, com la presid\u00e8ncia honor\u00e0ria de la <strong>Cambra de Comer\u00e7 Espanya-Corea<\/strong> i de l&#8217;<strong>Associaci\u00f3 per a la Cerca de l&#8217;Excel\u00b7l\u00e8ncia<\/strong>, que ell mateix va fundar, i com a patr\u00f3 de diverses fundacions de refer\u00e8ncia (<strong>Euroam\u00e8rica<\/strong>, <strong>Consell Empresarial Alian\u00e7a per Iberoam\u00e8rica<\/strong>, <strong>Fundaci\u00f3 per a l&#8217;An\u00e0lisi i els Estudis Socials<\/strong>, <strong>Junts Sumem<\/strong> o <strong>Espanya Constitucional<\/strong>), a m\u00e9s de com a membre de diferents consells cient\u00edfics (<strong>Institut Atl\u00e0ntic de Govern<\/strong> o <strong>Reial Institut Elcano<\/strong>).<\/p>\n<p>&#8220;El seu esperit com\u00fa de conciliaci\u00f3 i conc\u00f2rdia ha de servir de llavor per a la reconciliaci\u00f3 i el consens de la nostra generaci\u00f3 i de les generacions futures. Sembla que amb ells se&#8217;ns mor el consens en vista de la polaritzaci\u00f3 imperant a la societat espanyola dividida i enfrontada, per\u00f2 el seu llegat \u00e9s massa fort per desapar\u00e8ixer, i aix\u00f2 \u00e9s aix\u00ed perqu\u00e8 des de l&#8217;humanisme i la conc\u00f2rdia tot es pot i perqu\u00e8 els \u00e9ssers humans som millors que pitjors, n&#8217;hi ha prou que se&#8217;ns estimuli i se&#8217;ns donin bons exemples com els dels nostres quatre amics desapareguts. Aquest exemple \u00e9s m\u00e9s fort que qualsevol esfor\u00e7 de divisi\u00f3 i enfrontament perqu\u00e8 estimula en nosaltres els sentiments m\u00e9s nobles i les conductes m\u00e9s lleials, i demostra que a Espanya \u00e9s molt m\u00e9s el que ens uneix que el que ens separa&#8221;, conclou <strong>Olcese<\/strong>.<\/p>\n<h2><a href=\"https:\/\/www.vozpopuli.com\/opinion\/se-nos-muere-el-consenso.html\" target=\"_blank\" rel=\"noopener\">Llegiu l&#8217;article<\/a><\/h2>\n","protected":false},"excerpt":{"rendered":"<p>Aldo Olcese ret homenatge a l&#8217;article &#8220;Se&#8217;ns mor el consens?&#8221; a quatre figures recentment mortes l&#8217;actuaci\u00f3 de les quals es va guiar sempre pel consens i la conc\u00f2rdia: Josep Piqu\u00e9, Pedro Solbes, Juan Velarde i Salvador S\u00e1nchez Ter\u00e1n<\/p>\n","protected":false},"author":12,"featured_media":119604,"comment_status":"closed","ping_status":"closed","sticky":false,"template":"","format":"standard","meta":{"_et_pb_use_builder":"","_et_pb_old_content":"","_et_gb_content_width":"","footnotes":""},"categories":[350,233,496,242,404],"tags":[],"class_list":["post-132302","post","type-post","status-publish","format-standard","has-post-thumbnail","hentry","category-ciencies-politiques","category-economiques-i-empresarials","category-educacio-etica-i-valors-ca","category-categ-historia","category-historia-nacional-ca","et-has-post-format-content","et_post_format-et-post-format-standard"],"yoast_head":"<!-- This site is optimized with the Yoast SEO plugin v27.4 - https:\/\/yoast.com\/product\/yoast-seo-wordpress\/ -->\n<title>Que no se&#039;ns mori el consens - Reial Acad\u00e8mia Europea de Doctors<\/title>\n<meta name=\"description\" content=\"Aldo Olcese ret homenatge a Josep Piqu\u00e9, Pedro Solbes, Juan Velarde i Salvador S\u00e1nchez Ter\u00e1n\" \/>\n<meta name=\"robots\" content=\"index, follow, max-snippet:-1, max-image-preview:large, max-video-preview:-1\" \/>\n<link rel=\"canonical\" href=\"https:\/\/raed.academy\/ca\/que-no-sens-mori-el-consens\/\" \/>\n<meta property=\"og:locale\" content=\"ca_ES\" \/>\n<meta property=\"og:type\" content=\"article\" \/>\n<meta property=\"og:title\" content=\"Que no se&#039;ns mori el consens - Reial Acad\u00e8mia Europea de Doctors\" \/>\n<meta property=\"og:description\" content=\"Aldo Olcese ret homenatge a Josep Piqu\u00e9, Pedro Solbes, Juan Velarde i Salvador S\u00e1nchez Ter\u00e1n\" \/>\n<meta property=\"og:url\" content=\"https:\/\/raed.academy\/ca\/que-no-sens-mori-el-consens\/\" \/>\n<meta property=\"og:site_name\" content=\"Reial Acad\u00e8mia Europea de Doctors\" \/>\n<meta property=\"article:publisher\" content=\"http:\/\/fb.me\/raed.academy\" \/>\n<meta property=\"article:published_time\" content=\"2023-04-28T08:52:41+00:00\" \/>\n<meta property=\"article:modified_time\" content=\"2023-04-30T16:12:56+00:00\" \/>\n<meta property=\"og:image\" content=\"https:\/\/raed.academy\/wp-content\/uploads\/2022\/06\/08-06-2022-Presentacion-del-proyecto-2022-Retos-Vitales-para-una-nueva-era-16.webp\" \/>\n\t<meta property=\"og:image:width\" content=\"700\" \/>\n\t<meta property=\"og:image:height\" content=\"420\" \/>\n\t<meta property=\"og:image:type\" content=\"image\/webp\" \/>\n<meta name=\"author\" content=\"RAED\" \/>\n<meta name=\"twitter:card\" content=\"summary_large_image\" \/>\n<meta name=\"twitter:creator\" content=\"@raedacademy\" \/>\n<meta name=\"twitter:site\" content=\"@raedacademy\" \/>\n<meta name=\"twitter:label1\" content=\"Written by\" \/>\n\t<meta name=\"twitter:data1\" content=\"RAED\" \/>\n\t<meta name=\"twitter:label2\" content=\"Est. reading time\" \/>\n\t<meta name=\"twitter:data2\" content=\"4 minutes\" \/>\n<script type=\"application\/ld+json\" class=\"yoast-schema-graph\">{\"@context\":\"https:\\\/\\\/schema.org\",\"@graph\":[{\"@type\":\"Article\",\"@id\":\"https:\\\/\\\/raed.academy\\\/ca\\\/que-no-sens-mori-el-consens\\\/#article\",\"isPartOf\":{\"@id\":\"https:\\\/\\\/raed.academy\\\/ca\\\/que-no-sens-mori-el-consens\\\/\"},\"author\":{\"name\":\"RAED\",\"@id\":\"https:\\\/\\\/raed.academy\\\/ca\\\/#\\\/schema\\\/person\\\/5a755da80d1d979fd66ba745c8702927\"},\"headline\":\"Que no se&#8217;ns mori el consens\",\"datePublished\":\"2023-04-28T08:52:41+00:00\",\"dateModified\":\"2023-04-30T16:12:56+00:00\",\"mainEntityOfPage\":{\"@id\":\"https:\\\/\\\/raed.academy\\\/ca\\\/que-no-sens-mori-el-consens\\\/\"},\"wordCount\":765,\"publisher\":{\"@id\":\"https:\\\/\\\/raed.academy\\\/ca\\\/#organization\"},\"image\":{\"@id\":\"https:\\\/\\\/raed.academy\\\/ca\\\/que-no-sens-mori-el-consens\\\/#primaryimage\"},\"thumbnailUrl\":\"https:\\\/\\\/raed.academy\\\/wp-content\\\/uploads\\\/2022\\\/06\\\/08-06-2022-Presentacion-del-proyecto-2022-Retos-Vitales-para-una-nueva-era-16.webp\",\"articleSection\":[\"Ci\u00e8ncies pol\u00edtiques\",\"Econ\u00f2miques i Empresarials\",\"Educaci\u00f3, \u00e8tica i valors\",\"Hist\u00f2ria\",\"Hist\u00f2ria nacional\"],\"inLanguage\":\"ca-ES\"},{\"@type\":\"WebPage\",\"@id\":\"https:\\\/\\\/raed.academy\\\/ca\\\/que-no-sens-mori-el-consens\\\/\",\"url\":\"https:\\\/\\\/raed.academy\\\/ca\\\/que-no-sens-mori-el-consens\\\/\",\"name\":\"Que no se'ns mori el consens - Reial Acad\u00e8mia Europea de Doctors\",\"isPartOf\":{\"@id\":\"https:\\\/\\\/raed.academy\\\/ca\\\/#website\"},\"primaryImageOfPage\":{\"@id\":\"https:\\\/\\\/raed.academy\\\/ca\\\/que-no-sens-mori-el-consens\\\/#primaryimage\"},\"image\":{\"@id\":\"https:\\\/\\\/raed.academy\\\/ca\\\/que-no-sens-mori-el-consens\\\/#primaryimage\"},\"thumbnailUrl\":\"https:\\\/\\\/raed.academy\\\/wp-content\\\/uploads\\\/2022\\\/06\\\/08-06-2022-Presentacion-del-proyecto-2022-Retos-Vitales-para-una-nueva-era-16.webp\",\"datePublished\":\"2023-04-28T08:52:41+00:00\",\"dateModified\":\"2023-04-30T16:12:56+00:00\",\"description\":\"Aldo Olcese ret homenatge a Josep Piqu\u00e9, Pedro Solbes, Juan Velarde i Salvador S\u00e1nchez Ter\u00e1n\",\"breadcrumb\":{\"@id\":\"https:\\\/\\\/raed.academy\\\/ca\\\/que-no-sens-mori-el-consens\\\/#breadcrumb\"},\"inLanguage\":\"ca-ES\",\"potentialAction\":[{\"@type\":\"ReadAction\",\"target\":[\"https:\\\/\\\/raed.academy\\\/ca\\\/que-no-sens-mori-el-consens\\\/\"]}]},{\"@type\":\"ImageObject\",\"inLanguage\":\"ca-ES\",\"@id\":\"https:\\\/\\\/raed.academy\\\/ca\\\/que-no-sens-mori-el-consens\\\/#primaryimage\",\"url\":\"https:\\\/\\\/raed.academy\\\/wp-content\\\/uploads\\\/2022\\\/06\\\/08-06-2022-Presentacion-del-proyecto-2022-Retos-Vitales-para-una-nueva-era-16.webp\",\"contentUrl\":\"https:\\\/\\\/raed.academy\\\/wp-content\\\/uploads\\\/2022\\\/06\\\/08-06-2022-Presentacion-del-proyecto-2022-Retos-Vitales-para-una-nueva-era-16.webp\",\"width\":700,\"height\":420,\"caption\":\"Dr. Aldo Olcese\"},{\"@type\":\"BreadcrumbList\",\"@id\":\"https:\\\/\\\/raed.academy\\\/ca\\\/que-no-sens-mori-el-consens\\\/#breadcrumb\",\"itemListElement\":[{\"@type\":\"ListItem\",\"position\":1,\"name\":\"Inicio\",\"item\":\"https:\\\/\\\/raed.academy\\\/ca\\\/\"},{\"@type\":\"ListItem\",\"position\":2,\"name\":\"Que no se&#8217;ns mori el consens\"}]},{\"@type\":\"WebSite\",\"@id\":\"https:\\\/\\\/raed.academy\\\/ca\\\/#website\",\"url\":\"https:\\\/\\\/raed.academy\\\/ca\\\/\",\"name\":\"Reial Acad\u00e8mia Europea de Doctors\",\"description\":\"Corporaci\u00f3n de derecho p\u00fablico de car\u00e1cter cient\u00edfico, t\u00e9cnico y art\u00edstico, que tiene por objeto la investigaci\u00f3n, el estudio, el fomento y la extensi\u00f3n del conocimiento en su sentido m\u00e1s amplio\",\"publisher\":{\"@id\":\"https:\\\/\\\/raed.academy\\\/ca\\\/#organization\"},\"potentialAction\":[{\"@type\":\"SearchAction\",\"target\":{\"@type\":\"EntryPoint\",\"urlTemplate\":\"https:\\\/\\\/raed.academy\\\/ca\\\/?s={search_term_string}\"},\"query-input\":{\"@type\":\"PropertyValueSpecification\",\"valueRequired\":true,\"valueName\":\"search_term_string\"}}],\"inLanguage\":\"ca-ES\"},{\"@type\":\"Organization\",\"@id\":\"https:\\\/\\\/raed.academy\\\/ca\\\/#organization\",\"name\":\"Real Academia Europea de Doctores\",\"url\":\"https:\\\/\\\/raed.academy\\\/ca\\\/\",\"logo\":{\"@type\":\"ImageObject\",\"inLanguage\":\"ca-ES\",\"@id\":\"https:\\\/\\\/raed.academy\\\/ca\\\/#\\\/schema\\\/logo\\\/image\\\/\",\"url\":\"https:\\\/\\\/raed.academy\\\/wp-content\\\/uploads\\\/2017\\\/01\\\/cropped-logo_raed.png\",\"contentUrl\":\"https:\\\/\\\/raed.academy\\\/wp-content\\\/uploads\\\/2017\\\/01\\\/cropped-logo_raed.png\",\"width\":512,\"height\":512,\"caption\":\"Real Academia Europea de Doctores\"},\"image\":{\"@id\":\"https:\\\/\\\/raed.academy\\\/ca\\\/#\\\/schema\\\/logo\\\/image\\\/\"},\"sameAs\":[\"http:\\\/\\\/fb.me\\\/raed.academy\",\"https:\\\/\\\/x.com\\\/raedacademy\",\"https:\\\/\\\/www.instagram.com\\\/raed.academy\\\/\",\"https:\\\/\\\/www.youtube.com\\\/channel\\\/UCUYQwW2KrdirNWihxMDObwg\"]},{\"@type\":\"Person\",\"@id\":\"https:\\\/\\\/raed.academy\\\/ca\\\/#\\\/schema\\\/person\\\/5a755da80d1d979fd66ba745c8702927\",\"name\":\"RAED\",\"image\":{\"@type\":\"ImageObject\",\"inLanguage\":\"ca-ES\",\"@id\":\"https:\\\/\\\/secure.gravatar.com\\\/avatar\\\/19fdfdc0d67fb9c45714b703a2ac82251c4fcea3637f002ac3c9b74c0183583c?s=96&d=mm&r=g\",\"url\":\"https:\\\/\\\/secure.gravatar.com\\\/avatar\\\/19fdfdc0d67fb9c45714b703a2ac82251c4fcea3637f002ac3c9b74c0183583c?s=96&d=mm&r=g\",\"contentUrl\":\"https:\\\/\\\/secure.gravatar.com\\\/avatar\\\/19fdfdc0d67fb9c45714b703a2ac82251c4fcea3637f002ac3c9b74c0183583c?s=96&d=mm&r=g\",\"caption\":\"RAED\"}}]}<\/script>\n<!-- \/ Yoast SEO plugin. -->","yoast_head_json":{"title":"Que no se'ns mori el consens - Reial Acad\u00e8mia Europea de Doctors","description":"Aldo Olcese ret homenatge a Josep Piqu\u00e9, Pedro Solbes, Juan Velarde i Salvador S\u00e1nchez Ter\u00e1n","robots":{"index":"index","follow":"follow","max-snippet":"max-snippet:-1","max-image-preview":"max-image-preview:large","max-video-preview":"max-video-preview:-1"},"canonical":"https:\/\/raed.academy\/ca\/que-no-sens-mori-el-consens\/","og_locale":"ca_ES","og_type":"article","og_title":"Que no se'ns mori el consens - Reial Acad\u00e8mia Europea de Doctors","og_description":"Aldo Olcese ret homenatge a Josep Piqu\u00e9, Pedro Solbes, Juan Velarde i Salvador S\u00e1nchez Ter\u00e1n","og_url":"https:\/\/raed.academy\/ca\/que-no-sens-mori-el-consens\/","og_site_name":"Reial Acad\u00e8mia Europea de Doctors","article_publisher":"http:\/\/fb.me\/raed.academy","article_published_time":"2023-04-28T08:52:41+00:00","article_modified_time":"2023-04-30T16:12:56+00:00","og_image":[{"width":700,"height":420,"url":"https:\/\/raed.academy\/wp-content\/uploads\/2022\/06\/08-06-2022-Presentacion-del-proyecto-2022-Retos-Vitales-para-una-nueva-era-16.webp","type":"image\/webp"}],"author":"RAED","twitter_card":"summary_large_image","twitter_creator":"@raedacademy","twitter_site":"@raedacademy","twitter_misc":{"Written by":"RAED","Est. reading time":"4 minutes"},"schema":{"@context":"https:\/\/schema.org","@graph":[{"@type":"Article","@id":"https:\/\/raed.academy\/ca\/que-no-sens-mori-el-consens\/#article","isPartOf":{"@id":"https:\/\/raed.academy\/ca\/que-no-sens-mori-el-consens\/"},"author":{"name":"RAED","@id":"https:\/\/raed.academy\/ca\/#\/schema\/person\/5a755da80d1d979fd66ba745c8702927"},"headline":"Que no se&#8217;ns mori el consens","datePublished":"2023-04-28T08:52:41+00:00","dateModified":"2023-04-30T16:12:56+00:00","mainEntityOfPage":{"@id":"https:\/\/raed.academy\/ca\/que-no-sens-mori-el-consens\/"},"wordCount":765,"publisher":{"@id":"https:\/\/raed.academy\/ca\/#organization"},"image":{"@id":"https:\/\/raed.academy\/ca\/que-no-sens-mori-el-consens\/#primaryimage"},"thumbnailUrl":"https:\/\/raed.academy\/wp-content\/uploads\/2022\/06\/08-06-2022-Presentacion-del-proyecto-2022-Retos-Vitales-para-una-nueva-era-16.webp","articleSection":["Ci\u00e8ncies pol\u00edtiques","Econ\u00f2miques i Empresarials","Educaci\u00f3, \u00e8tica i valors","Hist\u00f2ria","Hist\u00f2ria nacional"],"inLanguage":"ca-ES"},{"@type":"WebPage","@id":"https:\/\/raed.academy\/ca\/que-no-sens-mori-el-consens\/","url":"https:\/\/raed.academy\/ca\/que-no-sens-mori-el-consens\/","name":"Que no se'ns mori el consens - Reial Acad\u00e8mia Europea de Doctors","isPartOf":{"@id":"https:\/\/raed.academy\/ca\/#website"},"primaryImageOfPage":{"@id":"https:\/\/raed.academy\/ca\/que-no-sens-mori-el-consens\/#primaryimage"},"image":{"@id":"https:\/\/raed.academy\/ca\/que-no-sens-mori-el-consens\/#primaryimage"},"thumbnailUrl":"https:\/\/raed.academy\/wp-content\/uploads\/2022\/06\/08-06-2022-Presentacion-del-proyecto-2022-Retos-Vitales-para-una-nueva-era-16.webp","datePublished":"2023-04-28T08:52:41+00:00","dateModified":"2023-04-30T16:12:56+00:00","description":"Aldo Olcese ret homenatge a Josep Piqu\u00e9, Pedro Solbes, Juan Velarde i Salvador S\u00e1nchez Ter\u00e1n","breadcrumb":{"@id":"https:\/\/raed.academy\/ca\/que-no-sens-mori-el-consens\/#breadcrumb"},"inLanguage":"ca-ES","potentialAction":[{"@type":"ReadAction","target":["https:\/\/raed.academy\/ca\/que-no-sens-mori-el-consens\/"]}]},{"@type":"ImageObject","inLanguage":"ca-ES","@id":"https:\/\/raed.academy\/ca\/que-no-sens-mori-el-consens\/#primaryimage","url":"https:\/\/raed.academy\/wp-content\/uploads\/2022\/06\/08-06-2022-Presentacion-del-proyecto-2022-Retos-Vitales-para-una-nueva-era-16.webp","contentUrl":"https:\/\/raed.academy\/wp-content\/uploads\/2022\/06\/08-06-2022-Presentacion-del-proyecto-2022-Retos-Vitales-para-una-nueva-era-16.webp","width":700,"height":420,"caption":"Dr. Aldo Olcese"},{"@type":"BreadcrumbList","@id":"https:\/\/raed.academy\/ca\/que-no-sens-mori-el-consens\/#breadcrumb","itemListElement":[{"@type":"ListItem","position":1,"name":"Inicio","item":"https:\/\/raed.academy\/ca\/"},{"@type":"ListItem","position":2,"name":"Que no se&#8217;ns mori el consens"}]},{"@type":"WebSite","@id":"https:\/\/raed.academy\/ca\/#website","url":"https:\/\/raed.academy\/ca\/","name":"Reial Acad\u00e8mia Europea de Doctors","description":"Corporaci\u00f3n de derecho p\u00fablico de car\u00e1cter cient\u00edfico, t\u00e9cnico y art\u00edstico, que tiene por objeto la investigaci\u00f3n, el estudio, el fomento y la extensi\u00f3n del conocimiento en su sentido m\u00e1s amplio","publisher":{"@id":"https:\/\/raed.academy\/ca\/#organization"},"potentialAction":[{"@type":"SearchAction","target":{"@type":"EntryPoint","urlTemplate":"https:\/\/raed.academy\/ca\/?s={search_term_string}"},"query-input":{"@type":"PropertyValueSpecification","valueRequired":true,"valueName":"search_term_string"}}],"inLanguage":"ca-ES"},{"@type":"Organization","@id":"https:\/\/raed.academy\/ca\/#organization","name":"Real Academia Europea de Doctores","url":"https:\/\/raed.academy\/ca\/","logo":{"@type":"ImageObject","inLanguage":"ca-ES","@id":"https:\/\/raed.academy\/ca\/#\/schema\/logo\/image\/","url":"https:\/\/raed.academy\/wp-content\/uploads\/2017\/01\/cropped-logo_raed.png","contentUrl":"https:\/\/raed.academy\/wp-content\/uploads\/2017\/01\/cropped-logo_raed.png","width":512,"height":512,"caption":"Real Academia Europea de Doctores"},"image":{"@id":"https:\/\/raed.academy\/ca\/#\/schema\/logo\/image\/"},"sameAs":["http:\/\/fb.me\/raed.academy","https:\/\/x.com\/raedacademy","https:\/\/www.instagram.com\/raed.academy\/","https:\/\/www.youtube.com\/channel\/UCUYQwW2KrdirNWihxMDObwg"]},{"@type":"Person","@id":"https:\/\/raed.academy\/ca\/#\/schema\/person\/5a755da80d1d979fd66ba745c8702927","name":"RAED","image":{"@type":"ImageObject","inLanguage":"ca-ES","@id":"https:\/\/secure.gravatar.com\/avatar\/19fdfdc0d67fb9c45714b703a2ac82251c4fcea3637f002ac3c9b74c0183583c?s=96&d=mm&r=g","url":"https:\/\/secure.gravatar.com\/avatar\/19fdfdc0d67fb9c45714b703a2ac82251c4fcea3637f002ac3c9b74c0183583c?s=96&d=mm&r=g","contentUrl":"https:\/\/secure.gravatar.com\/avatar\/19fdfdc0d67fb9c45714b703a2ac82251c4fcea3637f002ac3c9b74c0183583c?s=96&d=mm&r=g","caption":"RAED"}}]}},"_links":{"self":[{"href":"https:\/\/raed.academy\/ca\/wp-json\/wp\/v2\/posts\/132302","targetHints":{"allow":["GET"]}}],"collection":[{"href":"https:\/\/raed.academy\/ca\/wp-json\/wp\/v2\/posts"}],"about":[{"href":"https:\/\/raed.academy\/ca\/wp-json\/wp\/v2\/types\/post"}],"author":[{"embeddable":true,"href":"https:\/\/raed.academy\/ca\/wp-json\/wp\/v2\/users\/12"}],"replies":[{"embeddable":true,"href":"https:\/\/raed.academy\/ca\/wp-json\/wp\/v2\/comments?post=132302"}],"version-history":[{"count":0,"href":"https:\/\/raed.academy\/ca\/wp-json\/wp\/v2\/posts\/132302\/revisions"}],"wp:featuredmedia":[{"embeddable":true,"href":"https:\/\/raed.academy\/ca\/wp-json\/wp\/v2\/media\/119604"}],"wp:attachment":[{"href":"https:\/\/raed.academy\/ca\/wp-json\/wp\/v2\/media?parent=132302"}],"wp:term":[{"taxonomy":"category","embeddable":true,"href":"https:\/\/raed.academy\/ca\/wp-json\/wp\/v2\/categories?post=132302"},{"taxonomy":"post_tag","embeddable":true,"href":"https:\/\/raed.academy\/ca\/wp-json\/wp\/v2\/tags?post=132302"}],"curies":[{"name":"wp","href":"https:\/\/api.w.org\/{rel}","templated":true}]}}