{"id":132298,"date":"2023-04-28T08:43:36","date_gmt":"2023-04-28T08:43:36","guid":{"rendered":"https:\/\/raed.academy\/?p=132298"},"modified":"2023-04-30T16:23:21","modified_gmt":"2023-04-30T16:23:21","slug":"el-poder-de-la-innovacio","status":"publish","type":"post","link":"https:\/\/raed.academy\/ca\/el-poder-de-la-innovacio\/","title":{"rendered":"El poder de la innovaci\u00f3"},"content":{"rendered":"<div id=\"attachment_132227\" style=\"width: 220px\" class=\"wp-caption alignleft\"><img loading=\"lazy\" decoding=\"async\" aria-describedby=\"caption-attachment-132227\" class=\"wp-image-132227\" src=\"https:\/\/raed.academy\/wp-content\/uploads\/2023\/04\/Anton-Gasol-Magrina.webp\" alt=\"\" width=\"210\" height=\"315\" \/><p id=\"caption-attachment-132227\" class=\"wp-caption-text\">Dr. Anton Gasol<\/p><\/div>\n<p><strong>Anton Gasol<\/strong>, exdeg\u00e0 del <strong>Col\u00b7legi d&#8217;Economistes de Catalunya<\/strong> i Acad\u00e8mic d&#8217;Honor electe de la<strong> Reial Acad\u00e8mia Europea de Doctors-Barcelona 1914<\/strong> (RAED), va publicar el 10 d&#8217;abril passat al diari <strong>&#8220;La Vanguardia&#8221;<\/strong> l&#8217;article <strong>&#8220;El poder de la innovaci\u00f3&#8221;<\/strong>, en qu\u00e8 posa \u00e8mfasi en el nexe entre innovaci\u00f3 tecnol\u00f2gica i dominaci\u00f3. Un concepte que pot semblar molt modern, per\u00f2 que existeix, com explica l&#8217;autor, des de temps immemorial. Perqu\u00e8 innovaci\u00f3 tecnol\u00f2gica, per exemple, eren els arcabussos, mosquets i canons que van permetre a <strong>Pizarro<\/strong>, amb nom\u00e9s 168 soldats, conquerir el Per\u00fa derrotant l&#8217;ex\u00e8rcit de 30.000 efectius de l&#8217;inca <strong>Atahualpa<\/strong>, equipats amb armes rudiment\u00e0ries, com explica el mateix <strong>Gasol<\/strong>.<\/p>\n<p>La innovaci\u00f3 desenvolupa un cicle de retroalimentaci\u00f3, ja que tota nova descoberta, un cop assimilada per la societat, engendra l&#8217;aparici\u00f3 de noves tecnologies que sustenten i fan cr\u00e9ixer l&#8217;economia global. Tecnologies que avui dia abasten des dels tel\u00e8fons intel\u00b7ligents a la possibilitat de comprar en l\u00ednia amb total seguretat, passant pels aven\u00e7os en aparells m\u00e8dics, la producci\u00f3 d&#8217;energia verda o, tamb\u00e9, les noves t\u00e8cniques de guerra h\u00edbrida.<\/p>\n<p><strong>Gasol<\/strong> cita un informe de l&#8217;<strong>Institut Australi\u00e0 de Pol\u00edtiques Estrat\u00e8giques<\/strong> sobre 44 tecnologies que cobreixen la pr\u00e0ctica totalitat dels camps tecnol\u00f2gics crucials -defensa, espai, rob\u00f2tica, energia, medi ambient, biotecnologia, intel\u00b7lig\u00e8ncia artificial, materials avan\u00e7ats i \u00e0rees clau de tecnologia qu\u00e0ntica- i identifica els pa\u00efsos, les universitats i les empreses que lideren la innovaci\u00f3 cient\u00edfica i de recerca per dominar aquestes tecnologies cr\u00edtiques. Segons aquest informe, la Xina lidera la innovaci\u00f3 en 37 de les 44 tecnologies, mentre que els Estats Units, en segon lloc, encap\u00e7ala la llista a la computaci\u00f3 qu\u00e0ntica i d&#8217;alt rendiment i les vacunes. A gran dist\u00e0ncia, la resta de pa\u00efsos del m\u00f3n.<\/p>\n<p>&#8220;El segle XXI ser\u00e0 el segle dels imperis, com el segle XIX ho va ser de les nacions. L&#8217;imperi nord-americ\u00e0 i l&#8217;imperi xin\u00e8s seran els protagonistes, amb l&#8217;oce\u00e0 Pac\u00edfic com a testimoni de les seves confrontacions (per exemple, Taiwan) En una democr\u00e0cia liberal la legitimitat del poder no dep\u00e8n essencialment de la seva efic\u00e0cia, sin\u00f3 del control institucional. Per al <strong>Partit Comunista Xin\u00e8s<\/strong>, dominat per la centralitat ideol\u00f2gica d&#8217;una sola persona, <strong>Xi Jinping<\/strong>, l&#8217;ordre de l&#8217;equaci\u00f3 pol\u00edtica fonamental \u00e9s precisament l&#8217;invers&#8221;, conclou l&#8217;articulista.<\/p>\n<h2><a href=\"https:\/\/www.lavanguardia.com\/encatala\/20230410\/8885685\/innovacio.html\" target=\"_blank\" rel=\"noopener\">Llegiu l&#8217;article<\/a><\/h2>\n","protected":false},"excerpt":{"rendered":"<p>Anton Gasol va publicar el 10 d&#8217;abril passat al diari &#8220;La Vanguardia&#8221; l&#8217;article &#8220;El poder de la innovaci\u00f3&#8221;, en qu\u00e8 posa l&#8217;accent en el nexe entre innovaci\u00f3 tecnol\u00f2gica i dominaci\u00f3<\/p>\n","protected":false},"author":12,"featured_media":132231,"comment_status":"closed","ping_status":"closed","sticky":false,"template":"","format":"standard","meta":{"_et_pb_use_builder":"","_et_pb_old_content":"","_et_gb_content_width":"","footnotes":""},"categories":[304,325,354],"tags":[],"class_list":["post-132298","post","type-post","status-publish","format-standard","has-post-thumbnail","hentry","category-economia-i-politica-ca","category-enginyeria-industrial","category-tecnologies-de-la-informacio-i-de-la-comunicacio","et-has-post-format-content","et_post_format-et-post-format-standard"],"yoast_head":"<!-- This site is optimized with the Yoast SEO plugin v27.4 - https:\/\/yoast.com\/product\/yoast-seo-wordpress\/ -->\n<title>El poder de la innovaci\u00f3 - Reial Acad\u00e8mia Europea de Doctors<\/title>\n<meta name=\"description\" content=\"Anton Gasol va publicar el 10 d&#039;abril passat al diari &quot;La Vanguardia&quot; l&#039;article &quot;El poder de la innovaci\u00f3&quot;\" \/>\n<meta name=\"robots\" content=\"index, follow, max-snippet:-1, max-image-preview:large, max-video-preview:-1\" \/>\n<link rel=\"canonical\" href=\"https:\/\/raed.academy\/ca\/el-poder-de-la-innovacio\/\" \/>\n<meta property=\"og:locale\" content=\"ca_ES\" \/>\n<meta property=\"og:type\" content=\"article\" \/>\n<meta property=\"og:title\" content=\"El poder de la innovaci\u00f3 - Reial Acad\u00e8mia Europea de Doctors\" \/>\n<meta property=\"og:description\" content=\"Anton Gasol va publicar el 10 d&#039;abril passat al diari &quot;La Vanguardia&quot; l&#039;article &quot;El poder de la innovaci\u00f3&quot;\" \/>\n<meta property=\"og:url\" content=\"https:\/\/raed.academy\/ca\/el-poder-de-la-innovacio\/\" \/>\n<meta property=\"og:site_name\" content=\"Reial Acad\u00e8mia Europea de Doctors\" \/>\n<meta property=\"article:publisher\" content=\"http:\/\/fb.me\/raed.academy\" \/>\n<meta property=\"article:published_time\" content=\"2023-04-28T08:43:36+00:00\" \/>\n<meta property=\"article:modified_time\" content=\"2023-04-30T16:23:21+00:00\" \/>\n<meta property=\"og:image\" content=\"https:\/\/raed.academy\/wp-content\/uploads\/2023\/04\/Innovacion.webp\" \/>\n\t<meta property=\"og:image:width\" content=\"600\" \/>\n\t<meta property=\"og:image:height\" content=\"360\" \/>\n\t<meta property=\"og:image:type\" content=\"image\/webp\" \/>\n<meta name=\"author\" content=\"RAED\" \/>\n<meta name=\"twitter:card\" content=\"summary_large_image\" \/>\n<meta name=\"twitter:creator\" content=\"@raedacademy\" \/>\n<meta name=\"twitter:site\" content=\"@raedacademy\" \/>\n<meta name=\"twitter:label1\" content=\"Written by\" \/>\n\t<meta name=\"twitter:data1\" content=\"RAED\" \/>\n\t<meta name=\"twitter:label2\" content=\"Est. reading time\" \/>\n\t<meta name=\"twitter:data2\" content=\"2 minutes\" \/>\n<script type=\"application\/ld+json\" class=\"yoast-schema-graph\">{\"@context\":\"https:\\\/\\\/schema.org\",\"@graph\":[{\"@type\":\"Article\",\"@id\":\"https:\\\/\\\/raed.academy\\\/ca\\\/el-poder-de-la-innovacio\\\/#article\",\"isPartOf\":{\"@id\":\"https:\\\/\\\/raed.academy\\\/ca\\\/el-poder-de-la-innovacio\\\/\"},\"author\":{\"name\":\"RAED\",\"@id\":\"https:\\\/\\\/raed.academy\\\/ca\\\/#\\\/schema\\\/person\\\/5a755da80d1d979fd66ba745c8702927\"},\"headline\":\"El poder de la innovaci\u00f3\",\"datePublished\":\"2023-04-28T08:43:36+00:00\",\"dateModified\":\"2023-04-30T16:23:21+00:00\",\"mainEntityOfPage\":{\"@id\":\"https:\\\/\\\/raed.academy\\\/ca\\\/el-poder-de-la-innovacio\\\/\"},\"wordCount\":433,\"publisher\":{\"@id\":\"https:\\\/\\\/raed.academy\\\/ca\\\/#organization\"},\"image\":{\"@id\":\"https:\\\/\\\/raed.academy\\\/ca\\\/el-poder-de-la-innovacio\\\/#primaryimage\"},\"thumbnailUrl\":\"https:\\\/\\\/raed.academy\\\/wp-content\\\/uploads\\\/2023\\\/04\\\/Innovacion.webp\",\"articleSection\":[\"Economia i pol\u00edtica\",\"Enginyeria industrial\",\"Tecnologies de la informaci\u00f3 i de la comunicaci\u00f3\"],\"inLanguage\":\"ca-ES\"},{\"@type\":\"WebPage\",\"@id\":\"https:\\\/\\\/raed.academy\\\/ca\\\/el-poder-de-la-innovacio\\\/\",\"url\":\"https:\\\/\\\/raed.academy\\\/ca\\\/el-poder-de-la-innovacio\\\/\",\"name\":\"El poder de la innovaci\u00f3 - Reial Acad\u00e8mia Europea de Doctors\",\"isPartOf\":{\"@id\":\"https:\\\/\\\/raed.academy\\\/ca\\\/#website\"},\"primaryImageOfPage\":{\"@id\":\"https:\\\/\\\/raed.academy\\\/ca\\\/el-poder-de-la-innovacio\\\/#primaryimage\"},\"image\":{\"@id\":\"https:\\\/\\\/raed.academy\\\/ca\\\/el-poder-de-la-innovacio\\\/#primaryimage\"},\"thumbnailUrl\":\"https:\\\/\\\/raed.academy\\\/wp-content\\\/uploads\\\/2023\\\/04\\\/Innovacion.webp\",\"datePublished\":\"2023-04-28T08:43:36+00:00\",\"dateModified\":\"2023-04-30T16:23:21+00:00\",\"description\":\"Anton Gasol va publicar el 10 d'abril passat al diari \\\"La Vanguardia\\\" l'article \\\"El poder de la innovaci\u00f3\\\"\",\"breadcrumb\":{\"@id\":\"https:\\\/\\\/raed.academy\\\/ca\\\/el-poder-de-la-innovacio\\\/#breadcrumb\"},\"inLanguage\":\"ca-ES\",\"potentialAction\":[{\"@type\":\"ReadAction\",\"target\":[\"https:\\\/\\\/raed.academy\\\/ca\\\/el-poder-de-la-innovacio\\\/\"]}]},{\"@type\":\"ImageObject\",\"inLanguage\":\"ca-ES\",\"@id\":\"https:\\\/\\\/raed.academy\\\/ca\\\/el-poder-de-la-innovacio\\\/#primaryimage\",\"url\":\"https:\\\/\\\/raed.academy\\\/wp-content\\\/uploads\\\/2023\\\/04\\\/Innovacion.webp\",\"contentUrl\":\"https:\\\/\\\/raed.academy\\\/wp-content\\\/uploads\\\/2023\\\/04\\\/Innovacion.webp\",\"width\":600,\"height\":360},{\"@type\":\"BreadcrumbList\",\"@id\":\"https:\\\/\\\/raed.academy\\\/ca\\\/el-poder-de-la-innovacio\\\/#breadcrumb\",\"itemListElement\":[{\"@type\":\"ListItem\",\"position\":1,\"name\":\"Inicio\",\"item\":\"https:\\\/\\\/raed.academy\\\/ca\\\/\"},{\"@type\":\"ListItem\",\"position\":2,\"name\":\"El poder de la innovaci\u00f3\"}]},{\"@type\":\"WebSite\",\"@id\":\"https:\\\/\\\/raed.academy\\\/ca\\\/#website\",\"url\":\"https:\\\/\\\/raed.academy\\\/ca\\\/\",\"name\":\"Reial Acad\u00e8mia Europea de Doctors\",\"description\":\"Corporaci\u00f3n de derecho p\u00fablico de car\u00e1cter cient\u00edfico, t\u00e9cnico y art\u00edstico, que tiene por objeto la investigaci\u00f3n, el estudio, el fomento y la extensi\u00f3n del conocimiento en su sentido m\u00e1s amplio\",\"publisher\":{\"@id\":\"https:\\\/\\\/raed.academy\\\/ca\\\/#organization\"},\"potentialAction\":[{\"@type\":\"SearchAction\",\"target\":{\"@type\":\"EntryPoint\",\"urlTemplate\":\"https:\\\/\\\/raed.academy\\\/ca\\\/?s={search_term_string}\"},\"query-input\":{\"@type\":\"PropertyValueSpecification\",\"valueRequired\":true,\"valueName\":\"search_term_string\"}}],\"inLanguage\":\"ca-ES\"},{\"@type\":\"Organization\",\"@id\":\"https:\\\/\\\/raed.academy\\\/ca\\\/#organization\",\"name\":\"Real Academia Europea de Doctores\",\"url\":\"https:\\\/\\\/raed.academy\\\/ca\\\/\",\"logo\":{\"@type\":\"ImageObject\",\"inLanguage\":\"ca-ES\",\"@id\":\"https:\\\/\\\/raed.academy\\\/ca\\\/#\\\/schema\\\/logo\\\/image\\\/\",\"url\":\"https:\\\/\\\/raed.academy\\\/wp-content\\\/uploads\\\/2017\\\/01\\\/cropped-logo_raed.png\",\"contentUrl\":\"https:\\\/\\\/raed.academy\\\/wp-content\\\/uploads\\\/2017\\\/01\\\/cropped-logo_raed.png\",\"width\":512,\"height\":512,\"caption\":\"Real Academia Europea de Doctores\"},\"image\":{\"@id\":\"https:\\\/\\\/raed.academy\\\/ca\\\/#\\\/schema\\\/logo\\\/image\\\/\"},\"sameAs\":[\"http:\\\/\\\/fb.me\\\/raed.academy\",\"https:\\\/\\\/x.com\\\/raedacademy\",\"https:\\\/\\\/www.instagram.com\\\/raed.academy\\\/\",\"https:\\\/\\\/www.youtube.com\\\/channel\\\/UCUYQwW2KrdirNWihxMDObwg\"]},{\"@type\":\"Person\",\"@id\":\"https:\\\/\\\/raed.academy\\\/ca\\\/#\\\/schema\\\/person\\\/5a755da80d1d979fd66ba745c8702927\",\"name\":\"RAED\",\"image\":{\"@type\":\"ImageObject\",\"inLanguage\":\"ca-ES\",\"@id\":\"https:\\\/\\\/secure.gravatar.com\\\/avatar\\\/19fdfdc0d67fb9c45714b703a2ac82251c4fcea3637f002ac3c9b74c0183583c?s=96&d=mm&r=g\",\"url\":\"https:\\\/\\\/secure.gravatar.com\\\/avatar\\\/19fdfdc0d67fb9c45714b703a2ac82251c4fcea3637f002ac3c9b74c0183583c?s=96&d=mm&r=g\",\"contentUrl\":\"https:\\\/\\\/secure.gravatar.com\\\/avatar\\\/19fdfdc0d67fb9c45714b703a2ac82251c4fcea3637f002ac3c9b74c0183583c?s=96&d=mm&r=g\",\"caption\":\"RAED\"}}]}<\/script>\n<!-- \/ Yoast SEO plugin. -->","yoast_head_json":{"title":"El poder de la innovaci\u00f3 - Reial Acad\u00e8mia Europea de Doctors","description":"Anton Gasol va publicar el 10 d'abril passat al diari \"La Vanguardia\" l'article \"El poder de la innovaci\u00f3\"","robots":{"index":"index","follow":"follow","max-snippet":"max-snippet:-1","max-image-preview":"max-image-preview:large","max-video-preview":"max-video-preview:-1"},"canonical":"https:\/\/raed.academy\/ca\/el-poder-de-la-innovacio\/","og_locale":"ca_ES","og_type":"article","og_title":"El poder de la innovaci\u00f3 - Reial Acad\u00e8mia Europea de Doctors","og_description":"Anton Gasol va publicar el 10 d'abril passat al diari \"La Vanguardia\" l'article \"El poder de la innovaci\u00f3\"","og_url":"https:\/\/raed.academy\/ca\/el-poder-de-la-innovacio\/","og_site_name":"Reial Acad\u00e8mia Europea de Doctors","article_publisher":"http:\/\/fb.me\/raed.academy","article_published_time":"2023-04-28T08:43:36+00:00","article_modified_time":"2023-04-30T16:23:21+00:00","og_image":[{"width":600,"height":360,"url":"https:\/\/raed.academy\/wp-content\/uploads\/2023\/04\/Innovacion.webp","type":"image\/webp"}],"author":"RAED","twitter_card":"summary_large_image","twitter_creator":"@raedacademy","twitter_site":"@raedacademy","twitter_misc":{"Written by":"RAED","Est. reading time":"2 minutes"},"schema":{"@context":"https:\/\/schema.org","@graph":[{"@type":"Article","@id":"https:\/\/raed.academy\/ca\/el-poder-de-la-innovacio\/#article","isPartOf":{"@id":"https:\/\/raed.academy\/ca\/el-poder-de-la-innovacio\/"},"author":{"name":"RAED","@id":"https:\/\/raed.academy\/ca\/#\/schema\/person\/5a755da80d1d979fd66ba745c8702927"},"headline":"El poder de la innovaci\u00f3","datePublished":"2023-04-28T08:43:36+00:00","dateModified":"2023-04-30T16:23:21+00:00","mainEntityOfPage":{"@id":"https:\/\/raed.academy\/ca\/el-poder-de-la-innovacio\/"},"wordCount":433,"publisher":{"@id":"https:\/\/raed.academy\/ca\/#organization"},"image":{"@id":"https:\/\/raed.academy\/ca\/el-poder-de-la-innovacio\/#primaryimage"},"thumbnailUrl":"https:\/\/raed.academy\/wp-content\/uploads\/2023\/04\/Innovacion.webp","articleSection":["Economia i pol\u00edtica","Enginyeria industrial","Tecnologies de la informaci\u00f3 i de la comunicaci\u00f3"],"inLanguage":"ca-ES"},{"@type":"WebPage","@id":"https:\/\/raed.academy\/ca\/el-poder-de-la-innovacio\/","url":"https:\/\/raed.academy\/ca\/el-poder-de-la-innovacio\/","name":"El poder de la innovaci\u00f3 - Reial Acad\u00e8mia Europea de Doctors","isPartOf":{"@id":"https:\/\/raed.academy\/ca\/#website"},"primaryImageOfPage":{"@id":"https:\/\/raed.academy\/ca\/el-poder-de-la-innovacio\/#primaryimage"},"image":{"@id":"https:\/\/raed.academy\/ca\/el-poder-de-la-innovacio\/#primaryimage"},"thumbnailUrl":"https:\/\/raed.academy\/wp-content\/uploads\/2023\/04\/Innovacion.webp","datePublished":"2023-04-28T08:43:36+00:00","dateModified":"2023-04-30T16:23:21+00:00","description":"Anton Gasol va publicar el 10 d'abril passat al diari \"La Vanguardia\" l'article \"El poder de la innovaci\u00f3\"","breadcrumb":{"@id":"https:\/\/raed.academy\/ca\/el-poder-de-la-innovacio\/#breadcrumb"},"inLanguage":"ca-ES","potentialAction":[{"@type":"ReadAction","target":["https:\/\/raed.academy\/ca\/el-poder-de-la-innovacio\/"]}]},{"@type":"ImageObject","inLanguage":"ca-ES","@id":"https:\/\/raed.academy\/ca\/el-poder-de-la-innovacio\/#primaryimage","url":"https:\/\/raed.academy\/wp-content\/uploads\/2023\/04\/Innovacion.webp","contentUrl":"https:\/\/raed.academy\/wp-content\/uploads\/2023\/04\/Innovacion.webp","width":600,"height":360},{"@type":"BreadcrumbList","@id":"https:\/\/raed.academy\/ca\/el-poder-de-la-innovacio\/#breadcrumb","itemListElement":[{"@type":"ListItem","position":1,"name":"Inicio","item":"https:\/\/raed.academy\/ca\/"},{"@type":"ListItem","position":2,"name":"El poder de la innovaci\u00f3"}]},{"@type":"WebSite","@id":"https:\/\/raed.academy\/ca\/#website","url":"https:\/\/raed.academy\/ca\/","name":"Reial Acad\u00e8mia Europea de Doctors","description":"Corporaci\u00f3n de derecho p\u00fablico de car\u00e1cter cient\u00edfico, t\u00e9cnico y art\u00edstico, que tiene por objeto la investigaci\u00f3n, el estudio, el fomento y la extensi\u00f3n del conocimiento en su sentido m\u00e1s amplio","publisher":{"@id":"https:\/\/raed.academy\/ca\/#organization"},"potentialAction":[{"@type":"SearchAction","target":{"@type":"EntryPoint","urlTemplate":"https:\/\/raed.academy\/ca\/?s={search_term_string}"},"query-input":{"@type":"PropertyValueSpecification","valueRequired":true,"valueName":"search_term_string"}}],"inLanguage":"ca-ES"},{"@type":"Organization","@id":"https:\/\/raed.academy\/ca\/#organization","name":"Real Academia Europea de Doctores","url":"https:\/\/raed.academy\/ca\/","logo":{"@type":"ImageObject","inLanguage":"ca-ES","@id":"https:\/\/raed.academy\/ca\/#\/schema\/logo\/image\/","url":"https:\/\/raed.academy\/wp-content\/uploads\/2017\/01\/cropped-logo_raed.png","contentUrl":"https:\/\/raed.academy\/wp-content\/uploads\/2017\/01\/cropped-logo_raed.png","width":512,"height":512,"caption":"Real Academia Europea de Doctores"},"image":{"@id":"https:\/\/raed.academy\/ca\/#\/schema\/logo\/image\/"},"sameAs":["http:\/\/fb.me\/raed.academy","https:\/\/x.com\/raedacademy","https:\/\/www.instagram.com\/raed.academy\/","https:\/\/www.youtube.com\/channel\/UCUYQwW2KrdirNWihxMDObwg"]},{"@type":"Person","@id":"https:\/\/raed.academy\/ca\/#\/schema\/person\/5a755da80d1d979fd66ba745c8702927","name":"RAED","image":{"@type":"ImageObject","inLanguage":"ca-ES","@id":"https:\/\/secure.gravatar.com\/avatar\/19fdfdc0d67fb9c45714b703a2ac82251c4fcea3637f002ac3c9b74c0183583c?s=96&d=mm&r=g","url":"https:\/\/secure.gravatar.com\/avatar\/19fdfdc0d67fb9c45714b703a2ac82251c4fcea3637f002ac3c9b74c0183583c?s=96&d=mm&r=g","contentUrl":"https:\/\/secure.gravatar.com\/avatar\/19fdfdc0d67fb9c45714b703a2ac82251c4fcea3637f002ac3c9b74c0183583c?s=96&d=mm&r=g","caption":"RAED"}}]}},"_links":{"self":[{"href":"https:\/\/raed.academy\/ca\/wp-json\/wp\/v2\/posts\/132298","targetHints":{"allow":["GET"]}}],"collection":[{"href":"https:\/\/raed.academy\/ca\/wp-json\/wp\/v2\/posts"}],"about":[{"href":"https:\/\/raed.academy\/ca\/wp-json\/wp\/v2\/types\/post"}],"author":[{"embeddable":true,"href":"https:\/\/raed.academy\/ca\/wp-json\/wp\/v2\/users\/12"}],"replies":[{"embeddable":true,"href":"https:\/\/raed.academy\/ca\/wp-json\/wp\/v2\/comments?post=132298"}],"version-history":[{"count":0,"href":"https:\/\/raed.academy\/ca\/wp-json\/wp\/v2\/posts\/132298\/revisions"}],"wp:featuredmedia":[{"embeddable":true,"href":"https:\/\/raed.academy\/ca\/wp-json\/wp\/v2\/media\/132231"}],"wp:attachment":[{"href":"https:\/\/raed.academy\/ca\/wp-json\/wp\/v2\/media?parent=132298"}],"wp:term":[{"taxonomy":"category","embeddable":true,"href":"https:\/\/raed.academy\/ca\/wp-json\/wp\/v2\/categories?post=132298"},{"taxonomy":"post_tag","embeddable":true,"href":"https:\/\/raed.academy\/ca\/wp-json\/wp\/v2\/tags?post=132298"}],"curies":[{"name":"wp","href":"https:\/\/api.w.org\/{rel}","templated":true}]}}