{"id":131241,"date":"2023-03-30T16:09:04","date_gmt":"2023-03-30T16:09:04","guid":{"rendered":"https:\/\/raed.academy\/?p=131241"},"modified":"2023-03-31T09:01:59","modified_gmt":"2023-03-31T09:01:59","slug":"un-nou-impuls-a-la-societat-civil","status":"publish","type":"post","link":"https:\/\/raed.academy\/ca\/un-nou-impuls-a-la-societat-civil\/","title":{"rendered":"Un nou impuls a la societat civil"},"content":{"rendered":"<div id=\"attachment_88043\" style=\"width: 430px\" class=\"wp-caption aligncenter\"><img loading=\"lazy\" decoding=\"async\" aria-describedby=\"caption-attachment-88043\" class=\"wp-image-88043\" src=\"https:\/\/raed.academy\/wp-content\/uploads\/2020\/03\/I-Congreso-Nacional-de-Sociedad-Civil-Aldo-Olcese.jpg\" alt=\"Dr. Aldo Olcese\" width=\"420\" height=\"280\" srcset=\"https:\/\/raed.academy\/wp-content\/uploads\/2020\/03\/I-Congreso-Nacional-de-Sociedad-Civil-Aldo-Olcese.jpg 800w, https:\/\/raed.academy\/wp-content\/uploads\/2020\/03\/I-Congreso-Nacional-de-Sociedad-Civil-Aldo-Olcese-768x513.jpg 768w\" sizes=\"(max-width: 420px) 100vw, 420px\" \/><p id=\"caption-attachment-88043\" class=\"wp-caption-text\">Dr. Aldo Olcese<\/p><\/div>\n<p><a href=\"https:\/\/raed.academy\/ca\/academics\/dr-aldo-olcese-santonja\/\" target=\"_blank\" rel=\"noopener\"><em><strong>Aldo Olcese<\/strong><\/em><\/a>, president de la<strong>\u00a0Fundaci\u00f3 Independent<\/strong> i de l&#8217;<strong>Associaci\u00f3 Nacional Societat Civil Ara<\/strong>, acad\u00e8mic de n\u00famero de la <strong>Reial Acad\u00e8mia de Ci\u00e8ncies Econ\u00f2miques i Financeres<\/strong> i vicepresident i acad\u00e8mic de n\u00famero de la <strong>Reial Acad\u00e8mia Europea de Doctors-Barcelona 1914<\/strong> (RAED), va participar el passat 17 de mar\u00e7 a la presentaci\u00f3 de la <strong><a href=\"https:\/\/fundacionsociedadcivil.org\/\" target=\"_blank\" rel=\"noopener\">Fundaci\u00f3 Societat Civil<\/a>\u00a0<\/strong>com a part de l&#8217;<a href=\"https:\/\/sociedadcivilahora.es\/\" target=\"_blank\" rel=\"noopener\"><strong>Associaci\u00f3 Nacional Societat Civil Ara<\/strong><\/a>. L&#8217;acte es va celebrar al Sal\u00f3 de Graus de la Facultat de Dret de la <strong>Universitat de M\u00farcia<\/strong>. A la presentaci\u00f3 tamb\u00e9 van participar <strong>Dami\u00e1n Carmona<\/strong>, empresari i divulgador mediambiental que presideix aquesta entitat; <strong>Alberto Aguirre de C\u00e1rcel<\/strong>, director del diari <strong>&#8220;La Verdad&#8221;<\/strong> de M\u00farcia, i <strong>Antonio Pe\u00f1arrubia<\/strong>, director general de<strong> La 7<\/strong>, el canal de televisi\u00f3 p\u00fablic de la Regi\u00f3 de M\u00farcia.<\/p>\n<p>La Fundaci\u00f3 Societat Civil va n\u00e9ixer l&#8217;any 2005 a M\u00farcia com a alternativa local a l&#8217;enfrontament partidista. &#8220;Tradicionalment, a Espanya el m\u00f3n de les idees pol\u00edtiques s&#8217;ha considerat com a exclusiu dels partits, els quals, mitjan\u00e7ant fundacions vinculades, generen un debat d&#8217;idees que considerem obeeix als seus interessos a curt termini. Si a aix\u00f2 afegim la cotilla que suposa la correcci\u00f3 pol\u00edtica \u00e9s molt dif\u00edcil que en aquestes condicions es pugui produir el debat d&#8217;idees que necessitem per superar els reptes a qu\u00e8 ens enfrontem actualment. Els quaranta anys de dictadura que patim a Espanya van consolidar un greu desequilibri entre l&#8217;Estat i la societat civil&#8221;, considera <strong>Carmona<\/strong>.<\/p>\n<p>Per al president d&#8217;aquesta fundaci\u00f3, l&#8217;anormalitat de la societat civil espanyola requereix iniciatives com les que impulsa tant aquesta entitat com ara Societat Civil Ara. &#8220;Despr\u00e9s de quaranta anys de democr\u00e0cia \u00e9s clar que la soluci\u00f3 a aquest greu problema no provindr\u00e0 del m\u00f3n pol\u00edtic. Deur\u00e0 ser la mateixa societat la que s&#8217;organitzi i exigeixi el paper que li correspon en una societat moderna. Des de la mod\u00e8stia pretenem contribuir a engrandir el redu\u00eft nombre d&#8217;institucions que de moment conformen la societat civil espanyola, i contribuir amb la nostra pr\u00f2pia visi\u00f3 al debat pol\u00edtic, som plenament conscients que l&#8217;objectivitat, tot i que es persegueixi amb afany, no existeix en pol\u00edtica, per\u00f2 no pretenem aportar objectivitat, sin\u00f3 una visi\u00f3 m\u00e9s, tan necess\u00e0ria a les societats obertes, aix\u00f2 s\u00ed, independent de qualsevol partit i oberta a la concurr\u00e8ncia amb la resta&#8221;, reflexiona.<\/p>\n<p>En defensa de la llibertat, la pluralitat i els valors democr\u00e0tics occidentals, la Fundaci\u00f3 Societat Civil t\u00e9 entre els seus mandats estatutaris organitzar i participar tota mena d&#8217;activitats, com ara confer\u00e8ncies, debats p\u00fablics, seminaris, publicacions i xarxes socials, a m\u00e9s de coordinar-se i col\u00b7laborar amb totes les entitats i els pensadors de l&#8217;\u00e0mbit pol\u00edtic als diferents nivells, regional, nacional i internacional. Per aix\u00f2 col\u00b7labora activament amb diverses plataformes i agrupacions d&#8217;organitzacions de la societat civil amb qu\u00e8 comparteix visi\u00f3 i ideari i ha estat part activa de les dues edicions del <strong>Congr\u00e9s Nacional de Societat Civil<\/strong> organitzats a Madrid i Val\u00e8ncia per Societat Civil Ara.<\/p>\n","protected":false},"excerpt":{"rendered":"<p>Aldo Olcese participa en la presentaci\u00f3 de la Fundaci\u00f3 &#8220;Sociedad Civil&#8221; com a part de l&#8217;Associaci\u00f3 Nacional &#8220;Sociedad Civil Ahora&#8221;<\/p>\n","protected":false},"author":12,"featured_media":131198,"comment_status":"closed","ping_status":"closed","sticky":false,"template":"","format":"standard","meta":{"_et_pb_use_builder":"","_et_pb_old_content":"","_et_gb_content_width":"","footnotes":""},"categories":[350,304,496,310,481],"tags":[],"class_list":["post-131241","post","type-post","status-publish","format-standard","has-post-thumbnail","hentry","category-ciencies-politiques","category-economia-i-politica-ca","category-educacio-etica-i-valors-ca","category-medi-ambient","category-sociologia-ca","et-has-post-format-content","et_post_format-et-post-format-standard"],"yoast_head":"<!-- This site is optimized with the Yoast SEO plugin v27.4 - https:\/\/yoast.com\/product\/yoast-seo-wordpress\/ -->\n<title>Un nou impuls a la societat civil - Reial Acad\u00e8mia Europea de Doctors<\/title>\n<meta name=\"description\" content=\"Aldo Olcese participa en la presentaci\u00f3 de la Fundaci\u00f3 &quot;Sociedad Civil&quot; com a part de l&#039;Associaci\u00f3 Nacional &quot;Sociedad Civil Ahora&quot;\" \/>\n<meta name=\"robots\" content=\"index, follow, max-snippet:-1, max-image-preview:large, max-video-preview:-1\" \/>\n<link rel=\"canonical\" href=\"https:\/\/raed.academy\/ca\/un-nou-impuls-a-la-societat-civil\/\" \/>\n<meta property=\"og:locale\" content=\"ca_ES\" \/>\n<meta property=\"og:type\" content=\"article\" \/>\n<meta property=\"og:title\" content=\"Un nou impuls a la societat civil - Reial Acad\u00e8mia Europea de Doctors\" \/>\n<meta property=\"og:description\" content=\"Aldo Olcese participa en la presentaci\u00f3 de la Fundaci\u00f3 &quot;Sociedad Civil&quot; com a part de l&#039;Associaci\u00f3 Nacional &quot;Sociedad Civil Ahora&quot;\" \/>\n<meta property=\"og:url\" content=\"https:\/\/raed.academy\/ca\/un-nou-impuls-a-la-societat-civil\/\" \/>\n<meta property=\"og:site_name\" content=\"Reial Acad\u00e8mia Europea de Doctors\" \/>\n<meta property=\"article:publisher\" content=\"http:\/\/fb.me\/raed.academy\" \/>\n<meta property=\"article:published_time\" content=\"2023-03-30T16:09:04+00:00\" \/>\n<meta property=\"article:modified_time\" content=\"2023-03-31T09:01:59+00:00\" \/>\n<meta property=\"og:image\" content=\"https:\/\/raed.academy\/wp-content\/uploads\/2023\/03\/Aldo-Olcese-Destacada.webp\" \/>\n\t<meta property=\"og:image:width\" content=\"600\" \/>\n\t<meta property=\"og:image:height\" content=\"359\" \/>\n\t<meta property=\"og:image:type\" content=\"image\/webp\" \/>\n<meta name=\"author\" content=\"RAED\" \/>\n<meta name=\"twitter:card\" content=\"summary_large_image\" \/>\n<meta name=\"twitter:creator\" content=\"@raedacademy\" \/>\n<meta name=\"twitter:site\" content=\"@raedacademy\" \/>\n<meta name=\"twitter:label1\" content=\"Written by\" \/>\n\t<meta name=\"twitter:data1\" content=\"RAED\" \/>\n\t<meta name=\"twitter:label2\" content=\"Est. reading time\" \/>\n\t<meta name=\"twitter:data2\" content=\"3 minutes\" \/>\n<script type=\"application\/ld+json\" class=\"yoast-schema-graph\">{\"@context\":\"https:\\\/\\\/schema.org\",\"@graph\":[{\"@type\":\"Article\",\"@id\":\"https:\\\/\\\/raed.academy\\\/ca\\\/un-nou-impuls-a-la-societat-civil\\\/#article\",\"isPartOf\":{\"@id\":\"https:\\\/\\\/raed.academy\\\/ca\\\/un-nou-impuls-a-la-societat-civil\\\/\"},\"author\":{\"name\":\"RAED\",\"@id\":\"https:\\\/\\\/raed.academy\\\/ca\\\/#\\\/schema\\\/person\\\/5a755da80d1d979fd66ba745c8702927\"},\"headline\":\"Un nou impuls a la societat civil\",\"datePublished\":\"2023-03-30T16:09:04+00:00\",\"dateModified\":\"2023-03-31T09:01:59+00:00\",\"mainEntityOfPage\":{\"@id\":\"https:\\\/\\\/raed.academy\\\/ca\\\/un-nou-impuls-a-la-societat-civil\\\/\"},\"wordCount\":554,\"publisher\":{\"@id\":\"https:\\\/\\\/raed.academy\\\/ca\\\/#organization\"},\"image\":{\"@id\":\"https:\\\/\\\/raed.academy\\\/ca\\\/un-nou-impuls-a-la-societat-civil\\\/#primaryimage\"},\"thumbnailUrl\":\"https:\\\/\\\/raed.academy\\\/wp-content\\\/uploads\\\/2023\\\/03\\\/Aldo-Olcese-Destacada.webp\",\"articleSection\":[\"Ci\u00e8ncies pol\u00edtiques\",\"Economia i pol\u00edtica\",\"Educaci\u00f3, \u00e8tica i valors\",\"Medi ambient\",\"Sociologia\"],\"inLanguage\":\"ca-ES\"},{\"@type\":\"WebPage\",\"@id\":\"https:\\\/\\\/raed.academy\\\/ca\\\/un-nou-impuls-a-la-societat-civil\\\/\",\"url\":\"https:\\\/\\\/raed.academy\\\/ca\\\/un-nou-impuls-a-la-societat-civil\\\/\",\"name\":\"Un nou impuls a la societat civil - Reial Acad\u00e8mia Europea de Doctors\",\"isPartOf\":{\"@id\":\"https:\\\/\\\/raed.academy\\\/ca\\\/#website\"},\"primaryImageOfPage\":{\"@id\":\"https:\\\/\\\/raed.academy\\\/ca\\\/un-nou-impuls-a-la-societat-civil\\\/#primaryimage\"},\"image\":{\"@id\":\"https:\\\/\\\/raed.academy\\\/ca\\\/un-nou-impuls-a-la-societat-civil\\\/#primaryimage\"},\"thumbnailUrl\":\"https:\\\/\\\/raed.academy\\\/wp-content\\\/uploads\\\/2023\\\/03\\\/Aldo-Olcese-Destacada.webp\",\"datePublished\":\"2023-03-30T16:09:04+00:00\",\"dateModified\":\"2023-03-31T09:01:59+00:00\",\"description\":\"Aldo Olcese participa en la presentaci\u00f3 de la Fundaci\u00f3 \\\"Sociedad Civil\\\" com a part de l'Associaci\u00f3 Nacional \\\"Sociedad Civil Ahora\\\"\",\"breadcrumb\":{\"@id\":\"https:\\\/\\\/raed.academy\\\/ca\\\/un-nou-impuls-a-la-societat-civil\\\/#breadcrumb\"},\"inLanguage\":\"ca-ES\",\"potentialAction\":[{\"@type\":\"ReadAction\",\"target\":[\"https:\\\/\\\/raed.academy\\\/ca\\\/un-nou-impuls-a-la-societat-civil\\\/\"]}]},{\"@type\":\"ImageObject\",\"inLanguage\":\"ca-ES\",\"@id\":\"https:\\\/\\\/raed.academy\\\/ca\\\/un-nou-impuls-a-la-societat-civil\\\/#primaryimage\",\"url\":\"https:\\\/\\\/raed.academy\\\/wp-content\\\/uploads\\\/2023\\\/03\\\/Aldo-Olcese-Destacada.webp\",\"contentUrl\":\"https:\\\/\\\/raed.academy\\\/wp-content\\\/uploads\\\/2023\\\/03\\\/Aldo-Olcese-Destacada.webp\",\"width\":600,\"height\":359},{\"@type\":\"BreadcrumbList\",\"@id\":\"https:\\\/\\\/raed.academy\\\/ca\\\/un-nou-impuls-a-la-societat-civil\\\/#breadcrumb\",\"itemListElement\":[{\"@type\":\"ListItem\",\"position\":1,\"name\":\"Inicio\",\"item\":\"https:\\\/\\\/raed.academy\\\/ca\\\/\"},{\"@type\":\"ListItem\",\"position\":2,\"name\":\"Un nou impuls a la societat civil\"}]},{\"@type\":\"WebSite\",\"@id\":\"https:\\\/\\\/raed.academy\\\/ca\\\/#website\",\"url\":\"https:\\\/\\\/raed.academy\\\/ca\\\/\",\"name\":\"Reial Acad\u00e8mia Europea de Doctors\",\"description\":\"Corporaci\u00f3n de derecho p\u00fablico de car\u00e1cter cient\u00edfico, t\u00e9cnico y art\u00edstico, que tiene por objeto la investigaci\u00f3n, el estudio, el fomento y la extensi\u00f3n del conocimiento en su sentido m\u00e1s amplio\",\"publisher\":{\"@id\":\"https:\\\/\\\/raed.academy\\\/ca\\\/#organization\"},\"potentialAction\":[{\"@type\":\"SearchAction\",\"target\":{\"@type\":\"EntryPoint\",\"urlTemplate\":\"https:\\\/\\\/raed.academy\\\/ca\\\/?s={search_term_string}\"},\"query-input\":{\"@type\":\"PropertyValueSpecification\",\"valueRequired\":true,\"valueName\":\"search_term_string\"}}],\"inLanguage\":\"ca-ES\"},{\"@type\":\"Organization\",\"@id\":\"https:\\\/\\\/raed.academy\\\/ca\\\/#organization\",\"name\":\"Real Academia Europea de Doctores\",\"url\":\"https:\\\/\\\/raed.academy\\\/ca\\\/\",\"logo\":{\"@type\":\"ImageObject\",\"inLanguage\":\"ca-ES\",\"@id\":\"https:\\\/\\\/raed.academy\\\/ca\\\/#\\\/schema\\\/logo\\\/image\\\/\",\"url\":\"https:\\\/\\\/raed.academy\\\/wp-content\\\/uploads\\\/2017\\\/01\\\/cropped-logo_raed.png\",\"contentUrl\":\"https:\\\/\\\/raed.academy\\\/wp-content\\\/uploads\\\/2017\\\/01\\\/cropped-logo_raed.png\",\"width\":512,\"height\":512,\"caption\":\"Real Academia Europea de Doctores\"},\"image\":{\"@id\":\"https:\\\/\\\/raed.academy\\\/ca\\\/#\\\/schema\\\/logo\\\/image\\\/\"},\"sameAs\":[\"http:\\\/\\\/fb.me\\\/raed.academy\",\"https:\\\/\\\/x.com\\\/raedacademy\",\"https:\\\/\\\/www.instagram.com\\\/raed.academy\\\/\",\"https:\\\/\\\/www.youtube.com\\\/channel\\\/UCUYQwW2KrdirNWihxMDObwg\"]},{\"@type\":\"Person\",\"@id\":\"https:\\\/\\\/raed.academy\\\/ca\\\/#\\\/schema\\\/person\\\/5a755da80d1d979fd66ba745c8702927\",\"name\":\"RAED\",\"image\":{\"@type\":\"ImageObject\",\"inLanguage\":\"ca-ES\",\"@id\":\"https:\\\/\\\/secure.gravatar.com\\\/avatar\\\/19fdfdc0d67fb9c45714b703a2ac82251c4fcea3637f002ac3c9b74c0183583c?s=96&d=mm&r=g\",\"url\":\"https:\\\/\\\/secure.gravatar.com\\\/avatar\\\/19fdfdc0d67fb9c45714b703a2ac82251c4fcea3637f002ac3c9b74c0183583c?s=96&d=mm&r=g\",\"contentUrl\":\"https:\\\/\\\/secure.gravatar.com\\\/avatar\\\/19fdfdc0d67fb9c45714b703a2ac82251c4fcea3637f002ac3c9b74c0183583c?s=96&d=mm&r=g\",\"caption\":\"RAED\"}}]}<\/script>\n<!-- \/ Yoast SEO plugin. -->","yoast_head_json":{"title":"Un nou impuls a la societat civil - Reial Acad\u00e8mia Europea de Doctors","description":"Aldo Olcese participa en la presentaci\u00f3 de la Fundaci\u00f3 \"Sociedad Civil\" com a part de l'Associaci\u00f3 Nacional \"Sociedad Civil Ahora\"","robots":{"index":"index","follow":"follow","max-snippet":"max-snippet:-1","max-image-preview":"max-image-preview:large","max-video-preview":"max-video-preview:-1"},"canonical":"https:\/\/raed.academy\/ca\/un-nou-impuls-a-la-societat-civil\/","og_locale":"ca_ES","og_type":"article","og_title":"Un nou impuls a la societat civil - Reial Acad\u00e8mia Europea de Doctors","og_description":"Aldo Olcese participa en la presentaci\u00f3 de la Fundaci\u00f3 \"Sociedad Civil\" com a part de l'Associaci\u00f3 Nacional \"Sociedad Civil Ahora\"","og_url":"https:\/\/raed.academy\/ca\/un-nou-impuls-a-la-societat-civil\/","og_site_name":"Reial Acad\u00e8mia Europea de Doctors","article_publisher":"http:\/\/fb.me\/raed.academy","article_published_time":"2023-03-30T16:09:04+00:00","article_modified_time":"2023-03-31T09:01:59+00:00","og_image":[{"width":600,"height":359,"url":"https:\/\/raed.academy\/wp-content\/uploads\/2023\/03\/Aldo-Olcese-Destacada.webp","type":"image\/webp"}],"author":"RAED","twitter_card":"summary_large_image","twitter_creator":"@raedacademy","twitter_site":"@raedacademy","twitter_misc":{"Written by":"RAED","Est. reading time":"3 minutes"},"schema":{"@context":"https:\/\/schema.org","@graph":[{"@type":"Article","@id":"https:\/\/raed.academy\/ca\/un-nou-impuls-a-la-societat-civil\/#article","isPartOf":{"@id":"https:\/\/raed.academy\/ca\/un-nou-impuls-a-la-societat-civil\/"},"author":{"name":"RAED","@id":"https:\/\/raed.academy\/ca\/#\/schema\/person\/5a755da80d1d979fd66ba745c8702927"},"headline":"Un nou impuls a la societat civil","datePublished":"2023-03-30T16:09:04+00:00","dateModified":"2023-03-31T09:01:59+00:00","mainEntityOfPage":{"@id":"https:\/\/raed.academy\/ca\/un-nou-impuls-a-la-societat-civil\/"},"wordCount":554,"publisher":{"@id":"https:\/\/raed.academy\/ca\/#organization"},"image":{"@id":"https:\/\/raed.academy\/ca\/un-nou-impuls-a-la-societat-civil\/#primaryimage"},"thumbnailUrl":"https:\/\/raed.academy\/wp-content\/uploads\/2023\/03\/Aldo-Olcese-Destacada.webp","articleSection":["Ci\u00e8ncies pol\u00edtiques","Economia i pol\u00edtica","Educaci\u00f3, \u00e8tica i valors","Medi ambient","Sociologia"],"inLanguage":"ca-ES"},{"@type":"WebPage","@id":"https:\/\/raed.academy\/ca\/un-nou-impuls-a-la-societat-civil\/","url":"https:\/\/raed.academy\/ca\/un-nou-impuls-a-la-societat-civil\/","name":"Un nou impuls a la societat civil - Reial Acad\u00e8mia Europea de Doctors","isPartOf":{"@id":"https:\/\/raed.academy\/ca\/#website"},"primaryImageOfPage":{"@id":"https:\/\/raed.academy\/ca\/un-nou-impuls-a-la-societat-civil\/#primaryimage"},"image":{"@id":"https:\/\/raed.academy\/ca\/un-nou-impuls-a-la-societat-civil\/#primaryimage"},"thumbnailUrl":"https:\/\/raed.academy\/wp-content\/uploads\/2023\/03\/Aldo-Olcese-Destacada.webp","datePublished":"2023-03-30T16:09:04+00:00","dateModified":"2023-03-31T09:01:59+00:00","description":"Aldo Olcese participa en la presentaci\u00f3 de la Fundaci\u00f3 \"Sociedad Civil\" com a part de l'Associaci\u00f3 Nacional \"Sociedad Civil Ahora\"","breadcrumb":{"@id":"https:\/\/raed.academy\/ca\/un-nou-impuls-a-la-societat-civil\/#breadcrumb"},"inLanguage":"ca-ES","potentialAction":[{"@type":"ReadAction","target":["https:\/\/raed.academy\/ca\/un-nou-impuls-a-la-societat-civil\/"]}]},{"@type":"ImageObject","inLanguage":"ca-ES","@id":"https:\/\/raed.academy\/ca\/un-nou-impuls-a-la-societat-civil\/#primaryimage","url":"https:\/\/raed.academy\/wp-content\/uploads\/2023\/03\/Aldo-Olcese-Destacada.webp","contentUrl":"https:\/\/raed.academy\/wp-content\/uploads\/2023\/03\/Aldo-Olcese-Destacada.webp","width":600,"height":359},{"@type":"BreadcrumbList","@id":"https:\/\/raed.academy\/ca\/un-nou-impuls-a-la-societat-civil\/#breadcrumb","itemListElement":[{"@type":"ListItem","position":1,"name":"Inicio","item":"https:\/\/raed.academy\/ca\/"},{"@type":"ListItem","position":2,"name":"Un nou impuls a la societat civil"}]},{"@type":"WebSite","@id":"https:\/\/raed.academy\/ca\/#website","url":"https:\/\/raed.academy\/ca\/","name":"Reial Acad\u00e8mia Europea de Doctors","description":"Corporaci\u00f3n de derecho p\u00fablico de car\u00e1cter cient\u00edfico, t\u00e9cnico y art\u00edstico, que tiene por objeto la investigaci\u00f3n, el estudio, el fomento y la extensi\u00f3n del conocimiento en su sentido m\u00e1s amplio","publisher":{"@id":"https:\/\/raed.academy\/ca\/#organization"},"potentialAction":[{"@type":"SearchAction","target":{"@type":"EntryPoint","urlTemplate":"https:\/\/raed.academy\/ca\/?s={search_term_string}"},"query-input":{"@type":"PropertyValueSpecification","valueRequired":true,"valueName":"search_term_string"}}],"inLanguage":"ca-ES"},{"@type":"Organization","@id":"https:\/\/raed.academy\/ca\/#organization","name":"Real Academia Europea de Doctores","url":"https:\/\/raed.academy\/ca\/","logo":{"@type":"ImageObject","inLanguage":"ca-ES","@id":"https:\/\/raed.academy\/ca\/#\/schema\/logo\/image\/","url":"https:\/\/raed.academy\/wp-content\/uploads\/2017\/01\/cropped-logo_raed.png","contentUrl":"https:\/\/raed.academy\/wp-content\/uploads\/2017\/01\/cropped-logo_raed.png","width":512,"height":512,"caption":"Real Academia Europea de Doctores"},"image":{"@id":"https:\/\/raed.academy\/ca\/#\/schema\/logo\/image\/"},"sameAs":["http:\/\/fb.me\/raed.academy","https:\/\/x.com\/raedacademy","https:\/\/www.instagram.com\/raed.academy\/","https:\/\/www.youtube.com\/channel\/UCUYQwW2KrdirNWihxMDObwg"]},{"@type":"Person","@id":"https:\/\/raed.academy\/ca\/#\/schema\/person\/5a755da80d1d979fd66ba745c8702927","name":"RAED","image":{"@type":"ImageObject","inLanguage":"ca-ES","@id":"https:\/\/secure.gravatar.com\/avatar\/19fdfdc0d67fb9c45714b703a2ac82251c4fcea3637f002ac3c9b74c0183583c?s=96&d=mm&r=g","url":"https:\/\/secure.gravatar.com\/avatar\/19fdfdc0d67fb9c45714b703a2ac82251c4fcea3637f002ac3c9b74c0183583c?s=96&d=mm&r=g","contentUrl":"https:\/\/secure.gravatar.com\/avatar\/19fdfdc0d67fb9c45714b703a2ac82251c4fcea3637f002ac3c9b74c0183583c?s=96&d=mm&r=g","caption":"RAED"}}]}},"_links":{"self":[{"href":"https:\/\/raed.academy\/ca\/wp-json\/wp\/v2\/posts\/131241","targetHints":{"allow":["GET"]}}],"collection":[{"href":"https:\/\/raed.academy\/ca\/wp-json\/wp\/v2\/posts"}],"about":[{"href":"https:\/\/raed.academy\/ca\/wp-json\/wp\/v2\/types\/post"}],"author":[{"embeddable":true,"href":"https:\/\/raed.academy\/ca\/wp-json\/wp\/v2\/users\/12"}],"replies":[{"embeddable":true,"href":"https:\/\/raed.academy\/ca\/wp-json\/wp\/v2\/comments?post=131241"}],"version-history":[{"count":0,"href":"https:\/\/raed.academy\/ca\/wp-json\/wp\/v2\/posts\/131241\/revisions"}],"wp:featuredmedia":[{"embeddable":true,"href":"https:\/\/raed.academy\/ca\/wp-json\/wp\/v2\/media\/131198"}],"wp:attachment":[{"href":"https:\/\/raed.academy\/ca\/wp-json\/wp\/v2\/media?parent=131241"}],"wp:term":[{"taxonomy":"category","embeddable":true,"href":"https:\/\/raed.academy\/ca\/wp-json\/wp\/v2\/categories?post=131241"},{"taxonomy":"post_tag","embeddable":true,"href":"https:\/\/raed.academy\/ca\/wp-json\/wp\/v2\/tags?post=131241"}],"curies":[{"name":"wp","href":"https:\/\/api.w.org\/{rel}","templated":true}]}}