{"id":131141,"date":"2023-03-30T11:36:37","date_gmt":"2023-03-30T11:36:37","guid":{"rendered":"https:\/\/raed.academy\/?p=131141"},"modified":"2023-03-31T09:12:45","modified_gmt":"2023-03-31T09:12:45","slug":"la-por-al-vei-del-nord","status":"publish","type":"post","link":"https:\/\/raed.academy\/ca\/la-por-al-vei-del-nord\/","title":{"rendered":"La por al ve\u00ed del nord"},"content":{"rendered":"<div id=\"attachment_93124\" style=\"width: 301px\" class=\"wp-caption alignright\"><img loading=\"lazy\" decoding=\"async\" aria-describedby=\"caption-attachment-93124\" class=\"wp-image-93124\" src=\"https:\/\/raed.academy\/wp-content\/uploads\/2020\/09\/Enrique-Sada-Sandoval-dstNtc.jpg\" sizes=\"(max-width: 309px) 100vw, 309px\" srcset=\"https:\/\/raed.academy\/wp-content\/uploads\/2020\/09\/Enrique-Sada-Sandoval-dstNtc.jpg 495w, https:\/\/raed.academy\/wp-content\/uploads\/2020\/09\/Enrique-Sada-Sandoval-dstNtc-440x264.jpg 440w\" alt=\"Enrique Sada\" width=\"291\" height=\"174\" aria-describedby=\"caption-attachment-93124\" \/><p id=\"caption-attachment-93124\" class=\"wp-caption-text\">Enrique Sada<\/p><\/div>\n<p>L&#8217;historiador mexic\u00e0 <strong>Enrique Sada<\/strong>, col\u00b7laborador de la <strong>Reial Acad\u00e8mia Europea de Doctors-Barcelona 1914<\/strong> (RAED), denuncia el que considera un &#8220;doble joc&#8221; del Govern mexic\u00e0 en relaci\u00f3 amb el crim organitzat dels c\u00e0rtels del narcotr\u00e0fic i el Govern federal dels Estats Units a l&#8217;article <strong>&#8220;El miedo al vecino del norte&#8221;<\/strong>, publicat al portal especialitzat <strong>C\u00f3digo Libre<\/strong> el 7 d&#8217;agost passat.<\/p>\n<p>&#8220;Va transcendir davant els mitjans internacionals com \u00e9s que quatre ciutadans nord-americans havien estat raptats pel crim organitzat a Matamoros, Tamaulipas. Davant el reclam i l&#8217;amena\u00e7a per part del Govern nord-americ\u00e0 de declarar com a terroristes els narcotraficants al pa\u00eds, el Govern federal mexic\u00e0 va respondre amb una rapidesa \u00fanica i en temps r\u00e8cord que ha generat indignaci\u00f3 i fins i tot vergonya: els desapareguts -dos morts, dos supervivents- van apar\u00e8ixer i van ser alliberats, cosa que sens dubte fa pensar que el Govern mexic\u00e0 disposa de totes les facilitats per trobar-lo parador de segrestats o desapareguts i no ho fa perqu\u00e8 no vol&#8221;, inicia la seva argumentaci\u00f3 referint-se a aquesta presumpta conniv\u00e8ncia.<\/p>\n<p><img loading=\"lazy\" decoding=\"async\" class=\" wp-image-131233 alignleft\" src=\"https:\/\/raed.academy\/wp-content\/uploads\/2023\/03\/cartel-mexico.webp\" alt=\"\" width=\"356\" height=\"215\" srcset=\"https:\/\/raed.academy\/wp-content\/uploads\/2023\/03\/cartel-mexico.webp 600w, https:\/\/raed.academy\/wp-content\/uploads\/2023\/03\/cartel-mexico-440x264.webp 440w\" sizes=\"(max-width: 356px) 100vw, 356px\" \/>Per a <strong>Sada<\/strong>, aquest episodi es va donar, precisament, quan l&#8217;exfiscal general dels Estats Units, <strong>William Barr<\/strong>, va manifestar que el principal protector del crim organitzat al pa\u00eds \u00e9s el president de M\u00e8xic. Davant del que ha passat, els fiscals generals de 21 estats de la <strong>Uni\u00f3 Americana<\/strong> i diversos legisladors nord-americans, tant republicans com dem\u00f2crates, estan proposant que els c\u00e0rtels siguin designats com a organitzacions terroristes pel president <strong>Joe Biden<\/strong>, cosa que des de M\u00e8xic es rebutja.<\/p>\n<p>&#8220;Certament, la hist\u00f2ria entre M\u00e8xic i els Estats Units ha estat una hist\u00f2ria d&#8217;agressions constants d&#8217;aquella naci\u00f3 cap a la nostra des del 1822. Tot i aix\u00f2, el m\u00e9s trist en aquest cas \u00e9s que la majoria dels mexicans, decebuts d&#8217;un president que els ha fallat en tot, ara miren amb bons ulls la possibilitat d&#8217;una intervenci\u00f3 militar del ve\u00ed del nord, perqu\u00e8 pacifiqui i acabi fent el que el Govern mexic\u00e0, per contuberni amb la delinq\u00fc\u00e8ncia, no ha volgut ni ha pogut fer&#8221;, conclou l&#8217;historiador.<\/p>\n<h2><a href=\"https:\/\/codigolibre.mx\/2023\/03\/10\/el-miedo-al-vecino-del-norte\/\" target=\"_blank\" rel=\"noopener\">Llegiu l&#8217;article<\/a><\/h2>\n","protected":false},"excerpt":{"rendered":"<p>L&#8217;historiador mexic\u00e0 Enrique Sada denuncia el que considera un &#8220;doble joc&#8221; del Govern mexic\u00e0 en relaci\u00f3 amb el crim organitzat dels c\u00e0rtels del narcotr\u00e0fic i el Govern federal dels Estats Units en l&#8217;article &#8220;La por al ve\u00ed del nord&#8221;<\/p>\n","protected":false},"author":12,"featured_media":131234,"comment_status":"closed","ping_status":"closed","sticky":false,"template":"","format":"standard","meta":{"_et_pb_use_builder":"","_et_pb_old_content":"","_et_gb_content_width":"","footnotes":""},"categories":[350,242],"tags":[],"class_list":["post-131141","post","type-post","status-publish","format-standard","has-post-thumbnail","hentry","category-ciencies-politiques","category-categ-historia","et-has-post-format-content","et_post_format-et-post-format-standard"],"yoast_head":"<!-- This site is optimized with the Yoast SEO plugin v27.4 - https:\/\/yoast.com\/product\/yoast-seo-wordpress\/ -->\n<title>La por al ve\u00ed del nord - Reial Acad\u00e8mia Europea de Doctors<\/title>\n<meta name=\"description\" content=\"Enrique Sada denuncia el &quot;doble joc&quot; del Govern mexic\u00e0 en relaci\u00f3 amb el crim organitzat dels c\u00e0rtels del narcotr\u00e0fic i el Govern federal dels EUA\" \/>\n<meta name=\"robots\" content=\"index, follow, max-snippet:-1, max-image-preview:large, max-video-preview:-1\" \/>\n<link rel=\"canonical\" href=\"https:\/\/raed.academy\/ca\/la-por-al-vei-del-nord\/\" \/>\n<meta property=\"og:locale\" content=\"ca_ES\" \/>\n<meta property=\"og:type\" content=\"article\" \/>\n<meta property=\"og:title\" content=\"La por al ve\u00ed del nord - Reial Acad\u00e8mia Europea de Doctors\" \/>\n<meta property=\"og:description\" content=\"Enrique Sada denuncia el &quot;doble joc&quot; del Govern mexic\u00e0 en relaci\u00f3 amb el crim organitzat dels c\u00e0rtels del narcotr\u00e0fic i el Govern federal dels EUA\" \/>\n<meta property=\"og:url\" content=\"https:\/\/raed.academy\/ca\/la-por-al-vei-del-nord\/\" \/>\n<meta property=\"og:site_name\" content=\"Reial Acad\u00e8mia Europea de Doctors\" \/>\n<meta property=\"article:publisher\" content=\"http:\/\/fb.me\/raed.academy\" \/>\n<meta property=\"article:published_time\" content=\"2023-03-30T11:36:37+00:00\" \/>\n<meta property=\"article:modified_time\" content=\"2023-03-31T09:12:45+00:00\" \/>\n<meta property=\"og:image\" content=\"https:\/\/raed.academy\/wp-content\/uploads\/2023\/03\/cartel-mexico.webp\" \/>\n\t<meta property=\"og:image:width\" content=\"600\" \/>\n\t<meta property=\"og:image:height\" content=\"362\" \/>\n\t<meta property=\"og:image:type\" content=\"image\/webp\" \/>\n<meta name=\"author\" content=\"RAED\" \/>\n<meta name=\"twitter:card\" content=\"summary_large_image\" \/>\n<meta name=\"twitter:creator\" content=\"@raedacademy\" \/>\n<meta name=\"twitter:site\" content=\"@raedacademy\" \/>\n<meta name=\"twitter:label1\" content=\"Written by\" \/>\n\t<meta name=\"twitter:data1\" content=\"RAED\" \/>\n\t<meta name=\"twitter:label2\" content=\"Est. reading time\" \/>\n\t<meta name=\"twitter:data2\" content=\"2 minutes\" \/>\n<script type=\"application\/ld+json\" class=\"yoast-schema-graph\">{\"@context\":\"https:\\\/\\\/schema.org\",\"@graph\":[{\"@type\":\"Article\",\"@id\":\"https:\\\/\\\/raed.academy\\\/ca\\\/la-por-al-vei-del-nord\\\/#article\",\"isPartOf\":{\"@id\":\"https:\\\/\\\/raed.academy\\\/ca\\\/la-por-al-vei-del-nord\\\/\"},\"author\":{\"name\":\"RAED\",\"@id\":\"https:\\\/\\\/raed.academy\\\/ca\\\/#\\\/schema\\\/person\\\/5a755da80d1d979fd66ba745c8702927\"},\"headline\":\"La por al ve\u00ed del nord\",\"datePublished\":\"2023-03-30T11:36:37+00:00\",\"dateModified\":\"2023-03-31T09:12:45+00:00\",\"mainEntityOfPage\":{\"@id\":\"https:\\\/\\\/raed.academy\\\/ca\\\/la-por-al-vei-del-nord\\\/\"},\"wordCount\":380,\"publisher\":{\"@id\":\"https:\\\/\\\/raed.academy\\\/ca\\\/#organization\"},\"image\":{\"@id\":\"https:\\\/\\\/raed.academy\\\/ca\\\/la-por-al-vei-del-nord\\\/#primaryimage\"},\"thumbnailUrl\":\"https:\\\/\\\/raed.academy\\\/wp-content\\\/uploads\\\/2023\\\/03\\\/cartel-mexico.webp\",\"articleSection\":[\"Ci\u00e8ncies pol\u00edtiques\",\"Hist\u00f2ria\"],\"inLanguage\":\"ca-ES\"},{\"@type\":\"WebPage\",\"@id\":\"https:\\\/\\\/raed.academy\\\/ca\\\/la-por-al-vei-del-nord\\\/\",\"url\":\"https:\\\/\\\/raed.academy\\\/ca\\\/la-por-al-vei-del-nord\\\/\",\"name\":\"La por al ve\u00ed del nord - Reial Acad\u00e8mia Europea de Doctors\",\"isPartOf\":{\"@id\":\"https:\\\/\\\/raed.academy\\\/ca\\\/#website\"},\"primaryImageOfPage\":{\"@id\":\"https:\\\/\\\/raed.academy\\\/ca\\\/la-por-al-vei-del-nord\\\/#primaryimage\"},\"image\":{\"@id\":\"https:\\\/\\\/raed.academy\\\/ca\\\/la-por-al-vei-del-nord\\\/#primaryimage\"},\"thumbnailUrl\":\"https:\\\/\\\/raed.academy\\\/wp-content\\\/uploads\\\/2023\\\/03\\\/cartel-mexico.webp\",\"datePublished\":\"2023-03-30T11:36:37+00:00\",\"dateModified\":\"2023-03-31T09:12:45+00:00\",\"description\":\"Enrique Sada denuncia el \\\"doble joc\\\" del Govern mexic\u00e0 en relaci\u00f3 amb el crim organitzat dels c\u00e0rtels del narcotr\u00e0fic i el Govern federal dels EUA\",\"breadcrumb\":{\"@id\":\"https:\\\/\\\/raed.academy\\\/ca\\\/la-por-al-vei-del-nord\\\/#breadcrumb\"},\"inLanguage\":\"ca-ES\",\"potentialAction\":[{\"@type\":\"ReadAction\",\"target\":[\"https:\\\/\\\/raed.academy\\\/ca\\\/la-por-al-vei-del-nord\\\/\"]}]},{\"@type\":\"ImageObject\",\"inLanguage\":\"ca-ES\",\"@id\":\"https:\\\/\\\/raed.academy\\\/ca\\\/la-por-al-vei-del-nord\\\/#primaryimage\",\"url\":\"https:\\\/\\\/raed.academy\\\/wp-content\\\/uploads\\\/2023\\\/03\\\/cartel-mexico.webp\",\"contentUrl\":\"https:\\\/\\\/raed.academy\\\/wp-content\\\/uploads\\\/2023\\\/03\\\/cartel-mexico.webp\",\"width\":600,\"height\":362},{\"@type\":\"BreadcrumbList\",\"@id\":\"https:\\\/\\\/raed.academy\\\/ca\\\/la-por-al-vei-del-nord\\\/#breadcrumb\",\"itemListElement\":[{\"@type\":\"ListItem\",\"position\":1,\"name\":\"Inicio\",\"item\":\"https:\\\/\\\/raed.academy\\\/ca\\\/\"},{\"@type\":\"ListItem\",\"position\":2,\"name\":\"La por al ve\u00ed del nord\"}]},{\"@type\":\"WebSite\",\"@id\":\"https:\\\/\\\/raed.academy\\\/ca\\\/#website\",\"url\":\"https:\\\/\\\/raed.academy\\\/ca\\\/\",\"name\":\"Reial Acad\u00e8mia Europea de Doctors\",\"description\":\"Corporaci\u00f3n de derecho p\u00fablico de car\u00e1cter cient\u00edfico, t\u00e9cnico y art\u00edstico, que tiene por objeto la investigaci\u00f3n, el estudio, el fomento y la extensi\u00f3n del conocimiento en su sentido m\u00e1s amplio\",\"publisher\":{\"@id\":\"https:\\\/\\\/raed.academy\\\/ca\\\/#organization\"},\"potentialAction\":[{\"@type\":\"SearchAction\",\"target\":{\"@type\":\"EntryPoint\",\"urlTemplate\":\"https:\\\/\\\/raed.academy\\\/ca\\\/?s={search_term_string}\"},\"query-input\":{\"@type\":\"PropertyValueSpecification\",\"valueRequired\":true,\"valueName\":\"search_term_string\"}}],\"inLanguage\":\"ca-ES\"},{\"@type\":\"Organization\",\"@id\":\"https:\\\/\\\/raed.academy\\\/ca\\\/#organization\",\"name\":\"Real Academia Europea de Doctores\",\"url\":\"https:\\\/\\\/raed.academy\\\/ca\\\/\",\"logo\":{\"@type\":\"ImageObject\",\"inLanguage\":\"ca-ES\",\"@id\":\"https:\\\/\\\/raed.academy\\\/ca\\\/#\\\/schema\\\/logo\\\/image\\\/\",\"url\":\"https:\\\/\\\/raed.academy\\\/wp-content\\\/uploads\\\/2017\\\/01\\\/cropped-logo_raed.png\",\"contentUrl\":\"https:\\\/\\\/raed.academy\\\/wp-content\\\/uploads\\\/2017\\\/01\\\/cropped-logo_raed.png\",\"width\":512,\"height\":512,\"caption\":\"Real Academia Europea de Doctores\"},\"image\":{\"@id\":\"https:\\\/\\\/raed.academy\\\/ca\\\/#\\\/schema\\\/logo\\\/image\\\/\"},\"sameAs\":[\"http:\\\/\\\/fb.me\\\/raed.academy\",\"https:\\\/\\\/x.com\\\/raedacademy\",\"https:\\\/\\\/www.instagram.com\\\/raed.academy\\\/\",\"https:\\\/\\\/www.youtube.com\\\/channel\\\/UCUYQwW2KrdirNWihxMDObwg\"]},{\"@type\":\"Person\",\"@id\":\"https:\\\/\\\/raed.academy\\\/ca\\\/#\\\/schema\\\/person\\\/5a755da80d1d979fd66ba745c8702927\",\"name\":\"RAED\",\"image\":{\"@type\":\"ImageObject\",\"inLanguage\":\"ca-ES\",\"@id\":\"https:\\\/\\\/secure.gravatar.com\\\/avatar\\\/19fdfdc0d67fb9c45714b703a2ac82251c4fcea3637f002ac3c9b74c0183583c?s=96&d=mm&r=g\",\"url\":\"https:\\\/\\\/secure.gravatar.com\\\/avatar\\\/19fdfdc0d67fb9c45714b703a2ac82251c4fcea3637f002ac3c9b74c0183583c?s=96&d=mm&r=g\",\"contentUrl\":\"https:\\\/\\\/secure.gravatar.com\\\/avatar\\\/19fdfdc0d67fb9c45714b703a2ac82251c4fcea3637f002ac3c9b74c0183583c?s=96&d=mm&r=g\",\"caption\":\"RAED\"}}]}<\/script>\n<!-- \/ Yoast SEO plugin. -->","yoast_head_json":{"title":"La por al ve\u00ed del nord - Reial Acad\u00e8mia Europea de Doctors","description":"Enrique Sada denuncia el \"doble joc\" del Govern mexic\u00e0 en relaci\u00f3 amb el crim organitzat dels c\u00e0rtels del narcotr\u00e0fic i el Govern federal dels EUA","robots":{"index":"index","follow":"follow","max-snippet":"max-snippet:-1","max-image-preview":"max-image-preview:large","max-video-preview":"max-video-preview:-1"},"canonical":"https:\/\/raed.academy\/ca\/la-por-al-vei-del-nord\/","og_locale":"ca_ES","og_type":"article","og_title":"La por al ve\u00ed del nord - Reial Acad\u00e8mia Europea de Doctors","og_description":"Enrique Sada denuncia el \"doble joc\" del Govern mexic\u00e0 en relaci\u00f3 amb el crim organitzat dels c\u00e0rtels del narcotr\u00e0fic i el Govern federal dels EUA","og_url":"https:\/\/raed.academy\/ca\/la-por-al-vei-del-nord\/","og_site_name":"Reial Acad\u00e8mia Europea de Doctors","article_publisher":"http:\/\/fb.me\/raed.academy","article_published_time":"2023-03-30T11:36:37+00:00","article_modified_time":"2023-03-31T09:12:45+00:00","og_image":[{"width":600,"height":362,"url":"https:\/\/raed.academy\/wp-content\/uploads\/2023\/03\/cartel-mexico.webp","type":"image\/webp"}],"author":"RAED","twitter_card":"summary_large_image","twitter_creator":"@raedacademy","twitter_site":"@raedacademy","twitter_misc":{"Written by":"RAED","Est. reading time":"2 minutes"},"schema":{"@context":"https:\/\/schema.org","@graph":[{"@type":"Article","@id":"https:\/\/raed.academy\/ca\/la-por-al-vei-del-nord\/#article","isPartOf":{"@id":"https:\/\/raed.academy\/ca\/la-por-al-vei-del-nord\/"},"author":{"name":"RAED","@id":"https:\/\/raed.academy\/ca\/#\/schema\/person\/5a755da80d1d979fd66ba745c8702927"},"headline":"La por al ve\u00ed del nord","datePublished":"2023-03-30T11:36:37+00:00","dateModified":"2023-03-31T09:12:45+00:00","mainEntityOfPage":{"@id":"https:\/\/raed.academy\/ca\/la-por-al-vei-del-nord\/"},"wordCount":380,"publisher":{"@id":"https:\/\/raed.academy\/ca\/#organization"},"image":{"@id":"https:\/\/raed.academy\/ca\/la-por-al-vei-del-nord\/#primaryimage"},"thumbnailUrl":"https:\/\/raed.academy\/wp-content\/uploads\/2023\/03\/cartel-mexico.webp","articleSection":["Ci\u00e8ncies pol\u00edtiques","Hist\u00f2ria"],"inLanguage":"ca-ES"},{"@type":"WebPage","@id":"https:\/\/raed.academy\/ca\/la-por-al-vei-del-nord\/","url":"https:\/\/raed.academy\/ca\/la-por-al-vei-del-nord\/","name":"La por al ve\u00ed del nord - Reial Acad\u00e8mia Europea de Doctors","isPartOf":{"@id":"https:\/\/raed.academy\/ca\/#website"},"primaryImageOfPage":{"@id":"https:\/\/raed.academy\/ca\/la-por-al-vei-del-nord\/#primaryimage"},"image":{"@id":"https:\/\/raed.academy\/ca\/la-por-al-vei-del-nord\/#primaryimage"},"thumbnailUrl":"https:\/\/raed.academy\/wp-content\/uploads\/2023\/03\/cartel-mexico.webp","datePublished":"2023-03-30T11:36:37+00:00","dateModified":"2023-03-31T09:12:45+00:00","description":"Enrique Sada denuncia el \"doble joc\" del Govern mexic\u00e0 en relaci\u00f3 amb el crim organitzat dels c\u00e0rtels del narcotr\u00e0fic i el Govern federal dels EUA","breadcrumb":{"@id":"https:\/\/raed.academy\/ca\/la-por-al-vei-del-nord\/#breadcrumb"},"inLanguage":"ca-ES","potentialAction":[{"@type":"ReadAction","target":["https:\/\/raed.academy\/ca\/la-por-al-vei-del-nord\/"]}]},{"@type":"ImageObject","inLanguage":"ca-ES","@id":"https:\/\/raed.academy\/ca\/la-por-al-vei-del-nord\/#primaryimage","url":"https:\/\/raed.academy\/wp-content\/uploads\/2023\/03\/cartel-mexico.webp","contentUrl":"https:\/\/raed.academy\/wp-content\/uploads\/2023\/03\/cartel-mexico.webp","width":600,"height":362},{"@type":"BreadcrumbList","@id":"https:\/\/raed.academy\/ca\/la-por-al-vei-del-nord\/#breadcrumb","itemListElement":[{"@type":"ListItem","position":1,"name":"Inicio","item":"https:\/\/raed.academy\/ca\/"},{"@type":"ListItem","position":2,"name":"La por al ve\u00ed del nord"}]},{"@type":"WebSite","@id":"https:\/\/raed.academy\/ca\/#website","url":"https:\/\/raed.academy\/ca\/","name":"Reial Acad\u00e8mia Europea de Doctors","description":"Corporaci\u00f3n de derecho p\u00fablico de car\u00e1cter cient\u00edfico, t\u00e9cnico y art\u00edstico, que tiene por objeto la investigaci\u00f3n, el estudio, el fomento y la extensi\u00f3n del conocimiento en su sentido m\u00e1s amplio","publisher":{"@id":"https:\/\/raed.academy\/ca\/#organization"},"potentialAction":[{"@type":"SearchAction","target":{"@type":"EntryPoint","urlTemplate":"https:\/\/raed.academy\/ca\/?s={search_term_string}"},"query-input":{"@type":"PropertyValueSpecification","valueRequired":true,"valueName":"search_term_string"}}],"inLanguage":"ca-ES"},{"@type":"Organization","@id":"https:\/\/raed.academy\/ca\/#organization","name":"Real Academia Europea de Doctores","url":"https:\/\/raed.academy\/ca\/","logo":{"@type":"ImageObject","inLanguage":"ca-ES","@id":"https:\/\/raed.academy\/ca\/#\/schema\/logo\/image\/","url":"https:\/\/raed.academy\/wp-content\/uploads\/2017\/01\/cropped-logo_raed.png","contentUrl":"https:\/\/raed.academy\/wp-content\/uploads\/2017\/01\/cropped-logo_raed.png","width":512,"height":512,"caption":"Real Academia Europea de Doctores"},"image":{"@id":"https:\/\/raed.academy\/ca\/#\/schema\/logo\/image\/"},"sameAs":["http:\/\/fb.me\/raed.academy","https:\/\/x.com\/raedacademy","https:\/\/www.instagram.com\/raed.academy\/","https:\/\/www.youtube.com\/channel\/UCUYQwW2KrdirNWihxMDObwg"]},{"@type":"Person","@id":"https:\/\/raed.academy\/ca\/#\/schema\/person\/5a755da80d1d979fd66ba745c8702927","name":"RAED","image":{"@type":"ImageObject","inLanguage":"ca-ES","@id":"https:\/\/secure.gravatar.com\/avatar\/19fdfdc0d67fb9c45714b703a2ac82251c4fcea3637f002ac3c9b74c0183583c?s=96&d=mm&r=g","url":"https:\/\/secure.gravatar.com\/avatar\/19fdfdc0d67fb9c45714b703a2ac82251c4fcea3637f002ac3c9b74c0183583c?s=96&d=mm&r=g","contentUrl":"https:\/\/secure.gravatar.com\/avatar\/19fdfdc0d67fb9c45714b703a2ac82251c4fcea3637f002ac3c9b74c0183583c?s=96&d=mm&r=g","caption":"RAED"}}]}},"_links":{"self":[{"href":"https:\/\/raed.academy\/ca\/wp-json\/wp\/v2\/posts\/131141","targetHints":{"allow":["GET"]}}],"collection":[{"href":"https:\/\/raed.academy\/ca\/wp-json\/wp\/v2\/posts"}],"about":[{"href":"https:\/\/raed.academy\/ca\/wp-json\/wp\/v2\/types\/post"}],"author":[{"embeddable":true,"href":"https:\/\/raed.academy\/ca\/wp-json\/wp\/v2\/users\/12"}],"replies":[{"embeddable":true,"href":"https:\/\/raed.academy\/ca\/wp-json\/wp\/v2\/comments?post=131141"}],"version-history":[{"count":0,"href":"https:\/\/raed.academy\/ca\/wp-json\/wp\/v2\/posts\/131141\/revisions"}],"wp:featuredmedia":[{"embeddable":true,"href":"https:\/\/raed.academy\/ca\/wp-json\/wp\/v2\/media\/131234"}],"wp:attachment":[{"href":"https:\/\/raed.academy\/ca\/wp-json\/wp\/v2\/media?parent=131141"}],"wp:term":[{"taxonomy":"category","embeddable":true,"href":"https:\/\/raed.academy\/ca\/wp-json\/wp\/v2\/categories?post=131141"},{"taxonomy":"post_tag","embeddable":true,"href":"https:\/\/raed.academy\/ca\/wp-json\/wp\/v2\/tags?post=131141"}],"curies":[{"name":"wp","href":"https:\/\/api.w.org\/{rel}","templated":true}]}}