{"id":131008,"date":"2023-03-22T15:47:46","date_gmt":"2023-03-22T15:47:46","guid":{"rendered":"https:\/\/raed.academy\/?p=131008"},"modified":"2023-03-27T17:22:21","modified_gmt":"2023-03-27T17:22:21","slug":"salut-i-digitalitzacio","status":"publish","type":"post","link":"https:\/\/raed.academy\/ca\/salut-i-digitalitzacio\/","title":{"rendered":"Salut i digitalitzaci\u00f3"},"content":{"rendered":"<div id=\"attachment_74390\" style=\"width: 810px\" class=\"wp-caption aligncenter\"><img loading=\"lazy\" decoding=\"async\" aria-describedby=\"caption-attachment-74390\" class=\"size-full wp-image-74390\" src=\"https:\/\/raed.academy\/wp-content\/uploads\/2019\/06\/presentacion-guia-alimentacion-saludable-Jose-Ramon-Calvo.jpg\" alt=\"Dr. Jos\u00e9 Ram\u00f3n Calvo\" width=\"800\" height=\"561\" srcset=\"https:\/\/raed.academy\/wp-content\/uploads\/2019\/06\/presentacion-guia-alimentacion-saludable-Jose-Ramon-Calvo.jpg 800w, https:\/\/raed.academy\/wp-content\/uploads\/2019\/06\/presentacion-guia-alimentacion-saludable-Jose-Ramon-Calvo-768x539.jpg 768w\" sizes=\"(max-width: 800px) 100vw, 800px\" \/><p id=\"caption-attachment-74390\" class=\"wp-caption-text\">Dr. Jos\u00e9 Ram\u00f3n Calvo<\/p><\/div>\n<p><a href=\"https:\/\/raed.academy\/ca\/academics\/dr-jose-ramon-calvo-fernandez\/\" target=\"_blank\" rel=\"noopener\"><em><strong>Jos\u00e9 Ram\u00f3n Calvo<\/strong><\/em><\/a>, assessor estrat\u00e8gic del <strong>Barcelona Supercomputing Center-Centre Nacional de Supercomputaci\u00f3<\/strong>, acad\u00e8mic corresponent de la<strong> Reial Acad\u00e8mia de Medicina del Pa\u00eds Basc<\/strong> i acad\u00e8mic de n\u00famero i president de l&#8217;<strong>Institut de Cooperaci\u00f3 Internacional<\/strong> de la <strong>Reial Acad\u00e8mia Europea de Doctors-Barcelona 1914<\/strong> (RAED), va inaugurar el passat 8 de mar\u00e7 la s\u00e8rie de <strong>Confer\u00e8ncies Presencials<\/strong> que l&#8217;<strong>Acad\u00e8mia de Ci\u00e8ncies, Enginyeries i Humanitats de Lanzarote<\/strong>, de la qual \u00e9s vicepresident, va celebrar a l&#8217;<strong>Hotel Lancelot Playa<\/strong> d&#8217;Arrecife. La xerrada va portar per t\u00edtol <strong>&#8220;Salud y digitalizaci\u00f3n&#8221;<\/strong> i va mirar d&#8217;analitzar els canvis experimentats a l&#8217;assist\u00e8ncia sanit\u00e0ria a partir de la crisi del coronavirus. La presentaci\u00f3 va anar a c\u00e0rrec de l&#8217;acad\u00e8mic d&#8217;honor de la RAED i president de l&#8217;acad\u00e8mia can\u00e0ria <a href=\"https:\/\/raed.academy\/ca\/academics\/dr-francisco-gonzalez-de-posada\/\" target=\"_blank\" rel=\"noopener\"><em><strong>Francisco Gonz\u00e1lez de Posada<\/strong><\/em><\/a>.<\/p>\n<p>&#8220;Una part\u00edcula min\u00fascula, d&#8217;un di\u00e0metre 900 vegades inferior a un cabell hum\u00e0, incapa\u00e7 de reproduir-se per si mateixa, va revelar les llacunes del sistema sanitari espanyol i d&#8217;altres models i va tensar al l\u00edmit el sistema hospitalari, per no parlar del model de resid\u00e8ncies. Aix\u00f2 va revelar que no hi ha un model connectat de la sanitat espanyola, sin\u00f3 18 que no estan interconnectats, amb els problemes que aix\u00f2 va comportar en una situaci\u00f3 aix\u00ed&#8221;, va iniciar l&#8217;acad\u00e8mic la seva intervenci\u00f3, assenyalant la necessitat d&#8217;implementar un model digitalitzat, on les dades es puguin compartir, analitzar i fer servir per optimitzar el sistema.<\/p>\n<p>En aquest sentit, <strong>Calvo<\/strong> va assenyalar que va ser un sistema canadenc basat en la intel\u00b7lig\u00e8ncia artificial el que primer va alertar el desembre del 2019 despr\u00e9s de creuar dades sobre les primeres informacions aparegudes a la Xina i el risc de transmissi\u00f3 del tipus de malaltia que s&#8217;hi apuntava, tenint en compte la informaci\u00f3 sobre mobilitat a la zona. Aquest sistema fins i tot va determinar l&#8217;extensi\u00f3 de la infecci\u00f3 a l&#8217;estranger, iniciant-se per diverses regions de l&#8217;Extrem Orient i arribant a Europa a trav\u00e9s d&#8217;It\u00e0lia, com va succeir efectivament.<\/p>\n<p><strong>Calvo<\/strong> va abordar tamb\u00e9 la import\u00e0ncia de la ciberseguretat al sector m\u00e8dic, assenyalant que aquestes dades, catalogades d&#8217;especial protecci\u00f3, s\u00f3n precisament les que m\u00e9s es roben al m\u00f3n. El recent atac als sistemes inform\u00e0tics de l&#8217;<strong>Hospital Cl\u00ednic<\/strong> de Barcelona i el segrest de dades dona bona fe d&#8217;aquesta nova fragilitat del sistema sanitari espanyol, en qu\u00e8 cal treballar de manera rigorosa i sistem\u00e0tica. Perqu\u00e8, m\u00e9s enll\u00e0 del segrest de dades m\u00e8diques, es va produir la inhabilitaci\u00f3 dels serveis b\u00e0sics del centre, que va haver de suspendre les consultes programades. No \u00e9s un cas a\u00efllat, va assenyalar el ponent, sin\u00f3 que es dona constantment a tots nivells.<\/p>\n<p>A la part positiva, <strong>Calvo<\/strong> va apuntar les enormes possibilitats que ofereix la digitalitzaci\u00f3 i la gesti\u00f3 de dades en aspectes com la telemedicina, la millora de diagn\u00f2stics, la prevenci\u00f3, evoluci\u00f3 i els riscos que poden tenir els pacients gr\u00e0cies a la intel\u00b7lig\u00e8ncia artificial i els assistents digitals. En aquest sentit, els rellotges intel\u00b7ligents cada cop cobren m\u00e9s funcions que redunden en la recol\u00b7lecci\u00f3 de dades per al seguiment del pacient. Aix\u00ed mateix, la realitat virtual i el seguiment remot de pacients s\u00f3n aven\u00e7os que ja s\u00f3n aqu\u00ed mitjan\u00e7ant la decidida aposta per la digitalitzaci\u00f3, que t\u00e9 en la creaci\u00f3 de l&#8217;anomenat bess\u00f3 digital el proper gran repte.<\/p>\n<p><iframe loading=\"lazy\" title=\"Salud y digitalizaci\u00f3n\" width=\"1080\" height=\"608\" src=\"https:\/\/www.youtube.com\/embed\/kXrCL_20Au4?feature=oembed\" frameborder=\"0\" allow=\"accelerometer; autoplay; clipboard-write; encrypted-media; gyroscope; picture-in-picture; web-share\" allowfullscreen><\/iframe><\/p>\n","protected":false},"excerpt":{"rendered":"<p>&#8220;Salud y digitalizaci\u00f3n&#8221;, una an\u00e0lisi per Jos\u00e9 Ram\u00f3n Calvo sobre els canvis experimentats en l&#8217;assist\u00e8ncia sanit\u00e0ria a partir de la crisi del coronavirus, a la inauguraci\u00f3 de la s\u00e8rie de Confer\u00e8ncies Presencials de l&#8217;ACIL<\/p>\n","protected":false},"author":12,"featured_media":0,"comment_status":"closed","ping_status":"closed","sticky":false,"template":"","format":"standard","meta":{"_et_pb_use_builder":"","_et_pb_old_content":"","_et_gb_content_width":"","footnotes":""},"categories":[455,213,354],"tags":[],"class_list":["post-131008","post","type-post","status-publish","format-standard","hentry","category-ciencies-de-la-salut","category-medicina-i-cirurgia","category-tecnologies-de-la-informacio-i-de-la-comunicacio","et-doesnt-have-format-content","et_post_format-et-post-format-standard"],"yoast_head":"<!-- This site is optimized with the Yoast SEO plugin v27.4 - https:\/\/yoast.com\/product\/yoast-seo-wordpress\/ -->\n<title>Salut i digitalitzaci\u00f3 - Reial Acad\u00e8mia Europea de Doctors<\/title>\n<meta name=\"description\" content=\"Una an\u00e0lisi per Jos\u00e9 Ram\u00f3n Calvo sobre els canvis experimentats en l&#039;assist\u00e8ncia sanit\u00e0ria a partir de la crisi del coronavirus\" \/>\n<meta name=\"robots\" content=\"index, follow, max-snippet:-1, max-image-preview:large, max-video-preview:-1\" \/>\n<link rel=\"canonical\" href=\"https:\/\/raed.academy\/ca\/salut-i-digitalitzacio\/\" \/>\n<meta property=\"og:locale\" content=\"ca_ES\" \/>\n<meta property=\"og:type\" content=\"article\" \/>\n<meta property=\"og:title\" content=\"Salut i digitalitzaci\u00f3 - Reial Acad\u00e8mia Europea de Doctors\" \/>\n<meta property=\"og:description\" content=\"Una an\u00e0lisi per Jos\u00e9 Ram\u00f3n Calvo sobre els canvis experimentats en l&#039;assist\u00e8ncia sanit\u00e0ria a partir de la crisi del coronavirus\" \/>\n<meta property=\"og:url\" content=\"https:\/\/raed.academy\/ca\/salut-i-digitalitzacio\/\" \/>\n<meta property=\"og:site_name\" content=\"Reial Acad\u00e8mia Europea de Doctors\" \/>\n<meta property=\"article:publisher\" content=\"http:\/\/fb.me\/raed.academy\" \/>\n<meta property=\"article:published_time\" content=\"2023-03-22T15:47:46+00:00\" \/>\n<meta property=\"article:modified_time\" content=\"2023-03-27T17:22:21+00:00\" \/>\n<meta property=\"og:image\" content=\"https:\/\/raed.academy\/wp-content\/uploads\/2023\/03\/Jose-Ramon-Calvo.webp\" \/>\n\t<meta property=\"og:image:width\" content=\"513\" \/>\n\t<meta property=\"og:image:height\" content=\"360\" \/>\n\t<meta property=\"og:image:type\" content=\"image\/webp\" \/>\n<meta name=\"author\" content=\"RAED\" \/>\n<meta name=\"twitter:card\" content=\"summary_large_image\" \/>\n<meta name=\"twitter:creator\" content=\"@raedacademy\" \/>\n<meta name=\"twitter:site\" content=\"@raedacademy\" \/>\n<meta name=\"twitter:label1\" content=\"Written by\" \/>\n\t<meta name=\"twitter:data1\" content=\"RAED\" \/>\n\t<meta name=\"twitter:label2\" content=\"Est. reading time\" \/>\n\t<meta name=\"twitter:data2\" content=\"3 minutes\" \/>\n<script type=\"application\/ld+json\" class=\"yoast-schema-graph\">{\"@context\":\"https:\\\/\\\/schema.org\",\"@graph\":[{\"@type\":\"Article\",\"@id\":\"https:\\\/\\\/raed.academy\\\/ca\\\/salut-i-digitalitzacio\\\/#article\",\"isPartOf\":{\"@id\":\"https:\\\/\\\/raed.academy\\\/ca\\\/salut-i-digitalitzacio\\\/\"},\"author\":{\"name\":\"RAED\",\"@id\":\"https:\\\/\\\/raed.academy\\\/ca\\\/#\\\/schema\\\/person\\\/5a755da80d1d979fd66ba745c8702927\"},\"headline\":\"Salut i digitalitzaci\u00f3\",\"datePublished\":\"2023-03-22T15:47:46+00:00\",\"dateModified\":\"2023-03-27T17:22:21+00:00\",\"mainEntityOfPage\":{\"@id\":\"https:\\\/\\\/raed.academy\\\/ca\\\/salut-i-digitalitzacio\\\/\"},\"wordCount\":624,\"publisher\":{\"@id\":\"https:\\\/\\\/raed.academy\\\/ca\\\/#organization\"},\"image\":{\"@id\":\"https:\\\/\\\/raed.academy\\\/ca\\\/salut-i-digitalitzacio\\\/#primaryimage\"},\"thumbnailUrl\":\"https:\\\/\\\/raed.academy\\\/wp-content\\\/uploads\\\/2019\\\/06\\\/presentacion-guia-alimentacion-saludable-Jose-Ramon-Calvo.jpg\",\"articleSection\":[\"Ci\u00e8ncies de la salut\",\"Medicina i cirurgia\",\"Tecnologies de la informaci\u00f3 i de la comunicaci\u00f3\"],\"inLanguage\":\"ca-ES\"},{\"@type\":\"WebPage\",\"@id\":\"https:\\\/\\\/raed.academy\\\/ca\\\/salut-i-digitalitzacio\\\/\",\"url\":\"https:\\\/\\\/raed.academy\\\/ca\\\/salut-i-digitalitzacio\\\/\",\"name\":\"Salut i digitalitzaci\u00f3 - Reial Acad\u00e8mia Europea de Doctors\",\"isPartOf\":{\"@id\":\"https:\\\/\\\/raed.academy\\\/ca\\\/#website\"},\"primaryImageOfPage\":{\"@id\":\"https:\\\/\\\/raed.academy\\\/ca\\\/salut-i-digitalitzacio\\\/#primaryimage\"},\"image\":{\"@id\":\"https:\\\/\\\/raed.academy\\\/ca\\\/salut-i-digitalitzacio\\\/#primaryimage\"},\"thumbnailUrl\":\"https:\\\/\\\/raed.academy\\\/wp-content\\\/uploads\\\/2019\\\/06\\\/presentacion-guia-alimentacion-saludable-Jose-Ramon-Calvo.jpg\",\"datePublished\":\"2023-03-22T15:47:46+00:00\",\"dateModified\":\"2023-03-27T17:22:21+00:00\",\"description\":\"Una an\u00e0lisi per Jos\u00e9 Ram\u00f3n Calvo sobre els canvis experimentats en l'assist\u00e8ncia sanit\u00e0ria a partir de la crisi del coronavirus\",\"breadcrumb\":{\"@id\":\"https:\\\/\\\/raed.academy\\\/ca\\\/salut-i-digitalitzacio\\\/#breadcrumb\"},\"inLanguage\":\"ca-ES\",\"potentialAction\":[{\"@type\":\"ReadAction\",\"target\":[\"https:\\\/\\\/raed.academy\\\/ca\\\/salut-i-digitalitzacio\\\/\"]}]},{\"@type\":\"ImageObject\",\"inLanguage\":\"ca-ES\",\"@id\":\"https:\\\/\\\/raed.academy\\\/ca\\\/salut-i-digitalitzacio\\\/#primaryimage\",\"url\":\"https:\\\/\\\/raed.academy\\\/wp-content\\\/uploads\\\/2019\\\/06\\\/presentacion-guia-alimentacion-saludable-Jose-Ramon-Calvo.jpg\",\"contentUrl\":\"https:\\\/\\\/raed.academy\\\/wp-content\\\/uploads\\\/2019\\\/06\\\/presentacion-guia-alimentacion-saludable-Jose-Ramon-Calvo.jpg\"},{\"@type\":\"BreadcrumbList\",\"@id\":\"https:\\\/\\\/raed.academy\\\/ca\\\/salut-i-digitalitzacio\\\/#breadcrumb\",\"itemListElement\":[{\"@type\":\"ListItem\",\"position\":1,\"name\":\"Inicio\",\"item\":\"https:\\\/\\\/raed.academy\\\/ca\\\/\"},{\"@type\":\"ListItem\",\"position\":2,\"name\":\"Salut i digitalitzaci\u00f3\"}]},{\"@type\":\"WebSite\",\"@id\":\"https:\\\/\\\/raed.academy\\\/ca\\\/#website\",\"url\":\"https:\\\/\\\/raed.academy\\\/ca\\\/\",\"name\":\"Reial Acad\u00e8mia Europea de Doctors\",\"description\":\"Corporaci\u00f3n de derecho p\u00fablico de car\u00e1cter cient\u00edfico, t\u00e9cnico y art\u00edstico, que tiene por objeto la investigaci\u00f3n, el estudio, el fomento y la extensi\u00f3n del conocimiento en su sentido m\u00e1s amplio\",\"publisher\":{\"@id\":\"https:\\\/\\\/raed.academy\\\/ca\\\/#organization\"},\"potentialAction\":[{\"@type\":\"SearchAction\",\"target\":{\"@type\":\"EntryPoint\",\"urlTemplate\":\"https:\\\/\\\/raed.academy\\\/ca\\\/?s={search_term_string}\"},\"query-input\":{\"@type\":\"PropertyValueSpecification\",\"valueRequired\":true,\"valueName\":\"search_term_string\"}}],\"inLanguage\":\"ca-ES\"},{\"@type\":\"Organization\",\"@id\":\"https:\\\/\\\/raed.academy\\\/ca\\\/#organization\",\"name\":\"Real Academia Europea de Doctores\",\"url\":\"https:\\\/\\\/raed.academy\\\/ca\\\/\",\"logo\":{\"@type\":\"ImageObject\",\"inLanguage\":\"ca-ES\",\"@id\":\"https:\\\/\\\/raed.academy\\\/ca\\\/#\\\/schema\\\/logo\\\/image\\\/\",\"url\":\"https:\\\/\\\/raed.academy\\\/wp-content\\\/uploads\\\/2017\\\/01\\\/cropped-logo_raed.png\",\"contentUrl\":\"https:\\\/\\\/raed.academy\\\/wp-content\\\/uploads\\\/2017\\\/01\\\/cropped-logo_raed.png\",\"width\":512,\"height\":512,\"caption\":\"Real Academia Europea de Doctores\"},\"image\":{\"@id\":\"https:\\\/\\\/raed.academy\\\/ca\\\/#\\\/schema\\\/logo\\\/image\\\/\"},\"sameAs\":[\"http:\\\/\\\/fb.me\\\/raed.academy\",\"https:\\\/\\\/x.com\\\/raedacademy\",\"https:\\\/\\\/www.instagram.com\\\/raed.academy\\\/\",\"https:\\\/\\\/www.youtube.com\\\/channel\\\/UCUYQwW2KrdirNWihxMDObwg\"]},{\"@type\":\"Person\",\"@id\":\"https:\\\/\\\/raed.academy\\\/ca\\\/#\\\/schema\\\/person\\\/5a755da80d1d979fd66ba745c8702927\",\"name\":\"RAED\",\"image\":{\"@type\":\"ImageObject\",\"inLanguage\":\"ca-ES\",\"@id\":\"https:\\\/\\\/secure.gravatar.com\\\/avatar\\\/19fdfdc0d67fb9c45714b703a2ac82251c4fcea3637f002ac3c9b74c0183583c?s=96&d=mm&r=g\",\"url\":\"https:\\\/\\\/secure.gravatar.com\\\/avatar\\\/19fdfdc0d67fb9c45714b703a2ac82251c4fcea3637f002ac3c9b74c0183583c?s=96&d=mm&r=g\",\"contentUrl\":\"https:\\\/\\\/secure.gravatar.com\\\/avatar\\\/19fdfdc0d67fb9c45714b703a2ac82251c4fcea3637f002ac3c9b74c0183583c?s=96&d=mm&r=g\",\"caption\":\"RAED\"}}]}<\/script>\n<!-- \/ Yoast SEO plugin. -->","yoast_head_json":{"title":"Salut i digitalitzaci\u00f3 - Reial Acad\u00e8mia Europea de Doctors","description":"Una an\u00e0lisi per Jos\u00e9 Ram\u00f3n Calvo sobre els canvis experimentats en l'assist\u00e8ncia sanit\u00e0ria a partir de la crisi del coronavirus","robots":{"index":"index","follow":"follow","max-snippet":"max-snippet:-1","max-image-preview":"max-image-preview:large","max-video-preview":"max-video-preview:-1"},"canonical":"https:\/\/raed.academy\/ca\/salut-i-digitalitzacio\/","og_locale":"ca_ES","og_type":"article","og_title":"Salut i digitalitzaci\u00f3 - Reial Acad\u00e8mia Europea de Doctors","og_description":"Una an\u00e0lisi per Jos\u00e9 Ram\u00f3n Calvo sobre els canvis experimentats en l'assist\u00e8ncia sanit\u00e0ria a partir de la crisi del coronavirus","og_url":"https:\/\/raed.academy\/ca\/salut-i-digitalitzacio\/","og_site_name":"Reial Acad\u00e8mia Europea de Doctors","article_publisher":"http:\/\/fb.me\/raed.academy","article_published_time":"2023-03-22T15:47:46+00:00","article_modified_time":"2023-03-27T17:22:21+00:00","og_image":[{"width":513,"height":360,"url":"https:\/\/raed.academy\/wp-content\/uploads\/2023\/03\/Jose-Ramon-Calvo.webp","type":"image\/webp"}],"author":"RAED","twitter_card":"summary_large_image","twitter_creator":"@raedacademy","twitter_site":"@raedacademy","twitter_misc":{"Written by":"RAED","Est. reading time":"3 minutes"},"schema":{"@context":"https:\/\/schema.org","@graph":[{"@type":"Article","@id":"https:\/\/raed.academy\/ca\/salut-i-digitalitzacio\/#article","isPartOf":{"@id":"https:\/\/raed.academy\/ca\/salut-i-digitalitzacio\/"},"author":{"name":"RAED","@id":"https:\/\/raed.academy\/ca\/#\/schema\/person\/5a755da80d1d979fd66ba745c8702927"},"headline":"Salut i digitalitzaci\u00f3","datePublished":"2023-03-22T15:47:46+00:00","dateModified":"2023-03-27T17:22:21+00:00","mainEntityOfPage":{"@id":"https:\/\/raed.academy\/ca\/salut-i-digitalitzacio\/"},"wordCount":624,"publisher":{"@id":"https:\/\/raed.academy\/ca\/#organization"},"image":{"@id":"https:\/\/raed.academy\/ca\/salut-i-digitalitzacio\/#primaryimage"},"thumbnailUrl":"https:\/\/raed.academy\/wp-content\/uploads\/2019\/06\/presentacion-guia-alimentacion-saludable-Jose-Ramon-Calvo.jpg","articleSection":["Ci\u00e8ncies de la salut","Medicina i cirurgia","Tecnologies de la informaci\u00f3 i de la comunicaci\u00f3"],"inLanguage":"ca-ES"},{"@type":"WebPage","@id":"https:\/\/raed.academy\/ca\/salut-i-digitalitzacio\/","url":"https:\/\/raed.academy\/ca\/salut-i-digitalitzacio\/","name":"Salut i digitalitzaci\u00f3 - Reial Acad\u00e8mia Europea de Doctors","isPartOf":{"@id":"https:\/\/raed.academy\/ca\/#website"},"primaryImageOfPage":{"@id":"https:\/\/raed.academy\/ca\/salut-i-digitalitzacio\/#primaryimage"},"image":{"@id":"https:\/\/raed.academy\/ca\/salut-i-digitalitzacio\/#primaryimage"},"thumbnailUrl":"https:\/\/raed.academy\/wp-content\/uploads\/2019\/06\/presentacion-guia-alimentacion-saludable-Jose-Ramon-Calvo.jpg","datePublished":"2023-03-22T15:47:46+00:00","dateModified":"2023-03-27T17:22:21+00:00","description":"Una an\u00e0lisi per Jos\u00e9 Ram\u00f3n Calvo sobre els canvis experimentats en l'assist\u00e8ncia sanit\u00e0ria a partir de la crisi del coronavirus","breadcrumb":{"@id":"https:\/\/raed.academy\/ca\/salut-i-digitalitzacio\/#breadcrumb"},"inLanguage":"ca-ES","potentialAction":[{"@type":"ReadAction","target":["https:\/\/raed.academy\/ca\/salut-i-digitalitzacio\/"]}]},{"@type":"ImageObject","inLanguage":"ca-ES","@id":"https:\/\/raed.academy\/ca\/salut-i-digitalitzacio\/#primaryimage","url":"https:\/\/raed.academy\/wp-content\/uploads\/2019\/06\/presentacion-guia-alimentacion-saludable-Jose-Ramon-Calvo.jpg","contentUrl":"https:\/\/raed.academy\/wp-content\/uploads\/2019\/06\/presentacion-guia-alimentacion-saludable-Jose-Ramon-Calvo.jpg"},{"@type":"BreadcrumbList","@id":"https:\/\/raed.academy\/ca\/salut-i-digitalitzacio\/#breadcrumb","itemListElement":[{"@type":"ListItem","position":1,"name":"Inicio","item":"https:\/\/raed.academy\/ca\/"},{"@type":"ListItem","position":2,"name":"Salut i digitalitzaci\u00f3"}]},{"@type":"WebSite","@id":"https:\/\/raed.academy\/ca\/#website","url":"https:\/\/raed.academy\/ca\/","name":"Reial Acad\u00e8mia Europea de Doctors","description":"Corporaci\u00f3n de derecho p\u00fablico de car\u00e1cter cient\u00edfico, t\u00e9cnico y art\u00edstico, que tiene por objeto la investigaci\u00f3n, el estudio, el fomento y la extensi\u00f3n del conocimiento en su sentido m\u00e1s amplio","publisher":{"@id":"https:\/\/raed.academy\/ca\/#organization"},"potentialAction":[{"@type":"SearchAction","target":{"@type":"EntryPoint","urlTemplate":"https:\/\/raed.academy\/ca\/?s={search_term_string}"},"query-input":{"@type":"PropertyValueSpecification","valueRequired":true,"valueName":"search_term_string"}}],"inLanguage":"ca-ES"},{"@type":"Organization","@id":"https:\/\/raed.academy\/ca\/#organization","name":"Real Academia Europea de Doctores","url":"https:\/\/raed.academy\/ca\/","logo":{"@type":"ImageObject","inLanguage":"ca-ES","@id":"https:\/\/raed.academy\/ca\/#\/schema\/logo\/image\/","url":"https:\/\/raed.academy\/wp-content\/uploads\/2017\/01\/cropped-logo_raed.png","contentUrl":"https:\/\/raed.academy\/wp-content\/uploads\/2017\/01\/cropped-logo_raed.png","width":512,"height":512,"caption":"Real Academia Europea de Doctores"},"image":{"@id":"https:\/\/raed.academy\/ca\/#\/schema\/logo\/image\/"},"sameAs":["http:\/\/fb.me\/raed.academy","https:\/\/x.com\/raedacademy","https:\/\/www.instagram.com\/raed.academy\/","https:\/\/www.youtube.com\/channel\/UCUYQwW2KrdirNWihxMDObwg"]},{"@type":"Person","@id":"https:\/\/raed.academy\/ca\/#\/schema\/person\/5a755da80d1d979fd66ba745c8702927","name":"RAED","image":{"@type":"ImageObject","inLanguage":"ca-ES","@id":"https:\/\/secure.gravatar.com\/avatar\/19fdfdc0d67fb9c45714b703a2ac82251c4fcea3637f002ac3c9b74c0183583c?s=96&d=mm&r=g","url":"https:\/\/secure.gravatar.com\/avatar\/19fdfdc0d67fb9c45714b703a2ac82251c4fcea3637f002ac3c9b74c0183583c?s=96&d=mm&r=g","contentUrl":"https:\/\/secure.gravatar.com\/avatar\/19fdfdc0d67fb9c45714b703a2ac82251c4fcea3637f002ac3c9b74c0183583c?s=96&d=mm&r=g","caption":"RAED"}}]}},"_links":{"self":[{"href":"https:\/\/raed.academy\/ca\/wp-json\/wp\/v2\/posts\/131008","targetHints":{"allow":["GET"]}}],"collection":[{"href":"https:\/\/raed.academy\/ca\/wp-json\/wp\/v2\/posts"}],"about":[{"href":"https:\/\/raed.academy\/ca\/wp-json\/wp\/v2\/types\/post"}],"author":[{"embeddable":true,"href":"https:\/\/raed.academy\/ca\/wp-json\/wp\/v2\/users\/12"}],"replies":[{"embeddable":true,"href":"https:\/\/raed.academy\/ca\/wp-json\/wp\/v2\/comments?post=131008"}],"version-history":[{"count":0,"href":"https:\/\/raed.academy\/ca\/wp-json\/wp\/v2\/posts\/131008\/revisions"}],"wp:attachment":[{"href":"https:\/\/raed.academy\/ca\/wp-json\/wp\/v2\/media?parent=131008"}],"wp:term":[{"taxonomy":"category","embeddable":true,"href":"https:\/\/raed.academy\/ca\/wp-json\/wp\/v2\/categories?post=131008"},{"taxonomy":"post_tag","embeddable":true,"href":"https:\/\/raed.academy\/ca\/wp-json\/wp\/v2\/tags?post=131008"}],"curies":[{"name":"wp","href":"https:\/\/api.w.org\/{rel}","templated":true}]}}