{"id":130659,"date":"2023-03-16T11:50:00","date_gmt":"2023-03-16T11:50:00","guid":{"rendered":"https:\/\/raed.academy\/?p=130659"},"modified":"2023-03-16T17:24:18","modified_gmt":"2023-03-16T17:24:18","slug":"experts-fiscals-per-a-una-tributacio-mes-justa","status":"publish","type":"post","link":"https:\/\/raed.academy\/ca\/experts-fiscals-per-a-una-tributacio-mes-justa\/","title":{"rendered":"Experts fiscals per a una tributaci\u00f3 m\u00e9s justa"},"content":{"rendered":"<p><img loading=\"lazy\" decoding=\"async\" class=\"size-full wp-image-130587 aligncenter\" src=\"https:\/\/raed.academy\/wp-content\/uploads\/2023\/03\/Fiscalidad-Fomento-Carrusel.webp\" alt=\"\" width=\"1276\" height=\"439\" \/><\/p>\n<p><a href=\"https:\/\/raed.academy\/ca\/academics\/dr-joan-francesc-pont-clemente\/\" target=\"_blank\" rel=\"noopener\"><em><strong>Joan Francesc Pont<\/strong><\/em><\/a>, catedr\u00e0tic de Dret Financer i Tributari de la <strong>Universitat de Barcelona<\/strong>, acad\u00e8mic de n\u00famero i membre de la <strong>Junta de Govern<\/strong> de la <strong>Reial Acad\u00e8mia Europea de Doctors-Barcelona 1914<\/strong> (RAED); <a href=\"https:\/\/raed.academy\/ca\/academics\/dr-joan-francesc-corona-ramon\/\" target=\"_blank\" rel=\"noopener\"><em><strong>Joan Francesc Corona<\/strong><\/em><\/a>, director general de l&#8217;<strong>Institut de l&#8217;Empresa Familiar<\/strong> i acad\u00e8mic numerari de la RAED, i\u00a0<a href=\"https:\/\/raed.academy\/ca\/academics\/dr-antoni-duran-sindreu-buxade\/\" target=\"_blank\" rel=\"noopener\"><em><strong>Antonio Dur\u00e1n-Sindreu<\/strong><\/em><\/a>, director del <strong>M\u00e0ster en Fiscalitat<\/strong> de la <strong>Barcelona School of Management<\/strong> de la <strong>Universitat Pompeu Fabra<\/strong> i tamb\u00e9 acad\u00e8mic numerari de la RAED, formen part del grup d&#8217;experts tributaris elegits per la patronal catalana <strong>Foment del Treball <\/strong>que es va constituir formalment el 7 de mar\u00e7 passat per analitzar i elevar propostes pr\u00f2pies al comit\u00e8 d&#8217;experts creat pel <strong>Ministeri d&#8217;Hisenda<\/strong>, que t\u00e9 com a objectiu analitzar el sistema fiscal per millorar-ne l&#8217;efici\u00e8ncia, garantir els recursos p\u00fablics i adaptar-lo als reptes del segle XXI i elaborar el <strong>Llibre Blanc sobre la Reforma Tribut\u00e0ria<\/strong>.<\/p>\n<p>El grup explorar\u00e0 f\u00f3rmules per aconseguir una harmonitzaci\u00f3 impositiva dels impostos de patrimoni, successions i donacions i una reforma de societats a tot l&#8217;Estat, tot i que amb una incid\u00e8ncia especial a Catalunya. Tot i que la regulaci\u00f3 d&#8217;aquests tributs \u00e9s estatal, la seva aplicaci\u00f3 \u00e9s compet\u00e8ncia de les comunitats aut\u00f2nomes. S&#8217;articular\u00e0 en quatre \u00e0mbits d&#8217;actuaci\u00f3 per, en primer terme, fer una an\u00e0lisi de la fiscalitat general a Catalunya, quin esfor\u00e7 es fa i quin impacte t\u00e9. Un segon \u00e0mbit tractar\u00e0 de definir la relaci\u00f3 entre l&#8217;<strong>Ag\u00e8ncia Tribut\u00e0ria<\/strong> i els contribuents per millorar-ne el funcionament i com facilitar la defensa dels drets contribuents. Amb l&#8217;an\u00e0lisi vindr\u00e0 una proposta de mesures per cooperaci\u00f3 entre el contribuent i l&#8217;administraci\u00f3 per generar menys litigis. En tercer lloc, abordar\u00e0 els impostos cedits a Catalunya i tamb\u00e9 els mateixos cedits, com \u00e9s el cas dels impostos de tipus mediambientals i les taxes i preus p\u00fablics, com ara el c\u00e0non de l&#8217;aigua. Per acabar, estudiar\u00e0 la relaci\u00f3 entre la despesa p\u00fablica i els ingressos propis, idees de millor per ser m\u00e9s eficient.<\/p>\n<p>Durant la presentaci\u00f3 d&#8217;aquest grup d&#8217;experts, el president de Foment del Treball i acad\u00e8mic d&#8217;honor electe de la RAED, <strong>Josep S\u00e1nchez Llibre<\/strong>, es va referir a la desigualtat fiscal que pateixen els ciutadans i els empresaris catalans. &#8220;Considerem que els catalans, les fam\u00edlies i les empreses, paguem molts m\u00e9s impostos que la resta de territoris espanyols. Les fam\u00edlies i les empreses catalanes patim un exc\u00e9s de pressi\u00f3 fiscal i paguem molts m\u00e9s impostos que la resta de ciutadans de l&#8217;Estat i l&#8217;exc\u00e9s d&#8217;impostos propis de la <strong>Generalitat<\/strong> no ajuda a la competitivitat catalana, com es demostra amb impostos que nom\u00e9s existeix aqu\u00ed&#8221;, va assenyalar.<\/p>\n<p>Per la seva banda, la vicepresidenta de Foment del Treball, <strong>Virginia Guinda<\/strong>, va incidir que la patronal va decidir ara fa uns mesos crear aquest grup per combatre l&#8217;excessiva c\u00e0rrega fiscal que pateixen empreses i particulars. &#8220;Volem ser m\u00e9s competitius i contribuir a incrementar la generaci\u00f3 de riquesa i a refor\u00e7ar la cohesi\u00f3 social&#8221;. En aquest sentit, el conseller de la <strong>Presid\u00e8ncia<\/strong> de Foment, <strong>Manuel Silva<\/strong>, va indicar que l&#8217;objectiu que tenim \u00e9s fer an\u00e0lisis i una proposta sobre fiscalitat, sobre els impostos propis que afecten persones i empreses i va avisar que el debat fiscal no \u00e9s un joc de suma zero, demanant rigor a la discussi\u00f3 d&#8217;aquesta tem\u00e0tica.<\/p>\n<p><iframe loading=\"lazy\" title=\"Foment constitueix el seu Grup d\u2019experts tributaris sobre la fiscalitat de Catalunya\" width=\"1080\" height=\"608\" src=\"https:\/\/www.youtube.com\/embed\/0itxbV5LNHU?feature=oembed\" frameborder=\"0\" allow=\"accelerometer; autoplay; clipboard-write; encrypted-media; gyroscope; picture-in-picture; web-share\" allowfullscreen><\/iframe><\/p>\n","protected":false},"excerpt":{"rendered":"<p>Joan Francesc Pont, Joan Francesc Corona i Antonio Dur\u00e1n-Sindreu, formen part del grup d&#8217;experts tributaris elegits per Foment del Treball Nacional per analitzar i elevar propostes pr\u00f2pies al comit\u00e8 d&#8217;experts creat pel Ministeri d&#8217;Hisenda<\/p>\n","protected":false},"author":12,"featured_media":130585,"comment_status":"closed","ping_status":"closed","sticky":false,"template":"","format":"standard","meta":{"_et_pb_use_builder":"","_et_pb_old_content":"","_et_gb_content_width":"","footnotes":""},"categories":[176,350,304],"tags":[],"class_list":["post-130659","post","type-post","status-publish","format-standard","has-post-thumbnail","hentry","category-academics-a-la-societat","category-ciencies-politiques","category-economia-i-politica-ca","et-has-post-format-content","et_post_format-et-post-format-standard"],"yoast_head":"<!-- This site is optimized with the Yoast SEO plugin v27.4 - https:\/\/yoast.com\/product\/yoast-seo-wordpress\/ -->\n<title>Experts fiscals per a una tributaci\u00f3 m\u00e9s justa - Reial Acad\u00e8mia Europea de Doctors<\/title>\n<meta name=\"description\" content=\"Joan F. Pont, Joan F. Corona i Antonio Dur\u00e1n-Sindreu, part del grup d&#039;experts tributaris dedicat a millorar l&#039;efici\u00e8ncia del sistema fiscal\" \/>\n<meta name=\"robots\" content=\"index, follow, max-snippet:-1, max-image-preview:large, max-video-preview:-1\" \/>\n<link rel=\"canonical\" href=\"https:\/\/raed.academy\/ca\/experts-fiscals-per-a-una-tributacio-mes-justa\/\" \/>\n<meta property=\"og:locale\" content=\"ca_ES\" \/>\n<meta property=\"og:type\" content=\"article\" \/>\n<meta property=\"og:title\" content=\"Experts fiscals per a una tributaci\u00f3 m\u00e9s justa - Reial Acad\u00e8mia Europea de Doctors\" \/>\n<meta property=\"og:description\" content=\"Joan F. Pont, Joan F. Corona i Antonio Dur\u00e1n-Sindreu, part del grup d&#039;experts tributaris dedicat a millorar l&#039;efici\u00e8ncia del sistema fiscal\" \/>\n<meta property=\"og:url\" content=\"https:\/\/raed.academy\/ca\/experts-fiscals-per-a-una-tributacio-mes-justa\/\" \/>\n<meta property=\"og:site_name\" content=\"Reial Acad\u00e8mia Europea de Doctors\" \/>\n<meta property=\"article:publisher\" content=\"http:\/\/fb.me\/raed.academy\" \/>\n<meta property=\"article:published_time\" content=\"2023-03-16T11:50:00+00:00\" \/>\n<meta property=\"article:modified_time\" content=\"2023-03-16T17:24:18+00:00\" \/>\n<meta property=\"og:image\" content=\"https:\/\/raed.academy\/wp-content\/uploads\/2023\/03\/Fiscalidad-Fomento.webp\" \/>\n\t<meta property=\"og:image:width\" content=\"600\" \/>\n\t<meta property=\"og:image:height\" content=\"360\" \/>\n\t<meta property=\"og:image:type\" content=\"image\/webp\" \/>\n<meta name=\"author\" content=\"RAED\" \/>\n<meta name=\"twitter:card\" content=\"summary_large_image\" \/>\n<meta name=\"twitter:creator\" content=\"@raedacademy\" \/>\n<meta name=\"twitter:site\" content=\"@raedacademy\" \/>\n<meta name=\"twitter:label1\" content=\"Written by\" \/>\n\t<meta name=\"twitter:data1\" content=\"RAED\" \/>\n\t<meta name=\"twitter:label2\" content=\"Est. reading time\" \/>\n\t<meta name=\"twitter:data2\" content=\"3 minutes\" \/>\n<script type=\"application\/ld+json\" class=\"yoast-schema-graph\">{\"@context\":\"https:\\\/\\\/schema.org\",\"@graph\":[{\"@type\":\"Article\",\"@id\":\"https:\\\/\\\/raed.academy\\\/ca\\\/experts-fiscals-per-a-una-tributacio-mes-justa\\\/#article\",\"isPartOf\":{\"@id\":\"https:\\\/\\\/raed.academy\\\/ca\\\/experts-fiscals-per-a-una-tributacio-mes-justa\\\/\"},\"author\":{\"name\":\"RAED\",\"@id\":\"https:\\\/\\\/raed.academy\\\/ca\\\/#\\\/schema\\\/person\\\/5a755da80d1d979fd66ba745c8702927\"},\"headline\":\"Experts fiscals per a una tributaci\u00f3 m\u00e9s justa\",\"datePublished\":\"2023-03-16T11:50:00+00:00\",\"dateModified\":\"2023-03-16T17:24:18+00:00\",\"mainEntityOfPage\":{\"@id\":\"https:\\\/\\\/raed.academy\\\/ca\\\/experts-fiscals-per-a-una-tributacio-mes-justa\\\/\"},\"wordCount\":610,\"publisher\":{\"@id\":\"https:\\\/\\\/raed.academy\\\/ca\\\/#organization\"},\"image\":{\"@id\":\"https:\\\/\\\/raed.academy\\\/ca\\\/experts-fiscals-per-a-una-tributacio-mes-justa\\\/#primaryimage\"},\"thumbnailUrl\":\"https:\\\/\\\/raed.academy\\\/wp-content\\\/uploads\\\/2023\\\/03\\\/Fiscalidad-Fomento.webp\",\"articleSection\":[\"Acad\u00e8mics a la societat\",\"Ci\u00e8ncies pol\u00edtiques\",\"Economia i pol\u00edtica\"],\"inLanguage\":\"ca-ES\"},{\"@type\":\"WebPage\",\"@id\":\"https:\\\/\\\/raed.academy\\\/ca\\\/experts-fiscals-per-a-una-tributacio-mes-justa\\\/\",\"url\":\"https:\\\/\\\/raed.academy\\\/ca\\\/experts-fiscals-per-a-una-tributacio-mes-justa\\\/\",\"name\":\"Experts fiscals per a una tributaci\u00f3 m\u00e9s justa - Reial Acad\u00e8mia Europea de Doctors\",\"isPartOf\":{\"@id\":\"https:\\\/\\\/raed.academy\\\/ca\\\/#website\"},\"primaryImageOfPage\":{\"@id\":\"https:\\\/\\\/raed.academy\\\/ca\\\/experts-fiscals-per-a-una-tributacio-mes-justa\\\/#primaryimage\"},\"image\":{\"@id\":\"https:\\\/\\\/raed.academy\\\/ca\\\/experts-fiscals-per-a-una-tributacio-mes-justa\\\/#primaryimage\"},\"thumbnailUrl\":\"https:\\\/\\\/raed.academy\\\/wp-content\\\/uploads\\\/2023\\\/03\\\/Fiscalidad-Fomento.webp\",\"datePublished\":\"2023-03-16T11:50:00+00:00\",\"dateModified\":\"2023-03-16T17:24:18+00:00\",\"description\":\"Joan F. Pont, Joan F. Corona i Antonio Dur\u00e1n-Sindreu, part del grup d'experts tributaris dedicat a millorar l'efici\u00e8ncia del sistema fiscal\",\"breadcrumb\":{\"@id\":\"https:\\\/\\\/raed.academy\\\/ca\\\/experts-fiscals-per-a-una-tributacio-mes-justa\\\/#breadcrumb\"},\"inLanguage\":\"ca-ES\",\"potentialAction\":[{\"@type\":\"ReadAction\",\"target\":[\"https:\\\/\\\/raed.academy\\\/ca\\\/experts-fiscals-per-a-una-tributacio-mes-justa\\\/\"]}]},{\"@type\":\"ImageObject\",\"inLanguage\":\"ca-ES\",\"@id\":\"https:\\\/\\\/raed.academy\\\/ca\\\/experts-fiscals-per-a-una-tributacio-mes-justa\\\/#primaryimage\",\"url\":\"https:\\\/\\\/raed.academy\\\/wp-content\\\/uploads\\\/2023\\\/03\\\/Fiscalidad-Fomento.webp\",\"contentUrl\":\"https:\\\/\\\/raed.academy\\\/wp-content\\\/uploads\\\/2023\\\/03\\\/Fiscalidad-Fomento.webp\",\"width\":600,\"height\":360},{\"@type\":\"BreadcrumbList\",\"@id\":\"https:\\\/\\\/raed.academy\\\/ca\\\/experts-fiscals-per-a-una-tributacio-mes-justa\\\/#breadcrumb\",\"itemListElement\":[{\"@type\":\"ListItem\",\"position\":1,\"name\":\"Inicio\",\"item\":\"https:\\\/\\\/raed.academy\\\/ca\\\/\"},{\"@type\":\"ListItem\",\"position\":2,\"name\":\"Experts fiscals per a una tributaci\u00f3 m\u00e9s justa\"}]},{\"@type\":\"WebSite\",\"@id\":\"https:\\\/\\\/raed.academy\\\/ca\\\/#website\",\"url\":\"https:\\\/\\\/raed.academy\\\/ca\\\/\",\"name\":\"Reial Acad\u00e8mia Europea de Doctors\",\"description\":\"Corporaci\u00f3n de derecho p\u00fablico de car\u00e1cter cient\u00edfico, t\u00e9cnico y art\u00edstico, que tiene por objeto la investigaci\u00f3n, el estudio, el fomento y la extensi\u00f3n del conocimiento en su sentido m\u00e1s amplio\",\"publisher\":{\"@id\":\"https:\\\/\\\/raed.academy\\\/ca\\\/#organization\"},\"potentialAction\":[{\"@type\":\"SearchAction\",\"target\":{\"@type\":\"EntryPoint\",\"urlTemplate\":\"https:\\\/\\\/raed.academy\\\/ca\\\/?s={search_term_string}\"},\"query-input\":{\"@type\":\"PropertyValueSpecification\",\"valueRequired\":true,\"valueName\":\"search_term_string\"}}],\"inLanguage\":\"ca-ES\"},{\"@type\":\"Organization\",\"@id\":\"https:\\\/\\\/raed.academy\\\/ca\\\/#organization\",\"name\":\"Real Academia Europea de Doctores\",\"url\":\"https:\\\/\\\/raed.academy\\\/ca\\\/\",\"logo\":{\"@type\":\"ImageObject\",\"inLanguage\":\"ca-ES\",\"@id\":\"https:\\\/\\\/raed.academy\\\/ca\\\/#\\\/schema\\\/logo\\\/image\\\/\",\"url\":\"https:\\\/\\\/raed.academy\\\/wp-content\\\/uploads\\\/2017\\\/01\\\/cropped-logo_raed.png\",\"contentUrl\":\"https:\\\/\\\/raed.academy\\\/wp-content\\\/uploads\\\/2017\\\/01\\\/cropped-logo_raed.png\",\"width\":512,\"height\":512,\"caption\":\"Real Academia Europea de Doctores\"},\"image\":{\"@id\":\"https:\\\/\\\/raed.academy\\\/ca\\\/#\\\/schema\\\/logo\\\/image\\\/\"},\"sameAs\":[\"http:\\\/\\\/fb.me\\\/raed.academy\",\"https:\\\/\\\/x.com\\\/raedacademy\",\"https:\\\/\\\/www.instagram.com\\\/raed.academy\\\/\",\"https:\\\/\\\/www.youtube.com\\\/channel\\\/UCUYQwW2KrdirNWihxMDObwg\"]},{\"@type\":\"Person\",\"@id\":\"https:\\\/\\\/raed.academy\\\/ca\\\/#\\\/schema\\\/person\\\/5a755da80d1d979fd66ba745c8702927\",\"name\":\"RAED\",\"image\":{\"@type\":\"ImageObject\",\"inLanguage\":\"ca-ES\",\"@id\":\"https:\\\/\\\/secure.gravatar.com\\\/avatar\\\/19fdfdc0d67fb9c45714b703a2ac82251c4fcea3637f002ac3c9b74c0183583c?s=96&d=mm&r=g\",\"url\":\"https:\\\/\\\/secure.gravatar.com\\\/avatar\\\/19fdfdc0d67fb9c45714b703a2ac82251c4fcea3637f002ac3c9b74c0183583c?s=96&d=mm&r=g\",\"contentUrl\":\"https:\\\/\\\/secure.gravatar.com\\\/avatar\\\/19fdfdc0d67fb9c45714b703a2ac82251c4fcea3637f002ac3c9b74c0183583c?s=96&d=mm&r=g\",\"caption\":\"RAED\"}}]}<\/script>\n<!-- \/ Yoast SEO plugin. -->","yoast_head_json":{"title":"Experts fiscals per a una tributaci\u00f3 m\u00e9s justa - Reial Acad\u00e8mia Europea de Doctors","description":"Joan F. Pont, Joan F. Corona i Antonio Dur\u00e1n-Sindreu, part del grup d'experts tributaris dedicat a millorar l'efici\u00e8ncia del sistema fiscal","robots":{"index":"index","follow":"follow","max-snippet":"max-snippet:-1","max-image-preview":"max-image-preview:large","max-video-preview":"max-video-preview:-1"},"canonical":"https:\/\/raed.academy\/ca\/experts-fiscals-per-a-una-tributacio-mes-justa\/","og_locale":"ca_ES","og_type":"article","og_title":"Experts fiscals per a una tributaci\u00f3 m\u00e9s justa - Reial Acad\u00e8mia Europea de Doctors","og_description":"Joan F. Pont, Joan F. Corona i Antonio Dur\u00e1n-Sindreu, part del grup d'experts tributaris dedicat a millorar l'efici\u00e8ncia del sistema fiscal","og_url":"https:\/\/raed.academy\/ca\/experts-fiscals-per-a-una-tributacio-mes-justa\/","og_site_name":"Reial Acad\u00e8mia Europea de Doctors","article_publisher":"http:\/\/fb.me\/raed.academy","article_published_time":"2023-03-16T11:50:00+00:00","article_modified_time":"2023-03-16T17:24:18+00:00","og_image":[{"width":600,"height":360,"url":"https:\/\/raed.academy\/wp-content\/uploads\/2023\/03\/Fiscalidad-Fomento.webp","type":"image\/webp"}],"author":"RAED","twitter_card":"summary_large_image","twitter_creator":"@raedacademy","twitter_site":"@raedacademy","twitter_misc":{"Written by":"RAED","Est. reading time":"3 minutes"},"schema":{"@context":"https:\/\/schema.org","@graph":[{"@type":"Article","@id":"https:\/\/raed.academy\/ca\/experts-fiscals-per-a-una-tributacio-mes-justa\/#article","isPartOf":{"@id":"https:\/\/raed.academy\/ca\/experts-fiscals-per-a-una-tributacio-mes-justa\/"},"author":{"name":"RAED","@id":"https:\/\/raed.academy\/ca\/#\/schema\/person\/5a755da80d1d979fd66ba745c8702927"},"headline":"Experts fiscals per a una tributaci\u00f3 m\u00e9s justa","datePublished":"2023-03-16T11:50:00+00:00","dateModified":"2023-03-16T17:24:18+00:00","mainEntityOfPage":{"@id":"https:\/\/raed.academy\/ca\/experts-fiscals-per-a-una-tributacio-mes-justa\/"},"wordCount":610,"publisher":{"@id":"https:\/\/raed.academy\/ca\/#organization"},"image":{"@id":"https:\/\/raed.academy\/ca\/experts-fiscals-per-a-una-tributacio-mes-justa\/#primaryimage"},"thumbnailUrl":"https:\/\/raed.academy\/wp-content\/uploads\/2023\/03\/Fiscalidad-Fomento.webp","articleSection":["Acad\u00e8mics a la societat","Ci\u00e8ncies pol\u00edtiques","Economia i pol\u00edtica"],"inLanguage":"ca-ES"},{"@type":"WebPage","@id":"https:\/\/raed.academy\/ca\/experts-fiscals-per-a-una-tributacio-mes-justa\/","url":"https:\/\/raed.academy\/ca\/experts-fiscals-per-a-una-tributacio-mes-justa\/","name":"Experts fiscals per a una tributaci\u00f3 m\u00e9s justa - Reial Acad\u00e8mia Europea de Doctors","isPartOf":{"@id":"https:\/\/raed.academy\/ca\/#website"},"primaryImageOfPage":{"@id":"https:\/\/raed.academy\/ca\/experts-fiscals-per-a-una-tributacio-mes-justa\/#primaryimage"},"image":{"@id":"https:\/\/raed.academy\/ca\/experts-fiscals-per-a-una-tributacio-mes-justa\/#primaryimage"},"thumbnailUrl":"https:\/\/raed.academy\/wp-content\/uploads\/2023\/03\/Fiscalidad-Fomento.webp","datePublished":"2023-03-16T11:50:00+00:00","dateModified":"2023-03-16T17:24:18+00:00","description":"Joan F. Pont, Joan F. Corona i Antonio Dur\u00e1n-Sindreu, part del grup d'experts tributaris dedicat a millorar l'efici\u00e8ncia del sistema fiscal","breadcrumb":{"@id":"https:\/\/raed.academy\/ca\/experts-fiscals-per-a-una-tributacio-mes-justa\/#breadcrumb"},"inLanguage":"ca-ES","potentialAction":[{"@type":"ReadAction","target":["https:\/\/raed.academy\/ca\/experts-fiscals-per-a-una-tributacio-mes-justa\/"]}]},{"@type":"ImageObject","inLanguage":"ca-ES","@id":"https:\/\/raed.academy\/ca\/experts-fiscals-per-a-una-tributacio-mes-justa\/#primaryimage","url":"https:\/\/raed.academy\/wp-content\/uploads\/2023\/03\/Fiscalidad-Fomento.webp","contentUrl":"https:\/\/raed.academy\/wp-content\/uploads\/2023\/03\/Fiscalidad-Fomento.webp","width":600,"height":360},{"@type":"BreadcrumbList","@id":"https:\/\/raed.academy\/ca\/experts-fiscals-per-a-una-tributacio-mes-justa\/#breadcrumb","itemListElement":[{"@type":"ListItem","position":1,"name":"Inicio","item":"https:\/\/raed.academy\/ca\/"},{"@type":"ListItem","position":2,"name":"Experts fiscals per a una tributaci\u00f3 m\u00e9s justa"}]},{"@type":"WebSite","@id":"https:\/\/raed.academy\/ca\/#website","url":"https:\/\/raed.academy\/ca\/","name":"Reial Acad\u00e8mia Europea de Doctors","description":"Corporaci\u00f3n de derecho p\u00fablico de car\u00e1cter cient\u00edfico, t\u00e9cnico y art\u00edstico, que tiene por objeto la investigaci\u00f3n, el estudio, el fomento y la extensi\u00f3n del conocimiento en su sentido m\u00e1s amplio","publisher":{"@id":"https:\/\/raed.academy\/ca\/#organization"},"potentialAction":[{"@type":"SearchAction","target":{"@type":"EntryPoint","urlTemplate":"https:\/\/raed.academy\/ca\/?s={search_term_string}"},"query-input":{"@type":"PropertyValueSpecification","valueRequired":true,"valueName":"search_term_string"}}],"inLanguage":"ca-ES"},{"@type":"Organization","@id":"https:\/\/raed.academy\/ca\/#organization","name":"Real Academia Europea de Doctores","url":"https:\/\/raed.academy\/ca\/","logo":{"@type":"ImageObject","inLanguage":"ca-ES","@id":"https:\/\/raed.academy\/ca\/#\/schema\/logo\/image\/","url":"https:\/\/raed.academy\/wp-content\/uploads\/2017\/01\/cropped-logo_raed.png","contentUrl":"https:\/\/raed.academy\/wp-content\/uploads\/2017\/01\/cropped-logo_raed.png","width":512,"height":512,"caption":"Real Academia Europea de Doctores"},"image":{"@id":"https:\/\/raed.academy\/ca\/#\/schema\/logo\/image\/"},"sameAs":["http:\/\/fb.me\/raed.academy","https:\/\/x.com\/raedacademy","https:\/\/www.instagram.com\/raed.academy\/","https:\/\/www.youtube.com\/channel\/UCUYQwW2KrdirNWihxMDObwg"]},{"@type":"Person","@id":"https:\/\/raed.academy\/ca\/#\/schema\/person\/5a755da80d1d979fd66ba745c8702927","name":"RAED","image":{"@type":"ImageObject","inLanguage":"ca-ES","@id":"https:\/\/secure.gravatar.com\/avatar\/19fdfdc0d67fb9c45714b703a2ac82251c4fcea3637f002ac3c9b74c0183583c?s=96&d=mm&r=g","url":"https:\/\/secure.gravatar.com\/avatar\/19fdfdc0d67fb9c45714b703a2ac82251c4fcea3637f002ac3c9b74c0183583c?s=96&d=mm&r=g","contentUrl":"https:\/\/secure.gravatar.com\/avatar\/19fdfdc0d67fb9c45714b703a2ac82251c4fcea3637f002ac3c9b74c0183583c?s=96&d=mm&r=g","caption":"RAED"}}]}},"_links":{"self":[{"href":"https:\/\/raed.academy\/ca\/wp-json\/wp\/v2\/posts\/130659","targetHints":{"allow":["GET"]}}],"collection":[{"href":"https:\/\/raed.academy\/ca\/wp-json\/wp\/v2\/posts"}],"about":[{"href":"https:\/\/raed.academy\/ca\/wp-json\/wp\/v2\/types\/post"}],"author":[{"embeddable":true,"href":"https:\/\/raed.academy\/ca\/wp-json\/wp\/v2\/users\/12"}],"replies":[{"embeddable":true,"href":"https:\/\/raed.academy\/ca\/wp-json\/wp\/v2\/comments?post=130659"}],"version-history":[{"count":0,"href":"https:\/\/raed.academy\/ca\/wp-json\/wp\/v2\/posts\/130659\/revisions"}],"wp:featuredmedia":[{"embeddable":true,"href":"https:\/\/raed.academy\/ca\/wp-json\/wp\/v2\/media\/130585"}],"wp:attachment":[{"href":"https:\/\/raed.academy\/ca\/wp-json\/wp\/v2\/media?parent=130659"}],"wp:term":[{"taxonomy":"category","embeddable":true,"href":"https:\/\/raed.academy\/ca\/wp-json\/wp\/v2\/categories?post=130659"},{"taxonomy":"post_tag","embeddable":true,"href":"https:\/\/raed.academy\/ca\/wp-json\/wp\/v2\/tags?post=130659"}],"curies":[{"name":"wp","href":"https:\/\/api.w.org\/{rel}","templated":true}]}}